{"id":227385,"date":"2023-06-02T20:06:03","date_gmt":"2023-06-02T23:06:03","guid":{"rendered":"https:\/\/diariotextual.com\/inicio\/?p=227385"},"modified":"2023-06-03T07:45:13","modified_gmt":"2023-06-03T10:45:13","slug":"coirco-aprobo-que-buenos-aires-construya-un-dique-en-el-rio-colorado","status":"publish","type":"post","link":"https:\/\/diariotextual.com\/inicio\/index.php\/2023\/06\/02\/coirco-aprobo-que-buenos-aires-construya-un-dique-en-el-rio-colorado\/","title":{"rendered":"COIRCO aprob\u00f3 que Buenos Aires construya un dique en el r\u00edo Colorado"},"content":{"rendered":"\n<p class=\"wp-block-paragraph\">La m\u00e1xima autoridad institucional de COIRCO, <strong>el Consejo de Gobierno, aprob\u00f3 por unanimidad el cambio de tipolog\u00eda del dique Paso Alsina, una obra fundamental para el manejo de caudales en el \u00faltimo tramo del Colorado, que beneficia al \u00e1rea de riego de la provincia de Buenos Aires <\/strong>y a la cuenca en general.<\/p>\n\n\n\n<p class=\"wp-block-paragraph\"><strong>Paso Alsina ser\u00e1 la segunda presa en construirse en la cuenca, luego de Casa de Piedra<\/strong> en nuestra provincia, inaugurada en 1993.<\/p>\n\n\n\n<p class=\"wp-block-paragraph\">Por el estatuto del COIRCO, los cinco gobernadores de las provincias que conforman la cuenca y el Ministro del Interior conforman el Consejo de Gobierno, se reunieron el martes 30 de mayo \u00faltimo.<\/p>\n\n\n\n<p class=\"wp-block-paragraph\">Entre otros temas, decidieron <strong>la ejecuci\u00f3n de esta obra que demandar\u00e1 una inversi\u00f3n estimada de 200 millones de d\u00f3lares. El dique estar\u00e1 emplazado completamente en territorio bonaerense, sobre el l\u00edmite de nuestra provincia y R\u00edo Negro.<\/strong><\/p>\n\n\n\n<p class=\"wp-block-paragraph\"><strong>Paso Alsina permitir\u00e1 aprovechar el agua de las lluvias de 40 mil\u00edmetros o m\u00e1s en el sur de Buenos Aires, regulando el escurrimiento del r\u00edo Colorado<\/strong>, dejando que la zona productiva aproveche el aporte pluvial y, de ese modo, el caudal del r\u00edo quedar\u00e1 almacenado en parte en el nuevo dique y, en parte, en Casa de Piedra, inform\u00f3 el COIRCO.<\/p>\n\n\n\n<p class=\"wp-block-paragraph\">\u201cActualmente, la demora de respuesta de cada modificaci\u00f3n de caudal entre Casa de Piedra y el valle bonaerense del Colorado es de una semana. Durante ese tiempo el agua sigue escurriendo si no es retenida en el dique que ahora ser\u00e1 construido, agregando de esta manera aportes a la regulaci\u00f3n de la cuenca baja. <strong>El agua ahorrada se mantendr\u00e1 disponible en Casa de Piedra para otros usos<\/strong>\u201d, se detall\u00f3 desde el organismo de cuenca.<\/p>\n\n\n\n<p class=\"wp-block-paragraph\">\u201cPara la provincia de Buenos Aires es la primera obra de envergadura que se embarca en la lucha contra el cambio clim\u00e1tico\u201d, dijo el subsecretario de Recursos H\u00eddricos, Guillermo Jelinski a La Pol\u00edtica Online. \u201cEs muy importante que consolida un cambio de paradigma que venimos implementando. <strong>Hab\u00eda sido proyectada en los 70 y nunca se hizo. (El gobernador Alex) Kicillof la pidi\u00f3 apenas lleg\u00f3 al gobierno<\/strong>\u201d, agreg\u00f3.<\/p>\n\n\n\n<p class=\"wp-block-paragraph\">La administraci\u00f3n bonaerense explic\u00f3 que <strong>tras el aval de aprobaci\u00f3n seguir\u00e1 la gesti\u00f3n de los informes de impacto ambiental y estudios econ\u00f3micos.<\/strong> \u201cSin embargo, con luz verde por parte de las provincias que conforman la cuenca, se puede comenzar la negociaci\u00f3n con organismos internacionales por el millonario financiamiento\u201d, afirm\u00f3.<\/p>\n\n\n\n<p class=\"wp-block-paragraph\">El \u00e1rea del dique <strong>abarcar\u00e1 Mayor Buratovich, Pedro Luro y Villalonga<\/strong>. Se cultiva cereales, pasturas y hortalizas, con unas 200.000 hect\u00e1reas sembradas, de las cuales, la mitad est\u00e1n irrigadas. En la zona, adem\u00e1s, hay unas 300.000 cabezas de ganado.<\/p>\n","protected":false},"excerpt":{"rendered":"<p>La m\u00e1xima autoridad institucional de COIRCO, el Consejo de Gobierno, aprob\u00f3 por unanimidad el cambio de tipolog\u00eda del dique Paso Alsina, una obra fundamental para el manejo de caudales en&hellip;<\/p>\n","protected":false},"author":5,"featured_media":227387,"comment_status":"closed","ping_status":"open","sticky":false,"template":"","format":"standard","meta":{"_acf_changed":false,"footnotes":""},"categories":[1,12],"tags":[56,7555,834],"class_list":["post-227385","post","type-post","status-publish","format-standard","has-post-thumbnail","hentry","category-es-noticia","category-sociedad","tag-casa-de-piedra","tag-paso-alsina","tag-rio-colorado"],"acf":[],"yoast_head":"<!-- This site is optimized with the Yoast SEO plugin v28.4 - https:\/\/yoast.com\/product\/yoast-seo-wordpress\/ -->\n<title>COIRCO aprob\u00f3 que Buenos Aires construya un dique en el r\u00edo Colorado - Diario Textual<\/title>\n<meta name=\"robots\" content=\"index, follow, max-snippet:-1, max-image-preview:large, max-video-preview:-1\" \/>\n<link rel=\"canonical\" href=\"https:\/\/diariotextual.com\/inicio\/index.php\/2023\/06\/02\/coirco-aprobo-que-buenos-aires-construya-un-dique-en-el-rio-colorado\/\" \/>\n<meta property=\"og:locale\" content=\"es_ES\" \/>\n<meta property=\"og:type\" content=\"article\" \/>\n<meta property=\"og:title\" content=\"COIRCO aprob\u00f3 que Buenos Aires construya un dique en el r\u00edo Colorado - Diario Textual\" \/>\n<meta property=\"og:description\" content=\"La m\u00e1xima autoridad institucional de COIRCO, el Consejo de Gobierno, aprob\u00f3 por unanimidad el cambio de tipolog\u00eda del dique Paso Alsina, una obra fundamental para el manejo de caudales en&hellip;\" \/>\n<meta property=\"og:url\" content=\"https:\/\/diariotextual.com\/inicio\/index.php\/2023\/06\/02\/coirco-aprobo-que-buenos-aires-construya-un-dique-en-el-rio-colorado\/\" \/>\n<meta property=\"og:site_name\" content=\"Diario Textual\" \/>\n<meta property=\"article:publisher\" content=\"https:\/\/www.facebook.com\/eltextual\" \/>\n<meta property=\"article:published_time\" content=\"2023-06-02T23:06:03+00:00\" \/>\n<meta property=\"article:modified_time\" content=\"2023-06-03T10:45:13+00:00\" \/>\n<meta property=\"og:image\" content=\"https:\/\/diariotextual.com\/inicio\/wp-content\/uploads\/2023\/06\/pasoalsinadique.png\" \/>\n\t<meta property=\"og:image:width\" content=\"900\" \/>\n\t<meta property=\"og:image:height\" content=\"520\" \/>\n\t<meta property=\"og:image:type\" content=\"image\/png\" \/>\n<meta name=\"author\" content=\"diario3\" \/>\n<meta name=\"twitter:card\" content=\"summary_large_image\" \/>\n<meta name=\"twitter:creator\" content=\"@eltextual\" \/>\n<meta name=\"twitter:site\" content=\"@eltextual\" \/>\n<meta name=\"twitter:label1\" content=\"Escrito por\" \/>\n\t<meta name=\"twitter:data1\" content=\"diario3\" \/>\n\t<meta name=\"twitter:label2\" content=\"Tiempo de lectura\" \/>\n\t<meta name=\"twitter:data2\" content=\"2 minutos\" \/>\n<script type=\"application\/ld+json\" class=\"yoast-schema-graph\">{\"@context\":\"https:\\\/\\\/schema.org\",\"@graph\":[{\"@type\":\"Article\",\"@id\":\"https:\\\/\\\/diariotextual.com\\\/inicio\\\/index.php\\\/2023\\\/06\\\/02\\\/coirco-aprobo-que-buenos-aires-construya-un-dique-en-el-rio-colorado\\\/#article\",\"isPartOf\":{\"@id\":\"https:\\\/\\\/diariotextual.com\\\/inicio\\\/index.php\\\/2023\\\/06\\\/02\\\/coirco-aprobo-que-buenos-aires-construya-un-dique-en-el-rio-colorado\\\/\"},\"author\":{\"name\":\"diario3\",\"@id\":\"https:\\\/\\\/diariotextual.com\\\/inicio\\\/#\\\/schema\\\/person\\\/a1b6f563e0ee944c60f98119389a4d9f\"},\"headline\":\"COIRCO aprob\u00f3 que Buenos Aires construya un dique en el r\u00edo Colorado\",\"datePublished\":\"2023-06-02T23:06:03+00:00\",\"dateModified\":\"2023-06-03T10:45:13+00:00\",\"mainEntityOfPage\":{\"@id\":\"https:\\\/\\\/diariotextual.com\\\/inicio\\\/index.php\\\/2023\\\/06\\\/02\\\/coirco-aprobo-que-buenos-aires-construya-un-dique-en-el-rio-colorado\\\/\"},\"wordCount\":465,\"publisher\":{\"@id\":\"https:\\\/\\\/diariotextual.com\\\/inicio\\\/#organization\"},\"image\":{\"@id\":\"https:\\\/\\\/diariotextual.com\\\/inicio\\\/index.php\\\/2023\\\/06\\\/02\\\/coirco-aprobo-que-buenos-aires-construya-un-dique-en-el-rio-colorado\\\/#primaryimage\"},\"thumbnailUrl\":\"https:\\\/\\\/diariotextual.com\\\/inicio\\\/wp-content\\\/uploads\\\/2023\\\/06\\\/pasoalsinadique.png\",\"keywords\":[\"casa de piedra\",\"paso alsina\",\"rio colorado\"],\"articleSection\":[\"A - ES NOTICIA (van abajo)\",\"SOCIEDAD\"],\"inLanguage\":\"es\"},{\"@type\":\"WebPage\",\"@id\":\"https:\\\/\\\/diariotextual.com\\\/inicio\\\/index.php\\\/2023\\\/06\\\/02\\\/coirco-aprobo-que-buenos-aires-construya-un-dique-en-el-rio-colorado\\\/\",\"url\":\"https:\\\/\\\/diariotextual.com\\\/inicio\\\/index.php\\\/2023\\\/06\\\/02\\\/coirco-aprobo-que-buenos-aires-construya-un-dique-en-el-rio-colorado\\\/\",\"name\":\"COIRCO aprob\u00f3 que Buenos Aires construya un dique en el r\u00edo Colorado - Diario Textual\",\"isPartOf\":{\"@id\":\"https:\\\/\\\/diariotextual.com\\\/inicio\\\/#website\"},\"primaryImageOfPage\":{\"@id\":\"https:\\\/\\\/diariotextual.com\\\/inicio\\\/index.php\\\/2023\\\/06\\\/02\\\/coirco-aprobo-que-buenos-aires-construya-un-dique-en-el-rio-colorado\\\/#primaryimage\"},\"image\":{\"@id\":\"https:\\\/\\\/diariotextual.com\\\/inicio\\\/index.php\\\/2023\\\/06\\\/02\\\/coirco-aprobo-que-buenos-aires-construya-un-dique-en-el-rio-colorado\\\/#primaryimage\"},\"thumbnailUrl\":\"https:\\\/\\\/diariotextual.com\\\/inicio\\\/wp-content\\\/uploads\\\/2023\\\/06\\\/pasoalsinadique.png\",\"datePublished\":\"2023-06-02T23:06:03+00:00\",\"dateModified\":\"2023-06-03T10:45:13+00:00\",\"breadcrumb\":{\"@id\":\"https:\\\/\\\/diariotextual.com\\\/inicio\\\/index.php\\\/2023\\\/06\\\/02\\\/coirco-aprobo-que-buenos-aires-construya-un-dique-en-el-rio-colorado\\\/#breadcrumb\"},\"inLanguage\":\"es\",\"potentialAction\":[{\"@type\":\"ReadAction\",\"target\":[\"https:\\\/\\\/diariotextual.com\\\/inicio\\\/index.php\\\/2023\\\/06\\\/02\\\/coirco-aprobo-que-buenos-aires-construya-un-dique-en-el-rio-colorado\\\/\"]}]},{\"@type\":\"ImageObject\",\"inLanguage\":\"es\",\"@id\":\"https:\\\/\\\/diariotextual.com\\\/inicio\\\/index.php\\\/2023\\\/06\\\/02\\\/coirco-aprobo-que-buenos-aires-construya-un-dique-en-el-rio-colorado\\\/#primaryimage\",\"url\":\"https:\\\/\\\/diariotextual.com\\\/inicio\\\/wp-content\\\/uploads\\\/2023\\\/06\\\/pasoalsinadique.png\",\"contentUrl\":\"https:\\\/\\\/diariotextual.com\\\/inicio\\\/wp-content\\\/uploads\\\/2023\\\/06\\\/pasoalsinadique.png\",\"width\":900,\"height\":520},{\"@type\":\"BreadcrumbList\",\"@id\":\"https:\\\/\\\/diariotextual.com\\\/inicio\\\/index.php\\\/2023\\\/06\\\/02\\\/coirco-aprobo-que-buenos-aires-construya-un-dique-en-el-rio-colorado\\\/#breadcrumb\",\"itemListElement\":[{\"@type\":\"ListItem\",\"position\":1,\"name\":\"Portada\",\"item\":\"https:\\\/\\\/diariotextual.com\\\/inicio\\\/\"},{\"@type\":\"ListItem\",\"position\":2,\"name\":\"COIRCO aprob\u00f3 que Buenos Aires construya un dique en el r\u00edo Colorado\"}]},{\"@type\":\"WebSite\",\"@id\":\"https:\\\/\\\/diariotextual.com\\\/inicio\\\/#website\",\"url\":\"https:\\\/\\\/diariotextual.com\\\/inicio\\\/\",\"name\":\"Diario Textual\",\"description\":\"\",\"publisher\":{\"@id\":\"https:\\\/\\\/diariotextual.com\\\/inicio\\\/#organization\"},\"potentialAction\":[{\"@type\":\"SearchAction\",\"target\":{\"@type\":\"EntryPoint\",\"urlTemplate\":\"https:\\\/\\\/diariotextual.com\\\/inicio\\\/?s={search_term_string}\"},\"query-input\":{\"@type\":\"PropertyValueSpecification\",\"valueRequired\":true,\"valueName\":\"search_term_string\"}}],\"inLanguage\":\"es\"},{\"@type\":\"Organization\",\"@id\":\"https:\\\/\\\/diariotextual.com\\\/inicio\\\/#organization\",\"name\":\"Diario Textual\",\"url\":\"https:\\\/\\\/diariotextual.com\\\/inicio\\\/\",\"logo\":{\"@type\":\"ImageObject\",\"inLanguage\":\"es\",\"@id\":\"https:\\\/\\\/diariotextual.com\\\/inicio\\\/#\\\/schema\\\/logo\\\/image\\\/\",\"url\":\"https:\\\/\\\/diariotextual.com\\\/inicio\\\/wp-content\\\/uploads\\\/2023\\\/05\\\/logotextual1.jpg\",\"contentUrl\":\"https:\\\/\\\/diariotextual.com\\\/inicio\\\/wp-content\\\/uploads\\\/2023\\\/05\\\/logotextual1.jpg\",\"width\":516,\"height\":76,\"caption\":\"Diario Textual\"},\"image\":{\"@id\":\"https:\\\/\\\/diariotextual.com\\\/inicio\\\/#\\\/schema\\\/logo\\\/image\\\/\"},\"sameAs\":[\"https:\\\/\\\/www.facebook.com\\\/eltextual\",\"https:\\\/\\\/x.com\\\/eltextual\",\"http:\\\/\\\/www.instagram.com\\\/eltextual\"]},{\"@type\":\"Person\",\"@id\":\"https:\\\/\\\/diariotextual.com\\\/inicio\\\/#\\\/schema\\\/person\\\/a1b6f563e0ee944c60f98119389a4d9f\",\"name\":\"diario3\",\"image\":{\"@type\":\"ImageObject\",\"inLanguage\":\"es\",\"@id\":\"https:\\\/\\\/secure.gravatar.com\\\/avatar\\\/5e7ee62c82fc04d9dd79d746a390d93c69c43223e5faeeb3ea9461ef752bfc5d?s=96&d=mm&r=g\",\"url\":\"https:\\\/\\\/secure.gravatar.com\\\/avatar\\\/5e7ee62c82fc04d9dd79d746a390d93c69c43223e5faeeb3ea9461ef752bfc5d?s=96&d=mm&r=g\",\"contentUrl\":\"https:\\\/\\\/secure.gravatar.com\\\/avatar\\\/5e7ee62c82fc04d9dd79d746a390d93c69c43223e5faeeb3ea9461ef752bfc5d?s=96&d=mm&r=g\",\"caption\":\"diario3\"},\"url\":\"https:\\\/\\\/diariotextual.com\\\/inicio\\\/index.php\\\/author\\\/diario3\\\/\"}]}<\/script>\n<!-- \/ Yoast SEO plugin. -->","yoast_head_json":{"title":"COIRCO aprob\u00f3 que Buenos Aires construya un dique en el r\u00edo Colorado - Diario Textual","robots":{"index":"index","follow":"follow","max-snippet":"max-snippet:-1","max-image-preview":"max-image-preview:large","max-video-preview":"max-video-preview:-1"},"canonical":"https:\/\/diariotextual.com\/inicio\/index.php\/2023\/06\/02\/coirco-aprobo-que-buenos-aires-construya-un-dique-en-el-rio-colorado\/","og_locale":"es_ES","og_type":"article","og_title":"COIRCO aprob\u00f3 que Buenos Aires construya un dique en el r\u00edo Colorado - Diario Textual","og_description":"La m\u00e1xima autoridad institucional de COIRCO, el Consejo de Gobierno, aprob\u00f3 por unanimidad el cambio de tipolog\u00eda del dique Paso Alsina, una obra fundamental para el manejo de caudales en&hellip;","og_url":"https:\/\/diariotextual.com\/inicio\/index.php\/2023\/06\/02\/coirco-aprobo-que-buenos-aires-construya-un-dique-en-el-rio-colorado\/","og_site_name":"Diario Textual","article_publisher":"https:\/\/www.facebook.com\/eltextual","article_published_time":"2023-06-02T23:06:03+00:00","article_modified_time":"2023-06-03T10:45:13+00:00","og_image":[{"width":900,"height":520,"url":"https:\/\/diariotextual.com\/inicio\/wp-content\/uploads\/2023\/06\/pasoalsinadique.png","type":"image\/png"}],"author":"diario3","twitter_card":"summary_large_image","twitter_creator":"@eltextual","twitter_site":"@eltextual","twitter_misc":{"Escrito por":"diario3","Tiempo de lectura":"2 minutos"},"schema":{"@context":"https:\/\/schema.org","@graph":[{"@type":"Article","@id":"https:\/\/diariotextual.com\/inicio\/index.php\/2023\/06\/02\/coirco-aprobo-que-buenos-aires-construya-un-dique-en-el-rio-colorado\/#article","isPartOf":{"@id":"https:\/\/diariotextual.com\/inicio\/index.php\/2023\/06\/02\/coirco-aprobo-que-buenos-aires-construya-un-dique-en-el-rio-colorado\/"},"author":{"name":"diario3","@id":"https:\/\/diariotextual.com\/inicio\/#\/schema\/person\/a1b6f563e0ee944c60f98119389a4d9f"},"headline":"COIRCO aprob\u00f3 que Buenos Aires construya un dique en el r\u00edo Colorado","datePublished":"2023-06-02T23:06:03+00:00","dateModified":"2023-06-03T10:45:13+00:00","mainEntityOfPage":{"@id":"https:\/\/diariotextual.com\/inicio\/index.php\/2023\/06\/02\/coirco-aprobo-que-buenos-aires-construya-un-dique-en-el-rio-colorado\/"},"wordCount":465,"publisher":{"@id":"https:\/\/diariotextual.com\/inicio\/#organization"},"image":{"@id":"https:\/\/diariotextual.com\/inicio\/index.php\/2023\/06\/02\/coirco-aprobo-que-buenos-aires-construya-un-dique-en-el-rio-colorado\/#primaryimage"},"thumbnailUrl":"https:\/\/diariotextual.com\/inicio\/wp-content\/uploads\/2023\/06\/pasoalsinadique.png","keywords":["casa de piedra","paso alsina","rio colorado"],"articleSection":["A - ES NOTICIA (van abajo)","SOCIEDAD"],"inLanguage":"es"},{"@type":"WebPage","@id":"https:\/\/diariotextual.com\/inicio\/index.php\/2023\/06\/02\/coirco-aprobo-que-buenos-aires-construya-un-dique-en-el-rio-colorado\/","url":"https:\/\/diariotextual.com\/inicio\/index.php\/2023\/06\/02\/coirco-aprobo-que-buenos-aires-construya-un-dique-en-el-rio-colorado\/","name":"COIRCO aprob\u00f3 que Buenos Aires construya un dique en el r\u00edo Colorado - Diario Textual","isPartOf":{"@id":"https:\/\/diariotextual.com\/inicio\/#website"},"primaryImageOfPage":{"@id":"https:\/\/diariotextual.com\/inicio\/index.php\/2023\/06\/02\/coirco-aprobo-que-buenos-aires-construya-un-dique-en-el-rio-colorado\/#primaryimage"},"image":{"@id":"https:\/\/diariotextual.com\/inicio\/index.php\/2023\/06\/02\/coirco-aprobo-que-buenos-aires-construya-un-dique-en-el-rio-colorado\/#primaryimage"},"thumbnailUrl":"https:\/\/diariotextual.com\/inicio\/wp-content\/uploads\/2023\/06\/pasoalsinadique.png","datePublished":"2023-06-02T23:06:03+00:00","dateModified":"2023-06-03T10:45:13+00:00","breadcrumb":{"@id":"https:\/\/diariotextual.com\/inicio\/index.php\/2023\/06\/02\/coirco-aprobo-que-buenos-aires-construya-un-dique-en-el-rio-colorado\/#breadcrumb"},"inLanguage":"es","potentialAction":[{"@type":"ReadAction","target":["https:\/\/diariotextual.com\/inicio\/index.php\/2023\/06\/02\/coirco-aprobo-que-buenos-aires-construya-un-dique-en-el-rio-colorado\/"]}]},{"@type":"ImageObject","inLanguage":"es","@id":"https:\/\/diariotextual.com\/inicio\/index.php\/2023\/06\/02\/coirco-aprobo-que-buenos-aires-construya-un-dique-en-el-rio-colorado\/#primaryimage","url":"https:\/\/diariotextual.com\/inicio\/wp-content\/uploads\/2023\/06\/pasoalsinadique.png","contentUrl":"https:\/\/diariotextual.com\/inicio\/wp-content\/uploads\/2023\/06\/pasoalsinadique.png","width":900,"height":520},{"@type":"BreadcrumbList","@id":"https:\/\/diariotextual.com\/inicio\/index.php\/2023\/06\/02\/coirco-aprobo-que-buenos-aires-construya-un-dique-en-el-rio-colorado\/#breadcrumb","itemListElement":[{"@type":"ListItem","position":1,"name":"Portada","item":"https:\/\/diariotextual.com\/inicio\/"},{"@type":"ListItem","position":2,"name":"COIRCO aprob\u00f3 que Buenos Aires construya un dique en el r\u00edo Colorado"}]},{"@type":"WebSite","@id":"https:\/\/diariotextual.com\/inicio\/#website","url":"https:\/\/diariotextual.com\/inicio\/","name":"Diario Textual","description":"","publisher":{"@id":"https:\/\/diariotextual.com\/inicio\/#organization"},"potentialAction":[{"@type":"SearchAction","target":{"@type":"EntryPoint","urlTemplate":"https:\/\/diariotextual.com\/inicio\/?s={search_term_string}"},"query-input":{"@type":"PropertyValueSpecification","valueRequired":true,"valueName":"search_term_string"}}],"inLanguage":"es"},{"@type":"Organization","@id":"https:\/\/diariotextual.com\/inicio\/#organization","name":"Diario Textual","url":"https:\/\/diariotextual.com\/inicio\/","logo":{"@type":"ImageObject","inLanguage":"es","@id":"https:\/\/diariotextual.com\/inicio\/#\/schema\/logo\/image\/","url":"https:\/\/diariotextual.com\/inicio\/wp-content\/uploads\/2023\/05\/logotextual1.jpg","contentUrl":"https:\/\/diariotextual.com\/inicio\/wp-content\/uploads\/2023\/05\/logotextual1.jpg","width":516,"height":76,"caption":"Diario Textual"},"image":{"@id":"https:\/\/diariotextual.com\/inicio\/#\/schema\/logo\/image\/"},"sameAs":["https:\/\/www.facebook.com\/eltextual","https:\/\/x.com\/eltextual","http:\/\/www.instagram.com\/eltextual"]},{"@type":"Person","@id":"https:\/\/diariotextual.com\/inicio\/#\/schema\/person\/a1b6f563e0ee944c60f98119389a4d9f","name":"diario3","image":{"@type":"ImageObject","inLanguage":"es","@id":"https:\/\/secure.gravatar.com\/avatar\/5e7ee62c82fc04d9dd79d746a390d93c69c43223e5faeeb3ea9461ef752bfc5d?s=96&d=mm&r=g","url":"https:\/\/secure.gravatar.com\/avatar\/5e7ee62c82fc04d9dd79d746a390d93c69c43223e5faeeb3ea9461ef752bfc5d?s=96&d=mm&r=g","contentUrl":"https:\/\/secure.gravatar.com\/avatar\/5e7ee62c82fc04d9dd79d746a390d93c69c43223e5faeeb3ea9461ef752bfc5d?s=96&d=mm&r=g","caption":"diario3"},"url":"https:\/\/diariotextual.com\/inicio\/index.php\/author\/diario3\/"}]}},"_links":{"self":[{"href":"https:\/\/diariotextual.com\/inicio\/index.php\/wp-json\/wp\/v2\/posts\/227385","targetHints":{"allow":["GET"]}}],"collection":[{"href":"https:\/\/diariotextual.com\/inicio\/index.php\/wp-json\/wp\/v2\/posts"}],"about":[{"href":"https:\/\/diariotextual.com\/inicio\/index.php\/wp-json\/wp\/v2\/types\/post"}],"author":[{"embeddable":true,"href":"https:\/\/diariotextual.com\/inicio\/index.php\/wp-json\/wp\/v2\/users\/5"}],"replies":[{"embeddable":true,"href":"https:\/\/diariotextual.com\/inicio\/index.php\/wp-json\/wp\/v2\/comments?post=227385"}],"version-history":[{"count":1,"href":"https:\/\/diariotextual.com\/inicio\/index.php\/wp-json\/wp\/v2\/posts\/227385\/revisions"}],"predecessor-version":[{"id":227386,"href":"https:\/\/diariotextual.com\/inicio\/index.php\/wp-json\/wp\/v2\/posts\/227385\/revisions\/227386"}],"wp:featuredmedia":[{"embeddable":true,"href":"https:\/\/diariotextual.com\/inicio\/index.php\/wp-json\/wp\/v2\/media\/227387"}],"wp:attachment":[{"href":"https:\/\/diariotextual.com\/inicio\/index.php\/wp-json\/wp\/v2\/media?parent=227385"}],"wp:term":[{"taxonomy":"category","embeddable":true,"href":"https:\/\/diariotextual.com\/inicio\/index.php\/wp-json\/wp\/v2\/categories?post=227385"},{"taxonomy":"post_tag","embeddable":true,"href":"https:\/\/diariotextual.com\/inicio\/index.php\/wp-json\/wp\/v2\/tags?post=227385"}],"curies":[{"name":"wp","href":"https:\/\/api.w.org\/{rel}","templated":true}]}}