{"id":227397,"date":"2023-06-02T21:30:45","date_gmt":"2023-06-03T00:30:45","guid":{"rendered":"https:\/\/diariotextual.com\/inicio\/?p=227397"},"modified":"2023-06-03T00:23:09","modified_gmt":"2023-06-03T03:23:09","slug":"oficial-villa-no-volvera-a-jugar-en-boca-al-ser-condenado-por-violencia-de-genero","status":"publish","type":"post","link":"https:\/\/diariotextual.com\/inicio\/index.php\/2023\/06\/02\/oficial-villa-no-volvera-a-jugar-en-boca-al-ser-condenado-por-violencia-de-genero\/","title":{"rendered":"Oficial: Villa no volver\u00e1 a jugar en Boca al ser condenado por violencia de g\u00e9nero"},"content":{"rendered":"\n<p>Luego de la condena a dos a\u00f1os y un mes de c\u00e1rcel (de ejecuci\u00f3n condicional) por los delitos de lesiones leves y amenazas contra su ex pareja,\u00a0<strong>Daniela Cort\u00e9s<\/strong>,\u00a0<strong>Sebasti\u00e1n Villa\u00a0<\/strong>no volver\u00e1 a vestir la camiseta de Boca Juniors. As\u00ed lo decidi\u00f3 el club luego de una jornada de reuniones que terminaron con la comunicaci\u00f3n, mediante un escrito, que informa que el colombiano ser\u00e1 separado del plantel profesional, pero no se le rescindir\u00e1 el contrato.<\/p>\n\n\n\n<p>El delantero de 27 a\u00f1os form\u00f3 parte del equipo titular que Jorge Almir\u00f3n par\u00f3 en cancha el jueves ante Arsenal en Sarand\u00ed (derrota 1-0 por la Fecha 19 de la Liga Profesional) y, ahora que se conoci\u00f3 la sentencia en primera instancia, desde el club tomaron la determinaci\u00f3n de no volver a utilizarlo. Aunque, el deportista s\u00ed podr\u00e1 seguir entren\u00e1ndose en el predio, ya que\u00a0<strong>Boca no quiere incurrir en una falta contra el derecho laboral.<\/strong><\/p>\n\n\n\n<p>\u201cConsecuentemente con ello, en esta instancia, ante la sentencia condenatoria no firme reca\u00edda respecto del jugador de la entidad, Sebasti\u00e1n Villa, el CABJ comunica que, a partir de la fecha, el nombrado no participar\u00e1 de las convocatorias de las competencias que deba afrontar el primer equipo profesional de f\u00fatbol masculino del Club hasta tanto recaiga pronunciamiento judicial definitivo y sin perjuicio de las medidas que en consecuencia se adopten, las que ser\u00e1n comunicadas oportunamente de as\u00ed ser necesario\u201d, se\u00f1ala el escrito.<\/p>\n\n\n\n<figure class=\"wp-block-embed is-type-wp-embed is-provider-diario-textual wp-block-embed-diario-textual\"><div class=\"wp-block-embed__wrapper\">\n<blockquote class=\"wp-embedded-content\" data-secret=\"G2btSGWcLi\"><a href=\"https:\/\/diariotextual.com\/inicio\/index.php\/2023\/06\/02\/el-futbolista-sebastian-villa-fue-condenado-por-violencia-de-genero\/\">El futbolista Sebasti\u00e1n Villa fue condenado por violencia de g\u00e9nero<\/a><\/blockquote><iframe class=\"wp-embedded-content\" sandbox=\"allow-scripts\" security=\"restricted\" style=\"position: absolute; clip: rect(1px, 1px, 1px, 1px);\" title=\"\u00abEl futbolista Sebasti\u00e1n Villa fue condenado por violencia de g\u00e9nero\u00bb \u2014 Diario Textual\" src=\"https:\/\/diariotextual.com\/inicio\/index.php\/2023\/06\/02\/el-futbolista-sebastian-villa-fue-condenado-por-violencia-de-genero\/embed\/#?secret=0ovzD0JwFs#?secret=G2btSGWcLi\" data-secret=\"G2btSGWcLi\" width=\"600\" height=\"338\" frameborder=\"0\" marginwidth=\"0\" marginheight=\"0\" scrolling=\"no\"><\/iframe>\n<\/div><\/figure>\n\n\n\n<p>La Justicia determin\u00f3 una serie de requisitos a cumplir por el colombiano de 27 a\u00f1os hallado culpable de violencia de g\u00e9nero: 1) fijar residencia y someterse al cuidado de un patronato en forma bimestral; 2) abstenerse de mantener cualquier tipo de contacto con la damnificada y su grupo familiar; 3) abstenerse de usar estupefacientes y abuso de bebidas alcoh\u00f3licas; y 4) asistencia de un tratamiento psicosocial.<\/p>\n\n\n\n<p><\/p>\n","protected":false},"excerpt":{"rendered":"<p>Luego de la condena a dos a\u00f1os y un mes de c\u00e1rcel (de ejecuci\u00f3n condicional) por los delitos de lesiones leves y amenazas contra su ex pareja,\u00a0Daniela Cort\u00e9s,\u00a0Sebasti\u00e1n Villa\u00a0no volver\u00e1&hellip;<\/p>\n","protected":false},"author":3,"featured_media":191819,"comment_status":"closed","ping_status":"open","sticky":false,"template":"","format":"standard","meta":{"_acf_changed":false,"footnotes":""},"categories":[1,3],"tags":[],"class_list":["post-227397","post","type-post","status-publish","format-standard","has-post-thumbnail","hentry","category-es-noticia","category-deportes"],"acf":[],"yoast_head":"<!-- This site is optimized with the Yoast SEO plugin v27.5 - https:\/\/yoast.com\/product\/yoast-seo-wordpress\/ -->\n<title>Oficial: Villa no volver\u00e1 a jugar en Boca al ser condenado por violencia de g\u00e9nero - Diario Textual<\/title>\n<meta name=\"robots\" content=\"index, follow, max-snippet:-1, max-image-preview:large, max-video-preview:-1\" \/>\n<link rel=\"canonical\" href=\"https:\/\/diariotextual.com\/inicio\/index.php\/2023\/06\/02\/oficial-villa-no-volvera-a-jugar-en-boca-al-ser-condenado-por-violencia-de-genero\/\" \/>\n<meta property=\"og:locale\" content=\"es_ES\" \/>\n<meta property=\"og:type\" content=\"article\" \/>\n<meta property=\"og:title\" content=\"Oficial: Villa no volver\u00e1 a jugar en Boca al ser condenado por violencia de g\u00e9nero - Diario Textual\" \/>\n<meta property=\"og:description\" content=\"Luego de la condena a dos a\u00f1os y un mes de c\u00e1rcel (de ejecuci\u00f3n condicional) por los delitos de lesiones leves y amenazas contra su ex pareja,\u00a0Daniela Cort\u00e9s,\u00a0Sebasti\u00e1n Villa\u00a0no volver\u00e1&hellip;\" \/>\n<meta property=\"og:url\" content=\"https:\/\/diariotextual.com\/inicio\/index.php\/2023\/06\/02\/oficial-villa-no-volvera-a-jugar-en-boca-al-ser-condenado-por-violencia-de-genero\/\" \/>\n<meta property=\"og:site_name\" content=\"Diario Textual\" \/>\n<meta property=\"article:publisher\" content=\"https:\/\/www.facebook.com\/eltextual\" \/>\n<meta property=\"article:published_time\" content=\"2023-06-03T00:30:45+00:00\" \/>\n<meta property=\"article:modified_time\" content=\"2023-06-03T03:23:09+00:00\" \/>\n<meta property=\"og:image\" content=\"https:\/\/diariotextual.com\/inicio\/wp-content\/uploads\/2022\/06\/villasebastian2022.jpg\" \/>\n\t<meta property=\"og:image:width\" content=\"700\" \/>\n\t<meta property=\"og:image:height\" content=\"394\" \/>\n\t<meta property=\"og:image:type\" content=\"image\/jpeg\" \/>\n<meta name=\"author\" content=\"Diario1 Diario1\" \/>\n<meta name=\"twitter:card\" content=\"summary_large_image\" \/>\n<meta name=\"twitter:creator\" content=\"@eltextual\" \/>\n<meta name=\"twitter:site\" content=\"@eltextual\" \/>\n<meta name=\"twitter:label1\" content=\"Escrito por\" \/>\n\t<meta name=\"twitter:data1\" content=\"Diario1 Diario1\" \/>\n\t<meta name=\"twitter:label2\" content=\"Tiempo de lectura\" \/>\n\t<meta name=\"twitter:data2\" content=\"2 minutos\" \/>\n<script type=\"application\/ld+json\" class=\"yoast-schema-graph\">{\"@context\":\"https:\\\/\\\/schema.org\",\"@graph\":[{\"@type\":\"Article\",\"@id\":\"https:\\\/\\\/diariotextual.com\\\/inicio\\\/index.php\\\/2023\\\/06\\\/02\\\/oficial-villa-no-volvera-a-jugar-en-boca-al-ser-condenado-por-violencia-de-genero\\\/#article\",\"isPartOf\":{\"@id\":\"https:\\\/\\\/diariotextual.com\\\/inicio\\\/index.php\\\/2023\\\/06\\\/02\\\/oficial-villa-no-volvera-a-jugar-en-boca-al-ser-condenado-por-violencia-de-genero\\\/\"},\"author\":{\"name\":\"Diario1 Diario1\",\"@id\":\"https:\\\/\\\/diariotextual.com\\\/inicio\\\/#\\\/schema\\\/person\\\/418fc4093c33e86ed41562db3508f958\"},\"headline\":\"Oficial: Villa no volver\u00e1 a jugar en Boca al ser condenado por violencia de g\u00e9nero\",\"datePublished\":\"2023-06-03T00:30:45+00:00\",\"dateModified\":\"2023-06-03T03:23:09+00:00\",\"mainEntityOfPage\":{\"@id\":\"https:\\\/\\\/diariotextual.com\\\/inicio\\\/index.php\\\/2023\\\/06\\\/02\\\/oficial-villa-no-volvera-a-jugar-en-boca-al-ser-condenado-por-violencia-de-genero\\\/\"},\"wordCount\":333,\"publisher\":{\"@id\":\"https:\\\/\\\/diariotextual.com\\\/inicio\\\/#organization\"},\"image\":{\"@id\":\"https:\\\/\\\/diariotextual.com\\\/inicio\\\/index.php\\\/2023\\\/06\\\/02\\\/oficial-villa-no-volvera-a-jugar-en-boca-al-ser-condenado-por-violencia-de-genero\\\/#primaryimage\"},\"thumbnailUrl\":\"https:\\\/\\\/diariotextual.com\\\/inicio\\\/wp-content\\\/uploads\\\/2022\\\/06\\\/villasebastian2022.jpg\",\"articleSection\":[\"A - ES NOTICIA (van abajo)\",\"DEPORTES\"],\"inLanguage\":\"es\"},{\"@type\":\"WebPage\",\"@id\":\"https:\\\/\\\/diariotextual.com\\\/inicio\\\/index.php\\\/2023\\\/06\\\/02\\\/oficial-villa-no-volvera-a-jugar-en-boca-al-ser-condenado-por-violencia-de-genero\\\/\",\"url\":\"https:\\\/\\\/diariotextual.com\\\/inicio\\\/index.php\\\/2023\\\/06\\\/02\\\/oficial-villa-no-volvera-a-jugar-en-boca-al-ser-condenado-por-violencia-de-genero\\\/\",\"name\":\"Oficial: Villa no volver\u00e1 a jugar en Boca al ser condenado por violencia de g\u00e9nero - Diario Textual\",\"isPartOf\":{\"@id\":\"https:\\\/\\\/diariotextual.com\\\/inicio\\\/#website\"},\"primaryImageOfPage\":{\"@id\":\"https:\\\/\\\/diariotextual.com\\\/inicio\\\/index.php\\\/2023\\\/06\\\/02\\\/oficial-villa-no-volvera-a-jugar-en-boca-al-ser-condenado-por-violencia-de-genero\\\/#primaryimage\"},\"image\":{\"@id\":\"https:\\\/\\\/diariotextual.com\\\/inicio\\\/index.php\\\/2023\\\/06\\\/02\\\/oficial-villa-no-volvera-a-jugar-en-boca-al-ser-condenado-por-violencia-de-genero\\\/#primaryimage\"},\"thumbnailUrl\":\"https:\\\/\\\/diariotextual.com\\\/inicio\\\/wp-content\\\/uploads\\\/2022\\\/06\\\/villasebastian2022.jpg\",\"datePublished\":\"2023-06-03T00:30:45+00:00\",\"dateModified\":\"2023-06-03T03:23:09+00:00\",\"breadcrumb\":{\"@id\":\"https:\\\/\\\/diariotextual.com\\\/inicio\\\/index.php\\\/2023\\\/06\\\/02\\\/oficial-villa-no-volvera-a-jugar-en-boca-al-ser-condenado-por-violencia-de-genero\\\/#breadcrumb\"},\"inLanguage\":\"es\",\"potentialAction\":[{\"@type\":\"ReadAction\",\"target\":[\"https:\\\/\\\/diariotextual.com\\\/inicio\\\/index.php\\\/2023\\\/06\\\/02\\\/oficial-villa-no-volvera-a-jugar-en-boca-al-ser-condenado-por-violencia-de-genero\\\/\"]}]},{\"@type\":\"ImageObject\",\"inLanguage\":\"es\",\"@id\":\"https:\\\/\\\/diariotextual.com\\\/inicio\\\/index.php\\\/2023\\\/06\\\/02\\\/oficial-villa-no-volvera-a-jugar-en-boca-al-ser-condenado-por-violencia-de-genero\\\/#primaryimage\",\"url\":\"https:\\\/\\\/diariotextual.com\\\/inicio\\\/wp-content\\\/uploads\\\/2022\\\/06\\\/villasebastian2022.jpg\",\"contentUrl\":\"https:\\\/\\\/diariotextual.com\\\/inicio\\\/wp-content\\\/uploads\\\/2022\\\/06\\\/villasebastian2022.jpg\",\"width\":700,\"height\":394},{\"@type\":\"BreadcrumbList\",\"@id\":\"https:\\\/\\\/diariotextual.com\\\/inicio\\\/index.php\\\/2023\\\/06\\\/02\\\/oficial-villa-no-volvera-a-jugar-en-boca-al-ser-condenado-por-violencia-de-genero\\\/#breadcrumb\",\"itemListElement\":[{\"@type\":\"ListItem\",\"position\":1,\"name\":\"Portada\",\"item\":\"https:\\\/\\\/diariotextual.com\\\/inicio\\\/\"},{\"@type\":\"ListItem\",\"position\":2,\"name\":\"Oficial: Villa no volver\u00e1 a jugar en Boca al ser condenado por violencia de g\u00e9nero\"}]},{\"@type\":\"WebSite\",\"@id\":\"https:\\\/\\\/diariotextual.com\\\/inicio\\\/#website\",\"url\":\"https:\\\/\\\/diariotextual.com\\\/inicio\\\/\",\"name\":\"Diario Textual\",\"description\":\"\",\"publisher\":{\"@id\":\"https:\\\/\\\/diariotextual.com\\\/inicio\\\/#organization\"},\"potentialAction\":[{\"@type\":\"SearchAction\",\"target\":{\"@type\":\"EntryPoint\",\"urlTemplate\":\"https:\\\/\\\/diariotextual.com\\\/inicio\\\/?s={search_term_string}\"},\"query-input\":{\"@type\":\"PropertyValueSpecification\",\"valueRequired\":true,\"valueName\":\"search_term_string\"}}],\"inLanguage\":\"es\"},{\"@type\":\"Organization\",\"@id\":\"https:\\\/\\\/diariotextual.com\\\/inicio\\\/#organization\",\"name\":\"Diario Textual\",\"url\":\"https:\\\/\\\/diariotextual.com\\\/inicio\\\/\",\"logo\":{\"@type\":\"ImageObject\",\"inLanguage\":\"es\",\"@id\":\"https:\\\/\\\/diariotextual.com\\\/inicio\\\/#\\\/schema\\\/logo\\\/image\\\/\",\"url\":\"https:\\\/\\\/diariotextual.com\\\/inicio\\\/wp-content\\\/uploads\\\/2023\\\/05\\\/logotextual1.jpg\",\"contentUrl\":\"https:\\\/\\\/diariotextual.com\\\/inicio\\\/wp-content\\\/uploads\\\/2023\\\/05\\\/logotextual1.jpg\",\"width\":516,\"height\":76,\"caption\":\"Diario Textual\"},\"image\":{\"@id\":\"https:\\\/\\\/diariotextual.com\\\/inicio\\\/#\\\/schema\\\/logo\\\/image\\\/\"},\"sameAs\":[\"https:\\\/\\\/www.facebook.com\\\/eltextual\",\"https:\\\/\\\/x.com\\\/eltextual\",\"http:\\\/\\\/www.instagram.com\\\/eltextual\"]},{\"@type\":\"Person\",\"@id\":\"https:\\\/\\\/diariotextual.com\\\/inicio\\\/#\\\/schema\\\/person\\\/418fc4093c33e86ed41562db3508f958\",\"name\":\"Diario1 Diario1\",\"image\":{\"@type\":\"ImageObject\",\"inLanguage\":\"es\",\"@id\":\"https:\\\/\\\/secure.gravatar.com\\\/avatar\\\/9167d280179c85bc18be67aa7eda765854300033af4896dd779b608640f2ef7a?s=96&d=mm&r=g\",\"url\":\"https:\\\/\\\/secure.gravatar.com\\\/avatar\\\/9167d280179c85bc18be67aa7eda765854300033af4896dd779b608640f2ef7a?s=96&d=mm&r=g\",\"contentUrl\":\"https:\\\/\\\/secure.gravatar.com\\\/avatar\\\/9167d280179c85bc18be67aa7eda765854300033af4896dd779b608640f2ef7a?s=96&d=mm&r=g\",\"caption\":\"Diario1 Diario1\"},\"url\":\"https:\\\/\\\/diariotextual.com\\\/inicio\\\/index.php\\\/author\\\/diario1\\\/\"}]}<\/script>\n<!-- \/ Yoast SEO plugin. -->","yoast_head_json":{"title":"Oficial: Villa no volver\u00e1 a jugar en Boca al ser condenado por violencia de g\u00e9nero - Diario Textual","robots":{"index":"index","follow":"follow","max-snippet":"max-snippet:-1","max-image-preview":"max-image-preview:large","max-video-preview":"max-video-preview:-1"},"canonical":"https:\/\/diariotextual.com\/inicio\/index.php\/2023\/06\/02\/oficial-villa-no-volvera-a-jugar-en-boca-al-ser-condenado-por-violencia-de-genero\/","og_locale":"es_ES","og_type":"article","og_title":"Oficial: Villa no volver\u00e1 a jugar en Boca al ser condenado por violencia de g\u00e9nero - Diario Textual","og_description":"Luego de la condena a dos a\u00f1os y un mes de c\u00e1rcel (de ejecuci\u00f3n condicional) por los delitos de lesiones leves y amenazas contra su ex pareja,\u00a0Daniela Cort\u00e9s,\u00a0Sebasti\u00e1n Villa\u00a0no volver\u00e1&hellip;","og_url":"https:\/\/diariotextual.com\/inicio\/index.php\/2023\/06\/02\/oficial-villa-no-volvera-a-jugar-en-boca-al-ser-condenado-por-violencia-de-genero\/","og_site_name":"Diario Textual","article_publisher":"https:\/\/www.facebook.com\/eltextual","article_published_time":"2023-06-03T00:30:45+00:00","article_modified_time":"2023-06-03T03:23:09+00:00","og_image":[{"width":700,"height":394,"url":"https:\/\/diariotextual.com\/inicio\/wp-content\/uploads\/2022\/06\/villasebastian2022.jpg","type":"image\/jpeg"}],"author":"Diario1 Diario1","twitter_card":"summary_large_image","twitter_creator":"@eltextual","twitter_site":"@eltextual","twitter_misc":{"Escrito por":"Diario1 Diario1","Tiempo de lectura":"2 minutos"},"schema":{"@context":"https:\/\/schema.org","@graph":[{"@type":"Article","@id":"https:\/\/diariotextual.com\/inicio\/index.php\/2023\/06\/02\/oficial-villa-no-volvera-a-jugar-en-boca-al-ser-condenado-por-violencia-de-genero\/#article","isPartOf":{"@id":"https:\/\/diariotextual.com\/inicio\/index.php\/2023\/06\/02\/oficial-villa-no-volvera-a-jugar-en-boca-al-ser-condenado-por-violencia-de-genero\/"},"author":{"name":"Diario1 Diario1","@id":"https:\/\/diariotextual.com\/inicio\/#\/schema\/person\/418fc4093c33e86ed41562db3508f958"},"headline":"Oficial: Villa no volver\u00e1 a jugar en Boca al ser condenado por violencia de g\u00e9nero","datePublished":"2023-06-03T00:30:45+00:00","dateModified":"2023-06-03T03:23:09+00:00","mainEntityOfPage":{"@id":"https:\/\/diariotextual.com\/inicio\/index.php\/2023\/06\/02\/oficial-villa-no-volvera-a-jugar-en-boca-al-ser-condenado-por-violencia-de-genero\/"},"wordCount":333,"publisher":{"@id":"https:\/\/diariotextual.com\/inicio\/#organization"},"image":{"@id":"https:\/\/diariotextual.com\/inicio\/index.php\/2023\/06\/02\/oficial-villa-no-volvera-a-jugar-en-boca-al-ser-condenado-por-violencia-de-genero\/#primaryimage"},"thumbnailUrl":"https:\/\/diariotextual.com\/inicio\/wp-content\/uploads\/2022\/06\/villasebastian2022.jpg","articleSection":["A - ES NOTICIA (van abajo)","DEPORTES"],"inLanguage":"es"},{"@type":"WebPage","@id":"https:\/\/diariotextual.com\/inicio\/index.php\/2023\/06\/02\/oficial-villa-no-volvera-a-jugar-en-boca-al-ser-condenado-por-violencia-de-genero\/","url":"https:\/\/diariotextual.com\/inicio\/index.php\/2023\/06\/02\/oficial-villa-no-volvera-a-jugar-en-boca-al-ser-condenado-por-violencia-de-genero\/","name":"Oficial: Villa no volver\u00e1 a jugar en Boca al ser condenado por violencia de g\u00e9nero - Diario Textual","isPartOf":{"@id":"https:\/\/diariotextual.com\/inicio\/#website"},"primaryImageOfPage":{"@id":"https:\/\/diariotextual.com\/inicio\/index.php\/2023\/06\/02\/oficial-villa-no-volvera-a-jugar-en-boca-al-ser-condenado-por-violencia-de-genero\/#primaryimage"},"image":{"@id":"https:\/\/diariotextual.com\/inicio\/index.php\/2023\/06\/02\/oficial-villa-no-volvera-a-jugar-en-boca-al-ser-condenado-por-violencia-de-genero\/#primaryimage"},"thumbnailUrl":"https:\/\/diariotextual.com\/inicio\/wp-content\/uploads\/2022\/06\/villasebastian2022.jpg","datePublished":"2023-06-03T00:30:45+00:00","dateModified":"2023-06-03T03:23:09+00:00","breadcrumb":{"@id":"https:\/\/diariotextual.com\/inicio\/index.php\/2023\/06\/02\/oficial-villa-no-volvera-a-jugar-en-boca-al-ser-condenado-por-violencia-de-genero\/#breadcrumb"},"inLanguage":"es","potentialAction":[{"@type":"ReadAction","target":["https:\/\/diariotextual.com\/inicio\/index.php\/2023\/06\/02\/oficial-villa-no-volvera-a-jugar-en-boca-al-ser-condenado-por-violencia-de-genero\/"]}]},{"@type":"ImageObject","inLanguage":"es","@id":"https:\/\/diariotextual.com\/inicio\/index.php\/2023\/06\/02\/oficial-villa-no-volvera-a-jugar-en-boca-al-ser-condenado-por-violencia-de-genero\/#primaryimage","url":"https:\/\/diariotextual.com\/inicio\/wp-content\/uploads\/2022\/06\/villasebastian2022.jpg","contentUrl":"https:\/\/diariotextual.com\/inicio\/wp-content\/uploads\/2022\/06\/villasebastian2022.jpg","width":700,"height":394},{"@type":"BreadcrumbList","@id":"https:\/\/diariotextual.com\/inicio\/index.php\/2023\/06\/02\/oficial-villa-no-volvera-a-jugar-en-boca-al-ser-condenado-por-violencia-de-genero\/#breadcrumb","itemListElement":[{"@type":"ListItem","position":1,"name":"Portada","item":"https:\/\/diariotextual.com\/inicio\/"},{"@type":"ListItem","position":2,"name":"Oficial: Villa no volver\u00e1 a jugar en Boca al ser condenado por violencia de g\u00e9nero"}]},{"@type":"WebSite","@id":"https:\/\/diariotextual.com\/inicio\/#website","url":"https:\/\/diariotextual.com\/inicio\/","name":"Diario Textual","description":"","publisher":{"@id":"https:\/\/diariotextual.com\/inicio\/#organization"},"potentialAction":[{"@type":"SearchAction","target":{"@type":"EntryPoint","urlTemplate":"https:\/\/diariotextual.com\/inicio\/?s={search_term_string}"},"query-input":{"@type":"PropertyValueSpecification","valueRequired":true,"valueName":"search_term_string"}}],"inLanguage":"es"},{"@type":"Organization","@id":"https:\/\/diariotextual.com\/inicio\/#organization","name":"Diario Textual","url":"https:\/\/diariotextual.com\/inicio\/","logo":{"@type":"ImageObject","inLanguage":"es","@id":"https:\/\/diariotextual.com\/inicio\/#\/schema\/logo\/image\/","url":"https:\/\/diariotextual.com\/inicio\/wp-content\/uploads\/2023\/05\/logotextual1.jpg","contentUrl":"https:\/\/diariotextual.com\/inicio\/wp-content\/uploads\/2023\/05\/logotextual1.jpg","width":516,"height":76,"caption":"Diario Textual"},"image":{"@id":"https:\/\/diariotextual.com\/inicio\/#\/schema\/logo\/image\/"},"sameAs":["https:\/\/www.facebook.com\/eltextual","https:\/\/x.com\/eltextual","http:\/\/www.instagram.com\/eltextual"]},{"@type":"Person","@id":"https:\/\/diariotextual.com\/inicio\/#\/schema\/person\/418fc4093c33e86ed41562db3508f958","name":"Diario1 Diario1","image":{"@type":"ImageObject","inLanguage":"es","@id":"https:\/\/secure.gravatar.com\/avatar\/9167d280179c85bc18be67aa7eda765854300033af4896dd779b608640f2ef7a?s=96&d=mm&r=g","url":"https:\/\/secure.gravatar.com\/avatar\/9167d280179c85bc18be67aa7eda765854300033af4896dd779b608640f2ef7a?s=96&d=mm&r=g","contentUrl":"https:\/\/secure.gravatar.com\/avatar\/9167d280179c85bc18be67aa7eda765854300033af4896dd779b608640f2ef7a?s=96&d=mm&r=g","caption":"Diario1 Diario1"},"url":"https:\/\/diariotextual.com\/inicio\/index.php\/author\/diario1\/"}]}},"_links":{"self":[{"href":"https:\/\/diariotextual.com\/inicio\/index.php\/wp-json\/wp\/v2\/posts\/227397","targetHints":{"allow":["GET"]}}],"collection":[{"href":"https:\/\/diariotextual.com\/inicio\/index.php\/wp-json\/wp\/v2\/posts"}],"about":[{"href":"https:\/\/diariotextual.com\/inicio\/index.php\/wp-json\/wp\/v2\/types\/post"}],"author":[{"embeddable":true,"href":"https:\/\/diariotextual.com\/inicio\/index.php\/wp-json\/wp\/v2\/users\/3"}],"replies":[{"embeddable":true,"href":"https:\/\/diariotextual.com\/inicio\/index.php\/wp-json\/wp\/v2\/comments?post=227397"}],"version-history":[{"count":2,"href":"https:\/\/diariotextual.com\/inicio\/index.php\/wp-json\/wp\/v2\/posts\/227397\/revisions"}],"predecessor-version":[{"id":227399,"href":"https:\/\/diariotextual.com\/inicio\/index.php\/wp-json\/wp\/v2\/posts\/227397\/revisions\/227399"}],"wp:featuredmedia":[{"embeddable":true,"href":"https:\/\/diariotextual.com\/inicio\/index.php\/wp-json\/wp\/v2\/media\/191819"}],"wp:attachment":[{"href":"https:\/\/diariotextual.com\/inicio\/index.php\/wp-json\/wp\/v2\/media?parent=227397"}],"wp:term":[{"taxonomy":"category","embeddable":true,"href":"https:\/\/diariotextual.com\/inicio\/index.php\/wp-json\/wp\/v2\/categories?post=227397"},{"taxonomy":"post_tag","embeddable":true,"href":"https:\/\/diariotextual.com\/inicio\/index.php\/wp-json\/wp\/v2\/tags?post=227397"}],"curies":[{"name":"wp","href":"https:\/\/api.w.org\/{rel}","templated":true}]}}