{"id":227453,"date":"2023-06-03T17:45:38","date_gmt":"2023-06-03T20:45:38","guid":{"rendered":"https:\/\/diariotextual.com\/inicio\/?p=227453"},"modified":"2023-06-04T09:54:25","modified_gmt":"2023-06-04T12:54:25","slug":"se-suspendio-river-y-defensa-y-justicia-por-el-fallecimiento-de-un-hincha","status":"publish","type":"post","link":"https:\/\/diariotextual.com\/inicio\/index.php\/2023\/06\/03\/se-suspendio-river-y-defensa-y-justicia-por-el-fallecimiento-de-un-hincha\/","title":{"rendered":"Se suspendi\u00f3 River y Defensa y Justicia por el fallecimiento de un hincha"},"content":{"rendered":"\n<p>El partido entre&nbsp;River y Defensa y Justicia&nbsp;por la&nbsp;decimonovena fecha de la Liga Profesional 2023&nbsp;fue suspendido a los 26 minutos de juego por el fallecimiento de un hincha que cayo desde la Sivori Alta hasta la Baja.<\/p>\n\n\n\n<p>Corr\u00edan los 26 minutos de juego en lo que era el plato fuerte de la fecha entre el \u201cMillonario\u201d y el \u201cHalc\u00f3n\u201d cuando&nbsp;la popular del club de N\u00fa\u00f1ez comenz\u00f3 a pedir a los gritos que se detenga el encuentro para que puedan asistir a un simpatizante&nbsp;en dicho sector del Estadio Monumental.<\/p>\n\n\n\n<p>El partido&nbsp;se fren\u00f3 unos segundos y se reanud\u00f3&nbsp;pero, ante el insistente grito de la afici\u00f3n riverplatense exigiendo asistencia m\u00e9dica,&nbsp;el \u00e1rbitro Fernando Rapallini par\u00f3 el encuentro, habl\u00f3 con los corresponsales de la Liga Profesional que le comentaron el panorama y llam\u00f3 a los capitanes Franco Armani y Ezequiel Unsain para trasladarles la grave situaci\u00f3n&nbsp;que estaba sucediendo en el recinto mundialista.<\/p>\n\n\n\n<p>Ante el alarmante panorama,&nbsp;ambos referentes les comunicaron a sus compa\u00f1eros la situaci\u00f3n y acompa\u00f1aron la decisi\u00f3n de las autoridades de no continuar el encuentro&nbsp;que pod\u00eda definir las aspiraciones del \u201cMillonario\u201d y del \u201cHalc\u00f3n\u201d en esta Liga Profesional de F\u00fatbol.<\/p>\n\n\n\n<p>Luego de varios minutos de incertidumbre, la situaci\u00f3n empez\u00f3 a esclarecerse y se supo que&nbsp;un hombre cay\u00f3 sin vida desde la Sivori Alta hasta la Baja. Tras caer desde 15 metros de altura,&nbsp;el cuerpo impact\u00f3 cerca de un alambrado en medio de la gran cantidad de gente que se encontraba en la cancha de River&nbsp;para ver el encuentro correspondiente a la decimonovena fecha del torneo domestico&nbsp;generando un ambiente desesperante&nbsp;para los presentes.<\/p>\n\n\n\n<p>Inmediatamente,&nbsp;se llam\u00f3 al 911 para solicitar la presencia del personal de la Comisar\u00eda Vecinal 13\u00aa que lleg\u00f3 e implement\u00f3 un gazebo de la Polic\u00eda de la Ciudad y se llevaron a cabo todas las acciones que corresponden&nbsp;cuando se da una situaci\u00f3n del estilo. El caso est\u00e1 bajo el Ministerio P\u00fablico Fiscal.<\/p>\n","protected":false},"excerpt":{"rendered":"<p>El partido entre&nbsp;River y Defensa y Justicia&nbsp;por la&nbsp;decimonovena fecha de la Liga Profesional 2023&nbsp;fue suspendido a los 26 minutos de juego por el fallecimiento de un hincha que cayo desde&hellip;<\/p>\n","protected":false},"author":4,"featured_media":227455,"comment_status":"closed","ping_status":"open","sticky":false,"template":"","format":"standard","meta":{"_acf_changed":false,"footnotes":""},"categories":[1,3],"tags":[],"class_list":["post-227453","post","type-post","status-publish","format-standard","has-post-thumbnail","hentry","category-es-noticia","category-deportes"],"acf":[],"yoast_head":"<!-- This site is optimized with the Yoast SEO plugin v27.5 - https:\/\/yoast.com\/product\/yoast-seo-wordpress\/ -->\n<title>Se suspendi\u00f3 River y Defensa y Justicia por el fallecimiento de un hincha - Diario Textual<\/title>\n<meta name=\"robots\" content=\"index, follow, max-snippet:-1, max-image-preview:large, max-video-preview:-1\" \/>\n<link rel=\"canonical\" href=\"https:\/\/diariotextual.com\/inicio\/index.php\/2023\/06\/03\/se-suspendio-river-y-defensa-y-justicia-por-el-fallecimiento-de-un-hincha\/\" \/>\n<meta property=\"og:locale\" content=\"es_ES\" \/>\n<meta property=\"og:type\" content=\"article\" \/>\n<meta property=\"og:title\" content=\"Se suspendi\u00f3 River y Defensa y Justicia por el fallecimiento de un hincha - Diario Textual\" \/>\n<meta property=\"og:description\" content=\"El partido entre&nbsp;River y Defensa y Justicia&nbsp;por la&nbsp;decimonovena fecha de la Liga Profesional 2023&nbsp;fue suspendido a los 26 minutos de juego por el fallecimiento de un hincha que cayo desde&hellip;\" \/>\n<meta property=\"og:url\" content=\"https:\/\/diariotextual.com\/inicio\/index.php\/2023\/06\/03\/se-suspendio-river-y-defensa-y-justicia-por-el-fallecimiento-de-un-hincha\/\" \/>\n<meta property=\"og:site_name\" content=\"Diario Textual\" \/>\n<meta property=\"article:publisher\" content=\"https:\/\/www.facebook.com\/eltextual\" \/>\n<meta property=\"article:published_time\" content=\"2023-06-03T20:45:38+00:00\" \/>\n<meta property=\"article:modified_time\" content=\"2023-06-04T12:54:25+00:00\" \/>\n<meta property=\"og:image\" content=\"https:\/\/diariotextual.com\/inicio\/wp-content\/uploads\/2023\/06\/rivermuertehincha544.jpg\" \/>\n\t<meta property=\"og:image:width\" content=\"1079\" \/>\n\t<meta property=\"og:image:height\" content=\"791\" \/>\n\t<meta property=\"og:image:type\" content=\"image\/jpeg\" \/>\n<meta name=\"author\" content=\"diario2\" \/>\n<meta name=\"twitter:card\" content=\"summary_large_image\" \/>\n<meta name=\"twitter:creator\" content=\"@eltextual\" \/>\n<meta name=\"twitter:site\" content=\"@eltextual\" \/>\n<meta name=\"twitter:label1\" content=\"Escrito por\" \/>\n\t<meta name=\"twitter:data1\" content=\"diario2\" \/>\n\t<meta name=\"twitter:label2\" content=\"Tiempo de lectura\" \/>\n\t<meta name=\"twitter:data2\" content=\"2 minutos\" \/>\n<script type=\"application\/ld+json\" class=\"yoast-schema-graph\">{\"@context\":\"https:\\\/\\\/schema.org\",\"@graph\":[{\"@type\":\"Article\",\"@id\":\"https:\\\/\\\/diariotextual.com\\\/inicio\\\/index.php\\\/2023\\\/06\\\/03\\\/se-suspendio-river-y-defensa-y-justicia-por-el-fallecimiento-de-un-hincha\\\/#article\",\"isPartOf\":{\"@id\":\"https:\\\/\\\/diariotextual.com\\\/inicio\\\/index.php\\\/2023\\\/06\\\/03\\\/se-suspendio-river-y-defensa-y-justicia-por-el-fallecimiento-de-un-hincha\\\/\"},\"author\":{\"name\":\"diario2\",\"@id\":\"https:\\\/\\\/diariotextual.com\\\/inicio\\\/#\\\/schema\\\/person\\\/694f60677f23c4a530867a98f22b3768\"},\"headline\":\"Se suspendi\u00f3 River y Defensa y Justicia por el fallecimiento de un hincha\",\"datePublished\":\"2023-06-03T20:45:38+00:00\",\"dateModified\":\"2023-06-04T12:54:25+00:00\",\"mainEntityOfPage\":{\"@id\":\"https:\\\/\\\/diariotextual.com\\\/inicio\\\/index.php\\\/2023\\\/06\\\/03\\\/se-suspendio-river-y-defensa-y-justicia-por-el-fallecimiento-de-un-hincha\\\/\"},\"wordCount\":370,\"publisher\":{\"@id\":\"https:\\\/\\\/diariotextual.com\\\/inicio\\\/#organization\"},\"image\":{\"@id\":\"https:\\\/\\\/diariotextual.com\\\/inicio\\\/index.php\\\/2023\\\/06\\\/03\\\/se-suspendio-river-y-defensa-y-justicia-por-el-fallecimiento-de-un-hincha\\\/#primaryimage\"},\"thumbnailUrl\":\"https:\\\/\\\/diariotextual.com\\\/inicio\\\/wp-content\\\/uploads\\\/2023\\\/06\\\/rivermuertehincha544.jpg\",\"articleSection\":[\"A - ES NOTICIA (van abajo)\",\"DEPORTES\"],\"inLanguage\":\"es\"},{\"@type\":\"WebPage\",\"@id\":\"https:\\\/\\\/diariotextual.com\\\/inicio\\\/index.php\\\/2023\\\/06\\\/03\\\/se-suspendio-river-y-defensa-y-justicia-por-el-fallecimiento-de-un-hincha\\\/\",\"url\":\"https:\\\/\\\/diariotextual.com\\\/inicio\\\/index.php\\\/2023\\\/06\\\/03\\\/se-suspendio-river-y-defensa-y-justicia-por-el-fallecimiento-de-un-hincha\\\/\",\"name\":\"Se suspendi\u00f3 River y Defensa y Justicia por el fallecimiento de un hincha - Diario Textual\",\"isPartOf\":{\"@id\":\"https:\\\/\\\/diariotextual.com\\\/inicio\\\/#website\"},\"primaryImageOfPage\":{\"@id\":\"https:\\\/\\\/diariotextual.com\\\/inicio\\\/index.php\\\/2023\\\/06\\\/03\\\/se-suspendio-river-y-defensa-y-justicia-por-el-fallecimiento-de-un-hincha\\\/#primaryimage\"},\"image\":{\"@id\":\"https:\\\/\\\/diariotextual.com\\\/inicio\\\/index.php\\\/2023\\\/06\\\/03\\\/se-suspendio-river-y-defensa-y-justicia-por-el-fallecimiento-de-un-hincha\\\/#primaryimage\"},\"thumbnailUrl\":\"https:\\\/\\\/diariotextual.com\\\/inicio\\\/wp-content\\\/uploads\\\/2023\\\/06\\\/rivermuertehincha544.jpg\",\"datePublished\":\"2023-06-03T20:45:38+00:00\",\"dateModified\":\"2023-06-04T12:54:25+00:00\",\"breadcrumb\":{\"@id\":\"https:\\\/\\\/diariotextual.com\\\/inicio\\\/index.php\\\/2023\\\/06\\\/03\\\/se-suspendio-river-y-defensa-y-justicia-por-el-fallecimiento-de-un-hincha\\\/#breadcrumb\"},\"inLanguage\":\"es\",\"potentialAction\":[{\"@type\":\"ReadAction\",\"target\":[\"https:\\\/\\\/diariotextual.com\\\/inicio\\\/index.php\\\/2023\\\/06\\\/03\\\/se-suspendio-river-y-defensa-y-justicia-por-el-fallecimiento-de-un-hincha\\\/\"]}]},{\"@type\":\"ImageObject\",\"inLanguage\":\"es\",\"@id\":\"https:\\\/\\\/diariotextual.com\\\/inicio\\\/index.php\\\/2023\\\/06\\\/03\\\/se-suspendio-river-y-defensa-y-justicia-por-el-fallecimiento-de-un-hincha\\\/#primaryimage\",\"url\":\"https:\\\/\\\/diariotextual.com\\\/inicio\\\/wp-content\\\/uploads\\\/2023\\\/06\\\/rivermuertehincha544.jpg\",\"contentUrl\":\"https:\\\/\\\/diariotextual.com\\\/inicio\\\/wp-content\\\/uploads\\\/2023\\\/06\\\/rivermuertehincha544.jpg\",\"width\":1079,\"height\":791},{\"@type\":\"BreadcrumbList\",\"@id\":\"https:\\\/\\\/diariotextual.com\\\/inicio\\\/index.php\\\/2023\\\/06\\\/03\\\/se-suspendio-river-y-defensa-y-justicia-por-el-fallecimiento-de-un-hincha\\\/#breadcrumb\",\"itemListElement\":[{\"@type\":\"ListItem\",\"position\":1,\"name\":\"Portada\",\"item\":\"https:\\\/\\\/diariotextual.com\\\/inicio\\\/\"},{\"@type\":\"ListItem\",\"position\":2,\"name\":\"Se suspendi\u00f3 River y Defensa y Justicia por el fallecimiento de un hincha\"}]},{\"@type\":\"WebSite\",\"@id\":\"https:\\\/\\\/diariotextual.com\\\/inicio\\\/#website\",\"url\":\"https:\\\/\\\/diariotextual.com\\\/inicio\\\/\",\"name\":\"Diario Textual\",\"description\":\"\",\"publisher\":{\"@id\":\"https:\\\/\\\/diariotextual.com\\\/inicio\\\/#organization\"},\"potentialAction\":[{\"@type\":\"SearchAction\",\"target\":{\"@type\":\"EntryPoint\",\"urlTemplate\":\"https:\\\/\\\/diariotextual.com\\\/inicio\\\/?s={search_term_string}\"},\"query-input\":{\"@type\":\"PropertyValueSpecification\",\"valueRequired\":true,\"valueName\":\"search_term_string\"}}],\"inLanguage\":\"es\"},{\"@type\":\"Organization\",\"@id\":\"https:\\\/\\\/diariotextual.com\\\/inicio\\\/#organization\",\"name\":\"Diario Textual\",\"url\":\"https:\\\/\\\/diariotextual.com\\\/inicio\\\/\",\"logo\":{\"@type\":\"ImageObject\",\"inLanguage\":\"es\",\"@id\":\"https:\\\/\\\/diariotextual.com\\\/inicio\\\/#\\\/schema\\\/logo\\\/image\\\/\",\"url\":\"https:\\\/\\\/diariotextual.com\\\/inicio\\\/wp-content\\\/uploads\\\/2023\\\/05\\\/logotextual1.jpg\",\"contentUrl\":\"https:\\\/\\\/diariotextual.com\\\/inicio\\\/wp-content\\\/uploads\\\/2023\\\/05\\\/logotextual1.jpg\",\"width\":516,\"height\":76,\"caption\":\"Diario Textual\"},\"image\":{\"@id\":\"https:\\\/\\\/diariotextual.com\\\/inicio\\\/#\\\/schema\\\/logo\\\/image\\\/\"},\"sameAs\":[\"https:\\\/\\\/www.facebook.com\\\/eltextual\",\"https:\\\/\\\/x.com\\\/eltextual\",\"http:\\\/\\\/www.instagram.com\\\/eltextual\"]},{\"@type\":\"Person\",\"@id\":\"https:\\\/\\\/diariotextual.com\\\/inicio\\\/#\\\/schema\\\/person\\\/694f60677f23c4a530867a98f22b3768\",\"name\":\"diario2\",\"image\":{\"@type\":\"ImageObject\",\"inLanguage\":\"es\",\"@id\":\"https:\\\/\\\/secure.gravatar.com\\\/avatar\\\/5a2567495ba16b852fcd8f1ed006a2e24fcace936018ed8237e95f488ad6e0a7?s=96&d=mm&r=g\",\"url\":\"https:\\\/\\\/secure.gravatar.com\\\/avatar\\\/5a2567495ba16b852fcd8f1ed006a2e24fcace936018ed8237e95f488ad6e0a7?s=96&d=mm&r=g\",\"contentUrl\":\"https:\\\/\\\/secure.gravatar.com\\\/avatar\\\/5a2567495ba16b852fcd8f1ed006a2e24fcace936018ed8237e95f488ad6e0a7?s=96&d=mm&r=g\",\"caption\":\"diario2\"},\"url\":\"https:\\\/\\\/diariotextual.com\\\/inicio\\\/index.php\\\/author\\\/diario2\\\/\"}]}<\/script>\n<!-- \/ Yoast SEO plugin. -->","yoast_head_json":{"title":"Se suspendi\u00f3 River y Defensa y Justicia por el fallecimiento de un hincha - Diario Textual","robots":{"index":"index","follow":"follow","max-snippet":"max-snippet:-1","max-image-preview":"max-image-preview:large","max-video-preview":"max-video-preview:-1"},"canonical":"https:\/\/diariotextual.com\/inicio\/index.php\/2023\/06\/03\/se-suspendio-river-y-defensa-y-justicia-por-el-fallecimiento-de-un-hincha\/","og_locale":"es_ES","og_type":"article","og_title":"Se suspendi\u00f3 River y Defensa y Justicia por el fallecimiento de un hincha - Diario Textual","og_description":"El partido entre&nbsp;River y Defensa y Justicia&nbsp;por la&nbsp;decimonovena fecha de la Liga Profesional 2023&nbsp;fue suspendido a los 26 minutos de juego por el fallecimiento de un hincha que cayo desde&hellip;","og_url":"https:\/\/diariotextual.com\/inicio\/index.php\/2023\/06\/03\/se-suspendio-river-y-defensa-y-justicia-por-el-fallecimiento-de-un-hincha\/","og_site_name":"Diario Textual","article_publisher":"https:\/\/www.facebook.com\/eltextual","article_published_time":"2023-06-03T20:45:38+00:00","article_modified_time":"2023-06-04T12:54:25+00:00","og_image":[{"width":1079,"height":791,"url":"https:\/\/diariotextual.com\/inicio\/wp-content\/uploads\/2023\/06\/rivermuertehincha544.jpg","type":"image\/jpeg"}],"author":"diario2","twitter_card":"summary_large_image","twitter_creator":"@eltextual","twitter_site":"@eltextual","twitter_misc":{"Escrito por":"diario2","Tiempo de lectura":"2 minutos"},"schema":{"@context":"https:\/\/schema.org","@graph":[{"@type":"Article","@id":"https:\/\/diariotextual.com\/inicio\/index.php\/2023\/06\/03\/se-suspendio-river-y-defensa-y-justicia-por-el-fallecimiento-de-un-hincha\/#article","isPartOf":{"@id":"https:\/\/diariotextual.com\/inicio\/index.php\/2023\/06\/03\/se-suspendio-river-y-defensa-y-justicia-por-el-fallecimiento-de-un-hincha\/"},"author":{"name":"diario2","@id":"https:\/\/diariotextual.com\/inicio\/#\/schema\/person\/694f60677f23c4a530867a98f22b3768"},"headline":"Se suspendi\u00f3 River y Defensa y Justicia por el fallecimiento de un hincha","datePublished":"2023-06-03T20:45:38+00:00","dateModified":"2023-06-04T12:54:25+00:00","mainEntityOfPage":{"@id":"https:\/\/diariotextual.com\/inicio\/index.php\/2023\/06\/03\/se-suspendio-river-y-defensa-y-justicia-por-el-fallecimiento-de-un-hincha\/"},"wordCount":370,"publisher":{"@id":"https:\/\/diariotextual.com\/inicio\/#organization"},"image":{"@id":"https:\/\/diariotextual.com\/inicio\/index.php\/2023\/06\/03\/se-suspendio-river-y-defensa-y-justicia-por-el-fallecimiento-de-un-hincha\/#primaryimage"},"thumbnailUrl":"https:\/\/diariotextual.com\/inicio\/wp-content\/uploads\/2023\/06\/rivermuertehincha544.jpg","articleSection":["A - ES NOTICIA (van abajo)","DEPORTES"],"inLanguage":"es"},{"@type":"WebPage","@id":"https:\/\/diariotextual.com\/inicio\/index.php\/2023\/06\/03\/se-suspendio-river-y-defensa-y-justicia-por-el-fallecimiento-de-un-hincha\/","url":"https:\/\/diariotextual.com\/inicio\/index.php\/2023\/06\/03\/se-suspendio-river-y-defensa-y-justicia-por-el-fallecimiento-de-un-hincha\/","name":"Se suspendi\u00f3 River y Defensa y Justicia por el fallecimiento de un hincha - Diario Textual","isPartOf":{"@id":"https:\/\/diariotextual.com\/inicio\/#website"},"primaryImageOfPage":{"@id":"https:\/\/diariotextual.com\/inicio\/index.php\/2023\/06\/03\/se-suspendio-river-y-defensa-y-justicia-por-el-fallecimiento-de-un-hincha\/#primaryimage"},"image":{"@id":"https:\/\/diariotextual.com\/inicio\/index.php\/2023\/06\/03\/se-suspendio-river-y-defensa-y-justicia-por-el-fallecimiento-de-un-hincha\/#primaryimage"},"thumbnailUrl":"https:\/\/diariotextual.com\/inicio\/wp-content\/uploads\/2023\/06\/rivermuertehincha544.jpg","datePublished":"2023-06-03T20:45:38+00:00","dateModified":"2023-06-04T12:54:25+00:00","breadcrumb":{"@id":"https:\/\/diariotextual.com\/inicio\/index.php\/2023\/06\/03\/se-suspendio-river-y-defensa-y-justicia-por-el-fallecimiento-de-un-hincha\/#breadcrumb"},"inLanguage":"es","potentialAction":[{"@type":"ReadAction","target":["https:\/\/diariotextual.com\/inicio\/index.php\/2023\/06\/03\/se-suspendio-river-y-defensa-y-justicia-por-el-fallecimiento-de-un-hincha\/"]}]},{"@type":"ImageObject","inLanguage":"es","@id":"https:\/\/diariotextual.com\/inicio\/index.php\/2023\/06\/03\/se-suspendio-river-y-defensa-y-justicia-por-el-fallecimiento-de-un-hincha\/#primaryimage","url":"https:\/\/diariotextual.com\/inicio\/wp-content\/uploads\/2023\/06\/rivermuertehincha544.jpg","contentUrl":"https:\/\/diariotextual.com\/inicio\/wp-content\/uploads\/2023\/06\/rivermuertehincha544.jpg","width":1079,"height":791},{"@type":"BreadcrumbList","@id":"https:\/\/diariotextual.com\/inicio\/index.php\/2023\/06\/03\/se-suspendio-river-y-defensa-y-justicia-por-el-fallecimiento-de-un-hincha\/#breadcrumb","itemListElement":[{"@type":"ListItem","position":1,"name":"Portada","item":"https:\/\/diariotextual.com\/inicio\/"},{"@type":"ListItem","position":2,"name":"Se suspendi\u00f3 River y Defensa y Justicia por el fallecimiento de un hincha"}]},{"@type":"WebSite","@id":"https:\/\/diariotextual.com\/inicio\/#website","url":"https:\/\/diariotextual.com\/inicio\/","name":"Diario Textual","description":"","publisher":{"@id":"https:\/\/diariotextual.com\/inicio\/#organization"},"potentialAction":[{"@type":"SearchAction","target":{"@type":"EntryPoint","urlTemplate":"https:\/\/diariotextual.com\/inicio\/?s={search_term_string}"},"query-input":{"@type":"PropertyValueSpecification","valueRequired":true,"valueName":"search_term_string"}}],"inLanguage":"es"},{"@type":"Organization","@id":"https:\/\/diariotextual.com\/inicio\/#organization","name":"Diario Textual","url":"https:\/\/diariotextual.com\/inicio\/","logo":{"@type":"ImageObject","inLanguage":"es","@id":"https:\/\/diariotextual.com\/inicio\/#\/schema\/logo\/image\/","url":"https:\/\/diariotextual.com\/inicio\/wp-content\/uploads\/2023\/05\/logotextual1.jpg","contentUrl":"https:\/\/diariotextual.com\/inicio\/wp-content\/uploads\/2023\/05\/logotextual1.jpg","width":516,"height":76,"caption":"Diario Textual"},"image":{"@id":"https:\/\/diariotextual.com\/inicio\/#\/schema\/logo\/image\/"},"sameAs":["https:\/\/www.facebook.com\/eltextual","https:\/\/x.com\/eltextual","http:\/\/www.instagram.com\/eltextual"]},{"@type":"Person","@id":"https:\/\/diariotextual.com\/inicio\/#\/schema\/person\/694f60677f23c4a530867a98f22b3768","name":"diario2","image":{"@type":"ImageObject","inLanguage":"es","@id":"https:\/\/secure.gravatar.com\/avatar\/5a2567495ba16b852fcd8f1ed006a2e24fcace936018ed8237e95f488ad6e0a7?s=96&d=mm&r=g","url":"https:\/\/secure.gravatar.com\/avatar\/5a2567495ba16b852fcd8f1ed006a2e24fcace936018ed8237e95f488ad6e0a7?s=96&d=mm&r=g","contentUrl":"https:\/\/secure.gravatar.com\/avatar\/5a2567495ba16b852fcd8f1ed006a2e24fcace936018ed8237e95f488ad6e0a7?s=96&d=mm&r=g","caption":"diario2"},"url":"https:\/\/diariotextual.com\/inicio\/index.php\/author\/diario2\/"}]}},"_links":{"self":[{"href":"https:\/\/diariotextual.com\/inicio\/index.php\/wp-json\/wp\/v2\/posts\/227453","targetHints":{"allow":["GET"]}}],"collection":[{"href":"https:\/\/diariotextual.com\/inicio\/index.php\/wp-json\/wp\/v2\/posts"}],"about":[{"href":"https:\/\/diariotextual.com\/inicio\/index.php\/wp-json\/wp\/v2\/types\/post"}],"author":[{"embeddable":true,"href":"https:\/\/diariotextual.com\/inicio\/index.php\/wp-json\/wp\/v2\/users\/4"}],"replies":[{"embeddable":true,"href":"https:\/\/diariotextual.com\/inicio\/index.php\/wp-json\/wp\/v2\/comments?post=227453"}],"version-history":[{"count":2,"href":"https:\/\/diariotextual.com\/inicio\/index.php\/wp-json\/wp\/v2\/posts\/227453\/revisions"}],"predecessor-version":[{"id":227456,"href":"https:\/\/diariotextual.com\/inicio\/index.php\/wp-json\/wp\/v2\/posts\/227453\/revisions\/227456"}],"wp:featuredmedia":[{"embeddable":true,"href":"https:\/\/diariotextual.com\/inicio\/index.php\/wp-json\/wp\/v2\/media\/227455"}],"wp:attachment":[{"href":"https:\/\/diariotextual.com\/inicio\/index.php\/wp-json\/wp\/v2\/media?parent=227453"}],"wp:term":[{"taxonomy":"category","embeddable":true,"href":"https:\/\/diariotextual.com\/inicio\/index.php\/wp-json\/wp\/v2\/categories?post=227453"},{"taxonomy":"post_tag","embeddable":true,"href":"https:\/\/diariotextual.com\/inicio\/index.php\/wp-json\/wp\/v2\/tags?post=227453"}],"curies":[{"name":"wp","href":"https:\/\/api.w.org\/{rel}","templated":true}]}}