{"id":227457,"date":"2023-06-03T18:51:35","date_gmt":"2023-06-03T21:51:35","guid":{"rendered":"https:\/\/diariotextual.com\/inicio\/?p=227457"},"modified":"2023-06-04T09:15:03","modified_gmt":"2023-06-04T12:15:03","slug":"emtu-a-los-3-anos-de-la-municipalizacion-del-transporte-urbano","status":"publish","type":"post","link":"https:\/\/diariotextual.com\/inicio\/index.php\/2023\/06\/03\/emtu-a-los-3-anos-de-la-municipalizacion-del-transporte-urbano\/","title":{"rendered":"EMTU: a 3 a\u00f1os de la municipalizaci\u00f3n del transporte urbano"},"content":{"rendered":"\n<p>La Municipalidad de Santa Rosa destac\u00f3 los tres a\u00f1os de la municipalizaci\u00f3n del servicio de transporte urbano de pasajeros y que <strong>comenz\u00f3 el 1 de junio de 2020.<\/strong> Adem\u00e1s, remarc\u00f3 la <strong>construcci\u00f3n del Centro de Trasbordo del Parque Oliver.<\/strong><\/p>\n\n\n\n<p>\u201cEn <strong>una medida hist\u00f3rica y largamente esperada por las y los santarrose\u00f1os, la gesti\u00f3n del intendente Luciano di N\u00e1poli, a poco de comenzar y en plena pandemia<\/strong> decidi\u00f3 con el <strong>apoyo del gobernador Sergio Ziliotto, municipalizar el servicio de transporte urbano<\/strong> de pasajeros\u201d, record\u00f3 el municipio.<\/p>\n\n\n\n<p>Y rememor\u00f3 que en 2021, con el acompa\u00f1amiento del Gobierno provincial, se realiz\u00f3 la compra de 28 unidades que consolidaron la prestaci\u00f3n de un servicio con flota propia y 100 % accesible. \u201cSeguido de esto se realizaron acciones tendientes a la modernizaci\u00f3n del EMTU como la puesta en marcha de una aplicaci\u00f3n propia y la instalaci\u00f3n de paradas inteligentes implementadas por primera vez en Santa Rosa\u201d, se sostuvo en un comunicado.<\/p>\n\n\n\n<p>Tambi\u00e9n se record\u00f3 que el a\u00f1o pasado, se dio continuidad a las mejoras con la construcci\u00f3n de un carril exclusivo en la zona del Parque Oliver para brindar una mayor seguridad al peat\u00f3n, al autom\u00f3vil y a las unidades propias del EMTU.<\/p>\n\n\n\n<p>\u201cEste a\u00f1o, el Municipio a trav\u00e9s del EMTU dio comienzo a la obra de construcci\u00f3n del primer Centro de Trasbordo de Santa Rosa, otro hito para la ciudad dise\u00f1ado con el objetivo de seguir jerarquizando la prestaci\u00f3n del servicio para mejorar la calidad de vida de m\u00e1s familias santarrose\u00f1as\u201d, agreg\u00f3 el texto.<\/p>\n\n\n\n<p>El <strong>nuevo Centro de Trasbordo beneficiar\u00e1 a m\u00e1s de 4 mil personas usuarias que utilizan diariamente el servicio en el lugar. Contar\u00e1 con dos refugios protegidos, uno en Mansilla y otro sobre Rivadavia<\/strong>, con una cobertura total de 120 metros cuadrados. El objetivo principal es dar continuidad a la jerarquizaci\u00f3n del Ente Municipal de Transporte Urbano de Pasajeros (EMTU) en todos sus aspectos.<\/p>\n\n\n\n<p>\u201cLa obra realizada, ser\u00e1 novedosa en t\u00e9rminos de accesibilidad e innovaci\u00f3n.<strong> Permitir\u00e1 a las y los usuarios acceder a las unidades de manera segura y accesible, y adem\u00e1s contar con informaci\u00f3n tanto est\u00e1tica como digital del servicio al momento a trav\u00e9s de pantallas predictivas<\/strong>\u201d, enfatiz\u00f3 el municipio santarrose\u00f1o.<\/p>\n\n\n\n<p>Otro de los beneficios que plantea la obra es la revalorizaci\u00f3n de la zona desde una perspectiva sustentable. Los 120 metros que cubrir\u00e1 la intervenci\u00f3n fueron dise\u00f1ados por t\u00e9cnicos del municipio de manera armoniosa con el entorno del Parque Oliver. La premisa fundamental ser\u00e1 conservar los ejemplares arb\u00f3reos que se encuentran en el lugar. Estos ser\u00e1n integrados a la estructura con el objetivo de lograr un equilibrio entre el mobiliario y la flora de este pulm\u00f3n verde de la ciudad.<\/p>\n\n\n\n<p>\u201cUn aspecto fundamental de la obra en este sentido ser\u00e1 la incorporaci\u00f3n de nuevas luminarias LED. Esto brindar\u00e1 mayor luminosidad y seguridad en todo el per\u00edmetro. Tambi\u00e9n se colocar\u00e1n bicicleteros y cestos de basura diferenciados para promover la separaci\u00f3n y el cuidado del ambiente\u201d, detall\u00f3 el municipio.<\/p>\n\n\n\n<p>Adem\u00e1s, se conectar\u00e1 de manera directa con la localidad de Toay a trav\u00e9s de la l\u00ednea \u201cSanta Rosa-Toay\u201d. Contar\u00e1 con una parada que permitir\u00e1 a usuarios y usuarias no solamente trasladarse en la capital pampeana sino tambi\u00e9n realizar el trasbordo hacia Toay.<\/p>\n","protected":false},"excerpt":{"rendered":"<p>La Municipalidad de Santa Rosa destac\u00f3 los tres a\u00f1os de la municipalizaci\u00f3n del servicio de transporte urbano de pasajeros y que comenz\u00f3 el 1 de junio de 2020. Adem\u00e1s, remarc\u00f3&hellip;<\/p>\n","protected":false},"author":5,"featured_media":227458,"comment_status":"closed","ping_status":"open","sticky":false,"template":"","format":"standard","meta":{"_acf_changed":false,"footnotes":""},"categories":[1,11,12],"tags":[3180,5917],"class_list":["post-227457","post","type-post","status-publish","format-standard","has-post-thumbnail","hentry","category-es-noticia","category-que-pasa","category-sociedad","tag-emtu","tag-transporte-urbano-de-pasajeros"],"acf":[],"yoast_head":"<!-- This site is optimized with the Yoast SEO plugin v27.5 - https:\/\/yoast.com\/product\/yoast-seo-wordpress\/ -->\n<title>EMTU: a 3 a\u00f1os de la municipalizaci\u00f3n del transporte urbano - Diario Textual<\/title>\n<meta name=\"robots\" content=\"index, follow, max-snippet:-1, max-image-preview:large, max-video-preview:-1\" \/>\n<link rel=\"canonical\" href=\"https:\/\/diariotextual.com\/inicio\/index.php\/2023\/06\/03\/emtu-a-los-3-anos-de-la-municipalizacion-del-transporte-urbano\/\" \/>\n<meta property=\"og:locale\" content=\"es_ES\" \/>\n<meta property=\"og:type\" content=\"article\" \/>\n<meta property=\"og:title\" content=\"EMTU: a 3 a\u00f1os de la municipalizaci\u00f3n del transporte urbano - Diario Textual\" \/>\n<meta property=\"og:description\" content=\"La Municipalidad de Santa Rosa destac\u00f3 los tres a\u00f1os de la municipalizaci\u00f3n del servicio de transporte urbano de pasajeros y que comenz\u00f3 el 1 de junio de 2020. Adem\u00e1s, remarc\u00f3&hellip;\" \/>\n<meta property=\"og:url\" content=\"https:\/\/diariotextual.com\/inicio\/index.php\/2023\/06\/03\/emtu-a-los-3-anos-de-la-municipalizacion-del-transporte-urbano\/\" \/>\n<meta property=\"og:site_name\" content=\"Diario Textual\" \/>\n<meta property=\"article:publisher\" content=\"https:\/\/www.facebook.com\/eltextual\" \/>\n<meta property=\"article:published_time\" content=\"2023-06-03T21:51:35+00:00\" \/>\n<meta property=\"article:modified_time\" content=\"2023-06-04T12:15:03+00:00\" \/>\n<meta property=\"og:image\" content=\"https:\/\/diariotextual.com\/inicio\/wp-content\/uploads\/2023\/06\/EMTUtransporte.jpg\" \/>\n\t<meta property=\"og:image:width\" content=\"900\" \/>\n\t<meta property=\"og:image:height\" content=\"536\" \/>\n\t<meta property=\"og:image:type\" content=\"image\/jpeg\" \/>\n<meta name=\"author\" content=\"diario3\" \/>\n<meta name=\"twitter:card\" content=\"summary_large_image\" \/>\n<meta name=\"twitter:creator\" content=\"@eltextual\" \/>\n<meta name=\"twitter:site\" content=\"@eltextual\" \/>\n<meta name=\"twitter:label1\" content=\"Escrito por\" \/>\n\t<meta name=\"twitter:data1\" content=\"diario3\" \/>\n\t<meta name=\"twitter:label2\" content=\"Tiempo de lectura\" \/>\n\t<meta name=\"twitter:data2\" content=\"3 minutos\" \/>\n<script type=\"application\/ld+json\" class=\"yoast-schema-graph\">{\"@context\":\"https:\\\/\\\/schema.org\",\"@graph\":[{\"@type\":\"Article\",\"@id\":\"https:\\\/\\\/diariotextual.com\\\/inicio\\\/index.php\\\/2023\\\/06\\\/03\\\/emtu-a-los-3-anos-de-la-municipalizacion-del-transporte-urbano\\\/#article\",\"isPartOf\":{\"@id\":\"https:\\\/\\\/diariotextual.com\\\/inicio\\\/index.php\\\/2023\\\/06\\\/03\\\/emtu-a-los-3-anos-de-la-municipalizacion-del-transporte-urbano\\\/\"},\"author\":{\"name\":\"diario3\",\"@id\":\"https:\\\/\\\/diariotextual.com\\\/inicio\\\/#\\\/schema\\\/person\\\/a1b6f563e0ee944c60f98119389a4d9f\"},\"headline\":\"EMTU: a 3 a\u00f1os de la municipalizaci\u00f3n del transporte urbano\",\"datePublished\":\"2023-06-03T21:51:35+00:00\",\"dateModified\":\"2023-06-04T12:15:03+00:00\",\"mainEntityOfPage\":{\"@id\":\"https:\\\/\\\/diariotextual.com\\\/inicio\\\/index.php\\\/2023\\\/06\\\/03\\\/emtu-a-los-3-anos-de-la-municipalizacion-del-transporte-urbano\\\/\"},\"wordCount\":582,\"publisher\":{\"@id\":\"https:\\\/\\\/diariotextual.com\\\/inicio\\\/#organization\"},\"image\":{\"@id\":\"https:\\\/\\\/diariotextual.com\\\/inicio\\\/index.php\\\/2023\\\/06\\\/03\\\/emtu-a-los-3-anos-de-la-municipalizacion-del-transporte-urbano\\\/#primaryimage\"},\"thumbnailUrl\":\"https:\\\/\\\/diariotextual.com\\\/inicio\\\/wp-content\\\/uploads\\\/2023\\\/06\\\/EMTUtransporte.jpg\",\"keywords\":[\"emtu\",\"transporte urbano de pasajeros\"],\"articleSection\":[\"A - ES NOTICIA (van abajo)\",\"A - QUE PASA (al costado)\",\"SOCIEDAD\"],\"inLanguage\":\"es\"},{\"@type\":\"WebPage\",\"@id\":\"https:\\\/\\\/diariotextual.com\\\/inicio\\\/index.php\\\/2023\\\/06\\\/03\\\/emtu-a-los-3-anos-de-la-municipalizacion-del-transporte-urbano\\\/\",\"url\":\"https:\\\/\\\/diariotextual.com\\\/inicio\\\/index.php\\\/2023\\\/06\\\/03\\\/emtu-a-los-3-anos-de-la-municipalizacion-del-transporte-urbano\\\/\",\"name\":\"EMTU: a 3 a\u00f1os de la municipalizaci\u00f3n del transporte urbano - Diario Textual\",\"isPartOf\":{\"@id\":\"https:\\\/\\\/diariotextual.com\\\/inicio\\\/#website\"},\"primaryImageOfPage\":{\"@id\":\"https:\\\/\\\/diariotextual.com\\\/inicio\\\/index.php\\\/2023\\\/06\\\/03\\\/emtu-a-los-3-anos-de-la-municipalizacion-del-transporte-urbano\\\/#primaryimage\"},\"image\":{\"@id\":\"https:\\\/\\\/diariotextual.com\\\/inicio\\\/index.php\\\/2023\\\/06\\\/03\\\/emtu-a-los-3-anos-de-la-municipalizacion-del-transporte-urbano\\\/#primaryimage\"},\"thumbnailUrl\":\"https:\\\/\\\/diariotextual.com\\\/inicio\\\/wp-content\\\/uploads\\\/2023\\\/06\\\/EMTUtransporte.jpg\",\"datePublished\":\"2023-06-03T21:51:35+00:00\",\"dateModified\":\"2023-06-04T12:15:03+00:00\",\"breadcrumb\":{\"@id\":\"https:\\\/\\\/diariotextual.com\\\/inicio\\\/index.php\\\/2023\\\/06\\\/03\\\/emtu-a-los-3-anos-de-la-municipalizacion-del-transporte-urbano\\\/#breadcrumb\"},\"inLanguage\":\"es\",\"potentialAction\":[{\"@type\":\"ReadAction\",\"target\":[\"https:\\\/\\\/diariotextual.com\\\/inicio\\\/index.php\\\/2023\\\/06\\\/03\\\/emtu-a-los-3-anos-de-la-municipalizacion-del-transporte-urbano\\\/\"]}]},{\"@type\":\"ImageObject\",\"inLanguage\":\"es\",\"@id\":\"https:\\\/\\\/diariotextual.com\\\/inicio\\\/index.php\\\/2023\\\/06\\\/03\\\/emtu-a-los-3-anos-de-la-municipalizacion-del-transporte-urbano\\\/#primaryimage\",\"url\":\"https:\\\/\\\/diariotextual.com\\\/inicio\\\/wp-content\\\/uploads\\\/2023\\\/06\\\/EMTUtransporte.jpg\",\"contentUrl\":\"https:\\\/\\\/diariotextual.com\\\/inicio\\\/wp-content\\\/uploads\\\/2023\\\/06\\\/EMTUtransporte.jpg\",\"width\":900,\"height\":536},{\"@type\":\"BreadcrumbList\",\"@id\":\"https:\\\/\\\/diariotextual.com\\\/inicio\\\/index.php\\\/2023\\\/06\\\/03\\\/emtu-a-los-3-anos-de-la-municipalizacion-del-transporte-urbano\\\/#breadcrumb\",\"itemListElement\":[{\"@type\":\"ListItem\",\"position\":1,\"name\":\"Portada\",\"item\":\"https:\\\/\\\/diariotextual.com\\\/inicio\\\/\"},{\"@type\":\"ListItem\",\"position\":2,\"name\":\"EMTU: a 3 a\u00f1os de la municipalizaci\u00f3n del transporte urbano\"}]},{\"@type\":\"WebSite\",\"@id\":\"https:\\\/\\\/diariotextual.com\\\/inicio\\\/#website\",\"url\":\"https:\\\/\\\/diariotextual.com\\\/inicio\\\/\",\"name\":\"Diario Textual\",\"description\":\"\",\"publisher\":{\"@id\":\"https:\\\/\\\/diariotextual.com\\\/inicio\\\/#organization\"},\"potentialAction\":[{\"@type\":\"SearchAction\",\"target\":{\"@type\":\"EntryPoint\",\"urlTemplate\":\"https:\\\/\\\/diariotextual.com\\\/inicio\\\/?s={search_term_string}\"},\"query-input\":{\"@type\":\"PropertyValueSpecification\",\"valueRequired\":true,\"valueName\":\"search_term_string\"}}],\"inLanguage\":\"es\"},{\"@type\":\"Organization\",\"@id\":\"https:\\\/\\\/diariotextual.com\\\/inicio\\\/#organization\",\"name\":\"Diario Textual\",\"url\":\"https:\\\/\\\/diariotextual.com\\\/inicio\\\/\",\"logo\":{\"@type\":\"ImageObject\",\"inLanguage\":\"es\",\"@id\":\"https:\\\/\\\/diariotextual.com\\\/inicio\\\/#\\\/schema\\\/logo\\\/image\\\/\",\"url\":\"https:\\\/\\\/diariotextual.com\\\/inicio\\\/wp-content\\\/uploads\\\/2023\\\/05\\\/logotextual1.jpg\",\"contentUrl\":\"https:\\\/\\\/diariotextual.com\\\/inicio\\\/wp-content\\\/uploads\\\/2023\\\/05\\\/logotextual1.jpg\",\"width\":516,\"height\":76,\"caption\":\"Diario Textual\"},\"image\":{\"@id\":\"https:\\\/\\\/diariotextual.com\\\/inicio\\\/#\\\/schema\\\/logo\\\/image\\\/\"},\"sameAs\":[\"https:\\\/\\\/www.facebook.com\\\/eltextual\",\"https:\\\/\\\/x.com\\\/eltextual\",\"http:\\\/\\\/www.instagram.com\\\/eltextual\"]},{\"@type\":\"Person\",\"@id\":\"https:\\\/\\\/diariotextual.com\\\/inicio\\\/#\\\/schema\\\/person\\\/a1b6f563e0ee944c60f98119389a4d9f\",\"name\":\"diario3\",\"image\":{\"@type\":\"ImageObject\",\"inLanguage\":\"es\",\"@id\":\"https:\\\/\\\/secure.gravatar.com\\\/avatar\\\/5e7ee62c82fc04d9dd79d746a390d93c69c43223e5faeeb3ea9461ef752bfc5d?s=96&d=mm&r=g\",\"url\":\"https:\\\/\\\/secure.gravatar.com\\\/avatar\\\/5e7ee62c82fc04d9dd79d746a390d93c69c43223e5faeeb3ea9461ef752bfc5d?s=96&d=mm&r=g\",\"contentUrl\":\"https:\\\/\\\/secure.gravatar.com\\\/avatar\\\/5e7ee62c82fc04d9dd79d746a390d93c69c43223e5faeeb3ea9461ef752bfc5d?s=96&d=mm&r=g\",\"caption\":\"diario3\"},\"url\":\"https:\\\/\\\/diariotextual.com\\\/inicio\\\/index.php\\\/author\\\/diario3\\\/\"}]}<\/script>\n<!-- \/ Yoast SEO plugin. -->","yoast_head_json":{"title":"EMTU: a 3 a\u00f1os de la municipalizaci\u00f3n del transporte urbano - Diario Textual","robots":{"index":"index","follow":"follow","max-snippet":"max-snippet:-1","max-image-preview":"max-image-preview:large","max-video-preview":"max-video-preview:-1"},"canonical":"https:\/\/diariotextual.com\/inicio\/index.php\/2023\/06\/03\/emtu-a-los-3-anos-de-la-municipalizacion-del-transporte-urbano\/","og_locale":"es_ES","og_type":"article","og_title":"EMTU: a 3 a\u00f1os de la municipalizaci\u00f3n del transporte urbano - Diario Textual","og_description":"La Municipalidad de Santa Rosa destac\u00f3 los tres a\u00f1os de la municipalizaci\u00f3n del servicio de transporte urbano de pasajeros y que comenz\u00f3 el 1 de junio de 2020. Adem\u00e1s, remarc\u00f3&hellip;","og_url":"https:\/\/diariotextual.com\/inicio\/index.php\/2023\/06\/03\/emtu-a-los-3-anos-de-la-municipalizacion-del-transporte-urbano\/","og_site_name":"Diario Textual","article_publisher":"https:\/\/www.facebook.com\/eltextual","article_published_time":"2023-06-03T21:51:35+00:00","article_modified_time":"2023-06-04T12:15:03+00:00","og_image":[{"width":900,"height":536,"url":"https:\/\/diariotextual.com\/inicio\/wp-content\/uploads\/2023\/06\/EMTUtransporte.jpg","type":"image\/jpeg"}],"author":"diario3","twitter_card":"summary_large_image","twitter_creator":"@eltextual","twitter_site":"@eltextual","twitter_misc":{"Escrito por":"diario3","Tiempo de lectura":"3 minutos"},"schema":{"@context":"https:\/\/schema.org","@graph":[{"@type":"Article","@id":"https:\/\/diariotextual.com\/inicio\/index.php\/2023\/06\/03\/emtu-a-los-3-anos-de-la-municipalizacion-del-transporte-urbano\/#article","isPartOf":{"@id":"https:\/\/diariotextual.com\/inicio\/index.php\/2023\/06\/03\/emtu-a-los-3-anos-de-la-municipalizacion-del-transporte-urbano\/"},"author":{"name":"diario3","@id":"https:\/\/diariotextual.com\/inicio\/#\/schema\/person\/a1b6f563e0ee944c60f98119389a4d9f"},"headline":"EMTU: a 3 a\u00f1os de la municipalizaci\u00f3n del transporte urbano","datePublished":"2023-06-03T21:51:35+00:00","dateModified":"2023-06-04T12:15:03+00:00","mainEntityOfPage":{"@id":"https:\/\/diariotextual.com\/inicio\/index.php\/2023\/06\/03\/emtu-a-los-3-anos-de-la-municipalizacion-del-transporte-urbano\/"},"wordCount":582,"publisher":{"@id":"https:\/\/diariotextual.com\/inicio\/#organization"},"image":{"@id":"https:\/\/diariotextual.com\/inicio\/index.php\/2023\/06\/03\/emtu-a-los-3-anos-de-la-municipalizacion-del-transporte-urbano\/#primaryimage"},"thumbnailUrl":"https:\/\/diariotextual.com\/inicio\/wp-content\/uploads\/2023\/06\/EMTUtransporte.jpg","keywords":["emtu","transporte urbano de pasajeros"],"articleSection":["A - ES NOTICIA (van abajo)","A - QUE PASA (al costado)","SOCIEDAD"],"inLanguage":"es"},{"@type":"WebPage","@id":"https:\/\/diariotextual.com\/inicio\/index.php\/2023\/06\/03\/emtu-a-los-3-anos-de-la-municipalizacion-del-transporte-urbano\/","url":"https:\/\/diariotextual.com\/inicio\/index.php\/2023\/06\/03\/emtu-a-los-3-anos-de-la-municipalizacion-del-transporte-urbano\/","name":"EMTU: a 3 a\u00f1os de la municipalizaci\u00f3n del transporte urbano - Diario Textual","isPartOf":{"@id":"https:\/\/diariotextual.com\/inicio\/#website"},"primaryImageOfPage":{"@id":"https:\/\/diariotextual.com\/inicio\/index.php\/2023\/06\/03\/emtu-a-los-3-anos-de-la-municipalizacion-del-transporte-urbano\/#primaryimage"},"image":{"@id":"https:\/\/diariotextual.com\/inicio\/index.php\/2023\/06\/03\/emtu-a-los-3-anos-de-la-municipalizacion-del-transporte-urbano\/#primaryimage"},"thumbnailUrl":"https:\/\/diariotextual.com\/inicio\/wp-content\/uploads\/2023\/06\/EMTUtransporte.jpg","datePublished":"2023-06-03T21:51:35+00:00","dateModified":"2023-06-04T12:15:03+00:00","breadcrumb":{"@id":"https:\/\/diariotextual.com\/inicio\/index.php\/2023\/06\/03\/emtu-a-los-3-anos-de-la-municipalizacion-del-transporte-urbano\/#breadcrumb"},"inLanguage":"es","potentialAction":[{"@type":"ReadAction","target":["https:\/\/diariotextual.com\/inicio\/index.php\/2023\/06\/03\/emtu-a-los-3-anos-de-la-municipalizacion-del-transporte-urbano\/"]}]},{"@type":"ImageObject","inLanguage":"es","@id":"https:\/\/diariotextual.com\/inicio\/index.php\/2023\/06\/03\/emtu-a-los-3-anos-de-la-municipalizacion-del-transporte-urbano\/#primaryimage","url":"https:\/\/diariotextual.com\/inicio\/wp-content\/uploads\/2023\/06\/EMTUtransporte.jpg","contentUrl":"https:\/\/diariotextual.com\/inicio\/wp-content\/uploads\/2023\/06\/EMTUtransporte.jpg","width":900,"height":536},{"@type":"BreadcrumbList","@id":"https:\/\/diariotextual.com\/inicio\/index.php\/2023\/06\/03\/emtu-a-los-3-anos-de-la-municipalizacion-del-transporte-urbano\/#breadcrumb","itemListElement":[{"@type":"ListItem","position":1,"name":"Portada","item":"https:\/\/diariotextual.com\/inicio\/"},{"@type":"ListItem","position":2,"name":"EMTU: a 3 a\u00f1os de la municipalizaci\u00f3n del transporte urbano"}]},{"@type":"WebSite","@id":"https:\/\/diariotextual.com\/inicio\/#website","url":"https:\/\/diariotextual.com\/inicio\/","name":"Diario Textual","description":"","publisher":{"@id":"https:\/\/diariotextual.com\/inicio\/#organization"},"potentialAction":[{"@type":"SearchAction","target":{"@type":"EntryPoint","urlTemplate":"https:\/\/diariotextual.com\/inicio\/?s={search_term_string}"},"query-input":{"@type":"PropertyValueSpecification","valueRequired":true,"valueName":"search_term_string"}}],"inLanguage":"es"},{"@type":"Organization","@id":"https:\/\/diariotextual.com\/inicio\/#organization","name":"Diario Textual","url":"https:\/\/diariotextual.com\/inicio\/","logo":{"@type":"ImageObject","inLanguage":"es","@id":"https:\/\/diariotextual.com\/inicio\/#\/schema\/logo\/image\/","url":"https:\/\/diariotextual.com\/inicio\/wp-content\/uploads\/2023\/05\/logotextual1.jpg","contentUrl":"https:\/\/diariotextual.com\/inicio\/wp-content\/uploads\/2023\/05\/logotextual1.jpg","width":516,"height":76,"caption":"Diario Textual"},"image":{"@id":"https:\/\/diariotextual.com\/inicio\/#\/schema\/logo\/image\/"},"sameAs":["https:\/\/www.facebook.com\/eltextual","https:\/\/x.com\/eltextual","http:\/\/www.instagram.com\/eltextual"]},{"@type":"Person","@id":"https:\/\/diariotextual.com\/inicio\/#\/schema\/person\/a1b6f563e0ee944c60f98119389a4d9f","name":"diario3","image":{"@type":"ImageObject","inLanguage":"es","@id":"https:\/\/secure.gravatar.com\/avatar\/5e7ee62c82fc04d9dd79d746a390d93c69c43223e5faeeb3ea9461ef752bfc5d?s=96&d=mm&r=g","url":"https:\/\/secure.gravatar.com\/avatar\/5e7ee62c82fc04d9dd79d746a390d93c69c43223e5faeeb3ea9461ef752bfc5d?s=96&d=mm&r=g","contentUrl":"https:\/\/secure.gravatar.com\/avatar\/5e7ee62c82fc04d9dd79d746a390d93c69c43223e5faeeb3ea9461ef752bfc5d?s=96&d=mm&r=g","caption":"diario3"},"url":"https:\/\/diariotextual.com\/inicio\/index.php\/author\/diario3\/"}]}},"_links":{"self":[{"href":"https:\/\/diariotextual.com\/inicio\/index.php\/wp-json\/wp\/v2\/posts\/227457","targetHints":{"allow":["GET"]}}],"collection":[{"href":"https:\/\/diariotextual.com\/inicio\/index.php\/wp-json\/wp\/v2\/posts"}],"about":[{"href":"https:\/\/diariotextual.com\/inicio\/index.php\/wp-json\/wp\/v2\/types\/post"}],"author":[{"embeddable":true,"href":"https:\/\/diariotextual.com\/inicio\/index.php\/wp-json\/wp\/v2\/users\/5"}],"replies":[{"embeddable":true,"href":"https:\/\/diariotextual.com\/inicio\/index.php\/wp-json\/wp\/v2\/comments?post=227457"}],"version-history":[{"count":2,"href":"https:\/\/diariotextual.com\/inicio\/index.php\/wp-json\/wp\/v2\/posts\/227457\/revisions"}],"predecessor-version":[{"id":227460,"href":"https:\/\/diariotextual.com\/inicio\/index.php\/wp-json\/wp\/v2\/posts\/227457\/revisions\/227460"}],"wp:featuredmedia":[{"embeddable":true,"href":"https:\/\/diariotextual.com\/inicio\/index.php\/wp-json\/wp\/v2\/media\/227458"}],"wp:attachment":[{"href":"https:\/\/diariotextual.com\/inicio\/index.php\/wp-json\/wp\/v2\/media?parent=227457"}],"wp:term":[{"taxonomy":"category","embeddable":true,"href":"https:\/\/diariotextual.com\/inicio\/index.php\/wp-json\/wp\/v2\/categories?post=227457"},{"taxonomy":"post_tag","embeddable":true,"href":"https:\/\/diariotextual.com\/inicio\/index.php\/wp-json\/wp\/v2\/tags?post=227457"}],"curies":[{"name":"wp","href":"https:\/\/api.w.org\/{rel}","templated":true}]}}