{"id":227463,"date":"2023-06-03T19:30:55","date_gmt":"2023-06-03T22:30:55","guid":{"rendered":"https:\/\/diariotextual.com\/inicio\/?p=227463"},"modified":"2023-06-03T19:30:57","modified_gmt":"2023-06-03T22:30:57","slug":"importante-jornada-informativa-sobre-el-registro-de-tumores","status":"publish","type":"post","link":"https:\/\/diariotextual.com\/inicio\/index.php\/2023\/06\/03\/importante-jornada-informativa-sobre-el-registro-de-tumores\/","title":{"rendered":"Importante jornada informativa sobre el registro de tumores"},"content":{"rendered":"\n<p>Organizada por el Ministerio de Salud del Gobierno de la provincia de La Pampa, se llev\u00f3 a cabo una jornada de intercambio entre profesionales de ambos subsectores de salud, que trabajan en relaci\u00f3n con la detecci\u00f3n de la enfermedad del c\u00e1ncer. Con el fin de conocer y ampliar datos que aporten informaci\u00f3n al desarrollo del Registro Poblacional de Neoplasias Malignas, es que se llev\u00f3 a cabo esta reuni\u00f3n de intercambio de opiniones, luego de que se&nbsp; presentaran los avances logrados en la recopilaci\u00f3n de datos y su&nbsp; an\u00e1lisis epidemiol\u00f3gico.<\/p>\n\n\n\n<p>El Gobierno de La Pampa, en el a\u00f1o 2003, promulg\u00f3 la Ley N\u00ba 2031 de Creaci\u00f3n del Registro Poblacional de Neoplasias Malignas y su Decreto Reglamentario 1910\/2003, la cual prioriza el abordaje de la problem\u00e1tica del c\u00e1ncer, dado que esta enfermedad ocupa el segundo lugar de incidencia en la mortalidad en la provincia.<\/p>\n\n\n\n<p>Por este&nbsp; motivo se cre\u00f3 el Registro Poblacional de Tumores, el cual tiene como&nbsp; objetivo el registro continuo y sistem\u00e1tico de datos sobre la ocurrencia de esta enfermedad y sus determinantes; las caracter\u00edsticas de los pacientes y los resultados de la atenci\u00f3n en los servicios de salud; a fin de transformarlos en informaci\u00f3n \u00fatil para la poblaci\u00f3n, los \u00e1mbitos acad\u00e9micos e investigadores, la planificaci\u00f3n de pol\u00edticas de control del c\u00e1ncer y la evaluaci\u00f3n del impacto de las mismas.<\/p>\n\n\n\n<p>La ley obliga a los profesionales m\u00e9dicos y odont\u00f3logos de ambos subsectores de salud a notificar el diagn\u00f3stico de tumores malignos. Estas notificaciones son subidas al Sistema de Informaci\u00f3n en Salud (SIS) de La Pampa, el cual re\u00fane los recursos necesarios para garantizar la seguridad y confidencialidad requerida, en cumplimiento de lo establecido en la ley sobre la protecci\u00f3n de datos personales. Cuando los datos son parte del sistema son analizados por la Direcci\u00f3n de Epidemiolog\u00eda cuya devoluci\u00f3n se propicia mediante el an\u00e1lisis epidemiol\u00f3gico. Los datos cargados al sistema son analizados por la Direcci\u00f3n de Epidemiolog\u00eda y su devoluci\u00f3n brinda la informaci\u00f3n apropiada para el conocimiento e investigaci\u00f3n permitiendo un avance significativo en el control de esta enfermedad y en la toma decisiones en base al conocimiento.<\/p>\n","protected":false},"excerpt":{"rendered":"<p>Organizada por el Ministerio de Salud del Gobierno de la provincia de La Pampa, se llev\u00f3 a cabo una jornada de intercambio entre profesionales de ambos subsectores de salud, que&hellip;<\/p>\n","protected":false},"author":3,"featured_media":227464,"comment_status":"closed","ping_status":"open","sticky":false,"template":"","format":"standard","meta":{"_acf_changed":false,"footnotes":""},"categories":[1,12],"tags":[],"class_list":["post-227463","post","type-post","status-publish","format-standard","has-post-thumbnail","hentry","category-es-noticia","category-sociedad"],"acf":[],"yoast_head":"<!-- This site is optimized with the Yoast SEO plugin v27.5 - https:\/\/yoast.com\/product\/yoast-seo-wordpress\/ -->\n<title>Importante jornada informativa sobre el registro de tumores - Diario Textual<\/title>\n<meta name=\"robots\" content=\"index, follow, max-snippet:-1, max-image-preview:large, max-video-preview:-1\" \/>\n<link rel=\"canonical\" href=\"https:\/\/diariotextual.com\/inicio\/index.php\/2023\/06\/03\/importante-jornada-informativa-sobre-el-registro-de-tumores\/\" \/>\n<meta property=\"og:locale\" content=\"es_ES\" \/>\n<meta property=\"og:type\" content=\"article\" \/>\n<meta property=\"og:title\" content=\"Importante jornada informativa sobre el registro de tumores - Diario Textual\" \/>\n<meta property=\"og:description\" content=\"Organizada por el Ministerio de Salud del Gobierno de la provincia de La Pampa, se llev\u00f3 a cabo una jornada de intercambio entre profesionales de ambos subsectores de salud, que&hellip;\" \/>\n<meta property=\"og:url\" content=\"https:\/\/diariotextual.com\/inicio\/index.php\/2023\/06\/03\/importante-jornada-informativa-sobre-el-registro-de-tumores\/\" \/>\n<meta property=\"og:site_name\" content=\"Diario Textual\" \/>\n<meta property=\"article:publisher\" content=\"https:\/\/www.facebook.com\/eltextual\" \/>\n<meta property=\"article:published_time\" content=\"2023-06-03T22:30:55+00:00\" \/>\n<meta property=\"article:modified_time\" content=\"2023-06-03T22:30:57+00:00\" \/>\n<meta property=\"og:image\" content=\"https:\/\/diariotextual.com\/inicio\/wp-content\/uploads\/2023\/06\/tumoresregistroreunion2023-1.jpeg\" \/>\n\t<meta property=\"og:image:width\" content=\"1280\" \/>\n\t<meta property=\"og:image:height\" content=\"906\" \/>\n\t<meta property=\"og:image:type\" content=\"image\/jpeg\" \/>\n<meta name=\"author\" content=\"Diario1 Diario1\" \/>\n<meta name=\"twitter:card\" content=\"summary_large_image\" \/>\n<meta name=\"twitter:creator\" content=\"@eltextual\" \/>\n<meta name=\"twitter:site\" content=\"@eltextual\" \/>\n<meta name=\"twitter:label1\" content=\"Escrito por\" \/>\n\t<meta name=\"twitter:data1\" content=\"Diario1 Diario1\" \/>\n\t<meta name=\"twitter:label2\" content=\"Tiempo de lectura\" \/>\n\t<meta name=\"twitter:data2\" content=\"2 minutos\" \/>\n<script type=\"application\/ld+json\" class=\"yoast-schema-graph\">{\"@context\":\"https:\\\/\\\/schema.org\",\"@graph\":[{\"@type\":\"Article\",\"@id\":\"https:\\\/\\\/diariotextual.com\\\/inicio\\\/index.php\\\/2023\\\/06\\\/03\\\/importante-jornada-informativa-sobre-el-registro-de-tumores\\\/#article\",\"isPartOf\":{\"@id\":\"https:\\\/\\\/diariotextual.com\\\/inicio\\\/index.php\\\/2023\\\/06\\\/03\\\/importante-jornada-informativa-sobre-el-registro-de-tumores\\\/\"},\"author\":{\"name\":\"Diario1 Diario1\",\"@id\":\"https:\\\/\\\/diariotextual.com\\\/inicio\\\/#\\\/schema\\\/person\\\/418fc4093c33e86ed41562db3508f958\"},\"headline\":\"Importante jornada informativa sobre el registro de tumores\",\"datePublished\":\"2023-06-03T22:30:55+00:00\",\"dateModified\":\"2023-06-03T22:30:57+00:00\",\"mainEntityOfPage\":{\"@id\":\"https:\\\/\\\/diariotextual.com\\\/inicio\\\/index.php\\\/2023\\\/06\\\/03\\\/importante-jornada-informativa-sobre-el-registro-de-tumores\\\/\"},\"wordCount\":394,\"publisher\":{\"@id\":\"https:\\\/\\\/diariotextual.com\\\/inicio\\\/#organization\"},\"image\":{\"@id\":\"https:\\\/\\\/diariotextual.com\\\/inicio\\\/index.php\\\/2023\\\/06\\\/03\\\/importante-jornada-informativa-sobre-el-registro-de-tumores\\\/#primaryimage\"},\"thumbnailUrl\":\"https:\\\/\\\/diariotextual.com\\\/inicio\\\/wp-content\\\/uploads\\\/2023\\\/06\\\/tumoresregistroreunion2023-1.jpeg\",\"articleSection\":[\"A - ES NOTICIA (van abajo)\",\"SOCIEDAD\"],\"inLanguage\":\"es\"},{\"@type\":\"WebPage\",\"@id\":\"https:\\\/\\\/diariotextual.com\\\/inicio\\\/index.php\\\/2023\\\/06\\\/03\\\/importante-jornada-informativa-sobre-el-registro-de-tumores\\\/\",\"url\":\"https:\\\/\\\/diariotextual.com\\\/inicio\\\/index.php\\\/2023\\\/06\\\/03\\\/importante-jornada-informativa-sobre-el-registro-de-tumores\\\/\",\"name\":\"Importante jornada informativa sobre el registro de tumores - Diario Textual\",\"isPartOf\":{\"@id\":\"https:\\\/\\\/diariotextual.com\\\/inicio\\\/#website\"},\"primaryImageOfPage\":{\"@id\":\"https:\\\/\\\/diariotextual.com\\\/inicio\\\/index.php\\\/2023\\\/06\\\/03\\\/importante-jornada-informativa-sobre-el-registro-de-tumores\\\/#primaryimage\"},\"image\":{\"@id\":\"https:\\\/\\\/diariotextual.com\\\/inicio\\\/index.php\\\/2023\\\/06\\\/03\\\/importante-jornada-informativa-sobre-el-registro-de-tumores\\\/#primaryimage\"},\"thumbnailUrl\":\"https:\\\/\\\/diariotextual.com\\\/inicio\\\/wp-content\\\/uploads\\\/2023\\\/06\\\/tumoresregistroreunion2023-1.jpeg\",\"datePublished\":\"2023-06-03T22:30:55+00:00\",\"dateModified\":\"2023-06-03T22:30:57+00:00\",\"breadcrumb\":{\"@id\":\"https:\\\/\\\/diariotextual.com\\\/inicio\\\/index.php\\\/2023\\\/06\\\/03\\\/importante-jornada-informativa-sobre-el-registro-de-tumores\\\/#breadcrumb\"},\"inLanguage\":\"es\",\"potentialAction\":[{\"@type\":\"ReadAction\",\"target\":[\"https:\\\/\\\/diariotextual.com\\\/inicio\\\/index.php\\\/2023\\\/06\\\/03\\\/importante-jornada-informativa-sobre-el-registro-de-tumores\\\/\"]}]},{\"@type\":\"ImageObject\",\"inLanguage\":\"es\",\"@id\":\"https:\\\/\\\/diariotextual.com\\\/inicio\\\/index.php\\\/2023\\\/06\\\/03\\\/importante-jornada-informativa-sobre-el-registro-de-tumores\\\/#primaryimage\",\"url\":\"https:\\\/\\\/diariotextual.com\\\/inicio\\\/wp-content\\\/uploads\\\/2023\\\/06\\\/tumoresregistroreunion2023-1.jpeg\",\"contentUrl\":\"https:\\\/\\\/diariotextual.com\\\/inicio\\\/wp-content\\\/uploads\\\/2023\\\/06\\\/tumoresregistroreunion2023-1.jpeg\",\"width\":1280,\"height\":906},{\"@type\":\"BreadcrumbList\",\"@id\":\"https:\\\/\\\/diariotextual.com\\\/inicio\\\/index.php\\\/2023\\\/06\\\/03\\\/importante-jornada-informativa-sobre-el-registro-de-tumores\\\/#breadcrumb\",\"itemListElement\":[{\"@type\":\"ListItem\",\"position\":1,\"name\":\"Portada\",\"item\":\"https:\\\/\\\/diariotextual.com\\\/inicio\\\/\"},{\"@type\":\"ListItem\",\"position\":2,\"name\":\"Importante jornada informativa sobre el registro de tumores\"}]},{\"@type\":\"WebSite\",\"@id\":\"https:\\\/\\\/diariotextual.com\\\/inicio\\\/#website\",\"url\":\"https:\\\/\\\/diariotextual.com\\\/inicio\\\/\",\"name\":\"Diario Textual\",\"description\":\"\",\"publisher\":{\"@id\":\"https:\\\/\\\/diariotextual.com\\\/inicio\\\/#organization\"},\"potentialAction\":[{\"@type\":\"SearchAction\",\"target\":{\"@type\":\"EntryPoint\",\"urlTemplate\":\"https:\\\/\\\/diariotextual.com\\\/inicio\\\/?s={search_term_string}\"},\"query-input\":{\"@type\":\"PropertyValueSpecification\",\"valueRequired\":true,\"valueName\":\"search_term_string\"}}],\"inLanguage\":\"es\"},{\"@type\":\"Organization\",\"@id\":\"https:\\\/\\\/diariotextual.com\\\/inicio\\\/#organization\",\"name\":\"Diario Textual\",\"url\":\"https:\\\/\\\/diariotextual.com\\\/inicio\\\/\",\"logo\":{\"@type\":\"ImageObject\",\"inLanguage\":\"es\",\"@id\":\"https:\\\/\\\/diariotextual.com\\\/inicio\\\/#\\\/schema\\\/logo\\\/image\\\/\",\"url\":\"https:\\\/\\\/diariotextual.com\\\/inicio\\\/wp-content\\\/uploads\\\/2023\\\/05\\\/logotextual1.jpg\",\"contentUrl\":\"https:\\\/\\\/diariotextual.com\\\/inicio\\\/wp-content\\\/uploads\\\/2023\\\/05\\\/logotextual1.jpg\",\"width\":516,\"height\":76,\"caption\":\"Diario Textual\"},\"image\":{\"@id\":\"https:\\\/\\\/diariotextual.com\\\/inicio\\\/#\\\/schema\\\/logo\\\/image\\\/\"},\"sameAs\":[\"https:\\\/\\\/www.facebook.com\\\/eltextual\",\"https:\\\/\\\/x.com\\\/eltextual\",\"http:\\\/\\\/www.instagram.com\\\/eltextual\"]},{\"@type\":\"Person\",\"@id\":\"https:\\\/\\\/diariotextual.com\\\/inicio\\\/#\\\/schema\\\/person\\\/418fc4093c33e86ed41562db3508f958\",\"name\":\"Diario1 Diario1\",\"image\":{\"@type\":\"ImageObject\",\"inLanguage\":\"es\",\"@id\":\"https:\\\/\\\/secure.gravatar.com\\\/avatar\\\/9167d280179c85bc18be67aa7eda765854300033af4896dd779b608640f2ef7a?s=96&d=mm&r=g\",\"url\":\"https:\\\/\\\/secure.gravatar.com\\\/avatar\\\/9167d280179c85bc18be67aa7eda765854300033af4896dd779b608640f2ef7a?s=96&d=mm&r=g\",\"contentUrl\":\"https:\\\/\\\/secure.gravatar.com\\\/avatar\\\/9167d280179c85bc18be67aa7eda765854300033af4896dd779b608640f2ef7a?s=96&d=mm&r=g\",\"caption\":\"Diario1 Diario1\"},\"url\":\"https:\\\/\\\/diariotextual.com\\\/inicio\\\/index.php\\\/author\\\/diario1\\\/\"}]}<\/script>\n<!-- \/ Yoast SEO plugin. -->","yoast_head_json":{"title":"Importante jornada informativa sobre el registro de tumores - Diario Textual","robots":{"index":"index","follow":"follow","max-snippet":"max-snippet:-1","max-image-preview":"max-image-preview:large","max-video-preview":"max-video-preview:-1"},"canonical":"https:\/\/diariotextual.com\/inicio\/index.php\/2023\/06\/03\/importante-jornada-informativa-sobre-el-registro-de-tumores\/","og_locale":"es_ES","og_type":"article","og_title":"Importante jornada informativa sobre el registro de tumores - Diario Textual","og_description":"Organizada por el Ministerio de Salud del Gobierno de la provincia de La Pampa, se llev\u00f3 a cabo una jornada de intercambio entre profesionales de ambos subsectores de salud, que&hellip;","og_url":"https:\/\/diariotextual.com\/inicio\/index.php\/2023\/06\/03\/importante-jornada-informativa-sobre-el-registro-de-tumores\/","og_site_name":"Diario Textual","article_publisher":"https:\/\/www.facebook.com\/eltextual","article_published_time":"2023-06-03T22:30:55+00:00","article_modified_time":"2023-06-03T22:30:57+00:00","og_image":[{"width":1280,"height":906,"url":"https:\/\/diariotextual.com\/inicio\/wp-content\/uploads\/2023\/06\/tumoresregistroreunion2023-1.jpeg","type":"image\/jpeg"}],"author":"Diario1 Diario1","twitter_card":"summary_large_image","twitter_creator":"@eltextual","twitter_site":"@eltextual","twitter_misc":{"Escrito por":"Diario1 Diario1","Tiempo de lectura":"2 minutos"},"schema":{"@context":"https:\/\/schema.org","@graph":[{"@type":"Article","@id":"https:\/\/diariotextual.com\/inicio\/index.php\/2023\/06\/03\/importante-jornada-informativa-sobre-el-registro-de-tumores\/#article","isPartOf":{"@id":"https:\/\/diariotextual.com\/inicio\/index.php\/2023\/06\/03\/importante-jornada-informativa-sobre-el-registro-de-tumores\/"},"author":{"name":"Diario1 Diario1","@id":"https:\/\/diariotextual.com\/inicio\/#\/schema\/person\/418fc4093c33e86ed41562db3508f958"},"headline":"Importante jornada informativa sobre el registro de tumores","datePublished":"2023-06-03T22:30:55+00:00","dateModified":"2023-06-03T22:30:57+00:00","mainEntityOfPage":{"@id":"https:\/\/diariotextual.com\/inicio\/index.php\/2023\/06\/03\/importante-jornada-informativa-sobre-el-registro-de-tumores\/"},"wordCount":394,"publisher":{"@id":"https:\/\/diariotextual.com\/inicio\/#organization"},"image":{"@id":"https:\/\/diariotextual.com\/inicio\/index.php\/2023\/06\/03\/importante-jornada-informativa-sobre-el-registro-de-tumores\/#primaryimage"},"thumbnailUrl":"https:\/\/diariotextual.com\/inicio\/wp-content\/uploads\/2023\/06\/tumoresregistroreunion2023-1.jpeg","articleSection":["A - ES NOTICIA (van abajo)","SOCIEDAD"],"inLanguage":"es"},{"@type":"WebPage","@id":"https:\/\/diariotextual.com\/inicio\/index.php\/2023\/06\/03\/importante-jornada-informativa-sobre-el-registro-de-tumores\/","url":"https:\/\/diariotextual.com\/inicio\/index.php\/2023\/06\/03\/importante-jornada-informativa-sobre-el-registro-de-tumores\/","name":"Importante jornada informativa sobre el registro de tumores - Diario Textual","isPartOf":{"@id":"https:\/\/diariotextual.com\/inicio\/#website"},"primaryImageOfPage":{"@id":"https:\/\/diariotextual.com\/inicio\/index.php\/2023\/06\/03\/importante-jornada-informativa-sobre-el-registro-de-tumores\/#primaryimage"},"image":{"@id":"https:\/\/diariotextual.com\/inicio\/index.php\/2023\/06\/03\/importante-jornada-informativa-sobre-el-registro-de-tumores\/#primaryimage"},"thumbnailUrl":"https:\/\/diariotextual.com\/inicio\/wp-content\/uploads\/2023\/06\/tumoresregistroreunion2023-1.jpeg","datePublished":"2023-06-03T22:30:55+00:00","dateModified":"2023-06-03T22:30:57+00:00","breadcrumb":{"@id":"https:\/\/diariotextual.com\/inicio\/index.php\/2023\/06\/03\/importante-jornada-informativa-sobre-el-registro-de-tumores\/#breadcrumb"},"inLanguage":"es","potentialAction":[{"@type":"ReadAction","target":["https:\/\/diariotextual.com\/inicio\/index.php\/2023\/06\/03\/importante-jornada-informativa-sobre-el-registro-de-tumores\/"]}]},{"@type":"ImageObject","inLanguage":"es","@id":"https:\/\/diariotextual.com\/inicio\/index.php\/2023\/06\/03\/importante-jornada-informativa-sobre-el-registro-de-tumores\/#primaryimage","url":"https:\/\/diariotextual.com\/inicio\/wp-content\/uploads\/2023\/06\/tumoresregistroreunion2023-1.jpeg","contentUrl":"https:\/\/diariotextual.com\/inicio\/wp-content\/uploads\/2023\/06\/tumoresregistroreunion2023-1.jpeg","width":1280,"height":906},{"@type":"BreadcrumbList","@id":"https:\/\/diariotextual.com\/inicio\/index.php\/2023\/06\/03\/importante-jornada-informativa-sobre-el-registro-de-tumores\/#breadcrumb","itemListElement":[{"@type":"ListItem","position":1,"name":"Portada","item":"https:\/\/diariotextual.com\/inicio\/"},{"@type":"ListItem","position":2,"name":"Importante jornada informativa sobre el registro de tumores"}]},{"@type":"WebSite","@id":"https:\/\/diariotextual.com\/inicio\/#website","url":"https:\/\/diariotextual.com\/inicio\/","name":"Diario Textual","description":"","publisher":{"@id":"https:\/\/diariotextual.com\/inicio\/#organization"},"potentialAction":[{"@type":"SearchAction","target":{"@type":"EntryPoint","urlTemplate":"https:\/\/diariotextual.com\/inicio\/?s={search_term_string}"},"query-input":{"@type":"PropertyValueSpecification","valueRequired":true,"valueName":"search_term_string"}}],"inLanguage":"es"},{"@type":"Organization","@id":"https:\/\/diariotextual.com\/inicio\/#organization","name":"Diario Textual","url":"https:\/\/diariotextual.com\/inicio\/","logo":{"@type":"ImageObject","inLanguage":"es","@id":"https:\/\/diariotextual.com\/inicio\/#\/schema\/logo\/image\/","url":"https:\/\/diariotextual.com\/inicio\/wp-content\/uploads\/2023\/05\/logotextual1.jpg","contentUrl":"https:\/\/diariotextual.com\/inicio\/wp-content\/uploads\/2023\/05\/logotextual1.jpg","width":516,"height":76,"caption":"Diario Textual"},"image":{"@id":"https:\/\/diariotextual.com\/inicio\/#\/schema\/logo\/image\/"},"sameAs":["https:\/\/www.facebook.com\/eltextual","https:\/\/x.com\/eltextual","http:\/\/www.instagram.com\/eltextual"]},{"@type":"Person","@id":"https:\/\/diariotextual.com\/inicio\/#\/schema\/person\/418fc4093c33e86ed41562db3508f958","name":"Diario1 Diario1","image":{"@type":"ImageObject","inLanguage":"es","@id":"https:\/\/secure.gravatar.com\/avatar\/9167d280179c85bc18be67aa7eda765854300033af4896dd779b608640f2ef7a?s=96&d=mm&r=g","url":"https:\/\/secure.gravatar.com\/avatar\/9167d280179c85bc18be67aa7eda765854300033af4896dd779b608640f2ef7a?s=96&d=mm&r=g","contentUrl":"https:\/\/secure.gravatar.com\/avatar\/9167d280179c85bc18be67aa7eda765854300033af4896dd779b608640f2ef7a?s=96&d=mm&r=g","caption":"Diario1 Diario1"},"url":"https:\/\/diariotextual.com\/inicio\/index.php\/author\/diario1\/"}]}},"_links":{"self":[{"href":"https:\/\/diariotextual.com\/inicio\/index.php\/wp-json\/wp\/v2\/posts\/227463","targetHints":{"allow":["GET"]}}],"collection":[{"href":"https:\/\/diariotextual.com\/inicio\/index.php\/wp-json\/wp\/v2\/posts"}],"about":[{"href":"https:\/\/diariotextual.com\/inicio\/index.php\/wp-json\/wp\/v2\/types\/post"}],"author":[{"embeddable":true,"href":"https:\/\/diariotextual.com\/inicio\/index.php\/wp-json\/wp\/v2\/users\/3"}],"replies":[{"embeddable":true,"href":"https:\/\/diariotextual.com\/inicio\/index.php\/wp-json\/wp\/v2\/comments?post=227463"}],"version-history":[{"count":1,"href":"https:\/\/diariotextual.com\/inicio\/index.php\/wp-json\/wp\/v2\/posts\/227463\/revisions"}],"predecessor-version":[{"id":227465,"href":"https:\/\/diariotextual.com\/inicio\/index.php\/wp-json\/wp\/v2\/posts\/227463\/revisions\/227465"}],"wp:featuredmedia":[{"embeddable":true,"href":"https:\/\/diariotextual.com\/inicio\/index.php\/wp-json\/wp\/v2\/media\/227464"}],"wp:attachment":[{"href":"https:\/\/diariotextual.com\/inicio\/index.php\/wp-json\/wp\/v2\/media?parent=227463"}],"wp:term":[{"taxonomy":"category","embeddable":true,"href":"https:\/\/diariotextual.com\/inicio\/index.php\/wp-json\/wp\/v2\/categories?post=227463"},{"taxonomy":"post_tag","embeddable":true,"href":"https:\/\/diariotextual.com\/inicio\/index.php\/wp-json\/wp\/v2\/tags?post=227463"}],"curies":[{"name":"wp","href":"https:\/\/api.w.org\/{rel}","templated":true}]}}