{"id":227576,"date":"2023-06-05T12:26:22","date_gmt":"2023-06-05T15:26:22","guid":{"rendered":"https:\/\/diariotextual.com\/inicio\/?p=227576"},"modified":"2023-06-05T12:26:25","modified_gmt":"2023-06-05T15:26:25","slug":"ahora-elevaron-a-juicio-la-causa-por-abuso-sexual-contra-sebastian-villa","status":"publish","type":"post","link":"https:\/\/diariotextual.com\/inicio\/index.php\/2023\/06\/05\/ahora-elevaron-a-juicio-la-causa-por-abuso-sexual-contra-sebastian-villa\/","title":{"rendered":"Ahora elevaron a juicio la causa por abuso sexual contra Sebasti\u00e1n Villa"},"content":{"rendered":"\n<p>La Justicia de Lomas de Zamora elev\u00f3 a juicio la causa que tiene al futbolista de Boca Juniors Sebasti\u00e1n Villa acusado del presunto abuso sexual de una joven de 26 a\u00f1os,&nbsp;<strong>ocurrido en junio de 2021 en un country de la localidad bonaerense de Canning<\/strong>, informaron hoy fuentes judiciales.<br><br>En su resoluci\u00f3n de 20 p\u00e1ginas \u2013a la que tuvo acceso T\u00e9lam-, el juez de Garant\u00edas 2 de Lomas de Zamora, Javier Maffucci Moore, dispuso en el requerimiento de elevaci\u00f3n a juicio que Villa (27) sea juzgado por un tribunal criminal unipersonal.<br><br>La fiscal Vanesa Gonz\u00e1lez, de la Unidad Funcional de Instrucci\u00f3n (UFI) descentralizada 3 de Esteban Echeverr\u00eda, solicit\u00f3 el pasado 12 de mayo que el futbolista colombiano<strong>&nbsp;<\/strong><strong>sea juzgado por el delito de <\/strong><strong>\u201c<\/strong><strong>abuso sexual con acceso carnal<\/strong><strong>\u201d<\/strong><strong>&nbsp;<\/strong>en perjuicio de Roc\u00edo Tamara Dold\u00e1n (27), que&nbsp;<strong>prev\u00e9 una pena de 15 a\u00f1os de prisi\u00f3n.<\/strong><br><br>La elevaci\u00f3n a juicio contra Villa, con fecha de este domingo, se dict\u00f3 dos d\u00edas despu\u00e9s de que el delantero \u201cxeneize\u201d fuera condenado a dos a\u00f1os y un mes de prisi\u00f3n condicional por ejercer violencia de g\u00e9nero y amenazas hacia su expareja Daniela Cort\u00e9s, en abril del 2020.<br><br>Fuentes judiciales confirmaron a T\u00e9lam que, para el magistrado, el dictamen fiscal \u201ccontiene las especificaciones concretas del tiempo, modo y lugar en que se cometi\u00f3 la conducta reprochada al imputado y una interpretaci\u00f3n -m\u00ednima por cierto pero suficiente- de la prueba citada\u201d.<br><br>Seg\u00fan consta en el escrito de la fiscal Gonz\u00e1lez, el hecho<strong>&nbsp;<\/strong><strong>ocurri<\/strong><strong>\u00f3<\/strong><strong> entre la noche del 26 de junio de 2021 y la madrugada del 27<\/strong>, cuando Villa y Dold\u00e1n, junto a otro grupo de allegados al futbolista, se encontraban en una vivienda del Country Venado II, ubicado en la localidad de Canning, partido de Esteban Echeverr\u00eda.<br><br>\u201cEn momentos que ambos se encontraban acostados, el mentado Villa Cano comienza a insultarla a Dold\u00e1n, tom\u00e1ndola de los cabellos para luego pegarle una cachetada en el rostro\u00bb, se\u00f1al\u00f3 en el escrito, al que tuvo acceso T\u00e9lam.<br><br>Para la fiscal, Villa&nbsp;<strong>puso a la v\u00edctima \u00aben un estado de indefensi\u00f3n impidiendo as\u00ed que la misma se retire del lugar\u00bb<\/strong>, tal como ella deseaba.<br><br>En sus argumentos relacionados a la apelaci\u00f3n por parte de la defensa de Villa, a cargo del abogado Mart\u00edn Apolo, el juez Maffucci Moore indic\u00f3&nbsp;<strong>\u201cparece recurrir a uno de los habituales estereotipos del sistema patriarcal<\/strong><strong>&nbsp;<\/strong>que a\u00fan persisten en el imaginario social y que tienden a naturalizar las agresiones hacia la mujer y a responsabilizar a ellos por el da\u00f1o sufrido\u201d.<br><br>En su denuncia, la joven explic\u00f3 que esa noche el futbolista hab\u00eda consumido \u201cmucho alcohol\u201d y comenz\u00f3 a reprocharle que sospechaba que le gustaban o que hab\u00eda estado con otros jugadores del plantel \u00abxenieze\u00bb.<br><br>Tras mantener una fuerte discusi\u00f3n,<strong>&nbsp;<\/strong><strong>la joven dijo que Villa la encerr<\/strong><strong>\u00f3<\/strong><strong> en una habitaci<\/strong><strong>\u00f3<\/strong><strong>n, abus<\/strong><strong>\u00f3<\/strong><strong> sexualmente de ella y la intent<\/strong><strong>\u00f3<\/strong><strong> sofocar.<\/strong><br><br><strong>Al d\u00eda siguiente al hecho<\/strong>, el propio Villa y su entorno&nbsp;<strong>se comunicaron con la v\u00edctima con el objetivo de reunirse para ofrecerle dinero a cambio de que no realizara la denuncia.<\/strong><br><br><strong>Un audio y un video fueron incorporados a la causa donde se escucha al jugador de Boca hablando con ella sobre un \u201ctrato\u201d<\/strong>, en supuesta alusi\u00f3n a que no lo denuncie a cambio de una suma de dinero.<br><br>\u201cSupuestamente cerramos. Hicimos un trato, \u00bfno? Usted es una mujer de palabra, \u00bfno? Yo soy un hombre de palabra\u201d, se le escucha decir a Villa a Dold\u00e1n en el video.<br><br>Ese video de 53 segundos surgi\u00f3 de una filmaci\u00f3n hecha a escondidas por Dold\u00e1n durante una charla que mantuvo con Villa en un restaurant del barrio porte\u00f1o de Puerto Madero.<br><br>Seg\u00fan consta en las declaraciones testimoniales, un amigo de Villa alcanz\u00f3 a darle cinco mil d\u00f3lares a Dold\u00e1n.<br><br><strong>\u201cYo no soy as\u00ed, sab\u00e9s que te quiero mucho. Ve\u00e1monos y hablemos por favor\u201d<\/strong>, le rog\u00f3 el futbolista en un audio enviado a trav\u00e9s de Whatsapp previo al encuentro.<br><br>En tanto, Villa neg\u00f3 el hecho en su declaraci\u00f3n indagatoria frente a la fiscal, llevada a cabo el 30 de junio del a\u00f1o pasado.<br><br>\u201cNunca he cometido el hecho que usted me ley\u00f3, yo soy una persona tranquila, nunca abusar\u00eda de una mujer, porque yo vengo de una mujer\u201d, explic\u00f3 en ese entonces el colombiano.<\/p>\n","protected":false},"excerpt":{"rendered":"<p>La Justicia de Lomas de Zamora elev\u00f3 a juicio la causa que tiene al futbolista de Boca Juniors Sebasti\u00e1n Villa acusado del presunto abuso sexual de una joven de 26&hellip;<\/p>\n","protected":false},"author":3,"featured_media":227342,"comment_status":"closed","ping_status":"open","sticky":false,"template":"","format":"standard","meta":{"_acf_changed":false,"footnotes":""},"categories":[1,12],"tags":[],"class_list":["post-227576","post","type-post","status-publish","format-standard","has-post-thumbnail","hentry","category-es-noticia","category-sociedad"],"acf":[],"yoast_head":"<!-- This site is optimized with the Yoast SEO plugin v27.5 - https:\/\/yoast.com\/product\/yoast-seo-wordpress\/ -->\n<title>Ahora elevaron a juicio la causa por abuso sexual contra Sebasti\u00e1n Villa - Diario Textual<\/title>\n<meta name=\"robots\" content=\"index, follow, max-snippet:-1, max-image-preview:large, max-video-preview:-1\" \/>\n<link rel=\"canonical\" href=\"https:\/\/diariotextual.com\/inicio\/index.php\/2023\/06\/05\/ahora-elevaron-a-juicio-la-causa-por-abuso-sexual-contra-sebastian-villa\/\" \/>\n<meta property=\"og:locale\" content=\"es_ES\" \/>\n<meta property=\"og:type\" content=\"article\" \/>\n<meta property=\"og:title\" content=\"Ahora elevaron a juicio la causa por abuso sexual contra Sebasti\u00e1n Villa - Diario Textual\" \/>\n<meta property=\"og:description\" content=\"La Justicia de Lomas de Zamora elev\u00f3 a juicio la causa que tiene al futbolista de Boca Juniors Sebasti\u00e1n Villa acusado del presunto abuso sexual de una joven de 26&hellip;\" \/>\n<meta property=\"og:url\" content=\"https:\/\/diariotextual.com\/inicio\/index.php\/2023\/06\/05\/ahora-elevaron-a-juicio-la-causa-por-abuso-sexual-contra-sebastian-villa\/\" \/>\n<meta property=\"og:site_name\" content=\"Diario Textual\" \/>\n<meta property=\"article:publisher\" content=\"https:\/\/www.facebook.com\/eltextual\" \/>\n<meta property=\"article:published_time\" content=\"2023-06-05T15:26:22+00:00\" \/>\n<meta property=\"article:modified_time\" content=\"2023-06-05T15:26:25+00:00\" \/>\n<meta property=\"og:image\" content=\"https:\/\/diariotextual.com\/inicio\/wp-content\/uploads\/2023\/06\/villasebastian2023-1.jpg\" \/>\n\t<meta property=\"og:image:width\" content=\"960\" \/>\n\t<meta property=\"og:image:height\" content=\"640\" \/>\n\t<meta property=\"og:image:type\" content=\"image\/jpeg\" \/>\n<meta name=\"author\" content=\"Diario1 Diario1\" \/>\n<meta name=\"twitter:card\" content=\"summary_large_image\" \/>\n<meta name=\"twitter:creator\" content=\"@eltextual\" \/>\n<meta name=\"twitter:site\" content=\"@eltextual\" \/>\n<meta name=\"twitter:label1\" content=\"Escrito por\" \/>\n\t<meta name=\"twitter:data1\" content=\"Diario1 Diario1\" \/>\n\t<meta name=\"twitter:label2\" content=\"Tiempo de lectura\" \/>\n\t<meta name=\"twitter:data2\" content=\"4 minutos\" \/>\n<script type=\"application\/ld+json\" class=\"yoast-schema-graph\">{\"@context\":\"https:\\\/\\\/schema.org\",\"@graph\":[{\"@type\":\"Article\",\"@id\":\"https:\\\/\\\/diariotextual.com\\\/inicio\\\/index.php\\\/2023\\\/06\\\/05\\\/ahora-elevaron-a-juicio-la-causa-por-abuso-sexual-contra-sebastian-villa\\\/#article\",\"isPartOf\":{\"@id\":\"https:\\\/\\\/diariotextual.com\\\/inicio\\\/index.php\\\/2023\\\/06\\\/05\\\/ahora-elevaron-a-juicio-la-causa-por-abuso-sexual-contra-sebastian-villa\\\/\"},\"author\":{\"name\":\"Diario1 Diario1\",\"@id\":\"https:\\\/\\\/diariotextual.com\\\/inicio\\\/#\\\/schema\\\/person\\\/418fc4093c33e86ed41562db3508f958\"},\"headline\":\"Ahora elevaron a juicio la causa por abuso sexual contra Sebasti\u00e1n Villa\",\"datePublished\":\"2023-06-05T15:26:22+00:00\",\"dateModified\":\"2023-06-05T15:26:25+00:00\",\"mainEntityOfPage\":{\"@id\":\"https:\\\/\\\/diariotextual.com\\\/inicio\\\/index.php\\\/2023\\\/06\\\/05\\\/ahora-elevaron-a-juicio-la-causa-por-abuso-sexual-contra-sebastian-villa\\\/\"},\"wordCount\":771,\"publisher\":{\"@id\":\"https:\\\/\\\/diariotextual.com\\\/inicio\\\/#organization\"},\"image\":{\"@id\":\"https:\\\/\\\/diariotextual.com\\\/inicio\\\/index.php\\\/2023\\\/06\\\/05\\\/ahora-elevaron-a-juicio-la-causa-por-abuso-sexual-contra-sebastian-villa\\\/#primaryimage\"},\"thumbnailUrl\":\"https:\\\/\\\/diariotextual.com\\\/inicio\\\/wp-content\\\/uploads\\\/2023\\\/06\\\/villasebastian2023-1.jpg\",\"articleSection\":[\"A - ES NOTICIA (van abajo)\",\"SOCIEDAD\"],\"inLanguage\":\"es\"},{\"@type\":\"WebPage\",\"@id\":\"https:\\\/\\\/diariotextual.com\\\/inicio\\\/index.php\\\/2023\\\/06\\\/05\\\/ahora-elevaron-a-juicio-la-causa-por-abuso-sexual-contra-sebastian-villa\\\/\",\"url\":\"https:\\\/\\\/diariotextual.com\\\/inicio\\\/index.php\\\/2023\\\/06\\\/05\\\/ahora-elevaron-a-juicio-la-causa-por-abuso-sexual-contra-sebastian-villa\\\/\",\"name\":\"Ahora elevaron a juicio la causa por abuso sexual contra Sebasti\u00e1n Villa - Diario Textual\",\"isPartOf\":{\"@id\":\"https:\\\/\\\/diariotextual.com\\\/inicio\\\/#website\"},\"primaryImageOfPage\":{\"@id\":\"https:\\\/\\\/diariotextual.com\\\/inicio\\\/index.php\\\/2023\\\/06\\\/05\\\/ahora-elevaron-a-juicio-la-causa-por-abuso-sexual-contra-sebastian-villa\\\/#primaryimage\"},\"image\":{\"@id\":\"https:\\\/\\\/diariotextual.com\\\/inicio\\\/index.php\\\/2023\\\/06\\\/05\\\/ahora-elevaron-a-juicio-la-causa-por-abuso-sexual-contra-sebastian-villa\\\/#primaryimage\"},\"thumbnailUrl\":\"https:\\\/\\\/diariotextual.com\\\/inicio\\\/wp-content\\\/uploads\\\/2023\\\/06\\\/villasebastian2023-1.jpg\",\"datePublished\":\"2023-06-05T15:26:22+00:00\",\"dateModified\":\"2023-06-05T15:26:25+00:00\",\"breadcrumb\":{\"@id\":\"https:\\\/\\\/diariotextual.com\\\/inicio\\\/index.php\\\/2023\\\/06\\\/05\\\/ahora-elevaron-a-juicio-la-causa-por-abuso-sexual-contra-sebastian-villa\\\/#breadcrumb\"},\"inLanguage\":\"es\",\"potentialAction\":[{\"@type\":\"ReadAction\",\"target\":[\"https:\\\/\\\/diariotextual.com\\\/inicio\\\/index.php\\\/2023\\\/06\\\/05\\\/ahora-elevaron-a-juicio-la-causa-por-abuso-sexual-contra-sebastian-villa\\\/\"]}]},{\"@type\":\"ImageObject\",\"inLanguage\":\"es\",\"@id\":\"https:\\\/\\\/diariotextual.com\\\/inicio\\\/index.php\\\/2023\\\/06\\\/05\\\/ahora-elevaron-a-juicio-la-causa-por-abuso-sexual-contra-sebastian-villa\\\/#primaryimage\",\"url\":\"https:\\\/\\\/diariotextual.com\\\/inicio\\\/wp-content\\\/uploads\\\/2023\\\/06\\\/villasebastian2023-1.jpg\",\"contentUrl\":\"https:\\\/\\\/diariotextual.com\\\/inicio\\\/wp-content\\\/uploads\\\/2023\\\/06\\\/villasebastian2023-1.jpg\",\"width\":960,\"height\":640},{\"@type\":\"BreadcrumbList\",\"@id\":\"https:\\\/\\\/diariotextual.com\\\/inicio\\\/index.php\\\/2023\\\/06\\\/05\\\/ahora-elevaron-a-juicio-la-causa-por-abuso-sexual-contra-sebastian-villa\\\/#breadcrumb\",\"itemListElement\":[{\"@type\":\"ListItem\",\"position\":1,\"name\":\"Portada\",\"item\":\"https:\\\/\\\/diariotextual.com\\\/inicio\\\/\"},{\"@type\":\"ListItem\",\"position\":2,\"name\":\"Ahora elevaron a juicio la causa por abuso sexual contra Sebasti\u00e1n Villa\"}]},{\"@type\":\"WebSite\",\"@id\":\"https:\\\/\\\/diariotextual.com\\\/inicio\\\/#website\",\"url\":\"https:\\\/\\\/diariotextual.com\\\/inicio\\\/\",\"name\":\"Diario Textual\",\"description\":\"\",\"publisher\":{\"@id\":\"https:\\\/\\\/diariotextual.com\\\/inicio\\\/#organization\"},\"potentialAction\":[{\"@type\":\"SearchAction\",\"target\":{\"@type\":\"EntryPoint\",\"urlTemplate\":\"https:\\\/\\\/diariotextual.com\\\/inicio\\\/?s={search_term_string}\"},\"query-input\":{\"@type\":\"PropertyValueSpecification\",\"valueRequired\":true,\"valueName\":\"search_term_string\"}}],\"inLanguage\":\"es\"},{\"@type\":\"Organization\",\"@id\":\"https:\\\/\\\/diariotextual.com\\\/inicio\\\/#organization\",\"name\":\"Diario Textual\",\"url\":\"https:\\\/\\\/diariotextual.com\\\/inicio\\\/\",\"logo\":{\"@type\":\"ImageObject\",\"inLanguage\":\"es\",\"@id\":\"https:\\\/\\\/diariotextual.com\\\/inicio\\\/#\\\/schema\\\/logo\\\/image\\\/\",\"url\":\"https:\\\/\\\/diariotextual.com\\\/inicio\\\/wp-content\\\/uploads\\\/2023\\\/05\\\/logotextual1.jpg\",\"contentUrl\":\"https:\\\/\\\/diariotextual.com\\\/inicio\\\/wp-content\\\/uploads\\\/2023\\\/05\\\/logotextual1.jpg\",\"width\":516,\"height\":76,\"caption\":\"Diario Textual\"},\"image\":{\"@id\":\"https:\\\/\\\/diariotextual.com\\\/inicio\\\/#\\\/schema\\\/logo\\\/image\\\/\"},\"sameAs\":[\"https:\\\/\\\/www.facebook.com\\\/eltextual\",\"https:\\\/\\\/x.com\\\/eltextual\",\"http:\\\/\\\/www.instagram.com\\\/eltextual\"]},{\"@type\":\"Person\",\"@id\":\"https:\\\/\\\/diariotextual.com\\\/inicio\\\/#\\\/schema\\\/person\\\/418fc4093c33e86ed41562db3508f958\",\"name\":\"Diario1 Diario1\",\"image\":{\"@type\":\"ImageObject\",\"inLanguage\":\"es\",\"@id\":\"https:\\\/\\\/secure.gravatar.com\\\/avatar\\\/9167d280179c85bc18be67aa7eda765854300033af4896dd779b608640f2ef7a?s=96&d=mm&r=g\",\"url\":\"https:\\\/\\\/secure.gravatar.com\\\/avatar\\\/9167d280179c85bc18be67aa7eda765854300033af4896dd779b608640f2ef7a?s=96&d=mm&r=g\",\"contentUrl\":\"https:\\\/\\\/secure.gravatar.com\\\/avatar\\\/9167d280179c85bc18be67aa7eda765854300033af4896dd779b608640f2ef7a?s=96&d=mm&r=g\",\"caption\":\"Diario1 Diario1\"},\"url\":\"https:\\\/\\\/diariotextual.com\\\/inicio\\\/index.php\\\/author\\\/diario1\\\/\"}]}<\/script>\n<!-- \/ Yoast SEO plugin. -->","yoast_head_json":{"title":"Ahora elevaron a juicio la causa por abuso sexual contra Sebasti\u00e1n Villa - Diario Textual","robots":{"index":"index","follow":"follow","max-snippet":"max-snippet:-1","max-image-preview":"max-image-preview:large","max-video-preview":"max-video-preview:-1"},"canonical":"https:\/\/diariotextual.com\/inicio\/index.php\/2023\/06\/05\/ahora-elevaron-a-juicio-la-causa-por-abuso-sexual-contra-sebastian-villa\/","og_locale":"es_ES","og_type":"article","og_title":"Ahora elevaron a juicio la causa por abuso sexual contra Sebasti\u00e1n Villa - Diario Textual","og_description":"La Justicia de Lomas de Zamora elev\u00f3 a juicio la causa que tiene al futbolista de Boca Juniors Sebasti\u00e1n Villa acusado del presunto abuso sexual de una joven de 26&hellip;","og_url":"https:\/\/diariotextual.com\/inicio\/index.php\/2023\/06\/05\/ahora-elevaron-a-juicio-la-causa-por-abuso-sexual-contra-sebastian-villa\/","og_site_name":"Diario Textual","article_publisher":"https:\/\/www.facebook.com\/eltextual","article_published_time":"2023-06-05T15:26:22+00:00","article_modified_time":"2023-06-05T15:26:25+00:00","og_image":[{"width":960,"height":640,"url":"https:\/\/diariotextual.com\/inicio\/wp-content\/uploads\/2023\/06\/villasebastian2023-1.jpg","type":"image\/jpeg"}],"author":"Diario1 Diario1","twitter_card":"summary_large_image","twitter_creator":"@eltextual","twitter_site":"@eltextual","twitter_misc":{"Escrito por":"Diario1 Diario1","Tiempo de lectura":"4 minutos"},"schema":{"@context":"https:\/\/schema.org","@graph":[{"@type":"Article","@id":"https:\/\/diariotextual.com\/inicio\/index.php\/2023\/06\/05\/ahora-elevaron-a-juicio-la-causa-por-abuso-sexual-contra-sebastian-villa\/#article","isPartOf":{"@id":"https:\/\/diariotextual.com\/inicio\/index.php\/2023\/06\/05\/ahora-elevaron-a-juicio-la-causa-por-abuso-sexual-contra-sebastian-villa\/"},"author":{"name":"Diario1 Diario1","@id":"https:\/\/diariotextual.com\/inicio\/#\/schema\/person\/418fc4093c33e86ed41562db3508f958"},"headline":"Ahora elevaron a juicio la causa por abuso sexual contra Sebasti\u00e1n Villa","datePublished":"2023-06-05T15:26:22+00:00","dateModified":"2023-06-05T15:26:25+00:00","mainEntityOfPage":{"@id":"https:\/\/diariotextual.com\/inicio\/index.php\/2023\/06\/05\/ahora-elevaron-a-juicio-la-causa-por-abuso-sexual-contra-sebastian-villa\/"},"wordCount":771,"publisher":{"@id":"https:\/\/diariotextual.com\/inicio\/#organization"},"image":{"@id":"https:\/\/diariotextual.com\/inicio\/index.php\/2023\/06\/05\/ahora-elevaron-a-juicio-la-causa-por-abuso-sexual-contra-sebastian-villa\/#primaryimage"},"thumbnailUrl":"https:\/\/diariotextual.com\/inicio\/wp-content\/uploads\/2023\/06\/villasebastian2023-1.jpg","articleSection":["A - ES NOTICIA (van abajo)","SOCIEDAD"],"inLanguage":"es"},{"@type":"WebPage","@id":"https:\/\/diariotextual.com\/inicio\/index.php\/2023\/06\/05\/ahora-elevaron-a-juicio-la-causa-por-abuso-sexual-contra-sebastian-villa\/","url":"https:\/\/diariotextual.com\/inicio\/index.php\/2023\/06\/05\/ahora-elevaron-a-juicio-la-causa-por-abuso-sexual-contra-sebastian-villa\/","name":"Ahora elevaron a juicio la causa por abuso sexual contra Sebasti\u00e1n Villa - Diario Textual","isPartOf":{"@id":"https:\/\/diariotextual.com\/inicio\/#website"},"primaryImageOfPage":{"@id":"https:\/\/diariotextual.com\/inicio\/index.php\/2023\/06\/05\/ahora-elevaron-a-juicio-la-causa-por-abuso-sexual-contra-sebastian-villa\/#primaryimage"},"image":{"@id":"https:\/\/diariotextual.com\/inicio\/index.php\/2023\/06\/05\/ahora-elevaron-a-juicio-la-causa-por-abuso-sexual-contra-sebastian-villa\/#primaryimage"},"thumbnailUrl":"https:\/\/diariotextual.com\/inicio\/wp-content\/uploads\/2023\/06\/villasebastian2023-1.jpg","datePublished":"2023-06-05T15:26:22+00:00","dateModified":"2023-06-05T15:26:25+00:00","breadcrumb":{"@id":"https:\/\/diariotextual.com\/inicio\/index.php\/2023\/06\/05\/ahora-elevaron-a-juicio-la-causa-por-abuso-sexual-contra-sebastian-villa\/#breadcrumb"},"inLanguage":"es","potentialAction":[{"@type":"ReadAction","target":["https:\/\/diariotextual.com\/inicio\/index.php\/2023\/06\/05\/ahora-elevaron-a-juicio-la-causa-por-abuso-sexual-contra-sebastian-villa\/"]}]},{"@type":"ImageObject","inLanguage":"es","@id":"https:\/\/diariotextual.com\/inicio\/index.php\/2023\/06\/05\/ahora-elevaron-a-juicio-la-causa-por-abuso-sexual-contra-sebastian-villa\/#primaryimage","url":"https:\/\/diariotextual.com\/inicio\/wp-content\/uploads\/2023\/06\/villasebastian2023-1.jpg","contentUrl":"https:\/\/diariotextual.com\/inicio\/wp-content\/uploads\/2023\/06\/villasebastian2023-1.jpg","width":960,"height":640},{"@type":"BreadcrumbList","@id":"https:\/\/diariotextual.com\/inicio\/index.php\/2023\/06\/05\/ahora-elevaron-a-juicio-la-causa-por-abuso-sexual-contra-sebastian-villa\/#breadcrumb","itemListElement":[{"@type":"ListItem","position":1,"name":"Portada","item":"https:\/\/diariotextual.com\/inicio\/"},{"@type":"ListItem","position":2,"name":"Ahora elevaron a juicio la causa por abuso sexual contra Sebasti\u00e1n Villa"}]},{"@type":"WebSite","@id":"https:\/\/diariotextual.com\/inicio\/#website","url":"https:\/\/diariotextual.com\/inicio\/","name":"Diario Textual","description":"","publisher":{"@id":"https:\/\/diariotextual.com\/inicio\/#organization"},"potentialAction":[{"@type":"SearchAction","target":{"@type":"EntryPoint","urlTemplate":"https:\/\/diariotextual.com\/inicio\/?s={search_term_string}"},"query-input":{"@type":"PropertyValueSpecification","valueRequired":true,"valueName":"search_term_string"}}],"inLanguage":"es"},{"@type":"Organization","@id":"https:\/\/diariotextual.com\/inicio\/#organization","name":"Diario Textual","url":"https:\/\/diariotextual.com\/inicio\/","logo":{"@type":"ImageObject","inLanguage":"es","@id":"https:\/\/diariotextual.com\/inicio\/#\/schema\/logo\/image\/","url":"https:\/\/diariotextual.com\/inicio\/wp-content\/uploads\/2023\/05\/logotextual1.jpg","contentUrl":"https:\/\/diariotextual.com\/inicio\/wp-content\/uploads\/2023\/05\/logotextual1.jpg","width":516,"height":76,"caption":"Diario Textual"},"image":{"@id":"https:\/\/diariotextual.com\/inicio\/#\/schema\/logo\/image\/"},"sameAs":["https:\/\/www.facebook.com\/eltextual","https:\/\/x.com\/eltextual","http:\/\/www.instagram.com\/eltextual"]},{"@type":"Person","@id":"https:\/\/diariotextual.com\/inicio\/#\/schema\/person\/418fc4093c33e86ed41562db3508f958","name":"Diario1 Diario1","image":{"@type":"ImageObject","inLanguage":"es","@id":"https:\/\/secure.gravatar.com\/avatar\/9167d280179c85bc18be67aa7eda765854300033af4896dd779b608640f2ef7a?s=96&d=mm&r=g","url":"https:\/\/secure.gravatar.com\/avatar\/9167d280179c85bc18be67aa7eda765854300033af4896dd779b608640f2ef7a?s=96&d=mm&r=g","contentUrl":"https:\/\/secure.gravatar.com\/avatar\/9167d280179c85bc18be67aa7eda765854300033af4896dd779b608640f2ef7a?s=96&d=mm&r=g","caption":"Diario1 Diario1"},"url":"https:\/\/diariotextual.com\/inicio\/index.php\/author\/diario1\/"}]}},"_links":{"self":[{"href":"https:\/\/diariotextual.com\/inicio\/index.php\/wp-json\/wp\/v2\/posts\/227576","targetHints":{"allow":["GET"]}}],"collection":[{"href":"https:\/\/diariotextual.com\/inicio\/index.php\/wp-json\/wp\/v2\/posts"}],"about":[{"href":"https:\/\/diariotextual.com\/inicio\/index.php\/wp-json\/wp\/v2\/types\/post"}],"author":[{"embeddable":true,"href":"https:\/\/diariotextual.com\/inicio\/index.php\/wp-json\/wp\/v2\/users\/3"}],"replies":[{"embeddable":true,"href":"https:\/\/diariotextual.com\/inicio\/index.php\/wp-json\/wp\/v2\/comments?post=227576"}],"version-history":[{"count":1,"href":"https:\/\/diariotextual.com\/inicio\/index.php\/wp-json\/wp\/v2\/posts\/227576\/revisions"}],"predecessor-version":[{"id":227577,"href":"https:\/\/diariotextual.com\/inicio\/index.php\/wp-json\/wp\/v2\/posts\/227576\/revisions\/227577"}],"wp:featuredmedia":[{"embeddable":true,"href":"https:\/\/diariotextual.com\/inicio\/index.php\/wp-json\/wp\/v2\/media\/227342"}],"wp:attachment":[{"href":"https:\/\/diariotextual.com\/inicio\/index.php\/wp-json\/wp\/v2\/media?parent=227576"}],"wp:term":[{"taxonomy":"category","embeddable":true,"href":"https:\/\/diariotextual.com\/inicio\/index.php\/wp-json\/wp\/v2\/categories?post=227576"},{"taxonomy":"post_tag","embeddable":true,"href":"https:\/\/diariotextual.com\/inicio\/index.php\/wp-json\/wp\/v2\/tags?post=227576"}],"curies":[{"name":"wp","href":"https:\/\/api.w.org\/{rel}","templated":true}]}}