{"id":227608,"date":"2023-06-05T19:24:15","date_gmt":"2023-06-05T22:24:15","guid":{"rendered":"https:\/\/diariotextual.com\/inicio\/?p=227608"},"modified":"2023-06-06T10:11:38","modified_gmt":"2023-06-06T13:11:38","slug":"acuerdo-para-el-ingreso-de-mujeres-en-la-mineria-pampeana","status":"publish","type":"post","link":"https:\/\/diariotextual.com\/inicio\/index.php\/2023\/06\/05\/acuerdo-para-el-ingreso-de-mujeres-en-la-mineria-pampeana\/","title":{"rendered":"Acuerdo para el ingreso de mujeres en la miner\u00eda pampeana"},"content":{"rendered":"\n<p>Con el objetivo de avanzar hacia una miner\u00eda m\u00e1s inclusiva y equitativa en materia de g\u00e9nero, la <strong>Secretar\u00eda de Energ\u00eda y Miner\u00eda, a trav\u00e9s de la Subsecretar\u00eda de Hidrocarburos y Miner\u00eda, firm\u00f3 un convenio de colaboraci\u00f3n con la organizaci\u00f3n internacional Women in Mining Argentina (WIM)<\/strong>, para trabajar de manera conjunta y coordinada en el desarrollo de estrategias y acciones referidas a la <strong>empleabilidad y permanencia de las mujeres en el sector minero.\u00a0<\/strong><\/p>\n\n\n\n<p>\u201cDesde esta gesti\u00f3n de Gobierno, se trabaja diariamente en los lineamientos de pol\u00edticas p\u00fablicas del sector, impulsados por el gobernador Sergio Ziliotto, no solo para el aprovechamiento sustentable de los recursos minerales de La Pampa que contribuyan a <strong>alcanzar un mayor desarrollo econ\u00f3mico y productivo, sino tambi\u00e9n para promover una mayor inclusi\u00f3n social y de g\u00e9nero en la actividad minera<\/strong>\u201d, explic\u00f3 el organismo provincial.<\/p>\n\n\n\n<p>Participaron de la firma la subsecretaria de Hidrocarburos y Miner\u00eda, Cecilia Baudino y la directora Ejecutiva de WIM Argentina, Mercedes Rodr\u00edguez.<\/p>\n\n\n\n<p>Women in Mining Argentina es la representaci\u00f3n de Internacional Women in Mining en el pa\u00eds y es referente en la promoci\u00f3n de la mujer como una de las principales fuerzas de desarrollo en la miner\u00eda. Mediante la participaci\u00f3n de profesionales y referentes del sector, WIM Argentina act\u00faa como canal para el desarrollo de pol\u00edticas y acciones que impulsen la equidad e igualdad de oportunidades para la mujer en la industria minera.<\/p>\n\n\n\n<figure class=\"wp-block-embed is-type-wp-embed is-provider-diario-textual wp-block-embed-diario-textual\"><div class=\"wp-block-embed__wrapper\">\n<blockquote class=\"wp-embedded-content\" data-secret=\"uW2k8d9Yjq\"><a href=\"https:\/\/diariotextual.com\/inicio\/index.php\/2023\/05\/09\/estudios-en-20-sectores-de-la-pampa-para-determinar-si-pueden-extraer-litio\/\">Estudios en 20 sectores de La Pampa para determinar si pueden extraer litio<\/a><\/blockquote><iframe class=\"wp-embedded-content\" sandbox=\"allow-scripts\" security=\"restricted\" style=\"position: absolute; clip: rect(1px, 1px, 1px, 1px);\" title=\"\u00abEstudios en 20 sectores de La Pampa para determinar si pueden extraer litio\u00bb \u2014 Diario Textual\" src=\"https:\/\/diariotextual.com\/inicio\/index.php\/2023\/05\/09\/estudios-en-20-sectores-de-la-pampa-para-determinar-si-pueden-extraer-litio\/embed\/#?secret=3TZpsYMMLS#?secret=uW2k8d9Yjq\" data-secret=\"uW2k8d9Yjq\" width=\"600\" height=\"338\" frameborder=\"0\" marginwidth=\"0\" marginheight=\"0\" scrolling=\"no\"><\/iframe>\n<\/div><\/figure>\n\n\n\n<p>Mediante la firma de este convenio se asumi\u00f3 el compromiso de trabajar en forma conjunta y coordinada en la realizaci\u00f3n de diagn\u00f3sticos que permitan conocer los niveles de avance en materia de equidad de g\u00e9nero; la realizaci\u00f3n de un trabajo integrado con actores de la industria minera local en el desarrollo e implementaci\u00f3n de pol\u00edticas p\u00fablicas.<\/p>\n\n\n\n<p>El acuerdo prev\u00e9 tambi\u00e9n la ejecuci\u00f3n de medidas de apoyo t\u00e9cnico y capacitaciones para contribuir a la profesionalizaci\u00f3n de la mujer en la actividad y la reducci\u00f3n de las brechas laborales existentes.<\/p>\n\n\n\n<p>En este sentido, la Subsecretar\u00eda de Hidrocarburos y Miner\u00eda participa de forma activa en la Mesa Interprovincial de G\u00e9nero y Miner\u00eda que lleva adelante la Secretar\u00eda de Miner\u00eda de Naci\u00f3n, un espacio federal en el que se articulan acciones de cooperaci\u00f3n e intercambio en torno a la tem\u00e1tica de g\u00e9nero y que busca promover pol\u00edticas y acciones orientadas a impulsar una miner\u00eda inclusiva y equitativa en materia de g\u00e9nero.&nbsp;<\/p>\n","protected":false},"excerpt":{"rendered":"<p>Con el objetivo de avanzar hacia una miner\u00eda m\u00e1s inclusiva y equitativa en materia de g\u00e9nero, la Secretar\u00eda de Energ\u00eda y Miner\u00eda, a trav\u00e9s de la Subsecretar\u00eda de Hidrocarburos y&hellip;<\/p>\n","protected":false},"author":5,"featured_media":227609,"comment_status":"closed","ping_status":"open","sticky":false,"template":"","format":"standard","meta":{"_acf_changed":false,"footnotes":""},"categories":[11,12],"tags":[2502],"class_list":["post-227608","post","type-post","status-publish","format-standard","has-post-thumbnail","hentry","category-que-pasa","category-sociedad","tag-mineria"],"acf":[],"yoast_head":"<!-- This site is optimized with the Yoast SEO plugin v27.5 - https:\/\/yoast.com\/product\/yoast-seo-wordpress\/ -->\n<title>Acuerdo para el ingreso de mujeres en la miner\u00eda pampeana - Diario Textual<\/title>\n<meta name=\"robots\" content=\"index, follow, max-snippet:-1, max-image-preview:large, max-video-preview:-1\" \/>\n<link rel=\"canonical\" href=\"https:\/\/diariotextual.com\/inicio\/index.php\/2023\/06\/05\/acuerdo-para-el-ingreso-de-mujeres-en-la-mineria-pampeana\/\" \/>\n<meta property=\"og:locale\" content=\"es_ES\" \/>\n<meta property=\"og:type\" content=\"article\" \/>\n<meta property=\"og:title\" content=\"Acuerdo para el ingreso de mujeres en la miner\u00eda pampeana - Diario Textual\" \/>\n<meta property=\"og:description\" content=\"Con el objetivo de avanzar hacia una miner\u00eda m\u00e1s inclusiva y equitativa en materia de g\u00e9nero, la Secretar\u00eda de Energ\u00eda y Miner\u00eda, a trav\u00e9s de la Subsecretar\u00eda de Hidrocarburos y&hellip;\" \/>\n<meta property=\"og:url\" content=\"https:\/\/diariotextual.com\/inicio\/index.php\/2023\/06\/05\/acuerdo-para-el-ingreso-de-mujeres-en-la-mineria-pampeana\/\" \/>\n<meta property=\"og:site_name\" content=\"Diario Textual\" \/>\n<meta property=\"article:publisher\" content=\"https:\/\/www.facebook.com\/eltextual\" \/>\n<meta property=\"article:published_time\" content=\"2023-06-05T22:24:15+00:00\" \/>\n<meta property=\"article:modified_time\" content=\"2023-06-06T13:11:38+00:00\" \/>\n<meta property=\"og:image\" content=\"https:\/\/diariotextual.com\/inicio\/wp-content\/uploads\/2023\/06\/mineriamujereslapampa.jpg\" \/>\n\t<meta property=\"og:image:width\" content=\"900\" \/>\n\t<meta property=\"og:image:height\" content=\"507\" \/>\n\t<meta property=\"og:image:type\" content=\"image\/jpeg\" \/>\n<meta name=\"author\" content=\"diario3\" \/>\n<meta name=\"twitter:card\" content=\"summary_large_image\" \/>\n<meta name=\"twitter:creator\" content=\"@eltextual\" \/>\n<meta name=\"twitter:site\" content=\"@eltextual\" \/>\n<meta name=\"twitter:label1\" content=\"Escrito por\" \/>\n\t<meta name=\"twitter:data1\" content=\"diario3\" \/>\n\t<meta name=\"twitter:label2\" content=\"Tiempo de lectura\" \/>\n\t<meta name=\"twitter:data2\" content=\"2 minutos\" \/>\n<script type=\"application\/ld+json\" class=\"yoast-schema-graph\">{\"@context\":\"https:\\\/\\\/schema.org\",\"@graph\":[{\"@type\":\"Article\",\"@id\":\"https:\\\/\\\/diariotextual.com\\\/inicio\\\/index.php\\\/2023\\\/06\\\/05\\\/acuerdo-para-el-ingreso-de-mujeres-en-la-mineria-pampeana\\\/#article\",\"isPartOf\":{\"@id\":\"https:\\\/\\\/diariotextual.com\\\/inicio\\\/index.php\\\/2023\\\/06\\\/05\\\/acuerdo-para-el-ingreso-de-mujeres-en-la-mineria-pampeana\\\/\"},\"author\":{\"name\":\"diario3\",\"@id\":\"https:\\\/\\\/diariotextual.com\\\/inicio\\\/#\\\/schema\\\/person\\\/a1b6f563e0ee944c60f98119389a4d9f\"},\"headline\":\"Acuerdo para el ingreso de mujeres en la miner\u00eda pampeana\",\"datePublished\":\"2023-06-05T22:24:15+00:00\",\"dateModified\":\"2023-06-06T13:11:38+00:00\",\"mainEntityOfPage\":{\"@id\":\"https:\\\/\\\/diariotextual.com\\\/inicio\\\/index.php\\\/2023\\\/06\\\/05\\\/acuerdo-para-el-ingreso-de-mujeres-en-la-mineria-pampeana\\\/\"},\"wordCount\":457,\"publisher\":{\"@id\":\"https:\\\/\\\/diariotextual.com\\\/inicio\\\/#organization\"},\"image\":{\"@id\":\"https:\\\/\\\/diariotextual.com\\\/inicio\\\/index.php\\\/2023\\\/06\\\/05\\\/acuerdo-para-el-ingreso-de-mujeres-en-la-mineria-pampeana\\\/#primaryimage\"},\"thumbnailUrl\":\"https:\\\/\\\/diariotextual.com\\\/inicio\\\/wp-content\\\/uploads\\\/2023\\\/06\\\/mineriamujereslapampa.jpg\",\"keywords\":[\"mineria\"],\"articleSection\":[\"A - QUE PASA (al costado)\",\"SOCIEDAD\"],\"inLanguage\":\"es\"},{\"@type\":\"WebPage\",\"@id\":\"https:\\\/\\\/diariotextual.com\\\/inicio\\\/index.php\\\/2023\\\/06\\\/05\\\/acuerdo-para-el-ingreso-de-mujeres-en-la-mineria-pampeana\\\/\",\"url\":\"https:\\\/\\\/diariotextual.com\\\/inicio\\\/index.php\\\/2023\\\/06\\\/05\\\/acuerdo-para-el-ingreso-de-mujeres-en-la-mineria-pampeana\\\/\",\"name\":\"Acuerdo para el ingreso de mujeres en la miner\u00eda pampeana - Diario Textual\",\"isPartOf\":{\"@id\":\"https:\\\/\\\/diariotextual.com\\\/inicio\\\/#website\"},\"primaryImageOfPage\":{\"@id\":\"https:\\\/\\\/diariotextual.com\\\/inicio\\\/index.php\\\/2023\\\/06\\\/05\\\/acuerdo-para-el-ingreso-de-mujeres-en-la-mineria-pampeana\\\/#primaryimage\"},\"image\":{\"@id\":\"https:\\\/\\\/diariotextual.com\\\/inicio\\\/index.php\\\/2023\\\/06\\\/05\\\/acuerdo-para-el-ingreso-de-mujeres-en-la-mineria-pampeana\\\/#primaryimage\"},\"thumbnailUrl\":\"https:\\\/\\\/diariotextual.com\\\/inicio\\\/wp-content\\\/uploads\\\/2023\\\/06\\\/mineriamujereslapampa.jpg\",\"datePublished\":\"2023-06-05T22:24:15+00:00\",\"dateModified\":\"2023-06-06T13:11:38+00:00\",\"breadcrumb\":{\"@id\":\"https:\\\/\\\/diariotextual.com\\\/inicio\\\/index.php\\\/2023\\\/06\\\/05\\\/acuerdo-para-el-ingreso-de-mujeres-en-la-mineria-pampeana\\\/#breadcrumb\"},\"inLanguage\":\"es\",\"potentialAction\":[{\"@type\":\"ReadAction\",\"target\":[\"https:\\\/\\\/diariotextual.com\\\/inicio\\\/index.php\\\/2023\\\/06\\\/05\\\/acuerdo-para-el-ingreso-de-mujeres-en-la-mineria-pampeana\\\/\"]}]},{\"@type\":\"ImageObject\",\"inLanguage\":\"es\",\"@id\":\"https:\\\/\\\/diariotextual.com\\\/inicio\\\/index.php\\\/2023\\\/06\\\/05\\\/acuerdo-para-el-ingreso-de-mujeres-en-la-mineria-pampeana\\\/#primaryimage\",\"url\":\"https:\\\/\\\/diariotextual.com\\\/inicio\\\/wp-content\\\/uploads\\\/2023\\\/06\\\/mineriamujereslapampa.jpg\",\"contentUrl\":\"https:\\\/\\\/diariotextual.com\\\/inicio\\\/wp-content\\\/uploads\\\/2023\\\/06\\\/mineriamujereslapampa.jpg\",\"width\":900,\"height\":507},{\"@type\":\"BreadcrumbList\",\"@id\":\"https:\\\/\\\/diariotextual.com\\\/inicio\\\/index.php\\\/2023\\\/06\\\/05\\\/acuerdo-para-el-ingreso-de-mujeres-en-la-mineria-pampeana\\\/#breadcrumb\",\"itemListElement\":[{\"@type\":\"ListItem\",\"position\":1,\"name\":\"Portada\",\"item\":\"https:\\\/\\\/diariotextual.com\\\/inicio\\\/\"},{\"@type\":\"ListItem\",\"position\":2,\"name\":\"Acuerdo para el ingreso de mujeres en la miner\u00eda pampeana\"}]},{\"@type\":\"WebSite\",\"@id\":\"https:\\\/\\\/diariotextual.com\\\/inicio\\\/#website\",\"url\":\"https:\\\/\\\/diariotextual.com\\\/inicio\\\/\",\"name\":\"Diario Textual\",\"description\":\"\",\"publisher\":{\"@id\":\"https:\\\/\\\/diariotextual.com\\\/inicio\\\/#organization\"},\"potentialAction\":[{\"@type\":\"SearchAction\",\"target\":{\"@type\":\"EntryPoint\",\"urlTemplate\":\"https:\\\/\\\/diariotextual.com\\\/inicio\\\/?s={search_term_string}\"},\"query-input\":{\"@type\":\"PropertyValueSpecification\",\"valueRequired\":true,\"valueName\":\"search_term_string\"}}],\"inLanguage\":\"es\"},{\"@type\":\"Organization\",\"@id\":\"https:\\\/\\\/diariotextual.com\\\/inicio\\\/#organization\",\"name\":\"Diario Textual\",\"url\":\"https:\\\/\\\/diariotextual.com\\\/inicio\\\/\",\"logo\":{\"@type\":\"ImageObject\",\"inLanguage\":\"es\",\"@id\":\"https:\\\/\\\/diariotextual.com\\\/inicio\\\/#\\\/schema\\\/logo\\\/image\\\/\",\"url\":\"https:\\\/\\\/diariotextual.com\\\/inicio\\\/wp-content\\\/uploads\\\/2023\\\/05\\\/logotextual1.jpg\",\"contentUrl\":\"https:\\\/\\\/diariotextual.com\\\/inicio\\\/wp-content\\\/uploads\\\/2023\\\/05\\\/logotextual1.jpg\",\"width\":516,\"height\":76,\"caption\":\"Diario Textual\"},\"image\":{\"@id\":\"https:\\\/\\\/diariotextual.com\\\/inicio\\\/#\\\/schema\\\/logo\\\/image\\\/\"},\"sameAs\":[\"https:\\\/\\\/www.facebook.com\\\/eltextual\",\"https:\\\/\\\/x.com\\\/eltextual\",\"http:\\\/\\\/www.instagram.com\\\/eltextual\"]},{\"@type\":\"Person\",\"@id\":\"https:\\\/\\\/diariotextual.com\\\/inicio\\\/#\\\/schema\\\/person\\\/a1b6f563e0ee944c60f98119389a4d9f\",\"name\":\"diario3\",\"image\":{\"@type\":\"ImageObject\",\"inLanguage\":\"es\",\"@id\":\"https:\\\/\\\/secure.gravatar.com\\\/avatar\\\/5e7ee62c82fc04d9dd79d746a390d93c69c43223e5faeeb3ea9461ef752bfc5d?s=96&d=mm&r=g\",\"url\":\"https:\\\/\\\/secure.gravatar.com\\\/avatar\\\/5e7ee62c82fc04d9dd79d746a390d93c69c43223e5faeeb3ea9461ef752bfc5d?s=96&d=mm&r=g\",\"contentUrl\":\"https:\\\/\\\/secure.gravatar.com\\\/avatar\\\/5e7ee62c82fc04d9dd79d746a390d93c69c43223e5faeeb3ea9461ef752bfc5d?s=96&d=mm&r=g\",\"caption\":\"diario3\"},\"url\":\"https:\\\/\\\/diariotextual.com\\\/inicio\\\/index.php\\\/author\\\/diario3\\\/\"}]}<\/script>\n<!-- \/ Yoast SEO plugin. -->","yoast_head_json":{"title":"Acuerdo para el ingreso de mujeres en la miner\u00eda pampeana - Diario Textual","robots":{"index":"index","follow":"follow","max-snippet":"max-snippet:-1","max-image-preview":"max-image-preview:large","max-video-preview":"max-video-preview:-1"},"canonical":"https:\/\/diariotextual.com\/inicio\/index.php\/2023\/06\/05\/acuerdo-para-el-ingreso-de-mujeres-en-la-mineria-pampeana\/","og_locale":"es_ES","og_type":"article","og_title":"Acuerdo para el ingreso de mujeres en la miner\u00eda pampeana - Diario Textual","og_description":"Con el objetivo de avanzar hacia una miner\u00eda m\u00e1s inclusiva y equitativa en materia de g\u00e9nero, la Secretar\u00eda de Energ\u00eda y Miner\u00eda, a trav\u00e9s de la Subsecretar\u00eda de Hidrocarburos y&hellip;","og_url":"https:\/\/diariotextual.com\/inicio\/index.php\/2023\/06\/05\/acuerdo-para-el-ingreso-de-mujeres-en-la-mineria-pampeana\/","og_site_name":"Diario Textual","article_publisher":"https:\/\/www.facebook.com\/eltextual","article_published_time":"2023-06-05T22:24:15+00:00","article_modified_time":"2023-06-06T13:11:38+00:00","og_image":[{"width":900,"height":507,"url":"https:\/\/diariotextual.com\/inicio\/wp-content\/uploads\/2023\/06\/mineriamujereslapampa.jpg","type":"image\/jpeg"}],"author":"diario3","twitter_card":"summary_large_image","twitter_creator":"@eltextual","twitter_site":"@eltextual","twitter_misc":{"Escrito por":"diario3","Tiempo de lectura":"2 minutos"},"schema":{"@context":"https:\/\/schema.org","@graph":[{"@type":"Article","@id":"https:\/\/diariotextual.com\/inicio\/index.php\/2023\/06\/05\/acuerdo-para-el-ingreso-de-mujeres-en-la-mineria-pampeana\/#article","isPartOf":{"@id":"https:\/\/diariotextual.com\/inicio\/index.php\/2023\/06\/05\/acuerdo-para-el-ingreso-de-mujeres-en-la-mineria-pampeana\/"},"author":{"name":"diario3","@id":"https:\/\/diariotextual.com\/inicio\/#\/schema\/person\/a1b6f563e0ee944c60f98119389a4d9f"},"headline":"Acuerdo para el ingreso de mujeres en la miner\u00eda pampeana","datePublished":"2023-06-05T22:24:15+00:00","dateModified":"2023-06-06T13:11:38+00:00","mainEntityOfPage":{"@id":"https:\/\/diariotextual.com\/inicio\/index.php\/2023\/06\/05\/acuerdo-para-el-ingreso-de-mujeres-en-la-mineria-pampeana\/"},"wordCount":457,"publisher":{"@id":"https:\/\/diariotextual.com\/inicio\/#organization"},"image":{"@id":"https:\/\/diariotextual.com\/inicio\/index.php\/2023\/06\/05\/acuerdo-para-el-ingreso-de-mujeres-en-la-mineria-pampeana\/#primaryimage"},"thumbnailUrl":"https:\/\/diariotextual.com\/inicio\/wp-content\/uploads\/2023\/06\/mineriamujereslapampa.jpg","keywords":["mineria"],"articleSection":["A - QUE PASA (al costado)","SOCIEDAD"],"inLanguage":"es"},{"@type":"WebPage","@id":"https:\/\/diariotextual.com\/inicio\/index.php\/2023\/06\/05\/acuerdo-para-el-ingreso-de-mujeres-en-la-mineria-pampeana\/","url":"https:\/\/diariotextual.com\/inicio\/index.php\/2023\/06\/05\/acuerdo-para-el-ingreso-de-mujeres-en-la-mineria-pampeana\/","name":"Acuerdo para el ingreso de mujeres en la miner\u00eda pampeana - Diario Textual","isPartOf":{"@id":"https:\/\/diariotextual.com\/inicio\/#website"},"primaryImageOfPage":{"@id":"https:\/\/diariotextual.com\/inicio\/index.php\/2023\/06\/05\/acuerdo-para-el-ingreso-de-mujeres-en-la-mineria-pampeana\/#primaryimage"},"image":{"@id":"https:\/\/diariotextual.com\/inicio\/index.php\/2023\/06\/05\/acuerdo-para-el-ingreso-de-mujeres-en-la-mineria-pampeana\/#primaryimage"},"thumbnailUrl":"https:\/\/diariotextual.com\/inicio\/wp-content\/uploads\/2023\/06\/mineriamujereslapampa.jpg","datePublished":"2023-06-05T22:24:15+00:00","dateModified":"2023-06-06T13:11:38+00:00","breadcrumb":{"@id":"https:\/\/diariotextual.com\/inicio\/index.php\/2023\/06\/05\/acuerdo-para-el-ingreso-de-mujeres-en-la-mineria-pampeana\/#breadcrumb"},"inLanguage":"es","potentialAction":[{"@type":"ReadAction","target":["https:\/\/diariotextual.com\/inicio\/index.php\/2023\/06\/05\/acuerdo-para-el-ingreso-de-mujeres-en-la-mineria-pampeana\/"]}]},{"@type":"ImageObject","inLanguage":"es","@id":"https:\/\/diariotextual.com\/inicio\/index.php\/2023\/06\/05\/acuerdo-para-el-ingreso-de-mujeres-en-la-mineria-pampeana\/#primaryimage","url":"https:\/\/diariotextual.com\/inicio\/wp-content\/uploads\/2023\/06\/mineriamujereslapampa.jpg","contentUrl":"https:\/\/diariotextual.com\/inicio\/wp-content\/uploads\/2023\/06\/mineriamujereslapampa.jpg","width":900,"height":507},{"@type":"BreadcrumbList","@id":"https:\/\/diariotextual.com\/inicio\/index.php\/2023\/06\/05\/acuerdo-para-el-ingreso-de-mujeres-en-la-mineria-pampeana\/#breadcrumb","itemListElement":[{"@type":"ListItem","position":1,"name":"Portada","item":"https:\/\/diariotextual.com\/inicio\/"},{"@type":"ListItem","position":2,"name":"Acuerdo para el ingreso de mujeres en la miner\u00eda pampeana"}]},{"@type":"WebSite","@id":"https:\/\/diariotextual.com\/inicio\/#website","url":"https:\/\/diariotextual.com\/inicio\/","name":"Diario Textual","description":"","publisher":{"@id":"https:\/\/diariotextual.com\/inicio\/#organization"},"potentialAction":[{"@type":"SearchAction","target":{"@type":"EntryPoint","urlTemplate":"https:\/\/diariotextual.com\/inicio\/?s={search_term_string}"},"query-input":{"@type":"PropertyValueSpecification","valueRequired":true,"valueName":"search_term_string"}}],"inLanguage":"es"},{"@type":"Organization","@id":"https:\/\/diariotextual.com\/inicio\/#organization","name":"Diario Textual","url":"https:\/\/diariotextual.com\/inicio\/","logo":{"@type":"ImageObject","inLanguage":"es","@id":"https:\/\/diariotextual.com\/inicio\/#\/schema\/logo\/image\/","url":"https:\/\/diariotextual.com\/inicio\/wp-content\/uploads\/2023\/05\/logotextual1.jpg","contentUrl":"https:\/\/diariotextual.com\/inicio\/wp-content\/uploads\/2023\/05\/logotextual1.jpg","width":516,"height":76,"caption":"Diario Textual"},"image":{"@id":"https:\/\/diariotextual.com\/inicio\/#\/schema\/logo\/image\/"},"sameAs":["https:\/\/www.facebook.com\/eltextual","https:\/\/x.com\/eltextual","http:\/\/www.instagram.com\/eltextual"]},{"@type":"Person","@id":"https:\/\/diariotextual.com\/inicio\/#\/schema\/person\/a1b6f563e0ee944c60f98119389a4d9f","name":"diario3","image":{"@type":"ImageObject","inLanguage":"es","@id":"https:\/\/secure.gravatar.com\/avatar\/5e7ee62c82fc04d9dd79d746a390d93c69c43223e5faeeb3ea9461ef752bfc5d?s=96&d=mm&r=g","url":"https:\/\/secure.gravatar.com\/avatar\/5e7ee62c82fc04d9dd79d746a390d93c69c43223e5faeeb3ea9461ef752bfc5d?s=96&d=mm&r=g","contentUrl":"https:\/\/secure.gravatar.com\/avatar\/5e7ee62c82fc04d9dd79d746a390d93c69c43223e5faeeb3ea9461ef752bfc5d?s=96&d=mm&r=g","caption":"diario3"},"url":"https:\/\/diariotextual.com\/inicio\/index.php\/author\/diario3\/"}]}},"_links":{"self":[{"href":"https:\/\/diariotextual.com\/inicio\/index.php\/wp-json\/wp\/v2\/posts\/227608","targetHints":{"allow":["GET"]}}],"collection":[{"href":"https:\/\/diariotextual.com\/inicio\/index.php\/wp-json\/wp\/v2\/posts"}],"about":[{"href":"https:\/\/diariotextual.com\/inicio\/index.php\/wp-json\/wp\/v2\/types\/post"}],"author":[{"embeddable":true,"href":"https:\/\/diariotextual.com\/inicio\/index.php\/wp-json\/wp\/v2\/users\/5"}],"replies":[{"embeddable":true,"href":"https:\/\/diariotextual.com\/inicio\/index.php\/wp-json\/wp\/v2\/comments?post=227608"}],"version-history":[{"count":1,"href":"https:\/\/diariotextual.com\/inicio\/index.php\/wp-json\/wp\/v2\/posts\/227608\/revisions"}],"predecessor-version":[{"id":227610,"href":"https:\/\/diariotextual.com\/inicio\/index.php\/wp-json\/wp\/v2\/posts\/227608\/revisions\/227610"}],"wp:featuredmedia":[{"embeddable":true,"href":"https:\/\/diariotextual.com\/inicio\/index.php\/wp-json\/wp\/v2\/media\/227609"}],"wp:attachment":[{"href":"https:\/\/diariotextual.com\/inicio\/index.php\/wp-json\/wp\/v2\/media?parent=227608"}],"wp:term":[{"taxonomy":"category","embeddable":true,"href":"https:\/\/diariotextual.com\/inicio\/index.php\/wp-json\/wp\/v2\/categories?post=227608"},{"taxonomy":"post_tag","embeddable":true,"href":"https:\/\/diariotextual.com\/inicio\/index.php\/wp-json\/wp\/v2\/tags?post=227608"}],"curies":[{"name":"wp","href":"https:\/\/api.w.org\/{rel}","templated":true}]}}