{"id":227615,"date":"2023-06-05T19:52:39","date_gmt":"2023-06-05T22:52:39","guid":{"rendered":"https:\/\/diariotextual.com\/inicio\/?p=227615"},"modified":"2023-06-05T23:23:53","modified_gmt":"2023-06-06T02:23:53","slug":"la-intendencia-de-santa-rosa-niega-que-vuelvan-a-permitir-prostibulos","status":"publish","type":"post","link":"https:\/\/diariotextual.com\/inicio\/index.php\/2023\/06\/05\/la-intendencia-de-santa-rosa-niega-que-vuelvan-a-permitir-prostibulos\/","title":{"rendered":"La intendencia de Santa Rosa niega que piensen en volver a permitir prost\u00edbulos"},"content":{"rendered":"\n<p>La secretaria de Desarrollo Social de Santa Rosa, <strong>Clarisa Alzuri<\/strong>, dijo que hubo <strong>\u201cmalas interpretaciones\u201d <\/strong>y neg\u00f3 terminantemente la posibilidad de que con el nuevo c\u00f3digo de habilitaciones comerciales en Santa Rosa se vaya a derogar la ordenanza de 2009 que proh\u00edbe la apertura de cabarets, whisker\u00edas u otros tipos de locales donde se pueda ejercer la explotaci\u00f3n sexual. \u201cLa gesti\u00f3n del intendente Luciano di N\u00e1poli no retrocede en materia de derechos y lo venimos demostrando con acciones concretas\u201d, dijo la funcionaria.<\/p>\n\n\n\n<p>En Argentina la prostituci\u00f3n no es delito. Lo que s\u00ed est\u00e1 penado es el proxenetismo, es decir, que un tercero lucre por el servicio sexual que ofrezca una persona.<\/p>\n\n\n\n<p>Quien alert\u00f3 de la posibilidad de derogar la ordenanza fue M\u00f3nica Molina, periodista y exfuncionaria que, precisamente, hace quince a\u00f1os libr\u00f3 -casi en solitario- una batalla contra los prost\u00edbulos. \u201c\u00bfSab\u00edas que el Ejecutivo municipal capitalino tiene proyectado derogar entre otras la ordenanza 3941\/09 de cierre de prost\u00edbulos, que fue paradigm\u00e1tica en el pa\u00eds?\u201d, avis\u00f3 por las redes sociales. \u201cLa ordenanza 3941\/09 cerraba las puertas de los antros de explotaci\u00f3n sexual de mujeres en la ciudad. Fue sancionada el 28 de mayo del 2009, el mismo d\u00eda de acci\u00f3n internacional de Salud de la Mujer. Significaba que el Estado municipal dejaba de convalidar a trav\u00e9s de normativas la violaci\u00f3n de DDHH. El proyecto de ordenanza que, seg\u00fan se expresa, es para ordenar y sistematizar, deja abierta la puerta al delito. Espero que recapaciten y se den cuentan de la gravedad de este hecho. Y lamento que el \u00e1rea correspondiente no expresara su negativa ante este retroceso\u201d, dijo.<\/p>\n\n\n\n<p>Pero Alzuri dijo que la ordenanza no se toca. \u201cEl nuevo c\u00f3digo de habilitaciones que se est\u00e1 debatiendo en el Concejo Deliberante cont\u00f3 con la participaci\u00f3n del director de Comercio del Municipio, quien brind\u00f3 certezas sobre esta cuesti\u00f3n\u201d, dijo. \u201cBajo ning\u00fan punto de vista se van a habilitar cabarets ni nada que est\u00e9 en relaci\u00f3n con la explotaci\u00f3n sexual o la trata de personas\u201d, dijo. \u201cEse tema no est\u00e1 en el proyecto del c\u00f3digo que se envi\u00f3 al Concejo y nunca estuvo ni siquiera en la consideraci\u00f3n de nadie del Ejecutivo Municipal\u201d, manifest\u00f3.<\/p>\n\n\n\n<p>Al ser consultada por las versiones suscitadas en las \u00faltimas horas dijo que \u201cno se puede hacer ninguna lectura pol\u00edtica\u201d porque est\u00e1n vinculadas a la \u201cdesinformaci\u00f3n\u201d. En este sentido, aclar\u00f3 que se va a revisar la iniciativa \u201cen ese punto\u201d para que no d\u00e9 lugar a interpretaciones ni incongruencias.<\/p>\n\n\n\n<p>\u201cNosotros no retrocedemos en materia de derechos humanos, sino todo lo contrario, avanzamos\u201d, dijo. \u201cLo venimos demostrando con el trabajo realizado en la gesti\u00f3n\u201d.<\/p>\n","protected":false},"excerpt":{"rendered":"<p>La secretaria de Desarrollo Social de Santa Rosa, Clarisa Alzuri, dijo que hubo \u201cmalas interpretaciones\u201d y neg\u00f3 terminantemente la posibilidad de que con el nuevo c\u00f3digo de habilitaciones comerciales en&hellip;<\/p>\n","protected":false},"author":3,"featured_media":227618,"comment_status":"closed","ping_status":"open","sticky":false,"template":"","format":"standard","meta":{"_acf_changed":false,"footnotes":""},"categories":[1,12],"tags":[],"class_list":["post-227615","post","type-post","status-publish","format-standard","has-post-thumbnail","hentry","category-es-noticia","category-sociedad"],"acf":[],"yoast_head":"<!-- This site is optimized with the Yoast SEO plugin v27.5 - https:\/\/yoast.com\/product\/yoast-seo-wordpress\/ -->\n<title>La intendencia de Santa Rosa niega que piensen en volver a permitir prost\u00edbulos - Diario Textual<\/title>\n<meta name=\"robots\" content=\"index, follow, max-snippet:-1, max-image-preview:large, max-video-preview:-1\" \/>\n<link rel=\"canonical\" href=\"https:\/\/diariotextual.com\/inicio\/index.php\/2023\/06\/05\/la-intendencia-de-santa-rosa-niega-que-vuelvan-a-permitir-prostibulos\/\" \/>\n<meta property=\"og:locale\" content=\"es_ES\" \/>\n<meta property=\"og:type\" content=\"article\" \/>\n<meta property=\"og:title\" content=\"La intendencia de Santa Rosa niega que piensen en volver a permitir prost\u00edbulos - Diario Textual\" \/>\n<meta property=\"og:description\" content=\"La secretaria de Desarrollo Social de Santa Rosa, Clarisa Alzuri, dijo que hubo \u201cmalas interpretaciones\u201d y neg\u00f3 terminantemente la posibilidad de que con el nuevo c\u00f3digo de habilitaciones comerciales en&hellip;\" \/>\n<meta property=\"og:url\" content=\"https:\/\/diariotextual.com\/inicio\/index.php\/2023\/06\/05\/la-intendencia-de-santa-rosa-niega-que-vuelvan-a-permitir-prostibulos\/\" \/>\n<meta property=\"og:site_name\" content=\"Diario Textual\" \/>\n<meta property=\"article:publisher\" content=\"https:\/\/www.facebook.com\/eltextual\" \/>\n<meta property=\"article:published_time\" content=\"2023-06-05T22:52:39+00:00\" \/>\n<meta property=\"article:modified_time\" content=\"2023-06-06T02:23:53+00:00\" \/>\n<meta property=\"og:image\" content=\"https:\/\/diariotextual.com\/inicio\/wp-content\/uploads\/2023\/06\/alzuriclarisa2023-1.jpeg\" \/>\n\t<meta property=\"og:image:width\" content=\"443\" \/>\n\t<meta property=\"og:image:height\" content=\"332\" \/>\n\t<meta property=\"og:image:type\" content=\"image\/jpeg\" \/>\n<meta name=\"author\" content=\"Diario1 Diario1\" \/>\n<meta name=\"twitter:card\" content=\"summary_large_image\" \/>\n<meta name=\"twitter:creator\" content=\"@eltextual\" \/>\n<meta name=\"twitter:site\" content=\"@eltextual\" \/>\n<meta name=\"twitter:label1\" content=\"Escrito por\" \/>\n\t<meta name=\"twitter:data1\" content=\"Diario1 Diario1\" \/>\n\t<meta name=\"twitter:label2\" content=\"Tiempo de lectura\" \/>\n\t<meta name=\"twitter:data2\" content=\"2 minutos\" \/>\n<script type=\"application\/ld+json\" class=\"yoast-schema-graph\">{\"@context\":\"https:\\\/\\\/schema.org\",\"@graph\":[{\"@type\":\"Article\",\"@id\":\"https:\\\/\\\/diariotextual.com\\\/inicio\\\/index.php\\\/2023\\\/06\\\/05\\\/la-intendencia-de-santa-rosa-niega-que-vuelvan-a-permitir-prostibulos\\\/#article\",\"isPartOf\":{\"@id\":\"https:\\\/\\\/diariotextual.com\\\/inicio\\\/index.php\\\/2023\\\/06\\\/05\\\/la-intendencia-de-santa-rosa-niega-que-vuelvan-a-permitir-prostibulos\\\/\"},\"author\":{\"name\":\"Diario1 Diario1\",\"@id\":\"https:\\\/\\\/diariotextual.com\\\/inicio\\\/#\\\/schema\\\/person\\\/418fc4093c33e86ed41562db3508f958\"},\"headline\":\"La intendencia de Santa Rosa niega que piensen en volver a permitir prost\u00edbulos\",\"datePublished\":\"2023-06-05T22:52:39+00:00\",\"dateModified\":\"2023-06-06T02:23:53+00:00\",\"mainEntityOfPage\":{\"@id\":\"https:\\\/\\\/diariotextual.com\\\/inicio\\\/index.php\\\/2023\\\/06\\\/05\\\/la-intendencia-de-santa-rosa-niega-que-vuelvan-a-permitir-prostibulos\\\/\"},\"wordCount\":474,\"publisher\":{\"@id\":\"https:\\\/\\\/diariotextual.com\\\/inicio\\\/#organization\"},\"image\":{\"@id\":\"https:\\\/\\\/diariotextual.com\\\/inicio\\\/index.php\\\/2023\\\/06\\\/05\\\/la-intendencia-de-santa-rosa-niega-que-vuelvan-a-permitir-prostibulos\\\/#primaryimage\"},\"thumbnailUrl\":\"https:\\\/\\\/diariotextual.com\\\/inicio\\\/wp-content\\\/uploads\\\/2023\\\/06\\\/alzuriclarisa2023-1.jpeg\",\"articleSection\":[\"A - ES NOTICIA (van abajo)\",\"SOCIEDAD\"],\"inLanguage\":\"es\"},{\"@type\":\"WebPage\",\"@id\":\"https:\\\/\\\/diariotextual.com\\\/inicio\\\/index.php\\\/2023\\\/06\\\/05\\\/la-intendencia-de-santa-rosa-niega-que-vuelvan-a-permitir-prostibulos\\\/\",\"url\":\"https:\\\/\\\/diariotextual.com\\\/inicio\\\/index.php\\\/2023\\\/06\\\/05\\\/la-intendencia-de-santa-rosa-niega-que-vuelvan-a-permitir-prostibulos\\\/\",\"name\":\"La intendencia de Santa Rosa niega que piensen en volver a permitir prost\u00edbulos - Diario Textual\",\"isPartOf\":{\"@id\":\"https:\\\/\\\/diariotextual.com\\\/inicio\\\/#website\"},\"primaryImageOfPage\":{\"@id\":\"https:\\\/\\\/diariotextual.com\\\/inicio\\\/index.php\\\/2023\\\/06\\\/05\\\/la-intendencia-de-santa-rosa-niega-que-vuelvan-a-permitir-prostibulos\\\/#primaryimage\"},\"image\":{\"@id\":\"https:\\\/\\\/diariotextual.com\\\/inicio\\\/index.php\\\/2023\\\/06\\\/05\\\/la-intendencia-de-santa-rosa-niega-que-vuelvan-a-permitir-prostibulos\\\/#primaryimage\"},\"thumbnailUrl\":\"https:\\\/\\\/diariotextual.com\\\/inicio\\\/wp-content\\\/uploads\\\/2023\\\/06\\\/alzuriclarisa2023-1.jpeg\",\"datePublished\":\"2023-06-05T22:52:39+00:00\",\"dateModified\":\"2023-06-06T02:23:53+00:00\",\"breadcrumb\":{\"@id\":\"https:\\\/\\\/diariotextual.com\\\/inicio\\\/index.php\\\/2023\\\/06\\\/05\\\/la-intendencia-de-santa-rosa-niega-que-vuelvan-a-permitir-prostibulos\\\/#breadcrumb\"},\"inLanguage\":\"es\",\"potentialAction\":[{\"@type\":\"ReadAction\",\"target\":[\"https:\\\/\\\/diariotextual.com\\\/inicio\\\/index.php\\\/2023\\\/06\\\/05\\\/la-intendencia-de-santa-rosa-niega-que-vuelvan-a-permitir-prostibulos\\\/\"]}]},{\"@type\":\"ImageObject\",\"inLanguage\":\"es\",\"@id\":\"https:\\\/\\\/diariotextual.com\\\/inicio\\\/index.php\\\/2023\\\/06\\\/05\\\/la-intendencia-de-santa-rosa-niega-que-vuelvan-a-permitir-prostibulos\\\/#primaryimage\",\"url\":\"https:\\\/\\\/diariotextual.com\\\/inicio\\\/wp-content\\\/uploads\\\/2023\\\/06\\\/alzuriclarisa2023-1.jpeg\",\"contentUrl\":\"https:\\\/\\\/diariotextual.com\\\/inicio\\\/wp-content\\\/uploads\\\/2023\\\/06\\\/alzuriclarisa2023-1.jpeg\",\"width\":443,\"height\":332},{\"@type\":\"BreadcrumbList\",\"@id\":\"https:\\\/\\\/diariotextual.com\\\/inicio\\\/index.php\\\/2023\\\/06\\\/05\\\/la-intendencia-de-santa-rosa-niega-que-vuelvan-a-permitir-prostibulos\\\/#breadcrumb\",\"itemListElement\":[{\"@type\":\"ListItem\",\"position\":1,\"name\":\"Portada\",\"item\":\"https:\\\/\\\/diariotextual.com\\\/inicio\\\/\"},{\"@type\":\"ListItem\",\"position\":2,\"name\":\"La intendencia de Santa Rosa niega que piensen en volver a permitir prost\u00edbulos\"}]},{\"@type\":\"WebSite\",\"@id\":\"https:\\\/\\\/diariotextual.com\\\/inicio\\\/#website\",\"url\":\"https:\\\/\\\/diariotextual.com\\\/inicio\\\/\",\"name\":\"Diario Textual\",\"description\":\"\",\"publisher\":{\"@id\":\"https:\\\/\\\/diariotextual.com\\\/inicio\\\/#organization\"},\"potentialAction\":[{\"@type\":\"SearchAction\",\"target\":{\"@type\":\"EntryPoint\",\"urlTemplate\":\"https:\\\/\\\/diariotextual.com\\\/inicio\\\/?s={search_term_string}\"},\"query-input\":{\"@type\":\"PropertyValueSpecification\",\"valueRequired\":true,\"valueName\":\"search_term_string\"}}],\"inLanguage\":\"es\"},{\"@type\":\"Organization\",\"@id\":\"https:\\\/\\\/diariotextual.com\\\/inicio\\\/#organization\",\"name\":\"Diario Textual\",\"url\":\"https:\\\/\\\/diariotextual.com\\\/inicio\\\/\",\"logo\":{\"@type\":\"ImageObject\",\"inLanguage\":\"es\",\"@id\":\"https:\\\/\\\/diariotextual.com\\\/inicio\\\/#\\\/schema\\\/logo\\\/image\\\/\",\"url\":\"https:\\\/\\\/diariotextual.com\\\/inicio\\\/wp-content\\\/uploads\\\/2023\\\/05\\\/logotextual1.jpg\",\"contentUrl\":\"https:\\\/\\\/diariotextual.com\\\/inicio\\\/wp-content\\\/uploads\\\/2023\\\/05\\\/logotextual1.jpg\",\"width\":516,\"height\":76,\"caption\":\"Diario Textual\"},\"image\":{\"@id\":\"https:\\\/\\\/diariotextual.com\\\/inicio\\\/#\\\/schema\\\/logo\\\/image\\\/\"},\"sameAs\":[\"https:\\\/\\\/www.facebook.com\\\/eltextual\",\"https:\\\/\\\/x.com\\\/eltextual\",\"http:\\\/\\\/www.instagram.com\\\/eltextual\"]},{\"@type\":\"Person\",\"@id\":\"https:\\\/\\\/diariotextual.com\\\/inicio\\\/#\\\/schema\\\/person\\\/418fc4093c33e86ed41562db3508f958\",\"name\":\"Diario1 Diario1\",\"image\":{\"@type\":\"ImageObject\",\"inLanguage\":\"es\",\"@id\":\"https:\\\/\\\/secure.gravatar.com\\\/avatar\\\/9167d280179c85bc18be67aa7eda765854300033af4896dd779b608640f2ef7a?s=96&d=mm&r=g\",\"url\":\"https:\\\/\\\/secure.gravatar.com\\\/avatar\\\/9167d280179c85bc18be67aa7eda765854300033af4896dd779b608640f2ef7a?s=96&d=mm&r=g\",\"contentUrl\":\"https:\\\/\\\/secure.gravatar.com\\\/avatar\\\/9167d280179c85bc18be67aa7eda765854300033af4896dd779b608640f2ef7a?s=96&d=mm&r=g\",\"caption\":\"Diario1 Diario1\"},\"url\":\"https:\\\/\\\/diariotextual.com\\\/inicio\\\/index.php\\\/author\\\/diario1\\\/\"}]}<\/script>\n<!-- \/ Yoast SEO plugin. -->","yoast_head_json":{"title":"La intendencia de Santa Rosa niega que piensen en volver a permitir prost\u00edbulos - Diario Textual","robots":{"index":"index","follow":"follow","max-snippet":"max-snippet:-1","max-image-preview":"max-image-preview:large","max-video-preview":"max-video-preview:-1"},"canonical":"https:\/\/diariotextual.com\/inicio\/index.php\/2023\/06\/05\/la-intendencia-de-santa-rosa-niega-que-vuelvan-a-permitir-prostibulos\/","og_locale":"es_ES","og_type":"article","og_title":"La intendencia de Santa Rosa niega que piensen en volver a permitir prost\u00edbulos - Diario Textual","og_description":"La secretaria de Desarrollo Social de Santa Rosa, Clarisa Alzuri, dijo que hubo \u201cmalas interpretaciones\u201d y neg\u00f3 terminantemente la posibilidad de que con el nuevo c\u00f3digo de habilitaciones comerciales en&hellip;","og_url":"https:\/\/diariotextual.com\/inicio\/index.php\/2023\/06\/05\/la-intendencia-de-santa-rosa-niega-que-vuelvan-a-permitir-prostibulos\/","og_site_name":"Diario Textual","article_publisher":"https:\/\/www.facebook.com\/eltextual","article_published_time":"2023-06-05T22:52:39+00:00","article_modified_time":"2023-06-06T02:23:53+00:00","og_image":[{"width":443,"height":332,"url":"https:\/\/diariotextual.com\/inicio\/wp-content\/uploads\/2023\/06\/alzuriclarisa2023-1.jpeg","type":"image\/jpeg"}],"author":"Diario1 Diario1","twitter_card":"summary_large_image","twitter_creator":"@eltextual","twitter_site":"@eltextual","twitter_misc":{"Escrito por":"Diario1 Diario1","Tiempo de lectura":"2 minutos"},"schema":{"@context":"https:\/\/schema.org","@graph":[{"@type":"Article","@id":"https:\/\/diariotextual.com\/inicio\/index.php\/2023\/06\/05\/la-intendencia-de-santa-rosa-niega-que-vuelvan-a-permitir-prostibulos\/#article","isPartOf":{"@id":"https:\/\/diariotextual.com\/inicio\/index.php\/2023\/06\/05\/la-intendencia-de-santa-rosa-niega-que-vuelvan-a-permitir-prostibulos\/"},"author":{"name":"Diario1 Diario1","@id":"https:\/\/diariotextual.com\/inicio\/#\/schema\/person\/418fc4093c33e86ed41562db3508f958"},"headline":"La intendencia de Santa Rosa niega que piensen en volver a permitir prost\u00edbulos","datePublished":"2023-06-05T22:52:39+00:00","dateModified":"2023-06-06T02:23:53+00:00","mainEntityOfPage":{"@id":"https:\/\/diariotextual.com\/inicio\/index.php\/2023\/06\/05\/la-intendencia-de-santa-rosa-niega-que-vuelvan-a-permitir-prostibulos\/"},"wordCount":474,"publisher":{"@id":"https:\/\/diariotextual.com\/inicio\/#organization"},"image":{"@id":"https:\/\/diariotextual.com\/inicio\/index.php\/2023\/06\/05\/la-intendencia-de-santa-rosa-niega-que-vuelvan-a-permitir-prostibulos\/#primaryimage"},"thumbnailUrl":"https:\/\/diariotextual.com\/inicio\/wp-content\/uploads\/2023\/06\/alzuriclarisa2023-1.jpeg","articleSection":["A - ES NOTICIA (van abajo)","SOCIEDAD"],"inLanguage":"es"},{"@type":"WebPage","@id":"https:\/\/diariotextual.com\/inicio\/index.php\/2023\/06\/05\/la-intendencia-de-santa-rosa-niega-que-vuelvan-a-permitir-prostibulos\/","url":"https:\/\/diariotextual.com\/inicio\/index.php\/2023\/06\/05\/la-intendencia-de-santa-rosa-niega-que-vuelvan-a-permitir-prostibulos\/","name":"La intendencia de Santa Rosa niega que piensen en volver a permitir prost\u00edbulos - Diario Textual","isPartOf":{"@id":"https:\/\/diariotextual.com\/inicio\/#website"},"primaryImageOfPage":{"@id":"https:\/\/diariotextual.com\/inicio\/index.php\/2023\/06\/05\/la-intendencia-de-santa-rosa-niega-que-vuelvan-a-permitir-prostibulos\/#primaryimage"},"image":{"@id":"https:\/\/diariotextual.com\/inicio\/index.php\/2023\/06\/05\/la-intendencia-de-santa-rosa-niega-que-vuelvan-a-permitir-prostibulos\/#primaryimage"},"thumbnailUrl":"https:\/\/diariotextual.com\/inicio\/wp-content\/uploads\/2023\/06\/alzuriclarisa2023-1.jpeg","datePublished":"2023-06-05T22:52:39+00:00","dateModified":"2023-06-06T02:23:53+00:00","breadcrumb":{"@id":"https:\/\/diariotextual.com\/inicio\/index.php\/2023\/06\/05\/la-intendencia-de-santa-rosa-niega-que-vuelvan-a-permitir-prostibulos\/#breadcrumb"},"inLanguage":"es","potentialAction":[{"@type":"ReadAction","target":["https:\/\/diariotextual.com\/inicio\/index.php\/2023\/06\/05\/la-intendencia-de-santa-rosa-niega-que-vuelvan-a-permitir-prostibulos\/"]}]},{"@type":"ImageObject","inLanguage":"es","@id":"https:\/\/diariotextual.com\/inicio\/index.php\/2023\/06\/05\/la-intendencia-de-santa-rosa-niega-que-vuelvan-a-permitir-prostibulos\/#primaryimage","url":"https:\/\/diariotextual.com\/inicio\/wp-content\/uploads\/2023\/06\/alzuriclarisa2023-1.jpeg","contentUrl":"https:\/\/diariotextual.com\/inicio\/wp-content\/uploads\/2023\/06\/alzuriclarisa2023-1.jpeg","width":443,"height":332},{"@type":"BreadcrumbList","@id":"https:\/\/diariotextual.com\/inicio\/index.php\/2023\/06\/05\/la-intendencia-de-santa-rosa-niega-que-vuelvan-a-permitir-prostibulos\/#breadcrumb","itemListElement":[{"@type":"ListItem","position":1,"name":"Portada","item":"https:\/\/diariotextual.com\/inicio\/"},{"@type":"ListItem","position":2,"name":"La intendencia de Santa Rosa niega que piensen en volver a permitir prost\u00edbulos"}]},{"@type":"WebSite","@id":"https:\/\/diariotextual.com\/inicio\/#website","url":"https:\/\/diariotextual.com\/inicio\/","name":"Diario Textual","description":"","publisher":{"@id":"https:\/\/diariotextual.com\/inicio\/#organization"},"potentialAction":[{"@type":"SearchAction","target":{"@type":"EntryPoint","urlTemplate":"https:\/\/diariotextual.com\/inicio\/?s={search_term_string}"},"query-input":{"@type":"PropertyValueSpecification","valueRequired":true,"valueName":"search_term_string"}}],"inLanguage":"es"},{"@type":"Organization","@id":"https:\/\/diariotextual.com\/inicio\/#organization","name":"Diario Textual","url":"https:\/\/diariotextual.com\/inicio\/","logo":{"@type":"ImageObject","inLanguage":"es","@id":"https:\/\/diariotextual.com\/inicio\/#\/schema\/logo\/image\/","url":"https:\/\/diariotextual.com\/inicio\/wp-content\/uploads\/2023\/05\/logotextual1.jpg","contentUrl":"https:\/\/diariotextual.com\/inicio\/wp-content\/uploads\/2023\/05\/logotextual1.jpg","width":516,"height":76,"caption":"Diario Textual"},"image":{"@id":"https:\/\/diariotextual.com\/inicio\/#\/schema\/logo\/image\/"},"sameAs":["https:\/\/www.facebook.com\/eltextual","https:\/\/x.com\/eltextual","http:\/\/www.instagram.com\/eltextual"]},{"@type":"Person","@id":"https:\/\/diariotextual.com\/inicio\/#\/schema\/person\/418fc4093c33e86ed41562db3508f958","name":"Diario1 Diario1","image":{"@type":"ImageObject","inLanguage":"es","@id":"https:\/\/secure.gravatar.com\/avatar\/9167d280179c85bc18be67aa7eda765854300033af4896dd779b608640f2ef7a?s=96&d=mm&r=g","url":"https:\/\/secure.gravatar.com\/avatar\/9167d280179c85bc18be67aa7eda765854300033af4896dd779b608640f2ef7a?s=96&d=mm&r=g","contentUrl":"https:\/\/secure.gravatar.com\/avatar\/9167d280179c85bc18be67aa7eda765854300033af4896dd779b608640f2ef7a?s=96&d=mm&r=g","caption":"Diario1 Diario1"},"url":"https:\/\/diariotextual.com\/inicio\/index.php\/author\/diario1\/"}]}},"_links":{"self":[{"href":"https:\/\/diariotextual.com\/inicio\/index.php\/wp-json\/wp\/v2\/posts\/227615","targetHints":{"allow":["GET"]}}],"collection":[{"href":"https:\/\/diariotextual.com\/inicio\/index.php\/wp-json\/wp\/v2\/posts"}],"about":[{"href":"https:\/\/diariotextual.com\/inicio\/index.php\/wp-json\/wp\/v2\/types\/post"}],"author":[{"embeddable":true,"href":"https:\/\/diariotextual.com\/inicio\/index.php\/wp-json\/wp\/v2\/users\/3"}],"replies":[{"embeddable":true,"href":"https:\/\/diariotextual.com\/inicio\/index.php\/wp-json\/wp\/v2\/comments?post=227615"}],"version-history":[{"count":6,"href":"https:\/\/diariotextual.com\/inicio\/index.php\/wp-json\/wp\/v2\/posts\/227615\/revisions"}],"predecessor-version":[{"id":227624,"href":"https:\/\/diariotextual.com\/inicio\/index.php\/wp-json\/wp\/v2\/posts\/227615\/revisions\/227624"}],"wp:featuredmedia":[{"embeddable":true,"href":"https:\/\/diariotextual.com\/inicio\/index.php\/wp-json\/wp\/v2\/media\/227618"}],"wp:attachment":[{"href":"https:\/\/diariotextual.com\/inicio\/index.php\/wp-json\/wp\/v2\/media?parent=227615"}],"wp:term":[{"taxonomy":"category","embeddable":true,"href":"https:\/\/diariotextual.com\/inicio\/index.php\/wp-json\/wp\/v2\/categories?post=227615"},{"taxonomy":"post_tag","embeddable":true,"href":"https:\/\/diariotextual.com\/inicio\/index.php\/wp-json\/wp\/v2\/tags?post=227615"}],"curies":[{"name":"wp","href":"https:\/\/api.w.org\/{rel}","templated":true}]}}