{"id":227673,"date":"2023-06-06T08:09:11","date_gmt":"2023-06-06T11:09:11","guid":{"rendered":"https:\/\/diariotextual.com\/inicio\/?p=227673"},"modified":"2023-06-06T09:08:47","modified_gmt":"2023-06-06T12:08:47","slug":"emotivo-acto-de-reconocimiento-a-farmacias-centenarias-de-pico","status":"publish","type":"post","link":"https:\/\/diariotextual.com\/inicio\/index.php\/2023\/06\/06\/emotivo-acto-de-reconocimiento-a-farmacias-centenarias-de-pico\/","title":{"rendered":"Emotivo acto de reconocimiento a farmacias centenarias de Pico"},"content":{"rendered":"\n<p class=\"wp-block-paragraph\">El Colegio Farmac\u00e9utico de la provincia de La Pampa realiz\u00f3 el s\u00e1bado 3 de junio un acto de reconocimiento en General Pico a una profesional graduada hace 25 a\u00f1os, a directivos actuales y con mandato cumplido, a un empleado, a colegas docentes, y a farmacias con m\u00e1s de 60 a\u00f1os y a otras con m\u00e1s de 100, en el marco de su 60\u00ba aniversario.<\/p>\n\n\n\n<p class=\"wp-block-paragraph\">En el evento estuvieron la intendenta local, Fernanda Alonso, y el vicepresidente del Instituto de Seguridad Social, Fernando S\u00e1nchez.<\/p>\n\n\n\n<p class=\"wp-block-paragraph\">La farmac\u00e9utica piquense Lorena Pereyra fue la encargada de dar la bienvenida a los presentes en el sal\u00f3n de eventos El Palmar, reconociendo que para ella era \u201cun orgullo\u201d que el festejo se realizara en su ciudad y habl\u00f3 de la trascendencia del acto de encuentro de los y las colegas.<\/p>\n\n\n\n<p class=\"wp-block-paragraph\">A continuaci\u00f3n, habl\u00f3 el presidente del Colegio Farmac\u00e9utico, Miguel Osio, quien hizo un breve repaso de la historia de la instituci\u00f3n creada en 1963. Al respecto, destac\u00f3 la continuidad institucional de la entidad, sostenida en la realizaci\u00f3n de asambleas y elecci\u00f3n de autoridades, a\u00fan en tiempos dictatoriales.<\/p>\n\n\n\n<figure class=\"wp-block-image size-large\"><img fetchpriority=\"high\" decoding=\"async\" width=\"1024\" height=\"731\" src=\"https:\/\/diariotextual.com\/inicio\/wp-content\/uploads\/2023\/06\/colegiofarmaceuticopico2023-2-1024x731.jpg\" alt=\"\" class=\"wp-image-227676\" srcset=\"https:\/\/diariotextual.com\/inicio\/wp-content\/uploads\/2023\/06\/colegiofarmaceuticopico2023-2-1024x731.jpg 1024w, https:\/\/diariotextual.com\/inicio\/wp-content\/uploads\/2023\/06\/colegiofarmaceuticopico2023-2-300x214.jpg 300w, https:\/\/diariotextual.com\/inicio\/wp-content\/uploads\/2023\/06\/colegiofarmaceuticopico2023-2-768x548.jpg 768w, https:\/\/diariotextual.com\/inicio\/wp-content\/uploads\/2023\/06\/colegiofarmaceuticopico2023-2-1536x1096.jpg 1536w, https:\/\/diariotextual.com\/inicio\/wp-content\/uploads\/2023\/06\/colegiofarmaceuticopico2023-2-1170x835.jpg 1170w, https:\/\/diariotextual.com\/inicio\/wp-content\/uploads\/2023\/06\/colegiofarmaceuticopico2023-2-585x418.jpg 585w, https:\/\/diariotextual.com\/inicio\/wp-content\/uploads\/2023\/06\/colegiofarmaceuticopico2023-2.jpg 1600w\" sizes=\"(max-width: 1024px) 100vw, 1024px\" \/><\/figure>\n\n\n\n<p class=\"wp-block-paragraph\">Osio subray\u00f3 que el colegio mantiene una red informatizada provincial que es un ejemplo a nivel nacional y que uno de los roles del Colegio es mantener el equilibro entre las necesidades de las obras sociales y las posibilidades de las farmacias, siempre en beneficio de la gente.<\/p>\n\n\n\n<p class=\"wp-block-paragraph\">Adem\u00e1s, destac\u00f3 que en estos 60 a\u00f1os hubo dolores y alegr\u00edas, traiciones y lealtades. &nbsp;\u201cLos dolores que nos quedan son las conquistas que nos faltan para lograr un ordenamiento normativo que conduzca a una mejor farmacia y ejercicio profesional, para afianzar a\u00fan m\u00e1s la esencialidad de la farmacia y el farmac\u00e9utico, destacada en tiempos de pandemia\u201d, djo.<\/p>\n\n\n\n<p class=\"wp-block-paragraph\">Los reconocimientos comenzaron con la entrega de medallas por 25 a\u00f1os de graduaci\u00f3n y sigui\u00f3 con el otorgamiento de diplomas y presentes a directivos actuales y con mandato cumplido, a un empleado del Colegio, y a farmac\u00e9uticos y farmac\u00e9uticas que se han desempe\u00f1ado, o lo siguen haciendo, como docentes. En ese segmento habl\u00f3 Mariel Montanaro, quien explic\u00f3 que en sus clases en colegios secundarios intenta que los estudiantes \u201cencuentren la qu\u00edmica en la vida cotidiana\u201d, entre otros aprendizajes.<\/p>\n\n\n\n<p class=\"wp-block-paragraph\">Luego se reconoci\u00f3 a farmacias con m\u00e1s de 60 a\u00f1os de existencia, iniciando el segmento Margarita Zaldarriaga, hija de quien fuera propietario de una de las farmacias homenajeadas. Posteriormente se produjo un momento emotivo al donarse al Colegio el libro recetario de la Farmacia Fraire, de Quem\u00fa Quem\u00fa, en el que la primera receta asentada data de 1942.<\/p>\n\n\n\n<p class=\"wp-block-paragraph\">Acto seguido se homenaje\u00f3 a las dos farmacias piquenses que tienen m\u00e1s de 100 a\u00f1os: Laborda y Su\u00e1rez.<\/p>\n\n\n\n<p class=\"wp-block-paragraph\">Cerr\u00f3 la parte protocolar del evento la intendenta Fernanda Alonso, quien agradeci\u00f3 que el Colegio descentralizara los festejos por sus 60 a\u00f1os y expres\u00f3 que el farmac\u00e9utico \u201ces una persona de confianza de la familia\u201d.<\/p>\n\n\n\n<p class=\"wp-block-paragraph\">Flor Fern\u00e1ndez y Thomas Vazquez fueron los artistas que le dieron el broche de oro a la velada con una seguidilla de canciones surgidas del cancionero popular iberoamericano.<\/p>\n","protected":false},"excerpt":{"rendered":"<p>El Colegio Farmac\u00e9utico de la provincia de La Pampa realiz\u00f3 el s\u00e1bado 3 de junio un acto de reconocimiento en General Pico a una profesional graduada hace 25 a\u00f1os, a&hellip;<\/p>\n","protected":false},"author":3,"featured_media":227677,"comment_status":"closed","ping_status":"open","sticky":false,"template":"","format":"standard","meta":{"_acf_changed":false,"footnotes":""},"categories":[1,12],"tags":[],"class_list":["post-227673","post","type-post","status-publish","format-standard","has-post-thumbnail","hentry","category-es-noticia","category-sociedad"],"acf":[],"yoast_head":"<!-- This site is optimized with the Yoast SEO plugin v28.4 - https:\/\/yoast.com\/product\/yoast-seo-wordpress\/ -->\n<title>Emotivo acto de reconocimiento a farmacias centenarias de Pico - Diario Textual<\/title>\n<meta name=\"robots\" content=\"index, follow, max-snippet:-1, max-image-preview:large, max-video-preview:-1\" \/>\n<link rel=\"canonical\" href=\"https:\/\/diariotextual.com\/inicio\/index.php\/2023\/06\/06\/emotivo-acto-de-reconocimiento-a-farmacias-centenarias-de-pico\/\" \/>\n<meta property=\"og:locale\" content=\"es_ES\" \/>\n<meta property=\"og:type\" content=\"article\" \/>\n<meta property=\"og:title\" content=\"Emotivo acto de reconocimiento a farmacias centenarias de Pico - Diario Textual\" \/>\n<meta property=\"og:description\" content=\"El Colegio Farmac\u00e9utico de la provincia de La Pampa realiz\u00f3 el s\u00e1bado 3 de junio un acto de reconocimiento en General Pico a una profesional graduada hace 25 a\u00f1os, a&hellip;\" \/>\n<meta property=\"og:url\" content=\"https:\/\/diariotextual.com\/inicio\/index.php\/2023\/06\/06\/emotivo-acto-de-reconocimiento-a-farmacias-centenarias-de-pico\/\" \/>\n<meta property=\"og:site_name\" content=\"Diario Textual\" \/>\n<meta property=\"article:publisher\" content=\"https:\/\/www.facebook.com\/eltextual\" \/>\n<meta property=\"article:published_time\" content=\"2023-06-06T11:09:11+00:00\" \/>\n<meta property=\"article:modified_time\" content=\"2023-06-06T12:08:47+00:00\" \/>\n<meta property=\"og:image\" content=\"https:\/\/diariotextual.com\/inicio\/wp-content\/uploads\/2023\/06\/colegiofarmaceuticopico2023-1.jpeg\" \/>\n\t<meta property=\"og:image:width\" content=\"1600\" \/>\n\t<meta property=\"og:image:height\" content=\"1142\" \/>\n\t<meta property=\"og:image:type\" content=\"image\/jpeg\" \/>\n<meta name=\"author\" content=\"Diario1 Diario1\" \/>\n<meta name=\"twitter:card\" content=\"summary_large_image\" \/>\n<meta name=\"twitter:creator\" content=\"@eltextual\" \/>\n<meta name=\"twitter:site\" content=\"@eltextual\" \/>\n<meta name=\"twitter:label1\" content=\"Escrito por\" \/>\n\t<meta name=\"twitter:data1\" content=\"Diario1 Diario1\" \/>\n\t<meta name=\"twitter:label2\" content=\"Tiempo de lectura\" \/>\n\t<meta name=\"twitter:data2\" content=\"3 minutos\" \/>\n<script type=\"application\/ld+json\" class=\"yoast-schema-graph\">{\"@context\":\"https:\\\/\\\/schema.org\",\"@graph\":[{\"@type\":\"Article\",\"@id\":\"https:\\\/\\\/diariotextual.com\\\/inicio\\\/index.php\\\/2023\\\/06\\\/06\\\/emotivo-acto-de-reconocimiento-a-farmacias-centenarias-de-pico\\\/#article\",\"isPartOf\":{\"@id\":\"https:\\\/\\\/diariotextual.com\\\/inicio\\\/index.php\\\/2023\\\/06\\\/06\\\/emotivo-acto-de-reconocimiento-a-farmacias-centenarias-de-pico\\\/\"},\"author\":{\"name\":\"Diario1 Diario1\",\"@id\":\"https:\\\/\\\/diariotextual.com\\\/inicio\\\/#\\\/schema\\\/person\\\/418fc4093c33e86ed41562db3508f958\"},\"headline\":\"Emotivo acto de reconocimiento a farmacias centenarias de Pico\",\"datePublished\":\"2023-06-06T11:09:11+00:00\",\"dateModified\":\"2023-06-06T12:08:47+00:00\",\"mainEntityOfPage\":{\"@id\":\"https:\\\/\\\/diariotextual.com\\\/inicio\\\/index.php\\\/2023\\\/06\\\/06\\\/emotivo-acto-de-reconocimiento-a-farmacias-centenarias-de-pico\\\/\"},\"wordCount\":536,\"publisher\":{\"@id\":\"https:\\\/\\\/diariotextual.com\\\/inicio\\\/#organization\"},\"image\":{\"@id\":\"https:\\\/\\\/diariotextual.com\\\/inicio\\\/index.php\\\/2023\\\/06\\\/06\\\/emotivo-acto-de-reconocimiento-a-farmacias-centenarias-de-pico\\\/#primaryimage\"},\"thumbnailUrl\":\"https:\\\/\\\/diariotextual.com\\\/inicio\\\/wp-content\\\/uploads\\\/2023\\\/06\\\/colegiofarmaceuticopico2023-1.jpeg\",\"articleSection\":[\"A - ES NOTICIA (van abajo)\",\"SOCIEDAD\"],\"inLanguage\":\"es\"},{\"@type\":\"WebPage\",\"@id\":\"https:\\\/\\\/diariotextual.com\\\/inicio\\\/index.php\\\/2023\\\/06\\\/06\\\/emotivo-acto-de-reconocimiento-a-farmacias-centenarias-de-pico\\\/\",\"url\":\"https:\\\/\\\/diariotextual.com\\\/inicio\\\/index.php\\\/2023\\\/06\\\/06\\\/emotivo-acto-de-reconocimiento-a-farmacias-centenarias-de-pico\\\/\",\"name\":\"Emotivo acto de reconocimiento a farmacias centenarias de Pico - Diario Textual\",\"isPartOf\":{\"@id\":\"https:\\\/\\\/diariotextual.com\\\/inicio\\\/#website\"},\"primaryImageOfPage\":{\"@id\":\"https:\\\/\\\/diariotextual.com\\\/inicio\\\/index.php\\\/2023\\\/06\\\/06\\\/emotivo-acto-de-reconocimiento-a-farmacias-centenarias-de-pico\\\/#primaryimage\"},\"image\":{\"@id\":\"https:\\\/\\\/diariotextual.com\\\/inicio\\\/index.php\\\/2023\\\/06\\\/06\\\/emotivo-acto-de-reconocimiento-a-farmacias-centenarias-de-pico\\\/#primaryimage\"},\"thumbnailUrl\":\"https:\\\/\\\/diariotextual.com\\\/inicio\\\/wp-content\\\/uploads\\\/2023\\\/06\\\/colegiofarmaceuticopico2023-1.jpeg\",\"datePublished\":\"2023-06-06T11:09:11+00:00\",\"dateModified\":\"2023-06-06T12:08:47+00:00\",\"breadcrumb\":{\"@id\":\"https:\\\/\\\/diariotextual.com\\\/inicio\\\/index.php\\\/2023\\\/06\\\/06\\\/emotivo-acto-de-reconocimiento-a-farmacias-centenarias-de-pico\\\/#breadcrumb\"},\"inLanguage\":\"es\",\"potentialAction\":[{\"@type\":\"ReadAction\",\"target\":[\"https:\\\/\\\/diariotextual.com\\\/inicio\\\/index.php\\\/2023\\\/06\\\/06\\\/emotivo-acto-de-reconocimiento-a-farmacias-centenarias-de-pico\\\/\"]}]},{\"@type\":\"ImageObject\",\"inLanguage\":\"es\",\"@id\":\"https:\\\/\\\/diariotextual.com\\\/inicio\\\/index.php\\\/2023\\\/06\\\/06\\\/emotivo-acto-de-reconocimiento-a-farmacias-centenarias-de-pico\\\/#primaryimage\",\"url\":\"https:\\\/\\\/diariotextual.com\\\/inicio\\\/wp-content\\\/uploads\\\/2023\\\/06\\\/colegiofarmaceuticopico2023-1.jpeg\",\"contentUrl\":\"https:\\\/\\\/diariotextual.com\\\/inicio\\\/wp-content\\\/uploads\\\/2023\\\/06\\\/colegiofarmaceuticopico2023-1.jpeg\",\"width\":1600,\"height\":1142},{\"@type\":\"BreadcrumbList\",\"@id\":\"https:\\\/\\\/diariotextual.com\\\/inicio\\\/index.php\\\/2023\\\/06\\\/06\\\/emotivo-acto-de-reconocimiento-a-farmacias-centenarias-de-pico\\\/#breadcrumb\",\"itemListElement\":[{\"@type\":\"ListItem\",\"position\":1,\"name\":\"Portada\",\"item\":\"https:\\\/\\\/diariotextual.com\\\/inicio\\\/\"},{\"@type\":\"ListItem\",\"position\":2,\"name\":\"Emotivo acto de reconocimiento a farmacias centenarias de Pico\"}]},{\"@type\":\"WebSite\",\"@id\":\"https:\\\/\\\/diariotextual.com\\\/inicio\\\/#website\",\"url\":\"https:\\\/\\\/diariotextual.com\\\/inicio\\\/\",\"name\":\"Diario Textual\",\"description\":\"\",\"publisher\":{\"@id\":\"https:\\\/\\\/diariotextual.com\\\/inicio\\\/#organization\"},\"potentialAction\":[{\"@type\":\"SearchAction\",\"target\":{\"@type\":\"EntryPoint\",\"urlTemplate\":\"https:\\\/\\\/diariotextual.com\\\/inicio\\\/?s={search_term_string}\"},\"query-input\":{\"@type\":\"PropertyValueSpecification\",\"valueRequired\":true,\"valueName\":\"search_term_string\"}}],\"inLanguage\":\"es\"},{\"@type\":\"Organization\",\"@id\":\"https:\\\/\\\/diariotextual.com\\\/inicio\\\/#organization\",\"name\":\"Diario Textual\",\"url\":\"https:\\\/\\\/diariotextual.com\\\/inicio\\\/\",\"logo\":{\"@type\":\"ImageObject\",\"inLanguage\":\"es\",\"@id\":\"https:\\\/\\\/diariotextual.com\\\/inicio\\\/#\\\/schema\\\/logo\\\/image\\\/\",\"url\":\"https:\\\/\\\/diariotextual.com\\\/inicio\\\/wp-content\\\/uploads\\\/2023\\\/05\\\/logotextual1.jpg\",\"contentUrl\":\"https:\\\/\\\/diariotextual.com\\\/inicio\\\/wp-content\\\/uploads\\\/2023\\\/05\\\/logotextual1.jpg\",\"width\":516,\"height\":76,\"caption\":\"Diario Textual\"},\"image\":{\"@id\":\"https:\\\/\\\/diariotextual.com\\\/inicio\\\/#\\\/schema\\\/logo\\\/image\\\/\"},\"sameAs\":[\"https:\\\/\\\/www.facebook.com\\\/eltextual\",\"https:\\\/\\\/x.com\\\/eltextual\",\"http:\\\/\\\/www.instagram.com\\\/eltextual\"]},{\"@type\":\"Person\",\"@id\":\"https:\\\/\\\/diariotextual.com\\\/inicio\\\/#\\\/schema\\\/person\\\/418fc4093c33e86ed41562db3508f958\",\"name\":\"Diario1 Diario1\",\"image\":{\"@type\":\"ImageObject\",\"inLanguage\":\"es\",\"@id\":\"https:\\\/\\\/secure.gravatar.com\\\/avatar\\\/9167d280179c85bc18be67aa7eda765854300033af4896dd779b608640f2ef7a?s=96&d=mm&r=g\",\"url\":\"https:\\\/\\\/secure.gravatar.com\\\/avatar\\\/9167d280179c85bc18be67aa7eda765854300033af4896dd779b608640f2ef7a?s=96&d=mm&r=g\",\"contentUrl\":\"https:\\\/\\\/secure.gravatar.com\\\/avatar\\\/9167d280179c85bc18be67aa7eda765854300033af4896dd779b608640f2ef7a?s=96&d=mm&r=g\",\"caption\":\"Diario1 Diario1\"},\"url\":\"https:\\\/\\\/diariotextual.com\\\/inicio\\\/index.php\\\/author\\\/diario1\\\/\"}]}<\/script>\n<!-- \/ Yoast SEO plugin. -->","yoast_head_json":{"title":"Emotivo acto de reconocimiento a farmacias centenarias de Pico - Diario Textual","robots":{"index":"index","follow":"follow","max-snippet":"max-snippet:-1","max-image-preview":"max-image-preview:large","max-video-preview":"max-video-preview:-1"},"canonical":"https:\/\/diariotextual.com\/inicio\/index.php\/2023\/06\/06\/emotivo-acto-de-reconocimiento-a-farmacias-centenarias-de-pico\/","og_locale":"es_ES","og_type":"article","og_title":"Emotivo acto de reconocimiento a farmacias centenarias de Pico - Diario Textual","og_description":"El Colegio Farmac\u00e9utico de la provincia de La Pampa realiz\u00f3 el s\u00e1bado 3 de junio un acto de reconocimiento en General Pico a una profesional graduada hace 25 a\u00f1os, a&hellip;","og_url":"https:\/\/diariotextual.com\/inicio\/index.php\/2023\/06\/06\/emotivo-acto-de-reconocimiento-a-farmacias-centenarias-de-pico\/","og_site_name":"Diario Textual","article_publisher":"https:\/\/www.facebook.com\/eltextual","article_published_time":"2023-06-06T11:09:11+00:00","article_modified_time":"2023-06-06T12:08:47+00:00","og_image":[{"width":1600,"height":1142,"url":"https:\/\/diariotextual.com\/inicio\/wp-content\/uploads\/2023\/06\/colegiofarmaceuticopico2023-1.jpeg","type":"image\/jpeg"}],"author":"Diario1 Diario1","twitter_card":"summary_large_image","twitter_creator":"@eltextual","twitter_site":"@eltextual","twitter_misc":{"Escrito por":"Diario1 Diario1","Tiempo de lectura":"3 minutos"},"schema":{"@context":"https:\/\/schema.org","@graph":[{"@type":"Article","@id":"https:\/\/diariotextual.com\/inicio\/index.php\/2023\/06\/06\/emotivo-acto-de-reconocimiento-a-farmacias-centenarias-de-pico\/#article","isPartOf":{"@id":"https:\/\/diariotextual.com\/inicio\/index.php\/2023\/06\/06\/emotivo-acto-de-reconocimiento-a-farmacias-centenarias-de-pico\/"},"author":{"name":"Diario1 Diario1","@id":"https:\/\/diariotextual.com\/inicio\/#\/schema\/person\/418fc4093c33e86ed41562db3508f958"},"headline":"Emotivo acto de reconocimiento a farmacias centenarias de Pico","datePublished":"2023-06-06T11:09:11+00:00","dateModified":"2023-06-06T12:08:47+00:00","mainEntityOfPage":{"@id":"https:\/\/diariotextual.com\/inicio\/index.php\/2023\/06\/06\/emotivo-acto-de-reconocimiento-a-farmacias-centenarias-de-pico\/"},"wordCount":536,"publisher":{"@id":"https:\/\/diariotextual.com\/inicio\/#organization"},"image":{"@id":"https:\/\/diariotextual.com\/inicio\/index.php\/2023\/06\/06\/emotivo-acto-de-reconocimiento-a-farmacias-centenarias-de-pico\/#primaryimage"},"thumbnailUrl":"https:\/\/diariotextual.com\/inicio\/wp-content\/uploads\/2023\/06\/colegiofarmaceuticopico2023-1.jpeg","articleSection":["A - ES NOTICIA (van abajo)","SOCIEDAD"],"inLanguage":"es"},{"@type":"WebPage","@id":"https:\/\/diariotextual.com\/inicio\/index.php\/2023\/06\/06\/emotivo-acto-de-reconocimiento-a-farmacias-centenarias-de-pico\/","url":"https:\/\/diariotextual.com\/inicio\/index.php\/2023\/06\/06\/emotivo-acto-de-reconocimiento-a-farmacias-centenarias-de-pico\/","name":"Emotivo acto de reconocimiento a farmacias centenarias de Pico - Diario Textual","isPartOf":{"@id":"https:\/\/diariotextual.com\/inicio\/#website"},"primaryImageOfPage":{"@id":"https:\/\/diariotextual.com\/inicio\/index.php\/2023\/06\/06\/emotivo-acto-de-reconocimiento-a-farmacias-centenarias-de-pico\/#primaryimage"},"image":{"@id":"https:\/\/diariotextual.com\/inicio\/index.php\/2023\/06\/06\/emotivo-acto-de-reconocimiento-a-farmacias-centenarias-de-pico\/#primaryimage"},"thumbnailUrl":"https:\/\/diariotextual.com\/inicio\/wp-content\/uploads\/2023\/06\/colegiofarmaceuticopico2023-1.jpeg","datePublished":"2023-06-06T11:09:11+00:00","dateModified":"2023-06-06T12:08:47+00:00","breadcrumb":{"@id":"https:\/\/diariotextual.com\/inicio\/index.php\/2023\/06\/06\/emotivo-acto-de-reconocimiento-a-farmacias-centenarias-de-pico\/#breadcrumb"},"inLanguage":"es","potentialAction":[{"@type":"ReadAction","target":["https:\/\/diariotextual.com\/inicio\/index.php\/2023\/06\/06\/emotivo-acto-de-reconocimiento-a-farmacias-centenarias-de-pico\/"]}]},{"@type":"ImageObject","inLanguage":"es","@id":"https:\/\/diariotextual.com\/inicio\/index.php\/2023\/06\/06\/emotivo-acto-de-reconocimiento-a-farmacias-centenarias-de-pico\/#primaryimage","url":"https:\/\/diariotextual.com\/inicio\/wp-content\/uploads\/2023\/06\/colegiofarmaceuticopico2023-1.jpeg","contentUrl":"https:\/\/diariotextual.com\/inicio\/wp-content\/uploads\/2023\/06\/colegiofarmaceuticopico2023-1.jpeg","width":1600,"height":1142},{"@type":"BreadcrumbList","@id":"https:\/\/diariotextual.com\/inicio\/index.php\/2023\/06\/06\/emotivo-acto-de-reconocimiento-a-farmacias-centenarias-de-pico\/#breadcrumb","itemListElement":[{"@type":"ListItem","position":1,"name":"Portada","item":"https:\/\/diariotextual.com\/inicio\/"},{"@type":"ListItem","position":2,"name":"Emotivo acto de reconocimiento a farmacias centenarias de Pico"}]},{"@type":"WebSite","@id":"https:\/\/diariotextual.com\/inicio\/#website","url":"https:\/\/diariotextual.com\/inicio\/","name":"Diario Textual","description":"","publisher":{"@id":"https:\/\/diariotextual.com\/inicio\/#organization"},"potentialAction":[{"@type":"SearchAction","target":{"@type":"EntryPoint","urlTemplate":"https:\/\/diariotextual.com\/inicio\/?s={search_term_string}"},"query-input":{"@type":"PropertyValueSpecification","valueRequired":true,"valueName":"search_term_string"}}],"inLanguage":"es"},{"@type":"Organization","@id":"https:\/\/diariotextual.com\/inicio\/#organization","name":"Diario Textual","url":"https:\/\/diariotextual.com\/inicio\/","logo":{"@type":"ImageObject","inLanguage":"es","@id":"https:\/\/diariotextual.com\/inicio\/#\/schema\/logo\/image\/","url":"https:\/\/diariotextual.com\/inicio\/wp-content\/uploads\/2023\/05\/logotextual1.jpg","contentUrl":"https:\/\/diariotextual.com\/inicio\/wp-content\/uploads\/2023\/05\/logotextual1.jpg","width":516,"height":76,"caption":"Diario Textual"},"image":{"@id":"https:\/\/diariotextual.com\/inicio\/#\/schema\/logo\/image\/"},"sameAs":["https:\/\/www.facebook.com\/eltextual","https:\/\/x.com\/eltextual","http:\/\/www.instagram.com\/eltextual"]},{"@type":"Person","@id":"https:\/\/diariotextual.com\/inicio\/#\/schema\/person\/418fc4093c33e86ed41562db3508f958","name":"Diario1 Diario1","image":{"@type":"ImageObject","inLanguage":"es","@id":"https:\/\/secure.gravatar.com\/avatar\/9167d280179c85bc18be67aa7eda765854300033af4896dd779b608640f2ef7a?s=96&d=mm&r=g","url":"https:\/\/secure.gravatar.com\/avatar\/9167d280179c85bc18be67aa7eda765854300033af4896dd779b608640f2ef7a?s=96&d=mm&r=g","contentUrl":"https:\/\/secure.gravatar.com\/avatar\/9167d280179c85bc18be67aa7eda765854300033af4896dd779b608640f2ef7a?s=96&d=mm&r=g","caption":"Diario1 Diario1"},"url":"https:\/\/diariotextual.com\/inicio\/index.php\/author\/diario1\/"}]}},"_links":{"self":[{"href":"https:\/\/diariotextual.com\/inicio\/index.php\/wp-json\/wp\/v2\/posts\/227673","targetHints":{"allow":["GET"]}}],"collection":[{"href":"https:\/\/diariotextual.com\/inicio\/index.php\/wp-json\/wp\/v2\/posts"}],"about":[{"href":"https:\/\/diariotextual.com\/inicio\/index.php\/wp-json\/wp\/v2\/types\/post"}],"author":[{"embeddable":true,"href":"https:\/\/diariotextual.com\/inicio\/index.php\/wp-json\/wp\/v2\/users\/3"}],"replies":[{"embeddable":true,"href":"https:\/\/diariotextual.com\/inicio\/index.php\/wp-json\/wp\/v2\/comments?post=227673"}],"version-history":[{"count":2,"href":"https:\/\/diariotextual.com\/inicio\/index.php\/wp-json\/wp\/v2\/posts\/227673\/revisions"}],"predecessor-version":[{"id":227678,"href":"https:\/\/diariotextual.com\/inicio\/index.php\/wp-json\/wp\/v2\/posts\/227673\/revisions\/227678"}],"wp:featuredmedia":[{"embeddable":true,"href":"https:\/\/diariotextual.com\/inicio\/index.php\/wp-json\/wp\/v2\/media\/227677"}],"wp:attachment":[{"href":"https:\/\/diariotextual.com\/inicio\/index.php\/wp-json\/wp\/v2\/media?parent=227673"}],"wp:term":[{"taxonomy":"category","embeddable":true,"href":"https:\/\/diariotextual.com\/inicio\/index.php\/wp-json\/wp\/v2\/categories?post=227673"},{"taxonomy":"post_tag","embeddable":true,"href":"https:\/\/diariotextual.com\/inicio\/index.php\/wp-json\/wp\/v2\/tags?post=227673"}],"curies":[{"name":"wp","href":"https:\/\/api.w.org\/{rel}","templated":true}]}}