{"id":227753,"date":"2023-06-06T18:45:48","date_gmt":"2023-06-06T21:45:48","guid":{"rendered":"https:\/\/diariotextual.com\/inicio\/?p=227753"},"modified":"2023-06-06T18:56:49","modified_gmt":"2023-06-06T21:56:49","slug":"nueva-unidad-local-de-ninez-para-santa-rosa","status":"publish","type":"post","link":"https:\/\/diariotextual.com\/inicio\/index.php\/2023\/06\/06\/nueva-unidad-local-de-ninez-para-santa-rosa\/","title":{"rendered":"Nueva Unidad Local de Ni\u00f1ez para Santa Rosa"},"content":{"rendered":"\n<p class=\"wp-block-paragraph\">Esta ma\u00f1ana, en el Sal\u00f3n Azul de la Municipalidad de Santa Rosa, se firm\u00f3 un importante convenio para la creaci\u00f3n de la Unidad Local de Ni\u00f1ez de Santa Rosa. \u201cLa concreci\u00f3n de este proyecto es fruto del trabajo articulado que viene realizando la gesti\u00f3n del intendente Luciano di N\u00e1poli junto a Naci\u00f3n y Provincia\u201d, se\u00f1al\u00f3 la viceintendenta a cargo del Ejecutivo Municipal, Paula Grotto, quien destac\u00f3 la relevancia de la r\u00fabrica.<\/p>\n\n\n\n<p class=\"wp-block-paragraph\">El convenio permitir\u00e1 implementar un \u00e1rea especializada en materia de intervenci\u00f3n y promoci\u00f3n de derechos de ni\u00f1os, ni\u00f1as y adolescentes. El monto total de inversi\u00f3n ser\u00e1 de 15 millones de pesos y se destinar\u00e1 en equipamiento, log\u00edstica, refacciones, recursos humanos y materiales para servicios.<\/p>\n\n\n\n<p class=\"wp-block-paragraph\">De la firma de convenio participaron el secretario de Ni\u00f1ez, Adolescencia y Familia de Naci\u00f3n, Gabriel Lerner; el subsecretario de Derechos para la Ni\u00f1ez, Adolescencia y Familia, Mariano Luongo; la directora nacional de Promoci\u00f3n y Protecci\u00f3n Integral, Alejandra Shanahann; el ministro de Desarrollo Social de La Pampa, Diego \u00c1lvarez; el subsecretario de Ni\u00f1ez, Adolescencia y Familia de La Pampa, Juan Pablo Bonino; la viceintendenta a cargo del Ejecutivo Municipal, Paula Grotto y la secretaria de Desarrollo Social de Santa Rosa, Clarisa Alzuri.<\/p>\n\n\n\n<p class=\"wp-block-paragraph\">En primera instancia, Paula Grotto salud\u00f3 a las autoridades presentes y destac\u00f3 la importancia de este convenio para la ciudad; \u201cla gesti\u00f3n del intendente Luciano di N\u00e1poli viene trabajando mancomunadamente con el \u00e1rea de ni\u00f1ez tanto del Gobierno Provincial como del Gobierno Nacional. Estos recursos nos servir\u00e1n para fortalecer los equipos de trabajo\u201d.<\/p>\n\n\n\n<p class=\"wp-block-paragraph\">Por su parte, el ministro de Desarrollo Social de La Pampa, Diego \u00c1lvarez, celebr\u00f3 el convenio que permitir\u00e1 brindar mejor y mayor respuesta a ni\u00f1os, ni\u00f1as y adolescentes. \u201cMucho tiempo fue responsabilidad de equipos provinciales. Hoy con los equipos del Municipio se han revalorizado estos espacios trabajando colaborativamente, y nos permite contratar recurso humano y equipar salas de ni\u00f1ez para dar respuesta a las complejidades que se van presentando en los distintos barrios de la ciudad\u201d, dijo.<\/p>\n\n\n\n<p class=\"wp-block-paragraph\">El cierre de la actividad estuvo a cargo del funcionario nacional, Gabriel Lerner, quien destac\u00f3 el trabajo que se viene realizando junto al intendente Luciano di N\u00e1poli y con el Gobierno provincial. \u201cHubo muchas reuniones y di\u00e1logo construido para llegar a esta unidad local que permitir\u00e1 destinar m\u00e1s recursos a las infancias, por casos de violencia, asesoramiento o medidas excepcionales que requieren equipos t\u00e9cnicos formados y especializados. Este convenio permitir\u00e1 realizar estos abordajes en forma integral\u201d, finaliz\u00f3.<\/p>\n","protected":false},"excerpt":{"rendered":"<p>Esta ma\u00f1ana, en el Sal\u00f3n Azul de la Municipalidad de Santa Rosa, se firm\u00f3 un importante convenio para la creaci\u00f3n de la Unidad Local de Ni\u00f1ez de Santa Rosa. \u201cLa&hellip;<\/p>\n","protected":false},"author":3,"featured_media":227756,"comment_status":"closed","ping_status":"open","sticky":false,"template":"","format":"standard","meta":{"_acf_changed":false,"footnotes":""},"categories":[1,12],"tags":[],"class_list":["post-227753","post","type-post","status-publish","format-standard","has-post-thumbnail","hentry","category-es-noticia","category-sociedad"],"acf":[],"yoast_head":"<!-- This site is optimized with the Yoast SEO plugin v28.4 - https:\/\/yoast.com\/product\/yoast-seo-wordpress\/ -->\n<title>Nueva Unidad Local de Ni\u00f1ez para Santa Rosa - Diario Textual<\/title>\n<meta name=\"robots\" content=\"index, follow, max-snippet:-1, max-image-preview:large, max-video-preview:-1\" \/>\n<link rel=\"canonical\" href=\"https:\/\/diariotextual.com\/inicio\/index.php\/2023\/06\/06\/nueva-unidad-local-de-ninez-para-santa-rosa\/\" \/>\n<meta property=\"og:locale\" content=\"es_ES\" \/>\n<meta property=\"og:type\" content=\"article\" \/>\n<meta property=\"og:title\" content=\"Nueva Unidad Local de Ni\u00f1ez para Santa Rosa - Diario Textual\" \/>\n<meta property=\"og:description\" content=\"Esta ma\u00f1ana, en el Sal\u00f3n Azul de la Municipalidad de Santa Rosa, se firm\u00f3 un importante convenio para la creaci\u00f3n de la Unidad Local de Ni\u00f1ez de Santa Rosa. \u201cLa&hellip;\" \/>\n<meta property=\"og:url\" content=\"https:\/\/diariotextual.com\/inicio\/index.php\/2023\/06\/06\/nueva-unidad-local-de-ninez-para-santa-rosa\/\" \/>\n<meta property=\"og:site_name\" content=\"Diario Textual\" \/>\n<meta property=\"article:publisher\" content=\"https:\/\/www.facebook.com\/eltextual\" \/>\n<meta property=\"article:published_time\" content=\"2023-06-06T21:45:48+00:00\" \/>\n<meta property=\"article:modified_time\" content=\"2023-06-06T21:56:49+00:00\" \/>\n<meta property=\"og:image\" content=\"https:\/\/diariotextual.com\/inicio\/wp-content\/uploads\/2023\/06\/convenioninezsantarroseno2023-1.jpeg\" \/>\n\t<meta property=\"og:image:width\" content=\"1599\" \/>\n\t<meta property=\"og:image:height\" content=\"1066\" \/>\n\t<meta property=\"og:image:type\" content=\"image\/jpeg\" \/>\n<meta name=\"author\" content=\"Diario1 Diario1\" \/>\n<meta name=\"twitter:card\" content=\"summary_large_image\" \/>\n<meta name=\"twitter:creator\" content=\"@eltextual\" \/>\n<meta name=\"twitter:site\" content=\"@eltextual\" \/>\n<meta name=\"twitter:label1\" content=\"Escrito por\" \/>\n\t<meta name=\"twitter:data1\" content=\"Diario1 Diario1\" \/>\n\t<meta name=\"twitter:label2\" content=\"Tiempo de lectura\" \/>\n\t<meta name=\"twitter:data2\" content=\"2 minutos\" \/>\n<script type=\"application\/ld+json\" class=\"yoast-schema-graph\">{\"@context\":\"https:\\\/\\\/schema.org\",\"@graph\":[{\"@type\":\"Article\",\"@id\":\"https:\\\/\\\/diariotextual.com\\\/inicio\\\/index.php\\\/2023\\\/06\\\/06\\\/nueva-unidad-local-de-ninez-para-santa-rosa\\\/#article\",\"isPartOf\":{\"@id\":\"https:\\\/\\\/diariotextual.com\\\/inicio\\\/index.php\\\/2023\\\/06\\\/06\\\/nueva-unidad-local-de-ninez-para-santa-rosa\\\/\"},\"author\":{\"name\":\"Diario1 Diario1\",\"@id\":\"https:\\\/\\\/diariotextual.com\\\/inicio\\\/#\\\/schema\\\/person\\\/418fc4093c33e86ed41562db3508f958\"},\"headline\":\"Nueva Unidad Local de Ni\u00f1ez para Santa Rosa\",\"datePublished\":\"2023-06-06T21:45:48+00:00\",\"dateModified\":\"2023-06-06T21:56:49+00:00\",\"mainEntityOfPage\":{\"@id\":\"https:\\\/\\\/diariotextual.com\\\/inicio\\\/index.php\\\/2023\\\/06\\\/06\\\/nueva-unidad-local-de-ninez-para-santa-rosa\\\/\"},\"wordCount\":445,\"publisher\":{\"@id\":\"https:\\\/\\\/diariotextual.com\\\/inicio\\\/#organization\"},\"image\":{\"@id\":\"https:\\\/\\\/diariotextual.com\\\/inicio\\\/index.php\\\/2023\\\/06\\\/06\\\/nueva-unidad-local-de-ninez-para-santa-rosa\\\/#primaryimage\"},\"thumbnailUrl\":\"https:\\\/\\\/diariotextual.com\\\/inicio\\\/wp-content\\\/uploads\\\/2023\\\/06\\\/convenioninezsantarroseno2023-1.jpeg\",\"articleSection\":[\"A - ES NOTICIA (van abajo)\",\"SOCIEDAD\"],\"inLanguage\":\"es\"},{\"@type\":\"WebPage\",\"@id\":\"https:\\\/\\\/diariotextual.com\\\/inicio\\\/index.php\\\/2023\\\/06\\\/06\\\/nueva-unidad-local-de-ninez-para-santa-rosa\\\/\",\"url\":\"https:\\\/\\\/diariotextual.com\\\/inicio\\\/index.php\\\/2023\\\/06\\\/06\\\/nueva-unidad-local-de-ninez-para-santa-rosa\\\/\",\"name\":\"Nueva Unidad Local de Ni\u00f1ez para Santa Rosa - Diario Textual\",\"isPartOf\":{\"@id\":\"https:\\\/\\\/diariotextual.com\\\/inicio\\\/#website\"},\"primaryImageOfPage\":{\"@id\":\"https:\\\/\\\/diariotextual.com\\\/inicio\\\/index.php\\\/2023\\\/06\\\/06\\\/nueva-unidad-local-de-ninez-para-santa-rosa\\\/#primaryimage\"},\"image\":{\"@id\":\"https:\\\/\\\/diariotextual.com\\\/inicio\\\/index.php\\\/2023\\\/06\\\/06\\\/nueva-unidad-local-de-ninez-para-santa-rosa\\\/#primaryimage\"},\"thumbnailUrl\":\"https:\\\/\\\/diariotextual.com\\\/inicio\\\/wp-content\\\/uploads\\\/2023\\\/06\\\/convenioninezsantarroseno2023-1.jpeg\",\"datePublished\":\"2023-06-06T21:45:48+00:00\",\"dateModified\":\"2023-06-06T21:56:49+00:00\",\"breadcrumb\":{\"@id\":\"https:\\\/\\\/diariotextual.com\\\/inicio\\\/index.php\\\/2023\\\/06\\\/06\\\/nueva-unidad-local-de-ninez-para-santa-rosa\\\/#breadcrumb\"},\"inLanguage\":\"es\",\"potentialAction\":[{\"@type\":\"ReadAction\",\"target\":[\"https:\\\/\\\/diariotextual.com\\\/inicio\\\/index.php\\\/2023\\\/06\\\/06\\\/nueva-unidad-local-de-ninez-para-santa-rosa\\\/\"]}]},{\"@type\":\"ImageObject\",\"inLanguage\":\"es\",\"@id\":\"https:\\\/\\\/diariotextual.com\\\/inicio\\\/index.php\\\/2023\\\/06\\\/06\\\/nueva-unidad-local-de-ninez-para-santa-rosa\\\/#primaryimage\",\"url\":\"https:\\\/\\\/diariotextual.com\\\/inicio\\\/wp-content\\\/uploads\\\/2023\\\/06\\\/convenioninezsantarroseno2023-1.jpeg\",\"contentUrl\":\"https:\\\/\\\/diariotextual.com\\\/inicio\\\/wp-content\\\/uploads\\\/2023\\\/06\\\/convenioninezsantarroseno2023-1.jpeg\",\"width\":1599,\"height\":1066},{\"@type\":\"BreadcrumbList\",\"@id\":\"https:\\\/\\\/diariotextual.com\\\/inicio\\\/index.php\\\/2023\\\/06\\\/06\\\/nueva-unidad-local-de-ninez-para-santa-rosa\\\/#breadcrumb\",\"itemListElement\":[{\"@type\":\"ListItem\",\"position\":1,\"name\":\"Portada\",\"item\":\"https:\\\/\\\/diariotextual.com\\\/inicio\\\/\"},{\"@type\":\"ListItem\",\"position\":2,\"name\":\"Nueva Unidad Local de Ni\u00f1ez para Santa Rosa\"}]},{\"@type\":\"WebSite\",\"@id\":\"https:\\\/\\\/diariotextual.com\\\/inicio\\\/#website\",\"url\":\"https:\\\/\\\/diariotextual.com\\\/inicio\\\/\",\"name\":\"Diario Textual\",\"description\":\"\",\"publisher\":{\"@id\":\"https:\\\/\\\/diariotextual.com\\\/inicio\\\/#organization\"},\"potentialAction\":[{\"@type\":\"SearchAction\",\"target\":{\"@type\":\"EntryPoint\",\"urlTemplate\":\"https:\\\/\\\/diariotextual.com\\\/inicio\\\/?s={search_term_string}\"},\"query-input\":{\"@type\":\"PropertyValueSpecification\",\"valueRequired\":true,\"valueName\":\"search_term_string\"}}],\"inLanguage\":\"es\"},{\"@type\":\"Organization\",\"@id\":\"https:\\\/\\\/diariotextual.com\\\/inicio\\\/#organization\",\"name\":\"Diario Textual\",\"url\":\"https:\\\/\\\/diariotextual.com\\\/inicio\\\/\",\"logo\":{\"@type\":\"ImageObject\",\"inLanguage\":\"es\",\"@id\":\"https:\\\/\\\/diariotextual.com\\\/inicio\\\/#\\\/schema\\\/logo\\\/image\\\/\",\"url\":\"https:\\\/\\\/diariotextual.com\\\/inicio\\\/wp-content\\\/uploads\\\/2023\\\/05\\\/logotextual1.jpg\",\"contentUrl\":\"https:\\\/\\\/diariotextual.com\\\/inicio\\\/wp-content\\\/uploads\\\/2023\\\/05\\\/logotextual1.jpg\",\"width\":516,\"height\":76,\"caption\":\"Diario Textual\"},\"image\":{\"@id\":\"https:\\\/\\\/diariotextual.com\\\/inicio\\\/#\\\/schema\\\/logo\\\/image\\\/\"},\"sameAs\":[\"https:\\\/\\\/www.facebook.com\\\/eltextual\",\"https:\\\/\\\/x.com\\\/eltextual\",\"http:\\\/\\\/www.instagram.com\\\/eltextual\"]},{\"@type\":\"Person\",\"@id\":\"https:\\\/\\\/diariotextual.com\\\/inicio\\\/#\\\/schema\\\/person\\\/418fc4093c33e86ed41562db3508f958\",\"name\":\"Diario1 Diario1\",\"image\":{\"@type\":\"ImageObject\",\"inLanguage\":\"es\",\"@id\":\"https:\\\/\\\/secure.gravatar.com\\\/avatar\\\/9167d280179c85bc18be67aa7eda765854300033af4896dd779b608640f2ef7a?s=96&d=mm&r=g\",\"url\":\"https:\\\/\\\/secure.gravatar.com\\\/avatar\\\/9167d280179c85bc18be67aa7eda765854300033af4896dd779b608640f2ef7a?s=96&d=mm&r=g\",\"contentUrl\":\"https:\\\/\\\/secure.gravatar.com\\\/avatar\\\/9167d280179c85bc18be67aa7eda765854300033af4896dd779b608640f2ef7a?s=96&d=mm&r=g\",\"caption\":\"Diario1 Diario1\"},\"url\":\"https:\\\/\\\/diariotextual.com\\\/inicio\\\/index.php\\\/author\\\/diario1\\\/\"}]}<\/script>\n<!-- \/ Yoast SEO plugin. -->","yoast_head_json":{"title":"Nueva Unidad Local de Ni\u00f1ez para Santa Rosa - Diario Textual","robots":{"index":"index","follow":"follow","max-snippet":"max-snippet:-1","max-image-preview":"max-image-preview:large","max-video-preview":"max-video-preview:-1"},"canonical":"https:\/\/diariotextual.com\/inicio\/index.php\/2023\/06\/06\/nueva-unidad-local-de-ninez-para-santa-rosa\/","og_locale":"es_ES","og_type":"article","og_title":"Nueva Unidad Local de Ni\u00f1ez para Santa Rosa - Diario Textual","og_description":"Esta ma\u00f1ana, en el Sal\u00f3n Azul de la Municipalidad de Santa Rosa, se firm\u00f3 un importante convenio para la creaci\u00f3n de la Unidad Local de Ni\u00f1ez de Santa Rosa. \u201cLa&hellip;","og_url":"https:\/\/diariotextual.com\/inicio\/index.php\/2023\/06\/06\/nueva-unidad-local-de-ninez-para-santa-rosa\/","og_site_name":"Diario Textual","article_publisher":"https:\/\/www.facebook.com\/eltextual","article_published_time":"2023-06-06T21:45:48+00:00","article_modified_time":"2023-06-06T21:56:49+00:00","og_image":[{"width":1599,"height":1066,"url":"https:\/\/diariotextual.com\/inicio\/wp-content\/uploads\/2023\/06\/convenioninezsantarroseno2023-1.jpeg","type":"image\/jpeg"}],"author":"Diario1 Diario1","twitter_card":"summary_large_image","twitter_creator":"@eltextual","twitter_site":"@eltextual","twitter_misc":{"Escrito por":"Diario1 Diario1","Tiempo de lectura":"2 minutos"},"schema":{"@context":"https:\/\/schema.org","@graph":[{"@type":"Article","@id":"https:\/\/diariotextual.com\/inicio\/index.php\/2023\/06\/06\/nueva-unidad-local-de-ninez-para-santa-rosa\/#article","isPartOf":{"@id":"https:\/\/diariotextual.com\/inicio\/index.php\/2023\/06\/06\/nueva-unidad-local-de-ninez-para-santa-rosa\/"},"author":{"name":"Diario1 Diario1","@id":"https:\/\/diariotextual.com\/inicio\/#\/schema\/person\/418fc4093c33e86ed41562db3508f958"},"headline":"Nueva Unidad Local de Ni\u00f1ez para Santa Rosa","datePublished":"2023-06-06T21:45:48+00:00","dateModified":"2023-06-06T21:56:49+00:00","mainEntityOfPage":{"@id":"https:\/\/diariotextual.com\/inicio\/index.php\/2023\/06\/06\/nueva-unidad-local-de-ninez-para-santa-rosa\/"},"wordCount":445,"publisher":{"@id":"https:\/\/diariotextual.com\/inicio\/#organization"},"image":{"@id":"https:\/\/diariotextual.com\/inicio\/index.php\/2023\/06\/06\/nueva-unidad-local-de-ninez-para-santa-rosa\/#primaryimage"},"thumbnailUrl":"https:\/\/diariotextual.com\/inicio\/wp-content\/uploads\/2023\/06\/convenioninezsantarroseno2023-1.jpeg","articleSection":["A - ES NOTICIA (van abajo)","SOCIEDAD"],"inLanguage":"es"},{"@type":"WebPage","@id":"https:\/\/diariotextual.com\/inicio\/index.php\/2023\/06\/06\/nueva-unidad-local-de-ninez-para-santa-rosa\/","url":"https:\/\/diariotextual.com\/inicio\/index.php\/2023\/06\/06\/nueva-unidad-local-de-ninez-para-santa-rosa\/","name":"Nueva Unidad Local de Ni\u00f1ez para Santa Rosa - Diario Textual","isPartOf":{"@id":"https:\/\/diariotextual.com\/inicio\/#website"},"primaryImageOfPage":{"@id":"https:\/\/diariotextual.com\/inicio\/index.php\/2023\/06\/06\/nueva-unidad-local-de-ninez-para-santa-rosa\/#primaryimage"},"image":{"@id":"https:\/\/diariotextual.com\/inicio\/index.php\/2023\/06\/06\/nueva-unidad-local-de-ninez-para-santa-rosa\/#primaryimage"},"thumbnailUrl":"https:\/\/diariotextual.com\/inicio\/wp-content\/uploads\/2023\/06\/convenioninezsantarroseno2023-1.jpeg","datePublished":"2023-06-06T21:45:48+00:00","dateModified":"2023-06-06T21:56:49+00:00","breadcrumb":{"@id":"https:\/\/diariotextual.com\/inicio\/index.php\/2023\/06\/06\/nueva-unidad-local-de-ninez-para-santa-rosa\/#breadcrumb"},"inLanguage":"es","potentialAction":[{"@type":"ReadAction","target":["https:\/\/diariotextual.com\/inicio\/index.php\/2023\/06\/06\/nueva-unidad-local-de-ninez-para-santa-rosa\/"]}]},{"@type":"ImageObject","inLanguage":"es","@id":"https:\/\/diariotextual.com\/inicio\/index.php\/2023\/06\/06\/nueva-unidad-local-de-ninez-para-santa-rosa\/#primaryimage","url":"https:\/\/diariotextual.com\/inicio\/wp-content\/uploads\/2023\/06\/convenioninezsantarroseno2023-1.jpeg","contentUrl":"https:\/\/diariotextual.com\/inicio\/wp-content\/uploads\/2023\/06\/convenioninezsantarroseno2023-1.jpeg","width":1599,"height":1066},{"@type":"BreadcrumbList","@id":"https:\/\/diariotextual.com\/inicio\/index.php\/2023\/06\/06\/nueva-unidad-local-de-ninez-para-santa-rosa\/#breadcrumb","itemListElement":[{"@type":"ListItem","position":1,"name":"Portada","item":"https:\/\/diariotextual.com\/inicio\/"},{"@type":"ListItem","position":2,"name":"Nueva Unidad Local de Ni\u00f1ez para Santa Rosa"}]},{"@type":"WebSite","@id":"https:\/\/diariotextual.com\/inicio\/#website","url":"https:\/\/diariotextual.com\/inicio\/","name":"Diario Textual","description":"","publisher":{"@id":"https:\/\/diariotextual.com\/inicio\/#organization"},"potentialAction":[{"@type":"SearchAction","target":{"@type":"EntryPoint","urlTemplate":"https:\/\/diariotextual.com\/inicio\/?s={search_term_string}"},"query-input":{"@type":"PropertyValueSpecification","valueRequired":true,"valueName":"search_term_string"}}],"inLanguage":"es"},{"@type":"Organization","@id":"https:\/\/diariotextual.com\/inicio\/#organization","name":"Diario Textual","url":"https:\/\/diariotextual.com\/inicio\/","logo":{"@type":"ImageObject","inLanguage":"es","@id":"https:\/\/diariotextual.com\/inicio\/#\/schema\/logo\/image\/","url":"https:\/\/diariotextual.com\/inicio\/wp-content\/uploads\/2023\/05\/logotextual1.jpg","contentUrl":"https:\/\/diariotextual.com\/inicio\/wp-content\/uploads\/2023\/05\/logotextual1.jpg","width":516,"height":76,"caption":"Diario Textual"},"image":{"@id":"https:\/\/diariotextual.com\/inicio\/#\/schema\/logo\/image\/"},"sameAs":["https:\/\/www.facebook.com\/eltextual","https:\/\/x.com\/eltextual","http:\/\/www.instagram.com\/eltextual"]},{"@type":"Person","@id":"https:\/\/diariotextual.com\/inicio\/#\/schema\/person\/418fc4093c33e86ed41562db3508f958","name":"Diario1 Diario1","image":{"@type":"ImageObject","inLanguage":"es","@id":"https:\/\/secure.gravatar.com\/avatar\/9167d280179c85bc18be67aa7eda765854300033af4896dd779b608640f2ef7a?s=96&d=mm&r=g","url":"https:\/\/secure.gravatar.com\/avatar\/9167d280179c85bc18be67aa7eda765854300033af4896dd779b608640f2ef7a?s=96&d=mm&r=g","contentUrl":"https:\/\/secure.gravatar.com\/avatar\/9167d280179c85bc18be67aa7eda765854300033af4896dd779b608640f2ef7a?s=96&d=mm&r=g","caption":"Diario1 Diario1"},"url":"https:\/\/diariotextual.com\/inicio\/index.php\/author\/diario1\/"}]}},"_links":{"self":[{"href":"https:\/\/diariotextual.com\/inicio\/index.php\/wp-json\/wp\/v2\/posts\/227753","targetHints":{"allow":["GET"]}}],"collection":[{"href":"https:\/\/diariotextual.com\/inicio\/index.php\/wp-json\/wp\/v2\/posts"}],"about":[{"href":"https:\/\/diariotextual.com\/inicio\/index.php\/wp-json\/wp\/v2\/types\/post"}],"author":[{"embeddable":true,"href":"https:\/\/diariotextual.com\/inicio\/index.php\/wp-json\/wp\/v2\/users\/3"}],"replies":[{"embeddable":true,"href":"https:\/\/diariotextual.com\/inicio\/index.php\/wp-json\/wp\/v2\/comments?post=227753"}],"version-history":[{"count":2,"href":"https:\/\/diariotextual.com\/inicio\/index.php\/wp-json\/wp\/v2\/posts\/227753\/revisions"}],"predecessor-version":[{"id":227762,"href":"https:\/\/diariotextual.com\/inicio\/index.php\/wp-json\/wp\/v2\/posts\/227753\/revisions\/227762"}],"wp:featuredmedia":[{"embeddable":true,"href":"https:\/\/diariotextual.com\/inicio\/index.php\/wp-json\/wp\/v2\/media\/227756"}],"wp:attachment":[{"href":"https:\/\/diariotextual.com\/inicio\/index.php\/wp-json\/wp\/v2\/media?parent=227753"}],"wp:term":[{"taxonomy":"category","embeddable":true,"href":"https:\/\/diariotextual.com\/inicio\/index.php\/wp-json\/wp\/v2\/categories?post=227753"},{"taxonomy":"post_tag","embeddable":true,"href":"https:\/\/diariotextual.com\/inicio\/index.php\/wp-json\/wp\/v2\/tags?post=227753"}],"curies":[{"name":"wp","href":"https:\/\/api.w.org\/{rel}","templated":true}]}}