{"id":227778,"date":"2023-06-07T06:17:30","date_gmt":"2023-06-07T09:17:30","guid":{"rendered":"https:\/\/diariotextual.com\/inicio\/?p=227778"},"modified":"2023-06-07T06:20:25","modified_gmt":"2023-06-07T09:20:25","slug":"boca-le-gano-a-colo-colo-y-avanzo-a-octavos-de-final-de-la-copa-libertadores","status":"publish","type":"post","link":"https:\/\/diariotextual.com\/inicio\/index.php\/2023\/06\/07\/boca-le-gano-a-colo-colo-y-avanzo-a-octavos-de-final-de-la-copa-libertadores\/","title":{"rendered":"Boca le gan\u00f3 a Colo Colo y avanz\u00f3 a octavos de final de la Copa Libertadores"},"content":{"rendered":"\n<p>Boca se repuso del tropez\u00f3n en la Liga Profesional y avanz\u00f3 a los octavos de final de la Copa Libertadores despu\u00e9s de vencer por 1 a 0 a Colo Colo en el estadio Alberto J. Armando en el marco de la quinta fecha del Grupo F.<\/p>\n\n\n\n<p>Con un golazo de afuera del \u00e1rea de Marcelo Weigandt, Boca lleg\u00f3 a los 10 puntos en el grupo y le sac\u00f3 cinco de diferencia a Colo Colo, el tercero. La \u00faltima fecha, el equipo dirigido por Jorge Almir\u00f3n jugar\u00e1 frente a Monagas como local.<\/p>\n\n\n\n<p>Colo Colo puso a Boca contra su propio campo durante los primeros 45 minutos, que sumado a los errores defensivos, casi le cuestan una derrota parcial. El local tuvo algunas oportunidades pero en el final de la primera etapa.<\/p>\n\n\n\n<p>En el mejor momento de Boca, apretando m\u00e1s en campo rival y con opciones claras para concretar su gol, Weigandt tuvo su oportunidad de gol y no la desaprovech\u00f3: el lateral derecho lleg\u00f3 solo por su sector y le dio un derechazo a la pelota que se clav\u00f3 en el segundo palo, inatajable para el arquero Brayan Cort\u00e9s.<\/p>\n\n\n\n<p>De manera inesperada e incre\u00edble, Miguel Merentiel tuvo que dejar el campo de juego por una lesi\u00f3n muscular en su primera intervenci\u00f3n en la cancha, despu\u00e9s de que ingresara por Dar\u00edo Benedetto. El uruguayo se sum\u00f3 a la preocupante lista de bajas de Boca.<\/p>\n\n\n\n<p>El peruano Luis Adv\u00edncula tambi\u00e9n fue v\u00edctima de las lesiones en Boca y se pas\u00f3 los \u00faltimos minutos del encuentro con una pierna lastimada pero aguant\u00f3 y fue vital para la recuperaci\u00f3n del equipo local en las subidas de los chilenos.<\/p>\n\n\n\n<p>Esta es la s\u00edntesis de Boca vs. Colo Colo por la quinta fecha del Grupo F de la Copa Libertadores:<\/p>\n\n\n\n<p>Copa Libertadores.<\/p>\n\n\n\n<p>Grupo F.<\/p>\n\n\n\n<p>Fecha 5.<\/p>\n\n\n\n<p>Boca 1-0 Colo Colo.<\/p>\n\n\n\n<p>Estadio: Alberto J. Armando.<\/p>\n\n\n\n<p>\u00c1rbitro: Anderson Daronco.<\/p>\n\n\n\n<p>VAR: Wagner Reway.<\/p>\n\n\n\n<p>Boca: Sergio Romero; Marcelo Weigandt, Bruno Valdez, Jorge Figal, Frank Fabra; Cristian Medina, Alan Varela, Guillermo Fern\u00e1ndez; Luis Adv\u00edncula, Dar\u00edo Benedetto, Luca Langoni. DT: Jorge Almir\u00f3n.<\/p>\n\n\n\n<p>Colo Colo: Brayan Cort\u00e9s; Bruno Guti\u00e9rrez, Alan Saldivia, Ramiro Gonz\u00e1lez; Agust\u00edn Bouzat, Esteban Pavez, C\u00e9sar Fuentes, Erick Wiemberg; Leonardo Gil; Dami\u00e1n Pizarro y Marcos Bolados. DT: Gustavo Quinteros.<\/p>\n\n\n\n<p>Goles en el segundo tiempo: 10m Marcelo Weigandt (B).<\/p>\n\n\n\n<p>Cambios en el primer tiempo: 7m Jeyson Rojas por B. Guti\u00e9rrez (CC); 15m \u00d3scar Romero por Langoni (B).<\/p>\n\n\n\n<p>Cambios en el segundo tiempo: 18m Miguel Merentiel por Benedetto (B); 19m Ezequiel Fern\u00e1ndez por Varela (B); Jordhy Thompson por Gil (CC); Fabi\u00e1n Castillo por Bouzat (CC); Marco Rojas por Bolados (CC); 23m Luis V\u00e1zquez por Merentiel (B); 31m Daniel Guti\u00e9rrez por R. Gonz\u00e1lez (CC).<\/p>\n\n\n\n<blockquote class=\"twitter-tweet\"><p lang=\"es\" dir=\"ltr\">&#x1f680;&#x26bd; \u00a1GO-LA-ZO!<br><br>&#x1f499;&#x1f49b;&#x1f499; Espectacular definici\u00f3n del Chelo Weigandt para el triunfo y la clasificaci\u00f3n de <a href=\"https:\/\/twitter.com\/BocaJrsOficial?ref_src=twsrc%5Etfw\">@BocaJrsOficial<\/a> a los Octavos de FInal de la CONMEBOL <a href=\"https:\/\/twitter.com\/hashtag\/Libertadores?src=hash&amp;ref_src=twsrc%5Etfw\">#Libertadores<\/a>.<a href=\"https:\/\/twitter.com\/hashtag\/GloriaEterna?src=hash&amp;ref_src=twsrc%5Etfw\">#GloriaEterna<\/a> <a href=\"https:\/\/t.co\/xqO0ovslH8\">pic.twitter.com\/xqO0ovslH8<\/a><\/p>&mdash; CONMEBOL Libertadores (@Libertadores) <a href=\"https:\/\/twitter.com\/Libertadores\/status\/1666262932538245122?ref_src=twsrc%5Etfw\">June 7, 2023<\/a><\/blockquote> <script async src=\"https:\/\/platform.twitter.com\/widgets.js\" charset=\"utf-8\"><\/script>\n","protected":false},"excerpt":{"rendered":"<p>Boca se repuso del tropez\u00f3n en la Liga Profesional y avanz\u00f3 a los octavos de final de la Copa Libertadores despu\u00e9s de vencer por 1 a 0 a Colo Colo&hellip;<\/p>\n","protected":false},"author":4,"featured_media":227781,"comment_status":"closed","ping_status":"open","sticky":false,"template":"","format":"standard","meta":{"_acf_changed":false,"footnotes":""},"categories":[1,3],"tags":[],"class_list":["post-227778","post","type-post","status-publish","format-standard","has-post-thumbnail","hentry","category-es-noticia","category-deportes"],"acf":[],"yoast_head":"<!-- This site is optimized with the Yoast SEO plugin v27.5 - https:\/\/yoast.com\/product\/yoast-seo-wordpress\/ -->\n<title>Boca le gan\u00f3 a Colo Colo y avanz\u00f3 a octavos de final de la Copa Libertadores - Diario Textual<\/title>\n<meta name=\"robots\" content=\"index, follow, max-snippet:-1, max-image-preview:large, max-video-preview:-1\" \/>\n<link rel=\"canonical\" href=\"https:\/\/diariotextual.com\/inicio\/index.php\/2023\/06\/07\/boca-le-gano-a-colo-colo-y-avanzo-a-octavos-de-final-de-la-copa-libertadores\/\" \/>\n<meta property=\"og:locale\" content=\"es_ES\" \/>\n<meta property=\"og:type\" content=\"article\" \/>\n<meta property=\"og:title\" content=\"Boca le gan\u00f3 a Colo Colo y avanz\u00f3 a octavos de final de la Copa Libertadores - Diario Textual\" \/>\n<meta property=\"og:description\" content=\"Boca se repuso del tropez\u00f3n en la Liga Profesional y avanz\u00f3 a los octavos de final de la Copa Libertadores despu\u00e9s de vencer por 1 a 0 a Colo Colo&hellip;\" \/>\n<meta property=\"og:url\" content=\"https:\/\/diariotextual.com\/inicio\/index.php\/2023\/06\/07\/boca-le-gano-a-colo-colo-y-avanzo-a-octavos-de-final-de-la-copa-libertadores\/\" \/>\n<meta property=\"og:site_name\" content=\"Diario Textual\" \/>\n<meta property=\"article:publisher\" content=\"https:\/\/www.facebook.com\/eltextual\" \/>\n<meta property=\"article:published_time\" content=\"2023-06-07T09:17:30+00:00\" \/>\n<meta property=\"article:modified_time\" content=\"2023-06-07T09:20:25+00:00\" \/>\n<meta property=\"og:image\" content=\"https:\/\/diariotextual.com\/inicio\/wp-content\/uploads\/2023\/06\/bocagol674385-scaled.jpg\" \/>\n\t<meta property=\"og:image:width\" content=\"2560\" \/>\n\t<meta property=\"og:image:height\" content=\"1804\" \/>\n\t<meta property=\"og:image:type\" content=\"image\/jpeg\" \/>\n<meta name=\"author\" content=\"diario2\" \/>\n<meta name=\"twitter:card\" content=\"summary_large_image\" \/>\n<meta name=\"twitter:creator\" content=\"@eltextual\" \/>\n<meta name=\"twitter:site\" content=\"@eltextual\" \/>\n<meta name=\"twitter:label1\" content=\"Escrito por\" \/>\n\t<meta name=\"twitter:data1\" content=\"diario2\" \/>\n\t<meta name=\"twitter:label2\" content=\"Tiempo de lectura\" \/>\n\t<meta name=\"twitter:data2\" content=\"3 minutos\" \/>\n<script type=\"application\/ld+json\" class=\"yoast-schema-graph\">{\"@context\":\"https:\\\/\\\/schema.org\",\"@graph\":[{\"@type\":\"Article\",\"@id\":\"https:\\\/\\\/diariotextual.com\\\/inicio\\\/index.php\\\/2023\\\/06\\\/07\\\/boca-le-gano-a-colo-colo-y-avanzo-a-octavos-de-final-de-la-copa-libertadores\\\/#article\",\"isPartOf\":{\"@id\":\"https:\\\/\\\/diariotextual.com\\\/inicio\\\/index.php\\\/2023\\\/06\\\/07\\\/boca-le-gano-a-colo-colo-y-avanzo-a-octavos-de-final-de-la-copa-libertadores\\\/\"},\"author\":{\"name\":\"diario2\",\"@id\":\"https:\\\/\\\/diariotextual.com\\\/inicio\\\/#\\\/schema\\\/person\\\/694f60677f23c4a530867a98f22b3768\"},\"headline\":\"Boca le gan\u00f3 a Colo Colo y avanz\u00f3 a octavos de final de la Copa Libertadores\",\"datePublished\":\"2023-06-07T09:17:30+00:00\",\"dateModified\":\"2023-06-07T09:20:25+00:00\",\"mainEntityOfPage\":{\"@id\":\"https:\\\/\\\/diariotextual.com\\\/inicio\\\/index.php\\\/2023\\\/06\\\/07\\\/boca-le-gano-a-colo-colo-y-avanzo-a-octavos-de-final-de-la-copa-libertadores\\\/\"},\"wordCount\":528,\"publisher\":{\"@id\":\"https:\\\/\\\/diariotextual.com\\\/inicio\\\/#organization\"},\"image\":{\"@id\":\"https:\\\/\\\/diariotextual.com\\\/inicio\\\/index.php\\\/2023\\\/06\\\/07\\\/boca-le-gano-a-colo-colo-y-avanzo-a-octavos-de-final-de-la-copa-libertadores\\\/#primaryimage\"},\"thumbnailUrl\":\"https:\\\/\\\/diariotextual.com\\\/inicio\\\/wp-content\\\/uploads\\\/2023\\\/06\\\/bocagol674385-scaled.jpg\",\"articleSection\":[\"A - ES NOTICIA (van abajo)\",\"DEPORTES\"],\"inLanguage\":\"es\"},{\"@type\":\"WebPage\",\"@id\":\"https:\\\/\\\/diariotextual.com\\\/inicio\\\/index.php\\\/2023\\\/06\\\/07\\\/boca-le-gano-a-colo-colo-y-avanzo-a-octavos-de-final-de-la-copa-libertadores\\\/\",\"url\":\"https:\\\/\\\/diariotextual.com\\\/inicio\\\/index.php\\\/2023\\\/06\\\/07\\\/boca-le-gano-a-colo-colo-y-avanzo-a-octavos-de-final-de-la-copa-libertadores\\\/\",\"name\":\"Boca le gan\u00f3 a Colo Colo y avanz\u00f3 a octavos de final de la Copa Libertadores - Diario Textual\",\"isPartOf\":{\"@id\":\"https:\\\/\\\/diariotextual.com\\\/inicio\\\/#website\"},\"primaryImageOfPage\":{\"@id\":\"https:\\\/\\\/diariotextual.com\\\/inicio\\\/index.php\\\/2023\\\/06\\\/07\\\/boca-le-gano-a-colo-colo-y-avanzo-a-octavos-de-final-de-la-copa-libertadores\\\/#primaryimage\"},\"image\":{\"@id\":\"https:\\\/\\\/diariotextual.com\\\/inicio\\\/index.php\\\/2023\\\/06\\\/07\\\/boca-le-gano-a-colo-colo-y-avanzo-a-octavos-de-final-de-la-copa-libertadores\\\/#primaryimage\"},\"thumbnailUrl\":\"https:\\\/\\\/diariotextual.com\\\/inicio\\\/wp-content\\\/uploads\\\/2023\\\/06\\\/bocagol674385-scaled.jpg\",\"datePublished\":\"2023-06-07T09:17:30+00:00\",\"dateModified\":\"2023-06-07T09:20:25+00:00\",\"breadcrumb\":{\"@id\":\"https:\\\/\\\/diariotextual.com\\\/inicio\\\/index.php\\\/2023\\\/06\\\/07\\\/boca-le-gano-a-colo-colo-y-avanzo-a-octavos-de-final-de-la-copa-libertadores\\\/#breadcrumb\"},\"inLanguage\":\"es\",\"potentialAction\":[{\"@type\":\"ReadAction\",\"target\":[\"https:\\\/\\\/diariotextual.com\\\/inicio\\\/index.php\\\/2023\\\/06\\\/07\\\/boca-le-gano-a-colo-colo-y-avanzo-a-octavos-de-final-de-la-copa-libertadores\\\/\"]}]},{\"@type\":\"ImageObject\",\"inLanguage\":\"es\",\"@id\":\"https:\\\/\\\/diariotextual.com\\\/inicio\\\/index.php\\\/2023\\\/06\\\/07\\\/boca-le-gano-a-colo-colo-y-avanzo-a-octavos-de-final-de-la-copa-libertadores\\\/#primaryimage\",\"url\":\"https:\\\/\\\/diariotextual.com\\\/inicio\\\/wp-content\\\/uploads\\\/2023\\\/06\\\/bocagol674385-scaled.jpg\",\"contentUrl\":\"https:\\\/\\\/diariotextual.com\\\/inicio\\\/wp-content\\\/uploads\\\/2023\\\/06\\\/bocagol674385-scaled.jpg\",\"width\":2560,\"height\":1804},{\"@type\":\"BreadcrumbList\",\"@id\":\"https:\\\/\\\/diariotextual.com\\\/inicio\\\/index.php\\\/2023\\\/06\\\/07\\\/boca-le-gano-a-colo-colo-y-avanzo-a-octavos-de-final-de-la-copa-libertadores\\\/#breadcrumb\",\"itemListElement\":[{\"@type\":\"ListItem\",\"position\":1,\"name\":\"Portada\",\"item\":\"https:\\\/\\\/diariotextual.com\\\/inicio\\\/\"},{\"@type\":\"ListItem\",\"position\":2,\"name\":\"Boca le gan\u00f3 a Colo Colo y avanz\u00f3 a octavos de final de la Copa Libertadores\"}]},{\"@type\":\"WebSite\",\"@id\":\"https:\\\/\\\/diariotextual.com\\\/inicio\\\/#website\",\"url\":\"https:\\\/\\\/diariotextual.com\\\/inicio\\\/\",\"name\":\"Diario Textual\",\"description\":\"\",\"publisher\":{\"@id\":\"https:\\\/\\\/diariotextual.com\\\/inicio\\\/#organization\"},\"potentialAction\":[{\"@type\":\"SearchAction\",\"target\":{\"@type\":\"EntryPoint\",\"urlTemplate\":\"https:\\\/\\\/diariotextual.com\\\/inicio\\\/?s={search_term_string}\"},\"query-input\":{\"@type\":\"PropertyValueSpecification\",\"valueRequired\":true,\"valueName\":\"search_term_string\"}}],\"inLanguage\":\"es\"},{\"@type\":\"Organization\",\"@id\":\"https:\\\/\\\/diariotextual.com\\\/inicio\\\/#organization\",\"name\":\"Diario Textual\",\"url\":\"https:\\\/\\\/diariotextual.com\\\/inicio\\\/\",\"logo\":{\"@type\":\"ImageObject\",\"inLanguage\":\"es\",\"@id\":\"https:\\\/\\\/diariotextual.com\\\/inicio\\\/#\\\/schema\\\/logo\\\/image\\\/\",\"url\":\"https:\\\/\\\/diariotextual.com\\\/inicio\\\/wp-content\\\/uploads\\\/2023\\\/05\\\/logotextual1.jpg\",\"contentUrl\":\"https:\\\/\\\/diariotextual.com\\\/inicio\\\/wp-content\\\/uploads\\\/2023\\\/05\\\/logotextual1.jpg\",\"width\":516,\"height\":76,\"caption\":\"Diario Textual\"},\"image\":{\"@id\":\"https:\\\/\\\/diariotextual.com\\\/inicio\\\/#\\\/schema\\\/logo\\\/image\\\/\"},\"sameAs\":[\"https:\\\/\\\/www.facebook.com\\\/eltextual\",\"https:\\\/\\\/x.com\\\/eltextual\",\"http:\\\/\\\/www.instagram.com\\\/eltextual\"]},{\"@type\":\"Person\",\"@id\":\"https:\\\/\\\/diariotextual.com\\\/inicio\\\/#\\\/schema\\\/person\\\/694f60677f23c4a530867a98f22b3768\",\"name\":\"diario2\",\"image\":{\"@type\":\"ImageObject\",\"inLanguage\":\"es\",\"@id\":\"https:\\\/\\\/secure.gravatar.com\\\/avatar\\\/5a2567495ba16b852fcd8f1ed006a2e24fcace936018ed8237e95f488ad6e0a7?s=96&d=mm&r=g\",\"url\":\"https:\\\/\\\/secure.gravatar.com\\\/avatar\\\/5a2567495ba16b852fcd8f1ed006a2e24fcace936018ed8237e95f488ad6e0a7?s=96&d=mm&r=g\",\"contentUrl\":\"https:\\\/\\\/secure.gravatar.com\\\/avatar\\\/5a2567495ba16b852fcd8f1ed006a2e24fcace936018ed8237e95f488ad6e0a7?s=96&d=mm&r=g\",\"caption\":\"diario2\"},\"url\":\"https:\\\/\\\/diariotextual.com\\\/inicio\\\/index.php\\\/author\\\/diario2\\\/\"}]}<\/script>\n<!-- \/ Yoast SEO plugin. -->","yoast_head_json":{"title":"Boca le gan\u00f3 a Colo Colo y avanz\u00f3 a octavos de final de la Copa Libertadores - Diario Textual","robots":{"index":"index","follow":"follow","max-snippet":"max-snippet:-1","max-image-preview":"max-image-preview:large","max-video-preview":"max-video-preview:-1"},"canonical":"https:\/\/diariotextual.com\/inicio\/index.php\/2023\/06\/07\/boca-le-gano-a-colo-colo-y-avanzo-a-octavos-de-final-de-la-copa-libertadores\/","og_locale":"es_ES","og_type":"article","og_title":"Boca le gan\u00f3 a Colo Colo y avanz\u00f3 a octavos de final de la Copa Libertadores - Diario Textual","og_description":"Boca se repuso del tropez\u00f3n en la Liga Profesional y avanz\u00f3 a los octavos de final de la Copa Libertadores despu\u00e9s de vencer por 1 a 0 a Colo Colo&hellip;","og_url":"https:\/\/diariotextual.com\/inicio\/index.php\/2023\/06\/07\/boca-le-gano-a-colo-colo-y-avanzo-a-octavos-de-final-de-la-copa-libertadores\/","og_site_name":"Diario Textual","article_publisher":"https:\/\/www.facebook.com\/eltextual","article_published_time":"2023-06-07T09:17:30+00:00","article_modified_time":"2023-06-07T09:20:25+00:00","og_image":[{"width":2560,"height":1804,"url":"https:\/\/diariotextual.com\/inicio\/wp-content\/uploads\/2023\/06\/bocagol674385-scaled.jpg","type":"image\/jpeg"}],"author":"diario2","twitter_card":"summary_large_image","twitter_creator":"@eltextual","twitter_site":"@eltextual","twitter_misc":{"Escrito por":"diario2","Tiempo de lectura":"3 minutos"},"schema":{"@context":"https:\/\/schema.org","@graph":[{"@type":"Article","@id":"https:\/\/diariotextual.com\/inicio\/index.php\/2023\/06\/07\/boca-le-gano-a-colo-colo-y-avanzo-a-octavos-de-final-de-la-copa-libertadores\/#article","isPartOf":{"@id":"https:\/\/diariotextual.com\/inicio\/index.php\/2023\/06\/07\/boca-le-gano-a-colo-colo-y-avanzo-a-octavos-de-final-de-la-copa-libertadores\/"},"author":{"name":"diario2","@id":"https:\/\/diariotextual.com\/inicio\/#\/schema\/person\/694f60677f23c4a530867a98f22b3768"},"headline":"Boca le gan\u00f3 a Colo Colo y avanz\u00f3 a octavos de final de la Copa Libertadores","datePublished":"2023-06-07T09:17:30+00:00","dateModified":"2023-06-07T09:20:25+00:00","mainEntityOfPage":{"@id":"https:\/\/diariotextual.com\/inicio\/index.php\/2023\/06\/07\/boca-le-gano-a-colo-colo-y-avanzo-a-octavos-de-final-de-la-copa-libertadores\/"},"wordCount":528,"publisher":{"@id":"https:\/\/diariotextual.com\/inicio\/#organization"},"image":{"@id":"https:\/\/diariotextual.com\/inicio\/index.php\/2023\/06\/07\/boca-le-gano-a-colo-colo-y-avanzo-a-octavos-de-final-de-la-copa-libertadores\/#primaryimage"},"thumbnailUrl":"https:\/\/diariotextual.com\/inicio\/wp-content\/uploads\/2023\/06\/bocagol674385-scaled.jpg","articleSection":["A - ES NOTICIA (van abajo)","DEPORTES"],"inLanguage":"es"},{"@type":"WebPage","@id":"https:\/\/diariotextual.com\/inicio\/index.php\/2023\/06\/07\/boca-le-gano-a-colo-colo-y-avanzo-a-octavos-de-final-de-la-copa-libertadores\/","url":"https:\/\/diariotextual.com\/inicio\/index.php\/2023\/06\/07\/boca-le-gano-a-colo-colo-y-avanzo-a-octavos-de-final-de-la-copa-libertadores\/","name":"Boca le gan\u00f3 a Colo Colo y avanz\u00f3 a octavos de final de la Copa Libertadores - Diario Textual","isPartOf":{"@id":"https:\/\/diariotextual.com\/inicio\/#website"},"primaryImageOfPage":{"@id":"https:\/\/diariotextual.com\/inicio\/index.php\/2023\/06\/07\/boca-le-gano-a-colo-colo-y-avanzo-a-octavos-de-final-de-la-copa-libertadores\/#primaryimage"},"image":{"@id":"https:\/\/diariotextual.com\/inicio\/index.php\/2023\/06\/07\/boca-le-gano-a-colo-colo-y-avanzo-a-octavos-de-final-de-la-copa-libertadores\/#primaryimage"},"thumbnailUrl":"https:\/\/diariotextual.com\/inicio\/wp-content\/uploads\/2023\/06\/bocagol674385-scaled.jpg","datePublished":"2023-06-07T09:17:30+00:00","dateModified":"2023-06-07T09:20:25+00:00","breadcrumb":{"@id":"https:\/\/diariotextual.com\/inicio\/index.php\/2023\/06\/07\/boca-le-gano-a-colo-colo-y-avanzo-a-octavos-de-final-de-la-copa-libertadores\/#breadcrumb"},"inLanguage":"es","potentialAction":[{"@type":"ReadAction","target":["https:\/\/diariotextual.com\/inicio\/index.php\/2023\/06\/07\/boca-le-gano-a-colo-colo-y-avanzo-a-octavos-de-final-de-la-copa-libertadores\/"]}]},{"@type":"ImageObject","inLanguage":"es","@id":"https:\/\/diariotextual.com\/inicio\/index.php\/2023\/06\/07\/boca-le-gano-a-colo-colo-y-avanzo-a-octavos-de-final-de-la-copa-libertadores\/#primaryimage","url":"https:\/\/diariotextual.com\/inicio\/wp-content\/uploads\/2023\/06\/bocagol674385-scaled.jpg","contentUrl":"https:\/\/diariotextual.com\/inicio\/wp-content\/uploads\/2023\/06\/bocagol674385-scaled.jpg","width":2560,"height":1804},{"@type":"BreadcrumbList","@id":"https:\/\/diariotextual.com\/inicio\/index.php\/2023\/06\/07\/boca-le-gano-a-colo-colo-y-avanzo-a-octavos-de-final-de-la-copa-libertadores\/#breadcrumb","itemListElement":[{"@type":"ListItem","position":1,"name":"Portada","item":"https:\/\/diariotextual.com\/inicio\/"},{"@type":"ListItem","position":2,"name":"Boca le gan\u00f3 a Colo Colo y avanz\u00f3 a octavos de final de la Copa Libertadores"}]},{"@type":"WebSite","@id":"https:\/\/diariotextual.com\/inicio\/#website","url":"https:\/\/diariotextual.com\/inicio\/","name":"Diario Textual","description":"","publisher":{"@id":"https:\/\/diariotextual.com\/inicio\/#organization"},"potentialAction":[{"@type":"SearchAction","target":{"@type":"EntryPoint","urlTemplate":"https:\/\/diariotextual.com\/inicio\/?s={search_term_string}"},"query-input":{"@type":"PropertyValueSpecification","valueRequired":true,"valueName":"search_term_string"}}],"inLanguage":"es"},{"@type":"Organization","@id":"https:\/\/diariotextual.com\/inicio\/#organization","name":"Diario Textual","url":"https:\/\/diariotextual.com\/inicio\/","logo":{"@type":"ImageObject","inLanguage":"es","@id":"https:\/\/diariotextual.com\/inicio\/#\/schema\/logo\/image\/","url":"https:\/\/diariotextual.com\/inicio\/wp-content\/uploads\/2023\/05\/logotextual1.jpg","contentUrl":"https:\/\/diariotextual.com\/inicio\/wp-content\/uploads\/2023\/05\/logotextual1.jpg","width":516,"height":76,"caption":"Diario Textual"},"image":{"@id":"https:\/\/diariotextual.com\/inicio\/#\/schema\/logo\/image\/"},"sameAs":["https:\/\/www.facebook.com\/eltextual","https:\/\/x.com\/eltextual","http:\/\/www.instagram.com\/eltextual"]},{"@type":"Person","@id":"https:\/\/diariotextual.com\/inicio\/#\/schema\/person\/694f60677f23c4a530867a98f22b3768","name":"diario2","image":{"@type":"ImageObject","inLanguage":"es","@id":"https:\/\/secure.gravatar.com\/avatar\/5a2567495ba16b852fcd8f1ed006a2e24fcace936018ed8237e95f488ad6e0a7?s=96&d=mm&r=g","url":"https:\/\/secure.gravatar.com\/avatar\/5a2567495ba16b852fcd8f1ed006a2e24fcace936018ed8237e95f488ad6e0a7?s=96&d=mm&r=g","contentUrl":"https:\/\/secure.gravatar.com\/avatar\/5a2567495ba16b852fcd8f1ed006a2e24fcace936018ed8237e95f488ad6e0a7?s=96&d=mm&r=g","caption":"diario2"},"url":"https:\/\/diariotextual.com\/inicio\/index.php\/author\/diario2\/"}]}},"_links":{"self":[{"href":"https:\/\/diariotextual.com\/inicio\/index.php\/wp-json\/wp\/v2\/posts\/227778","targetHints":{"allow":["GET"]}}],"collection":[{"href":"https:\/\/diariotextual.com\/inicio\/index.php\/wp-json\/wp\/v2\/posts"}],"about":[{"href":"https:\/\/diariotextual.com\/inicio\/index.php\/wp-json\/wp\/v2\/types\/post"}],"author":[{"embeddable":true,"href":"https:\/\/diariotextual.com\/inicio\/index.php\/wp-json\/wp\/v2\/users\/4"}],"replies":[{"embeddable":true,"href":"https:\/\/diariotextual.com\/inicio\/index.php\/wp-json\/wp\/v2\/comments?post=227778"}],"version-history":[{"count":2,"href":"https:\/\/diariotextual.com\/inicio\/index.php\/wp-json\/wp\/v2\/posts\/227778\/revisions"}],"predecessor-version":[{"id":227780,"href":"https:\/\/diariotextual.com\/inicio\/index.php\/wp-json\/wp\/v2\/posts\/227778\/revisions\/227780"}],"wp:featuredmedia":[{"embeddable":true,"href":"https:\/\/diariotextual.com\/inicio\/index.php\/wp-json\/wp\/v2\/media\/227781"}],"wp:attachment":[{"href":"https:\/\/diariotextual.com\/inicio\/index.php\/wp-json\/wp\/v2\/media?parent=227778"}],"wp:term":[{"taxonomy":"category","embeddable":true,"href":"https:\/\/diariotextual.com\/inicio\/index.php\/wp-json\/wp\/v2\/categories?post=227778"},{"taxonomy":"post_tag","embeddable":true,"href":"https:\/\/diariotextual.com\/inicio\/index.php\/wp-json\/wp\/v2\/tags?post=227778"}],"curies":[{"name":"wp","href":"https:\/\/api.w.org\/{rel}","templated":true}]}}