{"id":227796,"date":"2023-06-07T07:22:10","date_gmt":"2023-06-07T10:22:10","guid":{"rendered":"https:\/\/diariotextual.com\/inicio\/?p=227796"},"modified":"2023-06-07T14:04:50","modified_gmt":"2023-06-07T17:04:50","slug":"gobernadores-del-fdt-se-reunen-a-menos-de-20-dias-del-cierre-de-listas","status":"publish","type":"post","link":"https:\/\/diariotextual.com\/inicio\/index.php\/2023\/06\/07\/gobernadores-del-fdt-se-reunen-a-menos-de-20-dias-del-cierre-de-listas\/","title":{"rendered":"Gobernadores del FdT se re\u00fanen a menos de 20 d\u00edas del cierre de listas"},"content":{"rendered":"\n<p>La liga de <strong>gobernadores del Frente de Todos<\/strong> (FDT) se reunir\u00e1 hoy en la ciudad de Buenos Aires, a menos de 20 d\u00edas del cierre de listas para las PASO, con el objetivo de <strong>analizar la estrategia electoral y el rol que tendr\u00e1n los mandatarios provinciales<\/strong>, que aspiran a que alguno de sus representantes integre la f\u00f3rmula presidencial de la coalici\u00f3n oficialista.<br><br>Desde las 13, los gobernadores peronistas se congregar\u00e1n en la sede del Consejo Federal de Inversiones (CFI), ubicada en San Mart\u00edn 871, en el centro de la ciudad de Buenos Aires.<br><br>En principio, la cumbre de mandatarios oficialistas estaba programada para el lunes 12, pero se adelant\u00f3 para hoy ya que la mayor\u00eda de ellos particip\u00f3 ayer en Buenos Aires de un <a href=\"https:\/\/diariotextual.com\/inicio\/index.php\/2023\/06\/06\/katopodis-con-ziliotto-confirmo-que-el-20-se-inaugura-el-gasoducto-nk\/\" target=\"_blank\" rel=\"noreferrer noopener\">seminario organizado en el CCK por el ministro de Obras P\u00fablicas, Gabriel Katopodis, denominado \u00ab\u00bfQu\u00e9 Argentina queremos ser?\u00bb.<\/a><br><br>All\u00ed, asistieron los mandatarios Gildo Insfr\u00e1n (Formosa), <strong>Sergio Ziliotto (La Pampa<\/strong>) y Sergio U\u00f1ac (San Juan), Axel Kicillof (Buenos Aires), Alicia Kirchner (Santa Cruz), Ricardo Quintela (La Rioja), Gerardo Zamora (Santiago del Estero), Ra\u00fal Jalil (Catamarca) y Gustavo Saenz (Salta).<br><br>Hoy se sumar\u00e1n para la reuni\u00f3n del CFI otros gobernadores como Gustavo Melella de Tierra del Fuego y Jorge Capitanich de Chaco, aunque todav\u00eda no asegur\u00f3 su presencia debido a los compromisos electorales en su provincia.<br><br>D\u00edas atr\u00e1s, el gobernador Quintela se\u00f1al\u00f3 que el objetivo del encuentro de la liga de gobernadores del FdT es \u00abpara debatir y discutir entre nosotros, una conclusi\u00f3n sobre las elecciones que acercaremos a Alberto (Fern\u00e1ndez), Cristina (Kirchner) y Sergio Massa\u00bb.<br><br>\u201cProcuramos acercar una sugerencia para que puedan tomar la mejor decisi\u00f3n posible quienes conducen el espacio, y los posibles candidatos, y tenemos que pensar en toda la Rep\u00fablica Argentina, no solamente en el AMBA (\u00c1rea Metropolitana de Buenos Aires)\u201d, agreg\u00f3 el mandatario riojano.<br><br>Por su parte, el catamarque\u00f1o Jalil afirm\u00f3 que \u201cestamos trabajando para estar todos los gobernadores y gobernadoras del Frente de Todos y se va a discutir una estrategia electoral\u201d.<br><br>Al CFI est\u00e1n convocados tambi\u00e9n los mandatarios Gustavo Bordet (Entre R\u00edos), Juan Manzur (Tucum\u00e1n), Mariano Arcioni (Chubut), Oscar Herrera Ahuad (Misiones) y Arabela Carreras (R\u00edo Negro).<\/p>\n","protected":false},"excerpt":{"rendered":"<p>La liga de gobernadores del Frente de Todos (FDT) se reunir\u00e1 hoy en la ciudad de Buenos Aires, a menos de 20 d\u00edas del cierre de listas para las PASO,&hellip;<\/p>\n","protected":false},"author":4,"featured_media":197309,"comment_status":"closed","ping_status":"open","sticky":false,"template":"","format":"standard","meta":{"_acf_changed":false,"footnotes":""},"categories":[1,8],"tags":[],"class_list":["post-227796","post","type-post","status-publish","format-standard","has-post-thumbnail","hentry","category-es-noticia","category-politica"],"acf":[],"yoast_head":"<!-- This site is optimized with the Yoast SEO plugin v27.5 - https:\/\/yoast.com\/product\/yoast-seo-wordpress\/ -->\n<title>Gobernadores del FdT se re\u00fanen a menos de 20 d\u00edas del cierre de listas - Diario Textual<\/title>\n<meta name=\"robots\" content=\"index, follow, max-snippet:-1, max-image-preview:large, max-video-preview:-1\" \/>\n<link rel=\"canonical\" href=\"https:\/\/diariotextual.com\/inicio\/index.php\/2023\/06\/07\/gobernadores-del-fdt-se-reunen-a-menos-de-20-dias-del-cierre-de-listas\/\" \/>\n<meta property=\"og:locale\" content=\"es_ES\" \/>\n<meta property=\"og:type\" content=\"article\" \/>\n<meta property=\"og:title\" content=\"Gobernadores del FdT se re\u00fanen a menos de 20 d\u00edas del cierre de listas - Diario Textual\" \/>\n<meta property=\"og:description\" content=\"La liga de gobernadores del Frente de Todos (FDT) se reunir\u00e1 hoy en la ciudad de Buenos Aires, a menos de 20 d\u00edas del cierre de listas para las PASO,&hellip;\" \/>\n<meta property=\"og:url\" content=\"https:\/\/diariotextual.com\/inicio\/index.php\/2023\/06\/07\/gobernadores-del-fdt-se-reunen-a-menos-de-20-dias-del-cierre-de-listas\/\" \/>\n<meta property=\"og:site_name\" content=\"Diario Textual\" \/>\n<meta property=\"article:publisher\" content=\"https:\/\/www.facebook.com\/eltextual\" \/>\n<meta property=\"article:published_time\" content=\"2023-06-07T10:22:10+00:00\" \/>\n<meta property=\"article:modified_time\" content=\"2023-06-07T17:04:50+00:00\" \/>\n<meta property=\"og:image\" content=\"https:\/\/diariotextual.com\/inicio\/wp-content\/uploads\/2022\/08\/ligadegobernadores2022-11.jpeg\" \/>\n\t<meta property=\"og:image:width\" content=\"1600\" \/>\n\t<meta property=\"og:image:height\" content=\"1066\" \/>\n\t<meta property=\"og:image:type\" content=\"image\/jpeg\" \/>\n<meta name=\"author\" content=\"diario2\" \/>\n<meta name=\"twitter:card\" content=\"summary_large_image\" \/>\n<meta name=\"twitter:creator\" content=\"@eltextual\" \/>\n<meta name=\"twitter:site\" content=\"@eltextual\" \/>\n<meta name=\"twitter:label1\" content=\"Escrito por\" \/>\n\t<meta name=\"twitter:data1\" content=\"diario2\" \/>\n\t<meta name=\"twitter:label2\" content=\"Tiempo de lectura\" \/>\n\t<meta name=\"twitter:data2\" content=\"2 minutos\" \/>\n<script type=\"application\/ld+json\" class=\"yoast-schema-graph\">{\"@context\":\"https:\\\/\\\/schema.org\",\"@graph\":[{\"@type\":\"Article\",\"@id\":\"https:\\\/\\\/diariotextual.com\\\/inicio\\\/index.php\\\/2023\\\/06\\\/07\\\/gobernadores-del-fdt-se-reunen-a-menos-de-20-dias-del-cierre-de-listas\\\/#article\",\"isPartOf\":{\"@id\":\"https:\\\/\\\/diariotextual.com\\\/inicio\\\/index.php\\\/2023\\\/06\\\/07\\\/gobernadores-del-fdt-se-reunen-a-menos-de-20-dias-del-cierre-de-listas\\\/\"},\"author\":{\"name\":\"diario2\",\"@id\":\"https:\\\/\\\/diariotextual.com\\\/inicio\\\/#\\\/schema\\\/person\\\/694f60677f23c4a530867a98f22b3768\"},\"headline\":\"Gobernadores del FdT se re\u00fanen a menos de 20 d\u00edas del cierre de listas\",\"datePublished\":\"2023-06-07T10:22:10+00:00\",\"dateModified\":\"2023-06-07T17:04:50+00:00\",\"mainEntityOfPage\":{\"@id\":\"https:\\\/\\\/diariotextual.com\\\/inicio\\\/index.php\\\/2023\\\/06\\\/07\\\/gobernadores-del-fdt-se-reunen-a-menos-de-20-dias-del-cierre-de-listas\\\/\"},\"wordCount\":394,\"publisher\":{\"@id\":\"https:\\\/\\\/diariotextual.com\\\/inicio\\\/#organization\"},\"image\":{\"@id\":\"https:\\\/\\\/diariotextual.com\\\/inicio\\\/index.php\\\/2023\\\/06\\\/07\\\/gobernadores-del-fdt-se-reunen-a-menos-de-20-dias-del-cierre-de-listas\\\/#primaryimage\"},\"thumbnailUrl\":\"https:\\\/\\\/diariotextual.com\\\/inicio\\\/wp-content\\\/uploads\\\/2022\\\/08\\\/ligadegobernadores2022-11.jpeg\",\"articleSection\":[\"A - ES NOTICIA (van abajo)\",\"POLITICA\"],\"inLanguage\":\"es\"},{\"@type\":\"WebPage\",\"@id\":\"https:\\\/\\\/diariotextual.com\\\/inicio\\\/index.php\\\/2023\\\/06\\\/07\\\/gobernadores-del-fdt-se-reunen-a-menos-de-20-dias-del-cierre-de-listas\\\/\",\"url\":\"https:\\\/\\\/diariotextual.com\\\/inicio\\\/index.php\\\/2023\\\/06\\\/07\\\/gobernadores-del-fdt-se-reunen-a-menos-de-20-dias-del-cierre-de-listas\\\/\",\"name\":\"Gobernadores del FdT se re\u00fanen a menos de 20 d\u00edas del cierre de listas - Diario Textual\",\"isPartOf\":{\"@id\":\"https:\\\/\\\/diariotextual.com\\\/inicio\\\/#website\"},\"primaryImageOfPage\":{\"@id\":\"https:\\\/\\\/diariotextual.com\\\/inicio\\\/index.php\\\/2023\\\/06\\\/07\\\/gobernadores-del-fdt-se-reunen-a-menos-de-20-dias-del-cierre-de-listas\\\/#primaryimage\"},\"image\":{\"@id\":\"https:\\\/\\\/diariotextual.com\\\/inicio\\\/index.php\\\/2023\\\/06\\\/07\\\/gobernadores-del-fdt-se-reunen-a-menos-de-20-dias-del-cierre-de-listas\\\/#primaryimage\"},\"thumbnailUrl\":\"https:\\\/\\\/diariotextual.com\\\/inicio\\\/wp-content\\\/uploads\\\/2022\\\/08\\\/ligadegobernadores2022-11.jpeg\",\"datePublished\":\"2023-06-07T10:22:10+00:00\",\"dateModified\":\"2023-06-07T17:04:50+00:00\",\"breadcrumb\":{\"@id\":\"https:\\\/\\\/diariotextual.com\\\/inicio\\\/index.php\\\/2023\\\/06\\\/07\\\/gobernadores-del-fdt-se-reunen-a-menos-de-20-dias-del-cierre-de-listas\\\/#breadcrumb\"},\"inLanguage\":\"es\",\"potentialAction\":[{\"@type\":\"ReadAction\",\"target\":[\"https:\\\/\\\/diariotextual.com\\\/inicio\\\/index.php\\\/2023\\\/06\\\/07\\\/gobernadores-del-fdt-se-reunen-a-menos-de-20-dias-del-cierre-de-listas\\\/\"]}]},{\"@type\":\"ImageObject\",\"inLanguage\":\"es\",\"@id\":\"https:\\\/\\\/diariotextual.com\\\/inicio\\\/index.php\\\/2023\\\/06\\\/07\\\/gobernadores-del-fdt-se-reunen-a-menos-de-20-dias-del-cierre-de-listas\\\/#primaryimage\",\"url\":\"https:\\\/\\\/diariotextual.com\\\/inicio\\\/wp-content\\\/uploads\\\/2022\\\/08\\\/ligadegobernadores2022-11.jpeg\",\"contentUrl\":\"https:\\\/\\\/diariotextual.com\\\/inicio\\\/wp-content\\\/uploads\\\/2022\\\/08\\\/ligadegobernadores2022-11.jpeg\",\"width\":1600,\"height\":1066},{\"@type\":\"BreadcrumbList\",\"@id\":\"https:\\\/\\\/diariotextual.com\\\/inicio\\\/index.php\\\/2023\\\/06\\\/07\\\/gobernadores-del-fdt-se-reunen-a-menos-de-20-dias-del-cierre-de-listas\\\/#breadcrumb\",\"itemListElement\":[{\"@type\":\"ListItem\",\"position\":1,\"name\":\"Portada\",\"item\":\"https:\\\/\\\/diariotextual.com\\\/inicio\\\/\"},{\"@type\":\"ListItem\",\"position\":2,\"name\":\"Gobernadores del FdT se re\u00fanen a menos de 20 d\u00edas del cierre de listas\"}]},{\"@type\":\"WebSite\",\"@id\":\"https:\\\/\\\/diariotextual.com\\\/inicio\\\/#website\",\"url\":\"https:\\\/\\\/diariotextual.com\\\/inicio\\\/\",\"name\":\"Diario Textual\",\"description\":\"\",\"publisher\":{\"@id\":\"https:\\\/\\\/diariotextual.com\\\/inicio\\\/#organization\"},\"potentialAction\":[{\"@type\":\"SearchAction\",\"target\":{\"@type\":\"EntryPoint\",\"urlTemplate\":\"https:\\\/\\\/diariotextual.com\\\/inicio\\\/?s={search_term_string}\"},\"query-input\":{\"@type\":\"PropertyValueSpecification\",\"valueRequired\":true,\"valueName\":\"search_term_string\"}}],\"inLanguage\":\"es\"},{\"@type\":\"Organization\",\"@id\":\"https:\\\/\\\/diariotextual.com\\\/inicio\\\/#organization\",\"name\":\"Diario Textual\",\"url\":\"https:\\\/\\\/diariotextual.com\\\/inicio\\\/\",\"logo\":{\"@type\":\"ImageObject\",\"inLanguage\":\"es\",\"@id\":\"https:\\\/\\\/diariotextual.com\\\/inicio\\\/#\\\/schema\\\/logo\\\/image\\\/\",\"url\":\"https:\\\/\\\/diariotextual.com\\\/inicio\\\/wp-content\\\/uploads\\\/2023\\\/05\\\/logotextual1.jpg\",\"contentUrl\":\"https:\\\/\\\/diariotextual.com\\\/inicio\\\/wp-content\\\/uploads\\\/2023\\\/05\\\/logotextual1.jpg\",\"width\":516,\"height\":76,\"caption\":\"Diario Textual\"},\"image\":{\"@id\":\"https:\\\/\\\/diariotextual.com\\\/inicio\\\/#\\\/schema\\\/logo\\\/image\\\/\"},\"sameAs\":[\"https:\\\/\\\/www.facebook.com\\\/eltextual\",\"https:\\\/\\\/x.com\\\/eltextual\",\"http:\\\/\\\/www.instagram.com\\\/eltextual\"]},{\"@type\":\"Person\",\"@id\":\"https:\\\/\\\/diariotextual.com\\\/inicio\\\/#\\\/schema\\\/person\\\/694f60677f23c4a530867a98f22b3768\",\"name\":\"diario2\",\"image\":{\"@type\":\"ImageObject\",\"inLanguage\":\"es\",\"@id\":\"https:\\\/\\\/secure.gravatar.com\\\/avatar\\\/5a2567495ba16b852fcd8f1ed006a2e24fcace936018ed8237e95f488ad6e0a7?s=96&d=mm&r=g\",\"url\":\"https:\\\/\\\/secure.gravatar.com\\\/avatar\\\/5a2567495ba16b852fcd8f1ed006a2e24fcace936018ed8237e95f488ad6e0a7?s=96&d=mm&r=g\",\"contentUrl\":\"https:\\\/\\\/secure.gravatar.com\\\/avatar\\\/5a2567495ba16b852fcd8f1ed006a2e24fcace936018ed8237e95f488ad6e0a7?s=96&d=mm&r=g\",\"caption\":\"diario2\"},\"url\":\"https:\\\/\\\/diariotextual.com\\\/inicio\\\/index.php\\\/author\\\/diario2\\\/\"}]}<\/script>\n<!-- \/ Yoast SEO plugin. -->","yoast_head_json":{"title":"Gobernadores del FdT se re\u00fanen a menos de 20 d\u00edas del cierre de listas - Diario Textual","robots":{"index":"index","follow":"follow","max-snippet":"max-snippet:-1","max-image-preview":"max-image-preview:large","max-video-preview":"max-video-preview:-1"},"canonical":"https:\/\/diariotextual.com\/inicio\/index.php\/2023\/06\/07\/gobernadores-del-fdt-se-reunen-a-menos-de-20-dias-del-cierre-de-listas\/","og_locale":"es_ES","og_type":"article","og_title":"Gobernadores del FdT se re\u00fanen a menos de 20 d\u00edas del cierre de listas - Diario Textual","og_description":"La liga de gobernadores del Frente de Todos (FDT) se reunir\u00e1 hoy en la ciudad de Buenos Aires, a menos de 20 d\u00edas del cierre de listas para las PASO,&hellip;","og_url":"https:\/\/diariotextual.com\/inicio\/index.php\/2023\/06\/07\/gobernadores-del-fdt-se-reunen-a-menos-de-20-dias-del-cierre-de-listas\/","og_site_name":"Diario Textual","article_publisher":"https:\/\/www.facebook.com\/eltextual","article_published_time":"2023-06-07T10:22:10+00:00","article_modified_time":"2023-06-07T17:04:50+00:00","og_image":[{"width":1600,"height":1066,"url":"https:\/\/diariotextual.com\/inicio\/wp-content\/uploads\/2022\/08\/ligadegobernadores2022-11.jpeg","type":"image\/jpeg"}],"author":"diario2","twitter_card":"summary_large_image","twitter_creator":"@eltextual","twitter_site":"@eltextual","twitter_misc":{"Escrito por":"diario2","Tiempo de lectura":"2 minutos"},"schema":{"@context":"https:\/\/schema.org","@graph":[{"@type":"Article","@id":"https:\/\/diariotextual.com\/inicio\/index.php\/2023\/06\/07\/gobernadores-del-fdt-se-reunen-a-menos-de-20-dias-del-cierre-de-listas\/#article","isPartOf":{"@id":"https:\/\/diariotextual.com\/inicio\/index.php\/2023\/06\/07\/gobernadores-del-fdt-se-reunen-a-menos-de-20-dias-del-cierre-de-listas\/"},"author":{"name":"diario2","@id":"https:\/\/diariotextual.com\/inicio\/#\/schema\/person\/694f60677f23c4a530867a98f22b3768"},"headline":"Gobernadores del FdT se re\u00fanen a menos de 20 d\u00edas del cierre de listas","datePublished":"2023-06-07T10:22:10+00:00","dateModified":"2023-06-07T17:04:50+00:00","mainEntityOfPage":{"@id":"https:\/\/diariotextual.com\/inicio\/index.php\/2023\/06\/07\/gobernadores-del-fdt-se-reunen-a-menos-de-20-dias-del-cierre-de-listas\/"},"wordCount":394,"publisher":{"@id":"https:\/\/diariotextual.com\/inicio\/#organization"},"image":{"@id":"https:\/\/diariotextual.com\/inicio\/index.php\/2023\/06\/07\/gobernadores-del-fdt-se-reunen-a-menos-de-20-dias-del-cierre-de-listas\/#primaryimage"},"thumbnailUrl":"https:\/\/diariotextual.com\/inicio\/wp-content\/uploads\/2022\/08\/ligadegobernadores2022-11.jpeg","articleSection":["A - ES NOTICIA (van abajo)","POLITICA"],"inLanguage":"es"},{"@type":"WebPage","@id":"https:\/\/diariotextual.com\/inicio\/index.php\/2023\/06\/07\/gobernadores-del-fdt-se-reunen-a-menos-de-20-dias-del-cierre-de-listas\/","url":"https:\/\/diariotextual.com\/inicio\/index.php\/2023\/06\/07\/gobernadores-del-fdt-se-reunen-a-menos-de-20-dias-del-cierre-de-listas\/","name":"Gobernadores del FdT se re\u00fanen a menos de 20 d\u00edas del cierre de listas - Diario Textual","isPartOf":{"@id":"https:\/\/diariotextual.com\/inicio\/#website"},"primaryImageOfPage":{"@id":"https:\/\/diariotextual.com\/inicio\/index.php\/2023\/06\/07\/gobernadores-del-fdt-se-reunen-a-menos-de-20-dias-del-cierre-de-listas\/#primaryimage"},"image":{"@id":"https:\/\/diariotextual.com\/inicio\/index.php\/2023\/06\/07\/gobernadores-del-fdt-se-reunen-a-menos-de-20-dias-del-cierre-de-listas\/#primaryimage"},"thumbnailUrl":"https:\/\/diariotextual.com\/inicio\/wp-content\/uploads\/2022\/08\/ligadegobernadores2022-11.jpeg","datePublished":"2023-06-07T10:22:10+00:00","dateModified":"2023-06-07T17:04:50+00:00","breadcrumb":{"@id":"https:\/\/diariotextual.com\/inicio\/index.php\/2023\/06\/07\/gobernadores-del-fdt-se-reunen-a-menos-de-20-dias-del-cierre-de-listas\/#breadcrumb"},"inLanguage":"es","potentialAction":[{"@type":"ReadAction","target":["https:\/\/diariotextual.com\/inicio\/index.php\/2023\/06\/07\/gobernadores-del-fdt-se-reunen-a-menos-de-20-dias-del-cierre-de-listas\/"]}]},{"@type":"ImageObject","inLanguage":"es","@id":"https:\/\/diariotextual.com\/inicio\/index.php\/2023\/06\/07\/gobernadores-del-fdt-se-reunen-a-menos-de-20-dias-del-cierre-de-listas\/#primaryimage","url":"https:\/\/diariotextual.com\/inicio\/wp-content\/uploads\/2022\/08\/ligadegobernadores2022-11.jpeg","contentUrl":"https:\/\/diariotextual.com\/inicio\/wp-content\/uploads\/2022\/08\/ligadegobernadores2022-11.jpeg","width":1600,"height":1066},{"@type":"BreadcrumbList","@id":"https:\/\/diariotextual.com\/inicio\/index.php\/2023\/06\/07\/gobernadores-del-fdt-se-reunen-a-menos-de-20-dias-del-cierre-de-listas\/#breadcrumb","itemListElement":[{"@type":"ListItem","position":1,"name":"Portada","item":"https:\/\/diariotextual.com\/inicio\/"},{"@type":"ListItem","position":2,"name":"Gobernadores del FdT se re\u00fanen a menos de 20 d\u00edas del cierre de listas"}]},{"@type":"WebSite","@id":"https:\/\/diariotextual.com\/inicio\/#website","url":"https:\/\/diariotextual.com\/inicio\/","name":"Diario Textual","description":"","publisher":{"@id":"https:\/\/diariotextual.com\/inicio\/#organization"},"potentialAction":[{"@type":"SearchAction","target":{"@type":"EntryPoint","urlTemplate":"https:\/\/diariotextual.com\/inicio\/?s={search_term_string}"},"query-input":{"@type":"PropertyValueSpecification","valueRequired":true,"valueName":"search_term_string"}}],"inLanguage":"es"},{"@type":"Organization","@id":"https:\/\/diariotextual.com\/inicio\/#organization","name":"Diario Textual","url":"https:\/\/diariotextual.com\/inicio\/","logo":{"@type":"ImageObject","inLanguage":"es","@id":"https:\/\/diariotextual.com\/inicio\/#\/schema\/logo\/image\/","url":"https:\/\/diariotextual.com\/inicio\/wp-content\/uploads\/2023\/05\/logotextual1.jpg","contentUrl":"https:\/\/diariotextual.com\/inicio\/wp-content\/uploads\/2023\/05\/logotextual1.jpg","width":516,"height":76,"caption":"Diario Textual"},"image":{"@id":"https:\/\/diariotextual.com\/inicio\/#\/schema\/logo\/image\/"},"sameAs":["https:\/\/www.facebook.com\/eltextual","https:\/\/x.com\/eltextual","http:\/\/www.instagram.com\/eltextual"]},{"@type":"Person","@id":"https:\/\/diariotextual.com\/inicio\/#\/schema\/person\/694f60677f23c4a530867a98f22b3768","name":"diario2","image":{"@type":"ImageObject","inLanguage":"es","@id":"https:\/\/secure.gravatar.com\/avatar\/5a2567495ba16b852fcd8f1ed006a2e24fcace936018ed8237e95f488ad6e0a7?s=96&d=mm&r=g","url":"https:\/\/secure.gravatar.com\/avatar\/5a2567495ba16b852fcd8f1ed006a2e24fcace936018ed8237e95f488ad6e0a7?s=96&d=mm&r=g","contentUrl":"https:\/\/secure.gravatar.com\/avatar\/5a2567495ba16b852fcd8f1ed006a2e24fcace936018ed8237e95f488ad6e0a7?s=96&d=mm&r=g","caption":"diario2"},"url":"https:\/\/diariotextual.com\/inicio\/index.php\/author\/diario2\/"}]}},"_links":{"self":[{"href":"https:\/\/diariotextual.com\/inicio\/index.php\/wp-json\/wp\/v2\/posts\/227796","targetHints":{"allow":["GET"]}}],"collection":[{"href":"https:\/\/diariotextual.com\/inicio\/index.php\/wp-json\/wp\/v2\/posts"}],"about":[{"href":"https:\/\/diariotextual.com\/inicio\/index.php\/wp-json\/wp\/v2\/types\/post"}],"author":[{"embeddable":true,"href":"https:\/\/diariotextual.com\/inicio\/index.php\/wp-json\/wp\/v2\/users\/4"}],"replies":[{"embeddable":true,"href":"https:\/\/diariotextual.com\/inicio\/index.php\/wp-json\/wp\/v2\/comments?post=227796"}],"version-history":[{"count":2,"href":"https:\/\/diariotextual.com\/inicio\/index.php\/wp-json\/wp\/v2\/posts\/227796\/revisions"}],"predecessor-version":[{"id":227798,"href":"https:\/\/diariotextual.com\/inicio\/index.php\/wp-json\/wp\/v2\/posts\/227796\/revisions\/227798"}],"wp:featuredmedia":[{"embeddable":true,"href":"https:\/\/diariotextual.com\/inicio\/index.php\/wp-json\/wp\/v2\/media\/197309"}],"wp:attachment":[{"href":"https:\/\/diariotextual.com\/inicio\/index.php\/wp-json\/wp\/v2\/media?parent=227796"}],"wp:term":[{"taxonomy":"category","embeddable":true,"href":"https:\/\/diariotextual.com\/inicio\/index.php\/wp-json\/wp\/v2\/categories?post=227796"},{"taxonomy":"post_tag","embeddable":true,"href":"https:\/\/diariotextual.com\/inicio\/index.php\/wp-json\/wp\/v2\/tags?post=227796"}],"curies":[{"name":"wp","href":"https:\/\/api.w.org\/{rel}","templated":true}]}}