{"id":227823,"date":"2023-06-07T16:37:25","date_gmt":"2023-06-07T19:37:25","guid":{"rendered":"https:\/\/diariotextual.com\/inicio\/?p=227823"},"modified":"2023-06-07T16:37:26","modified_gmt":"2023-06-07T19:37:26","slug":"abren-convocatoria-para-el-concurso-nacional-de-obras-teatrales-potencia-y-politica","status":"publish","type":"post","link":"https:\/\/diariotextual.com\/inicio\/index.php\/2023\/06\/07\/abren-convocatoria-para-el-concurso-nacional-de-obras-teatrales-potencia-y-politica\/","title":{"rendered":"Abren convocatoria para el concurso nacional de obras teatrales \u201cPotencia y Pol\u00edtica\u201d"},"content":{"rendered":"\n<p>La Secretar\u00eda de Cultura y Extensi\u00f3n Universitaria inform\u00f3 que hasta el 31 de julio pr\u00f3ximo permanecer\u00e1 abierta la convocatoria a la<strong> 3\u00b0 edici\u00f3n del Concurso Nacional de Obras Teatrales \u201cPotencia y Pol\u00edtica\u201d,<\/strong> iniciativa que busca <strong>acercar la Constituci\u00f3n Nacional a la comunidad y abordar a trav\u00e9s de la escritura teatral los preceptos contenidos en ellas<\/strong>, impulsada por la C\u00e1mara de Diputados de la Naci\u00f3n.<\/p>\n\n\n\n<p>En el marco de los cuarenta a\u00f1os de democracia ininterrumpida, <strong>el tema es la democracia y su ejercicio<\/strong>, enmarcado en el art\u00edculo 37 de la Constituci\u00f3n Nacional, referido al voto y a los derechos pol\u00edticos.<\/p>\n\n\n\n<p>El jurado del concurso estar\u00e1 integrado por reconocidas personalidades del quehacer teatral del pa\u00eds, quienes tendr\u00e1n la tarea de seleccionar obras ganadoras, esperando recibir materiales provenientes de todas las provincias.<\/p>\n\n\n\n<p>Pueden participar personas mayores de dieciocho a\u00f1os, argentinos nativos o extranjeros con acreditada residencia de cinco a\u00f1os en el pa\u00eds. Las obras deber\u00e1n presentarse con seud\u00f3nimo y enviarse al mail: potenciaypoliticaconcurso@gmail.com.<\/p>\n\n\n\n<p>Las obras ganadoras ser\u00e1n anunciadas en noviembre y posteriormente ser\u00e1n editadas en una compilaci\u00f3n que se presentar\u00e1 en la Feria Internacional del Libro de Buenos Aires, edici\u00f3n 2024.<\/p>\n\n\n\n<p>Para m\u00e1s informaci\u00f3n, ingresar a<\/p>\n\n\n\n<p><a href=\"https:\/\/www.diputados.gov.ar\/secparl\/dcultura\/destacados\/2023\/PotenciayPolitica\" target=\"_blank\" rel=\"noreferrer noopener\">https:\/\/www.diputados.gov.ar\/secparl\/dcultura\/destacados\/2023\/PotenciayPolitica<\/a><\/p>\n","protected":false},"excerpt":{"rendered":"<p>La Secretar\u00eda de Cultura y Extensi\u00f3n Universitaria inform\u00f3 que hasta el 31 de julio pr\u00f3ximo permanecer\u00e1 abierta la convocatoria a la 3\u00b0 edici\u00f3n del Concurso Nacional de Obras Teatrales \u201cPotencia&hellip;<\/p>\n","protected":false},"author":4,"featured_media":143578,"comment_status":"closed","ping_status":"open","sticky":false,"template":"","format":"standard","meta":{"_acf_changed":false,"footnotes":""},"categories":[1,2],"tags":[],"class_list":["post-227823","post","type-post","status-publish","format-standard","has-post-thumbnail","hentry","category-es-noticia","category-cultura"],"acf":[],"yoast_head":"<!-- This site is optimized with the Yoast SEO plugin v27.5 - https:\/\/yoast.com\/product\/yoast-seo-wordpress\/ -->\n<title>Abren convocatoria para el concurso nacional de obras teatrales \u201cPotencia y Pol\u00edtica\u201d - Diario Textual<\/title>\n<meta name=\"robots\" content=\"index, follow, max-snippet:-1, max-image-preview:large, max-video-preview:-1\" \/>\n<link rel=\"canonical\" href=\"https:\/\/diariotextual.com\/inicio\/index.php\/2023\/06\/07\/abren-convocatoria-para-el-concurso-nacional-de-obras-teatrales-potencia-y-politica\/\" \/>\n<meta property=\"og:locale\" content=\"es_ES\" \/>\n<meta property=\"og:type\" content=\"article\" \/>\n<meta property=\"og:title\" content=\"Abren convocatoria para el concurso nacional de obras teatrales \u201cPotencia y Pol\u00edtica\u201d - Diario Textual\" \/>\n<meta property=\"og:description\" content=\"La Secretar\u00eda de Cultura y Extensi\u00f3n Universitaria inform\u00f3 que hasta el 31 de julio pr\u00f3ximo permanecer\u00e1 abierta la convocatoria a la 3\u00b0 edici\u00f3n del Concurso Nacional de Obras Teatrales \u201cPotencia&hellip;\" \/>\n<meta property=\"og:url\" content=\"https:\/\/diariotextual.com\/inicio\/index.php\/2023\/06\/07\/abren-convocatoria-para-el-concurso-nacional-de-obras-teatrales-potencia-y-politica\/\" \/>\n<meta property=\"og:site_name\" content=\"Diario Textual\" \/>\n<meta property=\"article:publisher\" content=\"https:\/\/www.facebook.com\/eltextual\" \/>\n<meta property=\"article:published_time\" content=\"2023-06-07T19:37:25+00:00\" \/>\n<meta property=\"article:modified_time\" content=\"2023-06-07T19:37:26+00:00\" \/>\n<meta property=\"og:image\" content=\"https:\/\/diariotextual.com\/inicio\/wp-content\/uploads\/2021\/04\/teatroespanoll.jpg\" \/>\n\t<meta property=\"og:image:width\" content=\"700\" \/>\n\t<meta property=\"og:image:height\" content=\"471\" \/>\n\t<meta property=\"og:image:type\" content=\"image\/jpeg\" \/>\n<meta name=\"author\" content=\"diario2\" \/>\n<meta name=\"twitter:card\" content=\"summary_large_image\" \/>\n<meta name=\"twitter:creator\" content=\"@eltextual\" \/>\n<meta name=\"twitter:site\" content=\"@eltextual\" \/>\n<meta name=\"twitter:label1\" content=\"Escrito por\" \/>\n\t<meta name=\"twitter:data1\" content=\"diario2\" \/>\n\t<meta name=\"twitter:label2\" content=\"Tiempo de lectura\" \/>\n\t<meta name=\"twitter:data2\" content=\"1 minuto\" \/>\n<script type=\"application\/ld+json\" class=\"yoast-schema-graph\">{\"@context\":\"https:\\\/\\\/schema.org\",\"@graph\":[{\"@type\":\"Article\",\"@id\":\"https:\\\/\\\/diariotextual.com\\\/inicio\\\/index.php\\\/2023\\\/06\\\/07\\\/abren-convocatoria-para-el-concurso-nacional-de-obras-teatrales-potencia-y-politica\\\/#article\",\"isPartOf\":{\"@id\":\"https:\\\/\\\/diariotextual.com\\\/inicio\\\/index.php\\\/2023\\\/06\\\/07\\\/abren-convocatoria-para-el-concurso-nacional-de-obras-teatrales-potencia-y-politica\\\/\"},\"author\":{\"name\":\"diario2\",\"@id\":\"https:\\\/\\\/diariotextual.com\\\/inicio\\\/#\\\/schema\\\/person\\\/694f60677f23c4a530867a98f22b3768\"},\"headline\":\"Abren convocatoria para el concurso nacional de obras teatrales \u201cPotencia y Pol\u00edtica\u201d\",\"datePublished\":\"2023-06-07T19:37:25+00:00\",\"dateModified\":\"2023-06-07T19:37:26+00:00\",\"mainEntityOfPage\":{\"@id\":\"https:\\\/\\\/diariotextual.com\\\/inicio\\\/index.php\\\/2023\\\/06\\\/07\\\/abren-convocatoria-para-el-concurso-nacional-de-obras-teatrales-potencia-y-politica\\\/\"},\"wordCount\":239,\"publisher\":{\"@id\":\"https:\\\/\\\/diariotextual.com\\\/inicio\\\/#organization\"},\"image\":{\"@id\":\"https:\\\/\\\/diariotextual.com\\\/inicio\\\/index.php\\\/2023\\\/06\\\/07\\\/abren-convocatoria-para-el-concurso-nacional-de-obras-teatrales-potencia-y-politica\\\/#primaryimage\"},\"thumbnailUrl\":\"https:\\\/\\\/diariotextual.com\\\/inicio\\\/wp-content\\\/uploads\\\/2021\\\/04\\\/teatroespanoll.jpg\",\"articleSection\":[\"A - ES NOTICIA (van abajo)\",\"CULTURA\"],\"inLanguage\":\"es\"},{\"@type\":\"WebPage\",\"@id\":\"https:\\\/\\\/diariotextual.com\\\/inicio\\\/index.php\\\/2023\\\/06\\\/07\\\/abren-convocatoria-para-el-concurso-nacional-de-obras-teatrales-potencia-y-politica\\\/\",\"url\":\"https:\\\/\\\/diariotextual.com\\\/inicio\\\/index.php\\\/2023\\\/06\\\/07\\\/abren-convocatoria-para-el-concurso-nacional-de-obras-teatrales-potencia-y-politica\\\/\",\"name\":\"Abren convocatoria para el concurso nacional de obras teatrales \u201cPotencia y Pol\u00edtica\u201d - Diario Textual\",\"isPartOf\":{\"@id\":\"https:\\\/\\\/diariotextual.com\\\/inicio\\\/#website\"},\"primaryImageOfPage\":{\"@id\":\"https:\\\/\\\/diariotextual.com\\\/inicio\\\/index.php\\\/2023\\\/06\\\/07\\\/abren-convocatoria-para-el-concurso-nacional-de-obras-teatrales-potencia-y-politica\\\/#primaryimage\"},\"image\":{\"@id\":\"https:\\\/\\\/diariotextual.com\\\/inicio\\\/index.php\\\/2023\\\/06\\\/07\\\/abren-convocatoria-para-el-concurso-nacional-de-obras-teatrales-potencia-y-politica\\\/#primaryimage\"},\"thumbnailUrl\":\"https:\\\/\\\/diariotextual.com\\\/inicio\\\/wp-content\\\/uploads\\\/2021\\\/04\\\/teatroespanoll.jpg\",\"datePublished\":\"2023-06-07T19:37:25+00:00\",\"dateModified\":\"2023-06-07T19:37:26+00:00\",\"breadcrumb\":{\"@id\":\"https:\\\/\\\/diariotextual.com\\\/inicio\\\/index.php\\\/2023\\\/06\\\/07\\\/abren-convocatoria-para-el-concurso-nacional-de-obras-teatrales-potencia-y-politica\\\/#breadcrumb\"},\"inLanguage\":\"es\",\"potentialAction\":[{\"@type\":\"ReadAction\",\"target\":[\"https:\\\/\\\/diariotextual.com\\\/inicio\\\/index.php\\\/2023\\\/06\\\/07\\\/abren-convocatoria-para-el-concurso-nacional-de-obras-teatrales-potencia-y-politica\\\/\"]}]},{\"@type\":\"ImageObject\",\"inLanguage\":\"es\",\"@id\":\"https:\\\/\\\/diariotextual.com\\\/inicio\\\/index.php\\\/2023\\\/06\\\/07\\\/abren-convocatoria-para-el-concurso-nacional-de-obras-teatrales-potencia-y-politica\\\/#primaryimage\",\"url\":\"https:\\\/\\\/diariotextual.com\\\/inicio\\\/wp-content\\\/uploads\\\/2021\\\/04\\\/teatroespanoll.jpg\",\"contentUrl\":\"https:\\\/\\\/diariotextual.com\\\/inicio\\\/wp-content\\\/uploads\\\/2021\\\/04\\\/teatroespanoll.jpg\",\"width\":700,\"height\":471},{\"@type\":\"BreadcrumbList\",\"@id\":\"https:\\\/\\\/diariotextual.com\\\/inicio\\\/index.php\\\/2023\\\/06\\\/07\\\/abren-convocatoria-para-el-concurso-nacional-de-obras-teatrales-potencia-y-politica\\\/#breadcrumb\",\"itemListElement\":[{\"@type\":\"ListItem\",\"position\":1,\"name\":\"Portada\",\"item\":\"https:\\\/\\\/diariotextual.com\\\/inicio\\\/\"},{\"@type\":\"ListItem\",\"position\":2,\"name\":\"Abren convocatoria para el concurso nacional de obras teatrales \u201cPotencia y Pol\u00edtica\u201d\"}]},{\"@type\":\"WebSite\",\"@id\":\"https:\\\/\\\/diariotextual.com\\\/inicio\\\/#website\",\"url\":\"https:\\\/\\\/diariotextual.com\\\/inicio\\\/\",\"name\":\"Diario Textual\",\"description\":\"\",\"publisher\":{\"@id\":\"https:\\\/\\\/diariotextual.com\\\/inicio\\\/#organization\"},\"potentialAction\":[{\"@type\":\"SearchAction\",\"target\":{\"@type\":\"EntryPoint\",\"urlTemplate\":\"https:\\\/\\\/diariotextual.com\\\/inicio\\\/?s={search_term_string}\"},\"query-input\":{\"@type\":\"PropertyValueSpecification\",\"valueRequired\":true,\"valueName\":\"search_term_string\"}}],\"inLanguage\":\"es\"},{\"@type\":\"Organization\",\"@id\":\"https:\\\/\\\/diariotextual.com\\\/inicio\\\/#organization\",\"name\":\"Diario Textual\",\"url\":\"https:\\\/\\\/diariotextual.com\\\/inicio\\\/\",\"logo\":{\"@type\":\"ImageObject\",\"inLanguage\":\"es\",\"@id\":\"https:\\\/\\\/diariotextual.com\\\/inicio\\\/#\\\/schema\\\/logo\\\/image\\\/\",\"url\":\"https:\\\/\\\/diariotextual.com\\\/inicio\\\/wp-content\\\/uploads\\\/2023\\\/05\\\/logotextual1.jpg\",\"contentUrl\":\"https:\\\/\\\/diariotextual.com\\\/inicio\\\/wp-content\\\/uploads\\\/2023\\\/05\\\/logotextual1.jpg\",\"width\":516,\"height\":76,\"caption\":\"Diario Textual\"},\"image\":{\"@id\":\"https:\\\/\\\/diariotextual.com\\\/inicio\\\/#\\\/schema\\\/logo\\\/image\\\/\"},\"sameAs\":[\"https:\\\/\\\/www.facebook.com\\\/eltextual\",\"https:\\\/\\\/x.com\\\/eltextual\",\"http:\\\/\\\/www.instagram.com\\\/eltextual\"]},{\"@type\":\"Person\",\"@id\":\"https:\\\/\\\/diariotextual.com\\\/inicio\\\/#\\\/schema\\\/person\\\/694f60677f23c4a530867a98f22b3768\",\"name\":\"diario2\",\"image\":{\"@type\":\"ImageObject\",\"inLanguage\":\"es\",\"@id\":\"https:\\\/\\\/secure.gravatar.com\\\/avatar\\\/5a2567495ba16b852fcd8f1ed006a2e24fcace936018ed8237e95f488ad6e0a7?s=96&d=mm&r=g\",\"url\":\"https:\\\/\\\/secure.gravatar.com\\\/avatar\\\/5a2567495ba16b852fcd8f1ed006a2e24fcace936018ed8237e95f488ad6e0a7?s=96&d=mm&r=g\",\"contentUrl\":\"https:\\\/\\\/secure.gravatar.com\\\/avatar\\\/5a2567495ba16b852fcd8f1ed006a2e24fcace936018ed8237e95f488ad6e0a7?s=96&d=mm&r=g\",\"caption\":\"diario2\"},\"url\":\"https:\\\/\\\/diariotextual.com\\\/inicio\\\/index.php\\\/author\\\/diario2\\\/\"}]}<\/script>\n<!-- \/ Yoast SEO plugin. -->","yoast_head_json":{"title":"Abren convocatoria para el concurso nacional de obras teatrales \u201cPotencia y Pol\u00edtica\u201d - Diario Textual","robots":{"index":"index","follow":"follow","max-snippet":"max-snippet:-1","max-image-preview":"max-image-preview:large","max-video-preview":"max-video-preview:-1"},"canonical":"https:\/\/diariotextual.com\/inicio\/index.php\/2023\/06\/07\/abren-convocatoria-para-el-concurso-nacional-de-obras-teatrales-potencia-y-politica\/","og_locale":"es_ES","og_type":"article","og_title":"Abren convocatoria para el concurso nacional de obras teatrales \u201cPotencia y Pol\u00edtica\u201d - Diario Textual","og_description":"La Secretar\u00eda de Cultura y Extensi\u00f3n Universitaria inform\u00f3 que hasta el 31 de julio pr\u00f3ximo permanecer\u00e1 abierta la convocatoria a la 3\u00b0 edici\u00f3n del Concurso Nacional de Obras Teatrales \u201cPotencia&hellip;","og_url":"https:\/\/diariotextual.com\/inicio\/index.php\/2023\/06\/07\/abren-convocatoria-para-el-concurso-nacional-de-obras-teatrales-potencia-y-politica\/","og_site_name":"Diario Textual","article_publisher":"https:\/\/www.facebook.com\/eltextual","article_published_time":"2023-06-07T19:37:25+00:00","article_modified_time":"2023-06-07T19:37:26+00:00","og_image":[{"width":700,"height":471,"url":"https:\/\/diariotextual.com\/inicio\/wp-content\/uploads\/2021\/04\/teatroespanoll.jpg","type":"image\/jpeg"}],"author":"diario2","twitter_card":"summary_large_image","twitter_creator":"@eltextual","twitter_site":"@eltextual","twitter_misc":{"Escrito por":"diario2","Tiempo de lectura":"1 minuto"},"schema":{"@context":"https:\/\/schema.org","@graph":[{"@type":"Article","@id":"https:\/\/diariotextual.com\/inicio\/index.php\/2023\/06\/07\/abren-convocatoria-para-el-concurso-nacional-de-obras-teatrales-potencia-y-politica\/#article","isPartOf":{"@id":"https:\/\/diariotextual.com\/inicio\/index.php\/2023\/06\/07\/abren-convocatoria-para-el-concurso-nacional-de-obras-teatrales-potencia-y-politica\/"},"author":{"name":"diario2","@id":"https:\/\/diariotextual.com\/inicio\/#\/schema\/person\/694f60677f23c4a530867a98f22b3768"},"headline":"Abren convocatoria para el concurso nacional de obras teatrales \u201cPotencia y Pol\u00edtica\u201d","datePublished":"2023-06-07T19:37:25+00:00","dateModified":"2023-06-07T19:37:26+00:00","mainEntityOfPage":{"@id":"https:\/\/diariotextual.com\/inicio\/index.php\/2023\/06\/07\/abren-convocatoria-para-el-concurso-nacional-de-obras-teatrales-potencia-y-politica\/"},"wordCount":239,"publisher":{"@id":"https:\/\/diariotextual.com\/inicio\/#organization"},"image":{"@id":"https:\/\/diariotextual.com\/inicio\/index.php\/2023\/06\/07\/abren-convocatoria-para-el-concurso-nacional-de-obras-teatrales-potencia-y-politica\/#primaryimage"},"thumbnailUrl":"https:\/\/diariotextual.com\/inicio\/wp-content\/uploads\/2021\/04\/teatroespanoll.jpg","articleSection":["A - ES NOTICIA (van abajo)","CULTURA"],"inLanguage":"es"},{"@type":"WebPage","@id":"https:\/\/diariotextual.com\/inicio\/index.php\/2023\/06\/07\/abren-convocatoria-para-el-concurso-nacional-de-obras-teatrales-potencia-y-politica\/","url":"https:\/\/diariotextual.com\/inicio\/index.php\/2023\/06\/07\/abren-convocatoria-para-el-concurso-nacional-de-obras-teatrales-potencia-y-politica\/","name":"Abren convocatoria para el concurso nacional de obras teatrales \u201cPotencia y Pol\u00edtica\u201d - Diario Textual","isPartOf":{"@id":"https:\/\/diariotextual.com\/inicio\/#website"},"primaryImageOfPage":{"@id":"https:\/\/diariotextual.com\/inicio\/index.php\/2023\/06\/07\/abren-convocatoria-para-el-concurso-nacional-de-obras-teatrales-potencia-y-politica\/#primaryimage"},"image":{"@id":"https:\/\/diariotextual.com\/inicio\/index.php\/2023\/06\/07\/abren-convocatoria-para-el-concurso-nacional-de-obras-teatrales-potencia-y-politica\/#primaryimage"},"thumbnailUrl":"https:\/\/diariotextual.com\/inicio\/wp-content\/uploads\/2021\/04\/teatroespanoll.jpg","datePublished":"2023-06-07T19:37:25+00:00","dateModified":"2023-06-07T19:37:26+00:00","breadcrumb":{"@id":"https:\/\/diariotextual.com\/inicio\/index.php\/2023\/06\/07\/abren-convocatoria-para-el-concurso-nacional-de-obras-teatrales-potencia-y-politica\/#breadcrumb"},"inLanguage":"es","potentialAction":[{"@type":"ReadAction","target":["https:\/\/diariotextual.com\/inicio\/index.php\/2023\/06\/07\/abren-convocatoria-para-el-concurso-nacional-de-obras-teatrales-potencia-y-politica\/"]}]},{"@type":"ImageObject","inLanguage":"es","@id":"https:\/\/diariotextual.com\/inicio\/index.php\/2023\/06\/07\/abren-convocatoria-para-el-concurso-nacional-de-obras-teatrales-potencia-y-politica\/#primaryimage","url":"https:\/\/diariotextual.com\/inicio\/wp-content\/uploads\/2021\/04\/teatroespanoll.jpg","contentUrl":"https:\/\/diariotextual.com\/inicio\/wp-content\/uploads\/2021\/04\/teatroespanoll.jpg","width":700,"height":471},{"@type":"BreadcrumbList","@id":"https:\/\/diariotextual.com\/inicio\/index.php\/2023\/06\/07\/abren-convocatoria-para-el-concurso-nacional-de-obras-teatrales-potencia-y-politica\/#breadcrumb","itemListElement":[{"@type":"ListItem","position":1,"name":"Portada","item":"https:\/\/diariotextual.com\/inicio\/"},{"@type":"ListItem","position":2,"name":"Abren convocatoria para el concurso nacional de obras teatrales \u201cPotencia y Pol\u00edtica\u201d"}]},{"@type":"WebSite","@id":"https:\/\/diariotextual.com\/inicio\/#website","url":"https:\/\/diariotextual.com\/inicio\/","name":"Diario Textual","description":"","publisher":{"@id":"https:\/\/diariotextual.com\/inicio\/#organization"},"potentialAction":[{"@type":"SearchAction","target":{"@type":"EntryPoint","urlTemplate":"https:\/\/diariotextual.com\/inicio\/?s={search_term_string}"},"query-input":{"@type":"PropertyValueSpecification","valueRequired":true,"valueName":"search_term_string"}}],"inLanguage":"es"},{"@type":"Organization","@id":"https:\/\/diariotextual.com\/inicio\/#organization","name":"Diario Textual","url":"https:\/\/diariotextual.com\/inicio\/","logo":{"@type":"ImageObject","inLanguage":"es","@id":"https:\/\/diariotextual.com\/inicio\/#\/schema\/logo\/image\/","url":"https:\/\/diariotextual.com\/inicio\/wp-content\/uploads\/2023\/05\/logotextual1.jpg","contentUrl":"https:\/\/diariotextual.com\/inicio\/wp-content\/uploads\/2023\/05\/logotextual1.jpg","width":516,"height":76,"caption":"Diario Textual"},"image":{"@id":"https:\/\/diariotextual.com\/inicio\/#\/schema\/logo\/image\/"},"sameAs":["https:\/\/www.facebook.com\/eltextual","https:\/\/x.com\/eltextual","http:\/\/www.instagram.com\/eltextual"]},{"@type":"Person","@id":"https:\/\/diariotextual.com\/inicio\/#\/schema\/person\/694f60677f23c4a530867a98f22b3768","name":"diario2","image":{"@type":"ImageObject","inLanguage":"es","@id":"https:\/\/secure.gravatar.com\/avatar\/5a2567495ba16b852fcd8f1ed006a2e24fcace936018ed8237e95f488ad6e0a7?s=96&d=mm&r=g","url":"https:\/\/secure.gravatar.com\/avatar\/5a2567495ba16b852fcd8f1ed006a2e24fcace936018ed8237e95f488ad6e0a7?s=96&d=mm&r=g","contentUrl":"https:\/\/secure.gravatar.com\/avatar\/5a2567495ba16b852fcd8f1ed006a2e24fcace936018ed8237e95f488ad6e0a7?s=96&d=mm&r=g","caption":"diario2"},"url":"https:\/\/diariotextual.com\/inicio\/index.php\/author\/diario2\/"}]}},"_links":{"self":[{"href":"https:\/\/diariotextual.com\/inicio\/index.php\/wp-json\/wp\/v2\/posts\/227823","targetHints":{"allow":["GET"]}}],"collection":[{"href":"https:\/\/diariotextual.com\/inicio\/index.php\/wp-json\/wp\/v2\/posts"}],"about":[{"href":"https:\/\/diariotextual.com\/inicio\/index.php\/wp-json\/wp\/v2\/types\/post"}],"author":[{"embeddable":true,"href":"https:\/\/diariotextual.com\/inicio\/index.php\/wp-json\/wp\/v2\/users\/4"}],"replies":[{"embeddable":true,"href":"https:\/\/diariotextual.com\/inicio\/index.php\/wp-json\/wp\/v2\/comments?post=227823"}],"version-history":[{"count":1,"href":"https:\/\/diariotextual.com\/inicio\/index.php\/wp-json\/wp\/v2\/posts\/227823\/revisions"}],"predecessor-version":[{"id":227824,"href":"https:\/\/diariotextual.com\/inicio\/index.php\/wp-json\/wp\/v2\/posts\/227823\/revisions\/227824"}],"wp:featuredmedia":[{"embeddable":true,"href":"https:\/\/diariotextual.com\/inicio\/index.php\/wp-json\/wp\/v2\/media\/143578"}],"wp:attachment":[{"href":"https:\/\/diariotextual.com\/inicio\/index.php\/wp-json\/wp\/v2\/media?parent=227823"}],"wp:term":[{"taxonomy":"category","embeddable":true,"href":"https:\/\/diariotextual.com\/inicio\/index.php\/wp-json\/wp\/v2\/categories?post=227823"},{"taxonomy":"post_tag","embeddable":true,"href":"https:\/\/diariotextual.com\/inicio\/index.php\/wp-json\/wp\/v2\/tags?post=227823"}],"curies":[{"name":"wp","href":"https:\/\/api.w.org\/{rel}","templated":true}]}}