{"id":227831,"date":"2023-06-07T17:51:28","date_gmt":"2023-06-07T20:51:28","guid":{"rendered":"https:\/\/diariotextual.com\/inicio\/?p=227831"},"modified":"2023-06-08T12:39:21","modified_gmt":"2023-06-08T15:39:21","slug":"sacan-dictamen-para-avanzar-con-la-adhesion-de-la-pampa-a-la-ley-lucio","status":"publish","type":"post","link":"https:\/\/diariotextual.com\/inicio\/index.php\/2023\/06\/07\/sacan-dictamen-para-avanzar-con-la-adhesion-de-la-pampa-a-la-ley-lucio\/","title":{"rendered":"Sacan dictamen para avanzar con la adhesi\u00f3n de La Pampa a la Ley Lucio"},"content":{"rendered":"\n<p>La C\u00e1mara de Diputados de La Pampa se encamina a adherir a la llamada Ley Lucio. Durante un extenso plenario de las comisiones de Legislaci\u00f3n General, Legislaci\u00f3n Social y Hacienda, los y las diputadas de todos los bloques acordaron un dictamen en forma un\u00e1nime para que el proyecto unificado (entre el presentado por las y los legisladores del Frejupa y el de la diputada Laura Trapaglia de Proyecto Federal) sea convertido en ley y as\u00ed La Pampa se adhiera a la Ley Nacional \u201cPlan Federal de Capacitaci\u00f3n Contin\u00faa, Permanente y obligatoria sobre los Derechos de Ni\u00f1as, Ni\u00f1os y Adolescentes\u201d.<\/p>\n\n\n\n<p>En la sala del pensamiento de esta Legislatura, donde se desarroll\u00f3 la reuni\u00f3n, estuvieron Ram\u00f3n, Cintya y Silvia, familiares de Lucio Abel Dupuy, y el abogado de la familia Mario Aguerrido. El asesinato del ni\u00f1o, en noviembre de 2021, fue el disparador del proyecto presentado en la C\u00e1mara de Diputados de la Naci\u00f3n en diciembre de 2021, logrando los consensos no solamente legislativos, sino de toda la sociedad que busca por medio de esta norma, detectar las situaciones de vulneraci\u00f3n en la ni\u00f1ez.<\/p>\n\n\n\n<p>Para arribar a ese despacho se tuvieron en cuenta las modificaciones que sugiri\u00f3 el defensor de ni\u00f1os, ni\u00f1as y adolescentes, Juan Carlos Meacca, que particip\u00f3 del plenario y plante\u00f3 la necesidad de que no se establezca la \u201cadhesi\u00f3n en todos los t\u00e9rminos a la ley\u201d para permitir que, en su aplicaci\u00f3n, las particularidades de la provincia de La Pampa puedan ser consideradas.<\/p>\n\n\n\n<figure class=\"wp-block-image size-large\"><img fetchpriority=\"high\" decoding=\"async\" width=\"1024\" height=\"679\" src=\"https:\/\/diariotextual.com\/inicio\/wp-content\/uploads\/2023\/06\/luciodupuyfamiliaramonsilviaaguerrido2023-2-1024x679.jpg\" alt=\"\" class=\"wp-image-227833\" srcset=\"https:\/\/diariotextual.com\/inicio\/wp-content\/uploads\/2023\/06\/luciodupuyfamiliaramonsilviaaguerrido2023-2-1024x679.jpg 1024w, https:\/\/diariotextual.com\/inicio\/wp-content\/uploads\/2023\/06\/luciodupuyfamiliaramonsilviaaguerrido2023-2-300x199.jpg 300w, https:\/\/diariotextual.com\/inicio\/wp-content\/uploads\/2023\/06\/luciodupuyfamiliaramonsilviaaguerrido2023-2-768x509.jpg 768w, https:\/\/diariotextual.com\/inicio\/wp-content\/uploads\/2023\/06\/luciodupuyfamiliaramonsilviaaguerrido2023-2-1170x775.jpg 1170w, https:\/\/diariotextual.com\/inicio\/wp-content\/uploads\/2023\/06\/luciodupuyfamiliaramonsilviaaguerrido2023-2-780x516.jpg 780w, https:\/\/diariotextual.com\/inicio\/wp-content\/uploads\/2023\/06\/luciodupuyfamiliaramonsilviaaguerrido2023-2-585x388.jpg 585w, https:\/\/diariotextual.com\/inicio\/wp-content\/uploads\/2023\/06\/luciodupuyfamiliaramonsilviaaguerrido2023-2-263x175.jpg 263w, https:\/\/diariotextual.com\/inicio\/wp-content\/uploads\/2023\/06\/luciodupuyfamiliaramonsilviaaguerrido2023-2.jpg 1500w\" sizes=\"(max-width: 1024px) 100vw, 1024px\" \/><\/figure>\n\n\n\n<p>Despu\u00e9s de que, en abril de este a\u00f1o, el Senado sumara su media sanci\u00f3n a lo aprobado en la C\u00e1mara de Diputados de la Naci\u00f3n, este Plan Federal de Capacitaci\u00f3n contin\u00faa en materia de derechos de las infancias y adolescencias, y violencias contra ni\u00f1as, ni\u00f1os y adolescentes, para todas las personas que se desempe\u00f1en en la funci\u00f3n p\u00fablica en todos sus niveles y jerarqu\u00edas, en los poderes Ejecutivo, Legislativo y Judicial, es ley. Y el Poder Ejecutivo Nacional, en coordinaci\u00f3n con el Concejo Federal de Ni\u00f1ez, Adolescencia y Familia, donde participan ministros de Desarrollo Social o responsables de las \u00e1reas de Ni\u00f1ez de todas las provincias, est\u00e1n elaborando el mismo.<\/p>\n\n\n\n<p>Seg\u00fan Meacca, es imprescindible que en las gu\u00edas de capacitaci\u00f3n se tengan en cuenta las herramientas que en la Ley Provincial de Ni\u00f1ez se contemplan y que debe buscarse que todo personal que est\u00e9 en contacto con ni\u00f1os, ni\u00f1as y adolescentes deben saber que tienen que hacer la denuncia y d\u00f3nde hacerla, cada vez que detecten situaciones de abuso, violencia y cualquier otra vulneraci\u00f3n contra quienes est\u00e1n a su cargo.<\/p>\n\n\n\n<p>El objetivo de la norma es establecer una capacitaci\u00f3n continua, obligatoria y permanente de todas y todos los agentes estatales de los tres poderes del estado, en materia de derechos humanos de las infancias y adolescencias. Pero Meacca plante\u00f3 la necesidad de que no quede como una posibilidad (en el art\u00edculo segundo del proyecto unificado dec\u00eda \u201cPodr\u00e1n\u201d sumarse) la capacitaci\u00f3n a entidades intermedias que traten con ni\u00f1os, ni\u00f1as y adolescentes sino que la autoridad de aplicaci\u00f3n les obligue a esas entidades donde otros actores sociales que tengan contacto directo con ni\u00f1as, ni\u00f1os y adolescentes, tengan tambi\u00e9n su capacitaci\u00f3n espec\u00edfica estableciendo as\u00ed en la norma provincial que este alcance sea a\u00fan mayor, para lograr una detecci\u00f3n m\u00e1s completa de situaciones de vulneraci\u00f3n.<\/p>\n\n\n\n<p>Previo a la emisi\u00f3n del dictamen, la diputada Laura Trapaglia celebr\u00f3 que la provincia de La Pampa, \u201cque debi\u00f3 haber sido la primera\u201d, por fin adhiera a esta normativa nacional a la que ya adhirieron muchas otras provincias.<\/p>\n\n\n\n<p>La diputada Andrea Valderrama record\u00f3 que \u201cen 2020, o sea antes de lo que le pas\u00f3 a Lucio y hoy nos duele a todos, hab\u00eda presentado un proyecto que establec\u00eda la capacitaci\u00f3n en prevenci\u00f3n de estas violencias contra ni\u00f1os y ni\u00f1as y nunca se trat\u00f3\u2026por lo menos hubi\u00e9ramos tenido m\u00e1s herramientas para prevenir\u201d.<\/p>\n\n\n\n<p>La diputada Sandra Fonseca dijo que \u201ca la Ley Lucio, lo que ella establece, lo ten\u00edamos en La Pampa con nuestra Ley de ni\u00f1ez, por la que siempre tanto trabaj\u00e9, lo que ocurre es que no se aplicaba\u201d. Manifest\u00f3 nuevamente que \u201crepresentantes de ni\u00f1os, ni\u00f1as y adolescentes tengan su representaci\u00f3n en el Consejo de Ni\u00f1ez y que haya corresponsabilidad, porque no se trata de hacer la denuncia y chau me voy, hay que seguir todo el proceso que se haga con lo que se denuncie\u201d.<\/p>\n\n\n\n<p>La diputada Alicia Mayoral, en tanto, se dirigi\u00f3 a la familia Dupuy. \u201cSon mentiras que me puedo poner en la piel de ustedes, s\u00f3lo ustedes sufren como est\u00e1n sufriendo, a nosotros nos duele y acompa\u00f1amos, pero los que atraviesan por lo que pas\u00f3 con Lucio son ustedes y eso ha de ser indescriptible\u201d, expres\u00f3.<\/p>\n\n\n\n<p>Una vez emitido el despacho, el presidente de la comisi\u00f3n de legislaci\u00f3n social y salud p\u00fablica, Mart\u00edn Balsa, se comprometi\u00f3 a que sea ley en la pr\u00f3xima sesi\u00f3n donde ser\u00e1 tratada sobre tablas.<\/p>\n","protected":false},"excerpt":{"rendered":"<p>La C\u00e1mara de Diputados de La Pampa se encamina a adherir a la llamada Ley Lucio. Durante un extenso plenario de las comisiones de Legislaci\u00f3n General, Legislaci\u00f3n Social y Hacienda,&hellip;<\/p>\n","protected":false},"author":3,"featured_media":185075,"comment_status":"closed","ping_status":"open","sticky":false,"template":"","format":"standard","meta":{"_acf_changed":false,"footnotes":""},"categories":[11,12],"tags":[],"class_list":["post-227831","post","type-post","status-publish","format-standard","has-post-thumbnail","hentry","category-que-pasa","category-sociedad"],"acf":[],"yoast_head":"<!-- This site is optimized with the Yoast SEO plugin v27.5 - https:\/\/yoast.com\/product\/yoast-seo-wordpress\/ -->\n<title>Sacan dictamen para avanzar con la adhesi\u00f3n de La Pampa a la Ley Lucio - Diario Textual<\/title>\n<meta name=\"robots\" content=\"index, follow, max-snippet:-1, max-image-preview:large, max-video-preview:-1\" \/>\n<link rel=\"canonical\" href=\"https:\/\/diariotextual.com\/inicio\/index.php\/2023\/06\/07\/sacan-dictamen-para-avanzar-con-la-adhesion-de-la-pampa-a-la-ley-lucio\/\" \/>\n<meta property=\"og:locale\" content=\"es_ES\" \/>\n<meta property=\"og:type\" content=\"article\" \/>\n<meta property=\"og:title\" content=\"Sacan dictamen para avanzar con la adhesi\u00f3n de La Pampa a la Ley Lucio - Diario Textual\" \/>\n<meta property=\"og:description\" content=\"La C\u00e1mara de Diputados de La Pampa se encamina a adherir a la llamada Ley Lucio. Durante un extenso plenario de las comisiones de Legislaci\u00f3n General, Legislaci\u00f3n Social y Hacienda,&hellip;\" \/>\n<meta property=\"og:url\" content=\"https:\/\/diariotextual.com\/inicio\/index.php\/2023\/06\/07\/sacan-dictamen-para-avanzar-con-la-adhesion-de-la-pampa-a-la-ley-lucio\/\" \/>\n<meta property=\"og:site_name\" content=\"Diario Textual\" \/>\n<meta property=\"article:publisher\" content=\"https:\/\/www.facebook.com\/eltextual\" \/>\n<meta property=\"article:published_time\" content=\"2023-06-07T20:51:28+00:00\" \/>\n<meta property=\"article:modified_time\" content=\"2023-06-08T15:39:21+00:00\" \/>\n<meta property=\"og:image\" content=\"https:\/\/diariotextual.com\/inicio\/wp-content\/uploads\/2022\/04\/luciodupuy101.jpg\" \/>\n\t<meta property=\"og:image:width\" content=\"554\" \/>\n\t<meta property=\"og:image:height\" content=\"422\" \/>\n\t<meta property=\"og:image:type\" content=\"image\/jpeg\" \/>\n<meta name=\"author\" content=\"Diario1 Diario1\" \/>\n<meta name=\"twitter:card\" content=\"summary_large_image\" \/>\n<meta name=\"twitter:creator\" content=\"@eltextual\" \/>\n<meta name=\"twitter:site\" content=\"@eltextual\" \/>\n<meta name=\"twitter:label1\" content=\"Escrito por\" \/>\n\t<meta name=\"twitter:data1\" content=\"Diario1 Diario1\" \/>\n\t<meta name=\"twitter:label2\" content=\"Tiempo de lectura\" \/>\n\t<meta name=\"twitter:data2\" content=\"4 minutos\" \/>\n<script type=\"application\/ld+json\" class=\"yoast-schema-graph\">{\"@context\":\"https:\\\/\\\/schema.org\",\"@graph\":[{\"@type\":\"Article\",\"@id\":\"https:\\\/\\\/diariotextual.com\\\/inicio\\\/index.php\\\/2023\\\/06\\\/07\\\/sacan-dictamen-para-avanzar-con-la-adhesion-de-la-pampa-a-la-ley-lucio\\\/#article\",\"isPartOf\":{\"@id\":\"https:\\\/\\\/diariotextual.com\\\/inicio\\\/index.php\\\/2023\\\/06\\\/07\\\/sacan-dictamen-para-avanzar-con-la-adhesion-de-la-pampa-a-la-ley-lucio\\\/\"},\"author\":{\"name\":\"Diario1 Diario1\",\"@id\":\"https:\\\/\\\/diariotextual.com\\\/inicio\\\/#\\\/schema\\\/person\\\/418fc4093c33e86ed41562db3508f958\"},\"headline\":\"Sacan dictamen para avanzar con la adhesi\u00f3n de La Pampa a la Ley Lucio\",\"datePublished\":\"2023-06-07T20:51:28+00:00\",\"dateModified\":\"2023-06-08T15:39:21+00:00\",\"mainEntityOfPage\":{\"@id\":\"https:\\\/\\\/diariotextual.com\\\/inicio\\\/index.php\\\/2023\\\/06\\\/07\\\/sacan-dictamen-para-avanzar-con-la-adhesion-de-la-pampa-a-la-ley-lucio\\\/\"},\"wordCount\":908,\"publisher\":{\"@id\":\"https:\\\/\\\/diariotextual.com\\\/inicio\\\/#organization\"},\"image\":{\"@id\":\"https:\\\/\\\/diariotextual.com\\\/inicio\\\/index.php\\\/2023\\\/06\\\/07\\\/sacan-dictamen-para-avanzar-con-la-adhesion-de-la-pampa-a-la-ley-lucio\\\/#primaryimage\"},\"thumbnailUrl\":\"https:\\\/\\\/diariotextual.com\\\/inicio\\\/wp-content\\\/uploads\\\/2022\\\/04\\\/luciodupuy101.jpg\",\"articleSection\":[\"A - QUE PASA (al costado)\",\"SOCIEDAD\"],\"inLanguage\":\"es\"},{\"@type\":\"WebPage\",\"@id\":\"https:\\\/\\\/diariotextual.com\\\/inicio\\\/index.php\\\/2023\\\/06\\\/07\\\/sacan-dictamen-para-avanzar-con-la-adhesion-de-la-pampa-a-la-ley-lucio\\\/\",\"url\":\"https:\\\/\\\/diariotextual.com\\\/inicio\\\/index.php\\\/2023\\\/06\\\/07\\\/sacan-dictamen-para-avanzar-con-la-adhesion-de-la-pampa-a-la-ley-lucio\\\/\",\"name\":\"Sacan dictamen para avanzar con la adhesi\u00f3n de La Pampa a la Ley Lucio - Diario Textual\",\"isPartOf\":{\"@id\":\"https:\\\/\\\/diariotextual.com\\\/inicio\\\/#website\"},\"primaryImageOfPage\":{\"@id\":\"https:\\\/\\\/diariotextual.com\\\/inicio\\\/index.php\\\/2023\\\/06\\\/07\\\/sacan-dictamen-para-avanzar-con-la-adhesion-de-la-pampa-a-la-ley-lucio\\\/#primaryimage\"},\"image\":{\"@id\":\"https:\\\/\\\/diariotextual.com\\\/inicio\\\/index.php\\\/2023\\\/06\\\/07\\\/sacan-dictamen-para-avanzar-con-la-adhesion-de-la-pampa-a-la-ley-lucio\\\/#primaryimage\"},\"thumbnailUrl\":\"https:\\\/\\\/diariotextual.com\\\/inicio\\\/wp-content\\\/uploads\\\/2022\\\/04\\\/luciodupuy101.jpg\",\"datePublished\":\"2023-06-07T20:51:28+00:00\",\"dateModified\":\"2023-06-08T15:39:21+00:00\",\"breadcrumb\":{\"@id\":\"https:\\\/\\\/diariotextual.com\\\/inicio\\\/index.php\\\/2023\\\/06\\\/07\\\/sacan-dictamen-para-avanzar-con-la-adhesion-de-la-pampa-a-la-ley-lucio\\\/#breadcrumb\"},\"inLanguage\":\"es\",\"potentialAction\":[{\"@type\":\"ReadAction\",\"target\":[\"https:\\\/\\\/diariotextual.com\\\/inicio\\\/index.php\\\/2023\\\/06\\\/07\\\/sacan-dictamen-para-avanzar-con-la-adhesion-de-la-pampa-a-la-ley-lucio\\\/\"]}]},{\"@type\":\"ImageObject\",\"inLanguage\":\"es\",\"@id\":\"https:\\\/\\\/diariotextual.com\\\/inicio\\\/index.php\\\/2023\\\/06\\\/07\\\/sacan-dictamen-para-avanzar-con-la-adhesion-de-la-pampa-a-la-ley-lucio\\\/#primaryimage\",\"url\":\"https:\\\/\\\/diariotextual.com\\\/inicio\\\/wp-content\\\/uploads\\\/2022\\\/04\\\/luciodupuy101.jpg\",\"contentUrl\":\"https:\\\/\\\/diariotextual.com\\\/inicio\\\/wp-content\\\/uploads\\\/2022\\\/04\\\/luciodupuy101.jpg\",\"width\":554,\"height\":422},{\"@type\":\"BreadcrumbList\",\"@id\":\"https:\\\/\\\/diariotextual.com\\\/inicio\\\/index.php\\\/2023\\\/06\\\/07\\\/sacan-dictamen-para-avanzar-con-la-adhesion-de-la-pampa-a-la-ley-lucio\\\/#breadcrumb\",\"itemListElement\":[{\"@type\":\"ListItem\",\"position\":1,\"name\":\"Portada\",\"item\":\"https:\\\/\\\/diariotextual.com\\\/inicio\\\/\"},{\"@type\":\"ListItem\",\"position\":2,\"name\":\"Sacan dictamen para avanzar con la adhesi\u00f3n de La Pampa a la Ley Lucio\"}]},{\"@type\":\"WebSite\",\"@id\":\"https:\\\/\\\/diariotextual.com\\\/inicio\\\/#website\",\"url\":\"https:\\\/\\\/diariotextual.com\\\/inicio\\\/\",\"name\":\"Diario Textual\",\"description\":\"\",\"publisher\":{\"@id\":\"https:\\\/\\\/diariotextual.com\\\/inicio\\\/#organization\"},\"potentialAction\":[{\"@type\":\"SearchAction\",\"target\":{\"@type\":\"EntryPoint\",\"urlTemplate\":\"https:\\\/\\\/diariotextual.com\\\/inicio\\\/?s={search_term_string}\"},\"query-input\":{\"@type\":\"PropertyValueSpecification\",\"valueRequired\":true,\"valueName\":\"search_term_string\"}}],\"inLanguage\":\"es\"},{\"@type\":\"Organization\",\"@id\":\"https:\\\/\\\/diariotextual.com\\\/inicio\\\/#organization\",\"name\":\"Diario Textual\",\"url\":\"https:\\\/\\\/diariotextual.com\\\/inicio\\\/\",\"logo\":{\"@type\":\"ImageObject\",\"inLanguage\":\"es\",\"@id\":\"https:\\\/\\\/diariotextual.com\\\/inicio\\\/#\\\/schema\\\/logo\\\/image\\\/\",\"url\":\"https:\\\/\\\/diariotextual.com\\\/inicio\\\/wp-content\\\/uploads\\\/2023\\\/05\\\/logotextual1.jpg\",\"contentUrl\":\"https:\\\/\\\/diariotextual.com\\\/inicio\\\/wp-content\\\/uploads\\\/2023\\\/05\\\/logotextual1.jpg\",\"width\":516,\"height\":76,\"caption\":\"Diario Textual\"},\"image\":{\"@id\":\"https:\\\/\\\/diariotextual.com\\\/inicio\\\/#\\\/schema\\\/logo\\\/image\\\/\"},\"sameAs\":[\"https:\\\/\\\/www.facebook.com\\\/eltextual\",\"https:\\\/\\\/x.com\\\/eltextual\",\"http:\\\/\\\/www.instagram.com\\\/eltextual\"]},{\"@type\":\"Person\",\"@id\":\"https:\\\/\\\/diariotextual.com\\\/inicio\\\/#\\\/schema\\\/person\\\/418fc4093c33e86ed41562db3508f958\",\"name\":\"Diario1 Diario1\",\"image\":{\"@type\":\"ImageObject\",\"inLanguage\":\"es\",\"@id\":\"https:\\\/\\\/secure.gravatar.com\\\/avatar\\\/9167d280179c85bc18be67aa7eda765854300033af4896dd779b608640f2ef7a?s=96&d=mm&r=g\",\"url\":\"https:\\\/\\\/secure.gravatar.com\\\/avatar\\\/9167d280179c85bc18be67aa7eda765854300033af4896dd779b608640f2ef7a?s=96&d=mm&r=g\",\"contentUrl\":\"https:\\\/\\\/secure.gravatar.com\\\/avatar\\\/9167d280179c85bc18be67aa7eda765854300033af4896dd779b608640f2ef7a?s=96&d=mm&r=g\",\"caption\":\"Diario1 Diario1\"},\"url\":\"https:\\\/\\\/diariotextual.com\\\/inicio\\\/index.php\\\/author\\\/diario1\\\/\"}]}<\/script>\n<!-- \/ Yoast SEO plugin. -->","yoast_head_json":{"title":"Sacan dictamen para avanzar con la adhesi\u00f3n de La Pampa a la Ley Lucio - Diario Textual","robots":{"index":"index","follow":"follow","max-snippet":"max-snippet:-1","max-image-preview":"max-image-preview:large","max-video-preview":"max-video-preview:-1"},"canonical":"https:\/\/diariotextual.com\/inicio\/index.php\/2023\/06\/07\/sacan-dictamen-para-avanzar-con-la-adhesion-de-la-pampa-a-la-ley-lucio\/","og_locale":"es_ES","og_type":"article","og_title":"Sacan dictamen para avanzar con la adhesi\u00f3n de La Pampa a la Ley Lucio - Diario Textual","og_description":"La C\u00e1mara de Diputados de La Pampa se encamina a adherir a la llamada Ley Lucio. Durante un extenso plenario de las comisiones de Legislaci\u00f3n General, Legislaci\u00f3n Social y Hacienda,&hellip;","og_url":"https:\/\/diariotextual.com\/inicio\/index.php\/2023\/06\/07\/sacan-dictamen-para-avanzar-con-la-adhesion-de-la-pampa-a-la-ley-lucio\/","og_site_name":"Diario Textual","article_publisher":"https:\/\/www.facebook.com\/eltextual","article_published_time":"2023-06-07T20:51:28+00:00","article_modified_time":"2023-06-08T15:39:21+00:00","og_image":[{"width":554,"height":422,"url":"https:\/\/diariotextual.com\/inicio\/wp-content\/uploads\/2022\/04\/luciodupuy101.jpg","type":"image\/jpeg"}],"author":"Diario1 Diario1","twitter_card":"summary_large_image","twitter_creator":"@eltextual","twitter_site":"@eltextual","twitter_misc":{"Escrito por":"Diario1 Diario1","Tiempo de lectura":"4 minutos"},"schema":{"@context":"https:\/\/schema.org","@graph":[{"@type":"Article","@id":"https:\/\/diariotextual.com\/inicio\/index.php\/2023\/06\/07\/sacan-dictamen-para-avanzar-con-la-adhesion-de-la-pampa-a-la-ley-lucio\/#article","isPartOf":{"@id":"https:\/\/diariotextual.com\/inicio\/index.php\/2023\/06\/07\/sacan-dictamen-para-avanzar-con-la-adhesion-de-la-pampa-a-la-ley-lucio\/"},"author":{"name":"Diario1 Diario1","@id":"https:\/\/diariotextual.com\/inicio\/#\/schema\/person\/418fc4093c33e86ed41562db3508f958"},"headline":"Sacan dictamen para avanzar con la adhesi\u00f3n de La Pampa a la Ley Lucio","datePublished":"2023-06-07T20:51:28+00:00","dateModified":"2023-06-08T15:39:21+00:00","mainEntityOfPage":{"@id":"https:\/\/diariotextual.com\/inicio\/index.php\/2023\/06\/07\/sacan-dictamen-para-avanzar-con-la-adhesion-de-la-pampa-a-la-ley-lucio\/"},"wordCount":908,"publisher":{"@id":"https:\/\/diariotextual.com\/inicio\/#organization"},"image":{"@id":"https:\/\/diariotextual.com\/inicio\/index.php\/2023\/06\/07\/sacan-dictamen-para-avanzar-con-la-adhesion-de-la-pampa-a-la-ley-lucio\/#primaryimage"},"thumbnailUrl":"https:\/\/diariotextual.com\/inicio\/wp-content\/uploads\/2022\/04\/luciodupuy101.jpg","articleSection":["A - QUE PASA (al costado)","SOCIEDAD"],"inLanguage":"es"},{"@type":"WebPage","@id":"https:\/\/diariotextual.com\/inicio\/index.php\/2023\/06\/07\/sacan-dictamen-para-avanzar-con-la-adhesion-de-la-pampa-a-la-ley-lucio\/","url":"https:\/\/diariotextual.com\/inicio\/index.php\/2023\/06\/07\/sacan-dictamen-para-avanzar-con-la-adhesion-de-la-pampa-a-la-ley-lucio\/","name":"Sacan dictamen para avanzar con la adhesi\u00f3n de La Pampa a la Ley Lucio - Diario Textual","isPartOf":{"@id":"https:\/\/diariotextual.com\/inicio\/#website"},"primaryImageOfPage":{"@id":"https:\/\/diariotextual.com\/inicio\/index.php\/2023\/06\/07\/sacan-dictamen-para-avanzar-con-la-adhesion-de-la-pampa-a-la-ley-lucio\/#primaryimage"},"image":{"@id":"https:\/\/diariotextual.com\/inicio\/index.php\/2023\/06\/07\/sacan-dictamen-para-avanzar-con-la-adhesion-de-la-pampa-a-la-ley-lucio\/#primaryimage"},"thumbnailUrl":"https:\/\/diariotextual.com\/inicio\/wp-content\/uploads\/2022\/04\/luciodupuy101.jpg","datePublished":"2023-06-07T20:51:28+00:00","dateModified":"2023-06-08T15:39:21+00:00","breadcrumb":{"@id":"https:\/\/diariotextual.com\/inicio\/index.php\/2023\/06\/07\/sacan-dictamen-para-avanzar-con-la-adhesion-de-la-pampa-a-la-ley-lucio\/#breadcrumb"},"inLanguage":"es","potentialAction":[{"@type":"ReadAction","target":["https:\/\/diariotextual.com\/inicio\/index.php\/2023\/06\/07\/sacan-dictamen-para-avanzar-con-la-adhesion-de-la-pampa-a-la-ley-lucio\/"]}]},{"@type":"ImageObject","inLanguage":"es","@id":"https:\/\/diariotextual.com\/inicio\/index.php\/2023\/06\/07\/sacan-dictamen-para-avanzar-con-la-adhesion-de-la-pampa-a-la-ley-lucio\/#primaryimage","url":"https:\/\/diariotextual.com\/inicio\/wp-content\/uploads\/2022\/04\/luciodupuy101.jpg","contentUrl":"https:\/\/diariotextual.com\/inicio\/wp-content\/uploads\/2022\/04\/luciodupuy101.jpg","width":554,"height":422},{"@type":"BreadcrumbList","@id":"https:\/\/diariotextual.com\/inicio\/index.php\/2023\/06\/07\/sacan-dictamen-para-avanzar-con-la-adhesion-de-la-pampa-a-la-ley-lucio\/#breadcrumb","itemListElement":[{"@type":"ListItem","position":1,"name":"Portada","item":"https:\/\/diariotextual.com\/inicio\/"},{"@type":"ListItem","position":2,"name":"Sacan dictamen para avanzar con la adhesi\u00f3n de La Pampa a la Ley Lucio"}]},{"@type":"WebSite","@id":"https:\/\/diariotextual.com\/inicio\/#website","url":"https:\/\/diariotextual.com\/inicio\/","name":"Diario Textual","description":"","publisher":{"@id":"https:\/\/diariotextual.com\/inicio\/#organization"},"potentialAction":[{"@type":"SearchAction","target":{"@type":"EntryPoint","urlTemplate":"https:\/\/diariotextual.com\/inicio\/?s={search_term_string}"},"query-input":{"@type":"PropertyValueSpecification","valueRequired":true,"valueName":"search_term_string"}}],"inLanguage":"es"},{"@type":"Organization","@id":"https:\/\/diariotextual.com\/inicio\/#organization","name":"Diario Textual","url":"https:\/\/diariotextual.com\/inicio\/","logo":{"@type":"ImageObject","inLanguage":"es","@id":"https:\/\/diariotextual.com\/inicio\/#\/schema\/logo\/image\/","url":"https:\/\/diariotextual.com\/inicio\/wp-content\/uploads\/2023\/05\/logotextual1.jpg","contentUrl":"https:\/\/diariotextual.com\/inicio\/wp-content\/uploads\/2023\/05\/logotextual1.jpg","width":516,"height":76,"caption":"Diario Textual"},"image":{"@id":"https:\/\/diariotextual.com\/inicio\/#\/schema\/logo\/image\/"},"sameAs":["https:\/\/www.facebook.com\/eltextual","https:\/\/x.com\/eltextual","http:\/\/www.instagram.com\/eltextual"]},{"@type":"Person","@id":"https:\/\/diariotextual.com\/inicio\/#\/schema\/person\/418fc4093c33e86ed41562db3508f958","name":"Diario1 Diario1","image":{"@type":"ImageObject","inLanguage":"es","@id":"https:\/\/secure.gravatar.com\/avatar\/9167d280179c85bc18be67aa7eda765854300033af4896dd779b608640f2ef7a?s=96&d=mm&r=g","url":"https:\/\/secure.gravatar.com\/avatar\/9167d280179c85bc18be67aa7eda765854300033af4896dd779b608640f2ef7a?s=96&d=mm&r=g","contentUrl":"https:\/\/secure.gravatar.com\/avatar\/9167d280179c85bc18be67aa7eda765854300033af4896dd779b608640f2ef7a?s=96&d=mm&r=g","caption":"Diario1 Diario1"},"url":"https:\/\/diariotextual.com\/inicio\/index.php\/author\/diario1\/"}]}},"_links":{"self":[{"href":"https:\/\/diariotextual.com\/inicio\/index.php\/wp-json\/wp\/v2\/posts\/227831","targetHints":{"allow":["GET"]}}],"collection":[{"href":"https:\/\/diariotextual.com\/inicio\/index.php\/wp-json\/wp\/v2\/posts"}],"about":[{"href":"https:\/\/diariotextual.com\/inicio\/index.php\/wp-json\/wp\/v2\/types\/post"}],"author":[{"embeddable":true,"href":"https:\/\/diariotextual.com\/inicio\/index.php\/wp-json\/wp\/v2\/users\/3"}],"replies":[{"embeddable":true,"href":"https:\/\/diariotextual.com\/inicio\/index.php\/wp-json\/wp\/v2\/comments?post=227831"}],"version-history":[{"count":2,"href":"https:\/\/diariotextual.com\/inicio\/index.php\/wp-json\/wp\/v2\/posts\/227831\/revisions"}],"predecessor-version":[{"id":227834,"href":"https:\/\/diariotextual.com\/inicio\/index.php\/wp-json\/wp\/v2\/posts\/227831\/revisions\/227834"}],"wp:featuredmedia":[{"embeddable":true,"href":"https:\/\/diariotextual.com\/inicio\/index.php\/wp-json\/wp\/v2\/media\/185075"}],"wp:attachment":[{"href":"https:\/\/diariotextual.com\/inicio\/index.php\/wp-json\/wp\/v2\/media?parent=227831"}],"wp:term":[{"taxonomy":"category","embeddable":true,"href":"https:\/\/diariotextual.com\/inicio\/index.php\/wp-json\/wp\/v2\/categories?post=227831"},{"taxonomy":"post_tag","embeddable":true,"href":"https:\/\/diariotextual.com\/inicio\/index.php\/wp-json\/wp\/v2\/tags?post=227831"}],"curies":[{"name":"wp","href":"https:\/\/api.w.org\/{rel}","templated":true}]}}