{"id":227838,"date":"2023-06-07T19:43:25","date_gmt":"2023-06-07T22:43:25","guid":{"rendered":"https:\/\/diariotextual.com\/inicio\/?p=227838"},"modified":"2023-06-07T19:43:27","modified_gmt":"2023-06-07T22:43:27","slug":"el-periodismo-local-es-un-pilar-fundamental-para-llegar-con-informacion-de-calidad","status":"publish","type":"post","link":"https:\/\/diariotextual.com\/inicio\/index.php\/2023\/06\/07\/el-periodismo-local-es-un-pilar-fundamental-para-llegar-con-informacion-de-calidad\/","title":{"rendered":"\u201cEl periodismo local es un pilar fundamental para llegar con informaci\u00f3n de calidad\u201d"},"content":{"rendered":"\n<p>Autoridades del concejo deliberante de General Pico agradecieron a los trabajadores de prensa de esa ciudad por su trabajo cotidiano, en el d\u00eda que se celebra el D\u00eda del Periodista en nuestro pa\u00eds, en homenaje a la primera publicaci\u00f3n de La Gazeta de Buenos Aires.<\/p>\n\n\n\n<p><strong>Daniel L\u00f3pez, presidente del concejo<\/strong>, estuvo acompa\u00f1ado por concejales y concejalas de distintos bloques y agradeci\u00f3 la presencia de las y los periodistas: \u201cNo solo por haberse tomado un momento en su d\u00eda para compartir este encuentro, sino <strong>por el acompa\u00f1amiento diario en el tratamiento y difusi\u00f3n de la informaci\u00f3n en vinculaci\u00f3n con el concejo deliberante<\/strong>\u201d.<\/p>\n\n\n\n<p>\u201c<strong>Destacamos el periodismo local porque es un pilar fundamental para llegar con informaci\u00f3n de calidad a la comunidad<\/strong>.\u00a0 Siempre ha acompa\u00f1ado las distintas actividades legislativas, con compromiso, con dedicaci\u00f3n, es destacable la responsabilidad a la hora de informar. Este trabajo es el que d\u00eda a d\u00eda fortalece a la democracia, estos 40 a\u00f1os de democracia, donde juega un papel fundamental el conocimiento y la informaci\u00f3n que se brinda. Tenemos medios muy s\u00f3lidos y reconocibles en la ciudad que se caracterizan por la pluralidad de voces y la libertad de expresi\u00f3n y eso es de un gran valor\u201d, expres\u00f3 el titular del CD piquense.<\/p>\n\n\n\n<p>Y agreg\u00f3: \u201c<strong>Nos dan la posibilidad de estar cerca de los vecinos y vecinas, de contarles los proyectos<\/strong> y las actividades que desarrollamos. Hemos podido consolidar, junto al equipo de comunicaciones interno, una relaci\u00f3n laboral importante y de mucho respeto y reciprocidad\u201d.<\/p>\n\n\n\n<p>Finalmente, el vice intendente cont\u00f3: \u201c<strong>Ser una instituci\u00f3n de puertas abiertas, con la transparencia como eje, fue uno de los objetivos de esta gesti\u00f3n<\/strong> y hoy haciendo un balance con los y las trabajadoras de la prensa creo que aportamos a que esto se garantice. Con gusto hemos sido receptivos en cada bloque para que puedan acercarse, consultar, preguntar, investigar sobre distintos temas, tener mayor conocimiento de cada uno de los expedientes y cada cosa que se realiza y en este concejo deliberante, ha sido uno de los sectores que mayor contacto y que hemos podido trabajar conjuntamente y bien durante estos 3 a\u00f1os y medio de gesti\u00f3n\u201d.<\/p>\n","protected":false},"excerpt":{"rendered":"<p>Autoridades del concejo deliberante de General Pico agradecieron a los trabajadores de prensa de esa ciudad por su trabajo cotidiano, en el d\u00eda que se celebra el D\u00eda del Periodista&hellip;<\/p>\n","protected":false},"author":5,"featured_media":227839,"comment_status":"closed","ping_status":"open","sticky":false,"template":"","format":"standard","meta":{"_acf_changed":false,"footnotes":""},"categories":[1,12],"tags":[7564],"class_list":["post-227838","post","type-post","status-publish","format-standard","has-post-thumbnail","hentry","category-es-noticia","category-sociedad","tag-dia-del-periodista"],"acf":[],"yoast_head":"<!-- This site is optimized with the Yoast SEO plugin v27.5 - https:\/\/yoast.com\/product\/yoast-seo-wordpress\/ -->\n<title>\u201cEl periodismo local es un pilar fundamental para llegar con informaci\u00f3n de calidad\u201d - Diario Textual<\/title>\n<meta name=\"robots\" content=\"index, follow, max-snippet:-1, max-image-preview:large, max-video-preview:-1\" \/>\n<link rel=\"canonical\" href=\"https:\/\/diariotextual.com\/inicio\/index.php\/2023\/06\/07\/el-periodismo-local-es-un-pilar-fundamental-para-llegar-con-informacion-de-calidad\/\" \/>\n<meta property=\"og:locale\" content=\"es_ES\" \/>\n<meta property=\"og:type\" content=\"article\" \/>\n<meta property=\"og:title\" content=\"\u201cEl periodismo local es un pilar fundamental para llegar con informaci\u00f3n de calidad\u201d - Diario Textual\" \/>\n<meta property=\"og:description\" content=\"Autoridades del concejo deliberante de General Pico agradecieron a los trabajadores de prensa de esa ciudad por su trabajo cotidiano, en el d\u00eda que se celebra el D\u00eda del Periodista&hellip;\" \/>\n<meta property=\"og:url\" content=\"https:\/\/diariotextual.com\/inicio\/index.php\/2023\/06\/07\/el-periodismo-local-es-un-pilar-fundamental-para-llegar-con-informacion-de-calidad\/\" \/>\n<meta property=\"og:site_name\" content=\"Diario Textual\" \/>\n<meta property=\"article:publisher\" content=\"https:\/\/www.facebook.com\/eltextual\" \/>\n<meta property=\"article:published_time\" content=\"2023-06-07T22:43:25+00:00\" \/>\n<meta property=\"article:modified_time\" content=\"2023-06-07T22:43:27+00:00\" \/>\n<meta property=\"og:image\" content=\"https:\/\/diariotextual.com\/inicio\/wp-content\/uploads\/2023\/06\/periodistasCDPico.jpg\" \/>\n\t<meta property=\"og:image:width\" content=\"900\" \/>\n\t<meta property=\"og:image:height\" content=\"496\" \/>\n\t<meta property=\"og:image:type\" content=\"image\/jpeg\" \/>\n<meta name=\"author\" content=\"diario3\" \/>\n<meta name=\"twitter:card\" content=\"summary_large_image\" \/>\n<meta name=\"twitter:creator\" content=\"@eltextual\" \/>\n<meta name=\"twitter:site\" content=\"@eltextual\" \/>\n<meta name=\"twitter:label1\" content=\"Escrito por\" \/>\n\t<meta name=\"twitter:data1\" content=\"diario3\" \/>\n\t<meta name=\"twitter:label2\" content=\"Tiempo de lectura\" \/>\n\t<meta name=\"twitter:data2\" content=\"2 minutos\" \/>\n<script type=\"application\/ld+json\" class=\"yoast-schema-graph\">{\"@context\":\"https:\\\/\\\/schema.org\",\"@graph\":[{\"@type\":\"Article\",\"@id\":\"https:\\\/\\\/diariotextual.com\\\/inicio\\\/index.php\\\/2023\\\/06\\\/07\\\/el-periodismo-local-es-un-pilar-fundamental-para-llegar-con-informacion-de-calidad\\\/#article\",\"isPartOf\":{\"@id\":\"https:\\\/\\\/diariotextual.com\\\/inicio\\\/index.php\\\/2023\\\/06\\\/07\\\/el-periodismo-local-es-un-pilar-fundamental-para-llegar-con-informacion-de-calidad\\\/\"},\"author\":{\"name\":\"diario3\",\"@id\":\"https:\\\/\\\/diariotextual.com\\\/inicio\\\/#\\\/schema\\\/person\\\/a1b6f563e0ee944c60f98119389a4d9f\"},\"headline\":\"\u201cEl periodismo local es un pilar fundamental para llegar con informaci\u00f3n de calidad\u201d\",\"datePublished\":\"2023-06-07T22:43:25+00:00\",\"dateModified\":\"2023-06-07T22:43:27+00:00\",\"mainEntityOfPage\":{\"@id\":\"https:\\\/\\\/diariotextual.com\\\/inicio\\\/index.php\\\/2023\\\/06\\\/07\\\/el-periodismo-local-es-un-pilar-fundamental-para-llegar-con-informacion-de-calidad\\\/\"},\"wordCount\":391,\"publisher\":{\"@id\":\"https:\\\/\\\/diariotextual.com\\\/inicio\\\/#organization\"},\"image\":{\"@id\":\"https:\\\/\\\/diariotextual.com\\\/inicio\\\/index.php\\\/2023\\\/06\\\/07\\\/el-periodismo-local-es-un-pilar-fundamental-para-llegar-con-informacion-de-calidad\\\/#primaryimage\"},\"thumbnailUrl\":\"https:\\\/\\\/diariotextual.com\\\/inicio\\\/wp-content\\\/uploads\\\/2023\\\/06\\\/periodistasCDPico.jpg\",\"keywords\":[\"dia del periodista\"],\"articleSection\":[\"A - ES NOTICIA (van abajo)\",\"SOCIEDAD\"],\"inLanguage\":\"es\"},{\"@type\":\"WebPage\",\"@id\":\"https:\\\/\\\/diariotextual.com\\\/inicio\\\/index.php\\\/2023\\\/06\\\/07\\\/el-periodismo-local-es-un-pilar-fundamental-para-llegar-con-informacion-de-calidad\\\/\",\"url\":\"https:\\\/\\\/diariotextual.com\\\/inicio\\\/index.php\\\/2023\\\/06\\\/07\\\/el-periodismo-local-es-un-pilar-fundamental-para-llegar-con-informacion-de-calidad\\\/\",\"name\":\"\u201cEl periodismo local es un pilar fundamental para llegar con informaci\u00f3n de calidad\u201d - Diario Textual\",\"isPartOf\":{\"@id\":\"https:\\\/\\\/diariotextual.com\\\/inicio\\\/#website\"},\"primaryImageOfPage\":{\"@id\":\"https:\\\/\\\/diariotextual.com\\\/inicio\\\/index.php\\\/2023\\\/06\\\/07\\\/el-periodismo-local-es-un-pilar-fundamental-para-llegar-con-informacion-de-calidad\\\/#primaryimage\"},\"image\":{\"@id\":\"https:\\\/\\\/diariotextual.com\\\/inicio\\\/index.php\\\/2023\\\/06\\\/07\\\/el-periodismo-local-es-un-pilar-fundamental-para-llegar-con-informacion-de-calidad\\\/#primaryimage\"},\"thumbnailUrl\":\"https:\\\/\\\/diariotextual.com\\\/inicio\\\/wp-content\\\/uploads\\\/2023\\\/06\\\/periodistasCDPico.jpg\",\"datePublished\":\"2023-06-07T22:43:25+00:00\",\"dateModified\":\"2023-06-07T22:43:27+00:00\",\"breadcrumb\":{\"@id\":\"https:\\\/\\\/diariotextual.com\\\/inicio\\\/index.php\\\/2023\\\/06\\\/07\\\/el-periodismo-local-es-un-pilar-fundamental-para-llegar-con-informacion-de-calidad\\\/#breadcrumb\"},\"inLanguage\":\"es\",\"potentialAction\":[{\"@type\":\"ReadAction\",\"target\":[\"https:\\\/\\\/diariotextual.com\\\/inicio\\\/index.php\\\/2023\\\/06\\\/07\\\/el-periodismo-local-es-un-pilar-fundamental-para-llegar-con-informacion-de-calidad\\\/\"]}]},{\"@type\":\"ImageObject\",\"inLanguage\":\"es\",\"@id\":\"https:\\\/\\\/diariotextual.com\\\/inicio\\\/index.php\\\/2023\\\/06\\\/07\\\/el-periodismo-local-es-un-pilar-fundamental-para-llegar-con-informacion-de-calidad\\\/#primaryimage\",\"url\":\"https:\\\/\\\/diariotextual.com\\\/inicio\\\/wp-content\\\/uploads\\\/2023\\\/06\\\/periodistasCDPico.jpg\",\"contentUrl\":\"https:\\\/\\\/diariotextual.com\\\/inicio\\\/wp-content\\\/uploads\\\/2023\\\/06\\\/periodistasCDPico.jpg\",\"width\":900,\"height\":496},{\"@type\":\"BreadcrumbList\",\"@id\":\"https:\\\/\\\/diariotextual.com\\\/inicio\\\/index.php\\\/2023\\\/06\\\/07\\\/el-periodismo-local-es-un-pilar-fundamental-para-llegar-con-informacion-de-calidad\\\/#breadcrumb\",\"itemListElement\":[{\"@type\":\"ListItem\",\"position\":1,\"name\":\"Portada\",\"item\":\"https:\\\/\\\/diariotextual.com\\\/inicio\\\/\"},{\"@type\":\"ListItem\",\"position\":2,\"name\":\"\u201cEl periodismo local es un pilar fundamental para llegar con informaci\u00f3n de calidad\u201d\"}]},{\"@type\":\"WebSite\",\"@id\":\"https:\\\/\\\/diariotextual.com\\\/inicio\\\/#website\",\"url\":\"https:\\\/\\\/diariotextual.com\\\/inicio\\\/\",\"name\":\"Diario Textual\",\"description\":\"\",\"publisher\":{\"@id\":\"https:\\\/\\\/diariotextual.com\\\/inicio\\\/#organization\"},\"potentialAction\":[{\"@type\":\"SearchAction\",\"target\":{\"@type\":\"EntryPoint\",\"urlTemplate\":\"https:\\\/\\\/diariotextual.com\\\/inicio\\\/?s={search_term_string}\"},\"query-input\":{\"@type\":\"PropertyValueSpecification\",\"valueRequired\":true,\"valueName\":\"search_term_string\"}}],\"inLanguage\":\"es\"},{\"@type\":\"Organization\",\"@id\":\"https:\\\/\\\/diariotextual.com\\\/inicio\\\/#organization\",\"name\":\"Diario Textual\",\"url\":\"https:\\\/\\\/diariotextual.com\\\/inicio\\\/\",\"logo\":{\"@type\":\"ImageObject\",\"inLanguage\":\"es\",\"@id\":\"https:\\\/\\\/diariotextual.com\\\/inicio\\\/#\\\/schema\\\/logo\\\/image\\\/\",\"url\":\"https:\\\/\\\/diariotextual.com\\\/inicio\\\/wp-content\\\/uploads\\\/2023\\\/05\\\/logotextual1.jpg\",\"contentUrl\":\"https:\\\/\\\/diariotextual.com\\\/inicio\\\/wp-content\\\/uploads\\\/2023\\\/05\\\/logotextual1.jpg\",\"width\":516,\"height\":76,\"caption\":\"Diario Textual\"},\"image\":{\"@id\":\"https:\\\/\\\/diariotextual.com\\\/inicio\\\/#\\\/schema\\\/logo\\\/image\\\/\"},\"sameAs\":[\"https:\\\/\\\/www.facebook.com\\\/eltextual\",\"https:\\\/\\\/x.com\\\/eltextual\",\"http:\\\/\\\/www.instagram.com\\\/eltextual\"]},{\"@type\":\"Person\",\"@id\":\"https:\\\/\\\/diariotextual.com\\\/inicio\\\/#\\\/schema\\\/person\\\/a1b6f563e0ee944c60f98119389a4d9f\",\"name\":\"diario3\",\"image\":{\"@type\":\"ImageObject\",\"inLanguage\":\"es\",\"@id\":\"https:\\\/\\\/secure.gravatar.com\\\/avatar\\\/5e7ee62c82fc04d9dd79d746a390d93c69c43223e5faeeb3ea9461ef752bfc5d?s=96&d=mm&r=g\",\"url\":\"https:\\\/\\\/secure.gravatar.com\\\/avatar\\\/5e7ee62c82fc04d9dd79d746a390d93c69c43223e5faeeb3ea9461ef752bfc5d?s=96&d=mm&r=g\",\"contentUrl\":\"https:\\\/\\\/secure.gravatar.com\\\/avatar\\\/5e7ee62c82fc04d9dd79d746a390d93c69c43223e5faeeb3ea9461ef752bfc5d?s=96&d=mm&r=g\",\"caption\":\"diario3\"},\"url\":\"https:\\\/\\\/diariotextual.com\\\/inicio\\\/index.php\\\/author\\\/diario3\\\/\"}]}<\/script>\n<!-- \/ Yoast SEO plugin. -->","yoast_head_json":{"title":"\u201cEl periodismo local es un pilar fundamental para llegar con informaci\u00f3n de calidad\u201d - Diario Textual","robots":{"index":"index","follow":"follow","max-snippet":"max-snippet:-1","max-image-preview":"max-image-preview:large","max-video-preview":"max-video-preview:-1"},"canonical":"https:\/\/diariotextual.com\/inicio\/index.php\/2023\/06\/07\/el-periodismo-local-es-un-pilar-fundamental-para-llegar-con-informacion-de-calidad\/","og_locale":"es_ES","og_type":"article","og_title":"\u201cEl periodismo local es un pilar fundamental para llegar con informaci\u00f3n de calidad\u201d - Diario Textual","og_description":"Autoridades del concejo deliberante de General Pico agradecieron a los trabajadores de prensa de esa ciudad por su trabajo cotidiano, en el d\u00eda que se celebra el D\u00eda del Periodista&hellip;","og_url":"https:\/\/diariotextual.com\/inicio\/index.php\/2023\/06\/07\/el-periodismo-local-es-un-pilar-fundamental-para-llegar-con-informacion-de-calidad\/","og_site_name":"Diario Textual","article_publisher":"https:\/\/www.facebook.com\/eltextual","article_published_time":"2023-06-07T22:43:25+00:00","article_modified_time":"2023-06-07T22:43:27+00:00","og_image":[{"width":900,"height":496,"url":"https:\/\/diariotextual.com\/inicio\/wp-content\/uploads\/2023\/06\/periodistasCDPico.jpg","type":"image\/jpeg"}],"author":"diario3","twitter_card":"summary_large_image","twitter_creator":"@eltextual","twitter_site":"@eltextual","twitter_misc":{"Escrito por":"diario3","Tiempo de lectura":"2 minutos"},"schema":{"@context":"https:\/\/schema.org","@graph":[{"@type":"Article","@id":"https:\/\/diariotextual.com\/inicio\/index.php\/2023\/06\/07\/el-periodismo-local-es-un-pilar-fundamental-para-llegar-con-informacion-de-calidad\/#article","isPartOf":{"@id":"https:\/\/diariotextual.com\/inicio\/index.php\/2023\/06\/07\/el-periodismo-local-es-un-pilar-fundamental-para-llegar-con-informacion-de-calidad\/"},"author":{"name":"diario3","@id":"https:\/\/diariotextual.com\/inicio\/#\/schema\/person\/a1b6f563e0ee944c60f98119389a4d9f"},"headline":"\u201cEl periodismo local es un pilar fundamental para llegar con informaci\u00f3n de calidad\u201d","datePublished":"2023-06-07T22:43:25+00:00","dateModified":"2023-06-07T22:43:27+00:00","mainEntityOfPage":{"@id":"https:\/\/diariotextual.com\/inicio\/index.php\/2023\/06\/07\/el-periodismo-local-es-un-pilar-fundamental-para-llegar-con-informacion-de-calidad\/"},"wordCount":391,"publisher":{"@id":"https:\/\/diariotextual.com\/inicio\/#organization"},"image":{"@id":"https:\/\/diariotextual.com\/inicio\/index.php\/2023\/06\/07\/el-periodismo-local-es-un-pilar-fundamental-para-llegar-con-informacion-de-calidad\/#primaryimage"},"thumbnailUrl":"https:\/\/diariotextual.com\/inicio\/wp-content\/uploads\/2023\/06\/periodistasCDPico.jpg","keywords":["dia del periodista"],"articleSection":["A - ES NOTICIA (van abajo)","SOCIEDAD"],"inLanguage":"es"},{"@type":"WebPage","@id":"https:\/\/diariotextual.com\/inicio\/index.php\/2023\/06\/07\/el-periodismo-local-es-un-pilar-fundamental-para-llegar-con-informacion-de-calidad\/","url":"https:\/\/diariotextual.com\/inicio\/index.php\/2023\/06\/07\/el-periodismo-local-es-un-pilar-fundamental-para-llegar-con-informacion-de-calidad\/","name":"\u201cEl periodismo local es un pilar fundamental para llegar con informaci\u00f3n de calidad\u201d - Diario Textual","isPartOf":{"@id":"https:\/\/diariotextual.com\/inicio\/#website"},"primaryImageOfPage":{"@id":"https:\/\/diariotextual.com\/inicio\/index.php\/2023\/06\/07\/el-periodismo-local-es-un-pilar-fundamental-para-llegar-con-informacion-de-calidad\/#primaryimage"},"image":{"@id":"https:\/\/diariotextual.com\/inicio\/index.php\/2023\/06\/07\/el-periodismo-local-es-un-pilar-fundamental-para-llegar-con-informacion-de-calidad\/#primaryimage"},"thumbnailUrl":"https:\/\/diariotextual.com\/inicio\/wp-content\/uploads\/2023\/06\/periodistasCDPico.jpg","datePublished":"2023-06-07T22:43:25+00:00","dateModified":"2023-06-07T22:43:27+00:00","breadcrumb":{"@id":"https:\/\/diariotextual.com\/inicio\/index.php\/2023\/06\/07\/el-periodismo-local-es-un-pilar-fundamental-para-llegar-con-informacion-de-calidad\/#breadcrumb"},"inLanguage":"es","potentialAction":[{"@type":"ReadAction","target":["https:\/\/diariotextual.com\/inicio\/index.php\/2023\/06\/07\/el-periodismo-local-es-un-pilar-fundamental-para-llegar-con-informacion-de-calidad\/"]}]},{"@type":"ImageObject","inLanguage":"es","@id":"https:\/\/diariotextual.com\/inicio\/index.php\/2023\/06\/07\/el-periodismo-local-es-un-pilar-fundamental-para-llegar-con-informacion-de-calidad\/#primaryimage","url":"https:\/\/diariotextual.com\/inicio\/wp-content\/uploads\/2023\/06\/periodistasCDPico.jpg","contentUrl":"https:\/\/diariotextual.com\/inicio\/wp-content\/uploads\/2023\/06\/periodistasCDPico.jpg","width":900,"height":496},{"@type":"BreadcrumbList","@id":"https:\/\/diariotextual.com\/inicio\/index.php\/2023\/06\/07\/el-periodismo-local-es-un-pilar-fundamental-para-llegar-con-informacion-de-calidad\/#breadcrumb","itemListElement":[{"@type":"ListItem","position":1,"name":"Portada","item":"https:\/\/diariotextual.com\/inicio\/"},{"@type":"ListItem","position":2,"name":"\u201cEl periodismo local es un pilar fundamental para llegar con informaci\u00f3n de calidad\u201d"}]},{"@type":"WebSite","@id":"https:\/\/diariotextual.com\/inicio\/#website","url":"https:\/\/diariotextual.com\/inicio\/","name":"Diario Textual","description":"","publisher":{"@id":"https:\/\/diariotextual.com\/inicio\/#organization"},"potentialAction":[{"@type":"SearchAction","target":{"@type":"EntryPoint","urlTemplate":"https:\/\/diariotextual.com\/inicio\/?s={search_term_string}"},"query-input":{"@type":"PropertyValueSpecification","valueRequired":true,"valueName":"search_term_string"}}],"inLanguage":"es"},{"@type":"Organization","@id":"https:\/\/diariotextual.com\/inicio\/#organization","name":"Diario Textual","url":"https:\/\/diariotextual.com\/inicio\/","logo":{"@type":"ImageObject","inLanguage":"es","@id":"https:\/\/diariotextual.com\/inicio\/#\/schema\/logo\/image\/","url":"https:\/\/diariotextual.com\/inicio\/wp-content\/uploads\/2023\/05\/logotextual1.jpg","contentUrl":"https:\/\/diariotextual.com\/inicio\/wp-content\/uploads\/2023\/05\/logotextual1.jpg","width":516,"height":76,"caption":"Diario Textual"},"image":{"@id":"https:\/\/diariotextual.com\/inicio\/#\/schema\/logo\/image\/"},"sameAs":["https:\/\/www.facebook.com\/eltextual","https:\/\/x.com\/eltextual","http:\/\/www.instagram.com\/eltextual"]},{"@type":"Person","@id":"https:\/\/diariotextual.com\/inicio\/#\/schema\/person\/a1b6f563e0ee944c60f98119389a4d9f","name":"diario3","image":{"@type":"ImageObject","inLanguage":"es","@id":"https:\/\/secure.gravatar.com\/avatar\/5e7ee62c82fc04d9dd79d746a390d93c69c43223e5faeeb3ea9461ef752bfc5d?s=96&d=mm&r=g","url":"https:\/\/secure.gravatar.com\/avatar\/5e7ee62c82fc04d9dd79d746a390d93c69c43223e5faeeb3ea9461ef752bfc5d?s=96&d=mm&r=g","contentUrl":"https:\/\/secure.gravatar.com\/avatar\/5e7ee62c82fc04d9dd79d746a390d93c69c43223e5faeeb3ea9461ef752bfc5d?s=96&d=mm&r=g","caption":"diario3"},"url":"https:\/\/diariotextual.com\/inicio\/index.php\/author\/diario3\/"}]}},"_links":{"self":[{"href":"https:\/\/diariotextual.com\/inicio\/index.php\/wp-json\/wp\/v2\/posts\/227838","targetHints":{"allow":["GET"]}}],"collection":[{"href":"https:\/\/diariotextual.com\/inicio\/index.php\/wp-json\/wp\/v2\/posts"}],"about":[{"href":"https:\/\/diariotextual.com\/inicio\/index.php\/wp-json\/wp\/v2\/types\/post"}],"author":[{"embeddable":true,"href":"https:\/\/diariotextual.com\/inicio\/index.php\/wp-json\/wp\/v2\/users\/5"}],"replies":[{"embeddable":true,"href":"https:\/\/diariotextual.com\/inicio\/index.php\/wp-json\/wp\/v2\/comments?post=227838"}],"version-history":[{"count":1,"href":"https:\/\/diariotextual.com\/inicio\/index.php\/wp-json\/wp\/v2\/posts\/227838\/revisions"}],"predecessor-version":[{"id":227840,"href":"https:\/\/diariotextual.com\/inicio\/index.php\/wp-json\/wp\/v2\/posts\/227838\/revisions\/227840"}],"wp:featuredmedia":[{"embeddable":true,"href":"https:\/\/diariotextual.com\/inicio\/index.php\/wp-json\/wp\/v2\/media\/227839"}],"wp:attachment":[{"href":"https:\/\/diariotextual.com\/inicio\/index.php\/wp-json\/wp\/v2\/media?parent=227838"}],"wp:term":[{"taxonomy":"category","embeddable":true,"href":"https:\/\/diariotextual.com\/inicio\/index.php\/wp-json\/wp\/v2\/categories?post=227838"},{"taxonomy":"post_tag","embeddable":true,"href":"https:\/\/diariotextual.com\/inicio\/index.php\/wp-json\/wp\/v2\/tags?post=227838"}],"curies":[{"name":"wp","href":"https:\/\/api.w.org\/{rel}","templated":true}]}}