{"id":227893,"date":"2023-06-08T10:44:50","date_gmt":"2023-06-08T13:44:50","guid":{"rendered":"https:\/\/diariotextual.com\/inicio\/?p=227893"},"modified":"2023-06-08T10:44:53","modified_gmt":"2023-06-08T13:44:53","slug":"se-presenta-en-attp-la-obra-de-familias-que-son-asi-relatos-animados-para-las-infancias","status":"publish","type":"post","link":"https:\/\/diariotextual.com\/inicio\/index.php\/2023\/06\/08\/se-presenta-en-attp-la-obra-de-familias-que-son-asi-relatos-animados-para-las-infancias\/","title":{"rendered":"Se presenta en ATTP la obra \u201cDe familias que son as\u00ed\u201d, relatos animados para las infancias"},"content":{"rendered":"\n<p>El grupo Ulularia Teatro, de C\u00f3rdoba, est\u00e1 de gira con su obra <strong>\u201cDe familias que son as\u00ed\u201d, relatos animados para las infancias, y en\u00a0este recorrido llegar\u00e1 a Santa Rosa <\/strong>para presentarse en la sala de teatro ATTP, en Bolivia y Jos\u00e9 Luro, el d\u00eda s\u00e1bado 10 de junio a las 17 horas.<\/p>\n\n\n\n<p>En \u201cDe familias que son as\u00ed\u201d se cuentan historias de familias que son as\u00ed. Como la que un d\u00eda quisieron formar Chacho y Ciro, dos ping\u00fcinos que se conoc\u00edan desde pichones. Ellos quisieron construir un nido, pero les faltaba el huevo\u2026 Como las de In\u00e9s que vive unos d\u00edas con su pap\u00e1 y otros d\u00edas con su mam\u00e1, su hermana, su hermano y el novio de su mam\u00e1. In\u00e9s quiere que alg\u00fan d\u00eda se junten sus dos familias, pero esto no es nada f\u00e1cil. Como la familia de Renata que vive en un barrio, con sus siete hermanes y su mam\u00e1 que es viuda. Renata quiere ser hija \u00fanica como su amiga Adriana. Como eso no es posible, prueba con ser nieta \u00fanica, pero no todo sale como esperaba.<\/p>\n\n\n\n<p>Esta obra gan\u00f3 el Premio Fondo Est\u00edmulo a la Producci\u00f3n Infantil de la Subsecretar\u00eda de cultura de la Municipalidad de C\u00f3rdoba. La gira cuenta con el apoyo del Instituto Nacional del Teatro.<\/p>\n\n\n\n<p>El valor de la entrada es de $1000 y las reservas pueden hacerse al 02594 623869.<\/p>\n\n\n\n<p>Ficha art\u00edstica:<\/p>\n\n\n\n<p>Animaci\u00f3n-Narraci\u00f3n: Marcela Albrieu, Mar\u00eda Laura Gallo y Lucho Luj\u00e1n.<\/p>\n\n\n\n<p>Operaci\u00f3n t\u00e9cnica y m\u00fasica en vivo: Rodrigo Gagliardino.<\/p>\n\n\n\n<p>Dise\u00f1o y realizaci\u00f3n pl\u00e1stico visual: P\u00eda Lozada.<\/p>\n\n\n\n<p>Dise\u00f1o sonoro y composici\u00f3n musical: Cruz Zorrilla y Camila Pi\u00f1ero Gallo.<\/p>\n\n\n\n<p>Realizaci\u00f3n de dispositivo esc\u00e9nico: Lucho Luj\u00e1n.<\/p>\n\n\n\n<p>Dise\u00f1o y realizaci\u00f3n de vestuario: Ulularia Teatro.<\/p>\n\n\n\n<p>Asistencia coreogr\u00e1fica: Sof\u00eda Pi\u00f1ero Gallo.<\/p>\n\n\n\n<p>Fotograf\u00eda: Santiago Rocchietti.<\/p>\n\n\n\n<p>Dramaturgia: Marcela Albrieu, Mar\u00eda Laura Gallo y Lucho Luj\u00e1n.<\/p>\n\n\n\n<p>Direcci\u00f3n: Carlos Pi\u00f1ero.<\/p>\n\n\n\n<p>Producci\u00f3n: Ulularia Teatro<\/p>\n","protected":false},"excerpt":{"rendered":"<p>El grupo Ulularia Teatro, de C\u00f3rdoba, est\u00e1 de gira con su obra \u201cDe familias que son as\u00ed\u201d, relatos animados para las infancias, y en\u00a0este recorrido llegar\u00e1 a Santa Rosa para&hellip;<\/p>\n","protected":false},"author":4,"featured_media":227897,"comment_status":"closed","ping_status":"open","sticky":false,"template":"","format":"standard","meta":{"_acf_changed":false,"footnotes":""},"categories":[1,2],"tags":[],"class_list":["post-227893","post","type-post","status-publish","format-standard","has-post-thumbnail","hentry","category-es-noticia","category-cultura"],"acf":[],"yoast_head":"<!-- This site is optimized with the Yoast SEO plugin v27.5 - https:\/\/yoast.com\/product\/yoast-seo-wordpress\/ -->\n<title>Se presenta en ATTP la obra \u201cDe familias que son as\u00ed\u201d, relatos animados para las infancias - Diario Textual<\/title>\n<meta name=\"robots\" content=\"index, follow, max-snippet:-1, max-image-preview:large, max-video-preview:-1\" \/>\n<link rel=\"canonical\" href=\"https:\/\/diariotextual.com\/inicio\/index.php\/2023\/06\/08\/se-presenta-en-attp-la-obra-de-familias-que-son-asi-relatos-animados-para-las-infancias\/\" \/>\n<meta property=\"og:locale\" content=\"es_ES\" \/>\n<meta property=\"og:type\" content=\"article\" \/>\n<meta property=\"og:title\" content=\"Se presenta en ATTP la obra \u201cDe familias que son as\u00ed\u201d, relatos animados para las infancias - Diario Textual\" \/>\n<meta property=\"og:description\" content=\"El grupo Ulularia Teatro, de C\u00f3rdoba, est\u00e1 de gira con su obra \u201cDe familias que son as\u00ed\u201d, relatos animados para las infancias, y en\u00a0este recorrido llegar\u00e1 a Santa Rosa para&hellip;\" \/>\n<meta property=\"og:url\" content=\"https:\/\/diariotextual.com\/inicio\/index.php\/2023\/06\/08\/se-presenta-en-attp-la-obra-de-familias-que-son-asi-relatos-animados-para-las-infancias\/\" \/>\n<meta property=\"og:site_name\" content=\"Diario Textual\" \/>\n<meta property=\"article:publisher\" content=\"https:\/\/www.facebook.com\/eltextual\" \/>\n<meta property=\"article:published_time\" content=\"2023-06-08T13:44:50+00:00\" \/>\n<meta property=\"article:modified_time\" content=\"2023-06-08T13:44:53+00:00\" \/>\n<meta property=\"og:image\" content=\"https:\/\/diariotextual.com\/inicio\/wp-content\/uploads\/2023\/06\/ululariateatro54234.jpg\" \/>\n\t<meta property=\"og:image:width\" content=\"526\" \/>\n\t<meta property=\"og:image:height\" content=\"351\" \/>\n\t<meta property=\"og:image:type\" content=\"image\/jpeg\" \/>\n<meta name=\"author\" content=\"diario2\" \/>\n<meta name=\"twitter:card\" content=\"summary_large_image\" \/>\n<meta name=\"twitter:creator\" content=\"@eltextual\" \/>\n<meta name=\"twitter:site\" content=\"@eltextual\" \/>\n<meta name=\"twitter:label1\" content=\"Escrito por\" \/>\n\t<meta name=\"twitter:data1\" content=\"diario2\" \/>\n\t<meta name=\"twitter:label2\" content=\"Tiempo de lectura\" \/>\n\t<meta name=\"twitter:data2\" content=\"2 minutos\" \/>\n<script type=\"application\/ld+json\" class=\"yoast-schema-graph\">{\"@context\":\"https:\\\/\\\/schema.org\",\"@graph\":[{\"@type\":\"Article\",\"@id\":\"https:\\\/\\\/diariotextual.com\\\/inicio\\\/index.php\\\/2023\\\/06\\\/08\\\/se-presenta-en-attp-la-obra-de-familias-que-son-asi-relatos-animados-para-las-infancias\\\/#article\",\"isPartOf\":{\"@id\":\"https:\\\/\\\/diariotextual.com\\\/inicio\\\/index.php\\\/2023\\\/06\\\/08\\\/se-presenta-en-attp-la-obra-de-familias-que-son-asi-relatos-animados-para-las-infancias\\\/\"},\"author\":{\"name\":\"diario2\",\"@id\":\"https:\\\/\\\/diariotextual.com\\\/inicio\\\/#\\\/schema\\\/person\\\/694f60677f23c4a530867a98f22b3768\"},\"headline\":\"Se presenta en ATTP la obra \u201cDe familias que son as\u00ed\u201d, relatos animados para las infancias\",\"datePublished\":\"2023-06-08T13:44:50+00:00\",\"dateModified\":\"2023-06-08T13:44:53+00:00\",\"mainEntityOfPage\":{\"@id\":\"https:\\\/\\\/diariotextual.com\\\/inicio\\\/index.php\\\/2023\\\/06\\\/08\\\/se-presenta-en-attp-la-obra-de-familias-que-son-asi-relatos-animados-para-las-infancias\\\/\"},\"wordCount\":360,\"publisher\":{\"@id\":\"https:\\\/\\\/diariotextual.com\\\/inicio\\\/#organization\"},\"image\":{\"@id\":\"https:\\\/\\\/diariotextual.com\\\/inicio\\\/index.php\\\/2023\\\/06\\\/08\\\/se-presenta-en-attp-la-obra-de-familias-que-son-asi-relatos-animados-para-las-infancias\\\/#primaryimage\"},\"thumbnailUrl\":\"https:\\\/\\\/diariotextual.com\\\/inicio\\\/wp-content\\\/uploads\\\/2023\\\/06\\\/ululariateatro54234.jpg\",\"articleSection\":[\"A - ES NOTICIA (van abajo)\",\"CULTURA\"],\"inLanguage\":\"es\"},{\"@type\":\"WebPage\",\"@id\":\"https:\\\/\\\/diariotextual.com\\\/inicio\\\/index.php\\\/2023\\\/06\\\/08\\\/se-presenta-en-attp-la-obra-de-familias-que-son-asi-relatos-animados-para-las-infancias\\\/\",\"url\":\"https:\\\/\\\/diariotextual.com\\\/inicio\\\/index.php\\\/2023\\\/06\\\/08\\\/se-presenta-en-attp-la-obra-de-familias-que-son-asi-relatos-animados-para-las-infancias\\\/\",\"name\":\"Se presenta en ATTP la obra \u201cDe familias que son as\u00ed\u201d, relatos animados para las infancias - Diario Textual\",\"isPartOf\":{\"@id\":\"https:\\\/\\\/diariotextual.com\\\/inicio\\\/#website\"},\"primaryImageOfPage\":{\"@id\":\"https:\\\/\\\/diariotextual.com\\\/inicio\\\/index.php\\\/2023\\\/06\\\/08\\\/se-presenta-en-attp-la-obra-de-familias-que-son-asi-relatos-animados-para-las-infancias\\\/#primaryimage\"},\"image\":{\"@id\":\"https:\\\/\\\/diariotextual.com\\\/inicio\\\/index.php\\\/2023\\\/06\\\/08\\\/se-presenta-en-attp-la-obra-de-familias-que-son-asi-relatos-animados-para-las-infancias\\\/#primaryimage\"},\"thumbnailUrl\":\"https:\\\/\\\/diariotextual.com\\\/inicio\\\/wp-content\\\/uploads\\\/2023\\\/06\\\/ululariateatro54234.jpg\",\"datePublished\":\"2023-06-08T13:44:50+00:00\",\"dateModified\":\"2023-06-08T13:44:53+00:00\",\"breadcrumb\":{\"@id\":\"https:\\\/\\\/diariotextual.com\\\/inicio\\\/index.php\\\/2023\\\/06\\\/08\\\/se-presenta-en-attp-la-obra-de-familias-que-son-asi-relatos-animados-para-las-infancias\\\/#breadcrumb\"},\"inLanguage\":\"es\",\"potentialAction\":[{\"@type\":\"ReadAction\",\"target\":[\"https:\\\/\\\/diariotextual.com\\\/inicio\\\/index.php\\\/2023\\\/06\\\/08\\\/se-presenta-en-attp-la-obra-de-familias-que-son-asi-relatos-animados-para-las-infancias\\\/\"]}]},{\"@type\":\"ImageObject\",\"inLanguage\":\"es\",\"@id\":\"https:\\\/\\\/diariotextual.com\\\/inicio\\\/index.php\\\/2023\\\/06\\\/08\\\/se-presenta-en-attp-la-obra-de-familias-que-son-asi-relatos-animados-para-las-infancias\\\/#primaryimage\",\"url\":\"https:\\\/\\\/diariotextual.com\\\/inicio\\\/wp-content\\\/uploads\\\/2023\\\/06\\\/ululariateatro54234.jpg\",\"contentUrl\":\"https:\\\/\\\/diariotextual.com\\\/inicio\\\/wp-content\\\/uploads\\\/2023\\\/06\\\/ululariateatro54234.jpg\",\"width\":526,\"height\":351},{\"@type\":\"BreadcrumbList\",\"@id\":\"https:\\\/\\\/diariotextual.com\\\/inicio\\\/index.php\\\/2023\\\/06\\\/08\\\/se-presenta-en-attp-la-obra-de-familias-que-son-asi-relatos-animados-para-las-infancias\\\/#breadcrumb\",\"itemListElement\":[{\"@type\":\"ListItem\",\"position\":1,\"name\":\"Portada\",\"item\":\"https:\\\/\\\/diariotextual.com\\\/inicio\\\/\"},{\"@type\":\"ListItem\",\"position\":2,\"name\":\"Se presenta en ATTP la obra \u201cDe familias que son as\u00ed\u201d, relatos animados para las infancias\"}]},{\"@type\":\"WebSite\",\"@id\":\"https:\\\/\\\/diariotextual.com\\\/inicio\\\/#website\",\"url\":\"https:\\\/\\\/diariotextual.com\\\/inicio\\\/\",\"name\":\"Diario Textual\",\"description\":\"\",\"publisher\":{\"@id\":\"https:\\\/\\\/diariotextual.com\\\/inicio\\\/#organization\"},\"potentialAction\":[{\"@type\":\"SearchAction\",\"target\":{\"@type\":\"EntryPoint\",\"urlTemplate\":\"https:\\\/\\\/diariotextual.com\\\/inicio\\\/?s={search_term_string}\"},\"query-input\":{\"@type\":\"PropertyValueSpecification\",\"valueRequired\":true,\"valueName\":\"search_term_string\"}}],\"inLanguage\":\"es\"},{\"@type\":\"Organization\",\"@id\":\"https:\\\/\\\/diariotextual.com\\\/inicio\\\/#organization\",\"name\":\"Diario Textual\",\"url\":\"https:\\\/\\\/diariotextual.com\\\/inicio\\\/\",\"logo\":{\"@type\":\"ImageObject\",\"inLanguage\":\"es\",\"@id\":\"https:\\\/\\\/diariotextual.com\\\/inicio\\\/#\\\/schema\\\/logo\\\/image\\\/\",\"url\":\"https:\\\/\\\/diariotextual.com\\\/inicio\\\/wp-content\\\/uploads\\\/2023\\\/05\\\/logotextual1.jpg\",\"contentUrl\":\"https:\\\/\\\/diariotextual.com\\\/inicio\\\/wp-content\\\/uploads\\\/2023\\\/05\\\/logotextual1.jpg\",\"width\":516,\"height\":76,\"caption\":\"Diario Textual\"},\"image\":{\"@id\":\"https:\\\/\\\/diariotextual.com\\\/inicio\\\/#\\\/schema\\\/logo\\\/image\\\/\"},\"sameAs\":[\"https:\\\/\\\/www.facebook.com\\\/eltextual\",\"https:\\\/\\\/x.com\\\/eltextual\",\"http:\\\/\\\/www.instagram.com\\\/eltextual\"]},{\"@type\":\"Person\",\"@id\":\"https:\\\/\\\/diariotextual.com\\\/inicio\\\/#\\\/schema\\\/person\\\/694f60677f23c4a530867a98f22b3768\",\"name\":\"diario2\",\"image\":{\"@type\":\"ImageObject\",\"inLanguage\":\"es\",\"@id\":\"https:\\\/\\\/secure.gravatar.com\\\/avatar\\\/5a2567495ba16b852fcd8f1ed006a2e24fcace936018ed8237e95f488ad6e0a7?s=96&d=mm&r=g\",\"url\":\"https:\\\/\\\/secure.gravatar.com\\\/avatar\\\/5a2567495ba16b852fcd8f1ed006a2e24fcace936018ed8237e95f488ad6e0a7?s=96&d=mm&r=g\",\"contentUrl\":\"https:\\\/\\\/secure.gravatar.com\\\/avatar\\\/5a2567495ba16b852fcd8f1ed006a2e24fcace936018ed8237e95f488ad6e0a7?s=96&d=mm&r=g\",\"caption\":\"diario2\"},\"url\":\"https:\\\/\\\/diariotextual.com\\\/inicio\\\/index.php\\\/author\\\/diario2\\\/\"}]}<\/script>\n<!-- \/ Yoast SEO plugin. -->","yoast_head_json":{"title":"Se presenta en ATTP la obra \u201cDe familias que son as\u00ed\u201d, relatos animados para las infancias - Diario Textual","robots":{"index":"index","follow":"follow","max-snippet":"max-snippet:-1","max-image-preview":"max-image-preview:large","max-video-preview":"max-video-preview:-1"},"canonical":"https:\/\/diariotextual.com\/inicio\/index.php\/2023\/06\/08\/se-presenta-en-attp-la-obra-de-familias-que-son-asi-relatos-animados-para-las-infancias\/","og_locale":"es_ES","og_type":"article","og_title":"Se presenta en ATTP la obra \u201cDe familias que son as\u00ed\u201d, relatos animados para las infancias - Diario Textual","og_description":"El grupo Ulularia Teatro, de C\u00f3rdoba, est\u00e1 de gira con su obra \u201cDe familias que son as\u00ed\u201d, relatos animados para las infancias, y en\u00a0este recorrido llegar\u00e1 a Santa Rosa para&hellip;","og_url":"https:\/\/diariotextual.com\/inicio\/index.php\/2023\/06\/08\/se-presenta-en-attp-la-obra-de-familias-que-son-asi-relatos-animados-para-las-infancias\/","og_site_name":"Diario Textual","article_publisher":"https:\/\/www.facebook.com\/eltextual","article_published_time":"2023-06-08T13:44:50+00:00","article_modified_time":"2023-06-08T13:44:53+00:00","og_image":[{"width":526,"height":351,"url":"https:\/\/diariotextual.com\/inicio\/wp-content\/uploads\/2023\/06\/ululariateatro54234.jpg","type":"image\/jpeg"}],"author":"diario2","twitter_card":"summary_large_image","twitter_creator":"@eltextual","twitter_site":"@eltextual","twitter_misc":{"Escrito por":"diario2","Tiempo de lectura":"2 minutos"},"schema":{"@context":"https:\/\/schema.org","@graph":[{"@type":"Article","@id":"https:\/\/diariotextual.com\/inicio\/index.php\/2023\/06\/08\/se-presenta-en-attp-la-obra-de-familias-que-son-asi-relatos-animados-para-las-infancias\/#article","isPartOf":{"@id":"https:\/\/diariotextual.com\/inicio\/index.php\/2023\/06\/08\/se-presenta-en-attp-la-obra-de-familias-que-son-asi-relatos-animados-para-las-infancias\/"},"author":{"name":"diario2","@id":"https:\/\/diariotextual.com\/inicio\/#\/schema\/person\/694f60677f23c4a530867a98f22b3768"},"headline":"Se presenta en ATTP la obra \u201cDe familias que son as\u00ed\u201d, relatos animados para las infancias","datePublished":"2023-06-08T13:44:50+00:00","dateModified":"2023-06-08T13:44:53+00:00","mainEntityOfPage":{"@id":"https:\/\/diariotextual.com\/inicio\/index.php\/2023\/06\/08\/se-presenta-en-attp-la-obra-de-familias-que-son-asi-relatos-animados-para-las-infancias\/"},"wordCount":360,"publisher":{"@id":"https:\/\/diariotextual.com\/inicio\/#organization"},"image":{"@id":"https:\/\/diariotextual.com\/inicio\/index.php\/2023\/06\/08\/se-presenta-en-attp-la-obra-de-familias-que-son-asi-relatos-animados-para-las-infancias\/#primaryimage"},"thumbnailUrl":"https:\/\/diariotextual.com\/inicio\/wp-content\/uploads\/2023\/06\/ululariateatro54234.jpg","articleSection":["A - ES NOTICIA (van abajo)","CULTURA"],"inLanguage":"es"},{"@type":"WebPage","@id":"https:\/\/diariotextual.com\/inicio\/index.php\/2023\/06\/08\/se-presenta-en-attp-la-obra-de-familias-que-son-asi-relatos-animados-para-las-infancias\/","url":"https:\/\/diariotextual.com\/inicio\/index.php\/2023\/06\/08\/se-presenta-en-attp-la-obra-de-familias-que-son-asi-relatos-animados-para-las-infancias\/","name":"Se presenta en ATTP la obra \u201cDe familias que son as\u00ed\u201d, relatos animados para las infancias - Diario Textual","isPartOf":{"@id":"https:\/\/diariotextual.com\/inicio\/#website"},"primaryImageOfPage":{"@id":"https:\/\/diariotextual.com\/inicio\/index.php\/2023\/06\/08\/se-presenta-en-attp-la-obra-de-familias-que-son-asi-relatos-animados-para-las-infancias\/#primaryimage"},"image":{"@id":"https:\/\/diariotextual.com\/inicio\/index.php\/2023\/06\/08\/se-presenta-en-attp-la-obra-de-familias-que-son-asi-relatos-animados-para-las-infancias\/#primaryimage"},"thumbnailUrl":"https:\/\/diariotextual.com\/inicio\/wp-content\/uploads\/2023\/06\/ululariateatro54234.jpg","datePublished":"2023-06-08T13:44:50+00:00","dateModified":"2023-06-08T13:44:53+00:00","breadcrumb":{"@id":"https:\/\/diariotextual.com\/inicio\/index.php\/2023\/06\/08\/se-presenta-en-attp-la-obra-de-familias-que-son-asi-relatos-animados-para-las-infancias\/#breadcrumb"},"inLanguage":"es","potentialAction":[{"@type":"ReadAction","target":["https:\/\/diariotextual.com\/inicio\/index.php\/2023\/06\/08\/se-presenta-en-attp-la-obra-de-familias-que-son-asi-relatos-animados-para-las-infancias\/"]}]},{"@type":"ImageObject","inLanguage":"es","@id":"https:\/\/diariotextual.com\/inicio\/index.php\/2023\/06\/08\/se-presenta-en-attp-la-obra-de-familias-que-son-asi-relatos-animados-para-las-infancias\/#primaryimage","url":"https:\/\/diariotextual.com\/inicio\/wp-content\/uploads\/2023\/06\/ululariateatro54234.jpg","contentUrl":"https:\/\/diariotextual.com\/inicio\/wp-content\/uploads\/2023\/06\/ululariateatro54234.jpg","width":526,"height":351},{"@type":"BreadcrumbList","@id":"https:\/\/diariotextual.com\/inicio\/index.php\/2023\/06\/08\/se-presenta-en-attp-la-obra-de-familias-que-son-asi-relatos-animados-para-las-infancias\/#breadcrumb","itemListElement":[{"@type":"ListItem","position":1,"name":"Portada","item":"https:\/\/diariotextual.com\/inicio\/"},{"@type":"ListItem","position":2,"name":"Se presenta en ATTP la obra \u201cDe familias que son as\u00ed\u201d, relatos animados para las infancias"}]},{"@type":"WebSite","@id":"https:\/\/diariotextual.com\/inicio\/#website","url":"https:\/\/diariotextual.com\/inicio\/","name":"Diario Textual","description":"","publisher":{"@id":"https:\/\/diariotextual.com\/inicio\/#organization"},"potentialAction":[{"@type":"SearchAction","target":{"@type":"EntryPoint","urlTemplate":"https:\/\/diariotextual.com\/inicio\/?s={search_term_string}"},"query-input":{"@type":"PropertyValueSpecification","valueRequired":true,"valueName":"search_term_string"}}],"inLanguage":"es"},{"@type":"Organization","@id":"https:\/\/diariotextual.com\/inicio\/#organization","name":"Diario Textual","url":"https:\/\/diariotextual.com\/inicio\/","logo":{"@type":"ImageObject","inLanguage":"es","@id":"https:\/\/diariotextual.com\/inicio\/#\/schema\/logo\/image\/","url":"https:\/\/diariotextual.com\/inicio\/wp-content\/uploads\/2023\/05\/logotextual1.jpg","contentUrl":"https:\/\/diariotextual.com\/inicio\/wp-content\/uploads\/2023\/05\/logotextual1.jpg","width":516,"height":76,"caption":"Diario Textual"},"image":{"@id":"https:\/\/diariotextual.com\/inicio\/#\/schema\/logo\/image\/"},"sameAs":["https:\/\/www.facebook.com\/eltextual","https:\/\/x.com\/eltextual","http:\/\/www.instagram.com\/eltextual"]},{"@type":"Person","@id":"https:\/\/diariotextual.com\/inicio\/#\/schema\/person\/694f60677f23c4a530867a98f22b3768","name":"diario2","image":{"@type":"ImageObject","inLanguage":"es","@id":"https:\/\/secure.gravatar.com\/avatar\/5a2567495ba16b852fcd8f1ed006a2e24fcace936018ed8237e95f488ad6e0a7?s=96&d=mm&r=g","url":"https:\/\/secure.gravatar.com\/avatar\/5a2567495ba16b852fcd8f1ed006a2e24fcace936018ed8237e95f488ad6e0a7?s=96&d=mm&r=g","contentUrl":"https:\/\/secure.gravatar.com\/avatar\/5a2567495ba16b852fcd8f1ed006a2e24fcace936018ed8237e95f488ad6e0a7?s=96&d=mm&r=g","caption":"diario2"},"url":"https:\/\/diariotextual.com\/inicio\/index.php\/author\/diario2\/"}]}},"_links":{"self":[{"href":"https:\/\/diariotextual.com\/inicio\/index.php\/wp-json\/wp\/v2\/posts\/227893","targetHints":{"allow":["GET"]}}],"collection":[{"href":"https:\/\/diariotextual.com\/inicio\/index.php\/wp-json\/wp\/v2\/posts"}],"about":[{"href":"https:\/\/diariotextual.com\/inicio\/index.php\/wp-json\/wp\/v2\/types\/post"}],"author":[{"embeddable":true,"href":"https:\/\/diariotextual.com\/inicio\/index.php\/wp-json\/wp\/v2\/users\/4"}],"replies":[{"embeddable":true,"href":"https:\/\/diariotextual.com\/inicio\/index.php\/wp-json\/wp\/v2\/comments?post=227893"}],"version-history":[{"count":1,"href":"https:\/\/diariotextual.com\/inicio\/index.php\/wp-json\/wp\/v2\/posts\/227893\/revisions"}],"predecessor-version":[{"id":227898,"href":"https:\/\/diariotextual.com\/inicio\/index.php\/wp-json\/wp\/v2\/posts\/227893\/revisions\/227898"}],"wp:featuredmedia":[{"embeddable":true,"href":"https:\/\/diariotextual.com\/inicio\/index.php\/wp-json\/wp\/v2\/media\/227897"}],"wp:attachment":[{"href":"https:\/\/diariotextual.com\/inicio\/index.php\/wp-json\/wp\/v2\/media?parent=227893"}],"wp:term":[{"taxonomy":"category","embeddable":true,"href":"https:\/\/diariotextual.com\/inicio\/index.php\/wp-json\/wp\/v2\/categories?post=227893"},{"taxonomy":"post_tag","embeddable":true,"href":"https:\/\/diariotextual.com\/inicio\/index.php\/wp-json\/wp\/v2\/tags?post=227893"}],"curies":[{"name":"wp","href":"https:\/\/api.w.org\/{rel}","templated":true}]}}