{"id":227901,"date":"2023-06-08T11:02:58","date_gmt":"2023-06-08T14:02:58","guid":{"rendered":"https:\/\/diariotextual.com\/inicio\/?p=227901"},"modified":"2023-06-08T12:58:02","modified_gmt":"2023-06-08T15:58:02","slug":"ingreso-al-concejo-un-proyecto-para-aumentar-el-costo-del-boleto-de-micros-urbanos","status":"publish","type":"post","link":"https:\/\/diariotextual.com\/inicio\/index.php\/2023\/06\/08\/ingreso-al-concejo-un-proyecto-para-aumentar-el-costo-del-boleto-de-micros-urbanos\/","title":{"rendered":"Entr\u00f3 al concejo un proyecto para aumentar el costo del boleto de micros urbanos"},"content":{"rendered":"\n<p>La viceintendenta Paula Grotto, a cargo del Ejecutivo municipal por licencia del intendente Luciano di N\u00e1poli, mando al concejo deliberante un proyecto de ordenanza para aumentar el boleto de micros urbanos. El tema ingres\u00f3 en la sesi\u00f3n de este jueves y ser\u00e1 tratado en comisi\u00f3n.<\/p>\n\n\n\n<p>El proyecto establece fijar el precio del boleto general en $120 (actualmente cuesta $98); en tanto que para escolares, alumnos que cursen estudios universitarios y\/o terciarios, jubilados y pensionados que perciben haberes m\u00ednimos y excombatientes de Malvinas se propone un boleto de $60 (actualmente cuesta $46).<\/p>\n\n\n\n<p>En el mismo proyecto se dispone subsidiar el costo del boleto general en $1,32; para jubilados, pensionados y excombatientes el subsidio es de $3,95 y para estudiantes de primario, secundario y universitario y\/o terciario el subsidio ser\u00e1 del 100%.<\/p>\n\n\n\n<figure class=\"wp-block-image size-full is-resized\"><img fetchpriority=\"high\" decoding=\"async\" src=\"https:\/\/diariotextual.com\/inicio\/wp-content\/uploads\/2023\/06\/boleto-de-micros.jpg\" alt=\"\" class=\"wp-image-227902\" width=\"743\" height=\"1234\" srcset=\"https:\/\/diariotextual.com\/inicio\/wp-content\/uploads\/2023\/06\/boleto-de-micros.jpg 592w, https:\/\/diariotextual.com\/inicio\/wp-content\/uploads\/2023\/06\/boleto-de-micros-181x300.jpg 181w, https:\/\/diariotextual.com\/inicio\/wp-content\/uploads\/2023\/06\/boleto-de-micros-585x971.jpg 585w\" sizes=\"(max-width: 743px) 100vw, 743px\" \/><\/figure>\n\n\n\n<p><\/p>\n\n\n\n<p><\/p>\n","protected":false},"excerpt":{"rendered":"<p>La viceintendenta Paula Grotto, a cargo del Ejecutivo municipal por licencia del intendente Luciano di N\u00e1poli, mando al concejo deliberante un proyecto de ordenanza para aumentar el boleto de micros&hellip;<\/p>\n","protected":false},"author":7,"featured_media":195416,"comment_status":"closed","ping_status":"open","sticky":false,"template":"","format":"standard","meta":{"_acf_changed":false,"footnotes":""},"categories":[1,12],"tags":[],"class_list":["post-227901","post","type-post","status-publish","format-standard","has-post-thumbnail","hentry","category-es-noticia","category-sociedad"],"acf":[],"yoast_head":"<!-- This site is optimized with the Yoast SEO plugin v27.5 - https:\/\/yoast.com\/product\/yoast-seo-wordpress\/ -->\n<title>Entr\u00f3 al concejo un proyecto para aumentar el costo del boleto de micros urbanos - Diario Textual<\/title>\n<meta name=\"robots\" content=\"index, follow, max-snippet:-1, max-image-preview:large, max-video-preview:-1\" \/>\n<link rel=\"canonical\" href=\"https:\/\/diariotextual.com\/inicio\/index.php\/2023\/06\/08\/ingreso-al-concejo-un-proyecto-para-aumentar-el-costo-del-boleto-de-micros-urbanos\/\" \/>\n<meta property=\"og:locale\" content=\"es_ES\" \/>\n<meta property=\"og:type\" content=\"article\" \/>\n<meta property=\"og:title\" content=\"Entr\u00f3 al concejo un proyecto para aumentar el costo del boleto de micros urbanos - Diario Textual\" \/>\n<meta property=\"og:description\" content=\"La viceintendenta Paula Grotto, a cargo del Ejecutivo municipal por licencia del intendente Luciano di N\u00e1poli, mando al concejo deliberante un proyecto de ordenanza para aumentar el boleto de micros&hellip;\" \/>\n<meta property=\"og:url\" content=\"https:\/\/diariotextual.com\/inicio\/index.php\/2023\/06\/08\/ingreso-al-concejo-un-proyecto-para-aumentar-el-costo-del-boleto-de-micros-urbanos\/\" \/>\n<meta property=\"og:site_name\" content=\"Diario Textual\" \/>\n<meta property=\"article:publisher\" content=\"https:\/\/www.facebook.com\/eltextual\" \/>\n<meta property=\"article:published_time\" content=\"2023-06-08T14:02:58+00:00\" \/>\n<meta property=\"article:modified_time\" content=\"2023-06-08T15:58:02+00:00\" \/>\n<meta property=\"og:image\" content=\"https:\/\/diariotextual.com\/inicio\/wp-content\/uploads\/2022\/07\/microsemtuparada.jpg\" \/>\n\t<meta property=\"og:image:width\" content=\"1280\" \/>\n\t<meta property=\"og:image:height\" content=\"755\" \/>\n\t<meta property=\"og:image:type\" content=\"image\/jpeg\" \/>\n<meta name=\"author\" content=\"diario5\" \/>\n<meta name=\"twitter:card\" content=\"summary_large_image\" \/>\n<meta name=\"twitter:creator\" content=\"@eltextual\" \/>\n<meta name=\"twitter:site\" content=\"@eltextual\" \/>\n<meta name=\"twitter:label1\" content=\"Escrito por\" \/>\n\t<meta name=\"twitter:data1\" content=\"diario5\" \/>\n\t<meta name=\"twitter:label2\" content=\"Tiempo de lectura\" \/>\n\t<meta name=\"twitter:data2\" content=\"1 minuto\" \/>\n<script type=\"application\/ld+json\" class=\"yoast-schema-graph\">{\"@context\":\"https:\\\/\\\/schema.org\",\"@graph\":[{\"@type\":\"Article\",\"@id\":\"https:\\\/\\\/diariotextual.com\\\/inicio\\\/index.php\\\/2023\\\/06\\\/08\\\/ingreso-al-concejo-un-proyecto-para-aumentar-el-costo-del-boleto-de-micros-urbanos\\\/#article\",\"isPartOf\":{\"@id\":\"https:\\\/\\\/diariotextual.com\\\/inicio\\\/index.php\\\/2023\\\/06\\\/08\\\/ingreso-al-concejo-un-proyecto-para-aumentar-el-costo-del-boleto-de-micros-urbanos\\\/\"},\"author\":{\"name\":\"diario5\",\"@id\":\"https:\\\/\\\/diariotextual.com\\\/inicio\\\/#\\\/schema\\\/person\\\/c7834961ad8b29b1d9cdbf4571299067\"},\"headline\":\"Entr\u00f3 al concejo un proyecto para aumentar el costo del boleto de micros urbanos\",\"datePublished\":\"2023-06-08T14:02:58+00:00\",\"dateModified\":\"2023-06-08T15:58:02+00:00\",\"mainEntityOfPage\":{\"@id\":\"https:\\\/\\\/diariotextual.com\\\/inicio\\\/index.php\\\/2023\\\/06\\\/08\\\/ingreso-al-concejo-un-proyecto-para-aumentar-el-costo-del-boleto-de-micros-urbanos\\\/\"},\"wordCount\":143,\"publisher\":{\"@id\":\"https:\\\/\\\/diariotextual.com\\\/inicio\\\/#organization\"},\"image\":{\"@id\":\"https:\\\/\\\/diariotextual.com\\\/inicio\\\/index.php\\\/2023\\\/06\\\/08\\\/ingreso-al-concejo-un-proyecto-para-aumentar-el-costo-del-boleto-de-micros-urbanos\\\/#primaryimage\"},\"thumbnailUrl\":\"https:\\\/\\\/diariotextual.com\\\/inicio\\\/wp-content\\\/uploads\\\/2022\\\/07\\\/microsemtuparada.jpg\",\"articleSection\":[\"A - ES NOTICIA (van abajo)\",\"SOCIEDAD\"],\"inLanguage\":\"es\"},{\"@type\":\"WebPage\",\"@id\":\"https:\\\/\\\/diariotextual.com\\\/inicio\\\/index.php\\\/2023\\\/06\\\/08\\\/ingreso-al-concejo-un-proyecto-para-aumentar-el-costo-del-boleto-de-micros-urbanos\\\/\",\"url\":\"https:\\\/\\\/diariotextual.com\\\/inicio\\\/index.php\\\/2023\\\/06\\\/08\\\/ingreso-al-concejo-un-proyecto-para-aumentar-el-costo-del-boleto-de-micros-urbanos\\\/\",\"name\":\"Entr\u00f3 al concejo un proyecto para aumentar el costo del boleto de micros urbanos - Diario Textual\",\"isPartOf\":{\"@id\":\"https:\\\/\\\/diariotextual.com\\\/inicio\\\/#website\"},\"primaryImageOfPage\":{\"@id\":\"https:\\\/\\\/diariotextual.com\\\/inicio\\\/index.php\\\/2023\\\/06\\\/08\\\/ingreso-al-concejo-un-proyecto-para-aumentar-el-costo-del-boleto-de-micros-urbanos\\\/#primaryimage\"},\"image\":{\"@id\":\"https:\\\/\\\/diariotextual.com\\\/inicio\\\/index.php\\\/2023\\\/06\\\/08\\\/ingreso-al-concejo-un-proyecto-para-aumentar-el-costo-del-boleto-de-micros-urbanos\\\/#primaryimage\"},\"thumbnailUrl\":\"https:\\\/\\\/diariotextual.com\\\/inicio\\\/wp-content\\\/uploads\\\/2022\\\/07\\\/microsemtuparada.jpg\",\"datePublished\":\"2023-06-08T14:02:58+00:00\",\"dateModified\":\"2023-06-08T15:58:02+00:00\",\"breadcrumb\":{\"@id\":\"https:\\\/\\\/diariotextual.com\\\/inicio\\\/index.php\\\/2023\\\/06\\\/08\\\/ingreso-al-concejo-un-proyecto-para-aumentar-el-costo-del-boleto-de-micros-urbanos\\\/#breadcrumb\"},\"inLanguage\":\"es\",\"potentialAction\":[{\"@type\":\"ReadAction\",\"target\":[\"https:\\\/\\\/diariotextual.com\\\/inicio\\\/index.php\\\/2023\\\/06\\\/08\\\/ingreso-al-concejo-un-proyecto-para-aumentar-el-costo-del-boleto-de-micros-urbanos\\\/\"]}]},{\"@type\":\"ImageObject\",\"inLanguage\":\"es\",\"@id\":\"https:\\\/\\\/diariotextual.com\\\/inicio\\\/index.php\\\/2023\\\/06\\\/08\\\/ingreso-al-concejo-un-proyecto-para-aumentar-el-costo-del-boleto-de-micros-urbanos\\\/#primaryimage\",\"url\":\"https:\\\/\\\/diariotextual.com\\\/inicio\\\/wp-content\\\/uploads\\\/2022\\\/07\\\/microsemtuparada.jpg\",\"contentUrl\":\"https:\\\/\\\/diariotextual.com\\\/inicio\\\/wp-content\\\/uploads\\\/2022\\\/07\\\/microsemtuparada.jpg\",\"width\":1280,\"height\":755},{\"@type\":\"BreadcrumbList\",\"@id\":\"https:\\\/\\\/diariotextual.com\\\/inicio\\\/index.php\\\/2023\\\/06\\\/08\\\/ingreso-al-concejo-un-proyecto-para-aumentar-el-costo-del-boleto-de-micros-urbanos\\\/#breadcrumb\",\"itemListElement\":[{\"@type\":\"ListItem\",\"position\":1,\"name\":\"Portada\",\"item\":\"https:\\\/\\\/diariotextual.com\\\/inicio\\\/\"},{\"@type\":\"ListItem\",\"position\":2,\"name\":\"Entr\u00f3 al concejo un proyecto para aumentar el costo del boleto de micros urbanos\"}]},{\"@type\":\"WebSite\",\"@id\":\"https:\\\/\\\/diariotextual.com\\\/inicio\\\/#website\",\"url\":\"https:\\\/\\\/diariotextual.com\\\/inicio\\\/\",\"name\":\"Diario Textual\",\"description\":\"\",\"publisher\":{\"@id\":\"https:\\\/\\\/diariotextual.com\\\/inicio\\\/#organization\"},\"potentialAction\":[{\"@type\":\"SearchAction\",\"target\":{\"@type\":\"EntryPoint\",\"urlTemplate\":\"https:\\\/\\\/diariotextual.com\\\/inicio\\\/?s={search_term_string}\"},\"query-input\":{\"@type\":\"PropertyValueSpecification\",\"valueRequired\":true,\"valueName\":\"search_term_string\"}}],\"inLanguage\":\"es\"},{\"@type\":\"Organization\",\"@id\":\"https:\\\/\\\/diariotextual.com\\\/inicio\\\/#organization\",\"name\":\"Diario Textual\",\"url\":\"https:\\\/\\\/diariotextual.com\\\/inicio\\\/\",\"logo\":{\"@type\":\"ImageObject\",\"inLanguage\":\"es\",\"@id\":\"https:\\\/\\\/diariotextual.com\\\/inicio\\\/#\\\/schema\\\/logo\\\/image\\\/\",\"url\":\"https:\\\/\\\/diariotextual.com\\\/inicio\\\/wp-content\\\/uploads\\\/2023\\\/05\\\/logotextual1.jpg\",\"contentUrl\":\"https:\\\/\\\/diariotextual.com\\\/inicio\\\/wp-content\\\/uploads\\\/2023\\\/05\\\/logotextual1.jpg\",\"width\":516,\"height\":76,\"caption\":\"Diario Textual\"},\"image\":{\"@id\":\"https:\\\/\\\/diariotextual.com\\\/inicio\\\/#\\\/schema\\\/logo\\\/image\\\/\"},\"sameAs\":[\"https:\\\/\\\/www.facebook.com\\\/eltextual\",\"https:\\\/\\\/x.com\\\/eltextual\",\"http:\\\/\\\/www.instagram.com\\\/eltextual\"]},{\"@type\":\"Person\",\"@id\":\"https:\\\/\\\/diariotextual.com\\\/inicio\\\/#\\\/schema\\\/person\\\/c7834961ad8b29b1d9cdbf4571299067\",\"name\":\"diario5\",\"image\":{\"@type\":\"ImageObject\",\"inLanguage\":\"es\",\"@id\":\"https:\\\/\\\/secure.gravatar.com\\\/avatar\\\/948c893b847ca6df68216ead81b63f363408ec9b0f600fefc0641ce78613b111?s=96&d=mm&r=g\",\"url\":\"https:\\\/\\\/secure.gravatar.com\\\/avatar\\\/948c893b847ca6df68216ead81b63f363408ec9b0f600fefc0641ce78613b111?s=96&d=mm&r=g\",\"contentUrl\":\"https:\\\/\\\/secure.gravatar.com\\\/avatar\\\/948c893b847ca6df68216ead81b63f363408ec9b0f600fefc0641ce78613b111?s=96&d=mm&r=g\",\"caption\":\"diario5\"},\"url\":\"https:\\\/\\\/diariotextual.com\\\/inicio\\\/index.php\\\/author\\\/diario5\\\/\"}]}<\/script>\n<!-- \/ Yoast SEO plugin. -->","yoast_head_json":{"title":"Entr\u00f3 al concejo un proyecto para aumentar el costo del boleto de micros urbanos - Diario Textual","robots":{"index":"index","follow":"follow","max-snippet":"max-snippet:-1","max-image-preview":"max-image-preview:large","max-video-preview":"max-video-preview:-1"},"canonical":"https:\/\/diariotextual.com\/inicio\/index.php\/2023\/06\/08\/ingreso-al-concejo-un-proyecto-para-aumentar-el-costo-del-boleto-de-micros-urbanos\/","og_locale":"es_ES","og_type":"article","og_title":"Entr\u00f3 al concejo un proyecto para aumentar el costo del boleto de micros urbanos - Diario Textual","og_description":"La viceintendenta Paula Grotto, a cargo del Ejecutivo municipal por licencia del intendente Luciano di N\u00e1poli, mando al concejo deliberante un proyecto de ordenanza para aumentar el boleto de micros&hellip;","og_url":"https:\/\/diariotextual.com\/inicio\/index.php\/2023\/06\/08\/ingreso-al-concejo-un-proyecto-para-aumentar-el-costo-del-boleto-de-micros-urbanos\/","og_site_name":"Diario Textual","article_publisher":"https:\/\/www.facebook.com\/eltextual","article_published_time":"2023-06-08T14:02:58+00:00","article_modified_time":"2023-06-08T15:58:02+00:00","og_image":[{"width":1280,"height":755,"url":"https:\/\/diariotextual.com\/inicio\/wp-content\/uploads\/2022\/07\/microsemtuparada.jpg","type":"image\/jpeg"}],"author":"diario5","twitter_card":"summary_large_image","twitter_creator":"@eltextual","twitter_site":"@eltextual","twitter_misc":{"Escrito por":"diario5","Tiempo de lectura":"1 minuto"},"schema":{"@context":"https:\/\/schema.org","@graph":[{"@type":"Article","@id":"https:\/\/diariotextual.com\/inicio\/index.php\/2023\/06\/08\/ingreso-al-concejo-un-proyecto-para-aumentar-el-costo-del-boleto-de-micros-urbanos\/#article","isPartOf":{"@id":"https:\/\/diariotextual.com\/inicio\/index.php\/2023\/06\/08\/ingreso-al-concejo-un-proyecto-para-aumentar-el-costo-del-boleto-de-micros-urbanos\/"},"author":{"name":"diario5","@id":"https:\/\/diariotextual.com\/inicio\/#\/schema\/person\/c7834961ad8b29b1d9cdbf4571299067"},"headline":"Entr\u00f3 al concejo un proyecto para aumentar el costo del boleto de micros urbanos","datePublished":"2023-06-08T14:02:58+00:00","dateModified":"2023-06-08T15:58:02+00:00","mainEntityOfPage":{"@id":"https:\/\/diariotextual.com\/inicio\/index.php\/2023\/06\/08\/ingreso-al-concejo-un-proyecto-para-aumentar-el-costo-del-boleto-de-micros-urbanos\/"},"wordCount":143,"publisher":{"@id":"https:\/\/diariotextual.com\/inicio\/#organization"},"image":{"@id":"https:\/\/diariotextual.com\/inicio\/index.php\/2023\/06\/08\/ingreso-al-concejo-un-proyecto-para-aumentar-el-costo-del-boleto-de-micros-urbanos\/#primaryimage"},"thumbnailUrl":"https:\/\/diariotextual.com\/inicio\/wp-content\/uploads\/2022\/07\/microsemtuparada.jpg","articleSection":["A - ES NOTICIA (van abajo)","SOCIEDAD"],"inLanguage":"es"},{"@type":"WebPage","@id":"https:\/\/diariotextual.com\/inicio\/index.php\/2023\/06\/08\/ingreso-al-concejo-un-proyecto-para-aumentar-el-costo-del-boleto-de-micros-urbanos\/","url":"https:\/\/diariotextual.com\/inicio\/index.php\/2023\/06\/08\/ingreso-al-concejo-un-proyecto-para-aumentar-el-costo-del-boleto-de-micros-urbanos\/","name":"Entr\u00f3 al concejo un proyecto para aumentar el costo del boleto de micros urbanos - Diario Textual","isPartOf":{"@id":"https:\/\/diariotextual.com\/inicio\/#website"},"primaryImageOfPage":{"@id":"https:\/\/diariotextual.com\/inicio\/index.php\/2023\/06\/08\/ingreso-al-concejo-un-proyecto-para-aumentar-el-costo-del-boleto-de-micros-urbanos\/#primaryimage"},"image":{"@id":"https:\/\/diariotextual.com\/inicio\/index.php\/2023\/06\/08\/ingreso-al-concejo-un-proyecto-para-aumentar-el-costo-del-boleto-de-micros-urbanos\/#primaryimage"},"thumbnailUrl":"https:\/\/diariotextual.com\/inicio\/wp-content\/uploads\/2022\/07\/microsemtuparada.jpg","datePublished":"2023-06-08T14:02:58+00:00","dateModified":"2023-06-08T15:58:02+00:00","breadcrumb":{"@id":"https:\/\/diariotextual.com\/inicio\/index.php\/2023\/06\/08\/ingreso-al-concejo-un-proyecto-para-aumentar-el-costo-del-boleto-de-micros-urbanos\/#breadcrumb"},"inLanguage":"es","potentialAction":[{"@type":"ReadAction","target":["https:\/\/diariotextual.com\/inicio\/index.php\/2023\/06\/08\/ingreso-al-concejo-un-proyecto-para-aumentar-el-costo-del-boleto-de-micros-urbanos\/"]}]},{"@type":"ImageObject","inLanguage":"es","@id":"https:\/\/diariotextual.com\/inicio\/index.php\/2023\/06\/08\/ingreso-al-concejo-un-proyecto-para-aumentar-el-costo-del-boleto-de-micros-urbanos\/#primaryimage","url":"https:\/\/diariotextual.com\/inicio\/wp-content\/uploads\/2022\/07\/microsemtuparada.jpg","contentUrl":"https:\/\/diariotextual.com\/inicio\/wp-content\/uploads\/2022\/07\/microsemtuparada.jpg","width":1280,"height":755},{"@type":"BreadcrumbList","@id":"https:\/\/diariotextual.com\/inicio\/index.php\/2023\/06\/08\/ingreso-al-concejo-un-proyecto-para-aumentar-el-costo-del-boleto-de-micros-urbanos\/#breadcrumb","itemListElement":[{"@type":"ListItem","position":1,"name":"Portada","item":"https:\/\/diariotextual.com\/inicio\/"},{"@type":"ListItem","position":2,"name":"Entr\u00f3 al concejo un proyecto para aumentar el costo del boleto de micros urbanos"}]},{"@type":"WebSite","@id":"https:\/\/diariotextual.com\/inicio\/#website","url":"https:\/\/diariotextual.com\/inicio\/","name":"Diario Textual","description":"","publisher":{"@id":"https:\/\/diariotextual.com\/inicio\/#organization"},"potentialAction":[{"@type":"SearchAction","target":{"@type":"EntryPoint","urlTemplate":"https:\/\/diariotextual.com\/inicio\/?s={search_term_string}"},"query-input":{"@type":"PropertyValueSpecification","valueRequired":true,"valueName":"search_term_string"}}],"inLanguage":"es"},{"@type":"Organization","@id":"https:\/\/diariotextual.com\/inicio\/#organization","name":"Diario Textual","url":"https:\/\/diariotextual.com\/inicio\/","logo":{"@type":"ImageObject","inLanguage":"es","@id":"https:\/\/diariotextual.com\/inicio\/#\/schema\/logo\/image\/","url":"https:\/\/diariotextual.com\/inicio\/wp-content\/uploads\/2023\/05\/logotextual1.jpg","contentUrl":"https:\/\/diariotextual.com\/inicio\/wp-content\/uploads\/2023\/05\/logotextual1.jpg","width":516,"height":76,"caption":"Diario Textual"},"image":{"@id":"https:\/\/diariotextual.com\/inicio\/#\/schema\/logo\/image\/"},"sameAs":["https:\/\/www.facebook.com\/eltextual","https:\/\/x.com\/eltextual","http:\/\/www.instagram.com\/eltextual"]},{"@type":"Person","@id":"https:\/\/diariotextual.com\/inicio\/#\/schema\/person\/c7834961ad8b29b1d9cdbf4571299067","name":"diario5","image":{"@type":"ImageObject","inLanguage":"es","@id":"https:\/\/secure.gravatar.com\/avatar\/948c893b847ca6df68216ead81b63f363408ec9b0f600fefc0641ce78613b111?s=96&d=mm&r=g","url":"https:\/\/secure.gravatar.com\/avatar\/948c893b847ca6df68216ead81b63f363408ec9b0f600fefc0641ce78613b111?s=96&d=mm&r=g","contentUrl":"https:\/\/secure.gravatar.com\/avatar\/948c893b847ca6df68216ead81b63f363408ec9b0f600fefc0641ce78613b111?s=96&d=mm&r=g","caption":"diario5"},"url":"https:\/\/diariotextual.com\/inicio\/index.php\/author\/diario5\/"}]}},"_links":{"self":[{"href":"https:\/\/diariotextual.com\/inicio\/index.php\/wp-json\/wp\/v2\/posts\/227901","targetHints":{"allow":["GET"]}}],"collection":[{"href":"https:\/\/diariotextual.com\/inicio\/index.php\/wp-json\/wp\/v2\/posts"}],"about":[{"href":"https:\/\/diariotextual.com\/inicio\/index.php\/wp-json\/wp\/v2\/types\/post"}],"author":[{"embeddable":true,"href":"https:\/\/diariotextual.com\/inicio\/index.php\/wp-json\/wp\/v2\/users\/7"}],"replies":[{"embeddable":true,"href":"https:\/\/diariotextual.com\/inicio\/index.php\/wp-json\/wp\/v2\/comments?post=227901"}],"version-history":[{"count":2,"href":"https:\/\/diariotextual.com\/inicio\/index.php\/wp-json\/wp\/v2\/posts\/227901\/revisions"}],"predecessor-version":[{"id":227904,"href":"https:\/\/diariotextual.com\/inicio\/index.php\/wp-json\/wp\/v2\/posts\/227901\/revisions\/227904"}],"wp:featuredmedia":[{"embeddable":true,"href":"https:\/\/diariotextual.com\/inicio\/index.php\/wp-json\/wp\/v2\/media\/195416"}],"wp:attachment":[{"href":"https:\/\/diariotextual.com\/inicio\/index.php\/wp-json\/wp\/v2\/media?parent=227901"}],"wp:term":[{"taxonomy":"category","embeddable":true,"href":"https:\/\/diariotextual.com\/inicio\/index.php\/wp-json\/wp\/v2\/categories?post=227901"},{"taxonomy":"post_tag","embeddable":true,"href":"https:\/\/diariotextual.com\/inicio\/index.php\/wp-json\/wp\/v2\/tags?post=227901"}],"curies":[{"name":"wp","href":"https:\/\/api.w.org\/{rel}","templated":true}]}}