{"id":227911,"date":"2023-06-08T12:38:28","date_gmt":"2023-06-08T15:38:28","guid":{"rendered":"https:\/\/diariotextual.com\/inicio\/?p=227911"},"modified":"2023-06-08T19:21:52","modified_gmt":"2023-06-08T22:21:52","slug":"el-tip-confirmo-una-condena-a-11-anos-a-un-tio-que-abuso-de-sus-sobrinas","status":"publish","type":"post","link":"https:\/\/diariotextual.com\/inicio\/index.php\/2023\/06\/08\/el-tip-confirmo-una-condena-a-11-anos-a-un-tio-que-abuso-de-sus-sobrinas\/","title":{"rendered":"El TIP confirm\u00f3 una condena a 11 a\u00f1os a un t\u00edo que abus\u00f3 de sus sobrinas"},"content":{"rendered":"\n<p>El Tribunal de Impugnaci\u00f3n Penal confirm\u00f3 hoy una condena a 11 a\u00f1os de prisi\u00f3n contra un hombre que abus\u00f3 de dos sobrinas cuando ellas ten\u00edan 12 y 15 a\u00f1os. El fallo fue dictado por los jueces de la Sala B, Gabriel Ted\u00edn y Filinto Rebechi, quienes no hicieron lugar al recurso de impugnaci\u00f3n presentado por los defensores particulares del imputado, Mar\u00eda Bel\u00e9n Oberst y Juan Carlos De La Vega.<\/p>\n\n\n\n<p>De este modo, el TIP ratific\u00f3 en un todo lo que hab\u00eda dispuesto, el 27 de marzo, el juez de audiencia santarrose\u00f1o, Carlos Besi, quien impuso aquella pena al acusado por encontrarlo autor de los delitos de abuso sexual con acceso carnal, agravado por haber sido cometido contra una menor de 18 a\u00f1os y aprovechando la convivencia preexistente; en concurso real con abuso sexual con acceso carnal. Los hechos fueron enmarcados en las leyes 26061 de Protecci\u00f3n integral de los derechos de las ni\u00f1as, ni\u00f1os y adolescentes y 26485 de Protecci\u00f3n Integral a las Mujeres.<\/p>\n\n\n\n<p>El abuso contra la sobrina de 15 a\u00f1os ocurri\u00f3 en momentos en que estaban viendo una serie a trav\u00e9s de un celular, en la vivienda que compart\u00edan. El delito contra la sobrina de 12 a\u00f1os se produjo en un campo.<\/p>\n\n\n\n<p>La defensa recurri\u00f3 la sentencia de Besi por entender que no se acreditaron los abusos, no se valor\u00f3 razonadamente la prueba cient\u00edfica, se viol\u00f3 el principio de congruencia y no se aplic\u00f3 el principio del \u2018in dubio pro reo\u2019, entre otros fundamentos. Por ello pidi\u00f3 la absoluci\u00f3n del hombre de 33 a\u00f1os.<\/p>\n\n\n\n<p>El TIP respondi\u00f3 que, especialmente en este tipo de delitos, cuyas recolecci\u00f3n de pruebas resulta dificultoso, es absolutamente necesario \u201crealizar un an\u00e1lisis integral\u201d de ellas y no verlas de manera fragmentada.<\/p>\n\n\n\n<p>\u201cEn base a la prueba incorporada durante del debate, y al an\u00e1lisis integral realizado, qued\u00f3 corroborada la plataforma f\u00e1ctica conforme a como fuera fijada; ello con la certeza requerida para esta etapa del proceso, lo que permite descartar la existencia de la duda razonable, como as\u00ed tambi\u00e9n las restantes inconsistencias que pretendi\u00f3 introducir la defensa\u201d, dijeron Ted\u00edn y Rebechi al analizar los hechos que tuvieron como v\u00edctima a la ni\u00f1a mayor.<\/p>\n\n\n\n<p>Con respecto al otro episodio, Oberst y De La Vega plantearon que el acusado no estaba en la fecha del abuso en la localidad donde se cometi\u00f3.<\/p>\n\n\n\n<p>\u201cLa univocidad de las pruebas producidas e incorporadas en el debate, permiten despejar toda duda razonable que fuera planteada por la defensa. Si bien dicha parte hizo hincapi\u00e9 en cuanto a que la fecha referida por la v\u00edctima, en que habr\u00eda ocurrido el hecho, resultaba imposible a la luz de las probanzas (\u2026); no es menos cierto que la propia madre refiri\u00f3 que su hija le dijo que hab\u00eda sido para una fiesta (espec\u00edfica) de 2018 (\u2026) Es sabido que cuando una denuncia se realiza a\u00f1os despu\u00e9s (\u2026), en la gran mayor\u00eda de los casos no resulta posible la precisi\u00f3n exacta\u201d del d\u00eda, sostuvo el TIP.<\/p>\n\n\n\n<p>\u201cEn relaci\u00f3n a la falta de congruencia entre la acusaci\u00f3n y el hecho fijado en la sentencia (en alusi\u00f3n al cual result\u00f3 v\u00edctima fue la sobrina de 12 a\u00f1os), ello fue correctamente resuelto por el juez de audiencia\u201d, acotaron los magistrados.<\/p>\n\n\n\n<p>Por \u00faltimo, Ted\u00edn y Rebechi se\u00f1alaron que \u201cel principio de congruencia es una manifestaci\u00f3n del derecho de defensa, lo cual implica que no pueden realizarse variaciones sorpresivas en relaci\u00f3n al hecho que fuera objeto de la acusaci\u00f3n. De esta manera la defensa, si bien intent\u00f3 introducir dicha cuesti\u00f3n, no demostr\u00f3 cu\u00e1l fue la variaci\u00f3n f\u00e1ctica que se dio en este caso concreto y de qu\u00e9 defensas se vio privado ejercer. Ello, m\u00e1xime cuando el hecho fijado en la sentencia y el que fuera objeto de la acusaci\u00f3n no var\u00edo\u201d.\u200b<\/p>\n","protected":false},"excerpt":{"rendered":"<p>El Tribunal de Impugnaci\u00f3n Penal confirm\u00f3 hoy una condena a 11 a\u00f1os de prisi\u00f3n contra un hombre que abus\u00f3 de dos sobrinas cuando ellas ten\u00edan 12 y 15 a\u00f1os. El&hellip;<\/p>\n","protected":false},"author":3,"featured_media":1608,"comment_status":"closed","ping_status":"open","sticky":false,"template":"","format":"standard","meta":{"_acf_changed":false,"footnotes":""},"categories":[1,12],"tags":[],"class_list":["post-227911","post","type-post","status-publish","format-standard","has-post-thumbnail","hentry","category-es-noticia","category-sociedad"],"acf":[],"yoast_head":"<!-- This site is optimized with the Yoast SEO plugin v27.5 - https:\/\/yoast.com\/product\/yoast-seo-wordpress\/ -->\n<title>El TIP confirm\u00f3 una condena a 11 a\u00f1os a un t\u00edo que abus\u00f3 de sus sobrinas - Diario Textual<\/title>\n<meta name=\"robots\" content=\"index, follow, max-snippet:-1, max-image-preview:large, max-video-preview:-1\" \/>\n<link rel=\"canonical\" href=\"https:\/\/diariotextual.com\/inicio\/index.php\/2023\/06\/08\/el-tip-confirmo-una-condena-a-11-anos-a-un-tio-que-abuso-de-sus-sobrinas\/\" \/>\n<meta property=\"og:locale\" content=\"es_ES\" \/>\n<meta property=\"og:type\" content=\"article\" \/>\n<meta property=\"og:title\" content=\"El TIP confirm\u00f3 una condena a 11 a\u00f1os a un t\u00edo que abus\u00f3 de sus sobrinas - Diario Textual\" \/>\n<meta property=\"og:description\" content=\"El Tribunal de Impugnaci\u00f3n Penal confirm\u00f3 hoy una condena a 11 a\u00f1os de prisi\u00f3n contra un hombre que abus\u00f3 de dos sobrinas cuando ellas ten\u00edan 12 y 15 a\u00f1os. El&hellip;\" \/>\n<meta property=\"og:url\" content=\"https:\/\/diariotextual.com\/inicio\/index.php\/2023\/06\/08\/el-tip-confirmo-una-condena-a-11-anos-a-un-tio-que-abuso-de-sus-sobrinas\/\" \/>\n<meta property=\"og:site_name\" content=\"Diario Textual\" \/>\n<meta property=\"article:publisher\" content=\"https:\/\/www.facebook.com\/eltextual\" \/>\n<meta property=\"article:published_time\" content=\"2023-06-08T15:38:28+00:00\" \/>\n<meta property=\"article:modified_time\" content=\"2023-06-08T22:21:52+00:00\" \/>\n<meta property=\"og:image\" content=\"https:\/\/diariotextual.com\/inicio\/wp-content\/uploads\/2018\/03\/centrojudicial2016-1222.jpg\" \/>\n\t<meta property=\"og:image:width\" content=\"600\" \/>\n\t<meta property=\"og:image:height\" content=\"400\" \/>\n\t<meta property=\"og:image:type\" content=\"image\/jpeg\" \/>\n<meta name=\"author\" content=\"Diario1 Diario1\" \/>\n<meta name=\"twitter:card\" content=\"summary_large_image\" \/>\n<meta name=\"twitter:creator\" content=\"@eltextual\" \/>\n<meta name=\"twitter:site\" content=\"@eltextual\" \/>\n<meta name=\"twitter:label1\" content=\"Escrito por\" \/>\n\t<meta name=\"twitter:data1\" content=\"Diario1 Diario1\" \/>\n\t<meta name=\"twitter:label2\" content=\"Tiempo de lectura\" \/>\n\t<meta name=\"twitter:data2\" content=\"3 minutos\" \/>\n<script type=\"application\/ld+json\" class=\"yoast-schema-graph\">{\"@context\":\"https:\\\/\\\/schema.org\",\"@graph\":[{\"@type\":\"Article\",\"@id\":\"https:\\\/\\\/diariotextual.com\\\/inicio\\\/index.php\\\/2023\\\/06\\\/08\\\/el-tip-confirmo-una-condena-a-11-anos-a-un-tio-que-abuso-de-sus-sobrinas\\\/#article\",\"isPartOf\":{\"@id\":\"https:\\\/\\\/diariotextual.com\\\/inicio\\\/index.php\\\/2023\\\/06\\\/08\\\/el-tip-confirmo-una-condena-a-11-anos-a-un-tio-que-abuso-de-sus-sobrinas\\\/\"},\"author\":{\"name\":\"Diario1 Diario1\",\"@id\":\"https:\\\/\\\/diariotextual.com\\\/inicio\\\/#\\\/schema\\\/person\\\/418fc4093c33e86ed41562db3508f958\"},\"headline\":\"El TIP confirm\u00f3 una condena a 11 a\u00f1os a un t\u00edo que abus\u00f3 de sus sobrinas\",\"datePublished\":\"2023-06-08T15:38:28+00:00\",\"dateModified\":\"2023-06-08T22:21:52+00:00\",\"mainEntityOfPage\":{\"@id\":\"https:\\\/\\\/diariotextual.com\\\/inicio\\\/index.php\\\/2023\\\/06\\\/08\\\/el-tip-confirmo-una-condena-a-11-anos-a-un-tio-que-abuso-de-sus-sobrinas\\\/\"},\"wordCount\":680,\"publisher\":{\"@id\":\"https:\\\/\\\/diariotextual.com\\\/inicio\\\/#organization\"},\"image\":{\"@id\":\"https:\\\/\\\/diariotextual.com\\\/inicio\\\/index.php\\\/2023\\\/06\\\/08\\\/el-tip-confirmo-una-condena-a-11-anos-a-un-tio-que-abuso-de-sus-sobrinas\\\/#primaryimage\"},\"thumbnailUrl\":\"https:\\\/\\\/diariotextual.com\\\/inicio\\\/wp-content\\\/uploads\\\/2018\\\/03\\\/centrojudicial2016-1222.jpg\",\"articleSection\":[\"A - ES NOTICIA (van abajo)\",\"SOCIEDAD\"],\"inLanguage\":\"es\"},{\"@type\":\"WebPage\",\"@id\":\"https:\\\/\\\/diariotextual.com\\\/inicio\\\/index.php\\\/2023\\\/06\\\/08\\\/el-tip-confirmo-una-condena-a-11-anos-a-un-tio-que-abuso-de-sus-sobrinas\\\/\",\"url\":\"https:\\\/\\\/diariotextual.com\\\/inicio\\\/index.php\\\/2023\\\/06\\\/08\\\/el-tip-confirmo-una-condena-a-11-anos-a-un-tio-que-abuso-de-sus-sobrinas\\\/\",\"name\":\"El TIP confirm\u00f3 una condena a 11 a\u00f1os a un t\u00edo que abus\u00f3 de sus sobrinas - Diario Textual\",\"isPartOf\":{\"@id\":\"https:\\\/\\\/diariotextual.com\\\/inicio\\\/#website\"},\"primaryImageOfPage\":{\"@id\":\"https:\\\/\\\/diariotextual.com\\\/inicio\\\/index.php\\\/2023\\\/06\\\/08\\\/el-tip-confirmo-una-condena-a-11-anos-a-un-tio-que-abuso-de-sus-sobrinas\\\/#primaryimage\"},\"image\":{\"@id\":\"https:\\\/\\\/diariotextual.com\\\/inicio\\\/index.php\\\/2023\\\/06\\\/08\\\/el-tip-confirmo-una-condena-a-11-anos-a-un-tio-que-abuso-de-sus-sobrinas\\\/#primaryimage\"},\"thumbnailUrl\":\"https:\\\/\\\/diariotextual.com\\\/inicio\\\/wp-content\\\/uploads\\\/2018\\\/03\\\/centrojudicial2016-1222.jpg\",\"datePublished\":\"2023-06-08T15:38:28+00:00\",\"dateModified\":\"2023-06-08T22:21:52+00:00\",\"breadcrumb\":{\"@id\":\"https:\\\/\\\/diariotextual.com\\\/inicio\\\/index.php\\\/2023\\\/06\\\/08\\\/el-tip-confirmo-una-condena-a-11-anos-a-un-tio-que-abuso-de-sus-sobrinas\\\/#breadcrumb\"},\"inLanguage\":\"es\",\"potentialAction\":[{\"@type\":\"ReadAction\",\"target\":[\"https:\\\/\\\/diariotextual.com\\\/inicio\\\/index.php\\\/2023\\\/06\\\/08\\\/el-tip-confirmo-una-condena-a-11-anos-a-un-tio-que-abuso-de-sus-sobrinas\\\/\"]}]},{\"@type\":\"ImageObject\",\"inLanguage\":\"es\",\"@id\":\"https:\\\/\\\/diariotextual.com\\\/inicio\\\/index.php\\\/2023\\\/06\\\/08\\\/el-tip-confirmo-una-condena-a-11-anos-a-un-tio-que-abuso-de-sus-sobrinas\\\/#primaryimage\",\"url\":\"https:\\\/\\\/diariotextual.com\\\/inicio\\\/wp-content\\\/uploads\\\/2018\\\/03\\\/centrojudicial2016-1222.jpg\",\"contentUrl\":\"https:\\\/\\\/diariotextual.com\\\/inicio\\\/wp-content\\\/uploads\\\/2018\\\/03\\\/centrojudicial2016-1222.jpg\",\"width\":600,\"height\":400},{\"@type\":\"BreadcrumbList\",\"@id\":\"https:\\\/\\\/diariotextual.com\\\/inicio\\\/index.php\\\/2023\\\/06\\\/08\\\/el-tip-confirmo-una-condena-a-11-anos-a-un-tio-que-abuso-de-sus-sobrinas\\\/#breadcrumb\",\"itemListElement\":[{\"@type\":\"ListItem\",\"position\":1,\"name\":\"Portada\",\"item\":\"https:\\\/\\\/diariotextual.com\\\/inicio\\\/\"},{\"@type\":\"ListItem\",\"position\":2,\"name\":\"El TIP confirm\u00f3 una condena a 11 a\u00f1os a un t\u00edo que abus\u00f3 de sus sobrinas\"}]},{\"@type\":\"WebSite\",\"@id\":\"https:\\\/\\\/diariotextual.com\\\/inicio\\\/#website\",\"url\":\"https:\\\/\\\/diariotextual.com\\\/inicio\\\/\",\"name\":\"Diario Textual\",\"description\":\"\",\"publisher\":{\"@id\":\"https:\\\/\\\/diariotextual.com\\\/inicio\\\/#organization\"},\"potentialAction\":[{\"@type\":\"SearchAction\",\"target\":{\"@type\":\"EntryPoint\",\"urlTemplate\":\"https:\\\/\\\/diariotextual.com\\\/inicio\\\/?s={search_term_string}\"},\"query-input\":{\"@type\":\"PropertyValueSpecification\",\"valueRequired\":true,\"valueName\":\"search_term_string\"}}],\"inLanguage\":\"es\"},{\"@type\":\"Organization\",\"@id\":\"https:\\\/\\\/diariotextual.com\\\/inicio\\\/#organization\",\"name\":\"Diario Textual\",\"url\":\"https:\\\/\\\/diariotextual.com\\\/inicio\\\/\",\"logo\":{\"@type\":\"ImageObject\",\"inLanguage\":\"es\",\"@id\":\"https:\\\/\\\/diariotextual.com\\\/inicio\\\/#\\\/schema\\\/logo\\\/image\\\/\",\"url\":\"https:\\\/\\\/diariotextual.com\\\/inicio\\\/wp-content\\\/uploads\\\/2023\\\/05\\\/logotextual1.jpg\",\"contentUrl\":\"https:\\\/\\\/diariotextual.com\\\/inicio\\\/wp-content\\\/uploads\\\/2023\\\/05\\\/logotextual1.jpg\",\"width\":516,\"height\":76,\"caption\":\"Diario Textual\"},\"image\":{\"@id\":\"https:\\\/\\\/diariotextual.com\\\/inicio\\\/#\\\/schema\\\/logo\\\/image\\\/\"},\"sameAs\":[\"https:\\\/\\\/www.facebook.com\\\/eltextual\",\"https:\\\/\\\/x.com\\\/eltextual\",\"http:\\\/\\\/www.instagram.com\\\/eltextual\"]},{\"@type\":\"Person\",\"@id\":\"https:\\\/\\\/diariotextual.com\\\/inicio\\\/#\\\/schema\\\/person\\\/418fc4093c33e86ed41562db3508f958\",\"name\":\"Diario1 Diario1\",\"image\":{\"@type\":\"ImageObject\",\"inLanguage\":\"es\",\"@id\":\"https:\\\/\\\/secure.gravatar.com\\\/avatar\\\/9167d280179c85bc18be67aa7eda765854300033af4896dd779b608640f2ef7a?s=96&d=mm&r=g\",\"url\":\"https:\\\/\\\/secure.gravatar.com\\\/avatar\\\/9167d280179c85bc18be67aa7eda765854300033af4896dd779b608640f2ef7a?s=96&d=mm&r=g\",\"contentUrl\":\"https:\\\/\\\/secure.gravatar.com\\\/avatar\\\/9167d280179c85bc18be67aa7eda765854300033af4896dd779b608640f2ef7a?s=96&d=mm&r=g\",\"caption\":\"Diario1 Diario1\"},\"url\":\"https:\\\/\\\/diariotextual.com\\\/inicio\\\/index.php\\\/author\\\/diario1\\\/\"}]}<\/script>\n<!-- \/ Yoast SEO plugin. -->","yoast_head_json":{"title":"El TIP confirm\u00f3 una condena a 11 a\u00f1os a un t\u00edo que abus\u00f3 de sus sobrinas - Diario Textual","robots":{"index":"index","follow":"follow","max-snippet":"max-snippet:-1","max-image-preview":"max-image-preview:large","max-video-preview":"max-video-preview:-1"},"canonical":"https:\/\/diariotextual.com\/inicio\/index.php\/2023\/06\/08\/el-tip-confirmo-una-condena-a-11-anos-a-un-tio-que-abuso-de-sus-sobrinas\/","og_locale":"es_ES","og_type":"article","og_title":"El TIP confirm\u00f3 una condena a 11 a\u00f1os a un t\u00edo que abus\u00f3 de sus sobrinas - Diario Textual","og_description":"El Tribunal de Impugnaci\u00f3n Penal confirm\u00f3 hoy una condena a 11 a\u00f1os de prisi\u00f3n contra un hombre que abus\u00f3 de dos sobrinas cuando ellas ten\u00edan 12 y 15 a\u00f1os. El&hellip;","og_url":"https:\/\/diariotextual.com\/inicio\/index.php\/2023\/06\/08\/el-tip-confirmo-una-condena-a-11-anos-a-un-tio-que-abuso-de-sus-sobrinas\/","og_site_name":"Diario Textual","article_publisher":"https:\/\/www.facebook.com\/eltextual","article_published_time":"2023-06-08T15:38:28+00:00","article_modified_time":"2023-06-08T22:21:52+00:00","og_image":[{"width":600,"height":400,"url":"https:\/\/diariotextual.com\/inicio\/wp-content\/uploads\/2018\/03\/centrojudicial2016-1222.jpg","type":"image\/jpeg"}],"author":"Diario1 Diario1","twitter_card":"summary_large_image","twitter_creator":"@eltextual","twitter_site":"@eltextual","twitter_misc":{"Escrito por":"Diario1 Diario1","Tiempo de lectura":"3 minutos"},"schema":{"@context":"https:\/\/schema.org","@graph":[{"@type":"Article","@id":"https:\/\/diariotextual.com\/inicio\/index.php\/2023\/06\/08\/el-tip-confirmo-una-condena-a-11-anos-a-un-tio-que-abuso-de-sus-sobrinas\/#article","isPartOf":{"@id":"https:\/\/diariotextual.com\/inicio\/index.php\/2023\/06\/08\/el-tip-confirmo-una-condena-a-11-anos-a-un-tio-que-abuso-de-sus-sobrinas\/"},"author":{"name":"Diario1 Diario1","@id":"https:\/\/diariotextual.com\/inicio\/#\/schema\/person\/418fc4093c33e86ed41562db3508f958"},"headline":"El TIP confirm\u00f3 una condena a 11 a\u00f1os a un t\u00edo que abus\u00f3 de sus sobrinas","datePublished":"2023-06-08T15:38:28+00:00","dateModified":"2023-06-08T22:21:52+00:00","mainEntityOfPage":{"@id":"https:\/\/diariotextual.com\/inicio\/index.php\/2023\/06\/08\/el-tip-confirmo-una-condena-a-11-anos-a-un-tio-que-abuso-de-sus-sobrinas\/"},"wordCount":680,"publisher":{"@id":"https:\/\/diariotextual.com\/inicio\/#organization"},"image":{"@id":"https:\/\/diariotextual.com\/inicio\/index.php\/2023\/06\/08\/el-tip-confirmo-una-condena-a-11-anos-a-un-tio-que-abuso-de-sus-sobrinas\/#primaryimage"},"thumbnailUrl":"https:\/\/diariotextual.com\/inicio\/wp-content\/uploads\/2018\/03\/centrojudicial2016-1222.jpg","articleSection":["A - ES NOTICIA (van abajo)","SOCIEDAD"],"inLanguage":"es"},{"@type":"WebPage","@id":"https:\/\/diariotextual.com\/inicio\/index.php\/2023\/06\/08\/el-tip-confirmo-una-condena-a-11-anos-a-un-tio-que-abuso-de-sus-sobrinas\/","url":"https:\/\/diariotextual.com\/inicio\/index.php\/2023\/06\/08\/el-tip-confirmo-una-condena-a-11-anos-a-un-tio-que-abuso-de-sus-sobrinas\/","name":"El TIP confirm\u00f3 una condena a 11 a\u00f1os a un t\u00edo que abus\u00f3 de sus sobrinas - Diario Textual","isPartOf":{"@id":"https:\/\/diariotextual.com\/inicio\/#website"},"primaryImageOfPage":{"@id":"https:\/\/diariotextual.com\/inicio\/index.php\/2023\/06\/08\/el-tip-confirmo-una-condena-a-11-anos-a-un-tio-que-abuso-de-sus-sobrinas\/#primaryimage"},"image":{"@id":"https:\/\/diariotextual.com\/inicio\/index.php\/2023\/06\/08\/el-tip-confirmo-una-condena-a-11-anos-a-un-tio-que-abuso-de-sus-sobrinas\/#primaryimage"},"thumbnailUrl":"https:\/\/diariotextual.com\/inicio\/wp-content\/uploads\/2018\/03\/centrojudicial2016-1222.jpg","datePublished":"2023-06-08T15:38:28+00:00","dateModified":"2023-06-08T22:21:52+00:00","breadcrumb":{"@id":"https:\/\/diariotextual.com\/inicio\/index.php\/2023\/06\/08\/el-tip-confirmo-una-condena-a-11-anos-a-un-tio-que-abuso-de-sus-sobrinas\/#breadcrumb"},"inLanguage":"es","potentialAction":[{"@type":"ReadAction","target":["https:\/\/diariotextual.com\/inicio\/index.php\/2023\/06\/08\/el-tip-confirmo-una-condena-a-11-anos-a-un-tio-que-abuso-de-sus-sobrinas\/"]}]},{"@type":"ImageObject","inLanguage":"es","@id":"https:\/\/diariotextual.com\/inicio\/index.php\/2023\/06\/08\/el-tip-confirmo-una-condena-a-11-anos-a-un-tio-que-abuso-de-sus-sobrinas\/#primaryimage","url":"https:\/\/diariotextual.com\/inicio\/wp-content\/uploads\/2018\/03\/centrojudicial2016-1222.jpg","contentUrl":"https:\/\/diariotextual.com\/inicio\/wp-content\/uploads\/2018\/03\/centrojudicial2016-1222.jpg","width":600,"height":400},{"@type":"BreadcrumbList","@id":"https:\/\/diariotextual.com\/inicio\/index.php\/2023\/06\/08\/el-tip-confirmo-una-condena-a-11-anos-a-un-tio-que-abuso-de-sus-sobrinas\/#breadcrumb","itemListElement":[{"@type":"ListItem","position":1,"name":"Portada","item":"https:\/\/diariotextual.com\/inicio\/"},{"@type":"ListItem","position":2,"name":"El TIP confirm\u00f3 una condena a 11 a\u00f1os a un t\u00edo que abus\u00f3 de sus sobrinas"}]},{"@type":"WebSite","@id":"https:\/\/diariotextual.com\/inicio\/#website","url":"https:\/\/diariotextual.com\/inicio\/","name":"Diario Textual","description":"","publisher":{"@id":"https:\/\/diariotextual.com\/inicio\/#organization"},"potentialAction":[{"@type":"SearchAction","target":{"@type":"EntryPoint","urlTemplate":"https:\/\/diariotextual.com\/inicio\/?s={search_term_string}"},"query-input":{"@type":"PropertyValueSpecification","valueRequired":true,"valueName":"search_term_string"}}],"inLanguage":"es"},{"@type":"Organization","@id":"https:\/\/diariotextual.com\/inicio\/#organization","name":"Diario Textual","url":"https:\/\/diariotextual.com\/inicio\/","logo":{"@type":"ImageObject","inLanguage":"es","@id":"https:\/\/diariotextual.com\/inicio\/#\/schema\/logo\/image\/","url":"https:\/\/diariotextual.com\/inicio\/wp-content\/uploads\/2023\/05\/logotextual1.jpg","contentUrl":"https:\/\/diariotextual.com\/inicio\/wp-content\/uploads\/2023\/05\/logotextual1.jpg","width":516,"height":76,"caption":"Diario Textual"},"image":{"@id":"https:\/\/diariotextual.com\/inicio\/#\/schema\/logo\/image\/"},"sameAs":["https:\/\/www.facebook.com\/eltextual","https:\/\/x.com\/eltextual","http:\/\/www.instagram.com\/eltextual"]},{"@type":"Person","@id":"https:\/\/diariotextual.com\/inicio\/#\/schema\/person\/418fc4093c33e86ed41562db3508f958","name":"Diario1 Diario1","image":{"@type":"ImageObject","inLanguage":"es","@id":"https:\/\/secure.gravatar.com\/avatar\/9167d280179c85bc18be67aa7eda765854300033af4896dd779b608640f2ef7a?s=96&d=mm&r=g","url":"https:\/\/secure.gravatar.com\/avatar\/9167d280179c85bc18be67aa7eda765854300033af4896dd779b608640f2ef7a?s=96&d=mm&r=g","contentUrl":"https:\/\/secure.gravatar.com\/avatar\/9167d280179c85bc18be67aa7eda765854300033af4896dd779b608640f2ef7a?s=96&d=mm&r=g","caption":"Diario1 Diario1"},"url":"https:\/\/diariotextual.com\/inicio\/index.php\/author\/diario1\/"}]}},"_links":{"self":[{"href":"https:\/\/diariotextual.com\/inicio\/index.php\/wp-json\/wp\/v2\/posts\/227911","targetHints":{"allow":["GET"]}}],"collection":[{"href":"https:\/\/diariotextual.com\/inicio\/index.php\/wp-json\/wp\/v2\/posts"}],"about":[{"href":"https:\/\/diariotextual.com\/inicio\/index.php\/wp-json\/wp\/v2\/types\/post"}],"author":[{"embeddable":true,"href":"https:\/\/diariotextual.com\/inicio\/index.php\/wp-json\/wp\/v2\/users\/3"}],"replies":[{"embeddable":true,"href":"https:\/\/diariotextual.com\/inicio\/index.php\/wp-json\/wp\/v2\/comments?post=227911"}],"version-history":[{"count":1,"href":"https:\/\/diariotextual.com\/inicio\/index.php\/wp-json\/wp\/v2\/posts\/227911\/revisions"}],"predecessor-version":[{"id":227912,"href":"https:\/\/diariotextual.com\/inicio\/index.php\/wp-json\/wp\/v2\/posts\/227911\/revisions\/227912"}],"wp:featuredmedia":[{"embeddable":true,"href":"https:\/\/diariotextual.com\/inicio\/index.php\/wp-json\/wp\/v2\/media\/1608"}],"wp:attachment":[{"href":"https:\/\/diariotextual.com\/inicio\/index.php\/wp-json\/wp\/v2\/media?parent=227911"}],"wp:term":[{"taxonomy":"category","embeddable":true,"href":"https:\/\/diariotextual.com\/inicio\/index.php\/wp-json\/wp\/v2\/categories?post=227911"},{"taxonomy":"post_tag","embeddable":true,"href":"https:\/\/diariotextual.com\/inicio\/index.php\/wp-json\/wp\/v2\/tags?post=227911"}],"curies":[{"name":"wp","href":"https:\/\/api.w.org\/{rel}","templated":true}]}}