{"id":227914,"date":"2023-06-08T12:55:33","date_gmt":"2023-06-08T15:55:33","guid":{"rendered":"https:\/\/diariotextual.com\/inicio\/?p=227914"},"modified":"2023-06-09T06:37:41","modified_gmt":"2023-06-09T09:37:41","slug":"cayo-la-banda-de-los-medidores","status":"publish","type":"post","link":"https:\/\/diariotextual.com\/inicio\/index.php\/2023\/06\/08\/cayo-la-banda-de-los-medidores\/","title":{"rendered":"Cay\u00f3 la \u201cBanda de los medidores\u201d"},"content":{"rendered":"\n<p>La Brigada de Investigaciones de la Unidad Regional 1 detuvo este jueves a seis integrantes de la <strong>\u201cBanda de los medidores\u201d<\/strong>, que se dedicaba a cortar el suministro el\u00e9ctrico de comercios, escriban\u00edas y estudios jur\u00eddicos de Santa Rosa con fines de robo.<\/p>\n\n\n\n<p>Las detenciones se concretaron tras una serie de allanamientos en las ciudades de C\u00f3rdoba capital y la ciudad de Rosario.<\/p>\n\n\n\n<p><strong><a href=\"https:\/\/diariotextual.com\/inicio\/index.php\/2023\/05\/15\/vandalismo-contra-algunos-medidores-de-luz-en-comercios-de-santa-rosa\/\" target=\"_blank\" rel=\"noreferrer noopener\">El pasado fin de semana del 13 y 14 de mayo, Santa Rosa sufri\u00f3 el accionar de esta banda<\/a><\/strong> que despleg\u00f3 un raid delictivo en el centro, cortando los cables de los medidores de comercios para as\u00ed poder ingresar a los locales y robar.<\/p>\n\n\n\n<p>Esto llam\u00f3 la atenci\u00f3n de comerciantes, vecinos e incluso de autoridades de la Cooperativa Popular de Electricidad CPE quienes manifestaron su preocupaci\u00f3n tras haber detectado nueve cortes del suministro el\u00e9ctrico, una cuesti\u00f3n totalmente at\u00edpica. <\/p>\n\n\n\n<figure class=\"wp-block-image size-large\"><img fetchpriority=\"high\" decoding=\"async\" width=\"1024\" height=\"768\" src=\"https:\/\/diariotextual.com\/inicio\/wp-content\/uploads\/2023\/06\/detenidosbandamedidores11111-1024x768.jpg\" alt=\"\" class=\"wp-image-227918\" srcset=\"https:\/\/diariotextual.com\/inicio\/wp-content\/uploads\/2023\/06\/detenidosbandamedidores11111-1024x768.jpg 1024w, https:\/\/diariotextual.com\/inicio\/wp-content\/uploads\/2023\/06\/detenidosbandamedidores11111-300x225.jpg 300w, https:\/\/diariotextual.com\/inicio\/wp-content\/uploads\/2023\/06\/detenidosbandamedidores11111-768x576.jpg 768w, https:\/\/diariotextual.com\/inicio\/wp-content\/uploads\/2023\/06\/detenidosbandamedidores11111-1536x1152.jpg 1536w, https:\/\/diariotextual.com\/inicio\/wp-content\/uploads\/2023\/06\/detenidosbandamedidores11111-1170x878.jpg 1170w, https:\/\/diariotextual.com\/inicio\/wp-content\/uploads\/2023\/06\/detenidosbandamedidores11111-585x439.jpg 585w, https:\/\/diariotextual.com\/inicio\/wp-content\/uploads\/2023\/06\/detenidosbandamedidores11111.jpg 1600w\" sizes=\"(max-width: 1024px) 100vw, 1024px\" \/><\/figure>\n\n\n\n<p>Ocho de ellos fueron denunciados en forma penal por los usuarios y en solo dos de los cortes de suministro lograron su cometido. Ingresaron a una financiera ubicada en el radio c\u00e9ntrico y a un Wester Uni\u00f3n de avenida Spinetto.<\/p>\n\n\n\n<p>La Brigada de Investigaciones identific\u00f3 el modus operandi desplegado por los delincuentes y logr\u00f3 establecer que no se tratar\u00edan de personas del medio, por lo que debi\u00f3 recabar distintos elementos de prueba, coordinar tareas con personal de las comisar\u00edas Primera y Segunda y con sus pares de las distintas DDI del pa\u00eds. <\/p>\n\n\n\n<p>Para la investigaci\u00f3n se convoc\u00f3 al Gabinete de Investigaci\u00f3n Criminal espec\u00edfico, cuyas primeras tareas se centraron en los sistemas de videovigilanica del Cecom, de particulares y de otras instituciones. <\/p>\n\n\n\n<p>El equipo designado identific\u00f3 el veh\u00edculo utilizado por esta banda e identific\u00f3 a cinco de los seis integrantes de la banda.<\/p>\n\n\n\n<p>Se trata de un grupo de personas integrado por tres cordobeses, dos rosarinos y una persona de nacionalidad chilena. Varios de ellos registran antecedentes sobre hechos contra la propiedad y robos calificados. A Santa Rosa algunos hab\u00edan llegado en un Peugeot 207 y otros en \u00f3mnibus. Se alojaron en un inmueble local ya identificado y durante dos d\u00edas desplegaron esta particular metodolog\u00eda de robo.<\/p>\n\n\n\n<p>En la ma\u00f1ana de hoy se llevaron a cabo varias diligencias de allanamientos dirigidas de forma coordinada, uno de ellos en la calle Margis al 5000 del barrio Tiro Suizo de la ciudad de Rosario, provincia de Santa Fe, logrando la detenci\u00f3n de una persona de 36 a\u00f1os de edad, sindicado como el chofer. Tambi\u00e9n se secuestr\u00f3 el Peugeot 207 utilizado para cometer los hechos investigados y otros elementos probatorios.<\/p>\n\n\n\n<p>Las diligencias se realizaron con el grupo GOT, Unidad Regional 17 (equivalente al GEO local, la AIC (Agencia de Investigaci\u00f3n Criminal) de Rosario y una comisi\u00f3n de la Brigada de Investigaciones de Santa Rosa.<\/p>\n\n\n\n<p>Los restantes allanamientos se realizaron en la ciudad de c\u00f3rdoba Capital, barrio Villa Libertador , logrando . Los allanamientos fueron realizados con el grupo GEO de C\u00f3rdoba, la Divisi\u00f3n Robos y Hurtos de la Polic\u00eda de C\u00f3rdoba y dos comisiones de la Brigada de Investigaciones de Santa Rosa.<br>. Las diligencias judiciales fueron requeridas por la Fiscal\u00eda de Delitos Contra la Propiedad y Juicio Directo, a cargo de la Dra. Leticia PORDOMINGO, v\u00eda exhorto a las autoridades judiciales de citadas ciudades.<\/p>\n\n\n\n<figure class=\"wp-block-image size-large\"><img decoding=\"async\" width=\"1024\" height=\"768\" src=\"https:\/\/diariotextual.com\/inicio\/wp-content\/uploads\/2023\/06\/detenidosbandamedidores222-1024x768.jpg\" alt=\"\" class=\"wp-image-227919\" srcset=\"https:\/\/diariotextual.com\/inicio\/wp-content\/uploads\/2023\/06\/detenidosbandamedidores222-1024x768.jpg 1024w, https:\/\/diariotextual.com\/inicio\/wp-content\/uploads\/2023\/06\/detenidosbandamedidores222-300x225.jpg 300w, https:\/\/diariotextual.com\/inicio\/wp-content\/uploads\/2023\/06\/detenidosbandamedidores222-768x576.jpg 768w, https:\/\/diariotextual.com\/inicio\/wp-content\/uploads\/2023\/06\/detenidosbandamedidores222-1536x1152.jpg 1536w, https:\/\/diariotextual.com\/inicio\/wp-content\/uploads\/2023\/06\/detenidosbandamedidores222-1170x878.jpg 1170w, https:\/\/diariotextual.com\/inicio\/wp-content\/uploads\/2023\/06\/detenidosbandamedidores222-585x439.jpg 585w, https:\/\/diariotextual.com\/inicio\/wp-content\/uploads\/2023\/06\/detenidosbandamedidores222.jpg 1600w\" sizes=\"(max-width: 1024px) 100vw, 1024px\" \/><\/figure>\n","protected":false},"excerpt":{"rendered":"<p>La Brigada de Investigaciones de la Unidad Regional 1 detuvo este jueves a seis integrantes de la \u201cBanda de los medidores\u201d, que se dedicaba a cortar el suministro el\u00e9ctrico de&hellip;<\/p>\n","protected":false},"author":7,"featured_media":227921,"comment_status":"closed","ping_status":"open","sticky":false,"template":"","format":"standard","meta":{"_acf_changed":false,"footnotes":""},"categories":[1,12],"tags":[],"class_list":["post-227914","post","type-post","status-publish","format-standard","has-post-thumbnail","hentry","category-es-noticia","category-sociedad"],"acf":[],"yoast_head":"<!-- This site is optimized with the Yoast SEO plugin v27.5 - https:\/\/yoast.com\/product\/yoast-seo-wordpress\/ -->\n<title>Cay\u00f3 la \u201cBanda de los medidores\u201d - Diario Textual<\/title>\n<meta name=\"robots\" content=\"index, follow, max-snippet:-1, max-image-preview:large, max-video-preview:-1\" \/>\n<link rel=\"canonical\" href=\"https:\/\/diariotextual.com\/inicio\/index.php\/2023\/06\/08\/cayo-la-banda-de-los-medidores\/\" \/>\n<meta property=\"og:locale\" content=\"es_ES\" \/>\n<meta property=\"og:type\" content=\"article\" \/>\n<meta property=\"og:title\" content=\"Cay\u00f3 la \u201cBanda de los medidores\u201d - Diario Textual\" \/>\n<meta property=\"og:description\" content=\"La Brigada de Investigaciones de la Unidad Regional 1 detuvo este jueves a seis integrantes de la \u201cBanda de los medidores\u201d, que se dedicaba a cortar el suministro el\u00e9ctrico de&hellip;\" \/>\n<meta property=\"og:url\" content=\"https:\/\/diariotextual.com\/inicio\/index.php\/2023\/06\/08\/cayo-la-banda-de-los-medidores\/\" \/>\n<meta property=\"og:site_name\" content=\"Diario Textual\" \/>\n<meta property=\"article:publisher\" content=\"https:\/\/www.facebook.com\/eltextual\" \/>\n<meta property=\"article:published_time\" content=\"2023-06-08T15:55:33+00:00\" \/>\n<meta property=\"article:modified_time\" content=\"2023-06-09T09:37:41+00:00\" \/>\n<meta property=\"og:image\" content=\"https:\/\/diariotextual.com\/inicio\/wp-content\/uploads\/2023\/06\/detenidosbandamedidores333.jpg\" \/>\n\t<meta property=\"og:image:width\" content=\"744\" \/>\n\t<meta property=\"og:image:height\" content=\"576\" \/>\n\t<meta property=\"og:image:type\" content=\"image\/jpeg\" \/>\n<meta name=\"author\" content=\"diario5\" \/>\n<meta name=\"twitter:card\" content=\"summary_large_image\" \/>\n<meta name=\"twitter:creator\" content=\"@eltextual\" \/>\n<meta name=\"twitter:site\" content=\"@eltextual\" \/>\n<meta name=\"twitter:label1\" content=\"Escrito por\" \/>\n\t<meta name=\"twitter:data1\" content=\"diario5\" \/>\n\t<meta name=\"twitter:label2\" content=\"Tiempo de lectura\" \/>\n\t<meta name=\"twitter:data2\" content=\"3 minutos\" \/>\n<script type=\"application\/ld+json\" class=\"yoast-schema-graph\">{\"@context\":\"https:\\\/\\\/schema.org\",\"@graph\":[{\"@type\":\"Article\",\"@id\":\"https:\\\/\\\/diariotextual.com\\\/inicio\\\/index.php\\\/2023\\\/06\\\/08\\\/cayo-la-banda-de-los-medidores\\\/#article\",\"isPartOf\":{\"@id\":\"https:\\\/\\\/diariotextual.com\\\/inicio\\\/index.php\\\/2023\\\/06\\\/08\\\/cayo-la-banda-de-los-medidores\\\/\"},\"author\":{\"name\":\"diario5\",\"@id\":\"https:\\\/\\\/diariotextual.com\\\/inicio\\\/#\\\/schema\\\/person\\\/c7834961ad8b29b1d9cdbf4571299067\"},\"headline\":\"Cay\u00f3 la \u201cBanda de los medidores\u201d\",\"datePublished\":\"2023-06-08T15:55:33+00:00\",\"dateModified\":\"2023-06-09T09:37:41+00:00\",\"mainEntityOfPage\":{\"@id\":\"https:\\\/\\\/diariotextual.com\\\/inicio\\\/index.php\\\/2023\\\/06\\\/08\\\/cayo-la-banda-de-los-medidores\\\/\"},\"wordCount\":560,\"publisher\":{\"@id\":\"https:\\\/\\\/diariotextual.com\\\/inicio\\\/#organization\"},\"image\":{\"@id\":\"https:\\\/\\\/diariotextual.com\\\/inicio\\\/index.php\\\/2023\\\/06\\\/08\\\/cayo-la-banda-de-los-medidores\\\/#primaryimage\"},\"thumbnailUrl\":\"https:\\\/\\\/diariotextual.com\\\/inicio\\\/wp-content\\\/uploads\\\/2023\\\/06\\\/detenidosbandamedidores333.jpg\",\"articleSection\":[\"A - ES NOTICIA (van abajo)\",\"SOCIEDAD\"],\"inLanguage\":\"es\"},{\"@type\":\"WebPage\",\"@id\":\"https:\\\/\\\/diariotextual.com\\\/inicio\\\/index.php\\\/2023\\\/06\\\/08\\\/cayo-la-banda-de-los-medidores\\\/\",\"url\":\"https:\\\/\\\/diariotextual.com\\\/inicio\\\/index.php\\\/2023\\\/06\\\/08\\\/cayo-la-banda-de-los-medidores\\\/\",\"name\":\"Cay\u00f3 la \u201cBanda de los medidores\u201d - Diario Textual\",\"isPartOf\":{\"@id\":\"https:\\\/\\\/diariotextual.com\\\/inicio\\\/#website\"},\"primaryImageOfPage\":{\"@id\":\"https:\\\/\\\/diariotextual.com\\\/inicio\\\/index.php\\\/2023\\\/06\\\/08\\\/cayo-la-banda-de-los-medidores\\\/#primaryimage\"},\"image\":{\"@id\":\"https:\\\/\\\/diariotextual.com\\\/inicio\\\/index.php\\\/2023\\\/06\\\/08\\\/cayo-la-banda-de-los-medidores\\\/#primaryimage\"},\"thumbnailUrl\":\"https:\\\/\\\/diariotextual.com\\\/inicio\\\/wp-content\\\/uploads\\\/2023\\\/06\\\/detenidosbandamedidores333.jpg\",\"datePublished\":\"2023-06-08T15:55:33+00:00\",\"dateModified\":\"2023-06-09T09:37:41+00:00\",\"breadcrumb\":{\"@id\":\"https:\\\/\\\/diariotextual.com\\\/inicio\\\/index.php\\\/2023\\\/06\\\/08\\\/cayo-la-banda-de-los-medidores\\\/#breadcrumb\"},\"inLanguage\":\"es\",\"potentialAction\":[{\"@type\":\"ReadAction\",\"target\":[\"https:\\\/\\\/diariotextual.com\\\/inicio\\\/index.php\\\/2023\\\/06\\\/08\\\/cayo-la-banda-de-los-medidores\\\/\"]}]},{\"@type\":\"ImageObject\",\"inLanguage\":\"es\",\"@id\":\"https:\\\/\\\/diariotextual.com\\\/inicio\\\/index.php\\\/2023\\\/06\\\/08\\\/cayo-la-banda-de-los-medidores\\\/#primaryimage\",\"url\":\"https:\\\/\\\/diariotextual.com\\\/inicio\\\/wp-content\\\/uploads\\\/2023\\\/06\\\/detenidosbandamedidores333.jpg\",\"contentUrl\":\"https:\\\/\\\/diariotextual.com\\\/inicio\\\/wp-content\\\/uploads\\\/2023\\\/06\\\/detenidosbandamedidores333.jpg\",\"width\":744,\"height\":576},{\"@type\":\"BreadcrumbList\",\"@id\":\"https:\\\/\\\/diariotextual.com\\\/inicio\\\/index.php\\\/2023\\\/06\\\/08\\\/cayo-la-banda-de-los-medidores\\\/#breadcrumb\",\"itemListElement\":[{\"@type\":\"ListItem\",\"position\":1,\"name\":\"Portada\",\"item\":\"https:\\\/\\\/diariotextual.com\\\/inicio\\\/\"},{\"@type\":\"ListItem\",\"position\":2,\"name\":\"Cay\u00f3 la \u201cBanda de los medidores\u201d\"}]},{\"@type\":\"WebSite\",\"@id\":\"https:\\\/\\\/diariotextual.com\\\/inicio\\\/#website\",\"url\":\"https:\\\/\\\/diariotextual.com\\\/inicio\\\/\",\"name\":\"Diario Textual\",\"description\":\"\",\"publisher\":{\"@id\":\"https:\\\/\\\/diariotextual.com\\\/inicio\\\/#organization\"},\"potentialAction\":[{\"@type\":\"SearchAction\",\"target\":{\"@type\":\"EntryPoint\",\"urlTemplate\":\"https:\\\/\\\/diariotextual.com\\\/inicio\\\/?s={search_term_string}\"},\"query-input\":{\"@type\":\"PropertyValueSpecification\",\"valueRequired\":true,\"valueName\":\"search_term_string\"}}],\"inLanguage\":\"es\"},{\"@type\":\"Organization\",\"@id\":\"https:\\\/\\\/diariotextual.com\\\/inicio\\\/#organization\",\"name\":\"Diario Textual\",\"url\":\"https:\\\/\\\/diariotextual.com\\\/inicio\\\/\",\"logo\":{\"@type\":\"ImageObject\",\"inLanguage\":\"es\",\"@id\":\"https:\\\/\\\/diariotextual.com\\\/inicio\\\/#\\\/schema\\\/logo\\\/image\\\/\",\"url\":\"https:\\\/\\\/diariotextual.com\\\/inicio\\\/wp-content\\\/uploads\\\/2023\\\/05\\\/logotextual1.jpg\",\"contentUrl\":\"https:\\\/\\\/diariotextual.com\\\/inicio\\\/wp-content\\\/uploads\\\/2023\\\/05\\\/logotextual1.jpg\",\"width\":516,\"height\":76,\"caption\":\"Diario Textual\"},\"image\":{\"@id\":\"https:\\\/\\\/diariotextual.com\\\/inicio\\\/#\\\/schema\\\/logo\\\/image\\\/\"},\"sameAs\":[\"https:\\\/\\\/www.facebook.com\\\/eltextual\",\"https:\\\/\\\/x.com\\\/eltextual\",\"http:\\\/\\\/www.instagram.com\\\/eltextual\"]},{\"@type\":\"Person\",\"@id\":\"https:\\\/\\\/diariotextual.com\\\/inicio\\\/#\\\/schema\\\/person\\\/c7834961ad8b29b1d9cdbf4571299067\",\"name\":\"diario5\",\"image\":{\"@type\":\"ImageObject\",\"inLanguage\":\"es\",\"@id\":\"https:\\\/\\\/secure.gravatar.com\\\/avatar\\\/948c893b847ca6df68216ead81b63f363408ec9b0f600fefc0641ce78613b111?s=96&d=mm&r=g\",\"url\":\"https:\\\/\\\/secure.gravatar.com\\\/avatar\\\/948c893b847ca6df68216ead81b63f363408ec9b0f600fefc0641ce78613b111?s=96&d=mm&r=g\",\"contentUrl\":\"https:\\\/\\\/secure.gravatar.com\\\/avatar\\\/948c893b847ca6df68216ead81b63f363408ec9b0f600fefc0641ce78613b111?s=96&d=mm&r=g\",\"caption\":\"diario5\"},\"url\":\"https:\\\/\\\/diariotextual.com\\\/inicio\\\/index.php\\\/author\\\/diario5\\\/\"}]}<\/script>\n<!-- \/ Yoast SEO plugin. -->","yoast_head_json":{"title":"Cay\u00f3 la \u201cBanda de los medidores\u201d - Diario Textual","robots":{"index":"index","follow":"follow","max-snippet":"max-snippet:-1","max-image-preview":"max-image-preview:large","max-video-preview":"max-video-preview:-1"},"canonical":"https:\/\/diariotextual.com\/inicio\/index.php\/2023\/06\/08\/cayo-la-banda-de-los-medidores\/","og_locale":"es_ES","og_type":"article","og_title":"Cay\u00f3 la \u201cBanda de los medidores\u201d - Diario Textual","og_description":"La Brigada de Investigaciones de la Unidad Regional 1 detuvo este jueves a seis integrantes de la \u201cBanda de los medidores\u201d, que se dedicaba a cortar el suministro el\u00e9ctrico de&hellip;","og_url":"https:\/\/diariotextual.com\/inicio\/index.php\/2023\/06\/08\/cayo-la-banda-de-los-medidores\/","og_site_name":"Diario Textual","article_publisher":"https:\/\/www.facebook.com\/eltextual","article_published_time":"2023-06-08T15:55:33+00:00","article_modified_time":"2023-06-09T09:37:41+00:00","og_image":[{"width":744,"height":576,"url":"https:\/\/diariotextual.com\/inicio\/wp-content\/uploads\/2023\/06\/detenidosbandamedidores333.jpg","type":"image\/jpeg"}],"author":"diario5","twitter_card":"summary_large_image","twitter_creator":"@eltextual","twitter_site":"@eltextual","twitter_misc":{"Escrito por":"diario5","Tiempo de lectura":"3 minutos"},"schema":{"@context":"https:\/\/schema.org","@graph":[{"@type":"Article","@id":"https:\/\/diariotextual.com\/inicio\/index.php\/2023\/06\/08\/cayo-la-banda-de-los-medidores\/#article","isPartOf":{"@id":"https:\/\/diariotextual.com\/inicio\/index.php\/2023\/06\/08\/cayo-la-banda-de-los-medidores\/"},"author":{"name":"diario5","@id":"https:\/\/diariotextual.com\/inicio\/#\/schema\/person\/c7834961ad8b29b1d9cdbf4571299067"},"headline":"Cay\u00f3 la \u201cBanda de los medidores\u201d","datePublished":"2023-06-08T15:55:33+00:00","dateModified":"2023-06-09T09:37:41+00:00","mainEntityOfPage":{"@id":"https:\/\/diariotextual.com\/inicio\/index.php\/2023\/06\/08\/cayo-la-banda-de-los-medidores\/"},"wordCount":560,"publisher":{"@id":"https:\/\/diariotextual.com\/inicio\/#organization"},"image":{"@id":"https:\/\/diariotextual.com\/inicio\/index.php\/2023\/06\/08\/cayo-la-banda-de-los-medidores\/#primaryimage"},"thumbnailUrl":"https:\/\/diariotextual.com\/inicio\/wp-content\/uploads\/2023\/06\/detenidosbandamedidores333.jpg","articleSection":["A - ES NOTICIA (van abajo)","SOCIEDAD"],"inLanguage":"es"},{"@type":"WebPage","@id":"https:\/\/diariotextual.com\/inicio\/index.php\/2023\/06\/08\/cayo-la-banda-de-los-medidores\/","url":"https:\/\/diariotextual.com\/inicio\/index.php\/2023\/06\/08\/cayo-la-banda-de-los-medidores\/","name":"Cay\u00f3 la \u201cBanda de los medidores\u201d - Diario Textual","isPartOf":{"@id":"https:\/\/diariotextual.com\/inicio\/#website"},"primaryImageOfPage":{"@id":"https:\/\/diariotextual.com\/inicio\/index.php\/2023\/06\/08\/cayo-la-banda-de-los-medidores\/#primaryimage"},"image":{"@id":"https:\/\/diariotextual.com\/inicio\/index.php\/2023\/06\/08\/cayo-la-banda-de-los-medidores\/#primaryimage"},"thumbnailUrl":"https:\/\/diariotextual.com\/inicio\/wp-content\/uploads\/2023\/06\/detenidosbandamedidores333.jpg","datePublished":"2023-06-08T15:55:33+00:00","dateModified":"2023-06-09T09:37:41+00:00","breadcrumb":{"@id":"https:\/\/diariotextual.com\/inicio\/index.php\/2023\/06\/08\/cayo-la-banda-de-los-medidores\/#breadcrumb"},"inLanguage":"es","potentialAction":[{"@type":"ReadAction","target":["https:\/\/diariotextual.com\/inicio\/index.php\/2023\/06\/08\/cayo-la-banda-de-los-medidores\/"]}]},{"@type":"ImageObject","inLanguage":"es","@id":"https:\/\/diariotextual.com\/inicio\/index.php\/2023\/06\/08\/cayo-la-banda-de-los-medidores\/#primaryimage","url":"https:\/\/diariotextual.com\/inicio\/wp-content\/uploads\/2023\/06\/detenidosbandamedidores333.jpg","contentUrl":"https:\/\/diariotextual.com\/inicio\/wp-content\/uploads\/2023\/06\/detenidosbandamedidores333.jpg","width":744,"height":576},{"@type":"BreadcrumbList","@id":"https:\/\/diariotextual.com\/inicio\/index.php\/2023\/06\/08\/cayo-la-banda-de-los-medidores\/#breadcrumb","itemListElement":[{"@type":"ListItem","position":1,"name":"Portada","item":"https:\/\/diariotextual.com\/inicio\/"},{"@type":"ListItem","position":2,"name":"Cay\u00f3 la \u201cBanda de los medidores\u201d"}]},{"@type":"WebSite","@id":"https:\/\/diariotextual.com\/inicio\/#website","url":"https:\/\/diariotextual.com\/inicio\/","name":"Diario Textual","description":"","publisher":{"@id":"https:\/\/diariotextual.com\/inicio\/#organization"},"potentialAction":[{"@type":"SearchAction","target":{"@type":"EntryPoint","urlTemplate":"https:\/\/diariotextual.com\/inicio\/?s={search_term_string}"},"query-input":{"@type":"PropertyValueSpecification","valueRequired":true,"valueName":"search_term_string"}}],"inLanguage":"es"},{"@type":"Organization","@id":"https:\/\/diariotextual.com\/inicio\/#organization","name":"Diario Textual","url":"https:\/\/diariotextual.com\/inicio\/","logo":{"@type":"ImageObject","inLanguage":"es","@id":"https:\/\/diariotextual.com\/inicio\/#\/schema\/logo\/image\/","url":"https:\/\/diariotextual.com\/inicio\/wp-content\/uploads\/2023\/05\/logotextual1.jpg","contentUrl":"https:\/\/diariotextual.com\/inicio\/wp-content\/uploads\/2023\/05\/logotextual1.jpg","width":516,"height":76,"caption":"Diario Textual"},"image":{"@id":"https:\/\/diariotextual.com\/inicio\/#\/schema\/logo\/image\/"},"sameAs":["https:\/\/www.facebook.com\/eltextual","https:\/\/x.com\/eltextual","http:\/\/www.instagram.com\/eltextual"]},{"@type":"Person","@id":"https:\/\/diariotextual.com\/inicio\/#\/schema\/person\/c7834961ad8b29b1d9cdbf4571299067","name":"diario5","image":{"@type":"ImageObject","inLanguage":"es","@id":"https:\/\/secure.gravatar.com\/avatar\/948c893b847ca6df68216ead81b63f363408ec9b0f600fefc0641ce78613b111?s=96&d=mm&r=g","url":"https:\/\/secure.gravatar.com\/avatar\/948c893b847ca6df68216ead81b63f363408ec9b0f600fefc0641ce78613b111?s=96&d=mm&r=g","contentUrl":"https:\/\/secure.gravatar.com\/avatar\/948c893b847ca6df68216ead81b63f363408ec9b0f600fefc0641ce78613b111?s=96&d=mm&r=g","caption":"diario5"},"url":"https:\/\/diariotextual.com\/inicio\/index.php\/author\/diario5\/"}]}},"_links":{"self":[{"href":"https:\/\/diariotextual.com\/inicio\/index.php\/wp-json\/wp\/v2\/posts\/227914","targetHints":{"allow":["GET"]}}],"collection":[{"href":"https:\/\/diariotextual.com\/inicio\/index.php\/wp-json\/wp\/v2\/posts"}],"about":[{"href":"https:\/\/diariotextual.com\/inicio\/index.php\/wp-json\/wp\/v2\/types\/post"}],"author":[{"embeddable":true,"href":"https:\/\/diariotextual.com\/inicio\/index.php\/wp-json\/wp\/v2\/users\/7"}],"replies":[{"embeddable":true,"href":"https:\/\/diariotextual.com\/inicio\/index.php\/wp-json\/wp\/v2\/comments?post=227914"}],"version-history":[{"count":2,"href":"https:\/\/diariotextual.com\/inicio\/index.php\/wp-json\/wp\/v2\/posts\/227914\/revisions"}],"predecessor-version":[{"id":227920,"href":"https:\/\/diariotextual.com\/inicio\/index.php\/wp-json\/wp\/v2\/posts\/227914\/revisions\/227920"}],"wp:featuredmedia":[{"embeddable":true,"href":"https:\/\/diariotextual.com\/inicio\/index.php\/wp-json\/wp\/v2\/media\/227921"}],"wp:attachment":[{"href":"https:\/\/diariotextual.com\/inicio\/index.php\/wp-json\/wp\/v2\/media?parent=227914"}],"wp:term":[{"taxonomy":"category","embeddable":true,"href":"https:\/\/diariotextual.com\/inicio\/index.php\/wp-json\/wp\/v2\/categories?post=227914"},{"taxonomy":"post_tag","embeddable":true,"href":"https:\/\/diariotextual.com\/inicio\/index.php\/wp-json\/wp\/v2\/tags?post=227914"}],"curies":[{"name":"wp","href":"https:\/\/api.w.org\/{rel}","templated":true}]}}