{"id":227940,"date":"2023-06-08T19:21:39","date_gmt":"2023-06-08T22:21:39","guid":{"rendered":"https:\/\/diariotextual.com\/inicio\/?p=227940"},"modified":"2023-06-09T05:52:27","modified_gmt":"2023-06-09T08:52:27","slug":"continuan-las-visitas-guiadas-por-la-estancia-la-malvina","status":"publish","type":"post","link":"https:\/\/diariotextual.com\/inicio\/index.php\/2023\/06\/08\/continuan-las-visitas-guiadas-por-la-estancia-la-malvina\/","title":{"rendered":"Contin\u00faan las visitas guiadas por la estancia La Malvina"},"content":{"rendered":"\n<p>En el marco de la Semana del Ambiente, organizada por la Municipalidad de Santa Rosa, este jueves 8 de junio estudiantes de 5to y 6to a\u00f1o del Colegio de la Universidad Nacional de la Pampa, realizaron una visita guiada por la Reserva Natural Urbana Estancia La Malvina.<\/p>\n\n\n\n<p>La actividad comenz\u00f3 a las 14 horas con un recorrido en el que gu\u00edas especializados explicaron detalles sobre la flora y fauna de este valioso pulm\u00f3n verde de la ciudad y su importancia socioambiental.<\/p>\n\n\n\n<p>Luego visitaron el casco de la antigua estancia de Remigio Gil, cuyo capataz fue Tom\u00e1s Mason, fundador de Santa Rosa. All\u00ed, las y los alumnos conocieron datos de relevancia que consolidan a este lugar como una referencia principal del patrimonio hist\u00f3rico, cultural y natural de nuestra ciudad.<\/p>\n\n\n\n<p>Durante la actual gesti\u00f3n del intendente Luciano di N\u00e1poli se llevaron a cabo distintas acciones vinculadas a la puesta en valor y jerarquizaci\u00f3n de la Reserva Natural Urbana Estancia La Malvina. En junio de 2022 el intendente Luciano di N\u00e1poli firm\u00f3 un Convenio con la Subsecretaria de Ambiente de La Pampa para que las reservas urbanas Naturales La Malvina y Los Caldenes formen parte del Sistema Provincial de Reservas Naturales.<\/p>\n\n\n\n<p>En ese marco, se realizaron acciones como la puesta a punto de la Oficina de Informes, la colocaci\u00f3n de nueve c\u00e1maras de seguridad, dotaci\u00f3n de servicio de Internet en la parte contigua del casco, mantenimiento de manera peri\u00f3dica de los senderos y los contrafuegos a trav\u00e9s de la Direcci\u00f3n de Vialidad y la instalaci\u00f3n de un bicicletero.<\/p>\n\n\n\n<p>Como parte del programa Santa Rosa Ambiental se realizan capacitaciones y se colocaron cestos para diferenciar la basura de los materiales reciclables. Tambi\u00e9n se llevan a cabo constantemente recorridos y charlas para instituciones educativas y particulares sobre la flora y fauna del sitio y su relevancia hist\u00f3rica. En cuanto a este \u00faltimo aspecto, se destaca durante la actual gesti\u00f3n el descubrimiento de los cimientos de la primera casa de ladrillos de la ciudad.<\/p>\n\n\n\n<p>Como parte de esta transformaci\u00f3n del espacio, cabe recordar que en 2021 por iniciativa del intendente Luciano di N\u00e1poli en conjunto con el Gobierno provincial y Organismos de Derechos Humanos se cre\u00f3 el paseo \u201cAbuelas de Plaza de Mayo\u201d, para homenajear la hist\u00f3rica ronda que realiza cada jueves las Abuelas de Plaza de Mayo en memoria de los 30.000 desaparecidos durante la \u00faltima dictadura c\u00edvico-eclesi\u00e1stico-militar.<\/p>\n\n\n\n<p>El paseo cuenta con un sendero de unos 300 metros, d\u00f3nde se encuentran plantados 67 algarrobos colorados que representan a los 67 desaparecidos pampeanos registrados hasta el presente.<\/p>\n","protected":false},"excerpt":{"rendered":"<p>En el marco de la Semana del Ambiente, organizada por la Municipalidad de Santa Rosa, este jueves 8 de junio estudiantes de 5to y 6to a\u00f1o del Colegio de la&hellip;<\/p>\n","protected":false},"author":3,"featured_media":227942,"comment_status":"closed","ping_status":"open","sticky":false,"template":"","format":"standard","meta":{"_acf_changed":false,"footnotes":""},"categories":[1,12],"tags":[],"class_list":["post-227940","post","type-post","status-publish","format-standard","has-post-thumbnail","hentry","category-es-noticia","category-sociedad"],"acf":[],"yoast_head":"<!-- This site is optimized with the Yoast SEO plugin v27.5 - https:\/\/yoast.com\/product\/yoast-seo-wordpress\/ -->\n<title>Contin\u00faan las visitas guiadas por la estancia La Malvina - Diario Textual<\/title>\n<meta name=\"robots\" content=\"index, follow, max-snippet:-1, max-image-preview:large, max-video-preview:-1\" \/>\n<link rel=\"canonical\" href=\"https:\/\/diariotextual.com\/inicio\/index.php\/2023\/06\/08\/continuan-las-visitas-guiadas-por-la-estancia-la-malvina\/\" \/>\n<meta property=\"og:locale\" content=\"es_ES\" \/>\n<meta property=\"og:type\" content=\"article\" \/>\n<meta property=\"og:title\" content=\"Contin\u00faan las visitas guiadas por la estancia La Malvina - Diario Textual\" \/>\n<meta property=\"og:description\" content=\"En el marco de la Semana del Ambiente, organizada por la Municipalidad de Santa Rosa, este jueves 8 de junio estudiantes de 5to y 6to a\u00f1o del Colegio de la&hellip;\" \/>\n<meta property=\"og:url\" content=\"https:\/\/diariotextual.com\/inicio\/index.php\/2023\/06\/08\/continuan-las-visitas-guiadas-por-la-estancia-la-malvina\/\" \/>\n<meta property=\"og:site_name\" content=\"Diario Textual\" \/>\n<meta property=\"article:publisher\" content=\"https:\/\/www.facebook.com\/eltextual\" \/>\n<meta property=\"article:published_time\" content=\"2023-06-08T22:21:39+00:00\" \/>\n<meta property=\"article:modified_time\" content=\"2023-06-09T08:52:27+00:00\" \/>\n<meta property=\"og:image\" content=\"https:\/\/diariotextual.com\/inicio\/wp-content\/uploads\/2023\/06\/estanciamalvina2023-1.jpg\" \/>\n\t<meta property=\"og:image:width\" content=\"1280\" \/>\n\t<meta property=\"og:image:height\" content=\"959\" \/>\n\t<meta property=\"og:image:type\" content=\"image\/jpeg\" \/>\n<meta name=\"author\" content=\"Diario1 Diario1\" \/>\n<meta name=\"twitter:card\" content=\"summary_large_image\" \/>\n<meta name=\"twitter:creator\" content=\"@eltextual\" \/>\n<meta name=\"twitter:site\" content=\"@eltextual\" \/>\n<meta name=\"twitter:label1\" content=\"Escrito por\" \/>\n\t<meta name=\"twitter:data1\" content=\"Diario1 Diario1\" \/>\n\t<meta name=\"twitter:label2\" content=\"Tiempo de lectura\" \/>\n\t<meta name=\"twitter:data2\" content=\"2 minutos\" \/>\n<script type=\"application\/ld+json\" class=\"yoast-schema-graph\">{\"@context\":\"https:\\\/\\\/schema.org\",\"@graph\":[{\"@type\":\"Article\",\"@id\":\"https:\\\/\\\/diariotextual.com\\\/inicio\\\/index.php\\\/2023\\\/06\\\/08\\\/continuan-las-visitas-guiadas-por-la-estancia-la-malvina\\\/#article\",\"isPartOf\":{\"@id\":\"https:\\\/\\\/diariotextual.com\\\/inicio\\\/index.php\\\/2023\\\/06\\\/08\\\/continuan-las-visitas-guiadas-por-la-estancia-la-malvina\\\/\"},\"author\":{\"name\":\"Diario1 Diario1\",\"@id\":\"https:\\\/\\\/diariotextual.com\\\/inicio\\\/#\\\/schema\\\/person\\\/418fc4093c33e86ed41562db3508f958\"},\"headline\":\"Contin\u00faan las visitas guiadas por la estancia La Malvina\",\"datePublished\":\"2023-06-08T22:21:39+00:00\",\"dateModified\":\"2023-06-09T08:52:27+00:00\",\"mainEntityOfPage\":{\"@id\":\"https:\\\/\\\/diariotextual.com\\\/inicio\\\/index.php\\\/2023\\\/06\\\/08\\\/continuan-las-visitas-guiadas-por-la-estancia-la-malvina\\\/\"},\"wordCount\":448,\"publisher\":{\"@id\":\"https:\\\/\\\/diariotextual.com\\\/inicio\\\/#organization\"},\"image\":{\"@id\":\"https:\\\/\\\/diariotextual.com\\\/inicio\\\/index.php\\\/2023\\\/06\\\/08\\\/continuan-las-visitas-guiadas-por-la-estancia-la-malvina\\\/#primaryimage\"},\"thumbnailUrl\":\"https:\\\/\\\/diariotextual.com\\\/inicio\\\/wp-content\\\/uploads\\\/2023\\\/06\\\/estanciamalvina2023-1.jpg\",\"articleSection\":[\"A - ES NOTICIA (van abajo)\",\"SOCIEDAD\"],\"inLanguage\":\"es\"},{\"@type\":\"WebPage\",\"@id\":\"https:\\\/\\\/diariotextual.com\\\/inicio\\\/index.php\\\/2023\\\/06\\\/08\\\/continuan-las-visitas-guiadas-por-la-estancia-la-malvina\\\/\",\"url\":\"https:\\\/\\\/diariotextual.com\\\/inicio\\\/index.php\\\/2023\\\/06\\\/08\\\/continuan-las-visitas-guiadas-por-la-estancia-la-malvina\\\/\",\"name\":\"Contin\u00faan las visitas guiadas por la estancia La Malvina - Diario Textual\",\"isPartOf\":{\"@id\":\"https:\\\/\\\/diariotextual.com\\\/inicio\\\/#website\"},\"primaryImageOfPage\":{\"@id\":\"https:\\\/\\\/diariotextual.com\\\/inicio\\\/index.php\\\/2023\\\/06\\\/08\\\/continuan-las-visitas-guiadas-por-la-estancia-la-malvina\\\/#primaryimage\"},\"image\":{\"@id\":\"https:\\\/\\\/diariotextual.com\\\/inicio\\\/index.php\\\/2023\\\/06\\\/08\\\/continuan-las-visitas-guiadas-por-la-estancia-la-malvina\\\/#primaryimage\"},\"thumbnailUrl\":\"https:\\\/\\\/diariotextual.com\\\/inicio\\\/wp-content\\\/uploads\\\/2023\\\/06\\\/estanciamalvina2023-1.jpg\",\"datePublished\":\"2023-06-08T22:21:39+00:00\",\"dateModified\":\"2023-06-09T08:52:27+00:00\",\"breadcrumb\":{\"@id\":\"https:\\\/\\\/diariotextual.com\\\/inicio\\\/index.php\\\/2023\\\/06\\\/08\\\/continuan-las-visitas-guiadas-por-la-estancia-la-malvina\\\/#breadcrumb\"},\"inLanguage\":\"es\",\"potentialAction\":[{\"@type\":\"ReadAction\",\"target\":[\"https:\\\/\\\/diariotextual.com\\\/inicio\\\/index.php\\\/2023\\\/06\\\/08\\\/continuan-las-visitas-guiadas-por-la-estancia-la-malvina\\\/\"]}]},{\"@type\":\"ImageObject\",\"inLanguage\":\"es\",\"@id\":\"https:\\\/\\\/diariotextual.com\\\/inicio\\\/index.php\\\/2023\\\/06\\\/08\\\/continuan-las-visitas-guiadas-por-la-estancia-la-malvina\\\/#primaryimage\",\"url\":\"https:\\\/\\\/diariotextual.com\\\/inicio\\\/wp-content\\\/uploads\\\/2023\\\/06\\\/estanciamalvina2023-1.jpg\",\"contentUrl\":\"https:\\\/\\\/diariotextual.com\\\/inicio\\\/wp-content\\\/uploads\\\/2023\\\/06\\\/estanciamalvina2023-1.jpg\",\"width\":1280,\"height\":959},{\"@type\":\"BreadcrumbList\",\"@id\":\"https:\\\/\\\/diariotextual.com\\\/inicio\\\/index.php\\\/2023\\\/06\\\/08\\\/continuan-las-visitas-guiadas-por-la-estancia-la-malvina\\\/#breadcrumb\",\"itemListElement\":[{\"@type\":\"ListItem\",\"position\":1,\"name\":\"Portada\",\"item\":\"https:\\\/\\\/diariotextual.com\\\/inicio\\\/\"},{\"@type\":\"ListItem\",\"position\":2,\"name\":\"Contin\u00faan las visitas guiadas por la estancia La Malvina\"}]},{\"@type\":\"WebSite\",\"@id\":\"https:\\\/\\\/diariotextual.com\\\/inicio\\\/#website\",\"url\":\"https:\\\/\\\/diariotextual.com\\\/inicio\\\/\",\"name\":\"Diario Textual\",\"description\":\"\",\"publisher\":{\"@id\":\"https:\\\/\\\/diariotextual.com\\\/inicio\\\/#organization\"},\"potentialAction\":[{\"@type\":\"SearchAction\",\"target\":{\"@type\":\"EntryPoint\",\"urlTemplate\":\"https:\\\/\\\/diariotextual.com\\\/inicio\\\/?s={search_term_string}\"},\"query-input\":{\"@type\":\"PropertyValueSpecification\",\"valueRequired\":true,\"valueName\":\"search_term_string\"}}],\"inLanguage\":\"es\"},{\"@type\":\"Organization\",\"@id\":\"https:\\\/\\\/diariotextual.com\\\/inicio\\\/#organization\",\"name\":\"Diario Textual\",\"url\":\"https:\\\/\\\/diariotextual.com\\\/inicio\\\/\",\"logo\":{\"@type\":\"ImageObject\",\"inLanguage\":\"es\",\"@id\":\"https:\\\/\\\/diariotextual.com\\\/inicio\\\/#\\\/schema\\\/logo\\\/image\\\/\",\"url\":\"https:\\\/\\\/diariotextual.com\\\/inicio\\\/wp-content\\\/uploads\\\/2023\\\/05\\\/logotextual1.jpg\",\"contentUrl\":\"https:\\\/\\\/diariotextual.com\\\/inicio\\\/wp-content\\\/uploads\\\/2023\\\/05\\\/logotextual1.jpg\",\"width\":516,\"height\":76,\"caption\":\"Diario Textual\"},\"image\":{\"@id\":\"https:\\\/\\\/diariotextual.com\\\/inicio\\\/#\\\/schema\\\/logo\\\/image\\\/\"},\"sameAs\":[\"https:\\\/\\\/www.facebook.com\\\/eltextual\",\"https:\\\/\\\/x.com\\\/eltextual\",\"http:\\\/\\\/www.instagram.com\\\/eltextual\"]},{\"@type\":\"Person\",\"@id\":\"https:\\\/\\\/diariotextual.com\\\/inicio\\\/#\\\/schema\\\/person\\\/418fc4093c33e86ed41562db3508f958\",\"name\":\"Diario1 Diario1\",\"image\":{\"@type\":\"ImageObject\",\"inLanguage\":\"es\",\"@id\":\"https:\\\/\\\/secure.gravatar.com\\\/avatar\\\/9167d280179c85bc18be67aa7eda765854300033af4896dd779b608640f2ef7a?s=96&d=mm&r=g\",\"url\":\"https:\\\/\\\/secure.gravatar.com\\\/avatar\\\/9167d280179c85bc18be67aa7eda765854300033af4896dd779b608640f2ef7a?s=96&d=mm&r=g\",\"contentUrl\":\"https:\\\/\\\/secure.gravatar.com\\\/avatar\\\/9167d280179c85bc18be67aa7eda765854300033af4896dd779b608640f2ef7a?s=96&d=mm&r=g\",\"caption\":\"Diario1 Diario1\"},\"url\":\"https:\\\/\\\/diariotextual.com\\\/inicio\\\/index.php\\\/author\\\/diario1\\\/\"}]}<\/script>\n<!-- \/ Yoast SEO plugin. -->","yoast_head_json":{"title":"Contin\u00faan las visitas guiadas por la estancia La Malvina - Diario Textual","robots":{"index":"index","follow":"follow","max-snippet":"max-snippet:-1","max-image-preview":"max-image-preview:large","max-video-preview":"max-video-preview:-1"},"canonical":"https:\/\/diariotextual.com\/inicio\/index.php\/2023\/06\/08\/continuan-las-visitas-guiadas-por-la-estancia-la-malvina\/","og_locale":"es_ES","og_type":"article","og_title":"Contin\u00faan las visitas guiadas por la estancia La Malvina - Diario Textual","og_description":"En el marco de la Semana del Ambiente, organizada por la Municipalidad de Santa Rosa, este jueves 8 de junio estudiantes de 5to y 6to a\u00f1o del Colegio de la&hellip;","og_url":"https:\/\/diariotextual.com\/inicio\/index.php\/2023\/06\/08\/continuan-las-visitas-guiadas-por-la-estancia-la-malvina\/","og_site_name":"Diario Textual","article_publisher":"https:\/\/www.facebook.com\/eltextual","article_published_time":"2023-06-08T22:21:39+00:00","article_modified_time":"2023-06-09T08:52:27+00:00","og_image":[{"width":1280,"height":959,"url":"https:\/\/diariotextual.com\/inicio\/wp-content\/uploads\/2023\/06\/estanciamalvina2023-1.jpg","type":"image\/jpeg"}],"author":"Diario1 Diario1","twitter_card":"summary_large_image","twitter_creator":"@eltextual","twitter_site":"@eltextual","twitter_misc":{"Escrito por":"Diario1 Diario1","Tiempo de lectura":"2 minutos"},"schema":{"@context":"https:\/\/schema.org","@graph":[{"@type":"Article","@id":"https:\/\/diariotextual.com\/inicio\/index.php\/2023\/06\/08\/continuan-las-visitas-guiadas-por-la-estancia-la-malvina\/#article","isPartOf":{"@id":"https:\/\/diariotextual.com\/inicio\/index.php\/2023\/06\/08\/continuan-las-visitas-guiadas-por-la-estancia-la-malvina\/"},"author":{"name":"Diario1 Diario1","@id":"https:\/\/diariotextual.com\/inicio\/#\/schema\/person\/418fc4093c33e86ed41562db3508f958"},"headline":"Contin\u00faan las visitas guiadas por la estancia La Malvina","datePublished":"2023-06-08T22:21:39+00:00","dateModified":"2023-06-09T08:52:27+00:00","mainEntityOfPage":{"@id":"https:\/\/diariotextual.com\/inicio\/index.php\/2023\/06\/08\/continuan-las-visitas-guiadas-por-la-estancia-la-malvina\/"},"wordCount":448,"publisher":{"@id":"https:\/\/diariotextual.com\/inicio\/#organization"},"image":{"@id":"https:\/\/diariotextual.com\/inicio\/index.php\/2023\/06\/08\/continuan-las-visitas-guiadas-por-la-estancia-la-malvina\/#primaryimage"},"thumbnailUrl":"https:\/\/diariotextual.com\/inicio\/wp-content\/uploads\/2023\/06\/estanciamalvina2023-1.jpg","articleSection":["A - ES NOTICIA (van abajo)","SOCIEDAD"],"inLanguage":"es"},{"@type":"WebPage","@id":"https:\/\/diariotextual.com\/inicio\/index.php\/2023\/06\/08\/continuan-las-visitas-guiadas-por-la-estancia-la-malvina\/","url":"https:\/\/diariotextual.com\/inicio\/index.php\/2023\/06\/08\/continuan-las-visitas-guiadas-por-la-estancia-la-malvina\/","name":"Contin\u00faan las visitas guiadas por la estancia La Malvina - Diario Textual","isPartOf":{"@id":"https:\/\/diariotextual.com\/inicio\/#website"},"primaryImageOfPage":{"@id":"https:\/\/diariotextual.com\/inicio\/index.php\/2023\/06\/08\/continuan-las-visitas-guiadas-por-la-estancia-la-malvina\/#primaryimage"},"image":{"@id":"https:\/\/diariotextual.com\/inicio\/index.php\/2023\/06\/08\/continuan-las-visitas-guiadas-por-la-estancia-la-malvina\/#primaryimage"},"thumbnailUrl":"https:\/\/diariotextual.com\/inicio\/wp-content\/uploads\/2023\/06\/estanciamalvina2023-1.jpg","datePublished":"2023-06-08T22:21:39+00:00","dateModified":"2023-06-09T08:52:27+00:00","breadcrumb":{"@id":"https:\/\/diariotextual.com\/inicio\/index.php\/2023\/06\/08\/continuan-las-visitas-guiadas-por-la-estancia-la-malvina\/#breadcrumb"},"inLanguage":"es","potentialAction":[{"@type":"ReadAction","target":["https:\/\/diariotextual.com\/inicio\/index.php\/2023\/06\/08\/continuan-las-visitas-guiadas-por-la-estancia-la-malvina\/"]}]},{"@type":"ImageObject","inLanguage":"es","@id":"https:\/\/diariotextual.com\/inicio\/index.php\/2023\/06\/08\/continuan-las-visitas-guiadas-por-la-estancia-la-malvina\/#primaryimage","url":"https:\/\/diariotextual.com\/inicio\/wp-content\/uploads\/2023\/06\/estanciamalvina2023-1.jpg","contentUrl":"https:\/\/diariotextual.com\/inicio\/wp-content\/uploads\/2023\/06\/estanciamalvina2023-1.jpg","width":1280,"height":959},{"@type":"BreadcrumbList","@id":"https:\/\/diariotextual.com\/inicio\/index.php\/2023\/06\/08\/continuan-las-visitas-guiadas-por-la-estancia-la-malvina\/#breadcrumb","itemListElement":[{"@type":"ListItem","position":1,"name":"Portada","item":"https:\/\/diariotextual.com\/inicio\/"},{"@type":"ListItem","position":2,"name":"Contin\u00faan las visitas guiadas por la estancia La Malvina"}]},{"@type":"WebSite","@id":"https:\/\/diariotextual.com\/inicio\/#website","url":"https:\/\/diariotextual.com\/inicio\/","name":"Diario Textual","description":"","publisher":{"@id":"https:\/\/diariotextual.com\/inicio\/#organization"},"potentialAction":[{"@type":"SearchAction","target":{"@type":"EntryPoint","urlTemplate":"https:\/\/diariotextual.com\/inicio\/?s={search_term_string}"},"query-input":{"@type":"PropertyValueSpecification","valueRequired":true,"valueName":"search_term_string"}}],"inLanguage":"es"},{"@type":"Organization","@id":"https:\/\/diariotextual.com\/inicio\/#organization","name":"Diario Textual","url":"https:\/\/diariotextual.com\/inicio\/","logo":{"@type":"ImageObject","inLanguage":"es","@id":"https:\/\/diariotextual.com\/inicio\/#\/schema\/logo\/image\/","url":"https:\/\/diariotextual.com\/inicio\/wp-content\/uploads\/2023\/05\/logotextual1.jpg","contentUrl":"https:\/\/diariotextual.com\/inicio\/wp-content\/uploads\/2023\/05\/logotextual1.jpg","width":516,"height":76,"caption":"Diario Textual"},"image":{"@id":"https:\/\/diariotextual.com\/inicio\/#\/schema\/logo\/image\/"},"sameAs":["https:\/\/www.facebook.com\/eltextual","https:\/\/x.com\/eltextual","http:\/\/www.instagram.com\/eltextual"]},{"@type":"Person","@id":"https:\/\/diariotextual.com\/inicio\/#\/schema\/person\/418fc4093c33e86ed41562db3508f958","name":"Diario1 Diario1","image":{"@type":"ImageObject","inLanguage":"es","@id":"https:\/\/secure.gravatar.com\/avatar\/9167d280179c85bc18be67aa7eda765854300033af4896dd779b608640f2ef7a?s=96&d=mm&r=g","url":"https:\/\/secure.gravatar.com\/avatar\/9167d280179c85bc18be67aa7eda765854300033af4896dd779b608640f2ef7a?s=96&d=mm&r=g","contentUrl":"https:\/\/secure.gravatar.com\/avatar\/9167d280179c85bc18be67aa7eda765854300033af4896dd779b608640f2ef7a?s=96&d=mm&r=g","caption":"Diario1 Diario1"},"url":"https:\/\/diariotextual.com\/inicio\/index.php\/author\/diario1\/"}]}},"_links":{"self":[{"href":"https:\/\/diariotextual.com\/inicio\/index.php\/wp-json\/wp\/v2\/posts\/227940","targetHints":{"allow":["GET"]}}],"collection":[{"href":"https:\/\/diariotextual.com\/inicio\/index.php\/wp-json\/wp\/v2\/posts"}],"about":[{"href":"https:\/\/diariotextual.com\/inicio\/index.php\/wp-json\/wp\/v2\/types\/post"}],"author":[{"embeddable":true,"href":"https:\/\/diariotextual.com\/inicio\/index.php\/wp-json\/wp\/v2\/users\/3"}],"replies":[{"embeddable":true,"href":"https:\/\/diariotextual.com\/inicio\/index.php\/wp-json\/wp\/v2\/comments?post=227940"}],"version-history":[{"count":1,"href":"https:\/\/diariotextual.com\/inicio\/index.php\/wp-json\/wp\/v2\/posts\/227940\/revisions"}],"predecessor-version":[{"id":227941,"href":"https:\/\/diariotextual.com\/inicio\/index.php\/wp-json\/wp\/v2\/posts\/227940\/revisions\/227941"}],"wp:featuredmedia":[{"embeddable":true,"href":"https:\/\/diariotextual.com\/inicio\/index.php\/wp-json\/wp\/v2\/media\/227942"}],"wp:attachment":[{"href":"https:\/\/diariotextual.com\/inicio\/index.php\/wp-json\/wp\/v2\/media?parent=227940"}],"wp:term":[{"taxonomy":"category","embeddable":true,"href":"https:\/\/diariotextual.com\/inicio\/index.php\/wp-json\/wp\/v2\/categories?post=227940"},{"taxonomy":"post_tag","embeddable":true,"href":"https:\/\/diariotextual.com\/inicio\/index.php\/wp-json\/wp\/v2\/tags?post=227940"}],"curies":[{"name":"wp","href":"https:\/\/api.w.org\/{rel}","templated":true}]}}