{"id":227987,"date":"2023-06-09T10:45:45","date_gmt":"2023-06-09T13:45:45","guid":{"rendered":"https:\/\/diariotextual.com\/inicio\/?p=227987"},"modified":"2023-06-10T06:52:23","modified_gmt":"2023-06-10T09:52:23","slug":"la-radio-nacional-santa-rosa-cerca-de-ser-declarada-monumento-historico","status":"publish","type":"post","link":"https:\/\/diariotextual.com\/inicio\/index.php\/2023\/06\/09\/la-radio-nacional-santa-rosa-cerca-de-ser-declarada-monumento-historico\/","title":{"rendered":"La Radio Nacional Santa Rosa, cerca de ser declarada Monumento Hist\u00f3rico"},"content":{"rendered":"\n<p>La<strong> Comisi\u00f3n Nacional de Monumentos, de Lugares y Bienes Hist\u00f3ricos de la Naci\u00f3n <\/strong>dio el visto bueno para que <strong>el edificio de LRA3 Radio Nacional Santa Rosa<\/strong> pueda ser declarado <strong>Monumento Hist\u00f3rico Nacional. <\/strong>En la misma comunicaci\u00f3n tambi\u00e9n consideraron que el predio de la avenida Palacios tiene potencial para transformarse en un Espacio de Memoria.<\/p>\n\n\n\n<p>La comisi\u00f3n respondi\u00f3 de esta manera a la consulta que se hiciera desde el Senado de la Naci\u00f3n, en base al proyecto de ley presentado por el senador <strong>Daniel Bensus\u00e1n.<\/strong><\/p>\n\n\n\n<p>\u201cRadio Nacional Santa Rosa fue la primera filial que hubo fuera de los l\u00edmites de Buenos Aires. Est\u00e1 a punto de cumplir 73 a\u00f1os y representa el inicio de un proyecto de comunicaci\u00f3n federal, como el que demostr\u00f3 el entonces presidente Juan Domingo Per\u00f3n. Este es un argumento importante para la comisi\u00f3n diera su aval a la iniciativa que presentamos\u201d, comend\u00f3 el legislador nacional.<\/p>\n\n\n\n<figure class=\"wp-block-image size-full\"><img fetchpriority=\"high\" decoding=\"async\" width=\"849\" height=\"547\" src=\"https:\/\/diariotextual.com\/inicio\/wp-content\/uploads\/2023\/06\/radionacionalsantarosabombardeada9junio1956-1.jpeg\" alt=\"\" class=\"wp-image-227992\" srcset=\"https:\/\/diariotextual.com\/inicio\/wp-content\/uploads\/2023\/06\/radionacionalsantarosabombardeada9junio1956-1.jpeg 849w, https:\/\/diariotextual.com\/inicio\/wp-content\/uploads\/2023\/06\/radionacionalsantarosabombardeada9junio1956-1-300x193.jpeg 300w, https:\/\/diariotextual.com\/inicio\/wp-content\/uploads\/2023\/06\/radionacionalsantarosabombardeada9junio1956-1-768x495.jpeg 768w, https:\/\/diariotextual.com\/inicio\/wp-content\/uploads\/2023\/06\/radionacionalsantarosabombardeada9junio1956-1-585x377.jpeg 585w\" sizes=\"(max-width: 849px) 100vw, 849px\" \/><\/figure>\n\n\n\n<p>La comisi\u00f3n evaluadora fundament\u00f3 su decisi\u00f3n en que consider\u00f3 que el edificio de LRA Radio Nacional Santa Rosa \u201cre\u00fane los m\u00e9ritos para su declaratoria como Monumento Hist\u00f3rico Nacional, tanto por su condici\u00f3n de establecimiento radiof\u00f3nico pionero en la zona y relevante a nivel nacional, como por su razonable potencial para funcionar como Espacio de Memoria\u201d.<\/p>\n\n\n\n<p>\u201c<strong>Al valor hist\u00f3rico de ser la primera filial debemos agregar que calculamos debe ser la \u00fanica emisora argentina que fuera bombardeada, durante el gobierno dictatorial autodenominado Revoluci\u00f3n Libertadora, luego de los hechos acontecidos a partir del 9 de junio de 1956<\/strong>\u201d, agreg\u00f3.<\/p>\n\n\n\n<figure class=\"wp-block-image size-full\"><img decoding=\"async\" width=\"886\" height=\"591\" src=\"https:\/\/diariotextual.com\/inicio\/wp-content\/uploads\/2022\/06\/radionacionalsantarosa2022-1.jpg\" alt=\"\" class=\"wp-image-191182\" srcset=\"https:\/\/diariotextual.com\/inicio\/wp-content\/uploads\/2022\/06\/radionacionalsantarosa2022-1.jpg 886w, https:\/\/diariotextual.com\/inicio\/wp-content\/uploads\/2022\/06\/radionacionalsantarosa2022-1-300x200.jpg 300w, https:\/\/diariotextual.com\/inicio\/wp-content\/uploads\/2022\/06\/radionacionalsantarosa2022-1-768x512.jpg 768w, https:\/\/diariotextual.com\/inicio\/wp-content\/uploads\/2022\/06\/radionacionalsantarosa2022-1-585x390.jpg 585w, https:\/\/diariotextual.com\/inicio\/wp-content\/uploads\/2022\/06\/radionacionalsantarosa2022-1-263x175.jpg 263w\" sizes=\"(max-width: 886px) 100vw, 886px\" \/><\/figure>\n\n\n\n<p><\/p>\n\n\n\n<p>\u201cEn esa fecha hist\u00f3rica de 1956,<strong> el movimiento c\u00edvico militar que propugnaba el retorno de Per\u00f3n logr\u00f3 que LRA3 fuera la \u00fanica emisora en donde se pudiera leer el documento que ped\u00eda por las condiciones para la vuelta del fundador de nuestro movimiento, en ese momento exiliado.<\/strong> Esta proclama fue motivo suficiente para los fusilamientos en el basural de Jos\u00e9 Le\u00f3n Su\u00e1rez y del general Juan Jos\u00e9 Valle, y se sumara el bombardeo a nuestra Radio Nacional y las descargas de metralla que sufrir\u00eda el edificio\u201d, dijo en este sentido.<\/p>\n\n\n\n<p>Reflexion\u00f3 que \u201ceste es un paso importante del proyecto, que en estos momentos est\u00e1 en la Comisi\u00f3n de Cultura de la C\u00e1mara alta. Con la memoria presente, tenemos una oportunidad de que nuestras juventudes se informen y no permitan que situaciones como esta vuelvan a suceder\u201d.<\/p>\n\n\n\n<p>Finalmente dirigi\u00f3 su saludo a la militancia peronista pampeana, \u201cporque, en memoria del levantamiento y la represi\u00f3n del 9 de junio de 1956, hoy se recuerda el D\u00eda de la Resistencia Peronista\u201d.<\/p>\n\n\n\n<figure class=\"wp-block-embed is-type-wp-embed is-provider-diario-textual wp-block-embed-diario-textual\"><div class=\"wp-block-embed__wrapper\">\n<blockquote class=\"wp-embedded-content\" data-secret=\"4id7rzd2tv\"><a href=\"https:\/\/diariotextual.com\/inicio\/index.php\/2021\/06\/09\/9-de-junio-del-56-los-que-se-salvaron-por-poco-de-ser-fusilados\/\">9 de junio del 56: los que se salvaron por poco de ser fusilados<\/a><\/blockquote><iframe class=\"wp-embedded-content\" sandbox=\"allow-scripts\" security=\"restricted\" style=\"position: absolute; clip: rect(1px, 1px, 1px, 1px);\" title=\"\u00ab9 de junio del 56: los que se salvaron por poco de ser fusilados\u00bb \u2014 Diario Textual\" src=\"https:\/\/diariotextual.com\/inicio\/index.php\/2021\/06\/09\/9-de-junio-del-56-los-que-se-salvaron-por-poco-de-ser-fusilados\/embed\/#?secret=7nEiXTk213#?secret=4id7rzd2tv\" data-secret=\"4id7rzd2tv\" width=\"600\" height=\"338\" frameborder=\"0\" marginwidth=\"0\" marginheight=\"0\" scrolling=\"no\"><\/iframe>\n<\/div><\/figure>\n","protected":false},"excerpt":{"rendered":"<p>La Comisi\u00f3n Nacional de Monumentos, de Lugares y Bienes Hist\u00f3ricos de la Naci\u00f3n dio el visto bueno para que el edificio de LRA3 Radio Nacional Santa Rosa pueda ser declarado&hellip;<\/p>\n","protected":false},"author":3,"featured_media":227991,"comment_status":"closed","ping_status":"open","sticky":false,"template":"","format":"standard","meta":{"_acf_changed":false,"footnotes":""},"categories":[1,11,12],"tags":[],"class_list":["post-227987","post","type-post","status-publish","format-standard","has-post-thumbnail","hentry","category-es-noticia","category-que-pasa","category-sociedad"],"acf":[],"yoast_head":"<!-- This site is optimized with the Yoast SEO plugin v27.5 - https:\/\/yoast.com\/product\/yoast-seo-wordpress\/ -->\n<title>La Radio Nacional Santa Rosa, cerca de ser declarada Monumento Hist\u00f3rico - Diario Textual<\/title>\n<meta name=\"robots\" content=\"index, follow, max-snippet:-1, max-image-preview:large, max-video-preview:-1\" \/>\n<link rel=\"canonical\" href=\"https:\/\/diariotextual.com\/inicio\/index.php\/2023\/06\/09\/la-radio-nacional-santa-rosa-cerca-de-ser-declarada-monumento-historico\/\" \/>\n<meta property=\"og:locale\" content=\"es_ES\" \/>\n<meta property=\"og:type\" content=\"article\" \/>\n<meta property=\"og:title\" content=\"La Radio Nacional Santa Rosa, cerca de ser declarada Monumento Hist\u00f3rico - Diario Textual\" \/>\n<meta property=\"og:description\" content=\"La Comisi\u00f3n Nacional de Monumentos, de Lugares y Bienes Hist\u00f3ricos de la Naci\u00f3n dio el visto bueno para que el edificio de LRA3 Radio Nacional Santa Rosa pueda ser declarado&hellip;\" \/>\n<meta property=\"og:url\" content=\"https:\/\/diariotextual.com\/inicio\/index.php\/2023\/06\/09\/la-radio-nacional-santa-rosa-cerca-de-ser-declarada-monumento-historico\/\" \/>\n<meta property=\"og:site_name\" content=\"Diario Textual\" \/>\n<meta property=\"article:publisher\" content=\"https:\/\/www.facebook.com\/eltextual\" \/>\n<meta property=\"article:published_time\" content=\"2023-06-09T13:45:45+00:00\" \/>\n<meta property=\"article:modified_time\" content=\"2023-06-10T09:52:23+00:00\" \/>\n<meta property=\"og:image\" content=\"https:\/\/diariotextual.com\/inicio\/wp-content\/uploads\/2023\/06\/radionacionalsantarosabombardeada9junio1956-2.jpeg\" \/>\n\t<meta property=\"og:image:width\" content=\"850\" \/>\n\t<meta property=\"og:image:height\" content=\"547\" \/>\n\t<meta property=\"og:image:type\" content=\"image\/jpeg\" \/>\n<meta name=\"author\" content=\"Diario1 Diario1\" \/>\n<meta name=\"twitter:card\" content=\"summary_large_image\" \/>\n<meta name=\"twitter:creator\" content=\"@eltextual\" \/>\n<meta name=\"twitter:site\" content=\"@eltextual\" \/>\n<meta name=\"twitter:label1\" content=\"Escrito por\" \/>\n\t<meta name=\"twitter:data1\" content=\"Diario1 Diario1\" \/>\n\t<meta name=\"twitter:label2\" content=\"Tiempo de lectura\" \/>\n\t<meta name=\"twitter:data2\" content=\"3 minutos\" \/>\n<script type=\"application\/ld+json\" class=\"yoast-schema-graph\">{\"@context\":\"https:\\\/\\\/schema.org\",\"@graph\":[{\"@type\":\"Article\",\"@id\":\"https:\\\/\\\/diariotextual.com\\\/inicio\\\/index.php\\\/2023\\\/06\\\/09\\\/la-radio-nacional-santa-rosa-cerca-de-ser-declarada-monumento-historico\\\/#article\",\"isPartOf\":{\"@id\":\"https:\\\/\\\/diariotextual.com\\\/inicio\\\/index.php\\\/2023\\\/06\\\/09\\\/la-radio-nacional-santa-rosa-cerca-de-ser-declarada-monumento-historico\\\/\"},\"author\":{\"name\":\"Diario1 Diario1\",\"@id\":\"https:\\\/\\\/diariotextual.com\\\/inicio\\\/#\\\/schema\\\/person\\\/418fc4093c33e86ed41562db3508f958\"},\"headline\":\"La Radio Nacional Santa Rosa, cerca de ser declarada Monumento Hist\u00f3rico\",\"datePublished\":\"2023-06-09T13:45:45+00:00\",\"dateModified\":\"2023-06-10T09:52:23+00:00\",\"mainEntityOfPage\":{\"@id\":\"https:\\\/\\\/diariotextual.com\\\/inicio\\\/index.php\\\/2023\\\/06\\\/09\\\/la-radio-nacional-santa-rosa-cerca-de-ser-declarada-monumento-historico\\\/\"},\"wordCount\":462,\"publisher\":{\"@id\":\"https:\\\/\\\/diariotextual.com\\\/inicio\\\/#organization\"},\"image\":{\"@id\":\"https:\\\/\\\/diariotextual.com\\\/inicio\\\/index.php\\\/2023\\\/06\\\/09\\\/la-radio-nacional-santa-rosa-cerca-de-ser-declarada-monumento-historico\\\/#primaryimage\"},\"thumbnailUrl\":\"https:\\\/\\\/diariotextual.com\\\/inicio\\\/wp-content\\\/uploads\\\/2023\\\/06\\\/radionacionalsantarosabombardeada9junio1956-2.jpeg\",\"articleSection\":[\"A - ES NOTICIA (van abajo)\",\"A - QUE PASA (al costado)\",\"SOCIEDAD\"],\"inLanguage\":\"es\"},{\"@type\":\"WebPage\",\"@id\":\"https:\\\/\\\/diariotextual.com\\\/inicio\\\/index.php\\\/2023\\\/06\\\/09\\\/la-radio-nacional-santa-rosa-cerca-de-ser-declarada-monumento-historico\\\/\",\"url\":\"https:\\\/\\\/diariotextual.com\\\/inicio\\\/index.php\\\/2023\\\/06\\\/09\\\/la-radio-nacional-santa-rosa-cerca-de-ser-declarada-monumento-historico\\\/\",\"name\":\"La Radio Nacional Santa Rosa, cerca de ser declarada Monumento Hist\u00f3rico - Diario Textual\",\"isPartOf\":{\"@id\":\"https:\\\/\\\/diariotextual.com\\\/inicio\\\/#website\"},\"primaryImageOfPage\":{\"@id\":\"https:\\\/\\\/diariotextual.com\\\/inicio\\\/index.php\\\/2023\\\/06\\\/09\\\/la-radio-nacional-santa-rosa-cerca-de-ser-declarada-monumento-historico\\\/#primaryimage\"},\"image\":{\"@id\":\"https:\\\/\\\/diariotextual.com\\\/inicio\\\/index.php\\\/2023\\\/06\\\/09\\\/la-radio-nacional-santa-rosa-cerca-de-ser-declarada-monumento-historico\\\/#primaryimage\"},\"thumbnailUrl\":\"https:\\\/\\\/diariotextual.com\\\/inicio\\\/wp-content\\\/uploads\\\/2023\\\/06\\\/radionacionalsantarosabombardeada9junio1956-2.jpeg\",\"datePublished\":\"2023-06-09T13:45:45+00:00\",\"dateModified\":\"2023-06-10T09:52:23+00:00\",\"breadcrumb\":{\"@id\":\"https:\\\/\\\/diariotextual.com\\\/inicio\\\/index.php\\\/2023\\\/06\\\/09\\\/la-radio-nacional-santa-rosa-cerca-de-ser-declarada-monumento-historico\\\/#breadcrumb\"},\"inLanguage\":\"es\",\"potentialAction\":[{\"@type\":\"ReadAction\",\"target\":[\"https:\\\/\\\/diariotextual.com\\\/inicio\\\/index.php\\\/2023\\\/06\\\/09\\\/la-radio-nacional-santa-rosa-cerca-de-ser-declarada-monumento-historico\\\/\"]}]},{\"@type\":\"ImageObject\",\"inLanguage\":\"es\",\"@id\":\"https:\\\/\\\/diariotextual.com\\\/inicio\\\/index.php\\\/2023\\\/06\\\/09\\\/la-radio-nacional-santa-rosa-cerca-de-ser-declarada-monumento-historico\\\/#primaryimage\",\"url\":\"https:\\\/\\\/diariotextual.com\\\/inicio\\\/wp-content\\\/uploads\\\/2023\\\/06\\\/radionacionalsantarosabombardeada9junio1956-2.jpeg\",\"contentUrl\":\"https:\\\/\\\/diariotextual.com\\\/inicio\\\/wp-content\\\/uploads\\\/2023\\\/06\\\/radionacionalsantarosabombardeada9junio1956-2.jpeg\",\"width\":850,\"height\":547},{\"@type\":\"BreadcrumbList\",\"@id\":\"https:\\\/\\\/diariotextual.com\\\/inicio\\\/index.php\\\/2023\\\/06\\\/09\\\/la-radio-nacional-santa-rosa-cerca-de-ser-declarada-monumento-historico\\\/#breadcrumb\",\"itemListElement\":[{\"@type\":\"ListItem\",\"position\":1,\"name\":\"Portada\",\"item\":\"https:\\\/\\\/diariotextual.com\\\/inicio\\\/\"},{\"@type\":\"ListItem\",\"position\":2,\"name\":\"La Radio Nacional Santa Rosa, cerca de ser declarada Monumento Hist\u00f3rico\"}]},{\"@type\":\"WebSite\",\"@id\":\"https:\\\/\\\/diariotextual.com\\\/inicio\\\/#website\",\"url\":\"https:\\\/\\\/diariotextual.com\\\/inicio\\\/\",\"name\":\"Diario Textual\",\"description\":\"\",\"publisher\":{\"@id\":\"https:\\\/\\\/diariotextual.com\\\/inicio\\\/#organization\"},\"potentialAction\":[{\"@type\":\"SearchAction\",\"target\":{\"@type\":\"EntryPoint\",\"urlTemplate\":\"https:\\\/\\\/diariotextual.com\\\/inicio\\\/?s={search_term_string}\"},\"query-input\":{\"@type\":\"PropertyValueSpecification\",\"valueRequired\":true,\"valueName\":\"search_term_string\"}}],\"inLanguage\":\"es\"},{\"@type\":\"Organization\",\"@id\":\"https:\\\/\\\/diariotextual.com\\\/inicio\\\/#organization\",\"name\":\"Diario Textual\",\"url\":\"https:\\\/\\\/diariotextual.com\\\/inicio\\\/\",\"logo\":{\"@type\":\"ImageObject\",\"inLanguage\":\"es\",\"@id\":\"https:\\\/\\\/diariotextual.com\\\/inicio\\\/#\\\/schema\\\/logo\\\/image\\\/\",\"url\":\"https:\\\/\\\/diariotextual.com\\\/inicio\\\/wp-content\\\/uploads\\\/2023\\\/05\\\/logotextual1.jpg\",\"contentUrl\":\"https:\\\/\\\/diariotextual.com\\\/inicio\\\/wp-content\\\/uploads\\\/2023\\\/05\\\/logotextual1.jpg\",\"width\":516,\"height\":76,\"caption\":\"Diario Textual\"},\"image\":{\"@id\":\"https:\\\/\\\/diariotextual.com\\\/inicio\\\/#\\\/schema\\\/logo\\\/image\\\/\"},\"sameAs\":[\"https:\\\/\\\/www.facebook.com\\\/eltextual\",\"https:\\\/\\\/x.com\\\/eltextual\",\"http:\\\/\\\/www.instagram.com\\\/eltextual\"]},{\"@type\":\"Person\",\"@id\":\"https:\\\/\\\/diariotextual.com\\\/inicio\\\/#\\\/schema\\\/person\\\/418fc4093c33e86ed41562db3508f958\",\"name\":\"Diario1 Diario1\",\"image\":{\"@type\":\"ImageObject\",\"inLanguage\":\"es\",\"@id\":\"https:\\\/\\\/secure.gravatar.com\\\/avatar\\\/9167d280179c85bc18be67aa7eda765854300033af4896dd779b608640f2ef7a?s=96&d=mm&r=g\",\"url\":\"https:\\\/\\\/secure.gravatar.com\\\/avatar\\\/9167d280179c85bc18be67aa7eda765854300033af4896dd779b608640f2ef7a?s=96&d=mm&r=g\",\"contentUrl\":\"https:\\\/\\\/secure.gravatar.com\\\/avatar\\\/9167d280179c85bc18be67aa7eda765854300033af4896dd779b608640f2ef7a?s=96&d=mm&r=g\",\"caption\":\"Diario1 Diario1\"},\"url\":\"https:\\\/\\\/diariotextual.com\\\/inicio\\\/index.php\\\/author\\\/diario1\\\/\"}]}<\/script>\n<!-- \/ Yoast SEO plugin. -->","yoast_head_json":{"title":"La Radio Nacional Santa Rosa, cerca de ser declarada Monumento Hist\u00f3rico - Diario Textual","robots":{"index":"index","follow":"follow","max-snippet":"max-snippet:-1","max-image-preview":"max-image-preview:large","max-video-preview":"max-video-preview:-1"},"canonical":"https:\/\/diariotextual.com\/inicio\/index.php\/2023\/06\/09\/la-radio-nacional-santa-rosa-cerca-de-ser-declarada-monumento-historico\/","og_locale":"es_ES","og_type":"article","og_title":"La Radio Nacional Santa Rosa, cerca de ser declarada Monumento Hist\u00f3rico - Diario Textual","og_description":"La Comisi\u00f3n Nacional de Monumentos, de Lugares y Bienes Hist\u00f3ricos de la Naci\u00f3n dio el visto bueno para que el edificio de LRA3 Radio Nacional Santa Rosa pueda ser declarado&hellip;","og_url":"https:\/\/diariotextual.com\/inicio\/index.php\/2023\/06\/09\/la-radio-nacional-santa-rosa-cerca-de-ser-declarada-monumento-historico\/","og_site_name":"Diario Textual","article_publisher":"https:\/\/www.facebook.com\/eltextual","article_published_time":"2023-06-09T13:45:45+00:00","article_modified_time":"2023-06-10T09:52:23+00:00","og_image":[{"width":850,"height":547,"url":"https:\/\/diariotextual.com\/inicio\/wp-content\/uploads\/2023\/06\/radionacionalsantarosabombardeada9junio1956-2.jpeg","type":"image\/jpeg"}],"author":"Diario1 Diario1","twitter_card":"summary_large_image","twitter_creator":"@eltextual","twitter_site":"@eltextual","twitter_misc":{"Escrito por":"Diario1 Diario1","Tiempo de lectura":"3 minutos"},"schema":{"@context":"https:\/\/schema.org","@graph":[{"@type":"Article","@id":"https:\/\/diariotextual.com\/inicio\/index.php\/2023\/06\/09\/la-radio-nacional-santa-rosa-cerca-de-ser-declarada-monumento-historico\/#article","isPartOf":{"@id":"https:\/\/diariotextual.com\/inicio\/index.php\/2023\/06\/09\/la-radio-nacional-santa-rosa-cerca-de-ser-declarada-monumento-historico\/"},"author":{"name":"Diario1 Diario1","@id":"https:\/\/diariotextual.com\/inicio\/#\/schema\/person\/418fc4093c33e86ed41562db3508f958"},"headline":"La Radio Nacional Santa Rosa, cerca de ser declarada Monumento Hist\u00f3rico","datePublished":"2023-06-09T13:45:45+00:00","dateModified":"2023-06-10T09:52:23+00:00","mainEntityOfPage":{"@id":"https:\/\/diariotextual.com\/inicio\/index.php\/2023\/06\/09\/la-radio-nacional-santa-rosa-cerca-de-ser-declarada-monumento-historico\/"},"wordCount":462,"publisher":{"@id":"https:\/\/diariotextual.com\/inicio\/#organization"},"image":{"@id":"https:\/\/diariotextual.com\/inicio\/index.php\/2023\/06\/09\/la-radio-nacional-santa-rosa-cerca-de-ser-declarada-monumento-historico\/#primaryimage"},"thumbnailUrl":"https:\/\/diariotextual.com\/inicio\/wp-content\/uploads\/2023\/06\/radionacionalsantarosabombardeada9junio1956-2.jpeg","articleSection":["A - ES NOTICIA (van abajo)","A - QUE PASA (al costado)","SOCIEDAD"],"inLanguage":"es"},{"@type":"WebPage","@id":"https:\/\/diariotextual.com\/inicio\/index.php\/2023\/06\/09\/la-radio-nacional-santa-rosa-cerca-de-ser-declarada-monumento-historico\/","url":"https:\/\/diariotextual.com\/inicio\/index.php\/2023\/06\/09\/la-radio-nacional-santa-rosa-cerca-de-ser-declarada-monumento-historico\/","name":"La Radio Nacional Santa Rosa, cerca de ser declarada Monumento Hist\u00f3rico - Diario Textual","isPartOf":{"@id":"https:\/\/diariotextual.com\/inicio\/#website"},"primaryImageOfPage":{"@id":"https:\/\/diariotextual.com\/inicio\/index.php\/2023\/06\/09\/la-radio-nacional-santa-rosa-cerca-de-ser-declarada-monumento-historico\/#primaryimage"},"image":{"@id":"https:\/\/diariotextual.com\/inicio\/index.php\/2023\/06\/09\/la-radio-nacional-santa-rosa-cerca-de-ser-declarada-monumento-historico\/#primaryimage"},"thumbnailUrl":"https:\/\/diariotextual.com\/inicio\/wp-content\/uploads\/2023\/06\/radionacionalsantarosabombardeada9junio1956-2.jpeg","datePublished":"2023-06-09T13:45:45+00:00","dateModified":"2023-06-10T09:52:23+00:00","breadcrumb":{"@id":"https:\/\/diariotextual.com\/inicio\/index.php\/2023\/06\/09\/la-radio-nacional-santa-rosa-cerca-de-ser-declarada-monumento-historico\/#breadcrumb"},"inLanguage":"es","potentialAction":[{"@type":"ReadAction","target":["https:\/\/diariotextual.com\/inicio\/index.php\/2023\/06\/09\/la-radio-nacional-santa-rosa-cerca-de-ser-declarada-monumento-historico\/"]}]},{"@type":"ImageObject","inLanguage":"es","@id":"https:\/\/diariotextual.com\/inicio\/index.php\/2023\/06\/09\/la-radio-nacional-santa-rosa-cerca-de-ser-declarada-monumento-historico\/#primaryimage","url":"https:\/\/diariotextual.com\/inicio\/wp-content\/uploads\/2023\/06\/radionacionalsantarosabombardeada9junio1956-2.jpeg","contentUrl":"https:\/\/diariotextual.com\/inicio\/wp-content\/uploads\/2023\/06\/radionacionalsantarosabombardeada9junio1956-2.jpeg","width":850,"height":547},{"@type":"BreadcrumbList","@id":"https:\/\/diariotextual.com\/inicio\/index.php\/2023\/06\/09\/la-radio-nacional-santa-rosa-cerca-de-ser-declarada-monumento-historico\/#breadcrumb","itemListElement":[{"@type":"ListItem","position":1,"name":"Portada","item":"https:\/\/diariotextual.com\/inicio\/"},{"@type":"ListItem","position":2,"name":"La Radio Nacional Santa Rosa, cerca de ser declarada Monumento Hist\u00f3rico"}]},{"@type":"WebSite","@id":"https:\/\/diariotextual.com\/inicio\/#website","url":"https:\/\/diariotextual.com\/inicio\/","name":"Diario Textual","description":"","publisher":{"@id":"https:\/\/diariotextual.com\/inicio\/#organization"},"potentialAction":[{"@type":"SearchAction","target":{"@type":"EntryPoint","urlTemplate":"https:\/\/diariotextual.com\/inicio\/?s={search_term_string}"},"query-input":{"@type":"PropertyValueSpecification","valueRequired":true,"valueName":"search_term_string"}}],"inLanguage":"es"},{"@type":"Organization","@id":"https:\/\/diariotextual.com\/inicio\/#organization","name":"Diario Textual","url":"https:\/\/diariotextual.com\/inicio\/","logo":{"@type":"ImageObject","inLanguage":"es","@id":"https:\/\/diariotextual.com\/inicio\/#\/schema\/logo\/image\/","url":"https:\/\/diariotextual.com\/inicio\/wp-content\/uploads\/2023\/05\/logotextual1.jpg","contentUrl":"https:\/\/diariotextual.com\/inicio\/wp-content\/uploads\/2023\/05\/logotextual1.jpg","width":516,"height":76,"caption":"Diario Textual"},"image":{"@id":"https:\/\/diariotextual.com\/inicio\/#\/schema\/logo\/image\/"},"sameAs":["https:\/\/www.facebook.com\/eltextual","https:\/\/x.com\/eltextual","http:\/\/www.instagram.com\/eltextual"]},{"@type":"Person","@id":"https:\/\/diariotextual.com\/inicio\/#\/schema\/person\/418fc4093c33e86ed41562db3508f958","name":"Diario1 Diario1","image":{"@type":"ImageObject","inLanguage":"es","@id":"https:\/\/secure.gravatar.com\/avatar\/9167d280179c85bc18be67aa7eda765854300033af4896dd779b608640f2ef7a?s=96&d=mm&r=g","url":"https:\/\/secure.gravatar.com\/avatar\/9167d280179c85bc18be67aa7eda765854300033af4896dd779b608640f2ef7a?s=96&d=mm&r=g","contentUrl":"https:\/\/secure.gravatar.com\/avatar\/9167d280179c85bc18be67aa7eda765854300033af4896dd779b608640f2ef7a?s=96&d=mm&r=g","caption":"Diario1 Diario1"},"url":"https:\/\/diariotextual.com\/inicio\/index.php\/author\/diario1\/"}]}},"_links":{"self":[{"href":"https:\/\/diariotextual.com\/inicio\/index.php\/wp-json\/wp\/v2\/posts\/227987","targetHints":{"allow":["GET"]}}],"collection":[{"href":"https:\/\/diariotextual.com\/inicio\/index.php\/wp-json\/wp\/v2\/posts"}],"about":[{"href":"https:\/\/diariotextual.com\/inicio\/index.php\/wp-json\/wp\/v2\/types\/post"}],"author":[{"embeddable":true,"href":"https:\/\/diariotextual.com\/inicio\/index.php\/wp-json\/wp\/v2\/users\/3"}],"replies":[{"embeddable":true,"href":"https:\/\/diariotextual.com\/inicio\/index.php\/wp-json\/wp\/v2\/comments?post=227987"}],"version-history":[{"count":4,"href":"https:\/\/diariotextual.com\/inicio\/index.php\/wp-json\/wp\/v2\/posts\/227987\/revisions"}],"predecessor-version":[{"id":227995,"href":"https:\/\/diariotextual.com\/inicio\/index.php\/wp-json\/wp\/v2\/posts\/227987\/revisions\/227995"}],"wp:featuredmedia":[{"embeddable":true,"href":"https:\/\/diariotextual.com\/inicio\/index.php\/wp-json\/wp\/v2\/media\/227991"}],"wp:attachment":[{"href":"https:\/\/diariotextual.com\/inicio\/index.php\/wp-json\/wp\/v2\/media?parent=227987"}],"wp:term":[{"taxonomy":"category","embeddable":true,"href":"https:\/\/diariotextual.com\/inicio\/index.php\/wp-json\/wp\/v2\/categories?post=227987"},{"taxonomy":"post_tag","embeddable":true,"href":"https:\/\/diariotextual.com\/inicio\/index.php\/wp-json\/wp\/v2\/tags?post=227987"}],"curies":[{"name":"wp","href":"https:\/\/api.w.org\/{rel}","templated":true}]}}