{"id":228003,"date":"2023-06-09T14:06:53","date_gmt":"2023-06-09T17:06:53","guid":{"rendered":"https:\/\/diariotextual.com\/inicio\/?p=228003"},"modified":"2023-06-09T16:24:14","modified_gmt":"2023-06-09T19:24:14","slug":"comenzo-el-1-congreso-de-salud-ocupacional-y-recursos-humanos-del-poder-judicial","status":"publish","type":"post","link":"https:\/\/diariotextual.com\/inicio\/index.php\/2023\/06\/09\/comenzo-el-1-congreso-de-salud-ocupacional-y-recursos-humanos-del-poder-judicial\/","title":{"rendered":"Comenz\u00f3 el 1\u00b0 Congreso de Salud Ocupacional y Recursos Humanos del Poder Judicial"},"content":{"rendered":"\n<p>Con la asistencia de casi un centenar de personas, comenz\u00f3 hoy en el Colegio de Abogados y Procuradores, el <strong>1\u00b0 Congreso de Salud Ocupacional y Recursos Humanos <\/strong>organizado por el Poder Judicial. La actividad, que concluir\u00e1 hoy, se desarrolla bajo el lema <strong>\u201cLa salud en el \u00e1mbito laboral: \u00bfun desaf\u00edo para la interdisciplina?\u201d.<\/strong><\/p>\n\n\n\n<p>De \u00e9l forman parte magistrados, funcionarios y empleados judiciales, personal de las \u00e1reas de recursos humanos de la Municipalidad de Santa Rosa, el Poder Legislativo, organismos provinciales y del sector privado; como as\u00ed tambi\u00e9n interesados en la tem\u00e1tica provenientes de afuera de la provincia.<\/p>\n\n\n\n<p>Las palabras de bienvenida estuvieron a cargo de la presidenta del Superior Tribunal de Justicia, Elena Victoria Fresco, quien estuvo acompa\u00f1ada por los ministros Fabricio Losi y Eduardo Fern\u00e1ndez Mend\u00eda; el procurador general Mario Bongianino; y el subsecretario de Justicia y Registros P\u00fablicos, Pablo Boleas.<\/p>\n\n\n\n<p>El primer disertante, Javier Rojas, habl\u00f3 sobre \u201cRedarqu\u00eda, trabajo interdisciplinario centrado en las personas\u201d e hizo hincapi\u00e9 en que \u201cla gesti\u00f3n debe estar centrada en las personas\u201d. El gerente de Recursos Humanos de la Cooperativa Popular de Electricidad habl\u00f3 de \u201cambientes participativos\u201d, de que \u201cvenimos de un esquema de jerarqu\u00edas muy instaladas\u201d e inst\u00f3 a \u201cpermitirnos el error para crecer\u201d.<\/p>\n\n\n\n<p>Luego fue el turno de la m\u00e9dica Soledad Iglesias, la psic\u00f3loga Mar\u00eda de los \u00c1ngeles Corro Molas y la contadora Ivana Rem\u00f3n, que se desempe\u00f1an en el \u00e1rea de RR.HH. del Poder Judicial, y expusieron acerca del \u201cModelo de trabajo integral\u201d.<\/p>\n\n\n\n<p>Ellas remarcaron la importancia de la creaci\u00f3n del \u00e1rea de Salud Ocupacional dentro de la Secretar\u00eda de Recursos Humanos \u2013organizadora del evento\u2013 y los beneficios que ello acarrea. Indicaron que esa tarea implica estar atentos a los riesgos psicosociales (cargas laborales excesivas, exigencias contradictorios, acoso psicol\u00f3gico, etc.), intervenir a nivel individual y grupal cuando hay conflictos interpersonales, y trabajar en la prevenci\u00f3n y control de riesgos, la salud mental y la promoci\u00f3n de un \u00e1mbito de bienestar, entre otros aspectos.<\/p>\n\n\n\n<p>Otro punto que trataron fue las actividades que llevan adelante en funci\u00f3n de esos objetivos, <strong>la inserci\u00f3n laboral de personas con discapacidad y las pr\u00e1cticas conjuntas con el Ministerio de Salud.<\/strong><\/p>\n\n\n\n<p>El cierre matutino del Congreso estuvo a cargo de la responsable de la Oficina de la Mujer y Violencia Dom\u00e9stica del Poder Judicial, Marien Cazenave, a quien acompa\u00f1aron la abogada Victoria Santesteban y la psic\u00f3loga Teresa Gatti, que tambi\u00e9n forman parte del organismo. Las tres disertaron sobre \u201cViolencia de g\u00e9nero en el \u00e1mbito laboral: indicadores de riesgo y actuaci\u00f3n\u201d.<\/p>\n\n\n\n<p>En tal sentido pusieron \u00e9nfasis en lo significativo que fue la aprobaci\u00f3n, en octubre del 2020, del <strong>Protocolo de intervenci\u00f3n ante situaciones de violencia de g\u00e9nero<\/strong> en el \u00e1mbito laboral del Poder Judicial de la Provincia de La Pampa.<\/p>\n\n\n\n<p>Las expositoras destacaron que se trat\u00f3 de una iniciativa pionera a nivel pa\u00eds y explicaron que el objetivo del protocolo es garantizar un ambiente libre de violencia de g\u00e9nero y promover acciones de prevenci\u00f3n, orientaci\u00f3n, abordaje y erradicaci\u00f3n de esa problem\u00e1tica.<\/p>\n\n\n\n<p>Adem\u00e1s se refirieron a la importancia de tener miradas basadas no solo en ese texto; sino en la Convenci\u00f3n sobre la eliminaci\u00f3n de todas las formas de discriminaci\u00f3n contra la mujer (CEDAW), la Convenci\u00f3n Interamericana de Belem do Par\u00e1 para prevenir, sancionar y erradicar la violencia contra la mujer, la Ley Micaela y las Reglas de Brasilia (sobre el acceso a la justicia de las personas en condici\u00f3n de vulnerabilidad).<\/p>\n\n\n\n<p>Las funcionarias hablaron tambi\u00e9n de indicadores de violencia laboral y de los cambios an\u00edmicos y sus consecuencias en la productividad laboral.<\/p>\n\n\n\n<p>El cronograma prev\u00e9 que por la tarde se escuchen las exposiciones de Susana Coria y Juan Maurino, integrantes de la Sociedad de Medicina del Trabajo del Comahue, referidas a \u201cLa importancia de la salud ocupacional dentro de las organizaciones: sector p\u00fablico y privado. Experiencia en Neuqu\u00e9n\u201d; de la arquitecta Micaela Corro Molas, sobre \u201cArquitectura e inclusi\u00f3n en entornos laborales\u201d; y del profesor de educaci\u00f3n f\u00edsica, Santiago Cejas, quien cerrar\u00e1 la jornada con un taller de gamificaci\u00f3n.<\/p>\n\n\n\n<p>El Congreso concluir\u00e1 ma\u00f1ana, en el mismo lugar, con otras tres charlas. A las 9 el psic\u00f3logo salte\u00f1o C\u00e9sar Montellano hablar\u00e1 acerca de \u201cViolencia laboral: entre la particularidad de los sujetos y la \u00e9poca\u201d; a las 10, la psic\u00f3loga cl\u00ednica y laboral, Mara Diz, se referir\u00e1 a \u201cCarga mental y estr\u00e9s\u201d; y posteriormente un grupo de personas con discapacidad, que brindan jornadas de sensibilizaci\u00f3n y concientizaci\u00f3n a la sociedad, ofrecer\u00e1 una conferencia titulada \u201cNada sobre nosotrxs\u201d.\u200b<\/p>\n","protected":false},"excerpt":{"rendered":"<p>Con la asistencia de casi un centenar de personas, comenz\u00f3 hoy en el Colegio de Abogados y Procuradores, el 1\u00b0 Congreso de Salud Ocupacional y Recursos Humanos organizado por el&hellip;<\/p>\n","protected":false},"author":4,"featured_media":228004,"comment_status":"closed","ping_status":"open","sticky":false,"template":"","format":"standard","meta":{"_acf_changed":false,"footnotes":""},"categories":[1,12],"tags":[],"class_list":["post-228003","post","type-post","status-publish","format-standard","has-post-thumbnail","hentry","category-es-noticia","category-sociedad"],"acf":[],"yoast_head":"<!-- This site is optimized with the Yoast SEO plugin v27.5 - https:\/\/yoast.com\/product\/yoast-seo-wordpress\/ -->\n<title>Comenz\u00f3 el 1\u00b0 Congreso de Salud Ocupacional y Recursos Humanos del Poder Judicial - Diario Textual<\/title>\n<meta name=\"robots\" content=\"index, follow, max-snippet:-1, max-image-preview:large, max-video-preview:-1\" \/>\n<link rel=\"canonical\" href=\"https:\/\/diariotextual.com\/inicio\/index.php\/2023\/06\/09\/comenzo-el-1-congreso-de-salud-ocupacional-y-recursos-humanos-del-poder-judicial\/\" \/>\n<meta property=\"og:locale\" content=\"es_ES\" \/>\n<meta property=\"og:type\" content=\"article\" \/>\n<meta property=\"og:title\" content=\"Comenz\u00f3 el 1\u00b0 Congreso de Salud Ocupacional y Recursos Humanos del Poder Judicial - Diario Textual\" \/>\n<meta property=\"og:description\" content=\"Con la asistencia de casi un centenar de personas, comenz\u00f3 hoy en el Colegio de Abogados y Procuradores, el 1\u00b0 Congreso de Salud Ocupacional y Recursos Humanos organizado por el&hellip;\" \/>\n<meta property=\"og:url\" content=\"https:\/\/diariotextual.com\/inicio\/index.php\/2023\/06\/09\/comenzo-el-1-congreso-de-salud-ocupacional-y-recursos-humanos-del-poder-judicial\/\" \/>\n<meta property=\"og:site_name\" content=\"Diario Textual\" \/>\n<meta property=\"article:publisher\" content=\"https:\/\/www.facebook.com\/eltextual\" \/>\n<meta property=\"article:published_time\" content=\"2023-06-09T17:06:53+00:00\" \/>\n<meta property=\"article:modified_time\" content=\"2023-06-09T19:24:14+00:00\" \/>\n<meta property=\"og:image\" content=\"https:\/\/diariotextual.com\/inicio\/wp-content\/uploads\/2023\/06\/congresopoderjudicial333.jpg\" \/>\n\t<meta property=\"og:image:width\" content=\"900\" \/>\n\t<meta property=\"og:image:height\" content=\"561\" \/>\n\t<meta property=\"og:image:type\" content=\"image\/jpeg\" \/>\n<meta name=\"author\" content=\"diario2\" \/>\n<meta name=\"twitter:card\" content=\"summary_large_image\" \/>\n<meta name=\"twitter:creator\" content=\"@eltextual\" \/>\n<meta name=\"twitter:site\" content=\"@eltextual\" \/>\n<meta name=\"twitter:label1\" content=\"Escrito por\" \/>\n\t<meta name=\"twitter:data1\" content=\"diario2\" \/>\n\t<meta name=\"twitter:label2\" content=\"Tiempo de lectura\" \/>\n\t<meta name=\"twitter:data2\" content=\"4 minutos\" \/>\n<script type=\"application\/ld+json\" class=\"yoast-schema-graph\">{\"@context\":\"https:\\\/\\\/schema.org\",\"@graph\":[{\"@type\":\"Article\",\"@id\":\"https:\\\/\\\/diariotextual.com\\\/inicio\\\/index.php\\\/2023\\\/06\\\/09\\\/comenzo-el-1-congreso-de-salud-ocupacional-y-recursos-humanos-del-poder-judicial\\\/#article\",\"isPartOf\":{\"@id\":\"https:\\\/\\\/diariotextual.com\\\/inicio\\\/index.php\\\/2023\\\/06\\\/09\\\/comenzo-el-1-congreso-de-salud-ocupacional-y-recursos-humanos-del-poder-judicial\\\/\"},\"author\":{\"name\":\"diario2\",\"@id\":\"https:\\\/\\\/diariotextual.com\\\/inicio\\\/#\\\/schema\\\/person\\\/694f60677f23c4a530867a98f22b3768\"},\"headline\":\"Comenz\u00f3 el 1\u00b0 Congreso de Salud Ocupacional y Recursos Humanos del Poder Judicial\",\"datePublished\":\"2023-06-09T17:06:53+00:00\",\"dateModified\":\"2023-06-09T19:24:14+00:00\",\"mainEntityOfPage\":{\"@id\":\"https:\\\/\\\/diariotextual.com\\\/inicio\\\/index.php\\\/2023\\\/06\\\/09\\\/comenzo-el-1-congreso-de-salud-ocupacional-y-recursos-humanos-del-poder-judicial\\\/\"},\"wordCount\":806,\"publisher\":{\"@id\":\"https:\\\/\\\/diariotextual.com\\\/inicio\\\/#organization\"},\"image\":{\"@id\":\"https:\\\/\\\/diariotextual.com\\\/inicio\\\/index.php\\\/2023\\\/06\\\/09\\\/comenzo-el-1-congreso-de-salud-ocupacional-y-recursos-humanos-del-poder-judicial\\\/#primaryimage\"},\"thumbnailUrl\":\"https:\\\/\\\/diariotextual.com\\\/inicio\\\/wp-content\\\/uploads\\\/2023\\\/06\\\/congresopoderjudicial333.jpg\",\"articleSection\":[\"A - ES NOTICIA (van abajo)\",\"SOCIEDAD\"],\"inLanguage\":\"es\"},{\"@type\":\"WebPage\",\"@id\":\"https:\\\/\\\/diariotextual.com\\\/inicio\\\/index.php\\\/2023\\\/06\\\/09\\\/comenzo-el-1-congreso-de-salud-ocupacional-y-recursos-humanos-del-poder-judicial\\\/\",\"url\":\"https:\\\/\\\/diariotextual.com\\\/inicio\\\/index.php\\\/2023\\\/06\\\/09\\\/comenzo-el-1-congreso-de-salud-ocupacional-y-recursos-humanos-del-poder-judicial\\\/\",\"name\":\"Comenz\u00f3 el 1\u00b0 Congreso de Salud Ocupacional y Recursos Humanos del Poder Judicial - Diario Textual\",\"isPartOf\":{\"@id\":\"https:\\\/\\\/diariotextual.com\\\/inicio\\\/#website\"},\"primaryImageOfPage\":{\"@id\":\"https:\\\/\\\/diariotextual.com\\\/inicio\\\/index.php\\\/2023\\\/06\\\/09\\\/comenzo-el-1-congreso-de-salud-ocupacional-y-recursos-humanos-del-poder-judicial\\\/#primaryimage\"},\"image\":{\"@id\":\"https:\\\/\\\/diariotextual.com\\\/inicio\\\/index.php\\\/2023\\\/06\\\/09\\\/comenzo-el-1-congreso-de-salud-ocupacional-y-recursos-humanos-del-poder-judicial\\\/#primaryimage\"},\"thumbnailUrl\":\"https:\\\/\\\/diariotextual.com\\\/inicio\\\/wp-content\\\/uploads\\\/2023\\\/06\\\/congresopoderjudicial333.jpg\",\"datePublished\":\"2023-06-09T17:06:53+00:00\",\"dateModified\":\"2023-06-09T19:24:14+00:00\",\"breadcrumb\":{\"@id\":\"https:\\\/\\\/diariotextual.com\\\/inicio\\\/index.php\\\/2023\\\/06\\\/09\\\/comenzo-el-1-congreso-de-salud-ocupacional-y-recursos-humanos-del-poder-judicial\\\/#breadcrumb\"},\"inLanguage\":\"es\",\"potentialAction\":[{\"@type\":\"ReadAction\",\"target\":[\"https:\\\/\\\/diariotextual.com\\\/inicio\\\/index.php\\\/2023\\\/06\\\/09\\\/comenzo-el-1-congreso-de-salud-ocupacional-y-recursos-humanos-del-poder-judicial\\\/\"]}]},{\"@type\":\"ImageObject\",\"inLanguage\":\"es\",\"@id\":\"https:\\\/\\\/diariotextual.com\\\/inicio\\\/index.php\\\/2023\\\/06\\\/09\\\/comenzo-el-1-congreso-de-salud-ocupacional-y-recursos-humanos-del-poder-judicial\\\/#primaryimage\",\"url\":\"https:\\\/\\\/diariotextual.com\\\/inicio\\\/wp-content\\\/uploads\\\/2023\\\/06\\\/congresopoderjudicial333.jpg\",\"contentUrl\":\"https:\\\/\\\/diariotextual.com\\\/inicio\\\/wp-content\\\/uploads\\\/2023\\\/06\\\/congresopoderjudicial333.jpg\",\"width\":900,\"height\":561},{\"@type\":\"BreadcrumbList\",\"@id\":\"https:\\\/\\\/diariotextual.com\\\/inicio\\\/index.php\\\/2023\\\/06\\\/09\\\/comenzo-el-1-congreso-de-salud-ocupacional-y-recursos-humanos-del-poder-judicial\\\/#breadcrumb\",\"itemListElement\":[{\"@type\":\"ListItem\",\"position\":1,\"name\":\"Portada\",\"item\":\"https:\\\/\\\/diariotextual.com\\\/inicio\\\/\"},{\"@type\":\"ListItem\",\"position\":2,\"name\":\"Comenz\u00f3 el 1\u00b0 Congreso de Salud Ocupacional y Recursos Humanos del Poder Judicial\"}]},{\"@type\":\"WebSite\",\"@id\":\"https:\\\/\\\/diariotextual.com\\\/inicio\\\/#website\",\"url\":\"https:\\\/\\\/diariotextual.com\\\/inicio\\\/\",\"name\":\"Diario Textual\",\"description\":\"\",\"publisher\":{\"@id\":\"https:\\\/\\\/diariotextual.com\\\/inicio\\\/#organization\"},\"potentialAction\":[{\"@type\":\"SearchAction\",\"target\":{\"@type\":\"EntryPoint\",\"urlTemplate\":\"https:\\\/\\\/diariotextual.com\\\/inicio\\\/?s={search_term_string}\"},\"query-input\":{\"@type\":\"PropertyValueSpecification\",\"valueRequired\":true,\"valueName\":\"search_term_string\"}}],\"inLanguage\":\"es\"},{\"@type\":\"Organization\",\"@id\":\"https:\\\/\\\/diariotextual.com\\\/inicio\\\/#organization\",\"name\":\"Diario Textual\",\"url\":\"https:\\\/\\\/diariotextual.com\\\/inicio\\\/\",\"logo\":{\"@type\":\"ImageObject\",\"inLanguage\":\"es\",\"@id\":\"https:\\\/\\\/diariotextual.com\\\/inicio\\\/#\\\/schema\\\/logo\\\/image\\\/\",\"url\":\"https:\\\/\\\/diariotextual.com\\\/inicio\\\/wp-content\\\/uploads\\\/2023\\\/05\\\/logotextual1.jpg\",\"contentUrl\":\"https:\\\/\\\/diariotextual.com\\\/inicio\\\/wp-content\\\/uploads\\\/2023\\\/05\\\/logotextual1.jpg\",\"width\":516,\"height\":76,\"caption\":\"Diario Textual\"},\"image\":{\"@id\":\"https:\\\/\\\/diariotextual.com\\\/inicio\\\/#\\\/schema\\\/logo\\\/image\\\/\"},\"sameAs\":[\"https:\\\/\\\/www.facebook.com\\\/eltextual\",\"https:\\\/\\\/x.com\\\/eltextual\",\"http:\\\/\\\/www.instagram.com\\\/eltextual\"]},{\"@type\":\"Person\",\"@id\":\"https:\\\/\\\/diariotextual.com\\\/inicio\\\/#\\\/schema\\\/person\\\/694f60677f23c4a530867a98f22b3768\",\"name\":\"diario2\",\"image\":{\"@type\":\"ImageObject\",\"inLanguage\":\"es\",\"@id\":\"https:\\\/\\\/secure.gravatar.com\\\/avatar\\\/5a2567495ba16b852fcd8f1ed006a2e24fcace936018ed8237e95f488ad6e0a7?s=96&d=mm&r=g\",\"url\":\"https:\\\/\\\/secure.gravatar.com\\\/avatar\\\/5a2567495ba16b852fcd8f1ed006a2e24fcace936018ed8237e95f488ad6e0a7?s=96&d=mm&r=g\",\"contentUrl\":\"https:\\\/\\\/secure.gravatar.com\\\/avatar\\\/5a2567495ba16b852fcd8f1ed006a2e24fcace936018ed8237e95f488ad6e0a7?s=96&d=mm&r=g\",\"caption\":\"diario2\"},\"url\":\"https:\\\/\\\/diariotextual.com\\\/inicio\\\/index.php\\\/author\\\/diario2\\\/\"}]}<\/script>\n<!-- \/ Yoast SEO plugin. -->","yoast_head_json":{"title":"Comenz\u00f3 el 1\u00b0 Congreso de Salud Ocupacional y Recursos Humanos del Poder Judicial - Diario Textual","robots":{"index":"index","follow":"follow","max-snippet":"max-snippet:-1","max-image-preview":"max-image-preview:large","max-video-preview":"max-video-preview:-1"},"canonical":"https:\/\/diariotextual.com\/inicio\/index.php\/2023\/06\/09\/comenzo-el-1-congreso-de-salud-ocupacional-y-recursos-humanos-del-poder-judicial\/","og_locale":"es_ES","og_type":"article","og_title":"Comenz\u00f3 el 1\u00b0 Congreso de Salud Ocupacional y Recursos Humanos del Poder Judicial - Diario Textual","og_description":"Con la asistencia de casi un centenar de personas, comenz\u00f3 hoy en el Colegio de Abogados y Procuradores, el 1\u00b0 Congreso de Salud Ocupacional y Recursos Humanos organizado por el&hellip;","og_url":"https:\/\/diariotextual.com\/inicio\/index.php\/2023\/06\/09\/comenzo-el-1-congreso-de-salud-ocupacional-y-recursos-humanos-del-poder-judicial\/","og_site_name":"Diario Textual","article_publisher":"https:\/\/www.facebook.com\/eltextual","article_published_time":"2023-06-09T17:06:53+00:00","article_modified_time":"2023-06-09T19:24:14+00:00","og_image":[{"width":900,"height":561,"url":"https:\/\/diariotextual.com\/inicio\/wp-content\/uploads\/2023\/06\/congresopoderjudicial333.jpg","type":"image\/jpeg"}],"author":"diario2","twitter_card":"summary_large_image","twitter_creator":"@eltextual","twitter_site":"@eltextual","twitter_misc":{"Escrito por":"diario2","Tiempo de lectura":"4 minutos"},"schema":{"@context":"https:\/\/schema.org","@graph":[{"@type":"Article","@id":"https:\/\/diariotextual.com\/inicio\/index.php\/2023\/06\/09\/comenzo-el-1-congreso-de-salud-ocupacional-y-recursos-humanos-del-poder-judicial\/#article","isPartOf":{"@id":"https:\/\/diariotextual.com\/inicio\/index.php\/2023\/06\/09\/comenzo-el-1-congreso-de-salud-ocupacional-y-recursos-humanos-del-poder-judicial\/"},"author":{"name":"diario2","@id":"https:\/\/diariotextual.com\/inicio\/#\/schema\/person\/694f60677f23c4a530867a98f22b3768"},"headline":"Comenz\u00f3 el 1\u00b0 Congreso de Salud Ocupacional y Recursos Humanos del Poder Judicial","datePublished":"2023-06-09T17:06:53+00:00","dateModified":"2023-06-09T19:24:14+00:00","mainEntityOfPage":{"@id":"https:\/\/diariotextual.com\/inicio\/index.php\/2023\/06\/09\/comenzo-el-1-congreso-de-salud-ocupacional-y-recursos-humanos-del-poder-judicial\/"},"wordCount":806,"publisher":{"@id":"https:\/\/diariotextual.com\/inicio\/#organization"},"image":{"@id":"https:\/\/diariotextual.com\/inicio\/index.php\/2023\/06\/09\/comenzo-el-1-congreso-de-salud-ocupacional-y-recursos-humanos-del-poder-judicial\/#primaryimage"},"thumbnailUrl":"https:\/\/diariotextual.com\/inicio\/wp-content\/uploads\/2023\/06\/congresopoderjudicial333.jpg","articleSection":["A - ES NOTICIA (van abajo)","SOCIEDAD"],"inLanguage":"es"},{"@type":"WebPage","@id":"https:\/\/diariotextual.com\/inicio\/index.php\/2023\/06\/09\/comenzo-el-1-congreso-de-salud-ocupacional-y-recursos-humanos-del-poder-judicial\/","url":"https:\/\/diariotextual.com\/inicio\/index.php\/2023\/06\/09\/comenzo-el-1-congreso-de-salud-ocupacional-y-recursos-humanos-del-poder-judicial\/","name":"Comenz\u00f3 el 1\u00b0 Congreso de Salud Ocupacional y Recursos Humanos del Poder Judicial - Diario Textual","isPartOf":{"@id":"https:\/\/diariotextual.com\/inicio\/#website"},"primaryImageOfPage":{"@id":"https:\/\/diariotextual.com\/inicio\/index.php\/2023\/06\/09\/comenzo-el-1-congreso-de-salud-ocupacional-y-recursos-humanos-del-poder-judicial\/#primaryimage"},"image":{"@id":"https:\/\/diariotextual.com\/inicio\/index.php\/2023\/06\/09\/comenzo-el-1-congreso-de-salud-ocupacional-y-recursos-humanos-del-poder-judicial\/#primaryimage"},"thumbnailUrl":"https:\/\/diariotextual.com\/inicio\/wp-content\/uploads\/2023\/06\/congresopoderjudicial333.jpg","datePublished":"2023-06-09T17:06:53+00:00","dateModified":"2023-06-09T19:24:14+00:00","breadcrumb":{"@id":"https:\/\/diariotextual.com\/inicio\/index.php\/2023\/06\/09\/comenzo-el-1-congreso-de-salud-ocupacional-y-recursos-humanos-del-poder-judicial\/#breadcrumb"},"inLanguage":"es","potentialAction":[{"@type":"ReadAction","target":["https:\/\/diariotextual.com\/inicio\/index.php\/2023\/06\/09\/comenzo-el-1-congreso-de-salud-ocupacional-y-recursos-humanos-del-poder-judicial\/"]}]},{"@type":"ImageObject","inLanguage":"es","@id":"https:\/\/diariotextual.com\/inicio\/index.php\/2023\/06\/09\/comenzo-el-1-congreso-de-salud-ocupacional-y-recursos-humanos-del-poder-judicial\/#primaryimage","url":"https:\/\/diariotextual.com\/inicio\/wp-content\/uploads\/2023\/06\/congresopoderjudicial333.jpg","contentUrl":"https:\/\/diariotextual.com\/inicio\/wp-content\/uploads\/2023\/06\/congresopoderjudicial333.jpg","width":900,"height":561},{"@type":"BreadcrumbList","@id":"https:\/\/diariotextual.com\/inicio\/index.php\/2023\/06\/09\/comenzo-el-1-congreso-de-salud-ocupacional-y-recursos-humanos-del-poder-judicial\/#breadcrumb","itemListElement":[{"@type":"ListItem","position":1,"name":"Portada","item":"https:\/\/diariotextual.com\/inicio\/"},{"@type":"ListItem","position":2,"name":"Comenz\u00f3 el 1\u00b0 Congreso de Salud Ocupacional y Recursos Humanos del Poder Judicial"}]},{"@type":"WebSite","@id":"https:\/\/diariotextual.com\/inicio\/#website","url":"https:\/\/diariotextual.com\/inicio\/","name":"Diario Textual","description":"","publisher":{"@id":"https:\/\/diariotextual.com\/inicio\/#organization"},"potentialAction":[{"@type":"SearchAction","target":{"@type":"EntryPoint","urlTemplate":"https:\/\/diariotextual.com\/inicio\/?s={search_term_string}"},"query-input":{"@type":"PropertyValueSpecification","valueRequired":true,"valueName":"search_term_string"}}],"inLanguage":"es"},{"@type":"Organization","@id":"https:\/\/diariotextual.com\/inicio\/#organization","name":"Diario Textual","url":"https:\/\/diariotextual.com\/inicio\/","logo":{"@type":"ImageObject","inLanguage":"es","@id":"https:\/\/diariotextual.com\/inicio\/#\/schema\/logo\/image\/","url":"https:\/\/diariotextual.com\/inicio\/wp-content\/uploads\/2023\/05\/logotextual1.jpg","contentUrl":"https:\/\/diariotextual.com\/inicio\/wp-content\/uploads\/2023\/05\/logotextual1.jpg","width":516,"height":76,"caption":"Diario Textual"},"image":{"@id":"https:\/\/diariotextual.com\/inicio\/#\/schema\/logo\/image\/"},"sameAs":["https:\/\/www.facebook.com\/eltextual","https:\/\/x.com\/eltextual","http:\/\/www.instagram.com\/eltextual"]},{"@type":"Person","@id":"https:\/\/diariotextual.com\/inicio\/#\/schema\/person\/694f60677f23c4a530867a98f22b3768","name":"diario2","image":{"@type":"ImageObject","inLanguage":"es","@id":"https:\/\/secure.gravatar.com\/avatar\/5a2567495ba16b852fcd8f1ed006a2e24fcace936018ed8237e95f488ad6e0a7?s=96&d=mm&r=g","url":"https:\/\/secure.gravatar.com\/avatar\/5a2567495ba16b852fcd8f1ed006a2e24fcace936018ed8237e95f488ad6e0a7?s=96&d=mm&r=g","contentUrl":"https:\/\/secure.gravatar.com\/avatar\/5a2567495ba16b852fcd8f1ed006a2e24fcace936018ed8237e95f488ad6e0a7?s=96&d=mm&r=g","caption":"diario2"},"url":"https:\/\/diariotextual.com\/inicio\/index.php\/author\/diario2\/"}]}},"_links":{"self":[{"href":"https:\/\/diariotextual.com\/inicio\/index.php\/wp-json\/wp\/v2\/posts\/228003","targetHints":{"allow":["GET"]}}],"collection":[{"href":"https:\/\/diariotextual.com\/inicio\/index.php\/wp-json\/wp\/v2\/posts"}],"about":[{"href":"https:\/\/diariotextual.com\/inicio\/index.php\/wp-json\/wp\/v2\/types\/post"}],"author":[{"embeddable":true,"href":"https:\/\/diariotextual.com\/inicio\/index.php\/wp-json\/wp\/v2\/users\/4"}],"replies":[{"embeddable":true,"href":"https:\/\/diariotextual.com\/inicio\/index.php\/wp-json\/wp\/v2\/comments?post=228003"}],"version-history":[{"count":1,"href":"https:\/\/diariotextual.com\/inicio\/index.php\/wp-json\/wp\/v2\/posts\/228003\/revisions"}],"predecessor-version":[{"id":228005,"href":"https:\/\/diariotextual.com\/inicio\/index.php\/wp-json\/wp\/v2\/posts\/228003\/revisions\/228005"}],"wp:featuredmedia":[{"embeddable":true,"href":"https:\/\/diariotextual.com\/inicio\/index.php\/wp-json\/wp\/v2\/media\/228004"}],"wp:attachment":[{"href":"https:\/\/diariotextual.com\/inicio\/index.php\/wp-json\/wp\/v2\/media?parent=228003"}],"wp:term":[{"taxonomy":"category","embeddable":true,"href":"https:\/\/diariotextual.com\/inicio\/index.php\/wp-json\/wp\/v2\/categories?post=228003"},{"taxonomy":"post_tag","embeddable":true,"href":"https:\/\/diariotextual.com\/inicio\/index.php\/wp-json\/wp\/v2\/tags?post=228003"}],"curies":[{"name":"wp","href":"https:\/\/api.w.org\/{rel}","templated":true}]}}