{"id":228006,"date":"2023-06-09T14:23:49","date_gmt":"2023-06-09T17:23:49","guid":{"rendered":"https:\/\/diariotextual.com\/inicio\/?p=228006"},"modified":"2023-06-09T14:23:51","modified_gmt":"2023-06-09T17:23:51","slug":"agronomia-invito-a-una-charla-sobre-el-agro-y-las-nuevas-tecnologias","status":"publish","type":"post","link":"https:\/\/diariotextual.com\/inicio\/index.php\/2023\/06\/09\/agronomia-invito-a-una-charla-sobre-el-agro-y-las-nuevas-tecnologias\/","title":{"rendered":"Agronom\u00eda invit\u00f3 a una charla sobre el Agro y las nuevas tecnolog\u00edas"},"content":{"rendered":"\n<p>La Facultad de Agronom\u00eda invit\u00f3 a la charla debate<strong> \u201cEl Agro y las nuevas tecnolog\u00edas. Desaf\u00edos y Oportunidades\u201d<\/strong>, que se realizar\u00e1 el 22 de junio a las 16 en la Asociaci\u00f3n Agr\u00edcola Ganadera de La Pampa, en Spinetto 551 y se transmitir\u00e1 en vivo por el canal de<a href=\"https:\/\/www.youtube.com\/channel\/UCydL2-CSmlaqR1fswrZyW9g\" target=\"_blank\" rel=\"noreferrer noopener\"> youtube<\/a><\/p>\n\n\n\n<p>Participar\u00e1 en calidad de expositor Andr\u00e9s M\u00e9ndez, director de Innovaci\u00f3n Tecnol\u00f3gica y Buenas Pr\u00e1cticas Agr\u00edcolas del Ministerio de Agricultura, Ganader\u00eda y Pesca de Naci\u00f3n.<\/p>\n\n\n\n<p>La actividad fue organizada por el Grupo Agro Pampeano de estudios socio econ\u00f3micos (GAP) de esta Facultad, la Asociaci\u00f3n Agr\u00edcola Ganadera de La Pampa (AAGLP) y el Ateneo Juvenil.<\/p>\n\n\n\n<p>La charla, que est\u00e1 destinada a productoras\/es, estudiantes, docentes, investigadoras\/es y profesionales que se vinculan al sector agropecuario y p\u00fablico en general, tiene como objetivo propiciar un debate e intercambio de ideas, con y entre productores y\/o sus respectivas organizaciones, sobre temas relacionados a los procesos de innovaci\u00f3n tecnol\u00f3gica emergentes en el agro.<\/p>\n\n\n\n<p>Participar\u00e1n del encuentro el EEA &#8211; INTA Anguil, Ministerio de la Producci\u00f3n del Gobierno de la Provincia de La Pampa, Colegio de Ingenieros Agr\u00f3nomos de La Pampa, AAPRESID, C\u00e1mara de Propietarios de Maquinarias Agr\u00edcolas CA.PRO.MA y Fundaci\u00f3n Banco de La Pampa.<\/p>\n\n\n\n<p>Esta propuesta no es arancelada, las personas interesadas deber\u00e1n inscribirse completando el siguiente formulario <a href=\"https:\/\/forms.gle\/8ZdQtpCWSE9nVqLj8\" target=\"_blank\" rel=\"noreferrer noopener\">https:\/\/forms.gle\/8ZdQtpCWSE9nVqLj8<\/a><\/p>\n","protected":false},"excerpt":{"rendered":"<p>La Facultad de Agronom\u00eda invit\u00f3 a la charla debate \u201cEl Agro y las nuevas tecnolog\u00edas. Desaf\u00edos y Oportunidades\u201d, que se realizar\u00e1 el 22 de junio a las 16 en la&hellip;<\/p>\n","protected":false},"author":4,"featured_media":228008,"comment_status":"closed","ping_status":"open","sticky":false,"template":"","format":"standard","meta":{"_acf_changed":false,"footnotes":""},"categories":[1,12],"tags":[],"class_list":["post-228006","post","type-post","status-publish","format-standard","has-post-thumbnail","hentry","category-es-noticia","category-sociedad"],"acf":[],"yoast_head":"<!-- This site is optimized with the Yoast SEO plugin v27.5 - https:\/\/yoast.com\/product\/yoast-seo-wordpress\/ -->\n<title>Agronom\u00eda invit\u00f3 a una charla sobre el Agro y las nuevas tecnolog\u00edas - Diario Textual<\/title>\n<meta name=\"robots\" content=\"index, follow, max-snippet:-1, max-image-preview:large, max-video-preview:-1\" \/>\n<link rel=\"canonical\" href=\"https:\/\/diariotextual.com\/inicio\/index.php\/2023\/06\/09\/agronomia-invito-a-una-charla-sobre-el-agro-y-las-nuevas-tecnologias\/\" \/>\n<meta property=\"og:locale\" content=\"es_ES\" \/>\n<meta property=\"og:type\" content=\"article\" \/>\n<meta property=\"og:title\" content=\"Agronom\u00eda invit\u00f3 a una charla sobre el Agro y las nuevas tecnolog\u00edas - Diario Textual\" \/>\n<meta property=\"og:description\" content=\"La Facultad de Agronom\u00eda invit\u00f3 a la charla debate \u201cEl Agro y las nuevas tecnolog\u00edas. Desaf\u00edos y Oportunidades\u201d, que se realizar\u00e1 el 22 de junio a las 16 en la&hellip;\" \/>\n<meta property=\"og:url\" content=\"https:\/\/diariotextual.com\/inicio\/index.php\/2023\/06\/09\/agronomia-invito-a-una-charla-sobre-el-agro-y-las-nuevas-tecnologias\/\" \/>\n<meta property=\"og:site_name\" content=\"Diario Textual\" \/>\n<meta property=\"article:publisher\" content=\"https:\/\/www.facebook.com\/eltextual\" \/>\n<meta property=\"article:published_time\" content=\"2023-06-09T17:23:49+00:00\" \/>\n<meta property=\"article:modified_time\" content=\"2023-06-09T17:23:51+00:00\" \/>\n<meta property=\"og:image\" content=\"https:\/\/diariotextual.com\/inicio\/wp-content\/uploads\/2023\/06\/tecnologiaagro4372.jpg\" \/>\n\t<meta property=\"og:image:width\" content=\"1024\" \/>\n\t<meta property=\"og:image:height\" content=\"512\" \/>\n\t<meta property=\"og:image:type\" content=\"image\/jpeg\" \/>\n<meta name=\"author\" content=\"diario2\" \/>\n<meta name=\"twitter:card\" content=\"summary_large_image\" \/>\n<meta name=\"twitter:creator\" content=\"@eltextual\" \/>\n<meta name=\"twitter:site\" content=\"@eltextual\" \/>\n<meta name=\"twitter:label1\" content=\"Escrito por\" \/>\n\t<meta name=\"twitter:data1\" content=\"diario2\" \/>\n\t<meta name=\"twitter:label2\" content=\"Tiempo de lectura\" \/>\n\t<meta name=\"twitter:data2\" content=\"1 minuto\" \/>\n<script type=\"application\/ld+json\" class=\"yoast-schema-graph\">{\"@context\":\"https:\\\/\\\/schema.org\",\"@graph\":[{\"@type\":\"Article\",\"@id\":\"https:\\\/\\\/diariotextual.com\\\/inicio\\\/index.php\\\/2023\\\/06\\\/09\\\/agronomia-invito-a-una-charla-sobre-el-agro-y-las-nuevas-tecnologias\\\/#article\",\"isPartOf\":{\"@id\":\"https:\\\/\\\/diariotextual.com\\\/inicio\\\/index.php\\\/2023\\\/06\\\/09\\\/agronomia-invito-a-una-charla-sobre-el-agro-y-las-nuevas-tecnologias\\\/\"},\"author\":{\"name\":\"diario2\",\"@id\":\"https:\\\/\\\/diariotextual.com\\\/inicio\\\/#\\\/schema\\\/person\\\/694f60677f23c4a530867a98f22b3768\"},\"headline\":\"Agronom\u00eda invit\u00f3 a una charla sobre el Agro y las nuevas tecnolog\u00edas\",\"datePublished\":\"2023-06-09T17:23:49+00:00\",\"dateModified\":\"2023-06-09T17:23:51+00:00\",\"mainEntityOfPage\":{\"@id\":\"https:\\\/\\\/diariotextual.com\\\/inicio\\\/index.php\\\/2023\\\/06\\\/09\\\/agronomia-invito-a-una-charla-sobre-el-agro-y-las-nuevas-tecnologias\\\/\"},\"wordCount\":257,\"publisher\":{\"@id\":\"https:\\\/\\\/diariotextual.com\\\/inicio\\\/#organization\"},\"image\":{\"@id\":\"https:\\\/\\\/diariotextual.com\\\/inicio\\\/index.php\\\/2023\\\/06\\\/09\\\/agronomia-invito-a-una-charla-sobre-el-agro-y-las-nuevas-tecnologias\\\/#primaryimage\"},\"thumbnailUrl\":\"https:\\\/\\\/diariotextual.com\\\/inicio\\\/wp-content\\\/uploads\\\/2023\\\/06\\\/tecnologiaagro4372.jpg\",\"articleSection\":[\"A - ES NOTICIA (van abajo)\",\"SOCIEDAD\"],\"inLanguage\":\"es\"},{\"@type\":\"WebPage\",\"@id\":\"https:\\\/\\\/diariotextual.com\\\/inicio\\\/index.php\\\/2023\\\/06\\\/09\\\/agronomia-invito-a-una-charla-sobre-el-agro-y-las-nuevas-tecnologias\\\/\",\"url\":\"https:\\\/\\\/diariotextual.com\\\/inicio\\\/index.php\\\/2023\\\/06\\\/09\\\/agronomia-invito-a-una-charla-sobre-el-agro-y-las-nuevas-tecnologias\\\/\",\"name\":\"Agronom\u00eda invit\u00f3 a una charla sobre el Agro y las nuevas tecnolog\u00edas - Diario Textual\",\"isPartOf\":{\"@id\":\"https:\\\/\\\/diariotextual.com\\\/inicio\\\/#website\"},\"primaryImageOfPage\":{\"@id\":\"https:\\\/\\\/diariotextual.com\\\/inicio\\\/index.php\\\/2023\\\/06\\\/09\\\/agronomia-invito-a-una-charla-sobre-el-agro-y-las-nuevas-tecnologias\\\/#primaryimage\"},\"image\":{\"@id\":\"https:\\\/\\\/diariotextual.com\\\/inicio\\\/index.php\\\/2023\\\/06\\\/09\\\/agronomia-invito-a-una-charla-sobre-el-agro-y-las-nuevas-tecnologias\\\/#primaryimage\"},\"thumbnailUrl\":\"https:\\\/\\\/diariotextual.com\\\/inicio\\\/wp-content\\\/uploads\\\/2023\\\/06\\\/tecnologiaagro4372.jpg\",\"datePublished\":\"2023-06-09T17:23:49+00:00\",\"dateModified\":\"2023-06-09T17:23:51+00:00\",\"breadcrumb\":{\"@id\":\"https:\\\/\\\/diariotextual.com\\\/inicio\\\/index.php\\\/2023\\\/06\\\/09\\\/agronomia-invito-a-una-charla-sobre-el-agro-y-las-nuevas-tecnologias\\\/#breadcrumb\"},\"inLanguage\":\"es\",\"potentialAction\":[{\"@type\":\"ReadAction\",\"target\":[\"https:\\\/\\\/diariotextual.com\\\/inicio\\\/index.php\\\/2023\\\/06\\\/09\\\/agronomia-invito-a-una-charla-sobre-el-agro-y-las-nuevas-tecnologias\\\/\"]}]},{\"@type\":\"ImageObject\",\"inLanguage\":\"es\",\"@id\":\"https:\\\/\\\/diariotextual.com\\\/inicio\\\/index.php\\\/2023\\\/06\\\/09\\\/agronomia-invito-a-una-charla-sobre-el-agro-y-las-nuevas-tecnologias\\\/#primaryimage\",\"url\":\"https:\\\/\\\/diariotextual.com\\\/inicio\\\/wp-content\\\/uploads\\\/2023\\\/06\\\/tecnologiaagro4372.jpg\",\"contentUrl\":\"https:\\\/\\\/diariotextual.com\\\/inicio\\\/wp-content\\\/uploads\\\/2023\\\/06\\\/tecnologiaagro4372.jpg\",\"width\":1024,\"height\":512},{\"@type\":\"BreadcrumbList\",\"@id\":\"https:\\\/\\\/diariotextual.com\\\/inicio\\\/index.php\\\/2023\\\/06\\\/09\\\/agronomia-invito-a-una-charla-sobre-el-agro-y-las-nuevas-tecnologias\\\/#breadcrumb\",\"itemListElement\":[{\"@type\":\"ListItem\",\"position\":1,\"name\":\"Portada\",\"item\":\"https:\\\/\\\/diariotextual.com\\\/inicio\\\/\"},{\"@type\":\"ListItem\",\"position\":2,\"name\":\"Agronom\u00eda invit\u00f3 a una charla sobre el Agro y las nuevas tecnolog\u00edas\"}]},{\"@type\":\"WebSite\",\"@id\":\"https:\\\/\\\/diariotextual.com\\\/inicio\\\/#website\",\"url\":\"https:\\\/\\\/diariotextual.com\\\/inicio\\\/\",\"name\":\"Diario Textual\",\"description\":\"\",\"publisher\":{\"@id\":\"https:\\\/\\\/diariotextual.com\\\/inicio\\\/#organization\"},\"potentialAction\":[{\"@type\":\"SearchAction\",\"target\":{\"@type\":\"EntryPoint\",\"urlTemplate\":\"https:\\\/\\\/diariotextual.com\\\/inicio\\\/?s={search_term_string}\"},\"query-input\":{\"@type\":\"PropertyValueSpecification\",\"valueRequired\":true,\"valueName\":\"search_term_string\"}}],\"inLanguage\":\"es\"},{\"@type\":\"Organization\",\"@id\":\"https:\\\/\\\/diariotextual.com\\\/inicio\\\/#organization\",\"name\":\"Diario Textual\",\"url\":\"https:\\\/\\\/diariotextual.com\\\/inicio\\\/\",\"logo\":{\"@type\":\"ImageObject\",\"inLanguage\":\"es\",\"@id\":\"https:\\\/\\\/diariotextual.com\\\/inicio\\\/#\\\/schema\\\/logo\\\/image\\\/\",\"url\":\"https:\\\/\\\/diariotextual.com\\\/inicio\\\/wp-content\\\/uploads\\\/2023\\\/05\\\/logotextual1.jpg\",\"contentUrl\":\"https:\\\/\\\/diariotextual.com\\\/inicio\\\/wp-content\\\/uploads\\\/2023\\\/05\\\/logotextual1.jpg\",\"width\":516,\"height\":76,\"caption\":\"Diario Textual\"},\"image\":{\"@id\":\"https:\\\/\\\/diariotextual.com\\\/inicio\\\/#\\\/schema\\\/logo\\\/image\\\/\"},\"sameAs\":[\"https:\\\/\\\/www.facebook.com\\\/eltextual\",\"https:\\\/\\\/x.com\\\/eltextual\",\"http:\\\/\\\/www.instagram.com\\\/eltextual\"]},{\"@type\":\"Person\",\"@id\":\"https:\\\/\\\/diariotextual.com\\\/inicio\\\/#\\\/schema\\\/person\\\/694f60677f23c4a530867a98f22b3768\",\"name\":\"diario2\",\"image\":{\"@type\":\"ImageObject\",\"inLanguage\":\"es\",\"@id\":\"https:\\\/\\\/secure.gravatar.com\\\/avatar\\\/5a2567495ba16b852fcd8f1ed006a2e24fcace936018ed8237e95f488ad6e0a7?s=96&d=mm&r=g\",\"url\":\"https:\\\/\\\/secure.gravatar.com\\\/avatar\\\/5a2567495ba16b852fcd8f1ed006a2e24fcace936018ed8237e95f488ad6e0a7?s=96&d=mm&r=g\",\"contentUrl\":\"https:\\\/\\\/secure.gravatar.com\\\/avatar\\\/5a2567495ba16b852fcd8f1ed006a2e24fcace936018ed8237e95f488ad6e0a7?s=96&d=mm&r=g\",\"caption\":\"diario2\"},\"url\":\"https:\\\/\\\/diariotextual.com\\\/inicio\\\/index.php\\\/author\\\/diario2\\\/\"}]}<\/script>\n<!-- \/ Yoast SEO plugin. -->","yoast_head_json":{"title":"Agronom\u00eda invit\u00f3 a una charla sobre el Agro y las nuevas tecnolog\u00edas - Diario Textual","robots":{"index":"index","follow":"follow","max-snippet":"max-snippet:-1","max-image-preview":"max-image-preview:large","max-video-preview":"max-video-preview:-1"},"canonical":"https:\/\/diariotextual.com\/inicio\/index.php\/2023\/06\/09\/agronomia-invito-a-una-charla-sobre-el-agro-y-las-nuevas-tecnologias\/","og_locale":"es_ES","og_type":"article","og_title":"Agronom\u00eda invit\u00f3 a una charla sobre el Agro y las nuevas tecnolog\u00edas - Diario Textual","og_description":"La Facultad de Agronom\u00eda invit\u00f3 a la charla debate \u201cEl Agro y las nuevas tecnolog\u00edas. Desaf\u00edos y Oportunidades\u201d, que se realizar\u00e1 el 22 de junio a las 16 en la&hellip;","og_url":"https:\/\/diariotextual.com\/inicio\/index.php\/2023\/06\/09\/agronomia-invito-a-una-charla-sobre-el-agro-y-las-nuevas-tecnologias\/","og_site_name":"Diario Textual","article_publisher":"https:\/\/www.facebook.com\/eltextual","article_published_time":"2023-06-09T17:23:49+00:00","article_modified_time":"2023-06-09T17:23:51+00:00","og_image":[{"width":1024,"height":512,"url":"https:\/\/diariotextual.com\/inicio\/wp-content\/uploads\/2023\/06\/tecnologiaagro4372.jpg","type":"image\/jpeg"}],"author":"diario2","twitter_card":"summary_large_image","twitter_creator":"@eltextual","twitter_site":"@eltextual","twitter_misc":{"Escrito por":"diario2","Tiempo de lectura":"1 minuto"},"schema":{"@context":"https:\/\/schema.org","@graph":[{"@type":"Article","@id":"https:\/\/diariotextual.com\/inicio\/index.php\/2023\/06\/09\/agronomia-invito-a-una-charla-sobre-el-agro-y-las-nuevas-tecnologias\/#article","isPartOf":{"@id":"https:\/\/diariotextual.com\/inicio\/index.php\/2023\/06\/09\/agronomia-invito-a-una-charla-sobre-el-agro-y-las-nuevas-tecnologias\/"},"author":{"name":"diario2","@id":"https:\/\/diariotextual.com\/inicio\/#\/schema\/person\/694f60677f23c4a530867a98f22b3768"},"headline":"Agronom\u00eda invit\u00f3 a una charla sobre el Agro y las nuevas tecnolog\u00edas","datePublished":"2023-06-09T17:23:49+00:00","dateModified":"2023-06-09T17:23:51+00:00","mainEntityOfPage":{"@id":"https:\/\/diariotextual.com\/inicio\/index.php\/2023\/06\/09\/agronomia-invito-a-una-charla-sobre-el-agro-y-las-nuevas-tecnologias\/"},"wordCount":257,"publisher":{"@id":"https:\/\/diariotextual.com\/inicio\/#organization"},"image":{"@id":"https:\/\/diariotextual.com\/inicio\/index.php\/2023\/06\/09\/agronomia-invito-a-una-charla-sobre-el-agro-y-las-nuevas-tecnologias\/#primaryimage"},"thumbnailUrl":"https:\/\/diariotextual.com\/inicio\/wp-content\/uploads\/2023\/06\/tecnologiaagro4372.jpg","articleSection":["A - ES NOTICIA (van abajo)","SOCIEDAD"],"inLanguage":"es"},{"@type":"WebPage","@id":"https:\/\/diariotextual.com\/inicio\/index.php\/2023\/06\/09\/agronomia-invito-a-una-charla-sobre-el-agro-y-las-nuevas-tecnologias\/","url":"https:\/\/diariotextual.com\/inicio\/index.php\/2023\/06\/09\/agronomia-invito-a-una-charla-sobre-el-agro-y-las-nuevas-tecnologias\/","name":"Agronom\u00eda invit\u00f3 a una charla sobre el Agro y las nuevas tecnolog\u00edas - Diario Textual","isPartOf":{"@id":"https:\/\/diariotextual.com\/inicio\/#website"},"primaryImageOfPage":{"@id":"https:\/\/diariotextual.com\/inicio\/index.php\/2023\/06\/09\/agronomia-invito-a-una-charla-sobre-el-agro-y-las-nuevas-tecnologias\/#primaryimage"},"image":{"@id":"https:\/\/diariotextual.com\/inicio\/index.php\/2023\/06\/09\/agronomia-invito-a-una-charla-sobre-el-agro-y-las-nuevas-tecnologias\/#primaryimage"},"thumbnailUrl":"https:\/\/diariotextual.com\/inicio\/wp-content\/uploads\/2023\/06\/tecnologiaagro4372.jpg","datePublished":"2023-06-09T17:23:49+00:00","dateModified":"2023-06-09T17:23:51+00:00","breadcrumb":{"@id":"https:\/\/diariotextual.com\/inicio\/index.php\/2023\/06\/09\/agronomia-invito-a-una-charla-sobre-el-agro-y-las-nuevas-tecnologias\/#breadcrumb"},"inLanguage":"es","potentialAction":[{"@type":"ReadAction","target":["https:\/\/diariotextual.com\/inicio\/index.php\/2023\/06\/09\/agronomia-invito-a-una-charla-sobre-el-agro-y-las-nuevas-tecnologias\/"]}]},{"@type":"ImageObject","inLanguage":"es","@id":"https:\/\/diariotextual.com\/inicio\/index.php\/2023\/06\/09\/agronomia-invito-a-una-charla-sobre-el-agro-y-las-nuevas-tecnologias\/#primaryimage","url":"https:\/\/diariotextual.com\/inicio\/wp-content\/uploads\/2023\/06\/tecnologiaagro4372.jpg","contentUrl":"https:\/\/diariotextual.com\/inicio\/wp-content\/uploads\/2023\/06\/tecnologiaagro4372.jpg","width":1024,"height":512},{"@type":"BreadcrumbList","@id":"https:\/\/diariotextual.com\/inicio\/index.php\/2023\/06\/09\/agronomia-invito-a-una-charla-sobre-el-agro-y-las-nuevas-tecnologias\/#breadcrumb","itemListElement":[{"@type":"ListItem","position":1,"name":"Portada","item":"https:\/\/diariotextual.com\/inicio\/"},{"@type":"ListItem","position":2,"name":"Agronom\u00eda invit\u00f3 a una charla sobre el Agro y las nuevas tecnolog\u00edas"}]},{"@type":"WebSite","@id":"https:\/\/diariotextual.com\/inicio\/#website","url":"https:\/\/diariotextual.com\/inicio\/","name":"Diario Textual","description":"","publisher":{"@id":"https:\/\/diariotextual.com\/inicio\/#organization"},"potentialAction":[{"@type":"SearchAction","target":{"@type":"EntryPoint","urlTemplate":"https:\/\/diariotextual.com\/inicio\/?s={search_term_string}"},"query-input":{"@type":"PropertyValueSpecification","valueRequired":true,"valueName":"search_term_string"}}],"inLanguage":"es"},{"@type":"Organization","@id":"https:\/\/diariotextual.com\/inicio\/#organization","name":"Diario Textual","url":"https:\/\/diariotextual.com\/inicio\/","logo":{"@type":"ImageObject","inLanguage":"es","@id":"https:\/\/diariotextual.com\/inicio\/#\/schema\/logo\/image\/","url":"https:\/\/diariotextual.com\/inicio\/wp-content\/uploads\/2023\/05\/logotextual1.jpg","contentUrl":"https:\/\/diariotextual.com\/inicio\/wp-content\/uploads\/2023\/05\/logotextual1.jpg","width":516,"height":76,"caption":"Diario Textual"},"image":{"@id":"https:\/\/diariotextual.com\/inicio\/#\/schema\/logo\/image\/"},"sameAs":["https:\/\/www.facebook.com\/eltextual","https:\/\/x.com\/eltextual","http:\/\/www.instagram.com\/eltextual"]},{"@type":"Person","@id":"https:\/\/diariotextual.com\/inicio\/#\/schema\/person\/694f60677f23c4a530867a98f22b3768","name":"diario2","image":{"@type":"ImageObject","inLanguage":"es","@id":"https:\/\/secure.gravatar.com\/avatar\/5a2567495ba16b852fcd8f1ed006a2e24fcace936018ed8237e95f488ad6e0a7?s=96&d=mm&r=g","url":"https:\/\/secure.gravatar.com\/avatar\/5a2567495ba16b852fcd8f1ed006a2e24fcace936018ed8237e95f488ad6e0a7?s=96&d=mm&r=g","contentUrl":"https:\/\/secure.gravatar.com\/avatar\/5a2567495ba16b852fcd8f1ed006a2e24fcace936018ed8237e95f488ad6e0a7?s=96&d=mm&r=g","caption":"diario2"},"url":"https:\/\/diariotextual.com\/inicio\/index.php\/author\/diario2\/"}]}},"_links":{"self":[{"href":"https:\/\/diariotextual.com\/inicio\/index.php\/wp-json\/wp\/v2\/posts\/228006","targetHints":{"allow":["GET"]}}],"collection":[{"href":"https:\/\/diariotextual.com\/inicio\/index.php\/wp-json\/wp\/v2\/posts"}],"about":[{"href":"https:\/\/diariotextual.com\/inicio\/index.php\/wp-json\/wp\/v2\/types\/post"}],"author":[{"embeddable":true,"href":"https:\/\/diariotextual.com\/inicio\/index.php\/wp-json\/wp\/v2\/users\/4"}],"replies":[{"embeddable":true,"href":"https:\/\/diariotextual.com\/inicio\/index.php\/wp-json\/wp\/v2\/comments?post=228006"}],"version-history":[{"count":1,"href":"https:\/\/diariotextual.com\/inicio\/index.php\/wp-json\/wp\/v2\/posts\/228006\/revisions"}],"predecessor-version":[{"id":228009,"href":"https:\/\/diariotextual.com\/inicio\/index.php\/wp-json\/wp\/v2\/posts\/228006\/revisions\/228009"}],"wp:featuredmedia":[{"embeddable":true,"href":"https:\/\/diariotextual.com\/inicio\/index.php\/wp-json\/wp\/v2\/media\/228008"}],"wp:attachment":[{"href":"https:\/\/diariotextual.com\/inicio\/index.php\/wp-json\/wp\/v2\/media?parent=228006"}],"wp:term":[{"taxonomy":"category","embeddable":true,"href":"https:\/\/diariotextual.com\/inicio\/index.php\/wp-json\/wp\/v2\/categories?post=228006"},{"taxonomy":"post_tag","embeddable":true,"href":"https:\/\/diariotextual.com\/inicio\/index.php\/wp-json\/wp\/v2\/tags?post=228006"}],"curies":[{"name":"wp","href":"https:\/\/api.w.org\/{rel}","templated":true}]}}