{"id":228020,"date":"2023-06-09T15:08:48","date_gmt":"2023-06-09T18:08:48","guid":{"rendered":"https:\/\/diariotextual.com\/inicio\/?p=228020"},"modified":"2023-06-10T09:50:28","modified_gmt":"2023-06-10T12:50:28","slug":"alberto-fernandez-estamos-en-la-senda-correcta","status":"publish","type":"post","link":"https:\/\/diariotextual.com\/inicio\/index.php\/2023\/06\/09\/alberto-fernandez-estamos-en-la-senda-correcta\/","title":{"rendered":"Fern\u00e1ndez: \u201cEl gobierno anterior tuvo una pol\u00edtica generalizada de cerrar industrias\u201d"},"content":{"rendered":"\n<p>El presidente<strong> Alberto Fern\u00e1ndez afirm\u00f3 que el Gobierno est\u00e1 \u201cest\u00e1 en la senda correcta\u201d<\/strong> y remarc\u00f3 que quiere \u201cun Estado fuerte, presente, que intervenga en los desequilibrios, que sea promotor de la econom\u00eda\u201d.<\/p>\n\n\n\n<p>\u201c(Juan Domingo) Per\u00f3n dec\u00eda que gobernar es dar trabajo. Entonces, algo hemos hecho en esa materia. Tenemos los niveles de desempleo m\u00e1s bajos que se registran en la Argentina de la democracia. Creo que estamos en la senda correcta\u201d, sostuvo el mandatario.<\/p>\n\n\n\n<p>Al encabezar la reapertura de la F\u00e1brica Militar de P\u00f3lvoras y Explosivos (FANAZUL), ubicada en el partido bonaerense de Azul, el jefe de Estado subray\u00f3: \u00abSe est\u00e1 poniendo de pie la Argentina\u00bb.<\/p>\n\n\n\n<p>\u201c<strong>Creemos que el pa\u00eds no puede quedar sometido a las reglas del mercado<\/strong>, <strong>sino que tiene que haber un Estado que impulse la econom\u00eda y ponga equilibrios<\/strong>; queremos un Estado fuerte, presente, que intervenga en los desequilibrios, que sea promotor de la econom\u00eda\u201d, a\u00f1adi\u00f3.<\/p>\n\n\n\n<p>La f\u00e1brica cerr\u00f3 sus puertas durante la gesti\u00f3n de la ex gobernadora Mar\u00eda Eugenia Vidal y dej\u00f3 un saldo 220 trabajadores despedidos.<\/p>\n\n\n\n<p>En el acto en la localidad de Azul, Alberto Fern\u00e1ndez remarc\u00f3: \u201cEl Gobierno que nos precedi\u00f3 entendi\u00f3 que sobraba, que no hac\u00eda falta que existiera y fue parte de una pol\u00edtica generalizada que cerr\u00f3 muchas industrias convencidos de que la Argentina no es un pa\u00eds llamado a industrializarse\u201d.<\/p>\n\n\n\n<p>Acompa\u00f1ado por su jefe de Gabinete, Agust\u00edn Rossi, y el ministro de Defensa, Jorge Taiana, el Presidente destac\u00f3 la tarea del extitular de la AFI en la reapertura de la planta. \u201cMe acuerdo cuando Rossi me plante\u00f3 la reapertura de Fanazul y me habl\u00f3 de la importancia estrat\u00e9gica que significaba volver a ser capaces de producir explosivos en una l\u00f3gica de pol\u00edtica de defensa nacional\u201d, revel\u00f3 en un gui\u00f1o a quien es hoy precandidato a presidente.<\/p>\n\n\n\n<p>\u201cAc\u00e1 no termin\u00f3 la tarea, ac\u00e1 empieza\u201d, remarc\u00f3. Y agreg\u00f3: \u201cEmpezando a poner en valor la industria de la defensa, a las fabricaciones militares, a nuestras fuerzas armadas\u00bb, vocifer\u00f3 al tiempo que remarc\u00f3 que el respeto de las fuerzas a \u00abla institucionalidad y con la sociedad argentina\u201d.<\/p>\n\n\n\n<p>Por \u00faltimo, revel\u00f3 que el pa\u00eds est\u00e1 \u201cproduciendo material que se usa en la miner\u00eda\u201d para exportarlo a Per\u00fa \u201ca buen precio\u201d.<\/p>\n\n\n\n<p>\u201cTenemos que ser capaces de proveer el insumo que necesitan las mineras y seguir ingresando recursos porque esos explosivos que se exportan se convierten en d\u00f3lares que necesita la Argentina\u201d, concluy\u00f3.<\/p>\n","protected":false},"excerpt":{"rendered":"<p>El presidente Alberto Fern\u00e1ndez afirm\u00f3 que el Gobierno est\u00e1 \u201cest\u00e1 en la senda correcta\u201d y remarc\u00f3 que quiere \u201cun Estado fuerte, presente, que intervenga en los desequilibrios, que sea promotor&hellip;<\/p>\n","protected":false},"author":4,"featured_media":214414,"comment_status":"closed","ping_status":"open","sticky":false,"template":"","format":"standard","meta":{"_acf_changed":false,"footnotes":""},"categories":[11,8],"tags":[],"class_list":["post-228020","post","type-post","status-publish","format-standard","has-post-thumbnail","hentry","category-que-pasa","category-politica"],"acf":[],"yoast_head":"<!-- This site is optimized with the Yoast SEO plugin v27.5 - https:\/\/yoast.com\/product\/yoast-seo-wordpress\/ -->\n<title>Fern\u00e1ndez: \u201cEl gobierno anterior tuvo una pol\u00edtica generalizada de cerrar industrias\u201d - Diario Textual<\/title>\n<meta name=\"robots\" content=\"index, follow, max-snippet:-1, max-image-preview:large, max-video-preview:-1\" \/>\n<link rel=\"canonical\" href=\"https:\/\/diariotextual.com\/inicio\/index.php\/2023\/06\/09\/alberto-fernandez-estamos-en-la-senda-correcta\/\" \/>\n<meta property=\"og:locale\" content=\"es_ES\" \/>\n<meta property=\"og:type\" content=\"article\" \/>\n<meta property=\"og:title\" content=\"Fern\u00e1ndez: \u201cEl gobierno anterior tuvo una pol\u00edtica generalizada de cerrar industrias\u201d - Diario Textual\" \/>\n<meta property=\"og:description\" content=\"El presidente Alberto Fern\u00e1ndez afirm\u00f3 que el Gobierno est\u00e1 \u201cest\u00e1 en la senda correcta\u201d y remarc\u00f3 que quiere \u201cun Estado fuerte, presente, que intervenga en los desequilibrios, que sea promotor&hellip;\" \/>\n<meta property=\"og:url\" content=\"https:\/\/diariotextual.com\/inicio\/index.php\/2023\/06\/09\/alberto-fernandez-estamos-en-la-senda-correcta\/\" \/>\n<meta property=\"og:site_name\" content=\"Diario Textual\" \/>\n<meta property=\"article:publisher\" content=\"https:\/\/www.facebook.com\/eltextual\" \/>\n<meta property=\"article:published_time\" content=\"2023-06-09T18:08:48+00:00\" \/>\n<meta property=\"article:modified_time\" content=\"2023-06-10T12:50:28+00:00\" \/>\n<meta property=\"og:image\" content=\"https:\/\/diariotextual.com\/inicio\/wp-content\/uploads\/2023\/01\/fernandezalberto2023-2.png\" \/>\n\t<meta property=\"og:image:width\" content=\"837\" \/>\n\t<meta property=\"og:image:height\" content=\"486\" \/>\n\t<meta property=\"og:image:type\" content=\"image\/png\" \/>\n<meta name=\"author\" content=\"diario2\" \/>\n<meta name=\"twitter:card\" content=\"summary_large_image\" \/>\n<meta name=\"twitter:creator\" content=\"@eltextual\" \/>\n<meta name=\"twitter:site\" content=\"@eltextual\" \/>\n<meta name=\"twitter:label1\" content=\"Escrito por\" \/>\n\t<meta name=\"twitter:data1\" content=\"diario2\" \/>\n\t<meta name=\"twitter:label2\" content=\"Tiempo de lectura\" \/>\n\t<meta name=\"twitter:data2\" content=\"2 minutos\" \/>\n<script type=\"application\/ld+json\" class=\"yoast-schema-graph\">{\"@context\":\"https:\\\/\\\/schema.org\",\"@graph\":[{\"@type\":\"Article\",\"@id\":\"https:\\\/\\\/diariotextual.com\\\/inicio\\\/index.php\\\/2023\\\/06\\\/09\\\/alberto-fernandez-estamos-en-la-senda-correcta\\\/#article\",\"isPartOf\":{\"@id\":\"https:\\\/\\\/diariotextual.com\\\/inicio\\\/index.php\\\/2023\\\/06\\\/09\\\/alberto-fernandez-estamos-en-la-senda-correcta\\\/\"},\"author\":{\"name\":\"diario2\",\"@id\":\"https:\\\/\\\/diariotextual.com\\\/inicio\\\/#\\\/schema\\\/person\\\/694f60677f23c4a530867a98f22b3768\"},\"headline\":\"Fern\u00e1ndez: \u201cEl gobierno anterior tuvo una pol\u00edtica generalizada de cerrar industrias\u201d\",\"datePublished\":\"2023-06-09T18:08:48+00:00\",\"dateModified\":\"2023-06-10T12:50:28+00:00\",\"mainEntityOfPage\":{\"@id\":\"https:\\\/\\\/diariotextual.com\\\/inicio\\\/index.php\\\/2023\\\/06\\\/09\\\/alberto-fernandez-estamos-en-la-senda-correcta\\\/\"},\"wordCount\":436,\"publisher\":{\"@id\":\"https:\\\/\\\/diariotextual.com\\\/inicio\\\/#organization\"},\"image\":{\"@id\":\"https:\\\/\\\/diariotextual.com\\\/inicio\\\/index.php\\\/2023\\\/06\\\/09\\\/alberto-fernandez-estamos-en-la-senda-correcta\\\/#primaryimage\"},\"thumbnailUrl\":\"https:\\\/\\\/diariotextual.com\\\/inicio\\\/wp-content\\\/uploads\\\/2023\\\/01\\\/fernandezalberto2023-2.png\",\"articleSection\":[\"A - QUE PASA (al costado)\",\"POLITICA\"],\"inLanguage\":\"es\"},{\"@type\":\"WebPage\",\"@id\":\"https:\\\/\\\/diariotextual.com\\\/inicio\\\/index.php\\\/2023\\\/06\\\/09\\\/alberto-fernandez-estamos-en-la-senda-correcta\\\/\",\"url\":\"https:\\\/\\\/diariotextual.com\\\/inicio\\\/index.php\\\/2023\\\/06\\\/09\\\/alberto-fernandez-estamos-en-la-senda-correcta\\\/\",\"name\":\"Fern\u00e1ndez: \u201cEl gobierno anterior tuvo una pol\u00edtica generalizada de cerrar industrias\u201d - Diario Textual\",\"isPartOf\":{\"@id\":\"https:\\\/\\\/diariotextual.com\\\/inicio\\\/#website\"},\"primaryImageOfPage\":{\"@id\":\"https:\\\/\\\/diariotextual.com\\\/inicio\\\/index.php\\\/2023\\\/06\\\/09\\\/alberto-fernandez-estamos-en-la-senda-correcta\\\/#primaryimage\"},\"image\":{\"@id\":\"https:\\\/\\\/diariotextual.com\\\/inicio\\\/index.php\\\/2023\\\/06\\\/09\\\/alberto-fernandez-estamos-en-la-senda-correcta\\\/#primaryimage\"},\"thumbnailUrl\":\"https:\\\/\\\/diariotextual.com\\\/inicio\\\/wp-content\\\/uploads\\\/2023\\\/01\\\/fernandezalberto2023-2.png\",\"datePublished\":\"2023-06-09T18:08:48+00:00\",\"dateModified\":\"2023-06-10T12:50:28+00:00\",\"breadcrumb\":{\"@id\":\"https:\\\/\\\/diariotextual.com\\\/inicio\\\/index.php\\\/2023\\\/06\\\/09\\\/alberto-fernandez-estamos-en-la-senda-correcta\\\/#breadcrumb\"},\"inLanguage\":\"es\",\"potentialAction\":[{\"@type\":\"ReadAction\",\"target\":[\"https:\\\/\\\/diariotextual.com\\\/inicio\\\/index.php\\\/2023\\\/06\\\/09\\\/alberto-fernandez-estamos-en-la-senda-correcta\\\/\"]}]},{\"@type\":\"ImageObject\",\"inLanguage\":\"es\",\"@id\":\"https:\\\/\\\/diariotextual.com\\\/inicio\\\/index.php\\\/2023\\\/06\\\/09\\\/alberto-fernandez-estamos-en-la-senda-correcta\\\/#primaryimage\",\"url\":\"https:\\\/\\\/diariotextual.com\\\/inicio\\\/wp-content\\\/uploads\\\/2023\\\/01\\\/fernandezalberto2023-2.png\",\"contentUrl\":\"https:\\\/\\\/diariotextual.com\\\/inicio\\\/wp-content\\\/uploads\\\/2023\\\/01\\\/fernandezalberto2023-2.png\",\"width\":837,\"height\":486},{\"@type\":\"BreadcrumbList\",\"@id\":\"https:\\\/\\\/diariotextual.com\\\/inicio\\\/index.php\\\/2023\\\/06\\\/09\\\/alberto-fernandez-estamos-en-la-senda-correcta\\\/#breadcrumb\",\"itemListElement\":[{\"@type\":\"ListItem\",\"position\":1,\"name\":\"Portada\",\"item\":\"https:\\\/\\\/diariotextual.com\\\/inicio\\\/\"},{\"@type\":\"ListItem\",\"position\":2,\"name\":\"Fern\u00e1ndez: \u201cEl gobierno anterior tuvo una pol\u00edtica generalizada de cerrar industrias\u201d\"}]},{\"@type\":\"WebSite\",\"@id\":\"https:\\\/\\\/diariotextual.com\\\/inicio\\\/#website\",\"url\":\"https:\\\/\\\/diariotextual.com\\\/inicio\\\/\",\"name\":\"Diario Textual\",\"description\":\"\",\"publisher\":{\"@id\":\"https:\\\/\\\/diariotextual.com\\\/inicio\\\/#organization\"},\"potentialAction\":[{\"@type\":\"SearchAction\",\"target\":{\"@type\":\"EntryPoint\",\"urlTemplate\":\"https:\\\/\\\/diariotextual.com\\\/inicio\\\/?s={search_term_string}\"},\"query-input\":{\"@type\":\"PropertyValueSpecification\",\"valueRequired\":true,\"valueName\":\"search_term_string\"}}],\"inLanguage\":\"es\"},{\"@type\":\"Organization\",\"@id\":\"https:\\\/\\\/diariotextual.com\\\/inicio\\\/#organization\",\"name\":\"Diario Textual\",\"url\":\"https:\\\/\\\/diariotextual.com\\\/inicio\\\/\",\"logo\":{\"@type\":\"ImageObject\",\"inLanguage\":\"es\",\"@id\":\"https:\\\/\\\/diariotextual.com\\\/inicio\\\/#\\\/schema\\\/logo\\\/image\\\/\",\"url\":\"https:\\\/\\\/diariotextual.com\\\/inicio\\\/wp-content\\\/uploads\\\/2023\\\/05\\\/logotextual1.jpg\",\"contentUrl\":\"https:\\\/\\\/diariotextual.com\\\/inicio\\\/wp-content\\\/uploads\\\/2023\\\/05\\\/logotextual1.jpg\",\"width\":516,\"height\":76,\"caption\":\"Diario Textual\"},\"image\":{\"@id\":\"https:\\\/\\\/diariotextual.com\\\/inicio\\\/#\\\/schema\\\/logo\\\/image\\\/\"},\"sameAs\":[\"https:\\\/\\\/www.facebook.com\\\/eltextual\",\"https:\\\/\\\/x.com\\\/eltextual\",\"http:\\\/\\\/www.instagram.com\\\/eltextual\"]},{\"@type\":\"Person\",\"@id\":\"https:\\\/\\\/diariotextual.com\\\/inicio\\\/#\\\/schema\\\/person\\\/694f60677f23c4a530867a98f22b3768\",\"name\":\"diario2\",\"image\":{\"@type\":\"ImageObject\",\"inLanguage\":\"es\",\"@id\":\"https:\\\/\\\/secure.gravatar.com\\\/avatar\\\/5a2567495ba16b852fcd8f1ed006a2e24fcace936018ed8237e95f488ad6e0a7?s=96&d=mm&r=g\",\"url\":\"https:\\\/\\\/secure.gravatar.com\\\/avatar\\\/5a2567495ba16b852fcd8f1ed006a2e24fcace936018ed8237e95f488ad6e0a7?s=96&d=mm&r=g\",\"contentUrl\":\"https:\\\/\\\/secure.gravatar.com\\\/avatar\\\/5a2567495ba16b852fcd8f1ed006a2e24fcace936018ed8237e95f488ad6e0a7?s=96&d=mm&r=g\",\"caption\":\"diario2\"},\"url\":\"https:\\\/\\\/diariotextual.com\\\/inicio\\\/index.php\\\/author\\\/diario2\\\/\"}]}<\/script>\n<!-- \/ Yoast SEO plugin. -->","yoast_head_json":{"title":"Fern\u00e1ndez: \u201cEl gobierno anterior tuvo una pol\u00edtica generalizada de cerrar industrias\u201d - Diario Textual","robots":{"index":"index","follow":"follow","max-snippet":"max-snippet:-1","max-image-preview":"max-image-preview:large","max-video-preview":"max-video-preview:-1"},"canonical":"https:\/\/diariotextual.com\/inicio\/index.php\/2023\/06\/09\/alberto-fernandez-estamos-en-la-senda-correcta\/","og_locale":"es_ES","og_type":"article","og_title":"Fern\u00e1ndez: \u201cEl gobierno anterior tuvo una pol\u00edtica generalizada de cerrar industrias\u201d - Diario Textual","og_description":"El presidente Alberto Fern\u00e1ndez afirm\u00f3 que el Gobierno est\u00e1 \u201cest\u00e1 en la senda correcta\u201d y remarc\u00f3 que quiere \u201cun Estado fuerte, presente, que intervenga en los desequilibrios, que sea promotor&hellip;","og_url":"https:\/\/diariotextual.com\/inicio\/index.php\/2023\/06\/09\/alberto-fernandez-estamos-en-la-senda-correcta\/","og_site_name":"Diario Textual","article_publisher":"https:\/\/www.facebook.com\/eltextual","article_published_time":"2023-06-09T18:08:48+00:00","article_modified_time":"2023-06-10T12:50:28+00:00","og_image":[{"width":837,"height":486,"url":"https:\/\/diariotextual.com\/inicio\/wp-content\/uploads\/2023\/01\/fernandezalberto2023-2.png","type":"image\/png"}],"author":"diario2","twitter_card":"summary_large_image","twitter_creator":"@eltextual","twitter_site":"@eltextual","twitter_misc":{"Escrito por":"diario2","Tiempo de lectura":"2 minutos"},"schema":{"@context":"https:\/\/schema.org","@graph":[{"@type":"Article","@id":"https:\/\/diariotextual.com\/inicio\/index.php\/2023\/06\/09\/alberto-fernandez-estamos-en-la-senda-correcta\/#article","isPartOf":{"@id":"https:\/\/diariotextual.com\/inicio\/index.php\/2023\/06\/09\/alberto-fernandez-estamos-en-la-senda-correcta\/"},"author":{"name":"diario2","@id":"https:\/\/diariotextual.com\/inicio\/#\/schema\/person\/694f60677f23c4a530867a98f22b3768"},"headline":"Fern\u00e1ndez: \u201cEl gobierno anterior tuvo una pol\u00edtica generalizada de cerrar industrias\u201d","datePublished":"2023-06-09T18:08:48+00:00","dateModified":"2023-06-10T12:50:28+00:00","mainEntityOfPage":{"@id":"https:\/\/diariotextual.com\/inicio\/index.php\/2023\/06\/09\/alberto-fernandez-estamos-en-la-senda-correcta\/"},"wordCount":436,"publisher":{"@id":"https:\/\/diariotextual.com\/inicio\/#organization"},"image":{"@id":"https:\/\/diariotextual.com\/inicio\/index.php\/2023\/06\/09\/alberto-fernandez-estamos-en-la-senda-correcta\/#primaryimage"},"thumbnailUrl":"https:\/\/diariotextual.com\/inicio\/wp-content\/uploads\/2023\/01\/fernandezalberto2023-2.png","articleSection":["A - QUE PASA (al costado)","POLITICA"],"inLanguage":"es"},{"@type":"WebPage","@id":"https:\/\/diariotextual.com\/inicio\/index.php\/2023\/06\/09\/alberto-fernandez-estamos-en-la-senda-correcta\/","url":"https:\/\/diariotextual.com\/inicio\/index.php\/2023\/06\/09\/alberto-fernandez-estamos-en-la-senda-correcta\/","name":"Fern\u00e1ndez: \u201cEl gobierno anterior tuvo una pol\u00edtica generalizada de cerrar industrias\u201d - Diario Textual","isPartOf":{"@id":"https:\/\/diariotextual.com\/inicio\/#website"},"primaryImageOfPage":{"@id":"https:\/\/diariotextual.com\/inicio\/index.php\/2023\/06\/09\/alberto-fernandez-estamos-en-la-senda-correcta\/#primaryimage"},"image":{"@id":"https:\/\/diariotextual.com\/inicio\/index.php\/2023\/06\/09\/alberto-fernandez-estamos-en-la-senda-correcta\/#primaryimage"},"thumbnailUrl":"https:\/\/diariotextual.com\/inicio\/wp-content\/uploads\/2023\/01\/fernandezalberto2023-2.png","datePublished":"2023-06-09T18:08:48+00:00","dateModified":"2023-06-10T12:50:28+00:00","breadcrumb":{"@id":"https:\/\/diariotextual.com\/inicio\/index.php\/2023\/06\/09\/alberto-fernandez-estamos-en-la-senda-correcta\/#breadcrumb"},"inLanguage":"es","potentialAction":[{"@type":"ReadAction","target":["https:\/\/diariotextual.com\/inicio\/index.php\/2023\/06\/09\/alberto-fernandez-estamos-en-la-senda-correcta\/"]}]},{"@type":"ImageObject","inLanguage":"es","@id":"https:\/\/diariotextual.com\/inicio\/index.php\/2023\/06\/09\/alberto-fernandez-estamos-en-la-senda-correcta\/#primaryimage","url":"https:\/\/diariotextual.com\/inicio\/wp-content\/uploads\/2023\/01\/fernandezalberto2023-2.png","contentUrl":"https:\/\/diariotextual.com\/inicio\/wp-content\/uploads\/2023\/01\/fernandezalberto2023-2.png","width":837,"height":486},{"@type":"BreadcrumbList","@id":"https:\/\/diariotextual.com\/inicio\/index.php\/2023\/06\/09\/alberto-fernandez-estamos-en-la-senda-correcta\/#breadcrumb","itemListElement":[{"@type":"ListItem","position":1,"name":"Portada","item":"https:\/\/diariotextual.com\/inicio\/"},{"@type":"ListItem","position":2,"name":"Fern\u00e1ndez: \u201cEl gobierno anterior tuvo una pol\u00edtica generalizada de cerrar industrias\u201d"}]},{"@type":"WebSite","@id":"https:\/\/diariotextual.com\/inicio\/#website","url":"https:\/\/diariotextual.com\/inicio\/","name":"Diario Textual","description":"","publisher":{"@id":"https:\/\/diariotextual.com\/inicio\/#organization"},"potentialAction":[{"@type":"SearchAction","target":{"@type":"EntryPoint","urlTemplate":"https:\/\/diariotextual.com\/inicio\/?s={search_term_string}"},"query-input":{"@type":"PropertyValueSpecification","valueRequired":true,"valueName":"search_term_string"}}],"inLanguage":"es"},{"@type":"Organization","@id":"https:\/\/diariotextual.com\/inicio\/#organization","name":"Diario Textual","url":"https:\/\/diariotextual.com\/inicio\/","logo":{"@type":"ImageObject","inLanguage":"es","@id":"https:\/\/diariotextual.com\/inicio\/#\/schema\/logo\/image\/","url":"https:\/\/diariotextual.com\/inicio\/wp-content\/uploads\/2023\/05\/logotextual1.jpg","contentUrl":"https:\/\/diariotextual.com\/inicio\/wp-content\/uploads\/2023\/05\/logotextual1.jpg","width":516,"height":76,"caption":"Diario Textual"},"image":{"@id":"https:\/\/diariotextual.com\/inicio\/#\/schema\/logo\/image\/"},"sameAs":["https:\/\/www.facebook.com\/eltextual","https:\/\/x.com\/eltextual","http:\/\/www.instagram.com\/eltextual"]},{"@type":"Person","@id":"https:\/\/diariotextual.com\/inicio\/#\/schema\/person\/694f60677f23c4a530867a98f22b3768","name":"diario2","image":{"@type":"ImageObject","inLanguage":"es","@id":"https:\/\/secure.gravatar.com\/avatar\/5a2567495ba16b852fcd8f1ed006a2e24fcace936018ed8237e95f488ad6e0a7?s=96&d=mm&r=g","url":"https:\/\/secure.gravatar.com\/avatar\/5a2567495ba16b852fcd8f1ed006a2e24fcace936018ed8237e95f488ad6e0a7?s=96&d=mm&r=g","contentUrl":"https:\/\/secure.gravatar.com\/avatar\/5a2567495ba16b852fcd8f1ed006a2e24fcace936018ed8237e95f488ad6e0a7?s=96&d=mm&r=g","caption":"diario2"},"url":"https:\/\/diariotextual.com\/inicio\/index.php\/author\/diario2\/"}]}},"_links":{"self":[{"href":"https:\/\/diariotextual.com\/inicio\/index.php\/wp-json\/wp\/v2\/posts\/228020","targetHints":{"allow":["GET"]}}],"collection":[{"href":"https:\/\/diariotextual.com\/inicio\/index.php\/wp-json\/wp\/v2\/posts"}],"about":[{"href":"https:\/\/diariotextual.com\/inicio\/index.php\/wp-json\/wp\/v2\/types\/post"}],"author":[{"embeddable":true,"href":"https:\/\/diariotextual.com\/inicio\/index.php\/wp-json\/wp\/v2\/users\/4"}],"replies":[{"embeddable":true,"href":"https:\/\/diariotextual.com\/inicio\/index.php\/wp-json\/wp\/v2\/comments?post=228020"}],"version-history":[{"count":2,"href":"https:\/\/diariotextual.com\/inicio\/index.php\/wp-json\/wp\/v2\/posts\/228020\/revisions"}],"predecessor-version":[{"id":228024,"href":"https:\/\/diariotextual.com\/inicio\/index.php\/wp-json\/wp\/v2\/posts\/228020\/revisions\/228024"}],"wp:featuredmedia":[{"embeddable":true,"href":"https:\/\/diariotextual.com\/inicio\/index.php\/wp-json\/wp\/v2\/media\/214414"}],"wp:attachment":[{"href":"https:\/\/diariotextual.com\/inicio\/index.php\/wp-json\/wp\/v2\/media?parent=228020"}],"wp:term":[{"taxonomy":"category","embeddable":true,"href":"https:\/\/diariotextual.com\/inicio\/index.php\/wp-json\/wp\/v2\/categories?post=228020"},{"taxonomy":"post_tag","embeddable":true,"href":"https:\/\/diariotextual.com\/inicio\/index.php\/wp-json\/wp\/v2\/tags?post=228020"}],"curies":[{"name":"wp","href":"https:\/\/api.w.org\/{rel}","templated":true}]}}