{"id":228025,"date":"2023-06-09T15:40:05","date_gmt":"2023-06-09T18:40:05","guid":{"rendered":"https:\/\/diariotextual.com\/inicio\/?p=228025"},"modified":"2023-06-10T18:39:52","modified_gmt":"2023-06-10T21:39:52","slug":"recuperan-restos-de-una-de-las-bombas-que-cayo-en-el-predio-de-radio-nacional-santa-rosa","status":"publish","type":"post","link":"https:\/\/diariotextual.com\/inicio\/index.php\/2023\/06\/09\/recuperan-restos-de-una-de-las-bombas-que-cayo-en-el-predio-de-radio-nacional-santa-rosa\/","title":{"rendered":"Recuperan restos de una de las bombas que cay\u00f3 en el predio de Radio Nacional Santa Rosa"},"content":{"rendered":"\n<p>En el marco de un nuevo aniversario del bombardeo a la emisora, <strong>LRA3 Radio Nacional Santa Rosa recibi\u00f3 los restos de uno de las bombas <\/strong>que cay\u00f3 en el predio la ma\u00f1ana del 10 de junio de 1956.<\/p>\n\n\n\n<p>La radio p\u00fablica de La Pampa fue la \u00fanica emisora argentina bombardeada durante el gobierno dictatorial que se denomin\u00f3 Revoluci\u00f3n Libertadora, luego de que el movimiento c\u00edvico militar que impulsaba el retorno de Juan Domingo Per\u00f3n leyera el documento que ped\u00eda por las condiciones para la vuelta del dirigente a la Argentina.<\/p>\n\n\n\n<p>\u201cAgradecemos la generosidad del militante, artista y arquitecto Miguel Garc\u00eda por acercar esta pieza fundamental para mantener viva la historia de la radio, la provincia y nuestro pa\u00eds\u201d, expres\u00f3 la directora de la emisora, Nadia Villegas.<\/p>\n\n\n\n<figure class=\"wp-block-image size-full\"><img fetchpriority=\"high\" decoding=\"async\" width=\"651\" height=\"563\" src=\"https:\/\/diariotextual.com\/inicio\/wp-content\/uploads\/2023\/06\/bombaradionacionalsantarosa34.jpeg\" alt=\"\" class=\"wp-image-228026\" srcset=\"https:\/\/diariotextual.com\/inicio\/wp-content\/uploads\/2023\/06\/bombaradionacionalsantarosa34.jpeg 651w, https:\/\/diariotextual.com\/inicio\/wp-content\/uploads\/2023\/06\/bombaradionacionalsantarosa34-300x259.jpeg 300w, https:\/\/diariotextual.com\/inicio\/wp-content\/uploads\/2023\/06\/bombaradionacionalsantarosa34-585x506.jpeg 585w\" sizes=\"(max-width: 651px) 100vw, 651px\" \/><\/figure>\n\n\n\n<p>El 9 de junio de 1956 comenzaron los hechos que derivaron en el bombardeo de LRA 3 Radio Nacional de Santa Rosa, en la ma\u00f1ana del 10 de junio de aquel a\u00f1o.<\/p>\n\n\n\n<p>La sublevaci\u00f3n estuvo encabezada por el general Juan Jose Valle y fue duramente reprimida y desarticulada en gran parte del pa\u00eds. S\u00f3lo en Santa Rosa se logr\u00f3 avanzar donde el capit\u00e1n Adolfo Cesar \u201cCacho\u201d Philippeaux logr\u00f3 tomar la Casa de Gobierno, las comisarias y Radio Nacional Santa Rosa transmiti\u00f3 la proclama.<\/p>\n\n\n\n<p>Esa noche se difundieron, a trav\u00e9s de los equipos de la radio p\u00fablica para todo el pa\u00eds, la notificaci\u00f3n de la llamada \u201cRevoluci\u00f3n del Valle\u201d, comandada por el general Juan Jos\u00e9 Valle, cuyo objetivo era que el presidente derrocado, Juan Domingo Per\u00f3n, volviera al poder.<\/p>\n\n\n\n<p>La emisora hab\u00eda logrado transmitir el llamado a lo ancho y a lo largo del territorio argentino. Incluso, se escuch\u00f3 en Chile y Uruguay.<\/p>\n\n\n\n<p>Al otro d\u00eda, la emisora fue bombardeada por aviones de la Fuerza A\u00e9rea Argentina provenientes de la V\u00b0 Brigada A\u00e9rea, de Villa Reynolds, San Luis, con el objetivo de interrumpir su transmisi\u00f3n.<\/p>\n\n\n\n<p>A\u00fan hoy en instalaciones de la emisora -emplazada en la avenida Alfredo Palacios- quedan vestigios de aquel ataque.<\/p>\n\n\n\n<figure class=\"wp-block-embed is-type-wp-embed is-provider-diario-textual wp-block-embed-diario-textual\"><div class=\"wp-block-embed__wrapper\">\n<blockquote class=\"wp-embedded-content\" data-secret=\"Q6q4qKOdE7\"><a href=\"https:\/\/diariotextual.com\/inicio\/index.php\/2023\/06\/09\/la-radio-nacional-santa-rosa-cerca-de-ser-declarada-monumento-historico\/\">La Radio Nacional Santa Rosa, cerca de ser declarada Monumento Hist\u00f3rico<\/a><\/blockquote><iframe class=\"wp-embedded-content\" sandbox=\"allow-scripts\" security=\"restricted\" style=\"position: absolute; clip: rect(1px, 1px, 1px, 1px);\" title=\"\u00abLa Radio Nacional Santa Rosa, cerca de ser declarada Monumento Hist\u00f3rico\u00bb \u2014 Diario Textual\" src=\"https:\/\/diariotextual.com\/inicio\/index.php\/2023\/06\/09\/la-radio-nacional-santa-rosa-cerca-de-ser-declarada-monumento-historico\/embed\/#?secret=YUFQJu0UZX#?secret=Q6q4qKOdE7\" data-secret=\"Q6q4qKOdE7\" width=\"600\" height=\"338\" frameborder=\"0\" marginwidth=\"0\" marginheight=\"0\" scrolling=\"no\"><\/iframe>\n<\/div><\/figure>\n","protected":false},"excerpt":{"rendered":"<p>En el marco de un nuevo aniversario del bombardeo a la emisora, LRA3 Radio Nacional Santa Rosa recibi\u00f3 los restos de uno de las bombas que cay\u00f3 en el predio&hellip;<\/p>\n","protected":false},"author":4,"featured_media":228029,"comment_status":"closed","ping_status":"open","sticky":false,"template":"","format":"standard","meta":{"_acf_changed":false,"footnotes":""},"categories":[1,12],"tags":[],"class_list":["post-228025","post","type-post","status-publish","format-standard","has-post-thumbnail","hentry","category-es-noticia","category-sociedad"],"acf":[],"yoast_head":"<!-- This site is optimized with the Yoast SEO plugin v27.5 - https:\/\/yoast.com\/product\/yoast-seo-wordpress\/ -->\n<title>Recuperan restos de una de las bombas que cay\u00f3 en el predio de Radio Nacional Santa Rosa - Diario Textual<\/title>\n<meta name=\"robots\" content=\"index, follow, max-snippet:-1, max-image-preview:large, max-video-preview:-1\" \/>\n<link rel=\"canonical\" href=\"https:\/\/diariotextual.com\/inicio\/index.php\/2023\/06\/09\/recuperan-restos-de-una-de-las-bombas-que-cayo-en-el-predio-de-radio-nacional-santa-rosa\/\" \/>\n<meta property=\"og:locale\" content=\"es_ES\" \/>\n<meta property=\"og:type\" content=\"article\" \/>\n<meta property=\"og:title\" content=\"Recuperan restos de una de las bombas que cay\u00f3 en el predio de Radio Nacional Santa Rosa - Diario Textual\" \/>\n<meta property=\"og:description\" content=\"En el marco de un nuevo aniversario del bombardeo a la emisora, LRA3 Radio Nacional Santa Rosa recibi\u00f3 los restos de uno de las bombas que cay\u00f3 en el predio&hellip;\" \/>\n<meta property=\"og:url\" content=\"https:\/\/diariotextual.com\/inicio\/index.php\/2023\/06\/09\/recuperan-restos-de-una-de-las-bombas-que-cayo-en-el-predio-de-radio-nacional-santa-rosa\/\" \/>\n<meta property=\"og:site_name\" content=\"Diario Textual\" \/>\n<meta property=\"article:publisher\" content=\"https:\/\/www.facebook.com\/eltextual\" \/>\n<meta property=\"article:published_time\" content=\"2023-06-09T18:40:05+00:00\" \/>\n<meta property=\"article:modified_time\" content=\"2023-06-10T21:39:52+00:00\" \/>\n<meta property=\"og:image\" content=\"https:\/\/diariotextual.com\/inicio\/wp-content\/uploads\/2023\/06\/WhatsApp-Image-2023-06-09-at-14.25.01.jpeg\" \/>\n\t<meta property=\"og:image:width\" content=\"1024\" \/>\n\t<meta property=\"og:image:height\" content=\"768\" \/>\n\t<meta property=\"og:image:type\" content=\"image\/jpeg\" \/>\n<meta name=\"author\" content=\"diario2\" \/>\n<meta name=\"twitter:card\" content=\"summary_large_image\" \/>\n<meta name=\"twitter:creator\" content=\"@eltextual\" \/>\n<meta name=\"twitter:site\" content=\"@eltextual\" \/>\n<meta name=\"twitter:label1\" content=\"Escrito por\" \/>\n\t<meta name=\"twitter:data1\" content=\"diario2\" \/>\n\t<meta name=\"twitter:label2\" content=\"Tiempo de lectura\" \/>\n\t<meta name=\"twitter:data2\" content=\"2 minutos\" \/>\n<script type=\"application\/ld+json\" class=\"yoast-schema-graph\">{\"@context\":\"https:\\\/\\\/schema.org\",\"@graph\":[{\"@type\":\"Article\",\"@id\":\"https:\\\/\\\/diariotextual.com\\\/inicio\\\/index.php\\\/2023\\\/06\\\/09\\\/recuperan-restos-de-una-de-las-bombas-que-cayo-en-el-predio-de-radio-nacional-santa-rosa\\\/#article\",\"isPartOf\":{\"@id\":\"https:\\\/\\\/diariotextual.com\\\/inicio\\\/index.php\\\/2023\\\/06\\\/09\\\/recuperan-restos-de-una-de-las-bombas-que-cayo-en-el-predio-de-radio-nacional-santa-rosa\\\/\"},\"author\":{\"name\":\"diario2\",\"@id\":\"https:\\\/\\\/diariotextual.com\\\/inicio\\\/#\\\/schema\\\/person\\\/694f60677f23c4a530867a98f22b3768\"},\"headline\":\"Recuperan restos de una de las bombas que cay\u00f3 en el predio de Radio Nacional Santa Rosa\",\"datePublished\":\"2023-06-09T18:40:05+00:00\",\"dateModified\":\"2023-06-10T21:39:52+00:00\",\"mainEntityOfPage\":{\"@id\":\"https:\\\/\\\/diariotextual.com\\\/inicio\\\/index.php\\\/2023\\\/06\\\/09\\\/recuperan-restos-de-una-de-las-bombas-que-cayo-en-el-predio-de-radio-nacional-santa-rosa\\\/\"},\"wordCount\":372,\"publisher\":{\"@id\":\"https:\\\/\\\/diariotextual.com\\\/inicio\\\/#organization\"},\"image\":{\"@id\":\"https:\\\/\\\/diariotextual.com\\\/inicio\\\/index.php\\\/2023\\\/06\\\/09\\\/recuperan-restos-de-una-de-las-bombas-que-cayo-en-el-predio-de-radio-nacional-santa-rosa\\\/#primaryimage\"},\"thumbnailUrl\":\"https:\\\/\\\/diariotextual.com\\\/inicio\\\/wp-content\\\/uploads\\\/2023\\\/06\\\/WhatsApp-Image-2023-06-09-at-14.25.01.jpeg\",\"articleSection\":[\"A - ES NOTICIA (van abajo)\",\"SOCIEDAD\"],\"inLanguage\":\"es\"},{\"@type\":\"WebPage\",\"@id\":\"https:\\\/\\\/diariotextual.com\\\/inicio\\\/index.php\\\/2023\\\/06\\\/09\\\/recuperan-restos-de-una-de-las-bombas-que-cayo-en-el-predio-de-radio-nacional-santa-rosa\\\/\",\"url\":\"https:\\\/\\\/diariotextual.com\\\/inicio\\\/index.php\\\/2023\\\/06\\\/09\\\/recuperan-restos-de-una-de-las-bombas-que-cayo-en-el-predio-de-radio-nacional-santa-rosa\\\/\",\"name\":\"Recuperan restos de una de las bombas que cay\u00f3 en el predio de Radio Nacional Santa Rosa - Diario Textual\",\"isPartOf\":{\"@id\":\"https:\\\/\\\/diariotextual.com\\\/inicio\\\/#website\"},\"primaryImageOfPage\":{\"@id\":\"https:\\\/\\\/diariotextual.com\\\/inicio\\\/index.php\\\/2023\\\/06\\\/09\\\/recuperan-restos-de-una-de-las-bombas-que-cayo-en-el-predio-de-radio-nacional-santa-rosa\\\/#primaryimage\"},\"image\":{\"@id\":\"https:\\\/\\\/diariotextual.com\\\/inicio\\\/index.php\\\/2023\\\/06\\\/09\\\/recuperan-restos-de-una-de-las-bombas-que-cayo-en-el-predio-de-radio-nacional-santa-rosa\\\/#primaryimage\"},\"thumbnailUrl\":\"https:\\\/\\\/diariotextual.com\\\/inicio\\\/wp-content\\\/uploads\\\/2023\\\/06\\\/WhatsApp-Image-2023-06-09-at-14.25.01.jpeg\",\"datePublished\":\"2023-06-09T18:40:05+00:00\",\"dateModified\":\"2023-06-10T21:39:52+00:00\",\"breadcrumb\":{\"@id\":\"https:\\\/\\\/diariotextual.com\\\/inicio\\\/index.php\\\/2023\\\/06\\\/09\\\/recuperan-restos-de-una-de-las-bombas-que-cayo-en-el-predio-de-radio-nacional-santa-rosa\\\/#breadcrumb\"},\"inLanguage\":\"es\",\"potentialAction\":[{\"@type\":\"ReadAction\",\"target\":[\"https:\\\/\\\/diariotextual.com\\\/inicio\\\/index.php\\\/2023\\\/06\\\/09\\\/recuperan-restos-de-una-de-las-bombas-que-cayo-en-el-predio-de-radio-nacional-santa-rosa\\\/\"]}]},{\"@type\":\"ImageObject\",\"inLanguage\":\"es\",\"@id\":\"https:\\\/\\\/diariotextual.com\\\/inicio\\\/index.php\\\/2023\\\/06\\\/09\\\/recuperan-restos-de-una-de-las-bombas-que-cayo-en-el-predio-de-radio-nacional-santa-rosa\\\/#primaryimage\",\"url\":\"https:\\\/\\\/diariotextual.com\\\/inicio\\\/wp-content\\\/uploads\\\/2023\\\/06\\\/WhatsApp-Image-2023-06-09-at-14.25.01.jpeg\",\"contentUrl\":\"https:\\\/\\\/diariotextual.com\\\/inicio\\\/wp-content\\\/uploads\\\/2023\\\/06\\\/WhatsApp-Image-2023-06-09-at-14.25.01.jpeg\",\"width\":1024,\"height\":768},{\"@type\":\"BreadcrumbList\",\"@id\":\"https:\\\/\\\/diariotextual.com\\\/inicio\\\/index.php\\\/2023\\\/06\\\/09\\\/recuperan-restos-de-una-de-las-bombas-que-cayo-en-el-predio-de-radio-nacional-santa-rosa\\\/#breadcrumb\",\"itemListElement\":[{\"@type\":\"ListItem\",\"position\":1,\"name\":\"Portada\",\"item\":\"https:\\\/\\\/diariotextual.com\\\/inicio\\\/\"},{\"@type\":\"ListItem\",\"position\":2,\"name\":\"Recuperan restos de una de las bombas que cay\u00f3 en el predio de Radio Nacional Santa Rosa\"}]},{\"@type\":\"WebSite\",\"@id\":\"https:\\\/\\\/diariotextual.com\\\/inicio\\\/#website\",\"url\":\"https:\\\/\\\/diariotextual.com\\\/inicio\\\/\",\"name\":\"Diario Textual\",\"description\":\"\",\"publisher\":{\"@id\":\"https:\\\/\\\/diariotextual.com\\\/inicio\\\/#organization\"},\"potentialAction\":[{\"@type\":\"SearchAction\",\"target\":{\"@type\":\"EntryPoint\",\"urlTemplate\":\"https:\\\/\\\/diariotextual.com\\\/inicio\\\/?s={search_term_string}\"},\"query-input\":{\"@type\":\"PropertyValueSpecification\",\"valueRequired\":true,\"valueName\":\"search_term_string\"}}],\"inLanguage\":\"es\"},{\"@type\":\"Organization\",\"@id\":\"https:\\\/\\\/diariotextual.com\\\/inicio\\\/#organization\",\"name\":\"Diario Textual\",\"url\":\"https:\\\/\\\/diariotextual.com\\\/inicio\\\/\",\"logo\":{\"@type\":\"ImageObject\",\"inLanguage\":\"es\",\"@id\":\"https:\\\/\\\/diariotextual.com\\\/inicio\\\/#\\\/schema\\\/logo\\\/image\\\/\",\"url\":\"https:\\\/\\\/diariotextual.com\\\/inicio\\\/wp-content\\\/uploads\\\/2023\\\/05\\\/logotextual1.jpg\",\"contentUrl\":\"https:\\\/\\\/diariotextual.com\\\/inicio\\\/wp-content\\\/uploads\\\/2023\\\/05\\\/logotextual1.jpg\",\"width\":516,\"height\":76,\"caption\":\"Diario Textual\"},\"image\":{\"@id\":\"https:\\\/\\\/diariotextual.com\\\/inicio\\\/#\\\/schema\\\/logo\\\/image\\\/\"},\"sameAs\":[\"https:\\\/\\\/www.facebook.com\\\/eltextual\",\"https:\\\/\\\/x.com\\\/eltextual\",\"http:\\\/\\\/www.instagram.com\\\/eltextual\"]},{\"@type\":\"Person\",\"@id\":\"https:\\\/\\\/diariotextual.com\\\/inicio\\\/#\\\/schema\\\/person\\\/694f60677f23c4a530867a98f22b3768\",\"name\":\"diario2\",\"image\":{\"@type\":\"ImageObject\",\"inLanguage\":\"es\",\"@id\":\"https:\\\/\\\/secure.gravatar.com\\\/avatar\\\/5a2567495ba16b852fcd8f1ed006a2e24fcace936018ed8237e95f488ad6e0a7?s=96&d=mm&r=g\",\"url\":\"https:\\\/\\\/secure.gravatar.com\\\/avatar\\\/5a2567495ba16b852fcd8f1ed006a2e24fcace936018ed8237e95f488ad6e0a7?s=96&d=mm&r=g\",\"contentUrl\":\"https:\\\/\\\/secure.gravatar.com\\\/avatar\\\/5a2567495ba16b852fcd8f1ed006a2e24fcace936018ed8237e95f488ad6e0a7?s=96&d=mm&r=g\",\"caption\":\"diario2\"},\"url\":\"https:\\\/\\\/diariotextual.com\\\/inicio\\\/index.php\\\/author\\\/diario2\\\/\"}]}<\/script>\n<!-- \/ Yoast SEO plugin. -->","yoast_head_json":{"title":"Recuperan restos de una de las bombas que cay\u00f3 en el predio de Radio Nacional Santa Rosa - Diario Textual","robots":{"index":"index","follow":"follow","max-snippet":"max-snippet:-1","max-image-preview":"max-image-preview:large","max-video-preview":"max-video-preview:-1"},"canonical":"https:\/\/diariotextual.com\/inicio\/index.php\/2023\/06\/09\/recuperan-restos-de-una-de-las-bombas-que-cayo-en-el-predio-de-radio-nacional-santa-rosa\/","og_locale":"es_ES","og_type":"article","og_title":"Recuperan restos de una de las bombas que cay\u00f3 en el predio de Radio Nacional Santa Rosa - Diario Textual","og_description":"En el marco de un nuevo aniversario del bombardeo a la emisora, LRA3 Radio Nacional Santa Rosa recibi\u00f3 los restos de uno de las bombas que cay\u00f3 en el predio&hellip;","og_url":"https:\/\/diariotextual.com\/inicio\/index.php\/2023\/06\/09\/recuperan-restos-de-una-de-las-bombas-que-cayo-en-el-predio-de-radio-nacional-santa-rosa\/","og_site_name":"Diario Textual","article_publisher":"https:\/\/www.facebook.com\/eltextual","article_published_time":"2023-06-09T18:40:05+00:00","article_modified_time":"2023-06-10T21:39:52+00:00","og_image":[{"width":1024,"height":768,"url":"https:\/\/diariotextual.com\/inicio\/wp-content\/uploads\/2023\/06\/WhatsApp-Image-2023-06-09-at-14.25.01.jpeg","type":"image\/jpeg"}],"author":"diario2","twitter_card":"summary_large_image","twitter_creator":"@eltextual","twitter_site":"@eltextual","twitter_misc":{"Escrito por":"diario2","Tiempo de lectura":"2 minutos"},"schema":{"@context":"https:\/\/schema.org","@graph":[{"@type":"Article","@id":"https:\/\/diariotextual.com\/inicio\/index.php\/2023\/06\/09\/recuperan-restos-de-una-de-las-bombas-que-cayo-en-el-predio-de-radio-nacional-santa-rosa\/#article","isPartOf":{"@id":"https:\/\/diariotextual.com\/inicio\/index.php\/2023\/06\/09\/recuperan-restos-de-una-de-las-bombas-que-cayo-en-el-predio-de-radio-nacional-santa-rosa\/"},"author":{"name":"diario2","@id":"https:\/\/diariotextual.com\/inicio\/#\/schema\/person\/694f60677f23c4a530867a98f22b3768"},"headline":"Recuperan restos de una de las bombas que cay\u00f3 en el predio de Radio Nacional Santa Rosa","datePublished":"2023-06-09T18:40:05+00:00","dateModified":"2023-06-10T21:39:52+00:00","mainEntityOfPage":{"@id":"https:\/\/diariotextual.com\/inicio\/index.php\/2023\/06\/09\/recuperan-restos-de-una-de-las-bombas-que-cayo-en-el-predio-de-radio-nacional-santa-rosa\/"},"wordCount":372,"publisher":{"@id":"https:\/\/diariotextual.com\/inicio\/#organization"},"image":{"@id":"https:\/\/diariotextual.com\/inicio\/index.php\/2023\/06\/09\/recuperan-restos-de-una-de-las-bombas-que-cayo-en-el-predio-de-radio-nacional-santa-rosa\/#primaryimage"},"thumbnailUrl":"https:\/\/diariotextual.com\/inicio\/wp-content\/uploads\/2023\/06\/WhatsApp-Image-2023-06-09-at-14.25.01.jpeg","articleSection":["A - ES NOTICIA (van abajo)","SOCIEDAD"],"inLanguage":"es"},{"@type":"WebPage","@id":"https:\/\/diariotextual.com\/inicio\/index.php\/2023\/06\/09\/recuperan-restos-de-una-de-las-bombas-que-cayo-en-el-predio-de-radio-nacional-santa-rosa\/","url":"https:\/\/diariotextual.com\/inicio\/index.php\/2023\/06\/09\/recuperan-restos-de-una-de-las-bombas-que-cayo-en-el-predio-de-radio-nacional-santa-rosa\/","name":"Recuperan restos de una de las bombas que cay\u00f3 en el predio de Radio Nacional Santa Rosa - Diario Textual","isPartOf":{"@id":"https:\/\/diariotextual.com\/inicio\/#website"},"primaryImageOfPage":{"@id":"https:\/\/diariotextual.com\/inicio\/index.php\/2023\/06\/09\/recuperan-restos-de-una-de-las-bombas-que-cayo-en-el-predio-de-radio-nacional-santa-rosa\/#primaryimage"},"image":{"@id":"https:\/\/diariotextual.com\/inicio\/index.php\/2023\/06\/09\/recuperan-restos-de-una-de-las-bombas-que-cayo-en-el-predio-de-radio-nacional-santa-rosa\/#primaryimage"},"thumbnailUrl":"https:\/\/diariotextual.com\/inicio\/wp-content\/uploads\/2023\/06\/WhatsApp-Image-2023-06-09-at-14.25.01.jpeg","datePublished":"2023-06-09T18:40:05+00:00","dateModified":"2023-06-10T21:39:52+00:00","breadcrumb":{"@id":"https:\/\/diariotextual.com\/inicio\/index.php\/2023\/06\/09\/recuperan-restos-de-una-de-las-bombas-que-cayo-en-el-predio-de-radio-nacional-santa-rosa\/#breadcrumb"},"inLanguage":"es","potentialAction":[{"@type":"ReadAction","target":["https:\/\/diariotextual.com\/inicio\/index.php\/2023\/06\/09\/recuperan-restos-de-una-de-las-bombas-que-cayo-en-el-predio-de-radio-nacional-santa-rosa\/"]}]},{"@type":"ImageObject","inLanguage":"es","@id":"https:\/\/diariotextual.com\/inicio\/index.php\/2023\/06\/09\/recuperan-restos-de-una-de-las-bombas-que-cayo-en-el-predio-de-radio-nacional-santa-rosa\/#primaryimage","url":"https:\/\/diariotextual.com\/inicio\/wp-content\/uploads\/2023\/06\/WhatsApp-Image-2023-06-09-at-14.25.01.jpeg","contentUrl":"https:\/\/diariotextual.com\/inicio\/wp-content\/uploads\/2023\/06\/WhatsApp-Image-2023-06-09-at-14.25.01.jpeg","width":1024,"height":768},{"@type":"BreadcrumbList","@id":"https:\/\/diariotextual.com\/inicio\/index.php\/2023\/06\/09\/recuperan-restos-de-una-de-las-bombas-que-cayo-en-el-predio-de-radio-nacional-santa-rosa\/#breadcrumb","itemListElement":[{"@type":"ListItem","position":1,"name":"Portada","item":"https:\/\/diariotextual.com\/inicio\/"},{"@type":"ListItem","position":2,"name":"Recuperan restos de una de las bombas que cay\u00f3 en el predio de Radio Nacional Santa Rosa"}]},{"@type":"WebSite","@id":"https:\/\/diariotextual.com\/inicio\/#website","url":"https:\/\/diariotextual.com\/inicio\/","name":"Diario Textual","description":"","publisher":{"@id":"https:\/\/diariotextual.com\/inicio\/#organization"},"potentialAction":[{"@type":"SearchAction","target":{"@type":"EntryPoint","urlTemplate":"https:\/\/diariotextual.com\/inicio\/?s={search_term_string}"},"query-input":{"@type":"PropertyValueSpecification","valueRequired":true,"valueName":"search_term_string"}}],"inLanguage":"es"},{"@type":"Organization","@id":"https:\/\/diariotextual.com\/inicio\/#organization","name":"Diario Textual","url":"https:\/\/diariotextual.com\/inicio\/","logo":{"@type":"ImageObject","inLanguage":"es","@id":"https:\/\/diariotextual.com\/inicio\/#\/schema\/logo\/image\/","url":"https:\/\/diariotextual.com\/inicio\/wp-content\/uploads\/2023\/05\/logotextual1.jpg","contentUrl":"https:\/\/diariotextual.com\/inicio\/wp-content\/uploads\/2023\/05\/logotextual1.jpg","width":516,"height":76,"caption":"Diario Textual"},"image":{"@id":"https:\/\/diariotextual.com\/inicio\/#\/schema\/logo\/image\/"},"sameAs":["https:\/\/www.facebook.com\/eltextual","https:\/\/x.com\/eltextual","http:\/\/www.instagram.com\/eltextual"]},{"@type":"Person","@id":"https:\/\/diariotextual.com\/inicio\/#\/schema\/person\/694f60677f23c4a530867a98f22b3768","name":"diario2","image":{"@type":"ImageObject","inLanguage":"es","@id":"https:\/\/secure.gravatar.com\/avatar\/5a2567495ba16b852fcd8f1ed006a2e24fcace936018ed8237e95f488ad6e0a7?s=96&d=mm&r=g","url":"https:\/\/secure.gravatar.com\/avatar\/5a2567495ba16b852fcd8f1ed006a2e24fcace936018ed8237e95f488ad6e0a7?s=96&d=mm&r=g","contentUrl":"https:\/\/secure.gravatar.com\/avatar\/5a2567495ba16b852fcd8f1ed006a2e24fcace936018ed8237e95f488ad6e0a7?s=96&d=mm&r=g","caption":"diario2"},"url":"https:\/\/diariotextual.com\/inicio\/index.php\/author\/diario2\/"}]}},"_links":{"self":[{"href":"https:\/\/diariotextual.com\/inicio\/index.php\/wp-json\/wp\/v2\/posts\/228025","targetHints":{"allow":["GET"]}}],"collection":[{"href":"https:\/\/diariotextual.com\/inicio\/index.php\/wp-json\/wp\/v2\/posts"}],"about":[{"href":"https:\/\/diariotextual.com\/inicio\/index.php\/wp-json\/wp\/v2\/types\/post"}],"author":[{"embeddable":true,"href":"https:\/\/diariotextual.com\/inicio\/index.php\/wp-json\/wp\/v2\/users\/4"}],"replies":[{"embeddable":true,"href":"https:\/\/diariotextual.com\/inicio\/index.php\/wp-json\/wp\/v2\/comments?post=228025"}],"version-history":[{"count":2,"href":"https:\/\/diariotextual.com\/inicio\/index.php\/wp-json\/wp\/v2\/posts\/228025\/revisions"}],"predecessor-version":[{"id":228030,"href":"https:\/\/diariotextual.com\/inicio\/index.php\/wp-json\/wp\/v2\/posts\/228025\/revisions\/228030"}],"wp:featuredmedia":[{"embeddable":true,"href":"https:\/\/diariotextual.com\/inicio\/index.php\/wp-json\/wp\/v2\/media\/228029"}],"wp:attachment":[{"href":"https:\/\/diariotextual.com\/inicio\/index.php\/wp-json\/wp\/v2\/media?parent=228025"}],"wp:term":[{"taxonomy":"category","embeddable":true,"href":"https:\/\/diariotextual.com\/inicio\/index.php\/wp-json\/wp\/v2\/categories?post=228025"},{"taxonomy":"post_tag","embeddable":true,"href":"https:\/\/diariotextual.com\/inicio\/index.php\/wp-json\/wp\/v2\/tags?post=228025"}],"curies":[{"name":"wp","href":"https:\/\/api.w.org\/{rel}","templated":true}]}}