{"id":228031,"date":"2023-06-09T16:19:58","date_gmt":"2023-06-09T19:19:58","guid":{"rendered":"https:\/\/diariotextual.com\/inicio\/?p=228031"},"modified":"2023-06-09T19:07:39","modified_gmt":"2023-06-09T22:07:39","slug":"un-quemuense-representara-a-la-pampa-en-el-proximo-campeonato-federal-del-asado-2023","status":"publish","type":"post","link":"https:\/\/diariotextual.com\/inicio\/index.php\/2023\/06\/09\/un-quemuense-representara-a-la-pampa-en-el-proximo-campeonato-federal-del-asado-2023\/","title":{"rendered":"Un quemuense representar\u00e1 a La Pampa en el pr\u00f3ximo Campeonato Federal del Asado 2023"},"content":{"rendered":"\n<p>El Gobierno de la Ciudad invit\u00f3 a la quinta edici\u00f3n del<strong> Campeonato Federal del Asad<\/strong>o, que tendr\u00e1 lugar el lunes 19 de junio desde las 10 hasta las 18 horas, sobre la avenida 9 de Julio, entre avenida Corrientes y avenida 25 de Mayo. El objetivo del Campeonato Federal del Asado es potenciar el sector gastron\u00f3mico, promoviendo el desarrollo profesional de sus concursantes y difundiendo este cl\u00e1sico ritual argentino asociado a nuestra gastronom\u00eda ante miles de vecinos y vecinas.<\/p>\n\n\n\n<p><strong>Omar Javier Loureiro <\/strong>ser\u00e1 el asador que cocinar\u00e1 para poner en primer lugar a La Pampa. El oriundo de Quem\u00fa Quem\u00fa afirm\u00f3: <strong>\u201cSer\u00e1 una gran oportunidad para mostrarle a la gente lo lindo y sabroso que es disfrutar un buen asado y m\u00e1s en familia y con amigos\u201d<\/strong>, dijo.<\/p>\n\n\n\n<p>El pampeano cuenta con 17 a\u00f1os de experiencia en parrillas y asegura que el corte tradicional de su pueblo es la tira de asado, se hace doradita por fuera y jugosa por dentro, aunque su corte preferido es el vac\u00edo.&nbsp;<\/p>\n\n\n\n<figure class=\"wp-block-image size-full is-resized\"><img fetchpriority=\"high\" decoding=\"async\" src=\"https:\/\/diariotextual.com\/inicio\/wp-content\/uploads\/2023\/06\/loureirojavieromar5.jpeg\" alt=\"\" class=\"wp-image-228032\" width=\"294\" height=\"325\" srcset=\"https:\/\/diariotextual.com\/inicio\/wp-content\/uploads\/2023\/06\/loureirojavieromar5.jpeg 721w, https:\/\/diariotextual.com\/inicio\/wp-content\/uploads\/2023\/06\/loureirojavieromar5-272x300.jpeg 272w, https:\/\/diariotextual.com\/inicio\/wp-content\/uploads\/2023\/06\/loureirojavieromar5-585x646.jpeg 585w\" sizes=\"(max-width: 294px) 100vw, 294px\" \/><\/figure>\n\n\n\n<p>Participar\u00e1n 24 asadores, uno por cada provincia y uno por la Ciudad de Buenos Aires. Los contendientes fueron seleccionados por la Uni\u00f3n de Trabajadores del Turismo, Hoteleros y Gastron\u00f3micos de la Rep\u00fablica Argentina a trav\u00e9s de una convocatoria abierta de BA Participaci\u00f3n Ciudadana.<\/p>\n\n\n\n<p>\u201cEs un orgullo recibir a los mejores asadores de cada una de las provincias para competir en el Campeonato Federal del Asado. El asado es un s\u00edmbolo de nuestra gastronom\u00eda que nos une y nos representa como argentinos\u201d, afirm\u00f3 el Jefe de Gobierno, Horacio Rodr\u00edguez Larreta.<\/p>\n\n\n\n<p>Y agreg\u00f3: \u201cLas parrillas, los restaurantes y el sector gastron\u00f3mico se enfrentan a muchos obst\u00e1culos, tenemos que acompa\u00f1arlos para que puedan trabajar tranquilos. La gastronom\u00eda es una industria federal que tiene un potencial enorme para crecer y generar empleo en todo el pa\u00eds\u201d.<\/p>\n\n\n\n<p>La jornada iniciar\u00e1 con la <strong>etapa de clasificaci\u00f3n<\/strong>, con los 24 participantes divididos en tres grupos de 8, y cada grupo cocinar\u00e1 por separado en una tanda. As\u00ed, durante el lapso de una hora, cada concursante deber\u00e1 cocinar 3 cortes de carne; bondiola de cerdo, ri\u00f1\u00f3n y un plato regional con el corte elegido por cada provincia, adem\u00e1s de verduras que pueden presentarse como acompa\u00f1amiento de los cortes anteriores o como un cuarto plato. Al mismo tiempo, cada contendiente participar\u00e1 del \u201cdesaf\u00edo Milkaut\u201d, que consistir\u00e1 en la cocci\u00f3n de una provoleta a presentar a los 15 minutos de comenzado el desaf\u00edo. Un jurado institucional y t\u00e9cnico ser\u00e1 el encargado de evaluar los platos y de seleccionar a los dos mejores de cada grupo para la siguiente ronda.<\/p>\n\n\n\n<p>En la etapa final, los concursantes de las 6 provincias ganadoras de la instancia anterior, volver\u00e1n a cocinar durante una hora otros 3 cortes de carne; tira de asado, chorizo y morcilla, y medialuna de vac\u00edo, adem\u00e1s de las verduras que pueden presentarse como acompa\u00f1amiento de los cortes anteriores o como un cuarto plato. Entre estos participantes, saldr\u00e1 el mejor parrillero o parrillera del pa\u00eds.<\/p>\n\n\n\n<p>El jurado evaluador del Campeonato Federal del Asado estar\u00e1 conformado por Natal\u00ed Su\u00e1rez Pardo (ganadora de la edici\u00f3n 2022), Natalia Barrionuevo (Sommelier de carne), Javier Brichetto (Piantao &#8211; Madrid), Sandra Honczar (Asadoras Argentinas), H\u00e9ctor Mart\u00ednez (Representante de la Federaci\u00f3n Argentina de Asadores), Guido Moze (La Parra de Dios), Christian Petersen (jurado por El Gourmet), Patricia Ramos (Nuestro Secreto), Germ\u00e1n Sitz (Chori y La Carnicer\u00eda), Mirta Occhiuzzo (Representante de la UTHGRA), un representante del IPCVA y una dupla de vecinos de C\u00f3rdoba ganadores del concurso federal de Participaci\u00f3n Ciudadana.<\/p>\n\n\n\n<p>Los vecinos se acerquen al evento tendr\u00e1n la posibilidad de<strong> votar a la mejor parrilla<\/strong>, a trav\u00e9s de un c\u00f3digo QR y podr\u00e1n elegir a quien consideren mejor parrillero o parrillera. La otra de las novedades del evento es que habr\u00e1 un Almac\u00e9n \u201cMAPPA\u201d, el Mercado Argentino de Productos y Productores Agroalimentarios que ya cuenta con dos ediciones, durante octubre del 2022 y abril del 2023. En este espacio, vecinos y vecinas podr\u00e1n encontrar los mejores productos alimentarios que produce nuestro pa\u00eds.<\/p>\n\n\n\n<p>A su vez, se ofrecer\u00e1n otras <strong>propuestas gastron\u00f3mica<\/strong>s de distintas parrillas de la ciudad, de la provincia de Buenos Aires, de Santa Fe y de R\u00edo Negro, tambi\u00e9n de las colectividades alemana, b\u00falgara, colombiana, cubana, danesa, japonesa, jud\u00eda, libanesa, peruana y venezolana, y la participaci\u00f3n de la Fiesta Nacional del Ternero y D\u00eda de la Yerra (Ayacucho, provincia de Buenos Aires) y la Fiesta Nacional del Lech\u00f3n (Morea, provincia de Buenos Aires).<\/p>\n\n\n\n<p>Tambi\u00e9n, habr\u00e1 opciones vegetarianas, dulces y para cel\u00edacos. Cada una de las parrillas contar\u00e1 con un men\u00fa de $800 y otras dos propuestas a elecci\u00f3n del puesto.<\/p>\n\n\n\n<p>No s\u00f3lo se brindar\u00e1 un amplio abanico culinario, sino que desde la 11 horas se realizar\u00e1n distintos shows musicales en un escenario ubicado en la Avenida 9 de Julio y Rivadavia. Los concurrentes podr\u00e1n disfrutar de una variedad de g\u00e9neros como el folklore, el freestyle, el funk o el soul, entre otros.<\/p>\n","protected":false},"excerpt":{"rendered":"<p>El Gobierno de la Ciudad invit\u00f3 a la quinta edici\u00f3n del Campeonato Federal del Asado, que tendr\u00e1 lugar el lunes 19 de junio desde las 10 hasta las 18 horas,&hellip;<\/p>\n","protected":false},"author":4,"featured_media":228034,"comment_status":"closed","ping_status":"open","sticky":false,"template":"","format":"standard","meta":{"_acf_changed":false,"footnotes":""},"categories":[1,12],"tags":[],"class_list":["post-228031","post","type-post","status-publish","format-standard","has-post-thumbnail","hentry","category-es-noticia","category-sociedad"],"acf":[],"yoast_head":"<!-- This site is optimized with the Yoast SEO plugin v27.5 - https:\/\/yoast.com\/product\/yoast-seo-wordpress\/ -->\n<title>Un quemuense representar\u00e1 a La Pampa en el pr\u00f3ximo Campeonato Federal del Asado 2023 - Diario Textual<\/title>\n<meta name=\"robots\" content=\"index, follow, max-snippet:-1, max-image-preview:large, max-video-preview:-1\" \/>\n<link rel=\"canonical\" href=\"https:\/\/diariotextual.com\/inicio\/index.php\/2023\/06\/09\/un-quemuense-representara-a-la-pampa-en-el-proximo-campeonato-federal-del-asado-2023\/\" \/>\n<meta property=\"og:locale\" content=\"es_ES\" \/>\n<meta property=\"og:type\" content=\"article\" \/>\n<meta property=\"og:title\" content=\"Un quemuense representar\u00e1 a La Pampa en el pr\u00f3ximo Campeonato Federal del Asado 2023 - Diario Textual\" \/>\n<meta property=\"og:description\" content=\"El Gobierno de la Ciudad invit\u00f3 a la quinta edici\u00f3n del Campeonato Federal del Asado, que tendr\u00e1 lugar el lunes 19 de junio desde las 10 hasta las 18 horas,&hellip;\" \/>\n<meta property=\"og:url\" content=\"https:\/\/diariotextual.com\/inicio\/index.php\/2023\/06\/09\/un-quemuense-representara-a-la-pampa-en-el-proximo-campeonato-federal-del-asado-2023\/\" \/>\n<meta property=\"og:site_name\" content=\"Diario Textual\" \/>\n<meta property=\"article:publisher\" content=\"https:\/\/www.facebook.com\/eltextual\" \/>\n<meta property=\"article:published_time\" content=\"2023-06-09T19:19:58+00:00\" \/>\n<meta property=\"article:modified_time\" content=\"2023-06-09T22:07:39+00:00\" \/>\n<meta property=\"og:image\" content=\"https:\/\/diariotextual.com\/inicio\/wp-content\/uploads\/2023\/06\/campeonatofederalasado642546.jpg\" \/>\n\t<meta property=\"og:image:width\" content=\"958\" \/>\n\t<meta property=\"og:image:height\" content=\"489\" \/>\n\t<meta property=\"og:image:type\" content=\"image\/jpeg\" \/>\n<meta name=\"author\" content=\"diario2\" \/>\n<meta name=\"twitter:card\" content=\"summary_large_image\" \/>\n<meta name=\"twitter:creator\" content=\"@eltextual\" \/>\n<meta name=\"twitter:site\" content=\"@eltextual\" \/>\n<meta name=\"twitter:label1\" content=\"Escrito por\" \/>\n\t<meta name=\"twitter:data1\" content=\"diario2\" \/>\n\t<meta name=\"twitter:label2\" content=\"Tiempo de lectura\" \/>\n\t<meta name=\"twitter:data2\" content=\"4 minutos\" \/>\n<script type=\"application\/ld+json\" class=\"yoast-schema-graph\">{\"@context\":\"https:\\\/\\\/schema.org\",\"@graph\":[{\"@type\":\"Article\",\"@id\":\"https:\\\/\\\/diariotextual.com\\\/inicio\\\/index.php\\\/2023\\\/06\\\/09\\\/un-quemuense-representara-a-la-pampa-en-el-proximo-campeonato-federal-del-asado-2023\\\/#article\",\"isPartOf\":{\"@id\":\"https:\\\/\\\/diariotextual.com\\\/inicio\\\/index.php\\\/2023\\\/06\\\/09\\\/un-quemuense-representara-a-la-pampa-en-el-proximo-campeonato-federal-del-asado-2023\\\/\"},\"author\":{\"name\":\"diario2\",\"@id\":\"https:\\\/\\\/diariotextual.com\\\/inicio\\\/#\\\/schema\\\/person\\\/694f60677f23c4a530867a98f22b3768\"},\"headline\":\"Un quemuense representar\u00e1 a La Pampa en el pr\u00f3ximo Campeonato Federal del Asado 2023\",\"datePublished\":\"2023-06-09T19:19:58+00:00\",\"dateModified\":\"2023-06-09T22:07:39+00:00\",\"mainEntityOfPage\":{\"@id\":\"https:\\\/\\\/diariotextual.com\\\/inicio\\\/index.php\\\/2023\\\/06\\\/09\\\/un-quemuense-representara-a-la-pampa-en-el-proximo-campeonato-federal-del-asado-2023\\\/\"},\"wordCount\":875,\"publisher\":{\"@id\":\"https:\\\/\\\/diariotextual.com\\\/inicio\\\/#organization\"},\"image\":{\"@id\":\"https:\\\/\\\/diariotextual.com\\\/inicio\\\/index.php\\\/2023\\\/06\\\/09\\\/un-quemuense-representara-a-la-pampa-en-el-proximo-campeonato-federal-del-asado-2023\\\/#primaryimage\"},\"thumbnailUrl\":\"https:\\\/\\\/diariotextual.com\\\/inicio\\\/wp-content\\\/uploads\\\/2023\\\/06\\\/campeonatofederalasado642546.jpg\",\"articleSection\":[\"A - ES NOTICIA (van abajo)\",\"SOCIEDAD\"],\"inLanguage\":\"es\"},{\"@type\":\"WebPage\",\"@id\":\"https:\\\/\\\/diariotextual.com\\\/inicio\\\/index.php\\\/2023\\\/06\\\/09\\\/un-quemuense-representara-a-la-pampa-en-el-proximo-campeonato-federal-del-asado-2023\\\/\",\"url\":\"https:\\\/\\\/diariotextual.com\\\/inicio\\\/index.php\\\/2023\\\/06\\\/09\\\/un-quemuense-representara-a-la-pampa-en-el-proximo-campeonato-federal-del-asado-2023\\\/\",\"name\":\"Un quemuense representar\u00e1 a La Pampa en el pr\u00f3ximo Campeonato Federal del Asado 2023 - Diario Textual\",\"isPartOf\":{\"@id\":\"https:\\\/\\\/diariotextual.com\\\/inicio\\\/#website\"},\"primaryImageOfPage\":{\"@id\":\"https:\\\/\\\/diariotextual.com\\\/inicio\\\/index.php\\\/2023\\\/06\\\/09\\\/un-quemuense-representara-a-la-pampa-en-el-proximo-campeonato-federal-del-asado-2023\\\/#primaryimage\"},\"image\":{\"@id\":\"https:\\\/\\\/diariotextual.com\\\/inicio\\\/index.php\\\/2023\\\/06\\\/09\\\/un-quemuense-representara-a-la-pampa-en-el-proximo-campeonato-federal-del-asado-2023\\\/#primaryimage\"},\"thumbnailUrl\":\"https:\\\/\\\/diariotextual.com\\\/inicio\\\/wp-content\\\/uploads\\\/2023\\\/06\\\/campeonatofederalasado642546.jpg\",\"datePublished\":\"2023-06-09T19:19:58+00:00\",\"dateModified\":\"2023-06-09T22:07:39+00:00\",\"breadcrumb\":{\"@id\":\"https:\\\/\\\/diariotextual.com\\\/inicio\\\/index.php\\\/2023\\\/06\\\/09\\\/un-quemuense-representara-a-la-pampa-en-el-proximo-campeonato-federal-del-asado-2023\\\/#breadcrumb\"},\"inLanguage\":\"es\",\"potentialAction\":[{\"@type\":\"ReadAction\",\"target\":[\"https:\\\/\\\/diariotextual.com\\\/inicio\\\/index.php\\\/2023\\\/06\\\/09\\\/un-quemuense-representara-a-la-pampa-en-el-proximo-campeonato-federal-del-asado-2023\\\/\"]}]},{\"@type\":\"ImageObject\",\"inLanguage\":\"es\",\"@id\":\"https:\\\/\\\/diariotextual.com\\\/inicio\\\/index.php\\\/2023\\\/06\\\/09\\\/un-quemuense-representara-a-la-pampa-en-el-proximo-campeonato-federal-del-asado-2023\\\/#primaryimage\",\"url\":\"https:\\\/\\\/diariotextual.com\\\/inicio\\\/wp-content\\\/uploads\\\/2023\\\/06\\\/campeonatofederalasado642546.jpg\",\"contentUrl\":\"https:\\\/\\\/diariotextual.com\\\/inicio\\\/wp-content\\\/uploads\\\/2023\\\/06\\\/campeonatofederalasado642546.jpg\",\"width\":958,\"height\":489},{\"@type\":\"BreadcrumbList\",\"@id\":\"https:\\\/\\\/diariotextual.com\\\/inicio\\\/index.php\\\/2023\\\/06\\\/09\\\/un-quemuense-representara-a-la-pampa-en-el-proximo-campeonato-federal-del-asado-2023\\\/#breadcrumb\",\"itemListElement\":[{\"@type\":\"ListItem\",\"position\":1,\"name\":\"Portada\",\"item\":\"https:\\\/\\\/diariotextual.com\\\/inicio\\\/\"},{\"@type\":\"ListItem\",\"position\":2,\"name\":\"Un quemuense representar\u00e1 a La Pampa en el pr\u00f3ximo Campeonato Federal del Asado 2023\"}]},{\"@type\":\"WebSite\",\"@id\":\"https:\\\/\\\/diariotextual.com\\\/inicio\\\/#website\",\"url\":\"https:\\\/\\\/diariotextual.com\\\/inicio\\\/\",\"name\":\"Diario Textual\",\"description\":\"\",\"publisher\":{\"@id\":\"https:\\\/\\\/diariotextual.com\\\/inicio\\\/#organization\"},\"potentialAction\":[{\"@type\":\"SearchAction\",\"target\":{\"@type\":\"EntryPoint\",\"urlTemplate\":\"https:\\\/\\\/diariotextual.com\\\/inicio\\\/?s={search_term_string}\"},\"query-input\":{\"@type\":\"PropertyValueSpecification\",\"valueRequired\":true,\"valueName\":\"search_term_string\"}}],\"inLanguage\":\"es\"},{\"@type\":\"Organization\",\"@id\":\"https:\\\/\\\/diariotextual.com\\\/inicio\\\/#organization\",\"name\":\"Diario Textual\",\"url\":\"https:\\\/\\\/diariotextual.com\\\/inicio\\\/\",\"logo\":{\"@type\":\"ImageObject\",\"inLanguage\":\"es\",\"@id\":\"https:\\\/\\\/diariotextual.com\\\/inicio\\\/#\\\/schema\\\/logo\\\/image\\\/\",\"url\":\"https:\\\/\\\/diariotextual.com\\\/inicio\\\/wp-content\\\/uploads\\\/2023\\\/05\\\/logotextual1.jpg\",\"contentUrl\":\"https:\\\/\\\/diariotextual.com\\\/inicio\\\/wp-content\\\/uploads\\\/2023\\\/05\\\/logotextual1.jpg\",\"width\":516,\"height\":76,\"caption\":\"Diario Textual\"},\"image\":{\"@id\":\"https:\\\/\\\/diariotextual.com\\\/inicio\\\/#\\\/schema\\\/logo\\\/image\\\/\"},\"sameAs\":[\"https:\\\/\\\/www.facebook.com\\\/eltextual\",\"https:\\\/\\\/x.com\\\/eltextual\",\"http:\\\/\\\/www.instagram.com\\\/eltextual\"]},{\"@type\":\"Person\",\"@id\":\"https:\\\/\\\/diariotextual.com\\\/inicio\\\/#\\\/schema\\\/person\\\/694f60677f23c4a530867a98f22b3768\",\"name\":\"diario2\",\"image\":{\"@type\":\"ImageObject\",\"inLanguage\":\"es\",\"@id\":\"https:\\\/\\\/secure.gravatar.com\\\/avatar\\\/5a2567495ba16b852fcd8f1ed006a2e24fcace936018ed8237e95f488ad6e0a7?s=96&d=mm&r=g\",\"url\":\"https:\\\/\\\/secure.gravatar.com\\\/avatar\\\/5a2567495ba16b852fcd8f1ed006a2e24fcace936018ed8237e95f488ad6e0a7?s=96&d=mm&r=g\",\"contentUrl\":\"https:\\\/\\\/secure.gravatar.com\\\/avatar\\\/5a2567495ba16b852fcd8f1ed006a2e24fcace936018ed8237e95f488ad6e0a7?s=96&d=mm&r=g\",\"caption\":\"diario2\"},\"url\":\"https:\\\/\\\/diariotextual.com\\\/inicio\\\/index.php\\\/author\\\/diario2\\\/\"}]}<\/script>\n<!-- \/ Yoast SEO plugin. -->","yoast_head_json":{"title":"Un quemuense representar\u00e1 a La Pampa en el pr\u00f3ximo Campeonato Federal del Asado 2023 - Diario Textual","robots":{"index":"index","follow":"follow","max-snippet":"max-snippet:-1","max-image-preview":"max-image-preview:large","max-video-preview":"max-video-preview:-1"},"canonical":"https:\/\/diariotextual.com\/inicio\/index.php\/2023\/06\/09\/un-quemuense-representara-a-la-pampa-en-el-proximo-campeonato-federal-del-asado-2023\/","og_locale":"es_ES","og_type":"article","og_title":"Un quemuense representar\u00e1 a La Pampa en el pr\u00f3ximo Campeonato Federal del Asado 2023 - Diario Textual","og_description":"El Gobierno de la Ciudad invit\u00f3 a la quinta edici\u00f3n del Campeonato Federal del Asado, que tendr\u00e1 lugar el lunes 19 de junio desde las 10 hasta las 18 horas,&hellip;","og_url":"https:\/\/diariotextual.com\/inicio\/index.php\/2023\/06\/09\/un-quemuense-representara-a-la-pampa-en-el-proximo-campeonato-federal-del-asado-2023\/","og_site_name":"Diario Textual","article_publisher":"https:\/\/www.facebook.com\/eltextual","article_published_time":"2023-06-09T19:19:58+00:00","article_modified_time":"2023-06-09T22:07:39+00:00","og_image":[{"width":958,"height":489,"url":"https:\/\/diariotextual.com\/inicio\/wp-content\/uploads\/2023\/06\/campeonatofederalasado642546.jpg","type":"image\/jpeg"}],"author":"diario2","twitter_card":"summary_large_image","twitter_creator":"@eltextual","twitter_site":"@eltextual","twitter_misc":{"Escrito por":"diario2","Tiempo de lectura":"4 minutos"},"schema":{"@context":"https:\/\/schema.org","@graph":[{"@type":"Article","@id":"https:\/\/diariotextual.com\/inicio\/index.php\/2023\/06\/09\/un-quemuense-representara-a-la-pampa-en-el-proximo-campeonato-federal-del-asado-2023\/#article","isPartOf":{"@id":"https:\/\/diariotextual.com\/inicio\/index.php\/2023\/06\/09\/un-quemuense-representara-a-la-pampa-en-el-proximo-campeonato-federal-del-asado-2023\/"},"author":{"name":"diario2","@id":"https:\/\/diariotextual.com\/inicio\/#\/schema\/person\/694f60677f23c4a530867a98f22b3768"},"headline":"Un quemuense representar\u00e1 a La Pampa en el pr\u00f3ximo Campeonato Federal del Asado 2023","datePublished":"2023-06-09T19:19:58+00:00","dateModified":"2023-06-09T22:07:39+00:00","mainEntityOfPage":{"@id":"https:\/\/diariotextual.com\/inicio\/index.php\/2023\/06\/09\/un-quemuense-representara-a-la-pampa-en-el-proximo-campeonato-federal-del-asado-2023\/"},"wordCount":875,"publisher":{"@id":"https:\/\/diariotextual.com\/inicio\/#organization"},"image":{"@id":"https:\/\/diariotextual.com\/inicio\/index.php\/2023\/06\/09\/un-quemuense-representara-a-la-pampa-en-el-proximo-campeonato-federal-del-asado-2023\/#primaryimage"},"thumbnailUrl":"https:\/\/diariotextual.com\/inicio\/wp-content\/uploads\/2023\/06\/campeonatofederalasado642546.jpg","articleSection":["A - ES NOTICIA (van abajo)","SOCIEDAD"],"inLanguage":"es"},{"@type":"WebPage","@id":"https:\/\/diariotextual.com\/inicio\/index.php\/2023\/06\/09\/un-quemuense-representara-a-la-pampa-en-el-proximo-campeonato-federal-del-asado-2023\/","url":"https:\/\/diariotextual.com\/inicio\/index.php\/2023\/06\/09\/un-quemuense-representara-a-la-pampa-en-el-proximo-campeonato-federal-del-asado-2023\/","name":"Un quemuense representar\u00e1 a La Pampa en el pr\u00f3ximo Campeonato Federal del Asado 2023 - Diario Textual","isPartOf":{"@id":"https:\/\/diariotextual.com\/inicio\/#website"},"primaryImageOfPage":{"@id":"https:\/\/diariotextual.com\/inicio\/index.php\/2023\/06\/09\/un-quemuense-representara-a-la-pampa-en-el-proximo-campeonato-federal-del-asado-2023\/#primaryimage"},"image":{"@id":"https:\/\/diariotextual.com\/inicio\/index.php\/2023\/06\/09\/un-quemuense-representara-a-la-pampa-en-el-proximo-campeonato-federal-del-asado-2023\/#primaryimage"},"thumbnailUrl":"https:\/\/diariotextual.com\/inicio\/wp-content\/uploads\/2023\/06\/campeonatofederalasado642546.jpg","datePublished":"2023-06-09T19:19:58+00:00","dateModified":"2023-06-09T22:07:39+00:00","breadcrumb":{"@id":"https:\/\/diariotextual.com\/inicio\/index.php\/2023\/06\/09\/un-quemuense-representara-a-la-pampa-en-el-proximo-campeonato-federal-del-asado-2023\/#breadcrumb"},"inLanguage":"es","potentialAction":[{"@type":"ReadAction","target":["https:\/\/diariotextual.com\/inicio\/index.php\/2023\/06\/09\/un-quemuense-representara-a-la-pampa-en-el-proximo-campeonato-federal-del-asado-2023\/"]}]},{"@type":"ImageObject","inLanguage":"es","@id":"https:\/\/diariotextual.com\/inicio\/index.php\/2023\/06\/09\/un-quemuense-representara-a-la-pampa-en-el-proximo-campeonato-federal-del-asado-2023\/#primaryimage","url":"https:\/\/diariotextual.com\/inicio\/wp-content\/uploads\/2023\/06\/campeonatofederalasado642546.jpg","contentUrl":"https:\/\/diariotextual.com\/inicio\/wp-content\/uploads\/2023\/06\/campeonatofederalasado642546.jpg","width":958,"height":489},{"@type":"BreadcrumbList","@id":"https:\/\/diariotextual.com\/inicio\/index.php\/2023\/06\/09\/un-quemuense-representara-a-la-pampa-en-el-proximo-campeonato-federal-del-asado-2023\/#breadcrumb","itemListElement":[{"@type":"ListItem","position":1,"name":"Portada","item":"https:\/\/diariotextual.com\/inicio\/"},{"@type":"ListItem","position":2,"name":"Un quemuense representar\u00e1 a La Pampa en el pr\u00f3ximo Campeonato Federal del Asado 2023"}]},{"@type":"WebSite","@id":"https:\/\/diariotextual.com\/inicio\/#website","url":"https:\/\/diariotextual.com\/inicio\/","name":"Diario Textual","description":"","publisher":{"@id":"https:\/\/diariotextual.com\/inicio\/#organization"},"potentialAction":[{"@type":"SearchAction","target":{"@type":"EntryPoint","urlTemplate":"https:\/\/diariotextual.com\/inicio\/?s={search_term_string}"},"query-input":{"@type":"PropertyValueSpecification","valueRequired":true,"valueName":"search_term_string"}}],"inLanguage":"es"},{"@type":"Organization","@id":"https:\/\/diariotextual.com\/inicio\/#organization","name":"Diario Textual","url":"https:\/\/diariotextual.com\/inicio\/","logo":{"@type":"ImageObject","inLanguage":"es","@id":"https:\/\/diariotextual.com\/inicio\/#\/schema\/logo\/image\/","url":"https:\/\/diariotextual.com\/inicio\/wp-content\/uploads\/2023\/05\/logotextual1.jpg","contentUrl":"https:\/\/diariotextual.com\/inicio\/wp-content\/uploads\/2023\/05\/logotextual1.jpg","width":516,"height":76,"caption":"Diario Textual"},"image":{"@id":"https:\/\/diariotextual.com\/inicio\/#\/schema\/logo\/image\/"},"sameAs":["https:\/\/www.facebook.com\/eltextual","https:\/\/x.com\/eltextual","http:\/\/www.instagram.com\/eltextual"]},{"@type":"Person","@id":"https:\/\/diariotextual.com\/inicio\/#\/schema\/person\/694f60677f23c4a530867a98f22b3768","name":"diario2","image":{"@type":"ImageObject","inLanguage":"es","@id":"https:\/\/secure.gravatar.com\/avatar\/5a2567495ba16b852fcd8f1ed006a2e24fcace936018ed8237e95f488ad6e0a7?s=96&d=mm&r=g","url":"https:\/\/secure.gravatar.com\/avatar\/5a2567495ba16b852fcd8f1ed006a2e24fcace936018ed8237e95f488ad6e0a7?s=96&d=mm&r=g","contentUrl":"https:\/\/secure.gravatar.com\/avatar\/5a2567495ba16b852fcd8f1ed006a2e24fcace936018ed8237e95f488ad6e0a7?s=96&d=mm&r=g","caption":"diario2"},"url":"https:\/\/diariotextual.com\/inicio\/index.php\/author\/diario2\/"}]}},"_links":{"self":[{"href":"https:\/\/diariotextual.com\/inicio\/index.php\/wp-json\/wp\/v2\/posts\/228031","targetHints":{"allow":["GET"]}}],"collection":[{"href":"https:\/\/diariotextual.com\/inicio\/index.php\/wp-json\/wp\/v2\/posts"}],"about":[{"href":"https:\/\/diariotextual.com\/inicio\/index.php\/wp-json\/wp\/v2\/types\/post"}],"author":[{"embeddable":true,"href":"https:\/\/diariotextual.com\/inicio\/index.php\/wp-json\/wp\/v2\/users\/4"}],"replies":[{"embeddable":true,"href":"https:\/\/diariotextual.com\/inicio\/index.php\/wp-json\/wp\/v2\/comments?post=228031"}],"version-history":[{"count":1,"href":"https:\/\/diariotextual.com\/inicio\/index.php\/wp-json\/wp\/v2\/posts\/228031\/revisions"}],"predecessor-version":[{"id":228033,"href":"https:\/\/diariotextual.com\/inicio\/index.php\/wp-json\/wp\/v2\/posts\/228031\/revisions\/228033"}],"wp:featuredmedia":[{"embeddable":true,"href":"https:\/\/diariotextual.com\/inicio\/index.php\/wp-json\/wp\/v2\/media\/228034"}],"wp:attachment":[{"href":"https:\/\/diariotextual.com\/inicio\/index.php\/wp-json\/wp\/v2\/media?parent=228031"}],"wp:term":[{"taxonomy":"category","embeddable":true,"href":"https:\/\/diariotextual.com\/inicio\/index.php\/wp-json\/wp\/v2\/categories?post=228031"},{"taxonomy":"post_tag","embeddable":true,"href":"https:\/\/diariotextual.com\/inicio\/index.php\/wp-json\/wp\/v2\/tags?post=228031"}],"curies":[{"name":"wp","href":"https:\/\/api.w.org\/{rel}","templated":true}]}}