{"id":228220,"date":"2023-06-12T12:56:43","date_gmt":"2023-06-12T15:56:43","guid":{"rendered":"https:\/\/diariotextual.com\/inicio\/?p=228220"},"modified":"2023-06-12T12:56:45","modified_gmt":"2023-06-12T15:56:45","slug":"un-adolescente-de-17-anos-condenado-como-autor-de-abuso-sexual","status":"publish","type":"post","link":"https:\/\/diariotextual.com\/inicio\/index.php\/2023\/06\/12\/un-adolescente-de-17-anos-condenado-como-autor-de-abuso-sexual\/","title":{"rendered":"Un adolescente de 17 a\u00f1os condenado como autor de abuso sexual"},"content":{"rendered":"\n<p>Un adolescente de 17 a\u00f1os fue declarado hoy autor y responsable penal del delito de abuso sexual simple, enmarc\u00e1ndose el hecho en las leyes 26061 de Protecci\u00f3n integral de los derechos de las ni\u00f1as, ni\u00f1os y adolescentes y 26485 de Protecci\u00f3n integral contras las mujeres.<\/p>\n\n\n\n<p>La sentencia dictada por la jueza de control de 25 de Mayo, Daniela Johana Mart\u00ednez, fue consecuencia de un acuerdo de juicio abreviado \u2013como procedimiento alternativo para la soluci\u00f3n de un conflicto penal\u2013 presentado, en forma conjunta, por la fiscala de esa localidad, Eugenia Bolzan, la defensora oficial Nydia Conde y el propio imputado, quien admiti\u00f3 su culpabilidad. La v\u00edctima, al ser informada de sus alcances, tambi\u00e9n brind\u00f3 el consentimiento.<\/p>\n\n\n\n<p>En la causa se prob\u00f3 que, <strong>en medio de los festejos de un cumplea\u00f1os, una ni\u00f1a de 16 a\u00f1os se fue a dormir porque no se sent\u00eda bien y despert\u00f3 al darse cuenta que el acusado estaba abusando de ella mediante tocamientos<\/strong>. Este, al momento de lo ocurrido, ten\u00eda 17 a\u00f1os y estaba a una semana de cumplir los 18.<\/p>\n\n\n\n<p>Para ello se tuvieron en cuenta, entre otras pruebas, la denuncia radicada por la v\u00edctima ante la Unidad Funcional de G\u00e9nero, Ni\u00f1ez y Adolescencia y su declaraci\u00f3n en C\u00e1mara Gesell, un informe de la Oficina de Atenci\u00f3n a la V\u00edctima y a los Testigos y un informe psiqui\u00e1trico al agresor.<\/p>\n\n\n\n<p>Mart\u00ednez dispuso, adem\u00e1s, remitir una copia de la sentencia al Juzgado de la Familia, Ni\u00f1as, Ni\u00f1os y Adolescentes de la Tercera Circunscripci\u00f3n Judicial, con asiento en General Acha, una vez que ella quede firme.<\/p>\n\n\n\n<p>En los juicios abreviados, los magistrados no pueden imponer penas m\u00e1s severas que las requeridas por el Ministerio P\u00fablico Fiscal.\u200b<\/p>\n","protected":false},"excerpt":{"rendered":"<p>Un adolescente de 17 a\u00f1os fue declarado hoy autor y responsable penal del delito de abuso sexual simple, enmarc\u00e1ndose el hecho en las leyes 26061 de Protecci\u00f3n integral de los&hellip;<\/p>\n","protected":false},"author":4,"featured_media":218679,"comment_status":"closed","ping_status":"open","sticky":false,"template":"","format":"standard","meta":{"_acf_changed":false,"footnotes":""},"categories":[1,12],"tags":[],"class_list":["post-228220","post","type-post","status-publish","format-standard","has-post-thumbnail","hentry","category-es-noticia","category-sociedad"],"acf":[],"yoast_head":"<!-- This site is optimized with the Yoast SEO plugin v27.5 - https:\/\/yoast.com\/product\/yoast-seo-wordpress\/ -->\n<title>Un adolescente de 17 a\u00f1os condenado como autor de abuso sexual - Diario Textual<\/title>\n<meta name=\"robots\" content=\"index, follow, max-snippet:-1, max-image-preview:large, max-video-preview:-1\" \/>\n<link rel=\"canonical\" href=\"https:\/\/diariotextual.com\/inicio\/index.php\/2023\/06\/12\/un-adolescente-de-17-anos-condenado-como-autor-de-abuso-sexual\/\" \/>\n<meta property=\"og:locale\" content=\"es_ES\" \/>\n<meta property=\"og:type\" content=\"article\" \/>\n<meta property=\"og:title\" content=\"Un adolescente de 17 a\u00f1os condenado como autor de abuso sexual - Diario Textual\" \/>\n<meta property=\"og:description\" content=\"Un adolescente de 17 a\u00f1os fue declarado hoy autor y responsable penal del delito de abuso sexual simple, enmarc\u00e1ndose el hecho en las leyes 26061 de Protecci\u00f3n integral de los&hellip;\" \/>\n<meta property=\"og:url\" content=\"https:\/\/diariotextual.com\/inicio\/index.php\/2023\/06\/12\/un-adolescente-de-17-anos-condenado-como-autor-de-abuso-sexual\/\" \/>\n<meta property=\"og:site_name\" content=\"Diario Textual\" \/>\n<meta property=\"article:publisher\" content=\"https:\/\/www.facebook.com\/eltextual\" \/>\n<meta property=\"article:published_time\" content=\"2023-06-12T15:56:43+00:00\" \/>\n<meta property=\"article:modified_time\" content=\"2023-06-12T15:56:45+00:00\" \/>\n<meta property=\"og:image\" content=\"https:\/\/diariotextual.com\/inicio\/wp-content\/uploads\/2023\/03\/marchadoblasabusonena2023-4.jpeg\" \/>\n\t<meta property=\"og:image:width\" content=\"1200\" \/>\n\t<meta property=\"og:image:height\" content=\"1320\" \/>\n\t<meta property=\"og:image:type\" content=\"image\/jpeg\" \/>\n<meta name=\"author\" content=\"diario2\" \/>\n<meta name=\"twitter:card\" content=\"summary_large_image\" \/>\n<meta name=\"twitter:creator\" content=\"@eltextual\" \/>\n<meta name=\"twitter:site\" content=\"@eltextual\" \/>\n<meta name=\"twitter:label1\" content=\"Escrito por\" \/>\n\t<meta name=\"twitter:data1\" content=\"diario2\" \/>\n\t<meta name=\"twitter:label2\" content=\"Tiempo de lectura\" \/>\n\t<meta name=\"twitter:data2\" content=\"2 minutos\" \/>\n<script type=\"application\/ld+json\" class=\"yoast-schema-graph\">{\"@context\":\"https:\\\/\\\/schema.org\",\"@graph\":[{\"@type\":\"Article\",\"@id\":\"https:\\\/\\\/diariotextual.com\\\/inicio\\\/index.php\\\/2023\\\/06\\\/12\\\/un-adolescente-de-17-anos-condenado-como-autor-de-abuso-sexual\\\/#article\",\"isPartOf\":{\"@id\":\"https:\\\/\\\/diariotextual.com\\\/inicio\\\/index.php\\\/2023\\\/06\\\/12\\\/un-adolescente-de-17-anos-condenado-como-autor-de-abuso-sexual\\\/\"},\"author\":{\"name\":\"diario2\",\"@id\":\"https:\\\/\\\/diariotextual.com\\\/inicio\\\/#\\\/schema\\\/person\\\/694f60677f23c4a530867a98f22b3768\"},\"headline\":\"Un adolescente de 17 a\u00f1os condenado como autor de abuso sexual\",\"datePublished\":\"2023-06-12T15:56:43+00:00\",\"dateModified\":\"2023-06-12T15:56:45+00:00\",\"mainEntityOfPage\":{\"@id\":\"https:\\\/\\\/diariotextual.com\\\/inicio\\\/index.php\\\/2023\\\/06\\\/12\\\/un-adolescente-de-17-anos-condenado-como-autor-de-abuso-sexual\\\/\"},\"wordCount\":314,\"publisher\":{\"@id\":\"https:\\\/\\\/diariotextual.com\\\/inicio\\\/#organization\"},\"image\":{\"@id\":\"https:\\\/\\\/diariotextual.com\\\/inicio\\\/index.php\\\/2023\\\/06\\\/12\\\/un-adolescente-de-17-anos-condenado-como-autor-de-abuso-sexual\\\/#primaryimage\"},\"thumbnailUrl\":\"https:\\\/\\\/diariotextual.com\\\/inicio\\\/wp-content\\\/uploads\\\/2023\\\/03\\\/marchadoblasabusonena2023-4.jpeg\",\"articleSection\":[\"A - ES NOTICIA (van abajo)\",\"SOCIEDAD\"],\"inLanguage\":\"es\"},{\"@type\":\"WebPage\",\"@id\":\"https:\\\/\\\/diariotextual.com\\\/inicio\\\/index.php\\\/2023\\\/06\\\/12\\\/un-adolescente-de-17-anos-condenado-como-autor-de-abuso-sexual\\\/\",\"url\":\"https:\\\/\\\/diariotextual.com\\\/inicio\\\/index.php\\\/2023\\\/06\\\/12\\\/un-adolescente-de-17-anos-condenado-como-autor-de-abuso-sexual\\\/\",\"name\":\"Un adolescente de 17 a\u00f1os condenado como autor de abuso sexual - Diario Textual\",\"isPartOf\":{\"@id\":\"https:\\\/\\\/diariotextual.com\\\/inicio\\\/#website\"},\"primaryImageOfPage\":{\"@id\":\"https:\\\/\\\/diariotextual.com\\\/inicio\\\/index.php\\\/2023\\\/06\\\/12\\\/un-adolescente-de-17-anos-condenado-como-autor-de-abuso-sexual\\\/#primaryimage\"},\"image\":{\"@id\":\"https:\\\/\\\/diariotextual.com\\\/inicio\\\/index.php\\\/2023\\\/06\\\/12\\\/un-adolescente-de-17-anos-condenado-como-autor-de-abuso-sexual\\\/#primaryimage\"},\"thumbnailUrl\":\"https:\\\/\\\/diariotextual.com\\\/inicio\\\/wp-content\\\/uploads\\\/2023\\\/03\\\/marchadoblasabusonena2023-4.jpeg\",\"datePublished\":\"2023-06-12T15:56:43+00:00\",\"dateModified\":\"2023-06-12T15:56:45+00:00\",\"breadcrumb\":{\"@id\":\"https:\\\/\\\/diariotextual.com\\\/inicio\\\/index.php\\\/2023\\\/06\\\/12\\\/un-adolescente-de-17-anos-condenado-como-autor-de-abuso-sexual\\\/#breadcrumb\"},\"inLanguage\":\"es\",\"potentialAction\":[{\"@type\":\"ReadAction\",\"target\":[\"https:\\\/\\\/diariotextual.com\\\/inicio\\\/index.php\\\/2023\\\/06\\\/12\\\/un-adolescente-de-17-anos-condenado-como-autor-de-abuso-sexual\\\/\"]}]},{\"@type\":\"ImageObject\",\"inLanguage\":\"es\",\"@id\":\"https:\\\/\\\/diariotextual.com\\\/inicio\\\/index.php\\\/2023\\\/06\\\/12\\\/un-adolescente-de-17-anos-condenado-como-autor-de-abuso-sexual\\\/#primaryimage\",\"url\":\"https:\\\/\\\/diariotextual.com\\\/inicio\\\/wp-content\\\/uploads\\\/2023\\\/03\\\/marchadoblasabusonena2023-4.jpeg\",\"contentUrl\":\"https:\\\/\\\/diariotextual.com\\\/inicio\\\/wp-content\\\/uploads\\\/2023\\\/03\\\/marchadoblasabusonena2023-4.jpeg\",\"width\":1200,\"height\":1320},{\"@type\":\"BreadcrumbList\",\"@id\":\"https:\\\/\\\/diariotextual.com\\\/inicio\\\/index.php\\\/2023\\\/06\\\/12\\\/un-adolescente-de-17-anos-condenado-como-autor-de-abuso-sexual\\\/#breadcrumb\",\"itemListElement\":[{\"@type\":\"ListItem\",\"position\":1,\"name\":\"Portada\",\"item\":\"https:\\\/\\\/diariotextual.com\\\/inicio\\\/\"},{\"@type\":\"ListItem\",\"position\":2,\"name\":\"Un adolescente de 17 a\u00f1os condenado como autor de abuso sexual\"}]},{\"@type\":\"WebSite\",\"@id\":\"https:\\\/\\\/diariotextual.com\\\/inicio\\\/#website\",\"url\":\"https:\\\/\\\/diariotextual.com\\\/inicio\\\/\",\"name\":\"Diario Textual\",\"description\":\"\",\"publisher\":{\"@id\":\"https:\\\/\\\/diariotextual.com\\\/inicio\\\/#organization\"},\"potentialAction\":[{\"@type\":\"SearchAction\",\"target\":{\"@type\":\"EntryPoint\",\"urlTemplate\":\"https:\\\/\\\/diariotextual.com\\\/inicio\\\/?s={search_term_string}\"},\"query-input\":{\"@type\":\"PropertyValueSpecification\",\"valueRequired\":true,\"valueName\":\"search_term_string\"}}],\"inLanguage\":\"es\"},{\"@type\":\"Organization\",\"@id\":\"https:\\\/\\\/diariotextual.com\\\/inicio\\\/#organization\",\"name\":\"Diario Textual\",\"url\":\"https:\\\/\\\/diariotextual.com\\\/inicio\\\/\",\"logo\":{\"@type\":\"ImageObject\",\"inLanguage\":\"es\",\"@id\":\"https:\\\/\\\/diariotextual.com\\\/inicio\\\/#\\\/schema\\\/logo\\\/image\\\/\",\"url\":\"https:\\\/\\\/diariotextual.com\\\/inicio\\\/wp-content\\\/uploads\\\/2023\\\/05\\\/logotextual1.jpg\",\"contentUrl\":\"https:\\\/\\\/diariotextual.com\\\/inicio\\\/wp-content\\\/uploads\\\/2023\\\/05\\\/logotextual1.jpg\",\"width\":516,\"height\":76,\"caption\":\"Diario Textual\"},\"image\":{\"@id\":\"https:\\\/\\\/diariotextual.com\\\/inicio\\\/#\\\/schema\\\/logo\\\/image\\\/\"},\"sameAs\":[\"https:\\\/\\\/www.facebook.com\\\/eltextual\",\"https:\\\/\\\/x.com\\\/eltextual\",\"http:\\\/\\\/www.instagram.com\\\/eltextual\"]},{\"@type\":\"Person\",\"@id\":\"https:\\\/\\\/diariotextual.com\\\/inicio\\\/#\\\/schema\\\/person\\\/694f60677f23c4a530867a98f22b3768\",\"name\":\"diario2\",\"image\":{\"@type\":\"ImageObject\",\"inLanguage\":\"es\",\"@id\":\"https:\\\/\\\/secure.gravatar.com\\\/avatar\\\/5a2567495ba16b852fcd8f1ed006a2e24fcace936018ed8237e95f488ad6e0a7?s=96&d=mm&r=g\",\"url\":\"https:\\\/\\\/secure.gravatar.com\\\/avatar\\\/5a2567495ba16b852fcd8f1ed006a2e24fcace936018ed8237e95f488ad6e0a7?s=96&d=mm&r=g\",\"contentUrl\":\"https:\\\/\\\/secure.gravatar.com\\\/avatar\\\/5a2567495ba16b852fcd8f1ed006a2e24fcace936018ed8237e95f488ad6e0a7?s=96&d=mm&r=g\",\"caption\":\"diario2\"},\"url\":\"https:\\\/\\\/diariotextual.com\\\/inicio\\\/index.php\\\/author\\\/diario2\\\/\"}]}<\/script>\n<!-- \/ Yoast SEO plugin. -->","yoast_head_json":{"title":"Un adolescente de 17 a\u00f1os condenado como autor de abuso sexual - Diario Textual","robots":{"index":"index","follow":"follow","max-snippet":"max-snippet:-1","max-image-preview":"max-image-preview:large","max-video-preview":"max-video-preview:-1"},"canonical":"https:\/\/diariotextual.com\/inicio\/index.php\/2023\/06\/12\/un-adolescente-de-17-anos-condenado-como-autor-de-abuso-sexual\/","og_locale":"es_ES","og_type":"article","og_title":"Un adolescente de 17 a\u00f1os condenado como autor de abuso sexual - Diario Textual","og_description":"Un adolescente de 17 a\u00f1os fue declarado hoy autor y responsable penal del delito de abuso sexual simple, enmarc\u00e1ndose el hecho en las leyes 26061 de Protecci\u00f3n integral de los&hellip;","og_url":"https:\/\/diariotextual.com\/inicio\/index.php\/2023\/06\/12\/un-adolescente-de-17-anos-condenado-como-autor-de-abuso-sexual\/","og_site_name":"Diario Textual","article_publisher":"https:\/\/www.facebook.com\/eltextual","article_published_time":"2023-06-12T15:56:43+00:00","article_modified_time":"2023-06-12T15:56:45+00:00","og_image":[{"width":1200,"height":1320,"url":"https:\/\/diariotextual.com\/inicio\/wp-content\/uploads\/2023\/03\/marchadoblasabusonena2023-4.jpeg","type":"image\/jpeg"}],"author":"diario2","twitter_card":"summary_large_image","twitter_creator":"@eltextual","twitter_site":"@eltextual","twitter_misc":{"Escrito por":"diario2","Tiempo de lectura":"2 minutos"},"schema":{"@context":"https:\/\/schema.org","@graph":[{"@type":"Article","@id":"https:\/\/diariotextual.com\/inicio\/index.php\/2023\/06\/12\/un-adolescente-de-17-anos-condenado-como-autor-de-abuso-sexual\/#article","isPartOf":{"@id":"https:\/\/diariotextual.com\/inicio\/index.php\/2023\/06\/12\/un-adolescente-de-17-anos-condenado-como-autor-de-abuso-sexual\/"},"author":{"name":"diario2","@id":"https:\/\/diariotextual.com\/inicio\/#\/schema\/person\/694f60677f23c4a530867a98f22b3768"},"headline":"Un adolescente de 17 a\u00f1os condenado como autor de abuso sexual","datePublished":"2023-06-12T15:56:43+00:00","dateModified":"2023-06-12T15:56:45+00:00","mainEntityOfPage":{"@id":"https:\/\/diariotextual.com\/inicio\/index.php\/2023\/06\/12\/un-adolescente-de-17-anos-condenado-como-autor-de-abuso-sexual\/"},"wordCount":314,"publisher":{"@id":"https:\/\/diariotextual.com\/inicio\/#organization"},"image":{"@id":"https:\/\/diariotextual.com\/inicio\/index.php\/2023\/06\/12\/un-adolescente-de-17-anos-condenado-como-autor-de-abuso-sexual\/#primaryimage"},"thumbnailUrl":"https:\/\/diariotextual.com\/inicio\/wp-content\/uploads\/2023\/03\/marchadoblasabusonena2023-4.jpeg","articleSection":["A - ES NOTICIA (van abajo)","SOCIEDAD"],"inLanguage":"es"},{"@type":"WebPage","@id":"https:\/\/diariotextual.com\/inicio\/index.php\/2023\/06\/12\/un-adolescente-de-17-anos-condenado-como-autor-de-abuso-sexual\/","url":"https:\/\/diariotextual.com\/inicio\/index.php\/2023\/06\/12\/un-adolescente-de-17-anos-condenado-como-autor-de-abuso-sexual\/","name":"Un adolescente de 17 a\u00f1os condenado como autor de abuso sexual - Diario Textual","isPartOf":{"@id":"https:\/\/diariotextual.com\/inicio\/#website"},"primaryImageOfPage":{"@id":"https:\/\/diariotextual.com\/inicio\/index.php\/2023\/06\/12\/un-adolescente-de-17-anos-condenado-como-autor-de-abuso-sexual\/#primaryimage"},"image":{"@id":"https:\/\/diariotextual.com\/inicio\/index.php\/2023\/06\/12\/un-adolescente-de-17-anos-condenado-como-autor-de-abuso-sexual\/#primaryimage"},"thumbnailUrl":"https:\/\/diariotextual.com\/inicio\/wp-content\/uploads\/2023\/03\/marchadoblasabusonena2023-4.jpeg","datePublished":"2023-06-12T15:56:43+00:00","dateModified":"2023-06-12T15:56:45+00:00","breadcrumb":{"@id":"https:\/\/diariotextual.com\/inicio\/index.php\/2023\/06\/12\/un-adolescente-de-17-anos-condenado-como-autor-de-abuso-sexual\/#breadcrumb"},"inLanguage":"es","potentialAction":[{"@type":"ReadAction","target":["https:\/\/diariotextual.com\/inicio\/index.php\/2023\/06\/12\/un-adolescente-de-17-anos-condenado-como-autor-de-abuso-sexual\/"]}]},{"@type":"ImageObject","inLanguage":"es","@id":"https:\/\/diariotextual.com\/inicio\/index.php\/2023\/06\/12\/un-adolescente-de-17-anos-condenado-como-autor-de-abuso-sexual\/#primaryimage","url":"https:\/\/diariotextual.com\/inicio\/wp-content\/uploads\/2023\/03\/marchadoblasabusonena2023-4.jpeg","contentUrl":"https:\/\/diariotextual.com\/inicio\/wp-content\/uploads\/2023\/03\/marchadoblasabusonena2023-4.jpeg","width":1200,"height":1320},{"@type":"BreadcrumbList","@id":"https:\/\/diariotextual.com\/inicio\/index.php\/2023\/06\/12\/un-adolescente-de-17-anos-condenado-como-autor-de-abuso-sexual\/#breadcrumb","itemListElement":[{"@type":"ListItem","position":1,"name":"Portada","item":"https:\/\/diariotextual.com\/inicio\/"},{"@type":"ListItem","position":2,"name":"Un adolescente de 17 a\u00f1os condenado como autor de abuso sexual"}]},{"@type":"WebSite","@id":"https:\/\/diariotextual.com\/inicio\/#website","url":"https:\/\/diariotextual.com\/inicio\/","name":"Diario Textual","description":"","publisher":{"@id":"https:\/\/diariotextual.com\/inicio\/#organization"},"potentialAction":[{"@type":"SearchAction","target":{"@type":"EntryPoint","urlTemplate":"https:\/\/diariotextual.com\/inicio\/?s={search_term_string}"},"query-input":{"@type":"PropertyValueSpecification","valueRequired":true,"valueName":"search_term_string"}}],"inLanguage":"es"},{"@type":"Organization","@id":"https:\/\/diariotextual.com\/inicio\/#organization","name":"Diario Textual","url":"https:\/\/diariotextual.com\/inicio\/","logo":{"@type":"ImageObject","inLanguage":"es","@id":"https:\/\/diariotextual.com\/inicio\/#\/schema\/logo\/image\/","url":"https:\/\/diariotextual.com\/inicio\/wp-content\/uploads\/2023\/05\/logotextual1.jpg","contentUrl":"https:\/\/diariotextual.com\/inicio\/wp-content\/uploads\/2023\/05\/logotextual1.jpg","width":516,"height":76,"caption":"Diario Textual"},"image":{"@id":"https:\/\/diariotextual.com\/inicio\/#\/schema\/logo\/image\/"},"sameAs":["https:\/\/www.facebook.com\/eltextual","https:\/\/x.com\/eltextual","http:\/\/www.instagram.com\/eltextual"]},{"@type":"Person","@id":"https:\/\/diariotextual.com\/inicio\/#\/schema\/person\/694f60677f23c4a530867a98f22b3768","name":"diario2","image":{"@type":"ImageObject","inLanguage":"es","@id":"https:\/\/secure.gravatar.com\/avatar\/5a2567495ba16b852fcd8f1ed006a2e24fcace936018ed8237e95f488ad6e0a7?s=96&d=mm&r=g","url":"https:\/\/secure.gravatar.com\/avatar\/5a2567495ba16b852fcd8f1ed006a2e24fcace936018ed8237e95f488ad6e0a7?s=96&d=mm&r=g","contentUrl":"https:\/\/secure.gravatar.com\/avatar\/5a2567495ba16b852fcd8f1ed006a2e24fcace936018ed8237e95f488ad6e0a7?s=96&d=mm&r=g","caption":"diario2"},"url":"https:\/\/diariotextual.com\/inicio\/index.php\/author\/diario2\/"}]}},"_links":{"self":[{"href":"https:\/\/diariotextual.com\/inicio\/index.php\/wp-json\/wp\/v2\/posts\/228220","targetHints":{"allow":["GET"]}}],"collection":[{"href":"https:\/\/diariotextual.com\/inicio\/index.php\/wp-json\/wp\/v2\/posts"}],"about":[{"href":"https:\/\/diariotextual.com\/inicio\/index.php\/wp-json\/wp\/v2\/types\/post"}],"author":[{"embeddable":true,"href":"https:\/\/diariotextual.com\/inicio\/index.php\/wp-json\/wp\/v2\/users\/4"}],"replies":[{"embeddable":true,"href":"https:\/\/diariotextual.com\/inicio\/index.php\/wp-json\/wp\/v2\/comments?post=228220"}],"version-history":[{"count":1,"href":"https:\/\/diariotextual.com\/inicio\/index.php\/wp-json\/wp\/v2\/posts\/228220\/revisions"}],"predecessor-version":[{"id":228221,"href":"https:\/\/diariotextual.com\/inicio\/index.php\/wp-json\/wp\/v2\/posts\/228220\/revisions\/228221"}],"wp:featuredmedia":[{"embeddable":true,"href":"https:\/\/diariotextual.com\/inicio\/index.php\/wp-json\/wp\/v2\/media\/218679"}],"wp:attachment":[{"href":"https:\/\/diariotextual.com\/inicio\/index.php\/wp-json\/wp\/v2\/media?parent=228220"}],"wp:term":[{"taxonomy":"category","embeddable":true,"href":"https:\/\/diariotextual.com\/inicio\/index.php\/wp-json\/wp\/v2\/categories?post=228220"},{"taxonomy":"post_tag","embeddable":true,"href":"https:\/\/diariotextual.com\/inicio\/index.php\/wp-json\/wp\/v2\/tags?post=228220"}],"curies":[{"name":"wp","href":"https:\/\/api.w.org\/{rel}","templated":true}]}}