{"id":228225,"date":"2023-06-12T17:18:42","date_gmt":"2023-06-12T20:18:42","guid":{"rendered":"https:\/\/diariotextual.com\/inicio\/?p=228225"},"modified":"2023-06-12T17:18:44","modified_gmt":"2023-06-12T20:18:44","slug":"ley-micaela-se-capacito-a-cooperativas-del-sur-provincial","status":"publish","type":"post","link":"https:\/\/diariotextual.com\/inicio\/index.php\/2023\/06\/12\/ley-micaela-se-capacito-a-cooperativas-del-sur-provincial\/","title":{"rendered":"Ley Micaela: se capacit\u00f3 a cooperativas del sur provincial"},"content":{"rendered":"\n<p>La Secretar\u00eda de la Mujer, G\u00e9neros y Diversidad capacit\u00f3 en el marco de Ley Micaela a autoridades de cooperativas provinciales. Se trata de una iniciativa que se realiza en conjunto con la Subsecretar\u00eda de Mutuales y Cooperativas. &nbsp;<\/p>\n\n\n\n<p>Con la intenci\u00f3n de continuar con la formaci\u00f3n en g\u00e9nero, se realiz\u00f3 una nueva capacitaci\u00f3n en el marco de la Ley Micaela destinada a autoridades de cooperativas de Doblas, Bernasconi, Guatrach\u00e9, Alpachiri y General San Mart\u00edn.<\/p>\n\n\n\n<p>El objetivo es llegar a las autoridades de las entidades solidarias para profundizar el conocimiento de la tem\u00e1tica de g\u00e9nero y motivar la implementaci\u00f3n de esta ley y la capacitaci\u00f3n para su personal. Esto tiene la importancia de buscar la eliminaci\u00f3n de la violencia de g\u00e9nero y la erradicaci\u00f3n de la discriminaci\u00f3n poniendo el \u00e9nfasis, en este caso, en el \u00e1mbito laboral.\u00a0Anteriormente se hab\u00eda realizado este encuentro con cooperativas del norte provincial.<br><br>Las capacitadoras fueron la subdirectora de Seguimiento de Ley Micaela, Nancy Fern\u00e1ndez de la Vega y la coordinadora del Equipo T\u00e9cnico, Silvana Abraham. Se abord\u00f3 la tem\u00e1tica de g\u00e9nero desde la legislaci\u00f3n vigente y los conceptos b\u00e1sicos sobre el tema para lograr una comprensi\u00f3n cabal del tema que se ir\u00e1 complejizando en futuros encuentros.<br><br>Este ciclo de capacitaciones seguir\u00e1 teniendo lugar por zonas para abarcar a cooperativas de toda la Provincia. El cumplimiento de la Ley Micaela es obligatoria para las personas que trabajan en los tres poderes del Estado, sin embargo desde el Ejecutivo provincial se decidi\u00f3 llegar a la mayor cantidad de pampeanos y pampeanas posibles, por lo que tambi\u00e9n se brinda al sector privado.<\/p>\n","protected":false},"excerpt":{"rendered":"<p>La Secretar\u00eda de la Mujer, G\u00e9neros y Diversidad capacit\u00f3 en el marco de Ley Micaela a autoridades de cooperativas provinciales. Se trata de una iniciativa que se realiza en conjunto&hellip;<\/p>\n","protected":false},"author":4,"featured_media":228227,"comment_status":"closed","ping_status":"open","sticky":false,"template":"","format":"standard","meta":{"_acf_changed":false,"footnotes":""},"categories":[1,12],"tags":[],"class_list":["post-228225","post","type-post","status-publish","format-standard","has-post-thumbnail","hentry","category-es-noticia","category-sociedad"],"acf":[],"yoast_head":"<!-- This site is optimized with the Yoast SEO plugin v27.5 - https:\/\/yoast.com\/product\/yoast-seo-wordpress\/ -->\n<title>Ley Micaela: se capacit\u00f3 a cooperativas del sur provincial - Diario Textual<\/title>\n<meta name=\"robots\" content=\"index, follow, max-snippet:-1, max-image-preview:large, max-video-preview:-1\" \/>\n<link rel=\"canonical\" href=\"https:\/\/diariotextual.com\/inicio\/index.php\/2023\/06\/12\/ley-micaela-se-capacito-a-cooperativas-del-sur-provincial\/\" \/>\n<meta property=\"og:locale\" content=\"es_ES\" \/>\n<meta property=\"og:type\" content=\"article\" \/>\n<meta property=\"og:title\" content=\"Ley Micaela: se capacit\u00f3 a cooperativas del sur provincial - Diario Textual\" \/>\n<meta property=\"og:description\" content=\"La Secretar\u00eda de la Mujer, G\u00e9neros y Diversidad capacit\u00f3 en el marco de Ley Micaela a autoridades de cooperativas provinciales. Se trata de una iniciativa que se realiza en conjunto&hellip;\" \/>\n<meta property=\"og:url\" content=\"https:\/\/diariotextual.com\/inicio\/index.php\/2023\/06\/12\/ley-micaela-se-capacito-a-cooperativas-del-sur-provincial\/\" \/>\n<meta property=\"og:site_name\" content=\"Diario Textual\" \/>\n<meta property=\"article:publisher\" content=\"https:\/\/www.facebook.com\/eltextual\" \/>\n<meta property=\"article:published_time\" content=\"2023-06-12T20:18:42+00:00\" \/>\n<meta property=\"article:modified_time\" content=\"2023-06-12T20:18:44+00:00\" \/>\n<meta property=\"og:image\" content=\"https:\/\/diariotextual.com\/inicio\/wp-content\/uploads\/2023\/06\/cooperativasleymicaela65.jpg\" \/>\n\t<meta property=\"og:image:width\" content=\"900\" \/>\n\t<meta property=\"og:image:height\" content=\"507\" \/>\n\t<meta property=\"og:image:type\" content=\"image\/jpeg\" \/>\n<meta name=\"author\" content=\"diario2\" \/>\n<meta name=\"twitter:card\" content=\"summary_large_image\" \/>\n<meta name=\"twitter:creator\" content=\"@eltextual\" \/>\n<meta name=\"twitter:site\" content=\"@eltextual\" \/>\n<meta name=\"twitter:label1\" content=\"Escrito por\" \/>\n\t<meta name=\"twitter:data1\" content=\"diario2\" \/>\n\t<meta name=\"twitter:label2\" content=\"Tiempo de lectura\" \/>\n\t<meta name=\"twitter:data2\" content=\"2 minutos\" \/>\n<script type=\"application\/ld+json\" class=\"yoast-schema-graph\">{\"@context\":\"https:\\\/\\\/schema.org\",\"@graph\":[{\"@type\":\"Article\",\"@id\":\"https:\\\/\\\/diariotextual.com\\\/inicio\\\/index.php\\\/2023\\\/06\\\/12\\\/ley-micaela-se-capacito-a-cooperativas-del-sur-provincial\\\/#article\",\"isPartOf\":{\"@id\":\"https:\\\/\\\/diariotextual.com\\\/inicio\\\/index.php\\\/2023\\\/06\\\/12\\\/ley-micaela-se-capacito-a-cooperativas-del-sur-provincial\\\/\"},\"author\":{\"name\":\"diario2\",\"@id\":\"https:\\\/\\\/diariotextual.com\\\/inicio\\\/#\\\/schema\\\/person\\\/694f60677f23c4a530867a98f22b3768\"},\"headline\":\"Ley Micaela: se capacit\u00f3 a cooperativas del sur provincial\",\"datePublished\":\"2023-06-12T20:18:42+00:00\",\"dateModified\":\"2023-06-12T20:18:44+00:00\",\"mainEntityOfPage\":{\"@id\":\"https:\\\/\\\/diariotextual.com\\\/inicio\\\/index.php\\\/2023\\\/06\\\/12\\\/ley-micaela-se-capacito-a-cooperativas-del-sur-provincial\\\/\"},\"wordCount\":298,\"publisher\":{\"@id\":\"https:\\\/\\\/diariotextual.com\\\/inicio\\\/#organization\"},\"image\":{\"@id\":\"https:\\\/\\\/diariotextual.com\\\/inicio\\\/index.php\\\/2023\\\/06\\\/12\\\/ley-micaela-se-capacito-a-cooperativas-del-sur-provincial\\\/#primaryimage\"},\"thumbnailUrl\":\"https:\\\/\\\/diariotextual.com\\\/inicio\\\/wp-content\\\/uploads\\\/2023\\\/06\\\/cooperativasleymicaela65.jpg\",\"articleSection\":[\"A - ES NOTICIA (van abajo)\",\"SOCIEDAD\"],\"inLanguage\":\"es\"},{\"@type\":\"WebPage\",\"@id\":\"https:\\\/\\\/diariotextual.com\\\/inicio\\\/index.php\\\/2023\\\/06\\\/12\\\/ley-micaela-se-capacito-a-cooperativas-del-sur-provincial\\\/\",\"url\":\"https:\\\/\\\/diariotextual.com\\\/inicio\\\/index.php\\\/2023\\\/06\\\/12\\\/ley-micaela-se-capacito-a-cooperativas-del-sur-provincial\\\/\",\"name\":\"Ley Micaela: se capacit\u00f3 a cooperativas del sur provincial - Diario Textual\",\"isPartOf\":{\"@id\":\"https:\\\/\\\/diariotextual.com\\\/inicio\\\/#website\"},\"primaryImageOfPage\":{\"@id\":\"https:\\\/\\\/diariotextual.com\\\/inicio\\\/index.php\\\/2023\\\/06\\\/12\\\/ley-micaela-se-capacito-a-cooperativas-del-sur-provincial\\\/#primaryimage\"},\"image\":{\"@id\":\"https:\\\/\\\/diariotextual.com\\\/inicio\\\/index.php\\\/2023\\\/06\\\/12\\\/ley-micaela-se-capacito-a-cooperativas-del-sur-provincial\\\/#primaryimage\"},\"thumbnailUrl\":\"https:\\\/\\\/diariotextual.com\\\/inicio\\\/wp-content\\\/uploads\\\/2023\\\/06\\\/cooperativasleymicaela65.jpg\",\"datePublished\":\"2023-06-12T20:18:42+00:00\",\"dateModified\":\"2023-06-12T20:18:44+00:00\",\"breadcrumb\":{\"@id\":\"https:\\\/\\\/diariotextual.com\\\/inicio\\\/index.php\\\/2023\\\/06\\\/12\\\/ley-micaela-se-capacito-a-cooperativas-del-sur-provincial\\\/#breadcrumb\"},\"inLanguage\":\"es\",\"potentialAction\":[{\"@type\":\"ReadAction\",\"target\":[\"https:\\\/\\\/diariotextual.com\\\/inicio\\\/index.php\\\/2023\\\/06\\\/12\\\/ley-micaela-se-capacito-a-cooperativas-del-sur-provincial\\\/\"]}]},{\"@type\":\"ImageObject\",\"inLanguage\":\"es\",\"@id\":\"https:\\\/\\\/diariotextual.com\\\/inicio\\\/index.php\\\/2023\\\/06\\\/12\\\/ley-micaela-se-capacito-a-cooperativas-del-sur-provincial\\\/#primaryimage\",\"url\":\"https:\\\/\\\/diariotextual.com\\\/inicio\\\/wp-content\\\/uploads\\\/2023\\\/06\\\/cooperativasleymicaela65.jpg\",\"contentUrl\":\"https:\\\/\\\/diariotextual.com\\\/inicio\\\/wp-content\\\/uploads\\\/2023\\\/06\\\/cooperativasleymicaela65.jpg\",\"width\":900,\"height\":507},{\"@type\":\"BreadcrumbList\",\"@id\":\"https:\\\/\\\/diariotextual.com\\\/inicio\\\/index.php\\\/2023\\\/06\\\/12\\\/ley-micaela-se-capacito-a-cooperativas-del-sur-provincial\\\/#breadcrumb\",\"itemListElement\":[{\"@type\":\"ListItem\",\"position\":1,\"name\":\"Portada\",\"item\":\"https:\\\/\\\/diariotextual.com\\\/inicio\\\/\"},{\"@type\":\"ListItem\",\"position\":2,\"name\":\"Ley Micaela: se capacit\u00f3 a cooperativas del sur provincial\"}]},{\"@type\":\"WebSite\",\"@id\":\"https:\\\/\\\/diariotextual.com\\\/inicio\\\/#website\",\"url\":\"https:\\\/\\\/diariotextual.com\\\/inicio\\\/\",\"name\":\"Diario Textual\",\"description\":\"\",\"publisher\":{\"@id\":\"https:\\\/\\\/diariotextual.com\\\/inicio\\\/#organization\"},\"potentialAction\":[{\"@type\":\"SearchAction\",\"target\":{\"@type\":\"EntryPoint\",\"urlTemplate\":\"https:\\\/\\\/diariotextual.com\\\/inicio\\\/?s={search_term_string}\"},\"query-input\":{\"@type\":\"PropertyValueSpecification\",\"valueRequired\":true,\"valueName\":\"search_term_string\"}}],\"inLanguage\":\"es\"},{\"@type\":\"Organization\",\"@id\":\"https:\\\/\\\/diariotextual.com\\\/inicio\\\/#organization\",\"name\":\"Diario Textual\",\"url\":\"https:\\\/\\\/diariotextual.com\\\/inicio\\\/\",\"logo\":{\"@type\":\"ImageObject\",\"inLanguage\":\"es\",\"@id\":\"https:\\\/\\\/diariotextual.com\\\/inicio\\\/#\\\/schema\\\/logo\\\/image\\\/\",\"url\":\"https:\\\/\\\/diariotextual.com\\\/inicio\\\/wp-content\\\/uploads\\\/2023\\\/05\\\/logotextual1.jpg\",\"contentUrl\":\"https:\\\/\\\/diariotextual.com\\\/inicio\\\/wp-content\\\/uploads\\\/2023\\\/05\\\/logotextual1.jpg\",\"width\":516,\"height\":76,\"caption\":\"Diario Textual\"},\"image\":{\"@id\":\"https:\\\/\\\/diariotextual.com\\\/inicio\\\/#\\\/schema\\\/logo\\\/image\\\/\"},\"sameAs\":[\"https:\\\/\\\/www.facebook.com\\\/eltextual\",\"https:\\\/\\\/x.com\\\/eltextual\",\"http:\\\/\\\/www.instagram.com\\\/eltextual\"]},{\"@type\":\"Person\",\"@id\":\"https:\\\/\\\/diariotextual.com\\\/inicio\\\/#\\\/schema\\\/person\\\/694f60677f23c4a530867a98f22b3768\",\"name\":\"diario2\",\"image\":{\"@type\":\"ImageObject\",\"inLanguage\":\"es\",\"@id\":\"https:\\\/\\\/secure.gravatar.com\\\/avatar\\\/5a2567495ba16b852fcd8f1ed006a2e24fcace936018ed8237e95f488ad6e0a7?s=96&d=mm&r=g\",\"url\":\"https:\\\/\\\/secure.gravatar.com\\\/avatar\\\/5a2567495ba16b852fcd8f1ed006a2e24fcace936018ed8237e95f488ad6e0a7?s=96&d=mm&r=g\",\"contentUrl\":\"https:\\\/\\\/secure.gravatar.com\\\/avatar\\\/5a2567495ba16b852fcd8f1ed006a2e24fcace936018ed8237e95f488ad6e0a7?s=96&d=mm&r=g\",\"caption\":\"diario2\"},\"url\":\"https:\\\/\\\/diariotextual.com\\\/inicio\\\/index.php\\\/author\\\/diario2\\\/\"}]}<\/script>\n<!-- \/ Yoast SEO plugin. -->","yoast_head_json":{"title":"Ley Micaela: se capacit\u00f3 a cooperativas del sur provincial - Diario Textual","robots":{"index":"index","follow":"follow","max-snippet":"max-snippet:-1","max-image-preview":"max-image-preview:large","max-video-preview":"max-video-preview:-1"},"canonical":"https:\/\/diariotextual.com\/inicio\/index.php\/2023\/06\/12\/ley-micaela-se-capacito-a-cooperativas-del-sur-provincial\/","og_locale":"es_ES","og_type":"article","og_title":"Ley Micaela: se capacit\u00f3 a cooperativas del sur provincial - Diario Textual","og_description":"La Secretar\u00eda de la Mujer, G\u00e9neros y Diversidad capacit\u00f3 en el marco de Ley Micaela a autoridades de cooperativas provinciales. Se trata de una iniciativa que se realiza en conjunto&hellip;","og_url":"https:\/\/diariotextual.com\/inicio\/index.php\/2023\/06\/12\/ley-micaela-se-capacito-a-cooperativas-del-sur-provincial\/","og_site_name":"Diario Textual","article_publisher":"https:\/\/www.facebook.com\/eltextual","article_published_time":"2023-06-12T20:18:42+00:00","article_modified_time":"2023-06-12T20:18:44+00:00","og_image":[{"width":900,"height":507,"url":"https:\/\/diariotextual.com\/inicio\/wp-content\/uploads\/2023\/06\/cooperativasleymicaela65.jpg","type":"image\/jpeg"}],"author":"diario2","twitter_card":"summary_large_image","twitter_creator":"@eltextual","twitter_site":"@eltextual","twitter_misc":{"Escrito por":"diario2","Tiempo de lectura":"2 minutos"},"schema":{"@context":"https:\/\/schema.org","@graph":[{"@type":"Article","@id":"https:\/\/diariotextual.com\/inicio\/index.php\/2023\/06\/12\/ley-micaela-se-capacito-a-cooperativas-del-sur-provincial\/#article","isPartOf":{"@id":"https:\/\/diariotextual.com\/inicio\/index.php\/2023\/06\/12\/ley-micaela-se-capacito-a-cooperativas-del-sur-provincial\/"},"author":{"name":"diario2","@id":"https:\/\/diariotextual.com\/inicio\/#\/schema\/person\/694f60677f23c4a530867a98f22b3768"},"headline":"Ley Micaela: se capacit\u00f3 a cooperativas del sur provincial","datePublished":"2023-06-12T20:18:42+00:00","dateModified":"2023-06-12T20:18:44+00:00","mainEntityOfPage":{"@id":"https:\/\/diariotextual.com\/inicio\/index.php\/2023\/06\/12\/ley-micaela-se-capacito-a-cooperativas-del-sur-provincial\/"},"wordCount":298,"publisher":{"@id":"https:\/\/diariotextual.com\/inicio\/#organization"},"image":{"@id":"https:\/\/diariotextual.com\/inicio\/index.php\/2023\/06\/12\/ley-micaela-se-capacito-a-cooperativas-del-sur-provincial\/#primaryimage"},"thumbnailUrl":"https:\/\/diariotextual.com\/inicio\/wp-content\/uploads\/2023\/06\/cooperativasleymicaela65.jpg","articleSection":["A - ES NOTICIA (van abajo)","SOCIEDAD"],"inLanguage":"es"},{"@type":"WebPage","@id":"https:\/\/diariotextual.com\/inicio\/index.php\/2023\/06\/12\/ley-micaela-se-capacito-a-cooperativas-del-sur-provincial\/","url":"https:\/\/diariotextual.com\/inicio\/index.php\/2023\/06\/12\/ley-micaela-se-capacito-a-cooperativas-del-sur-provincial\/","name":"Ley Micaela: se capacit\u00f3 a cooperativas del sur provincial - Diario Textual","isPartOf":{"@id":"https:\/\/diariotextual.com\/inicio\/#website"},"primaryImageOfPage":{"@id":"https:\/\/diariotextual.com\/inicio\/index.php\/2023\/06\/12\/ley-micaela-se-capacito-a-cooperativas-del-sur-provincial\/#primaryimage"},"image":{"@id":"https:\/\/diariotextual.com\/inicio\/index.php\/2023\/06\/12\/ley-micaela-se-capacito-a-cooperativas-del-sur-provincial\/#primaryimage"},"thumbnailUrl":"https:\/\/diariotextual.com\/inicio\/wp-content\/uploads\/2023\/06\/cooperativasleymicaela65.jpg","datePublished":"2023-06-12T20:18:42+00:00","dateModified":"2023-06-12T20:18:44+00:00","breadcrumb":{"@id":"https:\/\/diariotextual.com\/inicio\/index.php\/2023\/06\/12\/ley-micaela-se-capacito-a-cooperativas-del-sur-provincial\/#breadcrumb"},"inLanguage":"es","potentialAction":[{"@type":"ReadAction","target":["https:\/\/diariotextual.com\/inicio\/index.php\/2023\/06\/12\/ley-micaela-se-capacito-a-cooperativas-del-sur-provincial\/"]}]},{"@type":"ImageObject","inLanguage":"es","@id":"https:\/\/diariotextual.com\/inicio\/index.php\/2023\/06\/12\/ley-micaela-se-capacito-a-cooperativas-del-sur-provincial\/#primaryimage","url":"https:\/\/diariotextual.com\/inicio\/wp-content\/uploads\/2023\/06\/cooperativasleymicaela65.jpg","contentUrl":"https:\/\/diariotextual.com\/inicio\/wp-content\/uploads\/2023\/06\/cooperativasleymicaela65.jpg","width":900,"height":507},{"@type":"BreadcrumbList","@id":"https:\/\/diariotextual.com\/inicio\/index.php\/2023\/06\/12\/ley-micaela-se-capacito-a-cooperativas-del-sur-provincial\/#breadcrumb","itemListElement":[{"@type":"ListItem","position":1,"name":"Portada","item":"https:\/\/diariotextual.com\/inicio\/"},{"@type":"ListItem","position":2,"name":"Ley Micaela: se capacit\u00f3 a cooperativas del sur provincial"}]},{"@type":"WebSite","@id":"https:\/\/diariotextual.com\/inicio\/#website","url":"https:\/\/diariotextual.com\/inicio\/","name":"Diario Textual","description":"","publisher":{"@id":"https:\/\/diariotextual.com\/inicio\/#organization"},"potentialAction":[{"@type":"SearchAction","target":{"@type":"EntryPoint","urlTemplate":"https:\/\/diariotextual.com\/inicio\/?s={search_term_string}"},"query-input":{"@type":"PropertyValueSpecification","valueRequired":true,"valueName":"search_term_string"}}],"inLanguage":"es"},{"@type":"Organization","@id":"https:\/\/diariotextual.com\/inicio\/#organization","name":"Diario Textual","url":"https:\/\/diariotextual.com\/inicio\/","logo":{"@type":"ImageObject","inLanguage":"es","@id":"https:\/\/diariotextual.com\/inicio\/#\/schema\/logo\/image\/","url":"https:\/\/diariotextual.com\/inicio\/wp-content\/uploads\/2023\/05\/logotextual1.jpg","contentUrl":"https:\/\/diariotextual.com\/inicio\/wp-content\/uploads\/2023\/05\/logotextual1.jpg","width":516,"height":76,"caption":"Diario Textual"},"image":{"@id":"https:\/\/diariotextual.com\/inicio\/#\/schema\/logo\/image\/"},"sameAs":["https:\/\/www.facebook.com\/eltextual","https:\/\/x.com\/eltextual","http:\/\/www.instagram.com\/eltextual"]},{"@type":"Person","@id":"https:\/\/diariotextual.com\/inicio\/#\/schema\/person\/694f60677f23c4a530867a98f22b3768","name":"diario2","image":{"@type":"ImageObject","inLanguage":"es","@id":"https:\/\/secure.gravatar.com\/avatar\/5a2567495ba16b852fcd8f1ed006a2e24fcace936018ed8237e95f488ad6e0a7?s=96&d=mm&r=g","url":"https:\/\/secure.gravatar.com\/avatar\/5a2567495ba16b852fcd8f1ed006a2e24fcace936018ed8237e95f488ad6e0a7?s=96&d=mm&r=g","contentUrl":"https:\/\/secure.gravatar.com\/avatar\/5a2567495ba16b852fcd8f1ed006a2e24fcace936018ed8237e95f488ad6e0a7?s=96&d=mm&r=g","caption":"diario2"},"url":"https:\/\/diariotextual.com\/inicio\/index.php\/author\/diario2\/"}]}},"_links":{"self":[{"href":"https:\/\/diariotextual.com\/inicio\/index.php\/wp-json\/wp\/v2\/posts\/228225","targetHints":{"allow":["GET"]}}],"collection":[{"href":"https:\/\/diariotextual.com\/inicio\/index.php\/wp-json\/wp\/v2\/posts"}],"about":[{"href":"https:\/\/diariotextual.com\/inicio\/index.php\/wp-json\/wp\/v2\/types\/post"}],"author":[{"embeddable":true,"href":"https:\/\/diariotextual.com\/inicio\/index.php\/wp-json\/wp\/v2\/users\/4"}],"replies":[{"embeddable":true,"href":"https:\/\/diariotextual.com\/inicio\/index.php\/wp-json\/wp\/v2\/comments?post=228225"}],"version-history":[{"count":1,"href":"https:\/\/diariotextual.com\/inicio\/index.php\/wp-json\/wp\/v2\/posts\/228225\/revisions"}],"predecessor-version":[{"id":228226,"href":"https:\/\/diariotextual.com\/inicio\/index.php\/wp-json\/wp\/v2\/posts\/228225\/revisions\/228226"}],"wp:featuredmedia":[{"embeddable":true,"href":"https:\/\/diariotextual.com\/inicio\/index.php\/wp-json\/wp\/v2\/media\/228227"}],"wp:attachment":[{"href":"https:\/\/diariotextual.com\/inicio\/index.php\/wp-json\/wp\/v2\/media?parent=228225"}],"wp:term":[{"taxonomy":"category","embeddable":true,"href":"https:\/\/diariotextual.com\/inicio\/index.php\/wp-json\/wp\/v2\/categories?post=228225"},{"taxonomy":"post_tag","embeddable":true,"href":"https:\/\/diariotextual.com\/inicio\/index.php\/wp-json\/wp\/v2\/tags?post=228225"}],"curies":[{"name":"wp","href":"https:\/\/api.w.org\/{rel}","templated":true}]}}