{"id":228228,"date":"2023-06-12T17:24:02","date_gmt":"2023-06-12T20:24:02","guid":{"rendered":"https:\/\/diariotextual.com\/inicio\/?p=228228"},"modified":"2023-06-12T17:24:04","modified_gmt":"2023-06-12T20:24:04","slug":"reconocen-a-tenistas-que-compitieron-en-el-parapanamericano","status":"publish","type":"post","link":"https:\/\/diariotextual.com\/inicio\/index.php\/2023\/06\/12\/reconocen-a-tenistas-que-compitieron-en-el-parapanamericano\/","title":{"rendered":"Reconocen a tenistas que compitieron en el ParaPanamericano"},"content":{"rendered":"\n<p>El Gobierno de La Pampa, a trav\u00e9s de la Subsecretar\u00eda de Deportes, Recreaci\u00f3n y Turismo del Ministerio de Desarrollo Social distingui\u00f3 a <strong>Fausto Barrientos y Amadeo Orozc<\/strong>o por su participaci\u00f3n, como integrantes de la selecci\u00f3n argentina de tenis de mesa, de la competencia que se hizo en Bogot\u00e1.<\/p>\n\n\n\n<p>La ceremonia se llev\u00f3 a cabo el fin de semana en la sede de la Asociaci\u00f3n Tenis de Mesa La Pampa, en Santa Rosa, con la presencia del director de Pol\u00edticas Deportivas, Fernando Porlay, acompa\u00f1ado por el presidente de la ATMLP, Esteban Pessi y el entrenador Maximiliano Moscoso.<br>&nbsp;<br>En el caso de Barrientos, alcanz\u00f3 la medalla de plata al terminar segundo en single y acceder a los cuartos de final en dobles mixto y masculino, en la Clase 8, mientras que el victoriquense Orozco debut\u00f3 internacionalmente logrando acceder a los cuartos de final en individual y dobles mixtos.<br><br>Pessi destac\u00f3 la participaci\u00f3n de los pampeanos en Bogot\u00e1, reconoci\u00f3 el esfuerzo de sus familias y la tarea de Moscoso, quien se\u00f1al\u00f3 que \u201cfue lindo haberlos conocido y llegar hasta este momento es muy emocionante. Siento un gran orgullo. Esto reci\u00e9n comienza y tienen mucho futuro por delante\u201d.<br><br>En el mismo sentido se manifest\u00f3 Porlay, quien destac\u00f3 que \u201cse siente mucho orgullo por estos jugadores, primero por haber integrado la Selecci\u00f3n de la Argentina y despu\u00e9s por el excelente desempe\u00f1o que tuvieron\u201d.<br><br>\u201cLos j\u00f3venes son nuestro futuro y lo mejor que les puede pasar es que practiquen deportes\u201d, indic\u00f3 el funcionario, al tiempo que enfatiz\u00f3 el hecho de que cada vez haya m\u00e1s inclusi\u00f3n en el deporte pampeano.<br><br>\u201cCon Ceferino (Almud\u00e9var, el subsecretario de Deportes), desde 2008 venimos bregando para que el deporte sea cada vez m\u00e1s inclusivo, y se va logrando de a poco, con mucho esfuerzo\u201d.<\/p>\n","protected":false},"excerpt":{"rendered":"<p>El Gobierno de La Pampa, a trav\u00e9s de la Subsecretar\u00eda de Deportes, Recreaci\u00f3n y Turismo del Ministerio de Desarrollo Social distingui\u00f3 a Fausto Barrientos y Amadeo Orozco por su participaci\u00f3n,&hellip;<\/p>\n","protected":false},"author":4,"featured_media":228229,"comment_status":"closed","ping_status":"open","sticky":false,"template":"","format":"standard","meta":{"_acf_changed":false,"footnotes":""},"categories":[1,3],"tags":[],"class_list":["post-228228","post","type-post","status-publish","format-standard","has-post-thumbnail","hentry","category-es-noticia","category-deportes"],"acf":[],"yoast_head":"<!-- This site is optimized with the Yoast SEO plugin v27.5 - https:\/\/yoast.com\/product\/yoast-seo-wordpress\/ -->\n<title>Reconocen a tenistas que compitieron en el ParaPanamericano - Diario Textual<\/title>\n<meta name=\"robots\" content=\"index, follow, max-snippet:-1, max-image-preview:large, max-video-preview:-1\" \/>\n<link rel=\"canonical\" href=\"https:\/\/diariotextual.com\/inicio\/index.php\/2023\/06\/12\/reconocen-a-tenistas-que-compitieron-en-el-parapanamericano\/\" \/>\n<meta property=\"og:locale\" content=\"es_ES\" \/>\n<meta property=\"og:type\" content=\"article\" \/>\n<meta property=\"og:title\" content=\"Reconocen a tenistas que compitieron en el ParaPanamericano - Diario Textual\" \/>\n<meta property=\"og:description\" content=\"El Gobierno de La Pampa, a trav\u00e9s de la Subsecretar\u00eda de Deportes, Recreaci\u00f3n y Turismo del Ministerio de Desarrollo Social distingui\u00f3 a Fausto Barrientos y Amadeo Orozco por su participaci\u00f3n,&hellip;\" \/>\n<meta property=\"og:url\" content=\"https:\/\/diariotextual.com\/inicio\/index.php\/2023\/06\/12\/reconocen-a-tenistas-que-compitieron-en-el-parapanamericano\/\" \/>\n<meta property=\"og:site_name\" content=\"Diario Textual\" \/>\n<meta property=\"article:publisher\" content=\"https:\/\/www.facebook.com\/eltextual\" \/>\n<meta property=\"article:published_time\" content=\"2023-06-12T20:24:02+00:00\" \/>\n<meta property=\"article:modified_time\" content=\"2023-06-12T20:24:04+00:00\" \/>\n<meta property=\"og:image\" content=\"https:\/\/diariotextual.com\/inicio\/wp-content\/uploads\/2023\/06\/tenisreconocomiento64375.jpg\" \/>\n\t<meta property=\"og:image:width\" content=\"1179\" \/>\n\t<meta property=\"og:image:height\" content=\"811\" \/>\n\t<meta property=\"og:image:type\" content=\"image\/jpeg\" \/>\n<meta name=\"author\" content=\"diario2\" \/>\n<meta name=\"twitter:card\" content=\"summary_large_image\" \/>\n<meta name=\"twitter:creator\" content=\"@eltextual\" \/>\n<meta name=\"twitter:site\" content=\"@eltextual\" \/>\n<meta name=\"twitter:label1\" content=\"Escrito por\" \/>\n\t<meta name=\"twitter:data1\" content=\"diario2\" \/>\n\t<meta name=\"twitter:label2\" content=\"Tiempo de lectura\" \/>\n\t<meta name=\"twitter:data2\" content=\"2 minutos\" \/>\n<script type=\"application\/ld+json\" class=\"yoast-schema-graph\">{\"@context\":\"https:\\\/\\\/schema.org\",\"@graph\":[{\"@type\":\"Article\",\"@id\":\"https:\\\/\\\/diariotextual.com\\\/inicio\\\/index.php\\\/2023\\\/06\\\/12\\\/reconocen-a-tenistas-que-compitieron-en-el-parapanamericano\\\/#article\",\"isPartOf\":{\"@id\":\"https:\\\/\\\/diariotextual.com\\\/inicio\\\/index.php\\\/2023\\\/06\\\/12\\\/reconocen-a-tenistas-que-compitieron-en-el-parapanamericano\\\/\"},\"author\":{\"name\":\"diario2\",\"@id\":\"https:\\\/\\\/diariotextual.com\\\/inicio\\\/#\\\/schema\\\/person\\\/694f60677f23c4a530867a98f22b3768\"},\"headline\":\"Reconocen a tenistas que compitieron en el ParaPanamericano\",\"datePublished\":\"2023-06-12T20:24:02+00:00\",\"dateModified\":\"2023-06-12T20:24:04+00:00\",\"mainEntityOfPage\":{\"@id\":\"https:\\\/\\\/diariotextual.com\\\/inicio\\\/index.php\\\/2023\\\/06\\\/12\\\/reconocen-a-tenistas-que-compitieron-en-el-parapanamericano\\\/\"},\"wordCount\":320,\"publisher\":{\"@id\":\"https:\\\/\\\/diariotextual.com\\\/inicio\\\/#organization\"},\"image\":{\"@id\":\"https:\\\/\\\/diariotextual.com\\\/inicio\\\/index.php\\\/2023\\\/06\\\/12\\\/reconocen-a-tenistas-que-compitieron-en-el-parapanamericano\\\/#primaryimage\"},\"thumbnailUrl\":\"https:\\\/\\\/diariotextual.com\\\/inicio\\\/wp-content\\\/uploads\\\/2023\\\/06\\\/tenisreconocomiento64375.jpg\",\"articleSection\":[\"A - ES NOTICIA (van abajo)\",\"DEPORTES\"],\"inLanguage\":\"es\"},{\"@type\":\"WebPage\",\"@id\":\"https:\\\/\\\/diariotextual.com\\\/inicio\\\/index.php\\\/2023\\\/06\\\/12\\\/reconocen-a-tenistas-que-compitieron-en-el-parapanamericano\\\/\",\"url\":\"https:\\\/\\\/diariotextual.com\\\/inicio\\\/index.php\\\/2023\\\/06\\\/12\\\/reconocen-a-tenistas-que-compitieron-en-el-parapanamericano\\\/\",\"name\":\"Reconocen a tenistas que compitieron en el ParaPanamericano - Diario Textual\",\"isPartOf\":{\"@id\":\"https:\\\/\\\/diariotextual.com\\\/inicio\\\/#website\"},\"primaryImageOfPage\":{\"@id\":\"https:\\\/\\\/diariotextual.com\\\/inicio\\\/index.php\\\/2023\\\/06\\\/12\\\/reconocen-a-tenistas-que-compitieron-en-el-parapanamericano\\\/#primaryimage\"},\"image\":{\"@id\":\"https:\\\/\\\/diariotextual.com\\\/inicio\\\/index.php\\\/2023\\\/06\\\/12\\\/reconocen-a-tenistas-que-compitieron-en-el-parapanamericano\\\/#primaryimage\"},\"thumbnailUrl\":\"https:\\\/\\\/diariotextual.com\\\/inicio\\\/wp-content\\\/uploads\\\/2023\\\/06\\\/tenisreconocomiento64375.jpg\",\"datePublished\":\"2023-06-12T20:24:02+00:00\",\"dateModified\":\"2023-06-12T20:24:04+00:00\",\"breadcrumb\":{\"@id\":\"https:\\\/\\\/diariotextual.com\\\/inicio\\\/index.php\\\/2023\\\/06\\\/12\\\/reconocen-a-tenistas-que-compitieron-en-el-parapanamericano\\\/#breadcrumb\"},\"inLanguage\":\"es\",\"potentialAction\":[{\"@type\":\"ReadAction\",\"target\":[\"https:\\\/\\\/diariotextual.com\\\/inicio\\\/index.php\\\/2023\\\/06\\\/12\\\/reconocen-a-tenistas-que-compitieron-en-el-parapanamericano\\\/\"]}]},{\"@type\":\"ImageObject\",\"inLanguage\":\"es\",\"@id\":\"https:\\\/\\\/diariotextual.com\\\/inicio\\\/index.php\\\/2023\\\/06\\\/12\\\/reconocen-a-tenistas-que-compitieron-en-el-parapanamericano\\\/#primaryimage\",\"url\":\"https:\\\/\\\/diariotextual.com\\\/inicio\\\/wp-content\\\/uploads\\\/2023\\\/06\\\/tenisreconocomiento64375.jpg\",\"contentUrl\":\"https:\\\/\\\/diariotextual.com\\\/inicio\\\/wp-content\\\/uploads\\\/2023\\\/06\\\/tenisreconocomiento64375.jpg\",\"width\":1179,\"height\":811},{\"@type\":\"BreadcrumbList\",\"@id\":\"https:\\\/\\\/diariotextual.com\\\/inicio\\\/index.php\\\/2023\\\/06\\\/12\\\/reconocen-a-tenistas-que-compitieron-en-el-parapanamericano\\\/#breadcrumb\",\"itemListElement\":[{\"@type\":\"ListItem\",\"position\":1,\"name\":\"Portada\",\"item\":\"https:\\\/\\\/diariotextual.com\\\/inicio\\\/\"},{\"@type\":\"ListItem\",\"position\":2,\"name\":\"Reconocen a tenistas que compitieron en el ParaPanamericano\"}]},{\"@type\":\"WebSite\",\"@id\":\"https:\\\/\\\/diariotextual.com\\\/inicio\\\/#website\",\"url\":\"https:\\\/\\\/diariotextual.com\\\/inicio\\\/\",\"name\":\"Diario Textual\",\"description\":\"\",\"publisher\":{\"@id\":\"https:\\\/\\\/diariotextual.com\\\/inicio\\\/#organization\"},\"potentialAction\":[{\"@type\":\"SearchAction\",\"target\":{\"@type\":\"EntryPoint\",\"urlTemplate\":\"https:\\\/\\\/diariotextual.com\\\/inicio\\\/?s={search_term_string}\"},\"query-input\":{\"@type\":\"PropertyValueSpecification\",\"valueRequired\":true,\"valueName\":\"search_term_string\"}}],\"inLanguage\":\"es\"},{\"@type\":\"Organization\",\"@id\":\"https:\\\/\\\/diariotextual.com\\\/inicio\\\/#organization\",\"name\":\"Diario Textual\",\"url\":\"https:\\\/\\\/diariotextual.com\\\/inicio\\\/\",\"logo\":{\"@type\":\"ImageObject\",\"inLanguage\":\"es\",\"@id\":\"https:\\\/\\\/diariotextual.com\\\/inicio\\\/#\\\/schema\\\/logo\\\/image\\\/\",\"url\":\"https:\\\/\\\/diariotextual.com\\\/inicio\\\/wp-content\\\/uploads\\\/2023\\\/05\\\/logotextual1.jpg\",\"contentUrl\":\"https:\\\/\\\/diariotextual.com\\\/inicio\\\/wp-content\\\/uploads\\\/2023\\\/05\\\/logotextual1.jpg\",\"width\":516,\"height\":76,\"caption\":\"Diario Textual\"},\"image\":{\"@id\":\"https:\\\/\\\/diariotextual.com\\\/inicio\\\/#\\\/schema\\\/logo\\\/image\\\/\"},\"sameAs\":[\"https:\\\/\\\/www.facebook.com\\\/eltextual\",\"https:\\\/\\\/x.com\\\/eltextual\",\"http:\\\/\\\/www.instagram.com\\\/eltextual\"]},{\"@type\":\"Person\",\"@id\":\"https:\\\/\\\/diariotextual.com\\\/inicio\\\/#\\\/schema\\\/person\\\/694f60677f23c4a530867a98f22b3768\",\"name\":\"diario2\",\"image\":{\"@type\":\"ImageObject\",\"inLanguage\":\"es\",\"@id\":\"https:\\\/\\\/secure.gravatar.com\\\/avatar\\\/5a2567495ba16b852fcd8f1ed006a2e24fcace936018ed8237e95f488ad6e0a7?s=96&d=mm&r=g\",\"url\":\"https:\\\/\\\/secure.gravatar.com\\\/avatar\\\/5a2567495ba16b852fcd8f1ed006a2e24fcace936018ed8237e95f488ad6e0a7?s=96&d=mm&r=g\",\"contentUrl\":\"https:\\\/\\\/secure.gravatar.com\\\/avatar\\\/5a2567495ba16b852fcd8f1ed006a2e24fcace936018ed8237e95f488ad6e0a7?s=96&d=mm&r=g\",\"caption\":\"diario2\"},\"url\":\"https:\\\/\\\/diariotextual.com\\\/inicio\\\/index.php\\\/author\\\/diario2\\\/\"}]}<\/script>\n<!-- \/ Yoast SEO plugin. -->","yoast_head_json":{"title":"Reconocen a tenistas que compitieron en el ParaPanamericano - Diario Textual","robots":{"index":"index","follow":"follow","max-snippet":"max-snippet:-1","max-image-preview":"max-image-preview:large","max-video-preview":"max-video-preview:-1"},"canonical":"https:\/\/diariotextual.com\/inicio\/index.php\/2023\/06\/12\/reconocen-a-tenistas-que-compitieron-en-el-parapanamericano\/","og_locale":"es_ES","og_type":"article","og_title":"Reconocen a tenistas que compitieron en el ParaPanamericano - Diario Textual","og_description":"El Gobierno de La Pampa, a trav\u00e9s de la Subsecretar\u00eda de Deportes, Recreaci\u00f3n y Turismo del Ministerio de Desarrollo Social distingui\u00f3 a Fausto Barrientos y Amadeo Orozco por su participaci\u00f3n,&hellip;","og_url":"https:\/\/diariotextual.com\/inicio\/index.php\/2023\/06\/12\/reconocen-a-tenistas-que-compitieron-en-el-parapanamericano\/","og_site_name":"Diario Textual","article_publisher":"https:\/\/www.facebook.com\/eltextual","article_published_time":"2023-06-12T20:24:02+00:00","article_modified_time":"2023-06-12T20:24:04+00:00","og_image":[{"width":1179,"height":811,"url":"https:\/\/diariotextual.com\/inicio\/wp-content\/uploads\/2023\/06\/tenisreconocomiento64375.jpg","type":"image\/jpeg"}],"author":"diario2","twitter_card":"summary_large_image","twitter_creator":"@eltextual","twitter_site":"@eltextual","twitter_misc":{"Escrito por":"diario2","Tiempo de lectura":"2 minutos"},"schema":{"@context":"https:\/\/schema.org","@graph":[{"@type":"Article","@id":"https:\/\/diariotextual.com\/inicio\/index.php\/2023\/06\/12\/reconocen-a-tenistas-que-compitieron-en-el-parapanamericano\/#article","isPartOf":{"@id":"https:\/\/diariotextual.com\/inicio\/index.php\/2023\/06\/12\/reconocen-a-tenistas-que-compitieron-en-el-parapanamericano\/"},"author":{"name":"diario2","@id":"https:\/\/diariotextual.com\/inicio\/#\/schema\/person\/694f60677f23c4a530867a98f22b3768"},"headline":"Reconocen a tenistas que compitieron en el ParaPanamericano","datePublished":"2023-06-12T20:24:02+00:00","dateModified":"2023-06-12T20:24:04+00:00","mainEntityOfPage":{"@id":"https:\/\/diariotextual.com\/inicio\/index.php\/2023\/06\/12\/reconocen-a-tenistas-que-compitieron-en-el-parapanamericano\/"},"wordCount":320,"publisher":{"@id":"https:\/\/diariotextual.com\/inicio\/#organization"},"image":{"@id":"https:\/\/diariotextual.com\/inicio\/index.php\/2023\/06\/12\/reconocen-a-tenistas-que-compitieron-en-el-parapanamericano\/#primaryimage"},"thumbnailUrl":"https:\/\/diariotextual.com\/inicio\/wp-content\/uploads\/2023\/06\/tenisreconocomiento64375.jpg","articleSection":["A - ES NOTICIA (van abajo)","DEPORTES"],"inLanguage":"es"},{"@type":"WebPage","@id":"https:\/\/diariotextual.com\/inicio\/index.php\/2023\/06\/12\/reconocen-a-tenistas-que-compitieron-en-el-parapanamericano\/","url":"https:\/\/diariotextual.com\/inicio\/index.php\/2023\/06\/12\/reconocen-a-tenistas-que-compitieron-en-el-parapanamericano\/","name":"Reconocen a tenistas que compitieron en el ParaPanamericano - Diario Textual","isPartOf":{"@id":"https:\/\/diariotextual.com\/inicio\/#website"},"primaryImageOfPage":{"@id":"https:\/\/diariotextual.com\/inicio\/index.php\/2023\/06\/12\/reconocen-a-tenistas-que-compitieron-en-el-parapanamericano\/#primaryimage"},"image":{"@id":"https:\/\/diariotextual.com\/inicio\/index.php\/2023\/06\/12\/reconocen-a-tenistas-que-compitieron-en-el-parapanamericano\/#primaryimage"},"thumbnailUrl":"https:\/\/diariotextual.com\/inicio\/wp-content\/uploads\/2023\/06\/tenisreconocomiento64375.jpg","datePublished":"2023-06-12T20:24:02+00:00","dateModified":"2023-06-12T20:24:04+00:00","breadcrumb":{"@id":"https:\/\/diariotextual.com\/inicio\/index.php\/2023\/06\/12\/reconocen-a-tenistas-que-compitieron-en-el-parapanamericano\/#breadcrumb"},"inLanguage":"es","potentialAction":[{"@type":"ReadAction","target":["https:\/\/diariotextual.com\/inicio\/index.php\/2023\/06\/12\/reconocen-a-tenistas-que-compitieron-en-el-parapanamericano\/"]}]},{"@type":"ImageObject","inLanguage":"es","@id":"https:\/\/diariotextual.com\/inicio\/index.php\/2023\/06\/12\/reconocen-a-tenistas-que-compitieron-en-el-parapanamericano\/#primaryimage","url":"https:\/\/diariotextual.com\/inicio\/wp-content\/uploads\/2023\/06\/tenisreconocomiento64375.jpg","contentUrl":"https:\/\/diariotextual.com\/inicio\/wp-content\/uploads\/2023\/06\/tenisreconocomiento64375.jpg","width":1179,"height":811},{"@type":"BreadcrumbList","@id":"https:\/\/diariotextual.com\/inicio\/index.php\/2023\/06\/12\/reconocen-a-tenistas-que-compitieron-en-el-parapanamericano\/#breadcrumb","itemListElement":[{"@type":"ListItem","position":1,"name":"Portada","item":"https:\/\/diariotextual.com\/inicio\/"},{"@type":"ListItem","position":2,"name":"Reconocen a tenistas que compitieron en el ParaPanamericano"}]},{"@type":"WebSite","@id":"https:\/\/diariotextual.com\/inicio\/#website","url":"https:\/\/diariotextual.com\/inicio\/","name":"Diario Textual","description":"","publisher":{"@id":"https:\/\/diariotextual.com\/inicio\/#organization"},"potentialAction":[{"@type":"SearchAction","target":{"@type":"EntryPoint","urlTemplate":"https:\/\/diariotextual.com\/inicio\/?s={search_term_string}"},"query-input":{"@type":"PropertyValueSpecification","valueRequired":true,"valueName":"search_term_string"}}],"inLanguage":"es"},{"@type":"Organization","@id":"https:\/\/diariotextual.com\/inicio\/#organization","name":"Diario Textual","url":"https:\/\/diariotextual.com\/inicio\/","logo":{"@type":"ImageObject","inLanguage":"es","@id":"https:\/\/diariotextual.com\/inicio\/#\/schema\/logo\/image\/","url":"https:\/\/diariotextual.com\/inicio\/wp-content\/uploads\/2023\/05\/logotextual1.jpg","contentUrl":"https:\/\/diariotextual.com\/inicio\/wp-content\/uploads\/2023\/05\/logotextual1.jpg","width":516,"height":76,"caption":"Diario Textual"},"image":{"@id":"https:\/\/diariotextual.com\/inicio\/#\/schema\/logo\/image\/"},"sameAs":["https:\/\/www.facebook.com\/eltextual","https:\/\/x.com\/eltextual","http:\/\/www.instagram.com\/eltextual"]},{"@type":"Person","@id":"https:\/\/diariotextual.com\/inicio\/#\/schema\/person\/694f60677f23c4a530867a98f22b3768","name":"diario2","image":{"@type":"ImageObject","inLanguage":"es","@id":"https:\/\/secure.gravatar.com\/avatar\/5a2567495ba16b852fcd8f1ed006a2e24fcace936018ed8237e95f488ad6e0a7?s=96&d=mm&r=g","url":"https:\/\/secure.gravatar.com\/avatar\/5a2567495ba16b852fcd8f1ed006a2e24fcace936018ed8237e95f488ad6e0a7?s=96&d=mm&r=g","contentUrl":"https:\/\/secure.gravatar.com\/avatar\/5a2567495ba16b852fcd8f1ed006a2e24fcace936018ed8237e95f488ad6e0a7?s=96&d=mm&r=g","caption":"diario2"},"url":"https:\/\/diariotextual.com\/inicio\/index.php\/author\/diario2\/"}]}},"_links":{"self":[{"href":"https:\/\/diariotextual.com\/inicio\/index.php\/wp-json\/wp\/v2\/posts\/228228","targetHints":{"allow":["GET"]}}],"collection":[{"href":"https:\/\/diariotextual.com\/inicio\/index.php\/wp-json\/wp\/v2\/posts"}],"about":[{"href":"https:\/\/diariotextual.com\/inicio\/index.php\/wp-json\/wp\/v2\/types\/post"}],"author":[{"embeddable":true,"href":"https:\/\/diariotextual.com\/inicio\/index.php\/wp-json\/wp\/v2\/users\/4"}],"replies":[{"embeddable":true,"href":"https:\/\/diariotextual.com\/inicio\/index.php\/wp-json\/wp\/v2\/comments?post=228228"}],"version-history":[{"count":1,"href":"https:\/\/diariotextual.com\/inicio\/index.php\/wp-json\/wp\/v2\/posts\/228228\/revisions"}],"predecessor-version":[{"id":228230,"href":"https:\/\/diariotextual.com\/inicio\/index.php\/wp-json\/wp\/v2\/posts\/228228\/revisions\/228230"}],"wp:featuredmedia":[{"embeddable":true,"href":"https:\/\/diariotextual.com\/inicio\/index.php\/wp-json\/wp\/v2\/media\/228229"}],"wp:attachment":[{"href":"https:\/\/diariotextual.com\/inicio\/index.php\/wp-json\/wp\/v2\/media?parent=228228"}],"wp:term":[{"taxonomy":"category","embeddable":true,"href":"https:\/\/diariotextual.com\/inicio\/index.php\/wp-json\/wp\/v2\/categories?post=228228"},{"taxonomy":"post_tag","embeddable":true,"href":"https:\/\/diariotextual.com\/inicio\/index.php\/wp-json\/wp\/v2\/tags?post=228228"}],"curies":[{"name":"wp","href":"https:\/\/api.w.org\/{rel}","templated":true}]}}