{"id":228231,"date":"2023-06-12T17:28:53","date_gmt":"2023-06-12T20:28:53","guid":{"rendered":"https:\/\/diariotextual.com\/inicio\/?p=228231"},"modified":"2023-06-12T20:48:22","modified_gmt":"2023-06-12T23:48:22","slug":"la-juez-capuchetti-elevo-a-juicio-oral-la-causa-por-el-atentado-contra-cristina","status":"publish","type":"post","link":"https:\/\/diariotextual.com\/inicio\/index.php\/2023\/06\/12\/la-juez-capuchetti-elevo-a-juicio-oral-la-causa-por-el-atentado-contra-cristina\/","title":{"rendered":"La jueza Capuchetti elev\u00f3 a juicio oral la causa por el atentado contra Cristina"},"content":{"rendered":"\n<p>La jueza federal <strong>Mar\u00eda Eugenia Capuchetti<\/strong> elev\u00f3 a juicio oral este mediod\u00eda la causa por el <strong>intento de magnicidio contra Cristiana Fern\u00e1ndez de Kirchner, con s\u00f3lo tres acusados.<\/strong><\/p>\n\n\n\n<p>Lo hizo, pese a la oposici\u00f3n manifestada por los abogados de la vicepresidenta, Jos\u00e9 Ubeira y Marcos Aldaz\u00e1bal, y dejando \u2013en lo formal- abierta la posibilidad de seguir investigando otras eventuales implicancias y responsabilidades.<\/p>\n\n\n\n<p>La jueza dio por \u201cparcialmente clausurada\u201d la investigaci\u00f3n y mand\u00f3 a juicio a <strong>Fernando Sabag Montiel, Brenda Uliarte y Gabriel Carrizo,<\/strong> los tres \u00fanicos detenidos que tiene la causa.<\/p>\n\n\n\n<p>\u201cSe han recibido formalmente los impulsos de las acusaciones p\u00fablica y privada (esta \u00faltima a trav\u00e9s de un planteo subsidiario), para avanzar a la etapa de debate\u201d, justific\u00f3 la jueza la elevaci\u00f3n del expediente a juicio.<\/p>\n\n\n\n<p>Capuchetti rechaz\u00f3 los planteos de la vicepresidenta, quien consider\u00f3 que la instrucci\u00f3n est\u00e1 incompleta y que no se han explorado varias l\u00edneas de investigaci\u00f3n que conducen hacia otros potenciales imputados.<\/p>\n\n\n\n<p>\u201cDe la lectura de las diligencias que, a criterio de la parte querellante, deber\u00edan sustanciarse de forma previa a someter a juicio a las tres personas que se encuentran detenidas y procesadas en esta causa, se advierte que se vinculan en su totalidad a cuestiones ya evacuadas o que, en su defecto, en nada se vinculan a dichos imputados\u201d, refut\u00f3 la jueza.<\/p>\n\n\n\n<p><strong>\u201cLa oposici\u00f3n a la elevaci\u00f3n de la causa en lo que hace a Sabag Montiel, Uliarte y Carrizo, en base a un supuesto detrimento de la b\u00fasqueda de la verdad por desdoblamiento de la instrucci\u00f3n, no habr\u00e1 de prosperar\u201d,<\/strong> a\u00f1adi\u00f3.<\/p>\n\n\n\n<p>Capuchetti explic\u00f3 que acat\u00f3 un fallo de la C\u00e1mara que urgi\u00f3 la realizaci\u00f3n del juicio: \u201ccon apoyo en el criterio de la Alzada, que se comparte en esta instancia, y a fin de garantizar el derecho de los imputados a ser juzgados sin dilaciones indebidas, no habr\u00e1 de hacerse lugar a la oposici\u00f3n de elevaci\u00f3n a juicio planteada por la parte querellante\u201d.<\/p>\n\n\n\n<p>El rechazo fue explicado en que \u201clas medidas o las hip\u00f3tesis investigativas arrimadas por las partes han merecido el correspondiente tratamiento\u201d y en ese escenario, \u201caun sustanci\u00e1ndose numerosas medidas, algunas de particular injerencia en la esfera privada de las personas (allanamientos, secuestros y requisas), no se han podido reunir elementos objetivos de contundencia que permitan superar el terreno de la mera conjetura respecto de las hip\u00f3tesis que aqu\u00ed de forma tan enf\u00e1tica se sostienen\u201d.<\/p>\n\n\n\n<p>La jueza dej\u00f3 abierta, no obstante,&nbsp;la posibilidad de seguir investigando pero resalt\u00f3 la necesidad de \u201csuperar la etapa de instrucci\u00f3n en torno a las personas que se encuentran detenidas, mientras que se contin\u00faa profundizando, en paralelo, en relaci\u00f3n a las l\u00edneas de investigaci\u00f3n pendientes (o aquellas que pudieran surgir a sugerencia de cualquiera de las partes, o de terceras personas)\u201d.<\/p>\n\n\n\n<p>Pero anticip\u00f3 que ni ella, ni el fiscal Carlos R\u00edvolo, encontraron hasta ahora nada que exceda la responsabilidad de los \u00fanicos tres detenidos.<\/p>\n\n\n\n<p>De hecho, Capuchetti cit\u00f3 el dictamen de R\u00edvolo en el que expres\u00f3 que \u201cal menos hasta este momento y luego de haberse producido numerosas medidas tanto por esta Fiscal\u00eda como por la Procuradur\u00eda de Criminalidad Econ\u00f3mica y Lavado de Activos (PROCELAC), no se ha podido corroborar, tanto que el ataque investigado haya requerido de una financiaci\u00f3n espec\u00edfica, como que los imputados hubieren recibido financiaci\u00f3n externa o pago alguno para llevarlo adelante\u201d.<\/p>\n\n\n\n<p>\u201cSe impone un r\u00e1pido avance a la siguiente etapa. M\u00e1xime ello, teniendo en cuenta que las \u00faltimas diligencias probatorias que se han venido sustanciando no se relacionan estrictamente a la participaci\u00f3n de los tres procesados\u201d, resumi\u00f3.<\/p>\n\n\n\n<p>Capuchetti volvi\u00f3 a quejarse de las objeciones a su actuaci\u00f3n que manifest\u00f3 la querella, a cuyos abogados les reproch\u00f3 que \u201cexpresaron inapropiadamente&nbsp; reparos para con la actuaci\u00f3n de la suscripta\u201d.<\/p>\n","protected":false},"excerpt":{"rendered":"<p>La jueza federal Mar\u00eda Eugenia Capuchetti elev\u00f3 a juicio oral este mediod\u00eda la causa por el intento de magnicidio contra Cristiana Fern\u00e1ndez de Kirchner, con s\u00f3lo tres acusados. Lo hizo,&hellip;<\/p>\n","protected":false},"author":4,"featured_media":198927,"comment_status":"closed","ping_status":"open","sticky":false,"template":"","format":"standard","meta":{"_acf_changed":false,"footnotes":""},"categories":[1,8],"tags":[],"class_list":["post-228231","post","type-post","status-publish","format-standard","has-post-thumbnail","hentry","category-es-noticia","category-politica"],"acf":[],"yoast_head":"<!-- This site is optimized with the Yoast SEO plugin v27.5 - https:\/\/yoast.com\/product\/yoast-seo-wordpress\/ -->\n<title>La jueza Capuchetti elev\u00f3 a juicio oral la causa por el atentado contra Cristina - Diario Textual<\/title>\n<meta name=\"robots\" content=\"index, follow, max-snippet:-1, max-image-preview:large, max-video-preview:-1\" \/>\n<link rel=\"canonical\" href=\"https:\/\/diariotextual.com\/inicio\/index.php\/2023\/06\/12\/la-juez-capuchetti-elevo-a-juicio-oral-la-causa-por-el-atentado-contra-cristina\/\" \/>\n<meta property=\"og:locale\" content=\"es_ES\" \/>\n<meta property=\"og:type\" content=\"article\" \/>\n<meta property=\"og:title\" content=\"La jueza Capuchetti elev\u00f3 a juicio oral la causa por el atentado contra Cristina - Diario Textual\" \/>\n<meta property=\"og:description\" content=\"La jueza federal Mar\u00eda Eugenia Capuchetti elev\u00f3 a juicio oral este mediod\u00eda la causa por el intento de magnicidio contra Cristiana Fern\u00e1ndez de Kirchner, con s\u00f3lo tres acusados. Lo hizo,&hellip;\" \/>\n<meta property=\"og:url\" content=\"https:\/\/diariotextual.com\/inicio\/index.php\/2023\/06\/12\/la-juez-capuchetti-elevo-a-juicio-oral-la-causa-por-el-atentado-contra-cristina\/\" \/>\n<meta property=\"og:site_name\" content=\"Diario Textual\" \/>\n<meta property=\"article:publisher\" content=\"https:\/\/www.facebook.com\/eltextual\" \/>\n<meta property=\"article:published_time\" content=\"2023-06-12T20:28:53+00:00\" \/>\n<meta property=\"article:modified_time\" content=\"2023-06-12T23:48:22+00:00\" \/>\n<meta property=\"og:image\" content=\"https:\/\/diariotextual.com\/inicio\/wp-content\/uploads\/2022\/09\/fernandezcristinaarmaintentoasesinatomagnicidio2022textual-8.png\" \/>\n\t<meta property=\"og:image:width\" content=\"921\" \/>\n\t<meta property=\"og:image:height\" content=\"424\" \/>\n\t<meta property=\"og:image:type\" content=\"image\/png\" \/>\n<meta name=\"author\" content=\"diario2\" \/>\n<meta name=\"twitter:card\" content=\"summary_large_image\" \/>\n<meta name=\"twitter:creator\" content=\"@eltextual\" \/>\n<meta name=\"twitter:site\" content=\"@eltextual\" \/>\n<meta name=\"twitter:label1\" content=\"Escrito por\" \/>\n\t<meta name=\"twitter:data1\" content=\"diario2\" \/>\n<script type=\"application\/ld+json\" class=\"yoast-schema-graph\">{\"@context\":\"https:\\\/\\\/schema.org\",\"@graph\":[{\"@type\":\"Article\",\"@id\":\"https:\\\/\\\/diariotextual.com\\\/inicio\\\/index.php\\\/2023\\\/06\\\/12\\\/la-juez-capuchetti-elevo-a-juicio-oral-la-causa-por-el-atentado-contra-cristina\\\/#article\",\"isPartOf\":{\"@id\":\"https:\\\/\\\/diariotextual.com\\\/inicio\\\/index.php\\\/2023\\\/06\\\/12\\\/la-juez-capuchetti-elevo-a-juicio-oral-la-causa-por-el-atentado-contra-cristina\\\/\"},\"author\":{\"name\":\"diario2\",\"@id\":\"https:\\\/\\\/diariotextual.com\\\/inicio\\\/#\\\/schema\\\/person\\\/694f60677f23c4a530867a98f22b3768\"},\"headline\":\"La jueza Capuchetti elev\u00f3 a juicio oral la causa por el atentado contra Cristina\",\"datePublished\":\"2023-06-12T20:28:53+00:00\",\"dateModified\":\"2023-06-12T23:48:22+00:00\",\"mainEntityOfPage\":{\"@id\":\"https:\\\/\\\/diariotextual.com\\\/inicio\\\/index.php\\\/2023\\\/06\\\/12\\\/la-juez-capuchetti-elevo-a-juicio-oral-la-causa-por-el-atentado-contra-cristina\\\/\"},\"wordCount\":677,\"publisher\":{\"@id\":\"https:\\\/\\\/diariotextual.com\\\/inicio\\\/#organization\"},\"image\":{\"@id\":\"https:\\\/\\\/diariotextual.com\\\/inicio\\\/index.php\\\/2023\\\/06\\\/12\\\/la-juez-capuchetti-elevo-a-juicio-oral-la-causa-por-el-atentado-contra-cristina\\\/#primaryimage\"},\"thumbnailUrl\":\"https:\\\/\\\/diariotextual.com\\\/inicio\\\/wp-content\\\/uploads\\\/2022\\\/09\\\/fernandezcristinaarmaintentoasesinatomagnicidio2022textual-8.png\",\"articleSection\":[\"A - ES NOTICIA (van abajo)\",\"POLITICA\"],\"inLanguage\":\"es\"},{\"@type\":\"WebPage\",\"@id\":\"https:\\\/\\\/diariotextual.com\\\/inicio\\\/index.php\\\/2023\\\/06\\\/12\\\/la-juez-capuchetti-elevo-a-juicio-oral-la-causa-por-el-atentado-contra-cristina\\\/\",\"url\":\"https:\\\/\\\/diariotextual.com\\\/inicio\\\/index.php\\\/2023\\\/06\\\/12\\\/la-juez-capuchetti-elevo-a-juicio-oral-la-causa-por-el-atentado-contra-cristina\\\/\",\"name\":\"La jueza Capuchetti elev\u00f3 a juicio oral la causa por el atentado contra Cristina - Diario Textual\",\"isPartOf\":{\"@id\":\"https:\\\/\\\/diariotextual.com\\\/inicio\\\/#website\"},\"primaryImageOfPage\":{\"@id\":\"https:\\\/\\\/diariotextual.com\\\/inicio\\\/index.php\\\/2023\\\/06\\\/12\\\/la-juez-capuchetti-elevo-a-juicio-oral-la-causa-por-el-atentado-contra-cristina\\\/#primaryimage\"},\"image\":{\"@id\":\"https:\\\/\\\/diariotextual.com\\\/inicio\\\/index.php\\\/2023\\\/06\\\/12\\\/la-juez-capuchetti-elevo-a-juicio-oral-la-causa-por-el-atentado-contra-cristina\\\/#primaryimage\"},\"thumbnailUrl\":\"https:\\\/\\\/diariotextual.com\\\/inicio\\\/wp-content\\\/uploads\\\/2022\\\/09\\\/fernandezcristinaarmaintentoasesinatomagnicidio2022textual-8.png\",\"datePublished\":\"2023-06-12T20:28:53+00:00\",\"dateModified\":\"2023-06-12T23:48:22+00:00\",\"breadcrumb\":{\"@id\":\"https:\\\/\\\/diariotextual.com\\\/inicio\\\/index.php\\\/2023\\\/06\\\/12\\\/la-juez-capuchetti-elevo-a-juicio-oral-la-causa-por-el-atentado-contra-cristina\\\/#breadcrumb\"},\"inLanguage\":\"es\",\"potentialAction\":[{\"@type\":\"ReadAction\",\"target\":[\"https:\\\/\\\/diariotextual.com\\\/inicio\\\/index.php\\\/2023\\\/06\\\/12\\\/la-juez-capuchetti-elevo-a-juicio-oral-la-causa-por-el-atentado-contra-cristina\\\/\"]}]},{\"@type\":\"ImageObject\",\"inLanguage\":\"es\",\"@id\":\"https:\\\/\\\/diariotextual.com\\\/inicio\\\/index.php\\\/2023\\\/06\\\/12\\\/la-juez-capuchetti-elevo-a-juicio-oral-la-causa-por-el-atentado-contra-cristina\\\/#primaryimage\",\"url\":\"https:\\\/\\\/diariotextual.com\\\/inicio\\\/wp-content\\\/uploads\\\/2022\\\/09\\\/fernandezcristinaarmaintentoasesinatomagnicidio2022textual-8.png\",\"contentUrl\":\"https:\\\/\\\/diariotextual.com\\\/inicio\\\/wp-content\\\/uploads\\\/2022\\\/09\\\/fernandezcristinaarmaintentoasesinatomagnicidio2022textual-8.png\",\"width\":921,\"height\":424},{\"@type\":\"BreadcrumbList\",\"@id\":\"https:\\\/\\\/diariotextual.com\\\/inicio\\\/index.php\\\/2023\\\/06\\\/12\\\/la-juez-capuchetti-elevo-a-juicio-oral-la-causa-por-el-atentado-contra-cristina\\\/#breadcrumb\",\"itemListElement\":[{\"@type\":\"ListItem\",\"position\":1,\"name\":\"Portada\",\"item\":\"https:\\\/\\\/diariotextual.com\\\/inicio\\\/\"},{\"@type\":\"ListItem\",\"position\":2,\"name\":\"La jueza Capuchetti elev\u00f3 a juicio oral la causa por el atentado contra Cristina\"}]},{\"@type\":\"WebSite\",\"@id\":\"https:\\\/\\\/diariotextual.com\\\/inicio\\\/#website\",\"url\":\"https:\\\/\\\/diariotextual.com\\\/inicio\\\/\",\"name\":\"Diario Textual\",\"description\":\"\",\"publisher\":{\"@id\":\"https:\\\/\\\/diariotextual.com\\\/inicio\\\/#organization\"},\"potentialAction\":[{\"@type\":\"SearchAction\",\"target\":{\"@type\":\"EntryPoint\",\"urlTemplate\":\"https:\\\/\\\/diariotextual.com\\\/inicio\\\/?s={search_term_string}\"},\"query-input\":{\"@type\":\"PropertyValueSpecification\",\"valueRequired\":true,\"valueName\":\"search_term_string\"}}],\"inLanguage\":\"es\"},{\"@type\":\"Organization\",\"@id\":\"https:\\\/\\\/diariotextual.com\\\/inicio\\\/#organization\",\"name\":\"Diario Textual\",\"url\":\"https:\\\/\\\/diariotextual.com\\\/inicio\\\/\",\"logo\":{\"@type\":\"ImageObject\",\"inLanguage\":\"es\",\"@id\":\"https:\\\/\\\/diariotextual.com\\\/inicio\\\/#\\\/schema\\\/logo\\\/image\\\/\",\"url\":\"https:\\\/\\\/diariotextual.com\\\/inicio\\\/wp-content\\\/uploads\\\/2023\\\/05\\\/logotextual1.jpg\",\"contentUrl\":\"https:\\\/\\\/diariotextual.com\\\/inicio\\\/wp-content\\\/uploads\\\/2023\\\/05\\\/logotextual1.jpg\",\"width\":516,\"height\":76,\"caption\":\"Diario Textual\"},\"image\":{\"@id\":\"https:\\\/\\\/diariotextual.com\\\/inicio\\\/#\\\/schema\\\/logo\\\/image\\\/\"},\"sameAs\":[\"https:\\\/\\\/www.facebook.com\\\/eltextual\",\"https:\\\/\\\/x.com\\\/eltextual\",\"http:\\\/\\\/www.instagram.com\\\/eltextual\"]},{\"@type\":\"Person\",\"@id\":\"https:\\\/\\\/diariotextual.com\\\/inicio\\\/#\\\/schema\\\/person\\\/694f60677f23c4a530867a98f22b3768\",\"name\":\"diario2\",\"image\":{\"@type\":\"ImageObject\",\"inLanguage\":\"es\",\"@id\":\"https:\\\/\\\/secure.gravatar.com\\\/avatar\\\/5a2567495ba16b852fcd8f1ed006a2e24fcace936018ed8237e95f488ad6e0a7?s=96&d=mm&r=g\",\"url\":\"https:\\\/\\\/secure.gravatar.com\\\/avatar\\\/5a2567495ba16b852fcd8f1ed006a2e24fcace936018ed8237e95f488ad6e0a7?s=96&d=mm&r=g\",\"contentUrl\":\"https:\\\/\\\/secure.gravatar.com\\\/avatar\\\/5a2567495ba16b852fcd8f1ed006a2e24fcace936018ed8237e95f488ad6e0a7?s=96&d=mm&r=g\",\"caption\":\"diario2\"},\"url\":\"https:\\\/\\\/diariotextual.com\\\/inicio\\\/index.php\\\/author\\\/diario2\\\/\"}]}<\/script>\n<!-- \/ Yoast SEO plugin. -->","yoast_head_json":{"title":"La jueza Capuchetti elev\u00f3 a juicio oral la causa por el atentado contra Cristina - Diario Textual","robots":{"index":"index","follow":"follow","max-snippet":"max-snippet:-1","max-image-preview":"max-image-preview:large","max-video-preview":"max-video-preview:-1"},"canonical":"https:\/\/diariotextual.com\/inicio\/index.php\/2023\/06\/12\/la-juez-capuchetti-elevo-a-juicio-oral-la-causa-por-el-atentado-contra-cristina\/","og_locale":"es_ES","og_type":"article","og_title":"La jueza Capuchetti elev\u00f3 a juicio oral la causa por el atentado contra Cristina - Diario Textual","og_description":"La jueza federal Mar\u00eda Eugenia Capuchetti elev\u00f3 a juicio oral este mediod\u00eda la causa por el intento de magnicidio contra Cristiana Fern\u00e1ndez de Kirchner, con s\u00f3lo tres acusados. Lo hizo,&hellip;","og_url":"https:\/\/diariotextual.com\/inicio\/index.php\/2023\/06\/12\/la-juez-capuchetti-elevo-a-juicio-oral-la-causa-por-el-atentado-contra-cristina\/","og_site_name":"Diario Textual","article_publisher":"https:\/\/www.facebook.com\/eltextual","article_published_time":"2023-06-12T20:28:53+00:00","article_modified_time":"2023-06-12T23:48:22+00:00","og_image":[{"width":921,"height":424,"url":"https:\/\/diariotextual.com\/inicio\/wp-content\/uploads\/2022\/09\/fernandezcristinaarmaintentoasesinatomagnicidio2022textual-8.png","type":"image\/png"}],"author":"diario2","twitter_card":"summary_large_image","twitter_creator":"@eltextual","twitter_site":"@eltextual","twitter_misc":{"Escrito por":"diario2"},"schema":{"@context":"https:\/\/schema.org","@graph":[{"@type":"Article","@id":"https:\/\/diariotextual.com\/inicio\/index.php\/2023\/06\/12\/la-juez-capuchetti-elevo-a-juicio-oral-la-causa-por-el-atentado-contra-cristina\/#article","isPartOf":{"@id":"https:\/\/diariotextual.com\/inicio\/index.php\/2023\/06\/12\/la-juez-capuchetti-elevo-a-juicio-oral-la-causa-por-el-atentado-contra-cristina\/"},"author":{"name":"diario2","@id":"https:\/\/diariotextual.com\/inicio\/#\/schema\/person\/694f60677f23c4a530867a98f22b3768"},"headline":"La jueza Capuchetti elev\u00f3 a juicio oral la causa por el atentado contra Cristina","datePublished":"2023-06-12T20:28:53+00:00","dateModified":"2023-06-12T23:48:22+00:00","mainEntityOfPage":{"@id":"https:\/\/diariotextual.com\/inicio\/index.php\/2023\/06\/12\/la-juez-capuchetti-elevo-a-juicio-oral-la-causa-por-el-atentado-contra-cristina\/"},"wordCount":677,"publisher":{"@id":"https:\/\/diariotextual.com\/inicio\/#organization"},"image":{"@id":"https:\/\/diariotextual.com\/inicio\/index.php\/2023\/06\/12\/la-juez-capuchetti-elevo-a-juicio-oral-la-causa-por-el-atentado-contra-cristina\/#primaryimage"},"thumbnailUrl":"https:\/\/diariotextual.com\/inicio\/wp-content\/uploads\/2022\/09\/fernandezcristinaarmaintentoasesinatomagnicidio2022textual-8.png","articleSection":["A - ES NOTICIA (van abajo)","POLITICA"],"inLanguage":"es"},{"@type":"WebPage","@id":"https:\/\/diariotextual.com\/inicio\/index.php\/2023\/06\/12\/la-juez-capuchetti-elevo-a-juicio-oral-la-causa-por-el-atentado-contra-cristina\/","url":"https:\/\/diariotextual.com\/inicio\/index.php\/2023\/06\/12\/la-juez-capuchetti-elevo-a-juicio-oral-la-causa-por-el-atentado-contra-cristina\/","name":"La jueza Capuchetti elev\u00f3 a juicio oral la causa por el atentado contra Cristina - Diario Textual","isPartOf":{"@id":"https:\/\/diariotextual.com\/inicio\/#website"},"primaryImageOfPage":{"@id":"https:\/\/diariotextual.com\/inicio\/index.php\/2023\/06\/12\/la-juez-capuchetti-elevo-a-juicio-oral-la-causa-por-el-atentado-contra-cristina\/#primaryimage"},"image":{"@id":"https:\/\/diariotextual.com\/inicio\/index.php\/2023\/06\/12\/la-juez-capuchetti-elevo-a-juicio-oral-la-causa-por-el-atentado-contra-cristina\/#primaryimage"},"thumbnailUrl":"https:\/\/diariotextual.com\/inicio\/wp-content\/uploads\/2022\/09\/fernandezcristinaarmaintentoasesinatomagnicidio2022textual-8.png","datePublished":"2023-06-12T20:28:53+00:00","dateModified":"2023-06-12T23:48:22+00:00","breadcrumb":{"@id":"https:\/\/diariotextual.com\/inicio\/index.php\/2023\/06\/12\/la-juez-capuchetti-elevo-a-juicio-oral-la-causa-por-el-atentado-contra-cristina\/#breadcrumb"},"inLanguage":"es","potentialAction":[{"@type":"ReadAction","target":["https:\/\/diariotextual.com\/inicio\/index.php\/2023\/06\/12\/la-juez-capuchetti-elevo-a-juicio-oral-la-causa-por-el-atentado-contra-cristina\/"]}]},{"@type":"ImageObject","inLanguage":"es","@id":"https:\/\/diariotextual.com\/inicio\/index.php\/2023\/06\/12\/la-juez-capuchetti-elevo-a-juicio-oral-la-causa-por-el-atentado-contra-cristina\/#primaryimage","url":"https:\/\/diariotextual.com\/inicio\/wp-content\/uploads\/2022\/09\/fernandezcristinaarmaintentoasesinatomagnicidio2022textual-8.png","contentUrl":"https:\/\/diariotextual.com\/inicio\/wp-content\/uploads\/2022\/09\/fernandezcristinaarmaintentoasesinatomagnicidio2022textual-8.png","width":921,"height":424},{"@type":"BreadcrumbList","@id":"https:\/\/diariotextual.com\/inicio\/index.php\/2023\/06\/12\/la-juez-capuchetti-elevo-a-juicio-oral-la-causa-por-el-atentado-contra-cristina\/#breadcrumb","itemListElement":[{"@type":"ListItem","position":1,"name":"Portada","item":"https:\/\/diariotextual.com\/inicio\/"},{"@type":"ListItem","position":2,"name":"La jueza Capuchetti elev\u00f3 a juicio oral la causa por el atentado contra Cristina"}]},{"@type":"WebSite","@id":"https:\/\/diariotextual.com\/inicio\/#website","url":"https:\/\/diariotextual.com\/inicio\/","name":"Diario Textual","description":"","publisher":{"@id":"https:\/\/diariotextual.com\/inicio\/#organization"},"potentialAction":[{"@type":"SearchAction","target":{"@type":"EntryPoint","urlTemplate":"https:\/\/diariotextual.com\/inicio\/?s={search_term_string}"},"query-input":{"@type":"PropertyValueSpecification","valueRequired":true,"valueName":"search_term_string"}}],"inLanguage":"es"},{"@type":"Organization","@id":"https:\/\/diariotextual.com\/inicio\/#organization","name":"Diario Textual","url":"https:\/\/diariotextual.com\/inicio\/","logo":{"@type":"ImageObject","inLanguage":"es","@id":"https:\/\/diariotextual.com\/inicio\/#\/schema\/logo\/image\/","url":"https:\/\/diariotextual.com\/inicio\/wp-content\/uploads\/2023\/05\/logotextual1.jpg","contentUrl":"https:\/\/diariotextual.com\/inicio\/wp-content\/uploads\/2023\/05\/logotextual1.jpg","width":516,"height":76,"caption":"Diario Textual"},"image":{"@id":"https:\/\/diariotextual.com\/inicio\/#\/schema\/logo\/image\/"},"sameAs":["https:\/\/www.facebook.com\/eltextual","https:\/\/x.com\/eltextual","http:\/\/www.instagram.com\/eltextual"]},{"@type":"Person","@id":"https:\/\/diariotextual.com\/inicio\/#\/schema\/person\/694f60677f23c4a530867a98f22b3768","name":"diario2","image":{"@type":"ImageObject","inLanguage":"es","@id":"https:\/\/secure.gravatar.com\/avatar\/5a2567495ba16b852fcd8f1ed006a2e24fcace936018ed8237e95f488ad6e0a7?s=96&d=mm&r=g","url":"https:\/\/secure.gravatar.com\/avatar\/5a2567495ba16b852fcd8f1ed006a2e24fcace936018ed8237e95f488ad6e0a7?s=96&d=mm&r=g","contentUrl":"https:\/\/secure.gravatar.com\/avatar\/5a2567495ba16b852fcd8f1ed006a2e24fcace936018ed8237e95f488ad6e0a7?s=96&d=mm&r=g","caption":"diario2"},"url":"https:\/\/diariotextual.com\/inicio\/index.php\/author\/diario2\/"}]}},"_links":{"self":[{"href":"https:\/\/diariotextual.com\/inicio\/index.php\/wp-json\/wp\/v2\/posts\/228231","targetHints":{"allow":["GET"]}}],"collection":[{"href":"https:\/\/diariotextual.com\/inicio\/index.php\/wp-json\/wp\/v2\/posts"}],"about":[{"href":"https:\/\/diariotextual.com\/inicio\/index.php\/wp-json\/wp\/v2\/types\/post"}],"author":[{"embeddable":true,"href":"https:\/\/diariotextual.com\/inicio\/index.php\/wp-json\/wp\/v2\/users\/4"}],"replies":[{"embeddable":true,"href":"https:\/\/diariotextual.com\/inicio\/index.php\/wp-json\/wp\/v2\/comments?post=228231"}],"version-history":[{"count":2,"href":"https:\/\/diariotextual.com\/inicio\/index.php\/wp-json\/wp\/v2\/posts\/228231\/revisions"}],"predecessor-version":[{"id":228233,"href":"https:\/\/diariotextual.com\/inicio\/index.php\/wp-json\/wp\/v2\/posts\/228231\/revisions\/228233"}],"wp:featuredmedia":[{"embeddable":true,"href":"https:\/\/diariotextual.com\/inicio\/index.php\/wp-json\/wp\/v2\/media\/198927"}],"wp:attachment":[{"href":"https:\/\/diariotextual.com\/inicio\/index.php\/wp-json\/wp\/v2\/media?parent=228231"}],"wp:term":[{"taxonomy":"category","embeddable":true,"href":"https:\/\/diariotextual.com\/inicio\/index.php\/wp-json\/wp\/v2\/categories?post=228231"},{"taxonomy":"post_tag","embeddable":true,"href":"https:\/\/diariotextual.com\/inicio\/index.php\/wp-json\/wp\/v2\/tags?post=228231"}],"curies":[{"name":"wp","href":"https:\/\/api.w.org\/{rel}","templated":true}]}}