{"id":228258,"date":"2023-06-12T22:11:13","date_gmt":"2023-06-13T01:11:13","guid":{"rendered":"https:\/\/diariotextual.com\/inicio\/?p=228258"},"modified":"2023-06-13T10:54:20","modified_gmt":"2023-06-13T13:54:20","slug":"nueva-convocatoria-para-empresas-en-el-polo-tecnologico-la-incubacion-podra-ser-virtual","status":"publish","type":"post","link":"https:\/\/diariotextual.com\/inicio\/index.php\/2023\/06\/12\/nueva-convocatoria-para-empresas-en-el-polo-tecnologico-la-incubacion-podra-ser-virtual\/","title":{"rendered":"Nueva convocatoria para empresas en el Polo Tecnol\u00f3gico: la incubaci\u00f3n podr\u00e1 ser virtual"},"content":{"rendered":"\n<p>En el marco de una nueva reuni\u00f3n del Consejo de Administraci\u00f3n de la Agencia Pampeana de Ciencias, Tecnolog\u00edas e Innovaci\u00f3n Abierta (Citia), presidida por la ministra de Producci\u00f3n, Fernanda Gonz\u00e1lez, se avanz\u00f3 sobre las<strong> bases y condiciones de una nueva convocatoria para procesos de preincubaci\u00f3n e incubaci\u00f3n en el Polo Cient\u00edfico Tecnol\u00f3gico de La Pampa.<\/strong><br>&nbsp;<br>Se plantearon los objetivos centrales, vectores de desarrollo que se potenciar\u00e1n, formatos de presentaci\u00f3n de las ideas proyectos y criterios de elegibilidad.&nbsp;<\/p>\n\n\n\n<p>\u201cLa nueva convocatoria pone foco en promocionar y fomentar las propuestas de proyectos de base tecnol\u00f3gica que han llegado a las oficinas de la Agencia. Estos proyectos tienen componentes de innovaci\u00f3n tecnol\u00f3gica, requisito necesario para acceder a la instancia de evaluaci\u00f3n\u201d, inform\u00f3 Gonz\u00e1lez.<\/p>\n\n\n\n<p>\u201cEs importante para la Provincia apoyar estas actividades porque buscan al mismo tiempo, generar una transformaci\u00f3n en la sociedad y modernizar la matriz productiva industrial\u201d, coment\u00f3 la ministra Gonz\u00e1lez.<br>&nbsp;<br><strong>Esta nueva convocatoria adoptar\u00eda como novedad para este 2023 una modalidad de incubaci\u00f3n virtual, sin necesidad de radicarse en el Polo con sede en General Pico,<\/strong> permitiendo superar barreras relacionadas con la distancia geogr\u00e1fica.<br>&nbsp;<br>A su vez, en el marco de esta reuni\u00f3n se realiz\u00f3 un balance de las ideas proyectos incubados durante el a\u00f1o 2022. \u201cLas empresas incubadas actualmente, siguen cumpliendo con los pasos necesarios para consolidar procesos estructurales y avanzar en la transici\u00f3n que aporte valor agregado a la trama productiva provincial, lo destacable de esta nueva convocatoria es la virtualidad para el proceso de incubaci\u00f3n de proyectos porque se adapta a la realidad de los convocantes y nos permite como Agencia dar cobertura a proyectos reduciendo la limitaci\u00f3n f\u00edsica\u201d, explic\u00f3 el director de Gobierno del Polo, Fernando Stachiotti.<br>&nbsp;<br>Adem\u00e1s, Stachiotti puso a consideraci\u00f3n durante el encuentro, una propuesta de conformaci\u00f3n para la \u201cRed del Polo\u201d como un espacio para la vinculaci\u00f3n, la articulaci\u00f3n y la asociatividad de diferentes actores y sectores. Esta Red permitir\u00eda contar con diferentes categor\u00edas de empresas e instituciones miembros quienes contar\u00edan con diversos beneficios del Polo.<br>&nbsp;<br>Durante la \u00faltima parte de la reuni\u00f3n se conversaron temas generales vinculados a las acciones y actividades que viene llevando la Agencia en territorio: trayecto formativo en oficios tecnol\u00f3gicos, convenios de asistencia rec\u00edproca, estudios de diferentes tramas productivas, capacitaciones y jornadas varias, etc.<br>&nbsp;<br>Para m\u00e1s informaci\u00f3n se puede visitar la p\u00e1gina web de la Agencia: <strong>citialapampa.ar<\/strong><\/p>\n","protected":false},"excerpt":{"rendered":"<p>En el marco de una nueva reuni\u00f3n del Consejo de Administraci\u00f3n de la Agencia Pampeana de Ciencias, Tecnolog\u00edas e Innovaci\u00f3n Abierta (Citia), presidida por la ministra de Producci\u00f3n, Fernanda Gonz\u00e1lez,&hellip;<\/p>\n","protected":false},"author":4,"featured_media":204616,"comment_status":"closed","ping_status":"open","sticky":false,"template":"","format":"standard","meta":{"_acf_changed":false,"footnotes":""},"categories":[1,12],"tags":[],"class_list":["post-228258","post","type-post","status-publish","format-standard","has-post-thumbnail","hentry","category-es-noticia","category-sociedad"],"acf":[],"yoast_head":"<!-- This site is optimized with the Yoast SEO plugin v27.5 - https:\/\/yoast.com\/product\/yoast-seo-wordpress\/ -->\n<title>Nueva convocatoria para empresas en el Polo Tecnol\u00f3gico: la incubaci\u00f3n podr\u00e1 ser virtual - Diario Textual<\/title>\n<meta name=\"robots\" content=\"index, follow, max-snippet:-1, max-image-preview:large, max-video-preview:-1\" \/>\n<link rel=\"canonical\" href=\"https:\/\/diariotextual.com\/inicio\/index.php\/2023\/06\/12\/nueva-convocatoria-para-empresas-en-el-polo-tecnologico-la-incubacion-podra-ser-virtual\/\" \/>\n<meta property=\"og:locale\" content=\"es_ES\" \/>\n<meta property=\"og:type\" content=\"article\" \/>\n<meta property=\"og:title\" content=\"Nueva convocatoria para empresas en el Polo Tecnol\u00f3gico: la incubaci\u00f3n podr\u00e1 ser virtual - Diario Textual\" \/>\n<meta property=\"og:description\" content=\"En el marco de una nueva reuni\u00f3n del Consejo de Administraci\u00f3n de la Agencia Pampeana de Ciencias, Tecnolog\u00edas e Innovaci\u00f3n Abierta (Citia), presidida por la ministra de Producci\u00f3n, Fernanda Gonz\u00e1lez,&hellip;\" \/>\n<meta property=\"og:url\" content=\"https:\/\/diariotextual.com\/inicio\/index.php\/2023\/06\/12\/nueva-convocatoria-para-empresas-en-el-polo-tecnologico-la-incubacion-podra-ser-virtual\/\" \/>\n<meta property=\"og:site_name\" content=\"Diario Textual\" \/>\n<meta property=\"article:publisher\" content=\"https:\/\/www.facebook.com\/eltextual\" \/>\n<meta property=\"article:published_time\" content=\"2023-06-13T01:11:13+00:00\" \/>\n<meta property=\"article:modified_time\" content=\"2023-06-13T13:54:20+00:00\" \/>\n<meta property=\"og:image\" content=\"https:\/\/diariotextual.com\/inicio\/wp-content\/uploads\/2022\/10\/polotecnologicopico444.jpg\" \/>\n\t<meta property=\"og:image:width\" content=\"1000\" \/>\n\t<meta property=\"og:image:height\" content=\"573\" \/>\n\t<meta property=\"og:image:type\" content=\"image\/jpeg\" \/>\n<meta name=\"author\" content=\"diario2\" \/>\n<meta name=\"twitter:card\" content=\"summary_large_image\" \/>\n<meta name=\"twitter:creator\" content=\"@eltextual\" \/>\n<meta name=\"twitter:site\" content=\"@eltextual\" \/>\n<meta name=\"twitter:label1\" content=\"Escrito por\" \/>\n\t<meta name=\"twitter:data1\" content=\"diario2\" \/>\n\t<meta name=\"twitter:label2\" content=\"Tiempo de lectura\" \/>\n\t<meta name=\"twitter:data2\" content=\"2 minutos\" \/>\n<script type=\"application\/ld+json\" class=\"yoast-schema-graph\">{\"@context\":\"https:\\\/\\\/schema.org\",\"@graph\":[{\"@type\":\"Article\",\"@id\":\"https:\\\/\\\/diariotextual.com\\\/inicio\\\/index.php\\\/2023\\\/06\\\/12\\\/nueva-convocatoria-para-empresas-en-el-polo-tecnologico-la-incubacion-podra-ser-virtual\\\/#article\",\"isPartOf\":{\"@id\":\"https:\\\/\\\/diariotextual.com\\\/inicio\\\/index.php\\\/2023\\\/06\\\/12\\\/nueva-convocatoria-para-empresas-en-el-polo-tecnologico-la-incubacion-podra-ser-virtual\\\/\"},\"author\":{\"name\":\"diario2\",\"@id\":\"https:\\\/\\\/diariotextual.com\\\/inicio\\\/#\\\/schema\\\/person\\\/694f60677f23c4a530867a98f22b3768\"},\"headline\":\"Nueva convocatoria para empresas en el Polo Tecnol\u00f3gico: la incubaci\u00f3n podr\u00e1 ser virtual\",\"datePublished\":\"2023-06-13T01:11:13+00:00\",\"dateModified\":\"2023-06-13T13:54:20+00:00\",\"mainEntityOfPage\":{\"@id\":\"https:\\\/\\\/diariotextual.com\\\/inicio\\\/index.php\\\/2023\\\/06\\\/12\\\/nueva-convocatoria-para-empresas-en-el-polo-tecnologico-la-incubacion-podra-ser-virtual\\\/\"},\"wordCount\":451,\"publisher\":{\"@id\":\"https:\\\/\\\/diariotextual.com\\\/inicio\\\/#organization\"},\"image\":{\"@id\":\"https:\\\/\\\/diariotextual.com\\\/inicio\\\/index.php\\\/2023\\\/06\\\/12\\\/nueva-convocatoria-para-empresas-en-el-polo-tecnologico-la-incubacion-podra-ser-virtual\\\/#primaryimage\"},\"thumbnailUrl\":\"https:\\\/\\\/diariotextual.com\\\/inicio\\\/wp-content\\\/uploads\\\/2022\\\/10\\\/polotecnologicopico444.jpg\",\"articleSection\":[\"A - ES NOTICIA (van abajo)\",\"SOCIEDAD\"],\"inLanguage\":\"es\"},{\"@type\":\"WebPage\",\"@id\":\"https:\\\/\\\/diariotextual.com\\\/inicio\\\/index.php\\\/2023\\\/06\\\/12\\\/nueva-convocatoria-para-empresas-en-el-polo-tecnologico-la-incubacion-podra-ser-virtual\\\/\",\"url\":\"https:\\\/\\\/diariotextual.com\\\/inicio\\\/index.php\\\/2023\\\/06\\\/12\\\/nueva-convocatoria-para-empresas-en-el-polo-tecnologico-la-incubacion-podra-ser-virtual\\\/\",\"name\":\"Nueva convocatoria para empresas en el Polo Tecnol\u00f3gico: la incubaci\u00f3n podr\u00e1 ser virtual - Diario Textual\",\"isPartOf\":{\"@id\":\"https:\\\/\\\/diariotextual.com\\\/inicio\\\/#website\"},\"primaryImageOfPage\":{\"@id\":\"https:\\\/\\\/diariotextual.com\\\/inicio\\\/index.php\\\/2023\\\/06\\\/12\\\/nueva-convocatoria-para-empresas-en-el-polo-tecnologico-la-incubacion-podra-ser-virtual\\\/#primaryimage\"},\"image\":{\"@id\":\"https:\\\/\\\/diariotextual.com\\\/inicio\\\/index.php\\\/2023\\\/06\\\/12\\\/nueva-convocatoria-para-empresas-en-el-polo-tecnologico-la-incubacion-podra-ser-virtual\\\/#primaryimage\"},\"thumbnailUrl\":\"https:\\\/\\\/diariotextual.com\\\/inicio\\\/wp-content\\\/uploads\\\/2022\\\/10\\\/polotecnologicopico444.jpg\",\"datePublished\":\"2023-06-13T01:11:13+00:00\",\"dateModified\":\"2023-06-13T13:54:20+00:00\",\"breadcrumb\":{\"@id\":\"https:\\\/\\\/diariotextual.com\\\/inicio\\\/index.php\\\/2023\\\/06\\\/12\\\/nueva-convocatoria-para-empresas-en-el-polo-tecnologico-la-incubacion-podra-ser-virtual\\\/#breadcrumb\"},\"inLanguage\":\"es\",\"potentialAction\":[{\"@type\":\"ReadAction\",\"target\":[\"https:\\\/\\\/diariotextual.com\\\/inicio\\\/index.php\\\/2023\\\/06\\\/12\\\/nueva-convocatoria-para-empresas-en-el-polo-tecnologico-la-incubacion-podra-ser-virtual\\\/\"]}]},{\"@type\":\"ImageObject\",\"inLanguage\":\"es\",\"@id\":\"https:\\\/\\\/diariotextual.com\\\/inicio\\\/index.php\\\/2023\\\/06\\\/12\\\/nueva-convocatoria-para-empresas-en-el-polo-tecnologico-la-incubacion-podra-ser-virtual\\\/#primaryimage\",\"url\":\"https:\\\/\\\/diariotextual.com\\\/inicio\\\/wp-content\\\/uploads\\\/2022\\\/10\\\/polotecnologicopico444.jpg\",\"contentUrl\":\"https:\\\/\\\/diariotextual.com\\\/inicio\\\/wp-content\\\/uploads\\\/2022\\\/10\\\/polotecnologicopico444.jpg\",\"width\":1000,\"height\":573},{\"@type\":\"BreadcrumbList\",\"@id\":\"https:\\\/\\\/diariotextual.com\\\/inicio\\\/index.php\\\/2023\\\/06\\\/12\\\/nueva-convocatoria-para-empresas-en-el-polo-tecnologico-la-incubacion-podra-ser-virtual\\\/#breadcrumb\",\"itemListElement\":[{\"@type\":\"ListItem\",\"position\":1,\"name\":\"Portada\",\"item\":\"https:\\\/\\\/diariotextual.com\\\/inicio\\\/\"},{\"@type\":\"ListItem\",\"position\":2,\"name\":\"Nueva convocatoria para empresas en el Polo Tecnol\u00f3gico: la incubaci\u00f3n podr\u00e1 ser virtual\"}]},{\"@type\":\"WebSite\",\"@id\":\"https:\\\/\\\/diariotextual.com\\\/inicio\\\/#website\",\"url\":\"https:\\\/\\\/diariotextual.com\\\/inicio\\\/\",\"name\":\"Diario Textual\",\"description\":\"\",\"publisher\":{\"@id\":\"https:\\\/\\\/diariotextual.com\\\/inicio\\\/#organization\"},\"potentialAction\":[{\"@type\":\"SearchAction\",\"target\":{\"@type\":\"EntryPoint\",\"urlTemplate\":\"https:\\\/\\\/diariotextual.com\\\/inicio\\\/?s={search_term_string}\"},\"query-input\":{\"@type\":\"PropertyValueSpecification\",\"valueRequired\":true,\"valueName\":\"search_term_string\"}}],\"inLanguage\":\"es\"},{\"@type\":\"Organization\",\"@id\":\"https:\\\/\\\/diariotextual.com\\\/inicio\\\/#organization\",\"name\":\"Diario Textual\",\"url\":\"https:\\\/\\\/diariotextual.com\\\/inicio\\\/\",\"logo\":{\"@type\":\"ImageObject\",\"inLanguage\":\"es\",\"@id\":\"https:\\\/\\\/diariotextual.com\\\/inicio\\\/#\\\/schema\\\/logo\\\/image\\\/\",\"url\":\"https:\\\/\\\/diariotextual.com\\\/inicio\\\/wp-content\\\/uploads\\\/2023\\\/05\\\/logotextual1.jpg\",\"contentUrl\":\"https:\\\/\\\/diariotextual.com\\\/inicio\\\/wp-content\\\/uploads\\\/2023\\\/05\\\/logotextual1.jpg\",\"width\":516,\"height\":76,\"caption\":\"Diario Textual\"},\"image\":{\"@id\":\"https:\\\/\\\/diariotextual.com\\\/inicio\\\/#\\\/schema\\\/logo\\\/image\\\/\"},\"sameAs\":[\"https:\\\/\\\/www.facebook.com\\\/eltextual\",\"https:\\\/\\\/x.com\\\/eltextual\",\"http:\\\/\\\/www.instagram.com\\\/eltextual\"]},{\"@type\":\"Person\",\"@id\":\"https:\\\/\\\/diariotextual.com\\\/inicio\\\/#\\\/schema\\\/person\\\/694f60677f23c4a530867a98f22b3768\",\"name\":\"diario2\",\"image\":{\"@type\":\"ImageObject\",\"inLanguage\":\"es\",\"@id\":\"https:\\\/\\\/secure.gravatar.com\\\/avatar\\\/5a2567495ba16b852fcd8f1ed006a2e24fcace936018ed8237e95f488ad6e0a7?s=96&d=mm&r=g\",\"url\":\"https:\\\/\\\/secure.gravatar.com\\\/avatar\\\/5a2567495ba16b852fcd8f1ed006a2e24fcace936018ed8237e95f488ad6e0a7?s=96&d=mm&r=g\",\"contentUrl\":\"https:\\\/\\\/secure.gravatar.com\\\/avatar\\\/5a2567495ba16b852fcd8f1ed006a2e24fcace936018ed8237e95f488ad6e0a7?s=96&d=mm&r=g\",\"caption\":\"diario2\"},\"url\":\"https:\\\/\\\/diariotextual.com\\\/inicio\\\/index.php\\\/author\\\/diario2\\\/\"}]}<\/script>\n<!-- \/ Yoast SEO plugin. -->","yoast_head_json":{"title":"Nueva convocatoria para empresas en el Polo Tecnol\u00f3gico: la incubaci\u00f3n podr\u00e1 ser virtual - Diario Textual","robots":{"index":"index","follow":"follow","max-snippet":"max-snippet:-1","max-image-preview":"max-image-preview:large","max-video-preview":"max-video-preview:-1"},"canonical":"https:\/\/diariotextual.com\/inicio\/index.php\/2023\/06\/12\/nueva-convocatoria-para-empresas-en-el-polo-tecnologico-la-incubacion-podra-ser-virtual\/","og_locale":"es_ES","og_type":"article","og_title":"Nueva convocatoria para empresas en el Polo Tecnol\u00f3gico: la incubaci\u00f3n podr\u00e1 ser virtual - Diario Textual","og_description":"En el marco de una nueva reuni\u00f3n del Consejo de Administraci\u00f3n de la Agencia Pampeana de Ciencias, Tecnolog\u00edas e Innovaci\u00f3n Abierta (Citia), presidida por la ministra de Producci\u00f3n, Fernanda Gonz\u00e1lez,&hellip;","og_url":"https:\/\/diariotextual.com\/inicio\/index.php\/2023\/06\/12\/nueva-convocatoria-para-empresas-en-el-polo-tecnologico-la-incubacion-podra-ser-virtual\/","og_site_name":"Diario Textual","article_publisher":"https:\/\/www.facebook.com\/eltextual","article_published_time":"2023-06-13T01:11:13+00:00","article_modified_time":"2023-06-13T13:54:20+00:00","og_image":[{"width":1000,"height":573,"url":"https:\/\/diariotextual.com\/inicio\/wp-content\/uploads\/2022\/10\/polotecnologicopico444.jpg","type":"image\/jpeg"}],"author":"diario2","twitter_card":"summary_large_image","twitter_creator":"@eltextual","twitter_site":"@eltextual","twitter_misc":{"Escrito por":"diario2","Tiempo de lectura":"2 minutos"},"schema":{"@context":"https:\/\/schema.org","@graph":[{"@type":"Article","@id":"https:\/\/diariotextual.com\/inicio\/index.php\/2023\/06\/12\/nueva-convocatoria-para-empresas-en-el-polo-tecnologico-la-incubacion-podra-ser-virtual\/#article","isPartOf":{"@id":"https:\/\/diariotextual.com\/inicio\/index.php\/2023\/06\/12\/nueva-convocatoria-para-empresas-en-el-polo-tecnologico-la-incubacion-podra-ser-virtual\/"},"author":{"name":"diario2","@id":"https:\/\/diariotextual.com\/inicio\/#\/schema\/person\/694f60677f23c4a530867a98f22b3768"},"headline":"Nueva convocatoria para empresas en el Polo Tecnol\u00f3gico: la incubaci\u00f3n podr\u00e1 ser virtual","datePublished":"2023-06-13T01:11:13+00:00","dateModified":"2023-06-13T13:54:20+00:00","mainEntityOfPage":{"@id":"https:\/\/diariotextual.com\/inicio\/index.php\/2023\/06\/12\/nueva-convocatoria-para-empresas-en-el-polo-tecnologico-la-incubacion-podra-ser-virtual\/"},"wordCount":451,"publisher":{"@id":"https:\/\/diariotextual.com\/inicio\/#organization"},"image":{"@id":"https:\/\/diariotextual.com\/inicio\/index.php\/2023\/06\/12\/nueva-convocatoria-para-empresas-en-el-polo-tecnologico-la-incubacion-podra-ser-virtual\/#primaryimage"},"thumbnailUrl":"https:\/\/diariotextual.com\/inicio\/wp-content\/uploads\/2022\/10\/polotecnologicopico444.jpg","articleSection":["A - ES NOTICIA (van abajo)","SOCIEDAD"],"inLanguage":"es"},{"@type":"WebPage","@id":"https:\/\/diariotextual.com\/inicio\/index.php\/2023\/06\/12\/nueva-convocatoria-para-empresas-en-el-polo-tecnologico-la-incubacion-podra-ser-virtual\/","url":"https:\/\/diariotextual.com\/inicio\/index.php\/2023\/06\/12\/nueva-convocatoria-para-empresas-en-el-polo-tecnologico-la-incubacion-podra-ser-virtual\/","name":"Nueva convocatoria para empresas en el Polo Tecnol\u00f3gico: la incubaci\u00f3n podr\u00e1 ser virtual - Diario Textual","isPartOf":{"@id":"https:\/\/diariotextual.com\/inicio\/#website"},"primaryImageOfPage":{"@id":"https:\/\/diariotextual.com\/inicio\/index.php\/2023\/06\/12\/nueva-convocatoria-para-empresas-en-el-polo-tecnologico-la-incubacion-podra-ser-virtual\/#primaryimage"},"image":{"@id":"https:\/\/diariotextual.com\/inicio\/index.php\/2023\/06\/12\/nueva-convocatoria-para-empresas-en-el-polo-tecnologico-la-incubacion-podra-ser-virtual\/#primaryimage"},"thumbnailUrl":"https:\/\/diariotextual.com\/inicio\/wp-content\/uploads\/2022\/10\/polotecnologicopico444.jpg","datePublished":"2023-06-13T01:11:13+00:00","dateModified":"2023-06-13T13:54:20+00:00","breadcrumb":{"@id":"https:\/\/diariotextual.com\/inicio\/index.php\/2023\/06\/12\/nueva-convocatoria-para-empresas-en-el-polo-tecnologico-la-incubacion-podra-ser-virtual\/#breadcrumb"},"inLanguage":"es","potentialAction":[{"@type":"ReadAction","target":["https:\/\/diariotextual.com\/inicio\/index.php\/2023\/06\/12\/nueva-convocatoria-para-empresas-en-el-polo-tecnologico-la-incubacion-podra-ser-virtual\/"]}]},{"@type":"ImageObject","inLanguage":"es","@id":"https:\/\/diariotextual.com\/inicio\/index.php\/2023\/06\/12\/nueva-convocatoria-para-empresas-en-el-polo-tecnologico-la-incubacion-podra-ser-virtual\/#primaryimage","url":"https:\/\/diariotextual.com\/inicio\/wp-content\/uploads\/2022\/10\/polotecnologicopico444.jpg","contentUrl":"https:\/\/diariotextual.com\/inicio\/wp-content\/uploads\/2022\/10\/polotecnologicopico444.jpg","width":1000,"height":573},{"@type":"BreadcrumbList","@id":"https:\/\/diariotextual.com\/inicio\/index.php\/2023\/06\/12\/nueva-convocatoria-para-empresas-en-el-polo-tecnologico-la-incubacion-podra-ser-virtual\/#breadcrumb","itemListElement":[{"@type":"ListItem","position":1,"name":"Portada","item":"https:\/\/diariotextual.com\/inicio\/"},{"@type":"ListItem","position":2,"name":"Nueva convocatoria para empresas en el Polo Tecnol\u00f3gico: la incubaci\u00f3n podr\u00e1 ser virtual"}]},{"@type":"WebSite","@id":"https:\/\/diariotextual.com\/inicio\/#website","url":"https:\/\/diariotextual.com\/inicio\/","name":"Diario Textual","description":"","publisher":{"@id":"https:\/\/diariotextual.com\/inicio\/#organization"},"potentialAction":[{"@type":"SearchAction","target":{"@type":"EntryPoint","urlTemplate":"https:\/\/diariotextual.com\/inicio\/?s={search_term_string}"},"query-input":{"@type":"PropertyValueSpecification","valueRequired":true,"valueName":"search_term_string"}}],"inLanguage":"es"},{"@type":"Organization","@id":"https:\/\/diariotextual.com\/inicio\/#organization","name":"Diario Textual","url":"https:\/\/diariotextual.com\/inicio\/","logo":{"@type":"ImageObject","inLanguage":"es","@id":"https:\/\/diariotextual.com\/inicio\/#\/schema\/logo\/image\/","url":"https:\/\/diariotextual.com\/inicio\/wp-content\/uploads\/2023\/05\/logotextual1.jpg","contentUrl":"https:\/\/diariotextual.com\/inicio\/wp-content\/uploads\/2023\/05\/logotextual1.jpg","width":516,"height":76,"caption":"Diario Textual"},"image":{"@id":"https:\/\/diariotextual.com\/inicio\/#\/schema\/logo\/image\/"},"sameAs":["https:\/\/www.facebook.com\/eltextual","https:\/\/x.com\/eltextual","http:\/\/www.instagram.com\/eltextual"]},{"@type":"Person","@id":"https:\/\/diariotextual.com\/inicio\/#\/schema\/person\/694f60677f23c4a530867a98f22b3768","name":"diario2","image":{"@type":"ImageObject","inLanguage":"es","@id":"https:\/\/secure.gravatar.com\/avatar\/5a2567495ba16b852fcd8f1ed006a2e24fcace936018ed8237e95f488ad6e0a7?s=96&d=mm&r=g","url":"https:\/\/secure.gravatar.com\/avatar\/5a2567495ba16b852fcd8f1ed006a2e24fcace936018ed8237e95f488ad6e0a7?s=96&d=mm&r=g","contentUrl":"https:\/\/secure.gravatar.com\/avatar\/5a2567495ba16b852fcd8f1ed006a2e24fcace936018ed8237e95f488ad6e0a7?s=96&d=mm&r=g","caption":"diario2"},"url":"https:\/\/diariotextual.com\/inicio\/index.php\/author\/diario2\/"}]}},"_links":{"self":[{"href":"https:\/\/diariotextual.com\/inicio\/index.php\/wp-json\/wp\/v2\/posts\/228258","targetHints":{"allow":["GET"]}}],"collection":[{"href":"https:\/\/diariotextual.com\/inicio\/index.php\/wp-json\/wp\/v2\/posts"}],"about":[{"href":"https:\/\/diariotextual.com\/inicio\/index.php\/wp-json\/wp\/v2\/types\/post"}],"author":[{"embeddable":true,"href":"https:\/\/diariotextual.com\/inicio\/index.php\/wp-json\/wp\/v2\/users\/4"}],"replies":[{"embeddable":true,"href":"https:\/\/diariotextual.com\/inicio\/index.php\/wp-json\/wp\/v2\/comments?post=228258"}],"version-history":[{"count":2,"href":"https:\/\/diariotextual.com\/inicio\/index.php\/wp-json\/wp\/v2\/posts\/228258\/revisions"}],"predecessor-version":[{"id":228283,"href":"https:\/\/diariotextual.com\/inicio\/index.php\/wp-json\/wp\/v2\/posts\/228258\/revisions\/228283"}],"wp:featuredmedia":[{"embeddable":true,"href":"https:\/\/diariotextual.com\/inicio\/index.php\/wp-json\/wp\/v2\/media\/204616"}],"wp:attachment":[{"href":"https:\/\/diariotextual.com\/inicio\/index.php\/wp-json\/wp\/v2\/media?parent=228258"}],"wp:term":[{"taxonomy":"category","embeddable":true,"href":"https:\/\/diariotextual.com\/inicio\/index.php\/wp-json\/wp\/v2\/categories?post=228258"},{"taxonomy":"post_tag","embeddable":true,"href":"https:\/\/diariotextual.com\/inicio\/index.php\/wp-json\/wp\/v2\/tags?post=228258"}],"curies":[{"name":"wp","href":"https:\/\/api.w.org\/{rel}","templated":true}]}}