{"id":228260,"date":"2023-06-12T22:22:08","date_gmt":"2023-06-13T01:22:08","guid":{"rendered":"https:\/\/diariotextual.com\/inicio\/?p=228260"},"modified":"2023-06-12T22:22:10","modified_gmt":"2023-06-13T01:22:10","slug":"la-ucr-ratifico-su-pertenencia-a-jxc-y-la-decision-de-ampliar-la-coalicion-opositora","status":"publish","type":"post","link":"https:\/\/diariotextual.com\/inicio\/index.php\/2023\/06\/12\/la-ucr-ratifico-su-pertenencia-a-jxc-y-la-decision-de-ampliar-la-coalicion-opositora\/","title":{"rendered":"La UCR ratific\u00f3 su pertenencia a JxC y la decisi\u00f3n de ampliar la coalici\u00f3n opositora"},"content":{"rendered":"\n<p>La Uni\u00f3n C\u00edvica Radical (UCR) ratific\u00f3 hoy su pertenencia a Juntos por el Cambio (JxC) y aprob\u00f3 la intenci\u00f3n de ampliar ese frente opositor, dos posturas avaladas por unanimidad durante la reuni\u00f3n de la Convenci\u00f3n Nacional, uno de los principales \u00f3rganos del partido.<\/p>\n\n\n\n<p>\u201cRatificar la participaci\u00f3n y pertenencia a la alianza electoral JxC, la que se encuentra integrada por UCR, PRO, Coalici\u00f3n C\u00edvica, Encuentro Republicano Federal, entre otras fuerzas\u201d, dice uno de los art\u00edculos del proyecto de resoluci\u00f3n votado por unanimidad y le\u00eddo por el presidente de la Convenci\u00f3n, Gast\u00f3n Manes.<\/p>\n\n\n\n<p>De esa manera, luego de m\u00e1s de cuatro horas de discursos, los casi 300 convencionales radicales que se congregaron desde las 14 en el predio de Parque Norte, en esta capital, revalidaron la integraci\u00f3n del partido a la coalici\u00f3n opositora y tambi\u00e9n votaron por unanimidad la intenci\u00f3n de ampliar JxC.<\/p>\n\n\n\n<p>\u201cConvocar a ampliar la coalici\u00f3n JxC con distintos sectores pol\u00edticos conforme a lo resuelto en las sesiones del 27 de mayo de 2019, en Parque Norte, y el 27 de mayo de 2022, en La Plata. Los partidos a incorporar deben tener coincidencias program\u00e1ticas con los planes de Gobierno de la UCR votados en el d\u00eda de la fecha\u201d, establece la resoluci\u00f3n.<\/p>\n\n\n\n<p>As\u00ed, el radicalismo se posicion\u00f3 de manera institucional a favor de la incorporaci\u00f3n de otros dirigentes pol\u00edticos, siendo el posible arribo del gobernador cordob\u00e9s, Juan Schiaretti, uno de los motivos que provoc\u00f3 tensi\u00f3n y amenazas de ruptura en JxC la semana pasada.<\/p>\n\n\n\n<p>Mientras que esa iniciativa era compartida por el presidente de la UCR, Gerardo Morales, y el precandidato presidencial del PRO Horacio Rodr\u00edguez Larreta, gener\u00f3 rechazo en la otra postulante de ese partido, Patricia Bullrich, y el expresidente Mauricio Macri.<\/p>\n\n\n\n<p>El \u00faltimo orador de la noche fue Morales, quien exclam\u00f3 que \u201cel camino es la ampliaci\u00f3n\u201d y que la coalici\u00f3n se \u201cseguir\u00e1 ampliando hasta el minuto final\u201d porque \u201ceso es lo que se aprob\u00f3\u201d en la Convenci\u00f3n.<\/p>\n\n\n\n<p>\u201cEs el marco de la diversidad lo que te da energ\u00eda para poder generar transformaci\u00f3n y te da la musculatura para poder transformar, ganar y volver a ganar\u201d, sostuvo.<\/p>\n\n\n\n<p>La jornada finaliz\u00f3 con la aprobaci\u00f3n de una declaraci\u00f3n titulada \u201cDel dolor a la esperanza\u201d, con la que el centenario partido sent\u00f3 sus principales lineamientos program\u00e1ticos rumbo al escenario electoral.<\/p>\n\n\n\n<p>\u201cTenemos que afianzar, ampliar y mejorar nuestra coalici\u00f3n para que se incorporen todos aquellos que comparten nuestros valores y nuestros objetivos generales en este momento cr\u00edtico, para que funcione mejor y m\u00e1s previsiblemente, minimizando las incertidumbres. Y para evitar ser el eco de irresponsables salidas a la crisis\u201d, reza una de las partes del documento.<\/p>\n\n\n\n<p>Entre los ejes recurrentes de los disertantes de la Convenci\u00f3n estuvo el rol que tiene el radicalismo hacia el interior de la alianza opositora y las intenciones de muchos convencionales de tener \u201cuna f\u00f3rmula presidencial propia\u201d.<\/p>\n\n\n\n<p>Al abrir la sesi\u00f3n, cerca de las 16, Gast\u00f3n Manes cuestion\u00f3 el rol que tuvo el partido en elecciones anteriores y subray\u00f3 que \u201cya no debe ser el furg\u00f3n de cola de nadie\u201d.<\/p>\n\n\n\n<p>\u201cNo proveeremos a la Coalici\u00f3n solo el cuerpo y territorialidad para que decidan otros, sino que queremos ser los miembros, el coraz\u00f3n, el torso y la cabeza de la coalici\u00f3n\u201d, indic\u00f3, y puntualiz\u00f3 que la UCR no es \u201cgrupo de soporte de nadie\u201d.<\/p>\n\n\n\n<p>En esa l\u00ednea, pidi\u00f3 que los dirigentes del partido \u201cabandonen la pasividad y cualquier forma de oportunismo\u201d y asegur\u00f3 que existe \u201cla oportunidad\u201d de \u201cser protagonistas en la construcci\u00f3n de la alternativa pol\u00edtica al populismo de derecha y de izquierda\u201d.<\/p>\n\n\n\n<p>\u201cQueremos ser la alternativa de ejercicio de poder en la Argentina, as\u00ed nos lo ense\u00f1aron nuestros l\u00edderes a lo largo de la historia\u201d, sostuvo.<\/p>\n\n\n\n<p>Muchos otros dirigentes tambi\u00e9n hicieron alusi\u00f3n a la importancia de \u201campliar\u201d JxC para poder \u201cfortalecer\u201d la coalici\u00f3n para afrontar un posible gobierno.<\/p>\n\n\n\n<p>\u201cEst\u00e1 claro que lo tenemos que hacer con la ampliaci\u00f3n. Lo demuestran nuestros gobernadores. Tienen coaliciones grandes. Gobiernan bien, transforman y vuelven a ganar\u201d, expres\u00f3 durante su discurso el senador nacional de Evoluci\u00f3n Radical y precandidato a jefe de Gobierno porte\u00f1o, Mart\u00edn Lousteau.<\/p>\n\n\n\n<p>Entre otros de los puntos relevantes que fueron tratados en el orden del d\u00eda estuvo el protocolo para situaciones de violencia pol\u00edtica de g\u00e9nero, el cual fue aprobado por unanimidad.<\/p>\n","protected":false},"excerpt":{"rendered":"<p>La Uni\u00f3n C\u00edvica Radical (UCR) ratific\u00f3 hoy su pertenencia a Juntos por el Cambio (JxC) y aprob\u00f3 la intenci\u00f3n de ampliar ese frente opositor, dos posturas avaladas por unanimidad durante&hellip;<\/p>\n","protected":false},"author":4,"featured_media":228262,"comment_status":"closed","ping_status":"open","sticky":false,"template":"","format":"standard","meta":{"_acf_changed":false,"footnotes":""},"categories":[1,8],"tags":[],"class_list":["post-228260","post","type-post","status-publish","format-standard","has-post-thumbnail","hentry","category-es-noticia","category-politica"],"acf":[],"yoast_head":"<!-- This site is optimized with the Yoast SEO plugin v27.5 - https:\/\/yoast.com\/product\/yoast-seo-wordpress\/ -->\n<title>La UCR ratific\u00f3 su pertenencia a JxC y la decisi\u00f3n de ampliar la coalici\u00f3n opositora - Diario Textual<\/title>\n<meta name=\"robots\" content=\"index, follow, max-snippet:-1, max-image-preview:large, max-video-preview:-1\" \/>\n<link rel=\"canonical\" href=\"https:\/\/diariotextual.com\/inicio\/index.php\/2023\/06\/12\/la-ucr-ratifico-su-pertenencia-a-jxc-y-la-decision-de-ampliar-la-coalicion-opositora\/\" \/>\n<meta property=\"og:locale\" content=\"es_ES\" \/>\n<meta property=\"og:type\" content=\"article\" \/>\n<meta property=\"og:title\" content=\"La UCR ratific\u00f3 su pertenencia a JxC y la decisi\u00f3n de ampliar la coalici\u00f3n opositora - Diario Textual\" \/>\n<meta property=\"og:description\" content=\"La Uni\u00f3n C\u00edvica Radical (UCR) ratific\u00f3 hoy su pertenencia a Juntos por el Cambio (JxC) y aprob\u00f3 la intenci\u00f3n de ampliar ese frente opositor, dos posturas avaladas por unanimidad durante&hellip;\" \/>\n<meta property=\"og:url\" content=\"https:\/\/diariotextual.com\/inicio\/index.php\/2023\/06\/12\/la-ucr-ratifico-su-pertenencia-a-jxc-y-la-decision-de-ampliar-la-coalicion-opositora\/\" \/>\n<meta property=\"og:site_name\" content=\"Diario Textual\" \/>\n<meta property=\"article:publisher\" content=\"https:\/\/www.facebook.com\/eltextual\" \/>\n<meta property=\"article:published_time\" content=\"2023-06-13T01:22:08+00:00\" \/>\n<meta property=\"article:modified_time\" content=\"2023-06-13T01:22:10+00:00\" \/>\n<meta property=\"og:image\" content=\"https:\/\/diariotextual.com\/inicio\/wp-content\/uploads\/2023\/06\/UCRconvencion2023manes.jpg\" \/>\n\t<meta property=\"og:image:width\" content=\"1474\" \/>\n\t<meta property=\"og:image:height\" content=\"982\" \/>\n\t<meta property=\"og:image:type\" content=\"image\/jpeg\" \/>\n<meta name=\"author\" content=\"diario2\" \/>\n<meta name=\"twitter:card\" content=\"summary_large_image\" \/>\n<meta name=\"twitter:creator\" content=\"@eltextual\" \/>\n<meta name=\"twitter:site\" content=\"@eltextual\" \/>\n<meta name=\"twitter:label1\" content=\"Escrito por\" \/>\n\t<meta name=\"twitter:data1\" content=\"diario2\" \/>\n\t<meta name=\"twitter:label2\" content=\"Tiempo de lectura\" \/>\n\t<meta name=\"twitter:data2\" content=\"4 minutos\" \/>\n<script type=\"application\/ld+json\" class=\"yoast-schema-graph\">{\"@context\":\"https:\\\/\\\/schema.org\",\"@graph\":[{\"@type\":\"Article\",\"@id\":\"https:\\\/\\\/diariotextual.com\\\/inicio\\\/index.php\\\/2023\\\/06\\\/12\\\/la-ucr-ratifico-su-pertenencia-a-jxc-y-la-decision-de-ampliar-la-coalicion-opositora\\\/#article\",\"isPartOf\":{\"@id\":\"https:\\\/\\\/diariotextual.com\\\/inicio\\\/index.php\\\/2023\\\/06\\\/12\\\/la-ucr-ratifico-su-pertenencia-a-jxc-y-la-decision-de-ampliar-la-coalicion-opositora\\\/\"},\"author\":{\"name\":\"diario2\",\"@id\":\"https:\\\/\\\/diariotextual.com\\\/inicio\\\/#\\\/schema\\\/person\\\/694f60677f23c4a530867a98f22b3768\"},\"headline\":\"La UCR ratific\u00f3 su pertenencia a JxC y la decisi\u00f3n de ampliar la coalici\u00f3n opositora\",\"datePublished\":\"2023-06-13T01:22:08+00:00\",\"dateModified\":\"2023-06-13T01:22:10+00:00\",\"mainEntityOfPage\":{\"@id\":\"https:\\\/\\\/diariotextual.com\\\/inicio\\\/index.php\\\/2023\\\/06\\\/12\\\/la-ucr-ratifico-su-pertenencia-a-jxc-y-la-decision-de-ampliar-la-coalicion-opositora\\\/\"},\"wordCount\":778,\"publisher\":{\"@id\":\"https:\\\/\\\/diariotextual.com\\\/inicio\\\/#organization\"},\"image\":{\"@id\":\"https:\\\/\\\/diariotextual.com\\\/inicio\\\/index.php\\\/2023\\\/06\\\/12\\\/la-ucr-ratifico-su-pertenencia-a-jxc-y-la-decision-de-ampliar-la-coalicion-opositora\\\/#primaryimage\"},\"thumbnailUrl\":\"https:\\\/\\\/diariotextual.com\\\/inicio\\\/wp-content\\\/uploads\\\/2023\\\/06\\\/UCRconvencion2023manes.jpg\",\"articleSection\":[\"A - ES NOTICIA (van abajo)\",\"POLITICA\"],\"inLanguage\":\"es\"},{\"@type\":\"WebPage\",\"@id\":\"https:\\\/\\\/diariotextual.com\\\/inicio\\\/index.php\\\/2023\\\/06\\\/12\\\/la-ucr-ratifico-su-pertenencia-a-jxc-y-la-decision-de-ampliar-la-coalicion-opositora\\\/\",\"url\":\"https:\\\/\\\/diariotextual.com\\\/inicio\\\/index.php\\\/2023\\\/06\\\/12\\\/la-ucr-ratifico-su-pertenencia-a-jxc-y-la-decision-de-ampliar-la-coalicion-opositora\\\/\",\"name\":\"La UCR ratific\u00f3 su pertenencia a JxC y la decisi\u00f3n de ampliar la coalici\u00f3n opositora - Diario Textual\",\"isPartOf\":{\"@id\":\"https:\\\/\\\/diariotextual.com\\\/inicio\\\/#website\"},\"primaryImageOfPage\":{\"@id\":\"https:\\\/\\\/diariotextual.com\\\/inicio\\\/index.php\\\/2023\\\/06\\\/12\\\/la-ucr-ratifico-su-pertenencia-a-jxc-y-la-decision-de-ampliar-la-coalicion-opositora\\\/#primaryimage\"},\"image\":{\"@id\":\"https:\\\/\\\/diariotextual.com\\\/inicio\\\/index.php\\\/2023\\\/06\\\/12\\\/la-ucr-ratifico-su-pertenencia-a-jxc-y-la-decision-de-ampliar-la-coalicion-opositora\\\/#primaryimage\"},\"thumbnailUrl\":\"https:\\\/\\\/diariotextual.com\\\/inicio\\\/wp-content\\\/uploads\\\/2023\\\/06\\\/UCRconvencion2023manes.jpg\",\"datePublished\":\"2023-06-13T01:22:08+00:00\",\"dateModified\":\"2023-06-13T01:22:10+00:00\",\"breadcrumb\":{\"@id\":\"https:\\\/\\\/diariotextual.com\\\/inicio\\\/index.php\\\/2023\\\/06\\\/12\\\/la-ucr-ratifico-su-pertenencia-a-jxc-y-la-decision-de-ampliar-la-coalicion-opositora\\\/#breadcrumb\"},\"inLanguage\":\"es\",\"potentialAction\":[{\"@type\":\"ReadAction\",\"target\":[\"https:\\\/\\\/diariotextual.com\\\/inicio\\\/index.php\\\/2023\\\/06\\\/12\\\/la-ucr-ratifico-su-pertenencia-a-jxc-y-la-decision-de-ampliar-la-coalicion-opositora\\\/\"]}]},{\"@type\":\"ImageObject\",\"inLanguage\":\"es\",\"@id\":\"https:\\\/\\\/diariotextual.com\\\/inicio\\\/index.php\\\/2023\\\/06\\\/12\\\/la-ucr-ratifico-su-pertenencia-a-jxc-y-la-decision-de-ampliar-la-coalicion-opositora\\\/#primaryimage\",\"url\":\"https:\\\/\\\/diariotextual.com\\\/inicio\\\/wp-content\\\/uploads\\\/2023\\\/06\\\/UCRconvencion2023manes.jpg\",\"contentUrl\":\"https:\\\/\\\/diariotextual.com\\\/inicio\\\/wp-content\\\/uploads\\\/2023\\\/06\\\/UCRconvencion2023manes.jpg\",\"width\":1474,\"height\":982},{\"@type\":\"BreadcrumbList\",\"@id\":\"https:\\\/\\\/diariotextual.com\\\/inicio\\\/index.php\\\/2023\\\/06\\\/12\\\/la-ucr-ratifico-su-pertenencia-a-jxc-y-la-decision-de-ampliar-la-coalicion-opositora\\\/#breadcrumb\",\"itemListElement\":[{\"@type\":\"ListItem\",\"position\":1,\"name\":\"Portada\",\"item\":\"https:\\\/\\\/diariotextual.com\\\/inicio\\\/\"},{\"@type\":\"ListItem\",\"position\":2,\"name\":\"La UCR ratific\u00f3 su pertenencia a JxC y la decisi\u00f3n de ampliar la coalici\u00f3n opositora\"}]},{\"@type\":\"WebSite\",\"@id\":\"https:\\\/\\\/diariotextual.com\\\/inicio\\\/#website\",\"url\":\"https:\\\/\\\/diariotextual.com\\\/inicio\\\/\",\"name\":\"Diario Textual\",\"description\":\"\",\"publisher\":{\"@id\":\"https:\\\/\\\/diariotextual.com\\\/inicio\\\/#organization\"},\"potentialAction\":[{\"@type\":\"SearchAction\",\"target\":{\"@type\":\"EntryPoint\",\"urlTemplate\":\"https:\\\/\\\/diariotextual.com\\\/inicio\\\/?s={search_term_string}\"},\"query-input\":{\"@type\":\"PropertyValueSpecification\",\"valueRequired\":true,\"valueName\":\"search_term_string\"}}],\"inLanguage\":\"es\"},{\"@type\":\"Organization\",\"@id\":\"https:\\\/\\\/diariotextual.com\\\/inicio\\\/#organization\",\"name\":\"Diario Textual\",\"url\":\"https:\\\/\\\/diariotextual.com\\\/inicio\\\/\",\"logo\":{\"@type\":\"ImageObject\",\"inLanguage\":\"es\",\"@id\":\"https:\\\/\\\/diariotextual.com\\\/inicio\\\/#\\\/schema\\\/logo\\\/image\\\/\",\"url\":\"https:\\\/\\\/diariotextual.com\\\/inicio\\\/wp-content\\\/uploads\\\/2023\\\/05\\\/logotextual1.jpg\",\"contentUrl\":\"https:\\\/\\\/diariotextual.com\\\/inicio\\\/wp-content\\\/uploads\\\/2023\\\/05\\\/logotextual1.jpg\",\"width\":516,\"height\":76,\"caption\":\"Diario Textual\"},\"image\":{\"@id\":\"https:\\\/\\\/diariotextual.com\\\/inicio\\\/#\\\/schema\\\/logo\\\/image\\\/\"},\"sameAs\":[\"https:\\\/\\\/www.facebook.com\\\/eltextual\",\"https:\\\/\\\/x.com\\\/eltextual\",\"http:\\\/\\\/www.instagram.com\\\/eltextual\"]},{\"@type\":\"Person\",\"@id\":\"https:\\\/\\\/diariotextual.com\\\/inicio\\\/#\\\/schema\\\/person\\\/694f60677f23c4a530867a98f22b3768\",\"name\":\"diario2\",\"image\":{\"@type\":\"ImageObject\",\"inLanguage\":\"es\",\"@id\":\"https:\\\/\\\/secure.gravatar.com\\\/avatar\\\/5a2567495ba16b852fcd8f1ed006a2e24fcace936018ed8237e95f488ad6e0a7?s=96&d=mm&r=g\",\"url\":\"https:\\\/\\\/secure.gravatar.com\\\/avatar\\\/5a2567495ba16b852fcd8f1ed006a2e24fcace936018ed8237e95f488ad6e0a7?s=96&d=mm&r=g\",\"contentUrl\":\"https:\\\/\\\/secure.gravatar.com\\\/avatar\\\/5a2567495ba16b852fcd8f1ed006a2e24fcace936018ed8237e95f488ad6e0a7?s=96&d=mm&r=g\",\"caption\":\"diario2\"},\"url\":\"https:\\\/\\\/diariotextual.com\\\/inicio\\\/index.php\\\/author\\\/diario2\\\/\"}]}<\/script>\n<!-- \/ Yoast SEO plugin. -->","yoast_head_json":{"title":"La UCR ratific\u00f3 su pertenencia a JxC y la decisi\u00f3n de ampliar la coalici\u00f3n opositora - Diario Textual","robots":{"index":"index","follow":"follow","max-snippet":"max-snippet:-1","max-image-preview":"max-image-preview:large","max-video-preview":"max-video-preview:-1"},"canonical":"https:\/\/diariotextual.com\/inicio\/index.php\/2023\/06\/12\/la-ucr-ratifico-su-pertenencia-a-jxc-y-la-decision-de-ampliar-la-coalicion-opositora\/","og_locale":"es_ES","og_type":"article","og_title":"La UCR ratific\u00f3 su pertenencia a JxC y la decisi\u00f3n de ampliar la coalici\u00f3n opositora - Diario Textual","og_description":"La Uni\u00f3n C\u00edvica Radical (UCR) ratific\u00f3 hoy su pertenencia a Juntos por el Cambio (JxC) y aprob\u00f3 la intenci\u00f3n de ampliar ese frente opositor, dos posturas avaladas por unanimidad durante&hellip;","og_url":"https:\/\/diariotextual.com\/inicio\/index.php\/2023\/06\/12\/la-ucr-ratifico-su-pertenencia-a-jxc-y-la-decision-de-ampliar-la-coalicion-opositora\/","og_site_name":"Diario Textual","article_publisher":"https:\/\/www.facebook.com\/eltextual","article_published_time":"2023-06-13T01:22:08+00:00","article_modified_time":"2023-06-13T01:22:10+00:00","og_image":[{"width":1474,"height":982,"url":"https:\/\/diariotextual.com\/inicio\/wp-content\/uploads\/2023\/06\/UCRconvencion2023manes.jpg","type":"image\/jpeg"}],"author":"diario2","twitter_card":"summary_large_image","twitter_creator":"@eltextual","twitter_site":"@eltextual","twitter_misc":{"Escrito por":"diario2","Tiempo de lectura":"4 minutos"},"schema":{"@context":"https:\/\/schema.org","@graph":[{"@type":"Article","@id":"https:\/\/diariotextual.com\/inicio\/index.php\/2023\/06\/12\/la-ucr-ratifico-su-pertenencia-a-jxc-y-la-decision-de-ampliar-la-coalicion-opositora\/#article","isPartOf":{"@id":"https:\/\/diariotextual.com\/inicio\/index.php\/2023\/06\/12\/la-ucr-ratifico-su-pertenencia-a-jxc-y-la-decision-de-ampliar-la-coalicion-opositora\/"},"author":{"name":"diario2","@id":"https:\/\/diariotextual.com\/inicio\/#\/schema\/person\/694f60677f23c4a530867a98f22b3768"},"headline":"La UCR ratific\u00f3 su pertenencia a JxC y la decisi\u00f3n de ampliar la coalici\u00f3n opositora","datePublished":"2023-06-13T01:22:08+00:00","dateModified":"2023-06-13T01:22:10+00:00","mainEntityOfPage":{"@id":"https:\/\/diariotextual.com\/inicio\/index.php\/2023\/06\/12\/la-ucr-ratifico-su-pertenencia-a-jxc-y-la-decision-de-ampliar-la-coalicion-opositora\/"},"wordCount":778,"publisher":{"@id":"https:\/\/diariotextual.com\/inicio\/#organization"},"image":{"@id":"https:\/\/diariotextual.com\/inicio\/index.php\/2023\/06\/12\/la-ucr-ratifico-su-pertenencia-a-jxc-y-la-decision-de-ampliar-la-coalicion-opositora\/#primaryimage"},"thumbnailUrl":"https:\/\/diariotextual.com\/inicio\/wp-content\/uploads\/2023\/06\/UCRconvencion2023manes.jpg","articleSection":["A - ES NOTICIA (van abajo)","POLITICA"],"inLanguage":"es"},{"@type":"WebPage","@id":"https:\/\/diariotextual.com\/inicio\/index.php\/2023\/06\/12\/la-ucr-ratifico-su-pertenencia-a-jxc-y-la-decision-de-ampliar-la-coalicion-opositora\/","url":"https:\/\/diariotextual.com\/inicio\/index.php\/2023\/06\/12\/la-ucr-ratifico-su-pertenencia-a-jxc-y-la-decision-de-ampliar-la-coalicion-opositora\/","name":"La UCR ratific\u00f3 su pertenencia a JxC y la decisi\u00f3n de ampliar la coalici\u00f3n opositora - Diario Textual","isPartOf":{"@id":"https:\/\/diariotextual.com\/inicio\/#website"},"primaryImageOfPage":{"@id":"https:\/\/diariotextual.com\/inicio\/index.php\/2023\/06\/12\/la-ucr-ratifico-su-pertenencia-a-jxc-y-la-decision-de-ampliar-la-coalicion-opositora\/#primaryimage"},"image":{"@id":"https:\/\/diariotextual.com\/inicio\/index.php\/2023\/06\/12\/la-ucr-ratifico-su-pertenencia-a-jxc-y-la-decision-de-ampliar-la-coalicion-opositora\/#primaryimage"},"thumbnailUrl":"https:\/\/diariotextual.com\/inicio\/wp-content\/uploads\/2023\/06\/UCRconvencion2023manes.jpg","datePublished":"2023-06-13T01:22:08+00:00","dateModified":"2023-06-13T01:22:10+00:00","breadcrumb":{"@id":"https:\/\/diariotextual.com\/inicio\/index.php\/2023\/06\/12\/la-ucr-ratifico-su-pertenencia-a-jxc-y-la-decision-de-ampliar-la-coalicion-opositora\/#breadcrumb"},"inLanguage":"es","potentialAction":[{"@type":"ReadAction","target":["https:\/\/diariotextual.com\/inicio\/index.php\/2023\/06\/12\/la-ucr-ratifico-su-pertenencia-a-jxc-y-la-decision-de-ampliar-la-coalicion-opositora\/"]}]},{"@type":"ImageObject","inLanguage":"es","@id":"https:\/\/diariotextual.com\/inicio\/index.php\/2023\/06\/12\/la-ucr-ratifico-su-pertenencia-a-jxc-y-la-decision-de-ampliar-la-coalicion-opositora\/#primaryimage","url":"https:\/\/diariotextual.com\/inicio\/wp-content\/uploads\/2023\/06\/UCRconvencion2023manes.jpg","contentUrl":"https:\/\/diariotextual.com\/inicio\/wp-content\/uploads\/2023\/06\/UCRconvencion2023manes.jpg","width":1474,"height":982},{"@type":"BreadcrumbList","@id":"https:\/\/diariotextual.com\/inicio\/index.php\/2023\/06\/12\/la-ucr-ratifico-su-pertenencia-a-jxc-y-la-decision-de-ampliar-la-coalicion-opositora\/#breadcrumb","itemListElement":[{"@type":"ListItem","position":1,"name":"Portada","item":"https:\/\/diariotextual.com\/inicio\/"},{"@type":"ListItem","position":2,"name":"La UCR ratific\u00f3 su pertenencia a JxC y la decisi\u00f3n de ampliar la coalici\u00f3n opositora"}]},{"@type":"WebSite","@id":"https:\/\/diariotextual.com\/inicio\/#website","url":"https:\/\/diariotextual.com\/inicio\/","name":"Diario Textual","description":"","publisher":{"@id":"https:\/\/diariotextual.com\/inicio\/#organization"},"potentialAction":[{"@type":"SearchAction","target":{"@type":"EntryPoint","urlTemplate":"https:\/\/diariotextual.com\/inicio\/?s={search_term_string}"},"query-input":{"@type":"PropertyValueSpecification","valueRequired":true,"valueName":"search_term_string"}}],"inLanguage":"es"},{"@type":"Organization","@id":"https:\/\/diariotextual.com\/inicio\/#organization","name":"Diario Textual","url":"https:\/\/diariotextual.com\/inicio\/","logo":{"@type":"ImageObject","inLanguage":"es","@id":"https:\/\/diariotextual.com\/inicio\/#\/schema\/logo\/image\/","url":"https:\/\/diariotextual.com\/inicio\/wp-content\/uploads\/2023\/05\/logotextual1.jpg","contentUrl":"https:\/\/diariotextual.com\/inicio\/wp-content\/uploads\/2023\/05\/logotextual1.jpg","width":516,"height":76,"caption":"Diario Textual"},"image":{"@id":"https:\/\/diariotextual.com\/inicio\/#\/schema\/logo\/image\/"},"sameAs":["https:\/\/www.facebook.com\/eltextual","https:\/\/x.com\/eltextual","http:\/\/www.instagram.com\/eltextual"]},{"@type":"Person","@id":"https:\/\/diariotextual.com\/inicio\/#\/schema\/person\/694f60677f23c4a530867a98f22b3768","name":"diario2","image":{"@type":"ImageObject","inLanguage":"es","@id":"https:\/\/secure.gravatar.com\/avatar\/5a2567495ba16b852fcd8f1ed006a2e24fcace936018ed8237e95f488ad6e0a7?s=96&d=mm&r=g","url":"https:\/\/secure.gravatar.com\/avatar\/5a2567495ba16b852fcd8f1ed006a2e24fcace936018ed8237e95f488ad6e0a7?s=96&d=mm&r=g","contentUrl":"https:\/\/secure.gravatar.com\/avatar\/5a2567495ba16b852fcd8f1ed006a2e24fcace936018ed8237e95f488ad6e0a7?s=96&d=mm&r=g","caption":"diario2"},"url":"https:\/\/diariotextual.com\/inicio\/index.php\/author\/diario2\/"}]}},"_links":{"self":[{"href":"https:\/\/diariotextual.com\/inicio\/index.php\/wp-json\/wp\/v2\/posts\/228260","targetHints":{"allow":["GET"]}}],"collection":[{"href":"https:\/\/diariotextual.com\/inicio\/index.php\/wp-json\/wp\/v2\/posts"}],"about":[{"href":"https:\/\/diariotextual.com\/inicio\/index.php\/wp-json\/wp\/v2\/types\/post"}],"author":[{"embeddable":true,"href":"https:\/\/diariotextual.com\/inicio\/index.php\/wp-json\/wp\/v2\/users\/4"}],"replies":[{"embeddable":true,"href":"https:\/\/diariotextual.com\/inicio\/index.php\/wp-json\/wp\/v2\/comments?post=228260"}],"version-history":[{"count":1,"href":"https:\/\/diariotextual.com\/inicio\/index.php\/wp-json\/wp\/v2\/posts\/228260\/revisions"}],"predecessor-version":[{"id":228261,"href":"https:\/\/diariotextual.com\/inicio\/index.php\/wp-json\/wp\/v2\/posts\/228260\/revisions\/228261"}],"wp:featuredmedia":[{"embeddable":true,"href":"https:\/\/diariotextual.com\/inicio\/index.php\/wp-json\/wp\/v2\/media\/228262"}],"wp:attachment":[{"href":"https:\/\/diariotextual.com\/inicio\/index.php\/wp-json\/wp\/v2\/media?parent=228260"}],"wp:term":[{"taxonomy":"category","embeddable":true,"href":"https:\/\/diariotextual.com\/inicio\/index.php\/wp-json\/wp\/v2\/categories?post=228260"},{"taxonomy":"post_tag","embeddable":true,"href":"https:\/\/diariotextual.com\/inicio\/index.php\/wp-json\/wp\/v2\/tags?post=228260"}],"curies":[{"name":"wp","href":"https:\/\/api.w.org\/{rel}","templated":true}]}}