{"id":228304,"date":"2023-06-13T13:16:24","date_gmt":"2023-06-13T16:16:24","guid":{"rendered":"https:\/\/diariotextual.com\/inicio\/?p=228304"},"modified":"2023-06-13T13:16:26","modified_gmt":"2023-06-13T16:16:26","slug":"un-fiscal-rechazo-la-excarcelacion-de-l-gante","status":"publish","type":"post","link":"https:\/\/diariotextual.com\/inicio\/index.php\/2023\/06\/13\/un-fiscal-rechazo-la-excarcelacion-de-l-gante\/","title":{"rendered":"Un fiscal rechaz\u00f3 la excarcelaci\u00f3n de L-Gante"},"content":{"rendered":"\n<p>El fiscal de General Rodr\u00edguez, Ra\u00fal Villalba, pidi\u00f3 rechazar la excarcelaci\u00f3n <strong>Eli\u00e1n Valenzuela, m\u00e1s conocido como L-Gante,<\/strong> que se encuentra detenido por privaci\u00f3n ileg\u00edtima de la libertad y amenaza con arma de fuego.<\/p>\n\n\n\n<p>El dictamen ser\u00e1 analizado por el juez de garant\u00edas Gabriel Castro, mientras el cantante sigue detenido en la DDI de Quilmes.&nbsp;<\/p>\n\n\n\n<p>Gast\u00f3n Torres, el denunciante de L-Gante, pidi\u00f3 que el cantante siga preso y ratific\u00f3 que subi\u00f3 al auto de \u00e9l porque lo amenaz\u00f3 con un arma de fuego.<\/p>\n\n\n\n<p>El cantante est\u00e1 detenido e investigado por los delitos de&nbsp;privaci\u00f3n ileg\u00edtima de la libertad y amenazas. Seg\u00fan Torres, a ra\u00edz de un conflicto con los amigos del cantante, L-Gante se present\u00f3 el 27 de mayo pasado en su casa arriba de su auto y, con un arma escondida entre sus piernas, lo amenaz\u00f3 para que subiera.<\/p>\n\n\n\n<p>El denunciante, a trav\u00e9s de su abogado Leonardo Sigal, as\u00ed se lo hizo saber al juez de garant\u00edas Gabriel Castro, que tiene para resolver un pedido de cese de la detenci\u00f3n que hizo Alejandro Cipolla, defensa del m\u00fasico detenido la semana pasada tras una serie de allanamientos.<\/p>\n\n\n\n<p>Torres asegura que, pese a las im\u00e1genes de video donde se lo muestra subir por su propia voluntad en el auto de L-Gante, \u00e9ste ten\u00eda un arma de fuego entre sus piernas&nbsp;con la cual lo hab\u00eda amenazado.<\/p>\n\n\n\n<p>Seg\u00fan el abogado denunciante, el arma de fuego fue vista por todos los testigos oculares, que son los familiares y vecinos de Torres, entre quienes estaba una nena de 13 a\u00f1os.<\/p>\n\n\n\n<p>\u201cM\u00e1s all\u00e1 de que no ha sido formalmente condenado, a\u00fan, hay al menos dos expedientes m\u00e1s en los cuales tambi\u00e9n se denunci\u00f3 a Elian Valenzuela portando armas de fuego, lo cual no hace m\u00e1s que conglobar una idea cuanto menos l\u00f3gica de que el individuo esta acostumbrado a ser el vaquero del lejano oeste\u201d, consign\u00f3 el denunciante.<\/p>\n\n\n\n<p>L-Gante fue indagado d\u00edas atr\u00e1s en donde neg\u00f3 los hechos&nbsp;tras lo cual sigui\u00f3 detenido y a la espera que la fiscal\u00eda interinamente a cargo de Ra\u00fal Villalba defina su situaci\u00f3n para lo cual tiene un plazo de 30 d\u00edas para definir si pide o no su prisi\u00f3n preventiva.&nbsp;<\/p>\n","protected":false},"excerpt":{"rendered":"<p>El fiscal de General Rodr\u00edguez, Ra\u00fal Villalba, pidi\u00f3 rechazar la excarcelaci\u00f3n Eli\u00e1n Valenzuela, m\u00e1s conocido como L-Gante, que se encuentra detenido por privaci\u00f3n ileg\u00edtima de la libertad y amenaza con&hellip;<\/p>\n","protected":false},"author":4,"featured_media":227739,"comment_status":"closed","ping_status":"open","sticky":false,"template":"","format":"standard","meta":{"_acf_changed":false,"footnotes":""},"categories":[1,12],"tags":[6126],"class_list":["post-228304","post","type-post","status-publish","format-standard","has-post-thumbnail","hentry","category-es-noticia","category-sociedad","tag-l-gante"],"acf":[],"yoast_head":"<!-- This site is optimized with the Yoast SEO plugin v27.5 - https:\/\/yoast.com\/product\/yoast-seo-wordpress\/ -->\n<title>Un fiscal rechaz\u00f3 la excarcelaci\u00f3n de L-Gante - Diario Textual<\/title>\n<meta name=\"robots\" content=\"index, follow, max-snippet:-1, max-image-preview:large, max-video-preview:-1\" \/>\n<link rel=\"canonical\" href=\"https:\/\/diariotextual.com\/inicio\/index.php\/2023\/06\/13\/un-fiscal-rechazo-la-excarcelacion-de-l-gante\/\" \/>\n<meta property=\"og:locale\" content=\"es_ES\" \/>\n<meta property=\"og:type\" content=\"article\" \/>\n<meta property=\"og:title\" content=\"Un fiscal rechaz\u00f3 la excarcelaci\u00f3n de L-Gante - Diario Textual\" \/>\n<meta property=\"og:description\" content=\"El fiscal de General Rodr\u00edguez, Ra\u00fal Villalba, pidi\u00f3 rechazar la excarcelaci\u00f3n Eli\u00e1n Valenzuela, m\u00e1s conocido como L-Gante, que se encuentra detenido por privaci\u00f3n ileg\u00edtima de la libertad y amenaza con&hellip;\" \/>\n<meta property=\"og:url\" content=\"https:\/\/diariotextual.com\/inicio\/index.php\/2023\/06\/13\/un-fiscal-rechazo-la-excarcelacion-de-l-gante\/\" \/>\n<meta property=\"og:site_name\" content=\"Diario Textual\" \/>\n<meta property=\"article:publisher\" content=\"https:\/\/www.facebook.com\/eltextual\" \/>\n<meta property=\"article:published_time\" content=\"2023-06-13T16:16:24+00:00\" \/>\n<meta property=\"article:modified_time\" content=\"2023-06-13T16:16:26+00:00\" \/>\n<meta property=\"og:image\" content=\"https:\/\/diariotextual.com\/inicio\/wp-content\/uploads\/2023\/06\/L-Gante6578.jpg\" \/>\n\t<meta property=\"og:image:width\" content=\"900\" \/>\n\t<meta property=\"og:image:height\" content=\"506\" \/>\n\t<meta property=\"og:image:type\" content=\"image\/jpeg\" \/>\n<meta name=\"author\" content=\"diario2\" \/>\n<meta name=\"twitter:card\" content=\"summary_large_image\" \/>\n<meta name=\"twitter:creator\" content=\"@eltextual\" \/>\n<meta name=\"twitter:site\" content=\"@eltextual\" \/>\n<meta name=\"twitter:label1\" content=\"Escrito por\" \/>\n\t<meta name=\"twitter:data1\" content=\"diario2\" \/>\n\t<meta name=\"twitter:label2\" content=\"Tiempo de lectura\" \/>\n\t<meta name=\"twitter:data2\" content=\"2 minutos\" \/>\n<script type=\"application\/ld+json\" class=\"yoast-schema-graph\">{\"@context\":\"https:\\\/\\\/schema.org\",\"@graph\":[{\"@type\":\"Article\",\"@id\":\"https:\\\/\\\/diariotextual.com\\\/inicio\\\/index.php\\\/2023\\\/06\\\/13\\\/un-fiscal-rechazo-la-excarcelacion-de-l-gante\\\/#article\",\"isPartOf\":{\"@id\":\"https:\\\/\\\/diariotextual.com\\\/inicio\\\/index.php\\\/2023\\\/06\\\/13\\\/un-fiscal-rechazo-la-excarcelacion-de-l-gante\\\/\"},\"author\":{\"name\":\"diario2\",\"@id\":\"https:\\\/\\\/diariotextual.com\\\/inicio\\\/#\\\/schema\\\/person\\\/694f60677f23c4a530867a98f22b3768\"},\"headline\":\"Un fiscal rechaz\u00f3 la excarcelaci\u00f3n de L-Gante\",\"datePublished\":\"2023-06-13T16:16:24+00:00\",\"dateModified\":\"2023-06-13T16:16:26+00:00\",\"mainEntityOfPage\":{\"@id\":\"https:\\\/\\\/diariotextual.com\\\/inicio\\\/index.php\\\/2023\\\/06\\\/13\\\/un-fiscal-rechazo-la-excarcelacion-de-l-gante\\\/\"},\"wordCount\":406,\"publisher\":{\"@id\":\"https:\\\/\\\/diariotextual.com\\\/inicio\\\/#organization\"},\"image\":{\"@id\":\"https:\\\/\\\/diariotextual.com\\\/inicio\\\/index.php\\\/2023\\\/06\\\/13\\\/un-fiscal-rechazo-la-excarcelacion-de-l-gante\\\/#primaryimage\"},\"thumbnailUrl\":\"https:\\\/\\\/diariotextual.com\\\/inicio\\\/wp-content\\\/uploads\\\/2023\\\/06\\\/L-Gante6578.jpg\",\"keywords\":[\"l-gante\"],\"articleSection\":[\"A - ES NOTICIA (van abajo)\",\"SOCIEDAD\"],\"inLanguage\":\"es\"},{\"@type\":\"WebPage\",\"@id\":\"https:\\\/\\\/diariotextual.com\\\/inicio\\\/index.php\\\/2023\\\/06\\\/13\\\/un-fiscal-rechazo-la-excarcelacion-de-l-gante\\\/\",\"url\":\"https:\\\/\\\/diariotextual.com\\\/inicio\\\/index.php\\\/2023\\\/06\\\/13\\\/un-fiscal-rechazo-la-excarcelacion-de-l-gante\\\/\",\"name\":\"Un fiscal rechaz\u00f3 la excarcelaci\u00f3n de L-Gante - Diario Textual\",\"isPartOf\":{\"@id\":\"https:\\\/\\\/diariotextual.com\\\/inicio\\\/#website\"},\"primaryImageOfPage\":{\"@id\":\"https:\\\/\\\/diariotextual.com\\\/inicio\\\/index.php\\\/2023\\\/06\\\/13\\\/un-fiscal-rechazo-la-excarcelacion-de-l-gante\\\/#primaryimage\"},\"image\":{\"@id\":\"https:\\\/\\\/diariotextual.com\\\/inicio\\\/index.php\\\/2023\\\/06\\\/13\\\/un-fiscal-rechazo-la-excarcelacion-de-l-gante\\\/#primaryimage\"},\"thumbnailUrl\":\"https:\\\/\\\/diariotextual.com\\\/inicio\\\/wp-content\\\/uploads\\\/2023\\\/06\\\/L-Gante6578.jpg\",\"datePublished\":\"2023-06-13T16:16:24+00:00\",\"dateModified\":\"2023-06-13T16:16:26+00:00\",\"breadcrumb\":{\"@id\":\"https:\\\/\\\/diariotextual.com\\\/inicio\\\/index.php\\\/2023\\\/06\\\/13\\\/un-fiscal-rechazo-la-excarcelacion-de-l-gante\\\/#breadcrumb\"},\"inLanguage\":\"es\",\"potentialAction\":[{\"@type\":\"ReadAction\",\"target\":[\"https:\\\/\\\/diariotextual.com\\\/inicio\\\/index.php\\\/2023\\\/06\\\/13\\\/un-fiscal-rechazo-la-excarcelacion-de-l-gante\\\/\"]}]},{\"@type\":\"ImageObject\",\"inLanguage\":\"es\",\"@id\":\"https:\\\/\\\/diariotextual.com\\\/inicio\\\/index.php\\\/2023\\\/06\\\/13\\\/un-fiscal-rechazo-la-excarcelacion-de-l-gante\\\/#primaryimage\",\"url\":\"https:\\\/\\\/diariotextual.com\\\/inicio\\\/wp-content\\\/uploads\\\/2023\\\/06\\\/L-Gante6578.jpg\",\"contentUrl\":\"https:\\\/\\\/diariotextual.com\\\/inicio\\\/wp-content\\\/uploads\\\/2023\\\/06\\\/L-Gante6578.jpg\",\"width\":900,\"height\":506},{\"@type\":\"BreadcrumbList\",\"@id\":\"https:\\\/\\\/diariotextual.com\\\/inicio\\\/index.php\\\/2023\\\/06\\\/13\\\/un-fiscal-rechazo-la-excarcelacion-de-l-gante\\\/#breadcrumb\",\"itemListElement\":[{\"@type\":\"ListItem\",\"position\":1,\"name\":\"Portada\",\"item\":\"https:\\\/\\\/diariotextual.com\\\/inicio\\\/\"},{\"@type\":\"ListItem\",\"position\":2,\"name\":\"Un fiscal rechaz\u00f3 la excarcelaci\u00f3n de L-Gante\"}]},{\"@type\":\"WebSite\",\"@id\":\"https:\\\/\\\/diariotextual.com\\\/inicio\\\/#website\",\"url\":\"https:\\\/\\\/diariotextual.com\\\/inicio\\\/\",\"name\":\"Diario Textual\",\"description\":\"\",\"publisher\":{\"@id\":\"https:\\\/\\\/diariotextual.com\\\/inicio\\\/#organization\"},\"potentialAction\":[{\"@type\":\"SearchAction\",\"target\":{\"@type\":\"EntryPoint\",\"urlTemplate\":\"https:\\\/\\\/diariotextual.com\\\/inicio\\\/?s={search_term_string}\"},\"query-input\":{\"@type\":\"PropertyValueSpecification\",\"valueRequired\":true,\"valueName\":\"search_term_string\"}}],\"inLanguage\":\"es\"},{\"@type\":\"Organization\",\"@id\":\"https:\\\/\\\/diariotextual.com\\\/inicio\\\/#organization\",\"name\":\"Diario Textual\",\"url\":\"https:\\\/\\\/diariotextual.com\\\/inicio\\\/\",\"logo\":{\"@type\":\"ImageObject\",\"inLanguage\":\"es\",\"@id\":\"https:\\\/\\\/diariotextual.com\\\/inicio\\\/#\\\/schema\\\/logo\\\/image\\\/\",\"url\":\"https:\\\/\\\/diariotextual.com\\\/inicio\\\/wp-content\\\/uploads\\\/2023\\\/05\\\/logotextual1.jpg\",\"contentUrl\":\"https:\\\/\\\/diariotextual.com\\\/inicio\\\/wp-content\\\/uploads\\\/2023\\\/05\\\/logotextual1.jpg\",\"width\":516,\"height\":76,\"caption\":\"Diario Textual\"},\"image\":{\"@id\":\"https:\\\/\\\/diariotextual.com\\\/inicio\\\/#\\\/schema\\\/logo\\\/image\\\/\"},\"sameAs\":[\"https:\\\/\\\/www.facebook.com\\\/eltextual\",\"https:\\\/\\\/x.com\\\/eltextual\",\"http:\\\/\\\/www.instagram.com\\\/eltextual\"]},{\"@type\":\"Person\",\"@id\":\"https:\\\/\\\/diariotextual.com\\\/inicio\\\/#\\\/schema\\\/person\\\/694f60677f23c4a530867a98f22b3768\",\"name\":\"diario2\",\"image\":{\"@type\":\"ImageObject\",\"inLanguage\":\"es\",\"@id\":\"https:\\\/\\\/secure.gravatar.com\\\/avatar\\\/5a2567495ba16b852fcd8f1ed006a2e24fcace936018ed8237e95f488ad6e0a7?s=96&d=mm&r=g\",\"url\":\"https:\\\/\\\/secure.gravatar.com\\\/avatar\\\/5a2567495ba16b852fcd8f1ed006a2e24fcace936018ed8237e95f488ad6e0a7?s=96&d=mm&r=g\",\"contentUrl\":\"https:\\\/\\\/secure.gravatar.com\\\/avatar\\\/5a2567495ba16b852fcd8f1ed006a2e24fcace936018ed8237e95f488ad6e0a7?s=96&d=mm&r=g\",\"caption\":\"diario2\"},\"url\":\"https:\\\/\\\/diariotextual.com\\\/inicio\\\/index.php\\\/author\\\/diario2\\\/\"}]}<\/script>\n<!-- \/ Yoast SEO plugin. -->","yoast_head_json":{"title":"Un fiscal rechaz\u00f3 la excarcelaci\u00f3n de L-Gante - Diario Textual","robots":{"index":"index","follow":"follow","max-snippet":"max-snippet:-1","max-image-preview":"max-image-preview:large","max-video-preview":"max-video-preview:-1"},"canonical":"https:\/\/diariotextual.com\/inicio\/index.php\/2023\/06\/13\/un-fiscal-rechazo-la-excarcelacion-de-l-gante\/","og_locale":"es_ES","og_type":"article","og_title":"Un fiscal rechaz\u00f3 la excarcelaci\u00f3n de L-Gante - Diario Textual","og_description":"El fiscal de General Rodr\u00edguez, Ra\u00fal Villalba, pidi\u00f3 rechazar la excarcelaci\u00f3n Eli\u00e1n Valenzuela, m\u00e1s conocido como L-Gante, que se encuentra detenido por privaci\u00f3n ileg\u00edtima de la libertad y amenaza con&hellip;","og_url":"https:\/\/diariotextual.com\/inicio\/index.php\/2023\/06\/13\/un-fiscal-rechazo-la-excarcelacion-de-l-gante\/","og_site_name":"Diario Textual","article_publisher":"https:\/\/www.facebook.com\/eltextual","article_published_time":"2023-06-13T16:16:24+00:00","article_modified_time":"2023-06-13T16:16:26+00:00","og_image":[{"width":900,"height":506,"url":"https:\/\/diariotextual.com\/inicio\/wp-content\/uploads\/2023\/06\/L-Gante6578.jpg","type":"image\/jpeg"}],"author":"diario2","twitter_card":"summary_large_image","twitter_creator":"@eltextual","twitter_site":"@eltextual","twitter_misc":{"Escrito por":"diario2","Tiempo de lectura":"2 minutos"},"schema":{"@context":"https:\/\/schema.org","@graph":[{"@type":"Article","@id":"https:\/\/diariotextual.com\/inicio\/index.php\/2023\/06\/13\/un-fiscal-rechazo-la-excarcelacion-de-l-gante\/#article","isPartOf":{"@id":"https:\/\/diariotextual.com\/inicio\/index.php\/2023\/06\/13\/un-fiscal-rechazo-la-excarcelacion-de-l-gante\/"},"author":{"name":"diario2","@id":"https:\/\/diariotextual.com\/inicio\/#\/schema\/person\/694f60677f23c4a530867a98f22b3768"},"headline":"Un fiscal rechaz\u00f3 la excarcelaci\u00f3n de L-Gante","datePublished":"2023-06-13T16:16:24+00:00","dateModified":"2023-06-13T16:16:26+00:00","mainEntityOfPage":{"@id":"https:\/\/diariotextual.com\/inicio\/index.php\/2023\/06\/13\/un-fiscal-rechazo-la-excarcelacion-de-l-gante\/"},"wordCount":406,"publisher":{"@id":"https:\/\/diariotextual.com\/inicio\/#organization"},"image":{"@id":"https:\/\/diariotextual.com\/inicio\/index.php\/2023\/06\/13\/un-fiscal-rechazo-la-excarcelacion-de-l-gante\/#primaryimage"},"thumbnailUrl":"https:\/\/diariotextual.com\/inicio\/wp-content\/uploads\/2023\/06\/L-Gante6578.jpg","keywords":["l-gante"],"articleSection":["A - ES NOTICIA (van abajo)","SOCIEDAD"],"inLanguage":"es"},{"@type":"WebPage","@id":"https:\/\/diariotextual.com\/inicio\/index.php\/2023\/06\/13\/un-fiscal-rechazo-la-excarcelacion-de-l-gante\/","url":"https:\/\/diariotextual.com\/inicio\/index.php\/2023\/06\/13\/un-fiscal-rechazo-la-excarcelacion-de-l-gante\/","name":"Un fiscal rechaz\u00f3 la excarcelaci\u00f3n de L-Gante - Diario Textual","isPartOf":{"@id":"https:\/\/diariotextual.com\/inicio\/#website"},"primaryImageOfPage":{"@id":"https:\/\/diariotextual.com\/inicio\/index.php\/2023\/06\/13\/un-fiscal-rechazo-la-excarcelacion-de-l-gante\/#primaryimage"},"image":{"@id":"https:\/\/diariotextual.com\/inicio\/index.php\/2023\/06\/13\/un-fiscal-rechazo-la-excarcelacion-de-l-gante\/#primaryimage"},"thumbnailUrl":"https:\/\/diariotextual.com\/inicio\/wp-content\/uploads\/2023\/06\/L-Gante6578.jpg","datePublished":"2023-06-13T16:16:24+00:00","dateModified":"2023-06-13T16:16:26+00:00","breadcrumb":{"@id":"https:\/\/diariotextual.com\/inicio\/index.php\/2023\/06\/13\/un-fiscal-rechazo-la-excarcelacion-de-l-gante\/#breadcrumb"},"inLanguage":"es","potentialAction":[{"@type":"ReadAction","target":["https:\/\/diariotextual.com\/inicio\/index.php\/2023\/06\/13\/un-fiscal-rechazo-la-excarcelacion-de-l-gante\/"]}]},{"@type":"ImageObject","inLanguage":"es","@id":"https:\/\/diariotextual.com\/inicio\/index.php\/2023\/06\/13\/un-fiscal-rechazo-la-excarcelacion-de-l-gante\/#primaryimage","url":"https:\/\/diariotextual.com\/inicio\/wp-content\/uploads\/2023\/06\/L-Gante6578.jpg","contentUrl":"https:\/\/diariotextual.com\/inicio\/wp-content\/uploads\/2023\/06\/L-Gante6578.jpg","width":900,"height":506},{"@type":"BreadcrumbList","@id":"https:\/\/diariotextual.com\/inicio\/index.php\/2023\/06\/13\/un-fiscal-rechazo-la-excarcelacion-de-l-gante\/#breadcrumb","itemListElement":[{"@type":"ListItem","position":1,"name":"Portada","item":"https:\/\/diariotextual.com\/inicio\/"},{"@type":"ListItem","position":2,"name":"Un fiscal rechaz\u00f3 la excarcelaci\u00f3n de L-Gante"}]},{"@type":"WebSite","@id":"https:\/\/diariotextual.com\/inicio\/#website","url":"https:\/\/diariotextual.com\/inicio\/","name":"Diario Textual","description":"","publisher":{"@id":"https:\/\/diariotextual.com\/inicio\/#organization"},"potentialAction":[{"@type":"SearchAction","target":{"@type":"EntryPoint","urlTemplate":"https:\/\/diariotextual.com\/inicio\/?s={search_term_string}"},"query-input":{"@type":"PropertyValueSpecification","valueRequired":true,"valueName":"search_term_string"}}],"inLanguage":"es"},{"@type":"Organization","@id":"https:\/\/diariotextual.com\/inicio\/#organization","name":"Diario Textual","url":"https:\/\/diariotextual.com\/inicio\/","logo":{"@type":"ImageObject","inLanguage":"es","@id":"https:\/\/diariotextual.com\/inicio\/#\/schema\/logo\/image\/","url":"https:\/\/diariotextual.com\/inicio\/wp-content\/uploads\/2023\/05\/logotextual1.jpg","contentUrl":"https:\/\/diariotextual.com\/inicio\/wp-content\/uploads\/2023\/05\/logotextual1.jpg","width":516,"height":76,"caption":"Diario Textual"},"image":{"@id":"https:\/\/diariotextual.com\/inicio\/#\/schema\/logo\/image\/"},"sameAs":["https:\/\/www.facebook.com\/eltextual","https:\/\/x.com\/eltextual","http:\/\/www.instagram.com\/eltextual"]},{"@type":"Person","@id":"https:\/\/diariotextual.com\/inicio\/#\/schema\/person\/694f60677f23c4a530867a98f22b3768","name":"diario2","image":{"@type":"ImageObject","inLanguage":"es","@id":"https:\/\/secure.gravatar.com\/avatar\/5a2567495ba16b852fcd8f1ed006a2e24fcace936018ed8237e95f488ad6e0a7?s=96&d=mm&r=g","url":"https:\/\/secure.gravatar.com\/avatar\/5a2567495ba16b852fcd8f1ed006a2e24fcace936018ed8237e95f488ad6e0a7?s=96&d=mm&r=g","contentUrl":"https:\/\/secure.gravatar.com\/avatar\/5a2567495ba16b852fcd8f1ed006a2e24fcace936018ed8237e95f488ad6e0a7?s=96&d=mm&r=g","caption":"diario2"},"url":"https:\/\/diariotextual.com\/inicio\/index.php\/author\/diario2\/"}]}},"_links":{"self":[{"href":"https:\/\/diariotextual.com\/inicio\/index.php\/wp-json\/wp\/v2\/posts\/228304","targetHints":{"allow":["GET"]}}],"collection":[{"href":"https:\/\/diariotextual.com\/inicio\/index.php\/wp-json\/wp\/v2\/posts"}],"about":[{"href":"https:\/\/diariotextual.com\/inicio\/index.php\/wp-json\/wp\/v2\/types\/post"}],"author":[{"embeddable":true,"href":"https:\/\/diariotextual.com\/inicio\/index.php\/wp-json\/wp\/v2\/users\/4"}],"replies":[{"embeddable":true,"href":"https:\/\/diariotextual.com\/inicio\/index.php\/wp-json\/wp\/v2\/comments?post=228304"}],"version-history":[{"count":2,"href":"https:\/\/diariotextual.com\/inicio\/index.php\/wp-json\/wp\/v2\/posts\/228304\/revisions"}],"predecessor-version":[{"id":228306,"href":"https:\/\/diariotextual.com\/inicio\/index.php\/wp-json\/wp\/v2\/posts\/228304\/revisions\/228306"}],"wp:featuredmedia":[{"embeddable":true,"href":"https:\/\/diariotextual.com\/inicio\/index.php\/wp-json\/wp\/v2\/media\/227739"}],"wp:attachment":[{"href":"https:\/\/diariotextual.com\/inicio\/index.php\/wp-json\/wp\/v2\/media?parent=228304"}],"wp:term":[{"taxonomy":"category","embeddable":true,"href":"https:\/\/diariotextual.com\/inicio\/index.php\/wp-json\/wp\/v2\/categories?post=228304"},{"taxonomy":"post_tag","embeddable":true,"href":"https:\/\/diariotextual.com\/inicio\/index.php\/wp-json\/wp\/v2\/tags?post=228304"}],"curies":[{"name":"wp","href":"https:\/\/api.w.org\/{rel}","templated":true}]}}