{"id":228307,"date":"2023-06-13T16:41:30","date_gmt":"2023-06-13T19:41:30","guid":{"rendered":"https:\/\/diariotextual.com\/inicio\/?p=228307"},"modified":"2023-06-13T16:41:32","modified_gmt":"2023-06-13T19:41:32","slug":"unlpam-anunciaron-los-nuevos-actos-de-colacion-en-santa-rosa-y-pico","status":"publish","type":"post","link":"https:\/\/diariotextual.com\/inicio\/index.php\/2023\/06\/13\/unlpam-anunciaron-los-nuevos-actos-de-colacion-en-santa-rosa-y-pico\/","title":{"rendered":"UNLPam: anunciaron los nuevos actos de colaci\u00f3n en Santa Rosa y Pico"},"content":{"rendered":"\n<p>La Secretar\u00eda Acad\u00e9mica inform\u00f3 la realizaci\u00f3n de los <strong>pr\u00f3ximos actos de colaci\u00f3n de grado y posgrado se llevar\u00e1n a cabo los d\u00edas mi\u00e9rcoles 5 y viernes 7 de julio<\/strong>, en las sedes de General Pico y Santa Rosa, respectivamente.<\/p>\n\n\n\n<p>En el caso de la sede General Pico, el acto tendr\u00e1 lugar en el auditorio de la Facultad de Ciencias Veterinarias a la hora 18.00, con una ceremonia en la que prestar\u00e1n juramento, promesa o compromiso y recibir\u00e1n diplomas graduadas y graduados de las carreras Licenciatura en Ciencias de la Educaci\u00f3n; Profesorado en Ciencias de la Educaci\u00f3n; Profesorado en Educaci\u00f3n Inicial; Profesorado en Educaci\u00f3n Primaria y Maestr\u00eda en Docencia en Educaci\u00f3n Superior de la Facultad de Ciencias Humanas.<\/p>\n\n\n\n<p>Adem\u00e1s lo har\u00e1n graduadas y graduados de la carrera de Medicina Veterinaria de la Facultad de Ciencias Veterinarias y graduadas y graduados de las carreras Analista Programador\/a; Ingenier\u00eda Electromec\u00e1nica e Ingenier\u00eda en Sistemas de la Facultad de Ingenier\u00eda.<\/p>\n\n\n\n<p>El acto en Santa Rosa se efectuar\u00e1 en el Aula Magna de Gil 353, a la hora 17.<\/p>\n\n\n\n<p>Prestar\u00e1n juramento, promesa o compromiso y recibir\u00e1n diplomas graduadas y graduados de las carreras Ingenier\u00eda Agron\u00f3mica y Maestr\u00eda en Producci\u00f3n Agropecuaria en Regiones Semi\u00e1ridas de la Facultad de Agronom\u00eda y graduadas y graduados de Abogac\u00eda; Contadur\u00eda; Procuraci\u00f3n; Especialidad en Tributaci\u00f3n y Maestr\u00eda en Gesti\u00f3n Empresaria de la Facultad de Ciencias Econ\u00f3micas y Jur\u00eddicas.<\/p>\n\n\n\n<p>De la Facultad de Ciencias Exactas y Naturales recibir\u00e1n diploma graduadas y graduados de la carrera de Enfermer\u00eda Universitaria; Ingenier\u00eda en Recursos Naturales y Medio Ambiente; Licenciatura en F\u00edsica; Licenciatura en Geolog\u00eda; Licenciatura en Qu\u00edmica; Profesorado en Ciencias Biol\u00f3gicas; Profesorado en Matem\u00e1tica; Profesorado en Qu\u00edmica; Tecnicatura en Hidrocarburos; Tecnicatura en Inform\u00e1tica de Gesti\u00f3n y Maestr\u00eda en Ense\u00f1anza en Escenarios Digitales.<\/p>\n\n\n\n<p>De la Facultad de Ciencias Humanas recibir\u00e1n diploma graduadas y graduados de las carreras de Licenciatura en Comunicaci\u00f3n Social; Licenciatura en Geograf\u00eda; Licenciatura en Turismo; Profesorado de Nivel Secundario en Lengua y Literatura; Profesorado en Geograf\u00eda; Profesorado en Historia; Profesorado en Ingl\u00e9s y Especialidad en Ense\u00f1anza de la Lengua y la Literatura.<\/p>\n","protected":false},"excerpt":{"rendered":"<p>La Secretar\u00eda Acad\u00e9mica inform\u00f3 la realizaci\u00f3n de los pr\u00f3ximos actos de colaci\u00f3n de grado y posgrado se llevar\u00e1n a cabo los d\u00edas mi\u00e9rcoles 5 y viernes 7 de julio, en&hellip;<\/p>\n","protected":false},"author":4,"featured_media":110766,"comment_status":"closed","ping_status":"open","sticky":false,"template":"","format":"standard","meta":{"_acf_changed":false,"footnotes":""},"categories":[1,12],"tags":[],"class_list":["post-228307","post","type-post","status-publish","format-standard","has-post-thumbnail","hentry","category-es-noticia","category-sociedad"],"acf":[],"yoast_head":"<!-- This site is optimized with the Yoast SEO plugin v27.5 - https:\/\/yoast.com\/product\/yoast-seo-wordpress\/ -->\n<title>UNLPam: anunciaron los nuevos actos de colaci\u00f3n en Santa Rosa y Pico - Diario Textual<\/title>\n<meta name=\"robots\" content=\"index, follow, max-snippet:-1, max-image-preview:large, max-video-preview:-1\" \/>\n<link rel=\"canonical\" href=\"https:\/\/diariotextual.com\/inicio\/index.php\/2023\/06\/13\/unlpam-anunciaron-los-nuevos-actos-de-colacion-en-santa-rosa-y-pico\/\" \/>\n<meta property=\"og:locale\" content=\"es_ES\" \/>\n<meta property=\"og:type\" content=\"article\" \/>\n<meta property=\"og:title\" content=\"UNLPam: anunciaron los nuevos actos de colaci\u00f3n en Santa Rosa y Pico - Diario Textual\" \/>\n<meta property=\"og:description\" content=\"La Secretar\u00eda Acad\u00e9mica inform\u00f3 la realizaci\u00f3n de los pr\u00f3ximos actos de colaci\u00f3n de grado y posgrado se llevar\u00e1n a cabo los d\u00edas mi\u00e9rcoles 5 y viernes 7 de julio, en&hellip;\" \/>\n<meta property=\"og:url\" content=\"https:\/\/diariotextual.com\/inicio\/index.php\/2023\/06\/13\/unlpam-anunciaron-los-nuevos-actos-de-colacion-en-santa-rosa-y-pico\/\" \/>\n<meta property=\"og:site_name\" content=\"Diario Textual\" \/>\n<meta property=\"article:publisher\" content=\"https:\/\/www.facebook.com\/eltextual\" \/>\n<meta property=\"article:published_time\" content=\"2023-06-13T19:41:30+00:00\" \/>\n<meta property=\"article:modified_time\" content=\"2023-06-13T19:41:32+00:00\" \/>\n<meta property=\"og:image\" content=\"https:\/\/diariotextual.com\/inicio\/wp-content\/uploads\/2020\/09\/unlpamdiplomasgraduados2222.jpg\" \/>\n\t<meta property=\"og:image:width\" content=\"726\" \/>\n\t<meta property=\"og:image:height\" content=\"501\" \/>\n\t<meta property=\"og:image:type\" content=\"image\/jpeg\" \/>\n<meta name=\"author\" content=\"diario2\" \/>\n<meta name=\"twitter:card\" content=\"summary_large_image\" \/>\n<meta name=\"twitter:creator\" content=\"@eltextual\" \/>\n<meta name=\"twitter:site\" content=\"@eltextual\" \/>\n<meta name=\"twitter:label1\" content=\"Escrito por\" \/>\n\t<meta name=\"twitter:data1\" content=\"diario2\" \/>\n\t<meta name=\"twitter:label2\" content=\"Tiempo de lectura\" \/>\n\t<meta name=\"twitter:data2\" content=\"2 minutos\" \/>\n<script type=\"application\/ld+json\" class=\"yoast-schema-graph\">{\"@context\":\"https:\\\/\\\/schema.org\",\"@graph\":[{\"@type\":\"Article\",\"@id\":\"https:\\\/\\\/diariotextual.com\\\/inicio\\\/index.php\\\/2023\\\/06\\\/13\\\/unlpam-anunciaron-los-nuevos-actos-de-colacion-en-santa-rosa-y-pico\\\/#article\",\"isPartOf\":{\"@id\":\"https:\\\/\\\/diariotextual.com\\\/inicio\\\/index.php\\\/2023\\\/06\\\/13\\\/unlpam-anunciaron-los-nuevos-actos-de-colacion-en-santa-rosa-y-pico\\\/\"},\"author\":{\"name\":\"diario2\",\"@id\":\"https:\\\/\\\/diariotextual.com\\\/inicio\\\/#\\\/schema\\\/person\\\/694f60677f23c4a530867a98f22b3768\"},\"headline\":\"UNLPam: anunciaron los nuevos actos de colaci\u00f3n en Santa Rosa y Pico\",\"datePublished\":\"2023-06-13T19:41:30+00:00\",\"dateModified\":\"2023-06-13T19:41:32+00:00\",\"mainEntityOfPage\":{\"@id\":\"https:\\\/\\\/diariotextual.com\\\/inicio\\\/index.php\\\/2023\\\/06\\\/13\\\/unlpam-anunciaron-los-nuevos-actos-de-colacion-en-santa-rosa-y-pico\\\/\"},\"wordCount\":404,\"publisher\":{\"@id\":\"https:\\\/\\\/diariotextual.com\\\/inicio\\\/#organization\"},\"image\":{\"@id\":\"https:\\\/\\\/diariotextual.com\\\/inicio\\\/index.php\\\/2023\\\/06\\\/13\\\/unlpam-anunciaron-los-nuevos-actos-de-colacion-en-santa-rosa-y-pico\\\/#primaryimage\"},\"thumbnailUrl\":\"https:\\\/\\\/diariotextual.com\\\/inicio\\\/wp-content\\\/uploads\\\/2020\\\/09\\\/unlpamdiplomasgraduados2222.jpg\",\"articleSection\":[\"A - ES NOTICIA (van abajo)\",\"SOCIEDAD\"],\"inLanguage\":\"es\"},{\"@type\":\"WebPage\",\"@id\":\"https:\\\/\\\/diariotextual.com\\\/inicio\\\/index.php\\\/2023\\\/06\\\/13\\\/unlpam-anunciaron-los-nuevos-actos-de-colacion-en-santa-rosa-y-pico\\\/\",\"url\":\"https:\\\/\\\/diariotextual.com\\\/inicio\\\/index.php\\\/2023\\\/06\\\/13\\\/unlpam-anunciaron-los-nuevos-actos-de-colacion-en-santa-rosa-y-pico\\\/\",\"name\":\"UNLPam: anunciaron los nuevos actos de colaci\u00f3n en Santa Rosa y Pico - Diario Textual\",\"isPartOf\":{\"@id\":\"https:\\\/\\\/diariotextual.com\\\/inicio\\\/#website\"},\"primaryImageOfPage\":{\"@id\":\"https:\\\/\\\/diariotextual.com\\\/inicio\\\/index.php\\\/2023\\\/06\\\/13\\\/unlpam-anunciaron-los-nuevos-actos-de-colacion-en-santa-rosa-y-pico\\\/#primaryimage\"},\"image\":{\"@id\":\"https:\\\/\\\/diariotextual.com\\\/inicio\\\/index.php\\\/2023\\\/06\\\/13\\\/unlpam-anunciaron-los-nuevos-actos-de-colacion-en-santa-rosa-y-pico\\\/#primaryimage\"},\"thumbnailUrl\":\"https:\\\/\\\/diariotextual.com\\\/inicio\\\/wp-content\\\/uploads\\\/2020\\\/09\\\/unlpamdiplomasgraduados2222.jpg\",\"datePublished\":\"2023-06-13T19:41:30+00:00\",\"dateModified\":\"2023-06-13T19:41:32+00:00\",\"breadcrumb\":{\"@id\":\"https:\\\/\\\/diariotextual.com\\\/inicio\\\/index.php\\\/2023\\\/06\\\/13\\\/unlpam-anunciaron-los-nuevos-actos-de-colacion-en-santa-rosa-y-pico\\\/#breadcrumb\"},\"inLanguage\":\"es\",\"potentialAction\":[{\"@type\":\"ReadAction\",\"target\":[\"https:\\\/\\\/diariotextual.com\\\/inicio\\\/index.php\\\/2023\\\/06\\\/13\\\/unlpam-anunciaron-los-nuevos-actos-de-colacion-en-santa-rosa-y-pico\\\/\"]}]},{\"@type\":\"ImageObject\",\"inLanguage\":\"es\",\"@id\":\"https:\\\/\\\/diariotextual.com\\\/inicio\\\/index.php\\\/2023\\\/06\\\/13\\\/unlpam-anunciaron-los-nuevos-actos-de-colacion-en-santa-rosa-y-pico\\\/#primaryimage\",\"url\":\"https:\\\/\\\/diariotextual.com\\\/inicio\\\/wp-content\\\/uploads\\\/2020\\\/09\\\/unlpamdiplomasgraduados2222.jpg\",\"contentUrl\":\"https:\\\/\\\/diariotextual.com\\\/inicio\\\/wp-content\\\/uploads\\\/2020\\\/09\\\/unlpamdiplomasgraduados2222.jpg\",\"width\":726,\"height\":501},{\"@type\":\"BreadcrumbList\",\"@id\":\"https:\\\/\\\/diariotextual.com\\\/inicio\\\/index.php\\\/2023\\\/06\\\/13\\\/unlpam-anunciaron-los-nuevos-actos-de-colacion-en-santa-rosa-y-pico\\\/#breadcrumb\",\"itemListElement\":[{\"@type\":\"ListItem\",\"position\":1,\"name\":\"Portada\",\"item\":\"https:\\\/\\\/diariotextual.com\\\/inicio\\\/\"},{\"@type\":\"ListItem\",\"position\":2,\"name\":\"UNLPam: anunciaron los nuevos actos de colaci\u00f3n en Santa Rosa y Pico\"}]},{\"@type\":\"WebSite\",\"@id\":\"https:\\\/\\\/diariotextual.com\\\/inicio\\\/#website\",\"url\":\"https:\\\/\\\/diariotextual.com\\\/inicio\\\/\",\"name\":\"Diario Textual\",\"description\":\"\",\"publisher\":{\"@id\":\"https:\\\/\\\/diariotextual.com\\\/inicio\\\/#organization\"},\"potentialAction\":[{\"@type\":\"SearchAction\",\"target\":{\"@type\":\"EntryPoint\",\"urlTemplate\":\"https:\\\/\\\/diariotextual.com\\\/inicio\\\/?s={search_term_string}\"},\"query-input\":{\"@type\":\"PropertyValueSpecification\",\"valueRequired\":true,\"valueName\":\"search_term_string\"}}],\"inLanguage\":\"es\"},{\"@type\":\"Organization\",\"@id\":\"https:\\\/\\\/diariotextual.com\\\/inicio\\\/#organization\",\"name\":\"Diario Textual\",\"url\":\"https:\\\/\\\/diariotextual.com\\\/inicio\\\/\",\"logo\":{\"@type\":\"ImageObject\",\"inLanguage\":\"es\",\"@id\":\"https:\\\/\\\/diariotextual.com\\\/inicio\\\/#\\\/schema\\\/logo\\\/image\\\/\",\"url\":\"https:\\\/\\\/diariotextual.com\\\/inicio\\\/wp-content\\\/uploads\\\/2023\\\/05\\\/logotextual1.jpg\",\"contentUrl\":\"https:\\\/\\\/diariotextual.com\\\/inicio\\\/wp-content\\\/uploads\\\/2023\\\/05\\\/logotextual1.jpg\",\"width\":516,\"height\":76,\"caption\":\"Diario Textual\"},\"image\":{\"@id\":\"https:\\\/\\\/diariotextual.com\\\/inicio\\\/#\\\/schema\\\/logo\\\/image\\\/\"},\"sameAs\":[\"https:\\\/\\\/www.facebook.com\\\/eltextual\",\"https:\\\/\\\/x.com\\\/eltextual\",\"http:\\\/\\\/www.instagram.com\\\/eltextual\"]},{\"@type\":\"Person\",\"@id\":\"https:\\\/\\\/diariotextual.com\\\/inicio\\\/#\\\/schema\\\/person\\\/694f60677f23c4a530867a98f22b3768\",\"name\":\"diario2\",\"image\":{\"@type\":\"ImageObject\",\"inLanguage\":\"es\",\"@id\":\"https:\\\/\\\/secure.gravatar.com\\\/avatar\\\/5a2567495ba16b852fcd8f1ed006a2e24fcace936018ed8237e95f488ad6e0a7?s=96&d=mm&r=g\",\"url\":\"https:\\\/\\\/secure.gravatar.com\\\/avatar\\\/5a2567495ba16b852fcd8f1ed006a2e24fcace936018ed8237e95f488ad6e0a7?s=96&d=mm&r=g\",\"contentUrl\":\"https:\\\/\\\/secure.gravatar.com\\\/avatar\\\/5a2567495ba16b852fcd8f1ed006a2e24fcace936018ed8237e95f488ad6e0a7?s=96&d=mm&r=g\",\"caption\":\"diario2\"},\"url\":\"https:\\\/\\\/diariotextual.com\\\/inicio\\\/index.php\\\/author\\\/diario2\\\/\"}]}<\/script>\n<!-- \/ Yoast SEO plugin. -->","yoast_head_json":{"title":"UNLPam: anunciaron los nuevos actos de colaci\u00f3n en Santa Rosa y Pico - Diario Textual","robots":{"index":"index","follow":"follow","max-snippet":"max-snippet:-1","max-image-preview":"max-image-preview:large","max-video-preview":"max-video-preview:-1"},"canonical":"https:\/\/diariotextual.com\/inicio\/index.php\/2023\/06\/13\/unlpam-anunciaron-los-nuevos-actos-de-colacion-en-santa-rosa-y-pico\/","og_locale":"es_ES","og_type":"article","og_title":"UNLPam: anunciaron los nuevos actos de colaci\u00f3n en Santa Rosa y Pico - Diario Textual","og_description":"La Secretar\u00eda Acad\u00e9mica inform\u00f3 la realizaci\u00f3n de los pr\u00f3ximos actos de colaci\u00f3n de grado y posgrado se llevar\u00e1n a cabo los d\u00edas mi\u00e9rcoles 5 y viernes 7 de julio, en&hellip;","og_url":"https:\/\/diariotextual.com\/inicio\/index.php\/2023\/06\/13\/unlpam-anunciaron-los-nuevos-actos-de-colacion-en-santa-rosa-y-pico\/","og_site_name":"Diario Textual","article_publisher":"https:\/\/www.facebook.com\/eltextual","article_published_time":"2023-06-13T19:41:30+00:00","article_modified_time":"2023-06-13T19:41:32+00:00","og_image":[{"width":726,"height":501,"url":"https:\/\/diariotextual.com\/inicio\/wp-content\/uploads\/2020\/09\/unlpamdiplomasgraduados2222.jpg","type":"image\/jpeg"}],"author":"diario2","twitter_card":"summary_large_image","twitter_creator":"@eltextual","twitter_site":"@eltextual","twitter_misc":{"Escrito por":"diario2","Tiempo de lectura":"2 minutos"},"schema":{"@context":"https:\/\/schema.org","@graph":[{"@type":"Article","@id":"https:\/\/diariotextual.com\/inicio\/index.php\/2023\/06\/13\/unlpam-anunciaron-los-nuevos-actos-de-colacion-en-santa-rosa-y-pico\/#article","isPartOf":{"@id":"https:\/\/diariotextual.com\/inicio\/index.php\/2023\/06\/13\/unlpam-anunciaron-los-nuevos-actos-de-colacion-en-santa-rosa-y-pico\/"},"author":{"name":"diario2","@id":"https:\/\/diariotextual.com\/inicio\/#\/schema\/person\/694f60677f23c4a530867a98f22b3768"},"headline":"UNLPam: anunciaron los nuevos actos de colaci\u00f3n en Santa Rosa y Pico","datePublished":"2023-06-13T19:41:30+00:00","dateModified":"2023-06-13T19:41:32+00:00","mainEntityOfPage":{"@id":"https:\/\/diariotextual.com\/inicio\/index.php\/2023\/06\/13\/unlpam-anunciaron-los-nuevos-actos-de-colacion-en-santa-rosa-y-pico\/"},"wordCount":404,"publisher":{"@id":"https:\/\/diariotextual.com\/inicio\/#organization"},"image":{"@id":"https:\/\/diariotextual.com\/inicio\/index.php\/2023\/06\/13\/unlpam-anunciaron-los-nuevos-actos-de-colacion-en-santa-rosa-y-pico\/#primaryimage"},"thumbnailUrl":"https:\/\/diariotextual.com\/inicio\/wp-content\/uploads\/2020\/09\/unlpamdiplomasgraduados2222.jpg","articleSection":["A - ES NOTICIA (van abajo)","SOCIEDAD"],"inLanguage":"es"},{"@type":"WebPage","@id":"https:\/\/diariotextual.com\/inicio\/index.php\/2023\/06\/13\/unlpam-anunciaron-los-nuevos-actos-de-colacion-en-santa-rosa-y-pico\/","url":"https:\/\/diariotextual.com\/inicio\/index.php\/2023\/06\/13\/unlpam-anunciaron-los-nuevos-actos-de-colacion-en-santa-rosa-y-pico\/","name":"UNLPam: anunciaron los nuevos actos de colaci\u00f3n en Santa Rosa y Pico - Diario Textual","isPartOf":{"@id":"https:\/\/diariotextual.com\/inicio\/#website"},"primaryImageOfPage":{"@id":"https:\/\/diariotextual.com\/inicio\/index.php\/2023\/06\/13\/unlpam-anunciaron-los-nuevos-actos-de-colacion-en-santa-rosa-y-pico\/#primaryimage"},"image":{"@id":"https:\/\/diariotextual.com\/inicio\/index.php\/2023\/06\/13\/unlpam-anunciaron-los-nuevos-actos-de-colacion-en-santa-rosa-y-pico\/#primaryimage"},"thumbnailUrl":"https:\/\/diariotextual.com\/inicio\/wp-content\/uploads\/2020\/09\/unlpamdiplomasgraduados2222.jpg","datePublished":"2023-06-13T19:41:30+00:00","dateModified":"2023-06-13T19:41:32+00:00","breadcrumb":{"@id":"https:\/\/diariotextual.com\/inicio\/index.php\/2023\/06\/13\/unlpam-anunciaron-los-nuevos-actos-de-colacion-en-santa-rosa-y-pico\/#breadcrumb"},"inLanguage":"es","potentialAction":[{"@type":"ReadAction","target":["https:\/\/diariotextual.com\/inicio\/index.php\/2023\/06\/13\/unlpam-anunciaron-los-nuevos-actos-de-colacion-en-santa-rosa-y-pico\/"]}]},{"@type":"ImageObject","inLanguage":"es","@id":"https:\/\/diariotextual.com\/inicio\/index.php\/2023\/06\/13\/unlpam-anunciaron-los-nuevos-actos-de-colacion-en-santa-rosa-y-pico\/#primaryimage","url":"https:\/\/diariotextual.com\/inicio\/wp-content\/uploads\/2020\/09\/unlpamdiplomasgraduados2222.jpg","contentUrl":"https:\/\/diariotextual.com\/inicio\/wp-content\/uploads\/2020\/09\/unlpamdiplomasgraduados2222.jpg","width":726,"height":501},{"@type":"BreadcrumbList","@id":"https:\/\/diariotextual.com\/inicio\/index.php\/2023\/06\/13\/unlpam-anunciaron-los-nuevos-actos-de-colacion-en-santa-rosa-y-pico\/#breadcrumb","itemListElement":[{"@type":"ListItem","position":1,"name":"Portada","item":"https:\/\/diariotextual.com\/inicio\/"},{"@type":"ListItem","position":2,"name":"UNLPam: anunciaron los nuevos actos de colaci\u00f3n en Santa Rosa y Pico"}]},{"@type":"WebSite","@id":"https:\/\/diariotextual.com\/inicio\/#website","url":"https:\/\/diariotextual.com\/inicio\/","name":"Diario Textual","description":"","publisher":{"@id":"https:\/\/diariotextual.com\/inicio\/#organization"},"potentialAction":[{"@type":"SearchAction","target":{"@type":"EntryPoint","urlTemplate":"https:\/\/diariotextual.com\/inicio\/?s={search_term_string}"},"query-input":{"@type":"PropertyValueSpecification","valueRequired":true,"valueName":"search_term_string"}}],"inLanguage":"es"},{"@type":"Organization","@id":"https:\/\/diariotextual.com\/inicio\/#organization","name":"Diario Textual","url":"https:\/\/diariotextual.com\/inicio\/","logo":{"@type":"ImageObject","inLanguage":"es","@id":"https:\/\/diariotextual.com\/inicio\/#\/schema\/logo\/image\/","url":"https:\/\/diariotextual.com\/inicio\/wp-content\/uploads\/2023\/05\/logotextual1.jpg","contentUrl":"https:\/\/diariotextual.com\/inicio\/wp-content\/uploads\/2023\/05\/logotextual1.jpg","width":516,"height":76,"caption":"Diario Textual"},"image":{"@id":"https:\/\/diariotextual.com\/inicio\/#\/schema\/logo\/image\/"},"sameAs":["https:\/\/www.facebook.com\/eltextual","https:\/\/x.com\/eltextual","http:\/\/www.instagram.com\/eltextual"]},{"@type":"Person","@id":"https:\/\/diariotextual.com\/inicio\/#\/schema\/person\/694f60677f23c4a530867a98f22b3768","name":"diario2","image":{"@type":"ImageObject","inLanguage":"es","@id":"https:\/\/secure.gravatar.com\/avatar\/5a2567495ba16b852fcd8f1ed006a2e24fcace936018ed8237e95f488ad6e0a7?s=96&d=mm&r=g","url":"https:\/\/secure.gravatar.com\/avatar\/5a2567495ba16b852fcd8f1ed006a2e24fcace936018ed8237e95f488ad6e0a7?s=96&d=mm&r=g","contentUrl":"https:\/\/secure.gravatar.com\/avatar\/5a2567495ba16b852fcd8f1ed006a2e24fcace936018ed8237e95f488ad6e0a7?s=96&d=mm&r=g","caption":"diario2"},"url":"https:\/\/diariotextual.com\/inicio\/index.php\/author\/diario2\/"}]}},"_links":{"self":[{"href":"https:\/\/diariotextual.com\/inicio\/index.php\/wp-json\/wp\/v2\/posts\/228307","targetHints":{"allow":["GET"]}}],"collection":[{"href":"https:\/\/diariotextual.com\/inicio\/index.php\/wp-json\/wp\/v2\/posts"}],"about":[{"href":"https:\/\/diariotextual.com\/inicio\/index.php\/wp-json\/wp\/v2\/types\/post"}],"author":[{"embeddable":true,"href":"https:\/\/diariotextual.com\/inicio\/index.php\/wp-json\/wp\/v2\/users\/4"}],"replies":[{"embeddable":true,"href":"https:\/\/diariotextual.com\/inicio\/index.php\/wp-json\/wp\/v2\/comments?post=228307"}],"version-history":[{"count":1,"href":"https:\/\/diariotextual.com\/inicio\/index.php\/wp-json\/wp\/v2\/posts\/228307\/revisions"}],"predecessor-version":[{"id":228308,"href":"https:\/\/diariotextual.com\/inicio\/index.php\/wp-json\/wp\/v2\/posts\/228307\/revisions\/228308"}],"wp:featuredmedia":[{"embeddable":true,"href":"https:\/\/diariotextual.com\/inicio\/index.php\/wp-json\/wp\/v2\/media\/110766"}],"wp:attachment":[{"href":"https:\/\/diariotextual.com\/inicio\/index.php\/wp-json\/wp\/v2\/media?parent=228307"}],"wp:term":[{"taxonomy":"category","embeddable":true,"href":"https:\/\/diariotextual.com\/inicio\/index.php\/wp-json\/wp\/v2\/categories?post=228307"},{"taxonomy":"post_tag","embeddable":true,"href":"https:\/\/diariotextual.com\/inicio\/index.php\/wp-json\/wp\/v2\/tags?post=228307"}],"curies":[{"name":"wp","href":"https:\/\/api.w.org\/{rel}","templated":true}]}}