{"id":228401,"date":"2023-06-14T12:49:42","date_gmt":"2023-06-14T15:49:42","guid":{"rendered":"https:\/\/diariotextual.com\/inicio\/?p=228401"},"modified":"2023-06-14T12:49:44","modified_gmt":"2023-06-14T15:49:44","slug":"hallaron-sin-vida-a-jacinto-roux-el-joven-que-estaba-desaparecido-en-pellegrini","status":"publish","type":"post","link":"https:\/\/diariotextual.com\/inicio\/index.php\/2023\/06\/14\/hallaron-sin-vida-a-jacinto-roux-el-joven-que-estaba-desaparecido-en-pellegrini\/","title":{"rendered":"Hallaron sin vida a Jacinto Roux, el joven que estaba desaparecido en Pellegrini"},"content":{"rendered":"\n<p>En horas de la ma\u00f1ana de este mi\u00e9rcoles fue hallado sin vida en un descampado el joven pellegrinense Jacinto Roux, quien era intensamente buscado desde hac\u00eda 17 d\u00edas.<\/p>\n\n\n\n<p>Polic\u00eda Cient\u00edfica trabaja en el lugar donde fue encontrado el cuerpo, un descampado ubicado en unza zona de quintas de Pellegrini, realizando los peritajes correspondientes para llevar adelante la investigaci\u00f3n que buscar\u00e1 determinar las causas del deceso.<\/p>\n\n\n\n<p>Jacinto Roux de 20 a\u00f1os hab\u00eda desaparecido en la madrugada del lunes 29 de mayo cuando, seg\u00fan sus testigos, sali\u00f3 corriendo \u201calterado\u201d de la casa de un amigo.<\/p>\n","protected":false},"excerpt":{"rendered":"<p>En horas de la ma\u00f1ana de este mi\u00e9rcoles fue hallado sin vida en un descampado el joven pellegrinense Jacinto Roux, quien era intensamente buscado desde hac\u00eda 17 d\u00edas. Polic\u00eda Cient\u00edfica&hellip;<\/p>\n","protected":false},"author":3,"featured_media":228404,"comment_status":"closed","ping_status":"open","sticky":false,"template":"","format":"standard","meta":{"_acf_changed":false,"footnotes":""},"categories":[4,12],"tags":[],"class_list":["post-228401","post","type-post","status-publish","format-standard","has-post-thumbnail","hentry","category-destacadas","category-sociedad"],"acf":[],"yoast_head":"<!-- This site is optimized with the Yoast SEO plugin v27.5 - https:\/\/yoast.com\/product\/yoast-seo-wordpress\/ -->\n<title>Hallaron sin vida a Jacinto Roux, el joven que estaba desaparecido en Pellegrini - Diario Textual<\/title>\n<meta name=\"robots\" content=\"index, follow, max-snippet:-1, max-image-preview:large, max-video-preview:-1\" \/>\n<link rel=\"canonical\" href=\"https:\/\/diariotextual.com\/inicio\/index.php\/2023\/06\/14\/hallaron-sin-vida-a-jacinto-roux-el-joven-que-estaba-desaparecido-en-pellegrini\/\" \/>\n<meta property=\"og:locale\" content=\"es_ES\" \/>\n<meta property=\"og:type\" content=\"article\" \/>\n<meta property=\"og:title\" content=\"Hallaron sin vida a Jacinto Roux, el joven que estaba desaparecido en Pellegrini - Diario Textual\" \/>\n<meta property=\"og:description\" content=\"En horas de la ma\u00f1ana de este mi\u00e9rcoles fue hallado sin vida en un descampado el joven pellegrinense Jacinto Roux, quien era intensamente buscado desde hac\u00eda 17 d\u00edas. Polic\u00eda Cient\u00edfica&hellip;\" \/>\n<meta property=\"og:url\" content=\"https:\/\/diariotextual.com\/inicio\/index.php\/2023\/06\/14\/hallaron-sin-vida-a-jacinto-roux-el-joven-que-estaba-desaparecido-en-pellegrini\/\" \/>\n<meta property=\"og:site_name\" content=\"Diario Textual\" \/>\n<meta property=\"article:publisher\" content=\"https:\/\/www.facebook.com\/eltextual\" \/>\n<meta property=\"article:published_time\" content=\"2023-06-14T15:49:42+00:00\" \/>\n<meta property=\"article:modified_time\" content=\"2023-06-14T15:49:44+00:00\" \/>\n<meta property=\"og:image\" content=\"https:\/\/diariotextual.com\/inicio\/wp-content\/uploads\/2023\/06\/rouxjacintobusqueda2023-2.jpg\" \/>\n\t<meta property=\"og:image:width\" content=\"1388\" \/>\n\t<meta property=\"og:image:height\" content=\"732\" \/>\n\t<meta property=\"og:image:type\" content=\"image\/jpeg\" \/>\n<meta name=\"author\" content=\"Diario1 Diario1\" \/>\n<meta name=\"twitter:card\" content=\"summary_large_image\" \/>\n<meta name=\"twitter:creator\" content=\"@eltextual\" \/>\n<meta name=\"twitter:site\" content=\"@eltextual\" \/>\n<meta name=\"twitter:label1\" content=\"Escrito por\" \/>\n\t<meta name=\"twitter:data1\" content=\"Diario1 Diario1\" \/>\n\t<meta name=\"twitter:label2\" content=\"Tiempo de lectura\" \/>\n\t<meta name=\"twitter:data2\" content=\"1 minuto\" \/>\n<script type=\"application\/ld+json\" class=\"yoast-schema-graph\">{\"@context\":\"https:\\\/\\\/schema.org\",\"@graph\":[{\"@type\":\"Article\",\"@id\":\"https:\\\/\\\/diariotextual.com\\\/inicio\\\/index.php\\\/2023\\\/06\\\/14\\\/hallaron-sin-vida-a-jacinto-roux-el-joven-que-estaba-desaparecido-en-pellegrini\\\/#article\",\"isPartOf\":{\"@id\":\"https:\\\/\\\/diariotextual.com\\\/inicio\\\/index.php\\\/2023\\\/06\\\/14\\\/hallaron-sin-vida-a-jacinto-roux-el-joven-que-estaba-desaparecido-en-pellegrini\\\/\"},\"author\":{\"name\":\"Diario1 Diario1\",\"@id\":\"https:\\\/\\\/diariotextual.com\\\/inicio\\\/#\\\/schema\\\/person\\\/418fc4093c33e86ed41562db3508f958\"},\"headline\":\"Hallaron sin vida a Jacinto Roux, el joven que estaba desaparecido en Pellegrini\",\"datePublished\":\"2023-06-14T15:49:42+00:00\",\"dateModified\":\"2023-06-14T15:49:44+00:00\",\"mainEntityOfPage\":{\"@id\":\"https:\\\/\\\/diariotextual.com\\\/inicio\\\/index.php\\\/2023\\\/06\\\/14\\\/hallaron-sin-vida-a-jacinto-roux-el-joven-que-estaba-desaparecido-en-pellegrini\\\/\"},\"wordCount\":113,\"publisher\":{\"@id\":\"https:\\\/\\\/diariotextual.com\\\/inicio\\\/#organization\"},\"image\":{\"@id\":\"https:\\\/\\\/diariotextual.com\\\/inicio\\\/index.php\\\/2023\\\/06\\\/14\\\/hallaron-sin-vida-a-jacinto-roux-el-joven-que-estaba-desaparecido-en-pellegrini\\\/#primaryimage\"},\"thumbnailUrl\":\"https:\\\/\\\/diariotextual.com\\\/inicio\\\/wp-content\\\/uploads\\\/2023\\\/06\\\/rouxjacintobusqueda2023-2.jpg\",\"articleSection\":[\"A - DESTACADAS (mod 16)\",\"SOCIEDAD\"],\"inLanguage\":\"es\"},{\"@type\":\"WebPage\",\"@id\":\"https:\\\/\\\/diariotextual.com\\\/inicio\\\/index.php\\\/2023\\\/06\\\/14\\\/hallaron-sin-vida-a-jacinto-roux-el-joven-que-estaba-desaparecido-en-pellegrini\\\/\",\"url\":\"https:\\\/\\\/diariotextual.com\\\/inicio\\\/index.php\\\/2023\\\/06\\\/14\\\/hallaron-sin-vida-a-jacinto-roux-el-joven-que-estaba-desaparecido-en-pellegrini\\\/\",\"name\":\"Hallaron sin vida a Jacinto Roux, el joven que estaba desaparecido en Pellegrini - Diario Textual\",\"isPartOf\":{\"@id\":\"https:\\\/\\\/diariotextual.com\\\/inicio\\\/#website\"},\"primaryImageOfPage\":{\"@id\":\"https:\\\/\\\/diariotextual.com\\\/inicio\\\/index.php\\\/2023\\\/06\\\/14\\\/hallaron-sin-vida-a-jacinto-roux-el-joven-que-estaba-desaparecido-en-pellegrini\\\/#primaryimage\"},\"image\":{\"@id\":\"https:\\\/\\\/diariotextual.com\\\/inicio\\\/index.php\\\/2023\\\/06\\\/14\\\/hallaron-sin-vida-a-jacinto-roux-el-joven-que-estaba-desaparecido-en-pellegrini\\\/#primaryimage\"},\"thumbnailUrl\":\"https:\\\/\\\/diariotextual.com\\\/inicio\\\/wp-content\\\/uploads\\\/2023\\\/06\\\/rouxjacintobusqueda2023-2.jpg\",\"datePublished\":\"2023-06-14T15:49:42+00:00\",\"dateModified\":\"2023-06-14T15:49:44+00:00\",\"breadcrumb\":{\"@id\":\"https:\\\/\\\/diariotextual.com\\\/inicio\\\/index.php\\\/2023\\\/06\\\/14\\\/hallaron-sin-vida-a-jacinto-roux-el-joven-que-estaba-desaparecido-en-pellegrini\\\/#breadcrumb\"},\"inLanguage\":\"es\",\"potentialAction\":[{\"@type\":\"ReadAction\",\"target\":[\"https:\\\/\\\/diariotextual.com\\\/inicio\\\/index.php\\\/2023\\\/06\\\/14\\\/hallaron-sin-vida-a-jacinto-roux-el-joven-que-estaba-desaparecido-en-pellegrini\\\/\"]}]},{\"@type\":\"ImageObject\",\"inLanguage\":\"es\",\"@id\":\"https:\\\/\\\/diariotextual.com\\\/inicio\\\/index.php\\\/2023\\\/06\\\/14\\\/hallaron-sin-vida-a-jacinto-roux-el-joven-que-estaba-desaparecido-en-pellegrini\\\/#primaryimage\",\"url\":\"https:\\\/\\\/diariotextual.com\\\/inicio\\\/wp-content\\\/uploads\\\/2023\\\/06\\\/rouxjacintobusqueda2023-2.jpg\",\"contentUrl\":\"https:\\\/\\\/diariotextual.com\\\/inicio\\\/wp-content\\\/uploads\\\/2023\\\/06\\\/rouxjacintobusqueda2023-2.jpg\",\"width\":1388,\"height\":732},{\"@type\":\"BreadcrumbList\",\"@id\":\"https:\\\/\\\/diariotextual.com\\\/inicio\\\/index.php\\\/2023\\\/06\\\/14\\\/hallaron-sin-vida-a-jacinto-roux-el-joven-que-estaba-desaparecido-en-pellegrini\\\/#breadcrumb\",\"itemListElement\":[{\"@type\":\"ListItem\",\"position\":1,\"name\":\"Portada\",\"item\":\"https:\\\/\\\/diariotextual.com\\\/inicio\\\/\"},{\"@type\":\"ListItem\",\"position\":2,\"name\":\"Hallaron sin vida a Jacinto Roux, el joven que estaba desaparecido en Pellegrini\"}]},{\"@type\":\"WebSite\",\"@id\":\"https:\\\/\\\/diariotextual.com\\\/inicio\\\/#website\",\"url\":\"https:\\\/\\\/diariotextual.com\\\/inicio\\\/\",\"name\":\"Diario Textual\",\"description\":\"\",\"publisher\":{\"@id\":\"https:\\\/\\\/diariotextual.com\\\/inicio\\\/#organization\"},\"potentialAction\":[{\"@type\":\"SearchAction\",\"target\":{\"@type\":\"EntryPoint\",\"urlTemplate\":\"https:\\\/\\\/diariotextual.com\\\/inicio\\\/?s={search_term_string}\"},\"query-input\":{\"@type\":\"PropertyValueSpecification\",\"valueRequired\":true,\"valueName\":\"search_term_string\"}}],\"inLanguage\":\"es\"},{\"@type\":\"Organization\",\"@id\":\"https:\\\/\\\/diariotextual.com\\\/inicio\\\/#organization\",\"name\":\"Diario Textual\",\"url\":\"https:\\\/\\\/diariotextual.com\\\/inicio\\\/\",\"logo\":{\"@type\":\"ImageObject\",\"inLanguage\":\"es\",\"@id\":\"https:\\\/\\\/diariotextual.com\\\/inicio\\\/#\\\/schema\\\/logo\\\/image\\\/\",\"url\":\"https:\\\/\\\/diariotextual.com\\\/inicio\\\/wp-content\\\/uploads\\\/2023\\\/05\\\/logotextual1.jpg\",\"contentUrl\":\"https:\\\/\\\/diariotextual.com\\\/inicio\\\/wp-content\\\/uploads\\\/2023\\\/05\\\/logotextual1.jpg\",\"width\":516,\"height\":76,\"caption\":\"Diario Textual\"},\"image\":{\"@id\":\"https:\\\/\\\/diariotextual.com\\\/inicio\\\/#\\\/schema\\\/logo\\\/image\\\/\"},\"sameAs\":[\"https:\\\/\\\/www.facebook.com\\\/eltextual\",\"https:\\\/\\\/x.com\\\/eltextual\",\"http:\\\/\\\/www.instagram.com\\\/eltextual\"]},{\"@type\":\"Person\",\"@id\":\"https:\\\/\\\/diariotextual.com\\\/inicio\\\/#\\\/schema\\\/person\\\/418fc4093c33e86ed41562db3508f958\",\"name\":\"Diario1 Diario1\",\"image\":{\"@type\":\"ImageObject\",\"inLanguage\":\"es\",\"@id\":\"https:\\\/\\\/secure.gravatar.com\\\/avatar\\\/9167d280179c85bc18be67aa7eda765854300033af4896dd779b608640f2ef7a?s=96&d=mm&r=g\",\"url\":\"https:\\\/\\\/secure.gravatar.com\\\/avatar\\\/9167d280179c85bc18be67aa7eda765854300033af4896dd779b608640f2ef7a?s=96&d=mm&r=g\",\"contentUrl\":\"https:\\\/\\\/secure.gravatar.com\\\/avatar\\\/9167d280179c85bc18be67aa7eda765854300033af4896dd779b608640f2ef7a?s=96&d=mm&r=g\",\"caption\":\"Diario1 Diario1\"},\"url\":\"https:\\\/\\\/diariotextual.com\\\/inicio\\\/index.php\\\/author\\\/diario1\\\/\"}]}<\/script>\n<!-- \/ Yoast SEO plugin. -->","yoast_head_json":{"title":"Hallaron sin vida a Jacinto Roux, el joven que estaba desaparecido en Pellegrini - Diario Textual","robots":{"index":"index","follow":"follow","max-snippet":"max-snippet:-1","max-image-preview":"max-image-preview:large","max-video-preview":"max-video-preview:-1"},"canonical":"https:\/\/diariotextual.com\/inicio\/index.php\/2023\/06\/14\/hallaron-sin-vida-a-jacinto-roux-el-joven-que-estaba-desaparecido-en-pellegrini\/","og_locale":"es_ES","og_type":"article","og_title":"Hallaron sin vida a Jacinto Roux, el joven que estaba desaparecido en Pellegrini - Diario Textual","og_description":"En horas de la ma\u00f1ana de este mi\u00e9rcoles fue hallado sin vida en un descampado el joven pellegrinense Jacinto Roux, quien era intensamente buscado desde hac\u00eda 17 d\u00edas. Polic\u00eda Cient\u00edfica&hellip;","og_url":"https:\/\/diariotextual.com\/inicio\/index.php\/2023\/06\/14\/hallaron-sin-vida-a-jacinto-roux-el-joven-que-estaba-desaparecido-en-pellegrini\/","og_site_name":"Diario Textual","article_publisher":"https:\/\/www.facebook.com\/eltextual","article_published_time":"2023-06-14T15:49:42+00:00","article_modified_time":"2023-06-14T15:49:44+00:00","og_image":[{"width":1388,"height":732,"url":"https:\/\/diariotextual.com\/inicio\/wp-content\/uploads\/2023\/06\/rouxjacintobusqueda2023-2.jpg","type":"image\/jpeg"}],"author":"Diario1 Diario1","twitter_card":"summary_large_image","twitter_creator":"@eltextual","twitter_site":"@eltextual","twitter_misc":{"Escrito por":"Diario1 Diario1","Tiempo de lectura":"1 minuto"},"schema":{"@context":"https:\/\/schema.org","@graph":[{"@type":"Article","@id":"https:\/\/diariotextual.com\/inicio\/index.php\/2023\/06\/14\/hallaron-sin-vida-a-jacinto-roux-el-joven-que-estaba-desaparecido-en-pellegrini\/#article","isPartOf":{"@id":"https:\/\/diariotextual.com\/inicio\/index.php\/2023\/06\/14\/hallaron-sin-vida-a-jacinto-roux-el-joven-que-estaba-desaparecido-en-pellegrini\/"},"author":{"name":"Diario1 Diario1","@id":"https:\/\/diariotextual.com\/inicio\/#\/schema\/person\/418fc4093c33e86ed41562db3508f958"},"headline":"Hallaron sin vida a Jacinto Roux, el joven que estaba desaparecido en Pellegrini","datePublished":"2023-06-14T15:49:42+00:00","dateModified":"2023-06-14T15:49:44+00:00","mainEntityOfPage":{"@id":"https:\/\/diariotextual.com\/inicio\/index.php\/2023\/06\/14\/hallaron-sin-vida-a-jacinto-roux-el-joven-que-estaba-desaparecido-en-pellegrini\/"},"wordCount":113,"publisher":{"@id":"https:\/\/diariotextual.com\/inicio\/#organization"},"image":{"@id":"https:\/\/diariotextual.com\/inicio\/index.php\/2023\/06\/14\/hallaron-sin-vida-a-jacinto-roux-el-joven-que-estaba-desaparecido-en-pellegrini\/#primaryimage"},"thumbnailUrl":"https:\/\/diariotextual.com\/inicio\/wp-content\/uploads\/2023\/06\/rouxjacintobusqueda2023-2.jpg","articleSection":["A - DESTACADAS (mod 16)","SOCIEDAD"],"inLanguage":"es"},{"@type":"WebPage","@id":"https:\/\/diariotextual.com\/inicio\/index.php\/2023\/06\/14\/hallaron-sin-vida-a-jacinto-roux-el-joven-que-estaba-desaparecido-en-pellegrini\/","url":"https:\/\/diariotextual.com\/inicio\/index.php\/2023\/06\/14\/hallaron-sin-vida-a-jacinto-roux-el-joven-que-estaba-desaparecido-en-pellegrini\/","name":"Hallaron sin vida a Jacinto Roux, el joven que estaba desaparecido en Pellegrini - Diario Textual","isPartOf":{"@id":"https:\/\/diariotextual.com\/inicio\/#website"},"primaryImageOfPage":{"@id":"https:\/\/diariotextual.com\/inicio\/index.php\/2023\/06\/14\/hallaron-sin-vida-a-jacinto-roux-el-joven-que-estaba-desaparecido-en-pellegrini\/#primaryimage"},"image":{"@id":"https:\/\/diariotextual.com\/inicio\/index.php\/2023\/06\/14\/hallaron-sin-vida-a-jacinto-roux-el-joven-que-estaba-desaparecido-en-pellegrini\/#primaryimage"},"thumbnailUrl":"https:\/\/diariotextual.com\/inicio\/wp-content\/uploads\/2023\/06\/rouxjacintobusqueda2023-2.jpg","datePublished":"2023-06-14T15:49:42+00:00","dateModified":"2023-06-14T15:49:44+00:00","breadcrumb":{"@id":"https:\/\/diariotextual.com\/inicio\/index.php\/2023\/06\/14\/hallaron-sin-vida-a-jacinto-roux-el-joven-que-estaba-desaparecido-en-pellegrini\/#breadcrumb"},"inLanguage":"es","potentialAction":[{"@type":"ReadAction","target":["https:\/\/diariotextual.com\/inicio\/index.php\/2023\/06\/14\/hallaron-sin-vida-a-jacinto-roux-el-joven-que-estaba-desaparecido-en-pellegrini\/"]}]},{"@type":"ImageObject","inLanguage":"es","@id":"https:\/\/diariotextual.com\/inicio\/index.php\/2023\/06\/14\/hallaron-sin-vida-a-jacinto-roux-el-joven-que-estaba-desaparecido-en-pellegrini\/#primaryimage","url":"https:\/\/diariotextual.com\/inicio\/wp-content\/uploads\/2023\/06\/rouxjacintobusqueda2023-2.jpg","contentUrl":"https:\/\/diariotextual.com\/inicio\/wp-content\/uploads\/2023\/06\/rouxjacintobusqueda2023-2.jpg","width":1388,"height":732},{"@type":"BreadcrumbList","@id":"https:\/\/diariotextual.com\/inicio\/index.php\/2023\/06\/14\/hallaron-sin-vida-a-jacinto-roux-el-joven-que-estaba-desaparecido-en-pellegrini\/#breadcrumb","itemListElement":[{"@type":"ListItem","position":1,"name":"Portada","item":"https:\/\/diariotextual.com\/inicio\/"},{"@type":"ListItem","position":2,"name":"Hallaron sin vida a Jacinto Roux, el joven que estaba desaparecido en Pellegrini"}]},{"@type":"WebSite","@id":"https:\/\/diariotextual.com\/inicio\/#website","url":"https:\/\/diariotextual.com\/inicio\/","name":"Diario Textual","description":"","publisher":{"@id":"https:\/\/diariotextual.com\/inicio\/#organization"},"potentialAction":[{"@type":"SearchAction","target":{"@type":"EntryPoint","urlTemplate":"https:\/\/diariotextual.com\/inicio\/?s={search_term_string}"},"query-input":{"@type":"PropertyValueSpecification","valueRequired":true,"valueName":"search_term_string"}}],"inLanguage":"es"},{"@type":"Organization","@id":"https:\/\/diariotextual.com\/inicio\/#organization","name":"Diario Textual","url":"https:\/\/diariotextual.com\/inicio\/","logo":{"@type":"ImageObject","inLanguage":"es","@id":"https:\/\/diariotextual.com\/inicio\/#\/schema\/logo\/image\/","url":"https:\/\/diariotextual.com\/inicio\/wp-content\/uploads\/2023\/05\/logotextual1.jpg","contentUrl":"https:\/\/diariotextual.com\/inicio\/wp-content\/uploads\/2023\/05\/logotextual1.jpg","width":516,"height":76,"caption":"Diario Textual"},"image":{"@id":"https:\/\/diariotextual.com\/inicio\/#\/schema\/logo\/image\/"},"sameAs":["https:\/\/www.facebook.com\/eltextual","https:\/\/x.com\/eltextual","http:\/\/www.instagram.com\/eltextual"]},{"@type":"Person","@id":"https:\/\/diariotextual.com\/inicio\/#\/schema\/person\/418fc4093c33e86ed41562db3508f958","name":"Diario1 Diario1","image":{"@type":"ImageObject","inLanguage":"es","@id":"https:\/\/secure.gravatar.com\/avatar\/9167d280179c85bc18be67aa7eda765854300033af4896dd779b608640f2ef7a?s=96&d=mm&r=g","url":"https:\/\/secure.gravatar.com\/avatar\/9167d280179c85bc18be67aa7eda765854300033af4896dd779b608640f2ef7a?s=96&d=mm&r=g","contentUrl":"https:\/\/secure.gravatar.com\/avatar\/9167d280179c85bc18be67aa7eda765854300033af4896dd779b608640f2ef7a?s=96&d=mm&r=g","caption":"Diario1 Diario1"},"url":"https:\/\/diariotextual.com\/inicio\/index.php\/author\/diario1\/"}]}},"_links":{"self":[{"href":"https:\/\/diariotextual.com\/inicio\/index.php\/wp-json\/wp\/v2\/posts\/228401","targetHints":{"allow":["GET"]}}],"collection":[{"href":"https:\/\/diariotextual.com\/inicio\/index.php\/wp-json\/wp\/v2\/posts"}],"about":[{"href":"https:\/\/diariotextual.com\/inicio\/index.php\/wp-json\/wp\/v2\/types\/post"}],"author":[{"embeddable":true,"href":"https:\/\/diariotextual.com\/inicio\/index.php\/wp-json\/wp\/v2\/users\/3"}],"replies":[{"embeddable":true,"href":"https:\/\/diariotextual.com\/inicio\/index.php\/wp-json\/wp\/v2\/comments?post=228401"}],"version-history":[{"count":2,"href":"https:\/\/diariotextual.com\/inicio\/index.php\/wp-json\/wp\/v2\/posts\/228401\/revisions"}],"predecessor-version":[{"id":228405,"href":"https:\/\/diariotextual.com\/inicio\/index.php\/wp-json\/wp\/v2\/posts\/228401\/revisions\/228405"}],"wp:featuredmedia":[{"embeddable":true,"href":"https:\/\/diariotextual.com\/inicio\/index.php\/wp-json\/wp\/v2\/media\/228404"}],"wp:attachment":[{"href":"https:\/\/diariotextual.com\/inicio\/index.php\/wp-json\/wp\/v2\/media?parent=228401"}],"wp:term":[{"taxonomy":"category","embeddable":true,"href":"https:\/\/diariotextual.com\/inicio\/index.php\/wp-json\/wp\/v2\/categories?post=228401"},{"taxonomy":"post_tag","embeddable":true,"href":"https:\/\/diariotextual.com\/inicio\/index.php\/wp-json\/wp\/v2\/tags?post=228401"}],"curies":[{"name":"wp","href":"https:\/\/api.w.org\/{rel}","templated":true}]}}