{"id":228407,"date":"2023-06-14T13:20:01","date_gmt":"2023-06-14T16:20:01","guid":{"rendered":"https:\/\/diariotextual.com\/inicio\/?p=228407"},"modified":"2023-06-14T17:37:54","modified_gmt":"2023-06-14T20:37:54","slug":"robo-a-mano-armada-a-un-cadete-y-fue-condenado-con-prision-efectiva","status":"publish","type":"post","link":"https:\/\/diariotextual.com\/inicio\/index.php\/2023\/06\/14\/robo-a-mano-armada-a-un-cadete-y-fue-condenado-con-prision-efectiva\/","title":{"rendered":"Rob\u00f3 a mano armada a un cadete y fue condenado con prisi\u00f3n efectiva"},"content":{"rendered":"\n<p><strong>Cristian Manuel Santill\u00e1n exhibi\u00f3 y le apoy\u00f3 un arma de fuego a un cadete que circulaba en una moto, le sustrajo 5.000 pesos y un celular y se escap\u00f3 a pie<\/strong>. El episodio ocurri\u00f3 el d\u00eda de la primavera del a\u00f1o pasado, en plena tarde, y por ese hecho su autor fue condenado hoy a tres a\u00f1os y seis meses de prisi\u00f3n.<\/p>\n\n\n\n<p>La sentencia fue firmada por el juez de audiencia santarrose\u00f1o, Gast\u00f3n Boulenaz, luego de la realizaci\u00f3n del juicio oral. El magistrado encuadr\u00f3 esa conducta en el delito de robo calificado por el uso de arma de fuego, cuya aptitud para el disparo no pudo ser acreditada y mantuvo la condici\u00f3n de reincidente del acusado. Tambi\u00e9n orden\u00f3 la mantenci\u00f3n de la prisi\u00f3n preventiva hasta que el fallo quede firme y la devoluci\u00f3n de 4.000 pesos al damnificado.<\/p>\n\n\n\n<p>Como Santill\u00e1n hab\u00eda sido juzgado por un segundo hecho \u2013del que result\u00f3 absuelto por el beneficio de la duda\u2013, la fiscal\u00eda Leticia Pordomingo hab\u00eda solicitado una pena de seis a\u00f1os de prisi\u00f3n; mientras que la defensora oficial, Mariel Annecchini, hab\u00eda alegado por la pena m\u00ednima por el delito de robo simple en grado de tentativa \u2013us\u00f3 otra calificaci\u00f3n legal\u2013 y la absoluci\u00f3n en el segundo legajo.<\/p>\n\n\n\n<p>\u201cQued\u00f3 suficientemente acreditada la materialidad del hecho mediante la confesi\u00f3n del imputado y la prueba de cargo rendida en el debate, todo lo que confirm\u00f3 las circunstancias de tiempo, modo y lugar descriptas por el Ministerio P\u00fablico Fiscal \u2013sostuvo Boulenaz\u2013. Se desprende de las pruebas que oper\u00f3 un escaso tiempo entre la comisi\u00f3n del hecho y la aprehensi\u00f3n de Santill\u00e1n, habiendo resultado determinante el r\u00e1pido accionar de la v\u00edctima y sus compa\u00f1eros para su detenci\u00f3n. \u00bfPor qu\u00e9? Porque ellos fueron quienes lograron divisar al imputado cuando ingres\u00f3 a la vivienda de una mujer (ubicada a pocos metros), de modo que al arribo del personal policial al lugar le anoticiaron que el autor del hecho estaba dentro de ella\u201d.<\/p>\n\n\n\n<p><strong>\u00bfQu\u00e9 fue lo que pas\u00f3? <\/strong>El cadete asaltado le hab\u00eda a su empleador y \u00e9l y varios de sus compa\u00f1eros fueron a auxiliarlo y pudieron observar a Santill\u00e1n entrando a ese domicilio. De hecho, cuando fue detenido ten\u00eda en su poder 3.000 pesos y un celular. A su vez, la mujer declar\u00f3 que le hab\u00eda dado otros mil pesos para comprar cervezas.<\/p>\n\n\n\n<p>Con respecto al segundo hecho, la fiscal\u00eda acus\u00f3 a Santill\u00e1n de hurto simple porque de un jard\u00edn de infantes sustrajeron un proyector sin ejercer fuerza ni violencia y para ello se bas\u00f3 en que all\u00ed se encontr\u00f3 una huella dactilar parcial del acusado.<\/p>\n\n\n\n<p>\u201cLa prueba de cargo no result\u00f3 de car\u00e1cter categ\u00f3rica y determinante para tener por acreditado que quien dej\u00f3 impresa la huella fue la misma persona que ingres\u00f3 a la instituci\u00f3n educativa y se apoder\u00f3 del bien (\u2026) El plano externo de la puerta de ingreso naturalmente se encuentra al alcance de cualquier persona, por lo que existe una duda m\u00e1s que razonable respecto de la autor\u00eda del il\u00edcito. No existen otras pruebas \u2013filmaciones, testigos directos o indirectos, etc.\u2013 que permitan arrojar certeza del autor del hecho\u201d, indic\u00f3 el juez para dictar la absoluci\u00f3n por el beneficio de la duda.\u200b<\/p>\n","protected":false},"excerpt":{"rendered":"<p>Cristian Manuel Santill\u00e1n exhibi\u00f3 y le apoy\u00f3 un arma de fuego a un cadete que circulaba en una moto, le sustrajo 5.000 pesos y un celular y se escap\u00f3 a&hellip;<\/p>\n","protected":false},"author":4,"featured_media":18942,"comment_status":"closed","ping_status":"open","sticky":false,"template":"","format":"standard","meta":{"_acf_changed":false,"footnotes":""},"categories":[1,12],"tags":[],"class_list":["post-228407","post","type-post","status-publish","format-standard","has-post-thumbnail","hentry","category-es-noticia","category-sociedad"],"acf":[],"yoast_head":"<!-- This site is optimized with the Yoast SEO plugin v27.5 - https:\/\/yoast.com\/product\/yoast-seo-wordpress\/ -->\n<title>Rob\u00f3 a mano armada a un cadete y fue condenado con prisi\u00f3n efectiva - Diario Textual<\/title>\n<meta name=\"robots\" content=\"index, follow, max-snippet:-1, max-image-preview:large, max-video-preview:-1\" \/>\n<link rel=\"canonical\" href=\"https:\/\/diariotextual.com\/inicio\/index.php\/2023\/06\/14\/robo-a-mano-armada-a-un-cadete-y-fue-condenado-con-prision-efectiva\/\" \/>\n<meta property=\"og:locale\" content=\"es_ES\" \/>\n<meta property=\"og:type\" content=\"article\" \/>\n<meta property=\"og:title\" content=\"Rob\u00f3 a mano armada a un cadete y fue condenado con prisi\u00f3n efectiva - Diario Textual\" \/>\n<meta property=\"og:description\" content=\"Cristian Manuel Santill\u00e1n exhibi\u00f3 y le apoy\u00f3 un arma de fuego a un cadete que circulaba en una moto, le sustrajo 5.000 pesos y un celular y se escap\u00f3 a&hellip;\" \/>\n<meta property=\"og:url\" content=\"https:\/\/diariotextual.com\/inicio\/index.php\/2023\/06\/14\/robo-a-mano-armada-a-un-cadete-y-fue-condenado-con-prision-efectiva\/\" \/>\n<meta property=\"og:site_name\" content=\"Diario Textual\" \/>\n<meta property=\"article:publisher\" content=\"https:\/\/www.facebook.com\/eltextual\" \/>\n<meta property=\"article:published_time\" content=\"2023-06-14T16:20:01+00:00\" \/>\n<meta property=\"article:modified_time\" content=\"2023-06-14T20:37:54+00:00\" \/>\n<meta property=\"og:image\" content=\"https:\/\/diariotextual.com\/inicio\/wp-content\/uploads\/2018\/09\/ciudadjudicialstarosa.jpg\" \/>\n\t<meta property=\"og:image:width\" content=\"650\" \/>\n\t<meta property=\"og:image:height\" content=\"426\" \/>\n\t<meta property=\"og:image:type\" content=\"image\/jpeg\" \/>\n<meta name=\"author\" content=\"diario2\" \/>\n<meta name=\"twitter:card\" content=\"summary_large_image\" \/>\n<meta name=\"twitter:creator\" content=\"@eltextual\" \/>\n<meta name=\"twitter:site\" content=\"@eltextual\" \/>\n<meta name=\"twitter:label1\" content=\"Escrito por\" \/>\n\t<meta name=\"twitter:data1\" content=\"diario2\" \/>\n\t<meta name=\"twitter:label2\" content=\"Tiempo de lectura\" \/>\n\t<meta name=\"twitter:data2\" content=\"3 minutos\" \/>\n<script type=\"application\/ld+json\" class=\"yoast-schema-graph\">{\"@context\":\"https:\\\/\\\/schema.org\",\"@graph\":[{\"@type\":\"Article\",\"@id\":\"https:\\\/\\\/diariotextual.com\\\/inicio\\\/index.php\\\/2023\\\/06\\\/14\\\/robo-a-mano-armada-a-un-cadete-y-fue-condenado-con-prision-efectiva\\\/#article\",\"isPartOf\":{\"@id\":\"https:\\\/\\\/diariotextual.com\\\/inicio\\\/index.php\\\/2023\\\/06\\\/14\\\/robo-a-mano-armada-a-un-cadete-y-fue-condenado-con-prision-efectiva\\\/\"},\"author\":{\"name\":\"diario2\",\"@id\":\"https:\\\/\\\/diariotextual.com\\\/inicio\\\/#\\\/schema\\\/person\\\/694f60677f23c4a530867a98f22b3768\"},\"headline\":\"Rob\u00f3 a mano armada a un cadete y fue condenado con prisi\u00f3n efectiva\",\"datePublished\":\"2023-06-14T16:20:01+00:00\",\"dateModified\":\"2023-06-14T20:37:54+00:00\",\"mainEntityOfPage\":{\"@id\":\"https:\\\/\\\/diariotextual.com\\\/inicio\\\/index.php\\\/2023\\\/06\\\/14\\\/robo-a-mano-armada-a-un-cadete-y-fue-condenado-con-prision-efectiva\\\/\"},\"wordCount\":583,\"publisher\":{\"@id\":\"https:\\\/\\\/diariotextual.com\\\/inicio\\\/#organization\"},\"image\":{\"@id\":\"https:\\\/\\\/diariotextual.com\\\/inicio\\\/index.php\\\/2023\\\/06\\\/14\\\/robo-a-mano-armada-a-un-cadete-y-fue-condenado-con-prision-efectiva\\\/#primaryimage\"},\"thumbnailUrl\":\"https:\\\/\\\/diariotextual.com\\\/inicio\\\/wp-content\\\/uploads\\\/2018\\\/09\\\/ciudadjudicialstarosa.jpg\",\"articleSection\":[\"A - ES NOTICIA (van abajo)\",\"SOCIEDAD\"],\"inLanguage\":\"es\"},{\"@type\":\"WebPage\",\"@id\":\"https:\\\/\\\/diariotextual.com\\\/inicio\\\/index.php\\\/2023\\\/06\\\/14\\\/robo-a-mano-armada-a-un-cadete-y-fue-condenado-con-prision-efectiva\\\/\",\"url\":\"https:\\\/\\\/diariotextual.com\\\/inicio\\\/index.php\\\/2023\\\/06\\\/14\\\/robo-a-mano-armada-a-un-cadete-y-fue-condenado-con-prision-efectiva\\\/\",\"name\":\"Rob\u00f3 a mano armada a un cadete y fue condenado con prisi\u00f3n efectiva - Diario Textual\",\"isPartOf\":{\"@id\":\"https:\\\/\\\/diariotextual.com\\\/inicio\\\/#website\"},\"primaryImageOfPage\":{\"@id\":\"https:\\\/\\\/diariotextual.com\\\/inicio\\\/index.php\\\/2023\\\/06\\\/14\\\/robo-a-mano-armada-a-un-cadete-y-fue-condenado-con-prision-efectiva\\\/#primaryimage\"},\"image\":{\"@id\":\"https:\\\/\\\/diariotextual.com\\\/inicio\\\/index.php\\\/2023\\\/06\\\/14\\\/robo-a-mano-armada-a-un-cadete-y-fue-condenado-con-prision-efectiva\\\/#primaryimage\"},\"thumbnailUrl\":\"https:\\\/\\\/diariotextual.com\\\/inicio\\\/wp-content\\\/uploads\\\/2018\\\/09\\\/ciudadjudicialstarosa.jpg\",\"datePublished\":\"2023-06-14T16:20:01+00:00\",\"dateModified\":\"2023-06-14T20:37:54+00:00\",\"breadcrumb\":{\"@id\":\"https:\\\/\\\/diariotextual.com\\\/inicio\\\/index.php\\\/2023\\\/06\\\/14\\\/robo-a-mano-armada-a-un-cadete-y-fue-condenado-con-prision-efectiva\\\/#breadcrumb\"},\"inLanguage\":\"es\",\"potentialAction\":[{\"@type\":\"ReadAction\",\"target\":[\"https:\\\/\\\/diariotextual.com\\\/inicio\\\/index.php\\\/2023\\\/06\\\/14\\\/robo-a-mano-armada-a-un-cadete-y-fue-condenado-con-prision-efectiva\\\/\"]}]},{\"@type\":\"ImageObject\",\"inLanguage\":\"es\",\"@id\":\"https:\\\/\\\/diariotextual.com\\\/inicio\\\/index.php\\\/2023\\\/06\\\/14\\\/robo-a-mano-armada-a-un-cadete-y-fue-condenado-con-prision-efectiva\\\/#primaryimage\",\"url\":\"https:\\\/\\\/diariotextual.com\\\/inicio\\\/wp-content\\\/uploads\\\/2018\\\/09\\\/ciudadjudicialstarosa.jpg\",\"contentUrl\":\"https:\\\/\\\/diariotextual.com\\\/inicio\\\/wp-content\\\/uploads\\\/2018\\\/09\\\/ciudadjudicialstarosa.jpg\",\"width\":650,\"height\":426},{\"@type\":\"BreadcrumbList\",\"@id\":\"https:\\\/\\\/diariotextual.com\\\/inicio\\\/index.php\\\/2023\\\/06\\\/14\\\/robo-a-mano-armada-a-un-cadete-y-fue-condenado-con-prision-efectiva\\\/#breadcrumb\",\"itemListElement\":[{\"@type\":\"ListItem\",\"position\":1,\"name\":\"Portada\",\"item\":\"https:\\\/\\\/diariotextual.com\\\/inicio\\\/\"},{\"@type\":\"ListItem\",\"position\":2,\"name\":\"Rob\u00f3 a mano armada a un cadete y fue condenado con prisi\u00f3n efectiva\"}]},{\"@type\":\"WebSite\",\"@id\":\"https:\\\/\\\/diariotextual.com\\\/inicio\\\/#website\",\"url\":\"https:\\\/\\\/diariotextual.com\\\/inicio\\\/\",\"name\":\"Diario Textual\",\"description\":\"\",\"publisher\":{\"@id\":\"https:\\\/\\\/diariotextual.com\\\/inicio\\\/#organization\"},\"potentialAction\":[{\"@type\":\"SearchAction\",\"target\":{\"@type\":\"EntryPoint\",\"urlTemplate\":\"https:\\\/\\\/diariotextual.com\\\/inicio\\\/?s={search_term_string}\"},\"query-input\":{\"@type\":\"PropertyValueSpecification\",\"valueRequired\":true,\"valueName\":\"search_term_string\"}}],\"inLanguage\":\"es\"},{\"@type\":\"Organization\",\"@id\":\"https:\\\/\\\/diariotextual.com\\\/inicio\\\/#organization\",\"name\":\"Diario Textual\",\"url\":\"https:\\\/\\\/diariotextual.com\\\/inicio\\\/\",\"logo\":{\"@type\":\"ImageObject\",\"inLanguage\":\"es\",\"@id\":\"https:\\\/\\\/diariotextual.com\\\/inicio\\\/#\\\/schema\\\/logo\\\/image\\\/\",\"url\":\"https:\\\/\\\/diariotextual.com\\\/inicio\\\/wp-content\\\/uploads\\\/2023\\\/05\\\/logotextual1.jpg\",\"contentUrl\":\"https:\\\/\\\/diariotextual.com\\\/inicio\\\/wp-content\\\/uploads\\\/2023\\\/05\\\/logotextual1.jpg\",\"width\":516,\"height\":76,\"caption\":\"Diario Textual\"},\"image\":{\"@id\":\"https:\\\/\\\/diariotextual.com\\\/inicio\\\/#\\\/schema\\\/logo\\\/image\\\/\"},\"sameAs\":[\"https:\\\/\\\/www.facebook.com\\\/eltextual\",\"https:\\\/\\\/x.com\\\/eltextual\",\"http:\\\/\\\/www.instagram.com\\\/eltextual\"]},{\"@type\":\"Person\",\"@id\":\"https:\\\/\\\/diariotextual.com\\\/inicio\\\/#\\\/schema\\\/person\\\/694f60677f23c4a530867a98f22b3768\",\"name\":\"diario2\",\"image\":{\"@type\":\"ImageObject\",\"inLanguage\":\"es\",\"@id\":\"https:\\\/\\\/secure.gravatar.com\\\/avatar\\\/5a2567495ba16b852fcd8f1ed006a2e24fcace936018ed8237e95f488ad6e0a7?s=96&d=mm&r=g\",\"url\":\"https:\\\/\\\/secure.gravatar.com\\\/avatar\\\/5a2567495ba16b852fcd8f1ed006a2e24fcace936018ed8237e95f488ad6e0a7?s=96&d=mm&r=g\",\"contentUrl\":\"https:\\\/\\\/secure.gravatar.com\\\/avatar\\\/5a2567495ba16b852fcd8f1ed006a2e24fcace936018ed8237e95f488ad6e0a7?s=96&d=mm&r=g\",\"caption\":\"diario2\"},\"url\":\"https:\\\/\\\/diariotextual.com\\\/inicio\\\/index.php\\\/author\\\/diario2\\\/\"}]}<\/script>\n<!-- \/ Yoast SEO plugin. -->","yoast_head_json":{"title":"Rob\u00f3 a mano armada a un cadete y fue condenado con prisi\u00f3n efectiva - Diario Textual","robots":{"index":"index","follow":"follow","max-snippet":"max-snippet:-1","max-image-preview":"max-image-preview:large","max-video-preview":"max-video-preview:-1"},"canonical":"https:\/\/diariotextual.com\/inicio\/index.php\/2023\/06\/14\/robo-a-mano-armada-a-un-cadete-y-fue-condenado-con-prision-efectiva\/","og_locale":"es_ES","og_type":"article","og_title":"Rob\u00f3 a mano armada a un cadete y fue condenado con prisi\u00f3n efectiva - Diario Textual","og_description":"Cristian Manuel Santill\u00e1n exhibi\u00f3 y le apoy\u00f3 un arma de fuego a un cadete que circulaba en una moto, le sustrajo 5.000 pesos y un celular y se escap\u00f3 a&hellip;","og_url":"https:\/\/diariotextual.com\/inicio\/index.php\/2023\/06\/14\/robo-a-mano-armada-a-un-cadete-y-fue-condenado-con-prision-efectiva\/","og_site_name":"Diario Textual","article_publisher":"https:\/\/www.facebook.com\/eltextual","article_published_time":"2023-06-14T16:20:01+00:00","article_modified_time":"2023-06-14T20:37:54+00:00","og_image":[{"width":650,"height":426,"url":"https:\/\/diariotextual.com\/inicio\/wp-content\/uploads\/2018\/09\/ciudadjudicialstarosa.jpg","type":"image\/jpeg"}],"author":"diario2","twitter_card":"summary_large_image","twitter_creator":"@eltextual","twitter_site":"@eltextual","twitter_misc":{"Escrito por":"diario2","Tiempo de lectura":"3 minutos"},"schema":{"@context":"https:\/\/schema.org","@graph":[{"@type":"Article","@id":"https:\/\/diariotextual.com\/inicio\/index.php\/2023\/06\/14\/robo-a-mano-armada-a-un-cadete-y-fue-condenado-con-prision-efectiva\/#article","isPartOf":{"@id":"https:\/\/diariotextual.com\/inicio\/index.php\/2023\/06\/14\/robo-a-mano-armada-a-un-cadete-y-fue-condenado-con-prision-efectiva\/"},"author":{"name":"diario2","@id":"https:\/\/diariotextual.com\/inicio\/#\/schema\/person\/694f60677f23c4a530867a98f22b3768"},"headline":"Rob\u00f3 a mano armada a un cadete y fue condenado con prisi\u00f3n efectiva","datePublished":"2023-06-14T16:20:01+00:00","dateModified":"2023-06-14T20:37:54+00:00","mainEntityOfPage":{"@id":"https:\/\/diariotextual.com\/inicio\/index.php\/2023\/06\/14\/robo-a-mano-armada-a-un-cadete-y-fue-condenado-con-prision-efectiva\/"},"wordCount":583,"publisher":{"@id":"https:\/\/diariotextual.com\/inicio\/#organization"},"image":{"@id":"https:\/\/diariotextual.com\/inicio\/index.php\/2023\/06\/14\/robo-a-mano-armada-a-un-cadete-y-fue-condenado-con-prision-efectiva\/#primaryimage"},"thumbnailUrl":"https:\/\/diariotextual.com\/inicio\/wp-content\/uploads\/2018\/09\/ciudadjudicialstarosa.jpg","articleSection":["A - ES NOTICIA (van abajo)","SOCIEDAD"],"inLanguage":"es"},{"@type":"WebPage","@id":"https:\/\/diariotextual.com\/inicio\/index.php\/2023\/06\/14\/robo-a-mano-armada-a-un-cadete-y-fue-condenado-con-prision-efectiva\/","url":"https:\/\/diariotextual.com\/inicio\/index.php\/2023\/06\/14\/robo-a-mano-armada-a-un-cadete-y-fue-condenado-con-prision-efectiva\/","name":"Rob\u00f3 a mano armada a un cadete y fue condenado con prisi\u00f3n efectiva - Diario Textual","isPartOf":{"@id":"https:\/\/diariotextual.com\/inicio\/#website"},"primaryImageOfPage":{"@id":"https:\/\/diariotextual.com\/inicio\/index.php\/2023\/06\/14\/robo-a-mano-armada-a-un-cadete-y-fue-condenado-con-prision-efectiva\/#primaryimage"},"image":{"@id":"https:\/\/diariotextual.com\/inicio\/index.php\/2023\/06\/14\/robo-a-mano-armada-a-un-cadete-y-fue-condenado-con-prision-efectiva\/#primaryimage"},"thumbnailUrl":"https:\/\/diariotextual.com\/inicio\/wp-content\/uploads\/2018\/09\/ciudadjudicialstarosa.jpg","datePublished":"2023-06-14T16:20:01+00:00","dateModified":"2023-06-14T20:37:54+00:00","breadcrumb":{"@id":"https:\/\/diariotextual.com\/inicio\/index.php\/2023\/06\/14\/robo-a-mano-armada-a-un-cadete-y-fue-condenado-con-prision-efectiva\/#breadcrumb"},"inLanguage":"es","potentialAction":[{"@type":"ReadAction","target":["https:\/\/diariotextual.com\/inicio\/index.php\/2023\/06\/14\/robo-a-mano-armada-a-un-cadete-y-fue-condenado-con-prision-efectiva\/"]}]},{"@type":"ImageObject","inLanguage":"es","@id":"https:\/\/diariotextual.com\/inicio\/index.php\/2023\/06\/14\/robo-a-mano-armada-a-un-cadete-y-fue-condenado-con-prision-efectiva\/#primaryimage","url":"https:\/\/diariotextual.com\/inicio\/wp-content\/uploads\/2018\/09\/ciudadjudicialstarosa.jpg","contentUrl":"https:\/\/diariotextual.com\/inicio\/wp-content\/uploads\/2018\/09\/ciudadjudicialstarosa.jpg","width":650,"height":426},{"@type":"BreadcrumbList","@id":"https:\/\/diariotextual.com\/inicio\/index.php\/2023\/06\/14\/robo-a-mano-armada-a-un-cadete-y-fue-condenado-con-prision-efectiva\/#breadcrumb","itemListElement":[{"@type":"ListItem","position":1,"name":"Portada","item":"https:\/\/diariotextual.com\/inicio\/"},{"@type":"ListItem","position":2,"name":"Rob\u00f3 a mano armada a un cadete y fue condenado con prisi\u00f3n efectiva"}]},{"@type":"WebSite","@id":"https:\/\/diariotextual.com\/inicio\/#website","url":"https:\/\/diariotextual.com\/inicio\/","name":"Diario Textual","description":"","publisher":{"@id":"https:\/\/diariotextual.com\/inicio\/#organization"},"potentialAction":[{"@type":"SearchAction","target":{"@type":"EntryPoint","urlTemplate":"https:\/\/diariotextual.com\/inicio\/?s={search_term_string}"},"query-input":{"@type":"PropertyValueSpecification","valueRequired":true,"valueName":"search_term_string"}}],"inLanguage":"es"},{"@type":"Organization","@id":"https:\/\/diariotextual.com\/inicio\/#organization","name":"Diario Textual","url":"https:\/\/diariotextual.com\/inicio\/","logo":{"@type":"ImageObject","inLanguage":"es","@id":"https:\/\/diariotextual.com\/inicio\/#\/schema\/logo\/image\/","url":"https:\/\/diariotextual.com\/inicio\/wp-content\/uploads\/2023\/05\/logotextual1.jpg","contentUrl":"https:\/\/diariotextual.com\/inicio\/wp-content\/uploads\/2023\/05\/logotextual1.jpg","width":516,"height":76,"caption":"Diario Textual"},"image":{"@id":"https:\/\/diariotextual.com\/inicio\/#\/schema\/logo\/image\/"},"sameAs":["https:\/\/www.facebook.com\/eltextual","https:\/\/x.com\/eltextual","http:\/\/www.instagram.com\/eltextual"]},{"@type":"Person","@id":"https:\/\/diariotextual.com\/inicio\/#\/schema\/person\/694f60677f23c4a530867a98f22b3768","name":"diario2","image":{"@type":"ImageObject","inLanguage":"es","@id":"https:\/\/secure.gravatar.com\/avatar\/5a2567495ba16b852fcd8f1ed006a2e24fcace936018ed8237e95f488ad6e0a7?s=96&d=mm&r=g","url":"https:\/\/secure.gravatar.com\/avatar\/5a2567495ba16b852fcd8f1ed006a2e24fcace936018ed8237e95f488ad6e0a7?s=96&d=mm&r=g","contentUrl":"https:\/\/secure.gravatar.com\/avatar\/5a2567495ba16b852fcd8f1ed006a2e24fcace936018ed8237e95f488ad6e0a7?s=96&d=mm&r=g","caption":"diario2"},"url":"https:\/\/diariotextual.com\/inicio\/index.php\/author\/diario2\/"}]}},"_links":{"self":[{"href":"https:\/\/diariotextual.com\/inicio\/index.php\/wp-json\/wp\/v2\/posts\/228407","targetHints":{"allow":["GET"]}}],"collection":[{"href":"https:\/\/diariotextual.com\/inicio\/index.php\/wp-json\/wp\/v2\/posts"}],"about":[{"href":"https:\/\/diariotextual.com\/inicio\/index.php\/wp-json\/wp\/v2\/types\/post"}],"author":[{"embeddable":true,"href":"https:\/\/diariotextual.com\/inicio\/index.php\/wp-json\/wp\/v2\/users\/4"}],"replies":[{"embeddable":true,"href":"https:\/\/diariotextual.com\/inicio\/index.php\/wp-json\/wp\/v2\/comments?post=228407"}],"version-history":[{"count":1,"href":"https:\/\/diariotextual.com\/inicio\/index.php\/wp-json\/wp\/v2\/posts\/228407\/revisions"}],"predecessor-version":[{"id":228408,"href":"https:\/\/diariotextual.com\/inicio\/index.php\/wp-json\/wp\/v2\/posts\/228407\/revisions\/228408"}],"wp:featuredmedia":[{"embeddable":true,"href":"https:\/\/diariotextual.com\/inicio\/index.php\/wp-json\/wp\/v2\/media\/18942"}],"wp:attachment":[{"href":"https:\/\/diariotextual.com\/inicio\/index.php\/wp-json\/wp\/v2\/media?parent=228407"}],"wp:term":[{"taxonomy":"category","embeddable":true,"href":"https:\/\/diariotextual.com\/inicio\/index.php\/wp-json\/wp\/v2\/categories?post=228407"},{"taxonomy":"post_tag","embeddable":true,"href":"https:\/\/diariotextual.com\/inicio\/index.php\/wp-json\/wp\/v2\/tags?post=228407"}],"curies":[{"name":"wp","href":"https:\/\/api.w.org\/{rel}","templated":true}]}}