{"id":228409,"date":"2023-06-14T13:52:26","date_gmt":"2023-06-14T16:52:26","guid":{"rendered":"https:\/\/diariotextual.com\/inicio\/?p=228409"},"modified":"2023-06-14T16:18:47","modified_gmt":"2023-06-14T19:18:47","slug":"buscan-a-taxista-de-cipolletti-que-trajo-pasajeros-a-la-pampa-y-no-volvieron-a-saber-de-el","status":"publish","type":"post","link":"https:\/\/diariotextual.com\/inicio\/index.php\/2023\/06\/14\/buscan-a-taxista-de-cipolletti-que-trajo-pasajeros-a-la-pampa-y-no-volvieron-a-saber-de-el\/","title":{"rendered":"Buscan a taxista de Cipolletti que trajo pasajeros a La Pampa y no volvieron a saber de \u00e9l"},"content":{"rendered":"\n<p>Un taxista de la ciudad de Cipolletti, de 50 a\u00f1os, est\u00e1 siendo buscado desde el s\u00e1bado 10, \u00faltimo d\u00eda en que sus familiares lo vieron cuando sali\u00f3 de su casa para ir a trabajar. El chofer fue identificado como Ricardo Daniel Jara y se cree que trajo pasajeros hasta La Pampa.<\/p>\n\n\n\n<p>Desde la Comisaria 32 difundieron la b\u00fasqueda del trabajador cipole\u00f1o, de quien no se sabe nada desde el pasado s\u00e1bado, momento en el que sali\u00f3 de su casa en el barrio Nuevo Ferri y tom\u00f3 un pasaje con el cual ten\u00eda que ir hasta La Pampa.<\/p>\n\n\n\n<p>La Polic\u00eda indic\u00f3 que\u00a0se movilizaba en su veh\u00edculo Chevrolet Corsa blanco\u00a0perteneciente a la empresa de taxi \u201cServiTaxi\u201d.\u00a0\u00a0<\/p>\n\n\n\n<p>El lunes el hombre mantuvo comunicaci\u00f3n con un familiar\u00a0alrededor de las 17 e\u00a0inform\u00f3 que el domingo\u00a0hab\u00eda levantado un pasaje desde la terminal de \u00f3mnibus de Cipolletti hasta La Pampa, y que\u00a0estaba varado\u00a0por haber roto dos cubiertas\u00a0en cercan\u00edas de ciudad de Santa Rosa.\u00a0Desde entonces la familia perdi\u00f3 comunicaci\u00f3n.\u00a0<\/p>\n\n\n\n<p>Informaron que el hombre es de contextura f\u00edsica delgada, mide 1,90 estatura aproximadamente, tiene cabello largo color blanco, ojos color marr\u00f3n, de tez morena, cejas arqueadas, gruesas, nariz grande, boca mediana, labios medianos. Adem\u00e1s, posee tatuajes, en brazo izquierdo, una especie de brazalete sin detalles; en la pierna derecha posee una cicatriz.&nbsp;&nbsp;<\/p>\n\n\n\n<p>&nbsp;Cualquier informaci\u00f3n debe aportarse a la unidad policial m\u00e1s cercana o a los n\u00fameros 477881 (comisaria 32), 2993252978 (destacamento 128 de Ferri) o 2994167314 (fiscal\u00eda de Cipolletti).&nbsp;&nbsp;<\/p>\n","protected":false},"excerpt":{"rendered":"<p>Un taxista de la ciudad de Cipolletti, de 50 a\u00f1os, est\u00e1 siendo buscado desde el s\u00e1bado 10, \u00faltimo d\u00eda en que sus familiares lo vieron cuando sali\u00f3 de su casa&hellip;<\/p>\n","protected":false},"author":4,"featured_media":228411,"comment_status":"closed","ping_status":"open","sticky":false,"template":"","format":"standard","meta":{"_acf_changed":false,"footnotes":""},"categories":[1,12],"tags":[],"class_list":["post-228409","post","type-post","status-publish","format-standard","has-post-thumbnail","hentry","category-es-noticia","category-sociedad"],"acf":[],"yoast_head":"<!-- This site is optimized with the Yoast SEO plugin v27.5 - https:\/\/yoast.com\/product\/yoast-seo-wordpress\/ -->\n<title>Buscan a taxista de Cipolletti que trajo pasajeros a La Pampa y no volvieron a saber de \u00e9l - Diario Textual<\/title>\n<meta name=\"robots\" content=\"index, follow, max-snippet:-1, max-image-preview:large, max-video-preview:-1\" \/>\n<link rel=\"canonical\" href=\"https:\/\/diariotextual.com\/inicio\/index.php\/2023\/06\/14\/buscan-a-taxista-de-cipolletti-que-trajo-pasajeros-a-la-pampa-y-no-volvieron-a-saber-de-el\/\" \/>\n<meta property=\"og:locale\" content=\"es_ES\" \/>\n<meta property=\"og:type\" content=\"article\" \/>\n<meta property=\"og:title\" content=\"Buscan a taxista de Cipolletti que trajo pasajeros a La Pampa y no volvieron a saber de \u00e9l - Diario Textual\" \/>\n<meta property=\"og:description\" content=\"Un taxista de la ciudad de Cipolletti, de 50 a\u00f1os, est\u00e1 siendo buscado desde el s\u00e1bado 10, \u00faltimo d\u00eda en que sus familiares lo vieron cuando sali\u00f3 de su casa&hellip;\" \/>\n<meta property=\"og:url\" content=\"https:\/\/diariotextual.com\/inicio\/index.php\/2023\/06\/14\/buscan-a-taxista-de-cipolletti-que-trajo-pasajeros-a-la-pampa-y-no-volvieron-a-saber-de-el\/\" \/>\n<meta property=\"og:site_name\" content=\"Diario Textual\" \/>\n<meta property=\"article:publisher\" content=\"https:\/\/www.facebook.com\/eltextual\" \/>\n<meta property=\"article:published_time\" content=\"2023-06-14T16:52:26+00:00\" \/>\n<meta property=\"article:modified_time\" content=\"2023-06-14T19:18:47+00:00\" \/>\n<meta property=\"og:image\" content=\"https:\/\/diariotextual.com\/inicio\/wp-content\/uploads\/2023\/06\/taxista-desaparecidojpg.webp\" \/>\n\t<meta property=\"og:image:width\" content=\"770\" \/>\n\t<meta property=\"og:image:height\" content=\"435\" \/>\n\t<meta property=\"og:image:type\" content=\"image\/webp\" \/>\n<meta name=\"author\" content=\"diario2\" \/>\n<meta name=\"twitter:card\" content=\"summary_large_image\" \/>\n<meta name=\"twitter:creator\" content=\"@eltextual\" \/>\n<meta name=\"twitter:site\" content=\"@eltextual\" \/>\n<meta name=\"twitter:label1\" content=\"Escrito por\" \/>\n\t<meta name=\"twitter:data1\" content=\"diario2\" \/>\n\t<meta name=\"twitter:label2\" content=\"Tiempo de lectura\" \/>\n\t<meta name=\"twitter:data2\" content=\"2 minutos\" \/>\n<script type=\"application\/ld+json\" class=\"yoast-schema-graph\">{\"@context\":\"https:\\\/\\\/schema.org\",\"@graph\":[{\"@type\":\"Article\",\"@id\":\"https:\\\/\\\/diariotextual.com\\\/inicio\\\/index.php\\\/2023\\\/06\\\/14\\\/buscan-a-taxista-de-cipolletti-que-trajo-pasajeros-a-la-pampa-y-no-volvieron-a-saber-de-el\\\/#article\",\"isPartOf\":{\"@id\":\"https:\\\/\\\/diariotextual.com\\\/inicio\\\/index.php\\\/2023\\\/06\\\/14\\\/buscan-a-taxista-de-cipolletti-que-trajo-pasajeros-a-la-pampa-y-no-volvieron-a-saber-de-el\\\/\"},\"author\":{\"name\":\"diario2\",\"@id\":\"https:\\\/\\\/diariotextual.com\\\/inicio\\\/#\\\/schema\\\/person\\\/694f60677f23c4a530867a98f22b3768\"},\"headline\":\"Buscan a taxista de Cipolletti que trajo pasajeros a La Pampa y no volvieron a saber de \u00e9l\",\"datePublished\":\"2023-06-14T16:52:26+00:00\",\"dateModified\":\"2023-06-14T19:18:47+00:00\",\"mainEntityOfPage\":{\"@id\":\"https:\\\/\\\/diariotextual.com\\\/inicio\\\/index.php\\\/2023\\\/06\\\/14\\\/buscan-a-taxista-de-cipolletti-que-trajo-pasajeros-a-la-pampa-y-no-volvieron-a-saber-de-el\\\/\"},\"wordCount\":282,\"publisher\":{\"@id\":\"https:\\\/\\\/diariotextual.com\\\/inicio\\\/#organization\"},\"image\":{\"@id\":\"https:\\\/\\\/diariotextual.com\\\/inicio\\\/index.php\\\/2023\\\/06\\\/14\\\/buscan-a-taxista-de-cipolletti-que-trajo-pasajeros-a-la-pampa-y-no-volvieron-a-saber-de-el\\\/#primaryimage\"},\"thumbnailUrl\":\"https:\\\/\\\/diariotextual.com\\\/inicio\\\/wp-content\\\/uploads\\\/2023\\\/06\\\/taxista-desaparecidojpg.webp\",\"articleSection\":[\"A - ES NOTICIA (van abajo)\",\"SOCIEDAD\"],\"inLanguage\":\"es\"},{\"@type\":\"WebPage\",\"@id\":\"https:\\\/\\\/diariotextual.com\\\/inicio\\\/index.php\\\/2023\\\/06\\\/14\\\/buscan-a-taxista-de-cipolletti-que-trajo-pasajeros-a-la-pampa-y-no-volvieron-a-saber-de-el\\\/\",\"url\":\"https:\\\/\\\/diariotextual.com\\\/inicio\\\/index.php\\\/2023\\\/06\\\/14\\\/buscan-a-taxista-de-cipolletti-que-trajo-pasajeros-a-la-pampa-y-no-volvieron-a-saber-de-el\\\/\",\"name\":\"Buscan a taxista de Cipolletti que trajo pasajeros a La Pampa y no volvieron a saber de \u00e9l - Diario Textual\",\"isPartOf\":{\"@id\":\"https:\\\/\\\/diariotextual.com\\\/inicio\\\/#website\"},\"primaryImageOfPage\":{\"@id\":\"https:\\\/\\\/diariotextual.com\\\/inicio\\\/index.php\\\/2023\\\/06\\\/14\\\/buscan-a-taxista-de-cipolletti-que-trajo-pasajeros-a-la-pampa-y-no-volvieron-a-saber-de-el\\\/#primaryimage\"},\"image\":{\"@id\":\"https:\\\/\\\/diariotextual.com\\\/inicio\\\/index.php\\\/2023\\\/06\\\/14\\\/buscan-a-taxista-de-cipolletti-que-trajo-pasajeros-a-la-pampa-y-no-volvieron-a-saber-de-el\\\/#primaryimage\"},\"thumbnailUrl\":\"https:\\\/\\\/diariotextual.com\\\/inicio\\\/wp-content\\\/uploads\\\/2023\\\/06\\\/taxista-desaparecidojpg.webp\",\"datePublished\":\"2023-06-14T16:52:26+00:00\",\"dateModified\":\"2023-06-14T19:18:47+00:00\",\"breadcrumb\":{\"@id\":\"https:\\\/\\\/diariotextual.com\\\/inicio\\\/index.php\\\/2023\\\/06\\\/14\\\/buscan-a-taxista-de-cipolletti-que-trajo-pasajeros-a-la-pampa-y-no-volvieron-a-saber-de-el\\\/#breadcrumb\"},\"inLanguage\":\"es\",\"potentialAction\":[{\"@type\":\"ReadAction\",\"target\":[\"https:\\\/\\\/diariotextual.com\\\/inicio\\\/index.php\\\/2023\\\/06\\\/14\\\/buscan-a-taxista-de-cipolletti-que-trajo-pasajeros-a-la-pampa-y-no-volvieron-a-saber-de-el\\\/\"]}]},{\"@type\":\"ImageObject\",\"inLanguage\":\"es\",\"@id\":\"https:\\\/\\\/diariotextual.com\\\/inicio\\\/index.php\\\/2023\\\/06\\\/14\\\/buscan-a-taxista-de-cipolletti-que-trajo-pasajeros-a-la-pampa-y-no-volvieron-a-saber-de-el\\\/#primaryimage\",\"url\":\"https:\\\/\\\/diariotextual.com\\\/inicio\\\/wp-content\\\/uploads\\\/2023\\\/06\\\/taxista-desaparecidojpg.webp\",\"contentUrl\":\"https:\\\/\\\/diariotextual.com\\\/inicio\\\/wp-content\\\/uploads\\\/2023\\\/06\\\/taxista-desaparecidojpg.webp\",\"width\":770,\"height\":435},{\"@type\":\"BreadcrumbList\",\"@id\":\"https:\\\/\\\/diariotextual.com\\\/inicio\\\/index.php\\\/2023\\\/06\\\/14\\\/buscan-a-taxista-de-cipolletti-que-trajo-pasajeros-a-la-pampa-y-no-volvieron-a-saber-de-el\\\/#breadcrumb\",\"itemListElement\":[{\"@type\":\"ListItem\",\"position\":1,\"name\":\"Portada\",\"item\":\"https:\\\/\\\/diariotextual.com\\\/inicio\\\/\"},{\"@type\":\"ListItem\",\"position\":2,\"name\":\"Buscan a taxista de Cipolletti que trajo pasajeros a La Pampa y no volvieron a saber de \u00e9l\"}]},{\"@type\":\"WebSite\",\"@id\":\"https:\\\/\\\/diariotextual.com\\\/inicio\\\/#website\",\"url\":\"https:\\\/\\\/diariotextual.com\\\/inicio\\\/\",\"name\":\"Diario Textual\",\"description\":\"\",\"publisher\":{\"@id\":\"https:\\\/\\\/diariotextual.com\\\/inicio\\\/#organization\"},\"potentialAction\":[{\"@type\":\"SearchAction\",\"target\":{\"@type\":\"EntryPoint\",\"urlTemplate\":\"https:\\\/\\\/diariotextual.com\\\/inicio\\\/?s={search_term_string}\"},\"query-input\":{\"@type\":\"PropertyValueSpecification\",\"valueRequired\":true,\"valueName\":\"search_term_string\"}}],\"inLanguage\":\"es\"},{\"@type\":\"Organization\",\"@id\":\"https:\\\/\\\/diariotextual.com\\\/inicio\\\/#organization\",\"name\":\"Diario Textual\",\"url\":\"https:\\\/\\\/diariotextual.com\\\/inicio\\\/\",\"logo\":{\"@type\":\"ImageObject\",\"inLanguage\":\"es\",\"@id\":\"https:\\\/\\\/diariotextual.com\\\/inicio\\\/#\\\/schema\\\/logo\\\/image\\\/\",\"url\":\"https:\\\/\\\/diariotextual.com\\\/inicio\\\/wp-content\\\/uploads\\\/2023\\\/05\\\/logotextual1.jpg\",\"contentUrl\":\"https:\\\/\\\/diariotextual.com\\\/inicio\\\/wp-content\\\/uploads\\\/2023\\\/05\\\/logotextual1.jpg\",\"width\":516,\"height\":76,\"caption\":\"Diario Textual\"},\"image\":{\"@id\":\"https:\\\/\\\/diariotextual.com\\\/inicio\\\/#\\\/schema\\\/logo\\\/image\\\/\"},\"sameAs\":[\"https:\\\/\\\/www.facebook.com\\\/eltextual\",\"https:\\\/\\\/x.com\\\/eltextual\",\"http:\\\/\\\/www.instagram.com\\\/eltextual\"]},{\"@type\":\"Person\",\"@id\":\"https:\\\/\\\/diariotextual.com\\\/inicio\\\/#\\\/schema\\\/person\\\/694f60677f23c4a530867a98f22b3768\",\"name\":\"diario2\",\"image\":{\"@type\":\"ImageObject\",\"inLanguage\":\"es\",\"@id\":\"https:\\\/\\\/secure.gravatar.com\\\/avatar\\\/5a2567495ba16b852fcd8f1ed006a2e24fcace936018ed8237e95f488ad6e0a7?s=96&d=mm&r=g\",\"url\":\"https:\\\/\\\/secure.gravatar.com\\\/avatar\\\/5a2567495ba16b852fcd8f1ed006a2e24fcace936018ed8237e95f488ad6e0a7?s=96&d=mm&r=g\",\"contentUrl\":\"https:\\\/\\\/secure.gravatar.com\\\/avatar\\\/5a2567495ba16b852fcd8f1ed006a2e24fcace936018ed8237e95f488ad6e0a7?s=96&d=mm&r=g\",\"caption\":\"diario2\"},\"url\":\"https:\\\/\\\/diariotextual.com\\\/inicio\\\/index.php\\\/author\\\/diario2\\\/\"}]}<\/script>\n<!-- \/ Yoast SEO plugin. -->","yoast_head_json":{"title":"Buscan a taxista de Cipolletti que trajo pasajeros a La Pampa y no volvieron a saber de \u00e9l - Diario Textual","robots":{"index":"index","follow":"follow","max-snippet":"max-snippet:-1","max-image-preview":"max-image-preview:large","max-video-preview":"max-video-preview:-1"},"canonical":"https:\/\/diariotextual.com\/inicio\/index.php\/2023\/06\/14\/buscan-a-taxista-de-cipolletti-que-trajo-pasajeros-a-la-pampa-y-no-volvieron-a-saber-de-el\/","og_locale":"es_ES","og_type":"article","og_title":"Buscan a taxista de Cipolletti que trajo pasajeros a La Pampa y no volvieron a saber de \u00e9l - Diario Textual","og_description":"Un taxista de la ciudad de Cipolletti, de 50 a\u00f1os, est\u00e1 siendo buscado desde el s\u00e1bado 10, \u00faltimo d\u00eda en que sus familiares lo vieron cuando sali\u00f3 de su casa&hellip;","og_url":"https:\/\/diariotextual.com\/inicio\/index.php\/2023\/06\/14\/buscan-a-taxista-de-cipolletti-que-trajo-pasajeros-a-la-pampa-y-no-volvieron-a-saber-de-el\/","og_site_name":"Diario Textual","article_publisher":"https:\/\/www.facebook.com\/eltextual","article_published_time":"2023-06-14T16:52:26+00:00","article_modified_time":"2023-06-14T19:18:47+00:00","og_image":[{"width":770,"height":435,"url":"https:\/\/diariotextual.com\/inicio\/wp-content\/uploads\/2023\/06\/taxista-desaparecidojpg.webp","type":"image\/webp"}],"author":"diario2","twitter_card":"summary_large_image","twitter_creator":"@eltextual","twitter_site":"@eltextual","twitter_misc":{"Escrito por":"diario2","Tiempo de lectura":"2 minutos"},"schema":{"@context":"https:\/\/schema.org","@graph":[{"@type":"Article","@id":"https:\/\/diariotextual.com\/inicio\/index.php\/2023\/06\/14\/buscan-a-taxista-de-cipolletti-que-trajo-pasajeros-a-la-pampa-y-no-volvieron-a-saber-de-el\/#article","isPartOf":{"@id":"https:\/\/diariotextual.com\/inicio\/index.php\/2023\/06\/14\/buscan-a-taxista-de-cipolletti-que-trajo-pasajeros-a-la-pampa-y-no-volvieron-a-saber-de-el\/"},"author":{"name":"diario2","@id":"https:\/\/diariotextual.com\/inicio\/#\/schema\/person\/694f60677f23c4a530867a98f22b3768"},"headline":"Buscan a taxista de Cipolletti que trajo pasajeros a La Pampa y no volvieron a saber de \u00e9l","datePublished":"2023-06-14T16:52:26+00:00","dateModified":"2023-06-14T19:18:47+00:00","mainEntityOfPage":{"@id":"https:\/\/diariotextual.com\/inicio\/index.php\/2023\/06\/14\/buscan-a-taxista-de-cipolletti-que-trajo-pasajeros-a-la-pampa-y-no-volvieron-a-saber-de-el\/"},"wordCount":282,"publisher":{"@id":"https:\/\/diariotextual.com\/inicio\/#organization"},"image":{"@id":"https:\/\/diariotextual.com\/inicio\/index.php\/2023\/06\/14\/buscan-a-taxista-de-cipolletti-que-trajo-pasajeros-a-la-pampa-y-no-volvieron-a-saber-de-el\/#primaryimage"},"thumbnailUrl":"https:\/\/diariotextual.com\/inicio\/wp-content\/uploads\/2023\/06\/taxista-desaparecidojpg.webp","articleSection":["A - ES NOTICIA (van abajo)","SOCIEDAD"],"inLanguage":"es"},{"@type":"WebPage","@id":"https:\/\/diariotextual.com\/inicio\/index.php\/2023\/06\/14\/buscan-a-taxista-de-cipolletti-que-trajo-pasajeros-a-la-pampa-y-no-volvieron-a-saber-de-el\/","url":"https:\/\/diariotextual.com\/inicio\/index.php\/2023\/06\/14\/buscan-a-taxista-de-cipolletti-que-trajo-pasajeros-a-la-pampa-y-no-volvieron-a-saber-de-el\/","name":"Buscan a taxista de Cipolletti que trajo pasajeros a La Pampa y no volvieron a saber de \u00e9l - Diario Textual","isPartOf":{"@id":"https:\/\/diariotextual.com\/inicio\/#website"},"primaryImageOfPage":{"@id":"https:\/\/diariotextual.com\/inicio\/index.php\/2023\/06\/14\/buscan-a-taxista-de-cipolletti-que-trajo-pasajeros-a-la-pampa-y-no-volvieron-a-saber-de-el\/#primaryimage"},"image":{"@id":"https:\/\/diariotextual.com\/inicio\/index.php\/2023\/06\/14\/buscan-a-taxista-de-cipolletti-que-trajo-pasajeros-a-la-pampa-y-no-volvieron-a-saber-de-el\/#primaryimage"},"thumbnailUrl":"https:\/\/diariotextual.com\/inicio\/wp-content\/uploads\/2023\/06\/taxista-desaparecidojpg.webp","datePublished":"2023-06-14T16:52:26+00:00","dateModified":"2023-06-14T19:18:47+00:00","breadcrumb":{"@id":"https:\/\/diariotextual.com\/inicio\/index.php\/2023\/06\/14\/buscan-a-taxista-de-cipolletti-que-trajo-pasajeros-a-la-pampa-y-no-volvieron-a-saber-de-el\/#breadcrumb"},"inLanguage":"es","potentialAction":[{"@type":"ReadAction","target":["https:\/\/diariotextual.com\/inicio\/index.php\/2023\/06\/14\/buscan-a-taxista-de-cipolletti-que-trajo-pasajeros-a-la-pampa-y-no-volvieron-a-saber-de-el\/"]}]},{"@type":"ImageObject","inLanguage":"es","@id":"https:\/\/diariotextual.com\/inicio\/index.php\/2023\/06\/14\/buscan-a-taxista-de-cipolletti-que-trajo-pasajeros-a-la-pampa-y-no-volvieron-a-saber-de-el\/#primaryimage","url":"https:\/\/diariotextual.com\/inicio\/wp-content\/uploads\/2023\/06\/taxista-desaparecidojpg.webp","contentUrl":"https:\/\/diariotextual.com\/inicio\/wp-content\/uploads\/2023\/06\/taxista-desaparecidojpg.webp","width":770,"height":435},{"@type":"BreadcrumbList","@id":"https:\/\/diariotextual.com\/inicio\/index.php\/2023\/06\/14\/buscan-a-taxista-de-cipolletti-que-trajo-pasajeros-a-la-pampa-y-no-volvieron-a-saber-de-el\/#breadcrumb","itemListElement":[{"@type":"ListItem","position":1,"name":"Portada","item":"https:\/\/diariotextual.com\/inicio\/"},{"@type":"ListItem","position":2,"name":"Buscan a taxista de Cipolletti que trajo pasajeros a La Pampa y no volvieron a saber de \u00e9l"}]},{"@type":"WebSite","@id":"https:\/\/diariotextual.com\/inicio\/#website","url":"https:\/\/diariotextual.com\/inicio\/","name":"Diario Textual","description":"","publisher":{"@id":"https:\/\/diariotextual.com\/inicio\/#organization"},"potentialAction":[{"@type":"SearchAction","target":{"@type":"EntryPoint","urlTemplate":"https:\/\/diariotextual.com\/inicio\/?s={search_term_string}"},"query-input":{"@type":"PropertyValueSpecification","valueRequired":true,"valueName":"search_term_string"}}],"inLanguage":"es"},{"@type":"Organization","@id":"https:\/\/diariotextual.com\/inicio\/#organization","name":"Diario Textual","url":"https:\/\/diariotextual.com\/inicio\/","logo":{"@type":"ImageObject","inLanguage":"es","@id":"https:\/\/diariotextual.com\/inicio\/#\/schema\/logo\/image\/","url":"https:\/\/diariotextual.com\/inicio\/wp-content\/uploads\/2023\/05\/logotextual1.jpg","contentUrl":"https:\/\/diariotextual.com\/inicio\/wp-content\/uploads\/2023\/05\/logotextual1.jpg","width":516,"height":76,"caption":"Diario Textual"},"image":{"@id":"https:\/\/diariotextual.com\/inicio\/#\/schema\/logo\/image\/"},"sameAs":["https:\/\/www.facebook.com\/eltextual","https:\/\/x.com\/eltextual","http:\/\/www.instagram.com\/eltextual"]},{"@type":"Person","@id":"https:\/\/diariotextual.com\/inicio\/#\/schema\/person\/694f60677f23c4a530867a98f22b3768","name":"diario2","image":{"@type":"ImageObject","inLanguage":"es","@id":"https:\/\/secure.gravatar.com\/avatar\/5a2567495ba16b852fcd8f1ed006a2e24fcace936018ed8237e95f488ad6e0a7?s=96&d=mm&r=g","url":"https:\/\/secure.gravatar.com\/avatar\/5a2567495ba16b852fcd8f1ed006a2e24fcace936018ed8237e95f488ad6e0a7?s=96&d=mm&r=g","contentUrl":"https:\/\/secure.gravatar.com\/avatar\/5a2567495ba16b852fcd8f1ed006a2e24fcace936018ed8237e95f488ad6e0a7?s=96&d=mm&r=g","caption":"diario2"},"url":"https:\/\/diariotextual.com\/inicio\/index.php\/author\/diario2\/"}]}},"_links":{"self":[{"href":"https:\/\/diariotextual.com\/inicio\/index.php\/wp-json\/wp\/v2\/posts\/228409","targetHints":{"allow":["GET"]}}],"collection":[{"href":"https:\/\/diariotextual.com\/inicio\/index.php\/wp-json\/wp\/v2\/posts"}],"about":[{"href":"https:\/\/diariotextual.com\/inicio\/index.php\/wp-json\/wp\/v2\/types\/post"}],"author":[{"embeddable":true,"href":"https:\/\/diariotextual.com\/inicio\/index.php\/wp-json\/wp\/v2\/users\/4"}],"replies":[{"embeddable":true,"href":"https:\/\/diariotextual.com\/inicio\/index.php\/wp-json\/wp\/v2\/comments?post=228409"}],"version-history":[{"count":2,"href":"https:\/\/diariotextual.com\/inicio\/index.php\/wp-json\/wp\/v2\/posts\/228409\/revisions"}],"predecessor-version":[{"id":228412,"href":"https:\/\/diariotextual.com\/inicio\/index.php\/wp-json\/wp\/v2\/posts\/228409\/revisions\/228412"}],"wp:featuredmedia":[{"embeddable":true,"href":"https:\/\/diariotextual.com\/inicio\/index.php\/wp-json\/wp\/v2\/media\/228411"}],"wp:attachment":[{"href":"https:\/\/diariotextual.com\/inicio\/index.php\/wp-json\/wp\/v2\/media?parent=228409"}],"wp:term":[{"taxonomy":"category","embeddable":true,"href":"https:\/\/diariotextual.com\/inicio\/index.php\/wp-json\/wp\/v2\/categories?post=228409"},{"taxonomy":"post_tag","embeddable":true,"href":"https:\/\/diariotextual.com\/inicio\/index.php\/wp-json\/wp\/v2\/tags?post=228409"}],"curies":[{"name":"wp","href":"https:\/\/api.w.org\/{rel}","templated":true}]}}