{"id":228516,"date":"2023-06-15T10:04:31","date_gmt":"2023-06-15T13:04:31","guid":{"rendered":"https:\/\/diariotextual.com\/inicio\/?p=228516"},"modified":"2023-06-15T14:55:11","modified_gmt":"2023-06-15T17:55:11","slug":"en-el-pro-ningunearon-a-hugo-perez-no-es-tenido-en-cuenta-no-gravita","status":"publish","type":"post","link":"https:\/\/diariotextual.com\/inicio\/index.php\/2023\/06\/15\/en-el-pro-ningunearon-a-hugo-perez-no-es-tenido-en-cuenta-no-gravita\/","title":{"rendered":"En el PRO ningunearon a Hugo P\u00e9rez: \u201cNo es tenido en cuenta, no gravita\u201d"},"content":{"rendered":"\n<p>El presidente del PRO, <strong>Enrique Juan<\/strong>, dijo que las <strong><a href=\"https:\/\/diariotextual.com\/inicio\/index.php\/2023\/06\/13\/un-pampeano-durisimo-en-la-convencion-de-la-ucr-no-nos-obliguen-a-elegir-entre-dos-amarillos\/\" target=\"_blank\" rel=\"noreferrer noopener\">declaraciones del convencional de la UCR Hugo P\u00e9rez <\/a><\/strong>no son \u201ctenidas en cuenta\u201d porque es un dirigente que <strong>\u201cno gravita\u201d<\/strong>. Asegur\u00f3 que no causan ning\u00fan efecto en la coalici\u00f3n opositora. \u201cSabiendo de d\u00f3nde vienen esas declaraciones, no perd\u00ed el tiempo en escuchar, ni leer\u201d, dijo.<\/p>\n\n\n\n<p>P\u00e9rez es actual director de Pampetrol en representaci\u00f3n de la oposici\u00f3n y dirigente de la l\u00ednea Azul de la UCR, que lidera el exintendente santarrose\u00f1o Francisco Torroba.<\/p>\n\n\n\n<p>En la \u00faltima convenci\u00f3n radical fue dur\u00edsimo. \u201cNo nos obliguen a elegir entre dos amarillos\u201d, pidi\u00f3.  \u201cQuiero ir en agosto a votar a un radical, encabezando f\u00f3rmula o con una f\u00f3rmula propia, no quiero salir a pedir el voto para (Horacio) Rodr\u00edguez Larreta o (Patricia) Bullrich\u201d, reclam\u00f3 P\u00e9rez. <\/p>\n\n\n\n<p>Y agreg\u00f3: \u201cLes pido a Gerardo Morales, a Facundo Manes, que se han roto el alma para ser candidatos, atrop\u00e9llenlos no nos obliguen a tener que elegir entre dos amarillos, atrop\u00e9llenlos, tengamos r\u00e1pido una f\u00f3rmula propia me va a costar mucho militar por dos amarillos\u201d.<\/p>\n\n\n\n<p>Enrique Juan, presidente del PRO La Pampa, ningune\u00f3 a P\u00e9rez. <strong>\u201cMe comentaron que habia salido con un improperio, pero sabiendo de d\u00f3nde vienen no perd\u00ed tiempo en escuchar ni leer\u201d<\/strong>, dijo.<\/p>\n\n\n\n<p><strong>\u201cNo son tenidos en cuenta sus comentarios. No gravita. Entiendo que es algo m\u00e1s para los suyos que para el PRO\u201d<\/strong>, interpret\u00f3.<\/p>\n\n\n\n<p>\u00bfSi las palabras de P\u00e9rez da\u00f1an la relaci\u00f3n con la UCR en la coalici\u00f3n JxC? \u201cAyer (mi\u00e9rcoles) estuvimos con el presidente de la UCR y con Poli Altolaguirre cerrando el acta (NdeR: para las PASO de agosto) sin inconvenientes. P\u00e9rez no es referente de Juntos por el Cambio\u201d, cerr\u00f3. <\/p>\n","protected":false},"excerpt":{"rendered":"<p>El presidente del PRO, Enrique Juan, dijo que las declaraciones del convencional de la UCR Hugo P\u00e9rez no son \u201ctenidas en cuenta\u201d porque es un dirigente que \u201cno gravita\u201d. Asegur\u00f3&hellip;<\/p>\n","protected":false},"author":7,"featured_media":198563,"comment_status":"closed","ping_status":"open","sticky":false,"template":"","format":"standard","meta":{"_acf_changed":false,"footnotes":""},"categories":[4,1,8],"tags":[],"class_list":["post-228516","post","type-post","status-publish","format-standard","has-post-thumbnail","hentry","category-destacadas","category-es-noticia","category-politica"],"acf":[],"yoast_head":"<!-- This site is optimized with the Yoast SEO plugin v27.5 - https:\/\/yoast.com\/product\/yoast-seo-wordpress\/ -->\n<title>En el PRO ningunearon a Hugo P\u00e9rez: \u201cNo es tenido en cuenta, no gravita\u201d - Diario Textual<\/title>\n<meta name=\"robots\" content=\"index, follow, max-snippet:-1, max-image-preview:large, max-video-preview:-1\" \/>\n<link rel=\"canonical\" href=\"https:\/\/diariotextual.com\/inicio\/index.php\/2023\/06\/15\/en-el-pro-ningunearon-a-hugo-perez-no-es-tenido-en-cuenta-no-gravita\/\" \/>\n<meta property=\"og:locale\" content=\"es_ES\" \/>\n<meta property=\"og:type\" content=\"article\" \/>\n<meta property=\"og:title\" content=\"En el PRO ningunearon a Hugo P\u00e9rez: \u201cNo es tenido en cuenta, no gravita\u201d - Diario Textual\" \/>\n<meta property=\"og:description\" content=\"El presidente del PRO, Enrique Juan, dijo que las declaraciones del convencional de la UCR Hugo P\u00e9rez no son \u201ctenidas en cuenta\u201d porque es un dirigente que \u201cno gravita\u201d. Asegur\u00f3&hellip;\" \/>\n<meta property=\"og:url\" content=\"https:\/\/diariotextual.com\/inicio\/index.php\/2023\/06\/15\/en-el-pro-ningunearon-a-hugo-perez-no-es-tenido-en-cuenta-no-gravita\/\" \/>\n<meta property=\"og:site_name\" content=\"Diario Textual\" \/>\n<meta property=\"article:publisher\" content=\"https:\/\/www.facebook.com\/eltextual\" \/>\n<meta property=\"article:published_time\" content=\"2023-06-15T13:04:31+00:00\" \/>\n<meta property=\"article:modified_time\" content=\"2023-06-15T17:55:11+00:00\" \/>\n<meta property=\"og:image\" content=\"https:\/\/diariotextual.com\/inicio\/wp-content\/uploads\/2022\/08\/juanenrique2022-1.jpg\" \/>\n\t<meta property=\"og:image:width\" content=\"1898\" \/>\n\t<meta property=\"og:image:height\" content=\"1194\" \/>\n\t<meta property=\"og:image:type\" content=\"image\/jpeg\" \/>\n<meta name=\"author\" content=\"diario5\" \/>\n<meta name=\"twitter:card\" content=\"summary_large_image\" \/>\n<meta name=\"twitter:creator\" content=\"@eltextual\" \/>\n<meta name=\"twitter:site\" content=\"@eltextual\" \/>\n<meta name=\"twitter:label1\" content=\"Escrito por\" \/>\n\t<meta name=\"twitter:data1\" content=\"diario5\" \/>\n\t<meta name=\"twitter:label2\" content=\"Tiempo de lectura\" \/>\n\t<meta name=\"twitter:data2\" content=\"2 minutos\" \/>\n<script type=\"application\/ld+json\" class=\"yoast-schema-graph\">{\"@context\":\"https:\\\/\\\/schema.org\",\"@graph\":[{\"@type\":\"Article\",\"@id\":\"https:\\\/\\\/diariotextual.com\\\/inicio\\\/index.php\\\/2023\\\/06\\\/15\\\/en-el-pro-ningunearon-a-hugo-perez-no-es-tenido-en-cuenta-no-gravita\\\/#article\",\"isPartOf\":{\"@id\":\"https:\\\/\\\/diariotextual.com\\\/inicio\\\/index.php\\\/2023\\\/06\\\/15\\\/en-el-pro-ningunearon-a-hugo-perez-no-es-tenido-en-cuenta-no-gravita\\\/\"},\"author\":{\"name\":\"diario5\",\"@id\":\"https:\\\/\\\/diariotextual.com\\\/inicio\\\/#\\\/schema\\\/person\\\/c7834961ad8b29b1d9cdbf4571299067\"},\"headline\":\"En el PRO ningunearon a Hugo P\u00e9rez: \u201cNo es tenido en cuenta, no gravita\u201d\",\"datePublished\":\"2023-06-15T13:04:31+00:00\",\"dateModified\":\"2023-06-15T17:55:11+00:00\",\"mainEntityOfPage\":{\"@id\":\"https:\\\/\\\/diariotextual.com\\\/inicio\\\/index.php\\\/2023\\\/06\\\/15\\\/en-el-pro-ningunearon-a-hugo-perez-no-es-tenido-en-cuenta-no-gravita\\\/\"},\"wordCount\":319,\"publisher\":{\"@id\":\"https:\\\/\\\/diariotextual.com\\\/inicio\\\/#organization\"},\"image\":{\"@id\":\"https:\\\/\\\/diariotextual.com\\\/inicio\\\/index.php\\\/2023\\\/06\\\/15\\\/en-el-pro-ningunearon-a-hugo-perez-no-es-tenido-en-cuenta-no-gravita\\\/#primaryimage\"},\"thumbnailUrl\":\"https:\\\/\\\/diariotextual.com\\\/inicio\\\/wp-content\\\/uploads\\\/2022\\\/08\\\/juanenrique2022-1.jpg\",\"articleSection\":[\"A - DESTACADAS (mod 16)\",\"A - ES NOTICIA (van abajo)\",\"POLITICA\"],\"inLanguage\":\"es\"},{\"@type\":\"WebPage\",\"@id\":\"https:\\\/\\\/diariotextual.com\\\/inicio\\\/index.php\\\/2023\\\/06\\\/15\\\/en-el-pro-ningunearon-a-hugo-perez-no-es-tenido-en-cuenta-no-gravita\\\/\",\"url\":\"https:\\\/\\\/diariotextual.com\\\/inicio\\\/index.php\\\/2023\\\/06\\\/15\\\/en-el-pro-ningunearon-a-hugo-perez-no-es-tenido-en-cuenta-no-gravita\\\/\",\"name\":\"En el PRO ningunearon a Hugo P\u00e9rez: \u201cNo es tenido en cuenta, no gravita\u201d - Diario Textual\",\"isPartOf\":{\"@id\":\"https:\\\/\\\/diariotextual.com\\\/inicio\\\/#website\"},\"primaryImageOfPage\":{\"@id\":\"https:\\\/\\\/diariotextual.com\\\/inicio\\\/index.php\\\/2023\\\/06\\\/15\\\/en-el-pro-ningunearon-a-hugo-perez-no-es-tenido-en-cuenta-no-gravita\\\/#primaryimage\"},\"image\":{\"@id\":\"https:\\\/\\\/diariotextual.com\\\/inicio\\\/index.php\\\/2023\\\/06\\\/15\\\/en-el-pro-ningunearon-a-hugo-perez-no-es-tenido-en-cuenta-no-gravita\\\/#primaryimage\"},\"thumbnailUrl\":\"https:\\\/\\\/diariotextual.com\\\/inicio\\\/wp-content\\\/uploads\\\/2022\\\/08\\\/juanenrique2022-1.jpg\",\"datePublished\":\"2023-06-15T13:04:31+00:00\",\"dateModified\":\"2023-06-15T17:55:11+00:00\",\"breadcrumb\":{\"@id\":\"https:\\\/\\\/diariotextual.com\\\/inicio\\\/index.php\\\/2023\\\/06\\\/15\\\/en-el-pro-ningunearon-a-hugo-perez-no-es-tenido-en-cuenta-no-gravita\\\/#breadcrumb\"},\"inLanguage\":\"es\",\"potentialAction\":[{\"@type\":\"ReadAction\",\"target\":[\"https:\\\/\\\/diariotextual.com\\\/inicio\\\/index.php\\\/2023\\\/06\\\/15\\\/en-el-pro-ningunearon-a-hugo-perez-no-es-tenido-en-cuenta-no-gravita\\\/\"]}]},{\"@type\":\"ImageObject\",\"inLanguage\":\"es\",\"@id\":\"https:\\\/\\\/diariotextual.com\\\/inicio\\\/index.php\\\/2023\\\/06\\\/15\\\/en-el-pro-ningunearon-a-hugo-perez-no-es-tenido-en-cuenta-no-gravita\\\/#primaryimage\",\"url\":\"https:\\\/\\\/diariotextual.com\\\/inicio\\\/wp-content\\\/uploads\\\/2022\\\/08\\\/juanenrique2022-1.jpg\",\"contentUrl\":\"https:\\\/\\\/diariotextual.com\\\/inicio\\\/wp-content\\\/uploads\\\/2022\\\/08\\\/juanenrique2022-1.jpg\",\"width\":1898,\"height\":1194},{\"@type\":\"BreadcrumbList\",\"@id\":\"https:\\\/\\\/diariotextual.com\\\/inicio\\\/index.php\\\/2023\\\/06\\\/15\\\/en-el-pro-ningunearon-a-hugo-perez-no-es-tenido-en-cuenta-no-gravita\\\/#breadcrumb\",\"itemListElement\":[{\"@type\":\"ListItem\",\"position\":1,\"name\":\"Portada\",\"item\":\"https:\\\/\\\/diariotextual.com\\\/inicio\\\/\"},{\"@type\":\"ListItem\",\"position\":2,\"name\":\"En el PRO ningunearon a Hugo P\u00e9rez: \u201cNo es tenido en cuenta, no gravita\u201d\"}]},{\"@type\":\"WebSite\",\"@id\":\"https:\\\/\\\/diariotextual.com\\\/inicio\\\/#website\",\"url\":\"https:\\\/\\\/diariotextual.com\\\/inicio\\\/\",\"name\":\"Diario Textual\",\"description\":\"\",\"publisher\":{\"@id\":\"https:\\\/\\\/diariotextual.com\\\/inicio\\\/#organization\"},\"potentialAction\":[{\"@type\":\"SearchAction\",\"target\":{\"@type\":\"EntryPoint\",\"urlTemplate\":\"https:\\\/\\\/diariotextual.com\\\/inicio\\\/?s={search_term_string}\"},\"query-input\":{\"@type\":\"PropertyValueSpecification\",\"valueRequired\":true,\"valueName\":\"search_term_string\"}}],\"inLanguage\":\"es\"},{\"@type\":\"Organization\",\"@id\":\"https:\\\/\\\/diariotextual.com\\\/inicio\\\/#organization\",\"name\":\"Diario Textual\",\"url\":\"https:\\\/\\\/diariotextual.com\\\/inicio\\\/\",\"logo\":{\"@type\":\"ImageObject\",\"inLanguage\":\"es\",\"@id\":\"https:\\\/\\\/diariotextual.com\\\/inicio\\\/#\\\/schema\\\/logo\\\/image\\\/\",\"url\":\"https:\\\/\\\/diariotextual.com\\\/inicio\\\/wp-content\\\/uploads\\\/2023\\\/05\\\/logotextual1.jpg\",\"contentUrl\":\"https:\\\/\\\/diariotextual.com\\\/inicio\\\/wp-content\\\/uploads\\\/2023\\\/05\\\/logotextual1.jpg\",\"width\":516,\"height\":76,\"caption\":\"Diario Textual\"},\"image\":{\"@id\":\"https:\\\/\\\/diariotextual.com\\\/inicio\\\/#\\\/schema\\\/logo\\\/image\\\/\"},\"sameAs\":[\"https:\\\/\\\/www.facebook.com\\\/eltextual\",\"https:\\\/\\\/x.com\\\/eltextual\",\"http:\\\/\\\/www.instagram.com\\\/eltextual\"]},{\"@type\":\"Person\",\"@id\":\"https:\\\/\\\/diariotextual.com\\\/inicio\\\/#\\\/schema\\\/person\\\/c7834961ad8b29b1d9cdbf4571299067\",\"name\":\"diario5\",\"image\":{\"@type\":\"ImageObject\",\"inLanguage\":\"es\",\"@id\":\"https:\\\/\\\/secure.gravatar.com\\\/avatar\\\/948c893b847ca6df68216ead81b63f363408ec9b0f600fefc0641ce78613b111?s=96&d=mm&r=g\",\"url\":\"https:\\\/\\\/secure.gravatar.com\\\/avatar\\\/948c893b847ca6df68216ead81b63f363408ec9b0f600fefc0641ce78613b111?s=96&d=mm&r=g\",\"contentUrl\":\"https:\\\/\\\/secure.gravatar.com\\\/avatar\\\/948c893b847ca6df68216ead81b63f363408ec9b0f600fefc0641ce78613b111?s=96&d=mm&r=g\",\"caption\":\"diario5\"},\"url\":\"https:\\\/\\\/diariotextual.com\\\/inicio\\\/index.php\\\/author\\\/diario5\\\/\"}]}<\/script>\n<!-- \/ Yoast SEO plugin. -->","yoast_head_json":{"title":"En el PRO ningunearon a Hugo P\u00e9rez: \u201cNo es tenido en cuenta, no gravita\u201d - Diario Textual","robots":{"index":"index","follow":"follow","max-snippet":"max-snippet:-1","max-image-preview":"max-image-preview:large","max-video-preview":"max-video-preview:-1"},"canonical":"https:\/\/diariotextual.com\/inicio\/index.php\/2023\/06\/15\/en-el-pro-ningunearon-a-hugo-perez-no-es-tenido-en-cuenta-no-gravita\/","og_locale":"es_ES","og_type":"article","og_title":"En el PRO ningunearon a Hugo P\u00e9rez: \u201cNo es tenido en cuenta, no gravita\u201d - Diario Textual","og_description":"El presidente del PRO, Enrique Juan, dijo que las declaraciones del convencional de la UCR Hugo P\u00e9rez no son \u201ctenidas en cuenta\u201d porque es un dirigente que \u201cno gravita\u201d. Asegur\u00f3&hellip;","og_url":"https:\/\/diariotextual.com\/inicio\/index.php\/2023\/06\/15\/en-el-pro-ningunearon-a-hugo-perez-no-es-tenido-en-cuenta-no-gravita\/","og_site_name":"Diario Textual","article_publisher":"https:\/\/www.facebook.com\/eltextual","article_published_time":"2023-06-15T13:04:31+00:00","article_modified_time":"2023-06-15T17:55:11+00:00","og_image":[{"width":1898,"height":1194,"url":"https:\/\/diariotextual.com\/inicio\/wp-content\/uploads\/2022\/08\/juanenrique2022-1.jpg","type":"image\/jpeg"}],"author":"diario5","twitter_card":"summary_large_image","twitter_creator":"@eltextual","twitter_site":"@eltextual","twitter_misc":{"Escrito por":"diario5","Tiempo de lectura":"2 minutos"},"schema":{"@context":"https:\/\/schema.org","@graph":[{"@type":"Article","@id":"https:\/\/diariotextual.com\/inicio\/index.php\/2023\/06\/15\/en-el-pro-ningunearon-a-hugo-perez-no-es-tenido-en-cuenta-no-gravita\/#article","isPartOf":{"@id":"https:\/\/diariotextual.com\/inicio\/index.php\/2023\/06\/15\/en-el-pro-ningunearon-a-hugo-perez-no-es-tenido-en-cuenta-no-gravita\/"},"author":{"name":"diario5","@id":"https:\/\/diariotextual.com\/inicio\/#\/schema\/person\/c7834961ad8b29b1d9cdbf4571299067"},"headline":"En el PRO ningunearon a Hugo P\u00e9rez: \u201cNo es tenido en cuenta, no gravita\u201d","datePublished":"2023-06-15T13:04:31+00:00","dateModified":"2023-06-15T17:55:11+00:00","mainEntityOfPage":{"@id":"https:\/\/diariotextual.com\/inicio\/index.php\/2023\/06\/15\/en-el-pro-ningunearon-a-hugo-perez-no-es-tenido-en-cuenta-no-gravita\/"},"wordCount":319,"publisher":{"@id":"https:\/\/diariotextual.com\/inicio\/#organization"},"image":{"@id":"https:\/\/diariotextual.com\/inicio\/index.php\/2023\/06\/15\/en-el-pro-ningunearon-a-hugo-perez-no-es-tenido-en-cuenta-no-gravita\/#primaryimage"},"thumbnailUrl":"https:\/\/diariotextual.com\/inicio\/wp-content\/uploads\/2022\/08\/juanenrique2022-1.jpg","articleSection":["A - DESTACADAS (mod 16)","A - ES NOTICIA (van abajo)","POLITICA"],"inLanguage":"es"},{"@type":"WebPage","@id":"https:\/\/diariotextual.com\/inicio\/index.php\/2023\/06\/15\/en-el-pro-ningunearon-a-hugo-perez-no-es-tenido-en-cuenta-no-gravita\/","url":"https:\/\/diariotextual.com\/inicio\/index.php\/2023\/06\/15\/en-el-pro-ningunearon-a-hugo-perez-no-es-tenido-en-cuenta-no-gravita\/","name":"En el PRO ningunearon a Hugo P\u00e9rez: \u201cNo es tenido en cuenta, no gravita\u201d - Diario Textual","isPartOf":{"@id":"https:\/\/diariotextual.com\/inicio\/#website"},"primaryImageOfPage":{"@id":"https:\/\/diariotextual.com\/inicio\/index.php\/2023\/06\/15\/en-el-pro-ningunearon-a-hugo-perez-no-es-tenido-en-cuenta-no-gravita\/#primaryimage"},"image":{"@id":"https:\/\/diariotextual.com\/inicio\/index.php\/2023\/06\/15\/en-el-pro-ningunearon-a-hugo-perez-no-es-tenido-en-cuenta-no-gravita\/#primaryimage"},"thumbnailUrl":"https:\/\/diariotextual.com\/inicio\/wp-content\/uploads\/2022\/08\/juanenrique2022-1.jpg","datePublished":"2023-06-15T13:04:31+00:00","dateModified":"2023-06-15T17:55:11+00:00","breadcrumb":{"@id":"https:\/\/diariotextual.com\/inicio\/index.php\/2023\/06\/15\/en-el-pro-ningunearon-a-hugo-perez-no-es-tenido-en-cuenta-no-gravita\/#breadcrumb"},"inLanguage":"es","potentialAction":[{"@type":"ReadAction","target":["https:\/\/diariotextual.com\/inicio\/index.php\/2023\/06\/15\/en-el-pro-ningunearon-a-hugo-perez-no-es-tenido-en-cuenta-no-gravita\/"]}]},{"@type":"ImageObject","inLanguage":"es","@id":"https:\/\/diariotextual.com\/inicio\/index.php\/2023\/06\/15\/en-el-pro-ningunearon-a-hugo-perez-no-es-tenido-en-cuenta-no-gravita\/#primaryimage","url":"https:\/\/diariotextual.com\/inicio\/wp-content\/uploads\/2022\/08\/juanenrique2022-1.jpg","contentUrl":"https:\/\/diariotextual.com\/inicio\/wp-content\/uploads\/2022\/08\/juanenrique2022-1.jpg","width":1898,"height":1194},{"@type":"BreadcrumbList","@id":"https:\/\/diariotextual.com\/inicio\/index.php\/2023\/06\/15\/en-el-pro-ningunearon-a-hugo-perez-no-es-tenido-en-cuenta-no-gravita\/#breadcrumb","itemListElement":[{"@type":"ListItem","position":1,"name":"Portada","item":"https:\/\/diariotextual.com\/inicio\/"},{"@type":"ListItem","position":2,"name":"En el PRO ningunearon a Hugo P\u00e9rez: \u201cNo es tenido en cuenta, no gravita\u201d"}]},{"@type":"WebSite","@id":"https:\/\/diariotextual.com\/inicio\/#website","url":"https:\/\/diariotextual.com\/inicio\/","name":"Diario Textual","description":"","publisher":{"@id":"https:\/\/diariotextual.com\/inicio\/#organization"},"potentialAction":[{"@type":"SearchAction","target":{"@type":"EntryPoint","urlTemplate":"https:\/\/diariotextual.com\/inicio\/?s={search_term_string}"},"query-input":{"@type":"PropertyValueSpecification","valueRequired":true,"valueName":"search_term_string"}}],"inLanguage":"es"},{"@type":"Organization","@id":"https:\/\/diariotextual.com\/inicio\/#organization","name":"Diario Textual","url":"https:\/\/diariotextual.com\/inicio\/","logo":{"@type":"ImageObject","inLanguage":"es","@id":"https:\/\/diariotextual.com\/inicio\/#\/schema\/logo\/image\/","url":"https:\/\/diariotextual.com\/inicio\/wp-content\/uploads\/2023\/05\/logotextual1.jpg","contentUrl":"https:\/\/diariotextual.com\/inicio\/wp-content\/uploads\/2023\/05\/logotextual1.jpg","width":516,"height":76,"caption":"Diario Textual"},"image":{"@id":"https:\/\/diariotextual.com\/inicio\/#\/schema\/logo\/image\/"},"sameAs":["https:\/\/www.facebook.com\/eltextual","https:\/\/x.com\/eltextual","http:\/\/www.instagram.com\/eltextual"]},{"@type":"Person","@id":"https:\/\/diariotextual.com\/inicio\/#\/schema\/person\/c7834961ad8b29b1d9cdbf4571299067","name":"diario5","image":{"@type":"ImageObject","inLanguage":"es","@id":"https:\/\/secure.gravatar.com\/avatar\/948c893b847ca6df68216ead81b63f363408ec9b0f600fefc0641ce78613b111?s=96&d=mm&r=g","url":"https:\/\/secure.gravatar.com\/avatar\/948c893b847ca6df68216ead81b63f363408ec9b0f600fefc0641ce78613b111?s=96&d=mm&r=g","contentUrl":"https:\/\/secure.gravatar.com\/avatar\/948c893b847ca6df68216ead81b63f363408ec9b0f600fefc0641ce78613b111?s=96&d=mm&r=g","caption":"diario5"},"url":"https:\/\/diariotextual.com\/inicio\/index.php\/author\/diario5\/"}]}},"_links":{"self":[{"href":"https:\/\/diariotextual.com\/inicio\/index.php\/wp-json\/wp\/v2\/posts\/228516","targetHints":{"allow":["GET"]}}],"collection":[{"href":"https:\/\/diariotextual.com\/inicio\/index.php\/wp-json\/wp\/v2\/posts"}],"about":[{"href":"https:\/\/diariotextual.com\/inicio\/index.php\/wp-json\/wp\/v2\/types\/post"}],"author":[{"embeddable":true,"href":"https:\/\/diariotextual.com\/inicio\/index.php\/wp-json\/wp\/v2\/users\/7"}],"replies":[{"embeddable":true,"href":"https:\/\/diariotextual.com\/inicio\/index.php\/wp-json\/wp\/v2\/comments?post=228516"}],"version-history":[{"count":3,"href":"https:\/\/diariotextual.com\/inicio\/index.php\/wp-json\/wp\/v2\/posts\/228516\/revisions"}],"predecessor-version":[{"id":228519,"href":"https:\/\/diariotextual.com\/inicio\/index.php\/wp-json\/wp\/v2\/posts\/228516\/revisions\/228519"}],"wp:featuredmedia":[{"embeddable":true,"href":"https:\/\/diariotextual.com\/inicio\/index.php\/wp-json\/wp\/v2\/media\/198563"}],"wp:attachment":[{"href":"https:\/\/diariotextual.com\/inicio\/index.php\/wp-json\/wp\/v2\/media?parent=228516"}],"wp:term":[{"taxonomy":"category","embeddable":true,"href":"https:\/\/diariotextual.com\/inicio\/index.php\/wp-json\/wp\/v2\/categories?post=228516"},{"taxonomy":"post_tag","embeddable":true,"href":"https:\/\/diariotextual.com\/inicio\/index.php\/wp-json\/wp\/v2\/tags?post=228516"}],"curies":[{"name":"wp","href":"https:\/\/api.w.org\/{rel}","templated":true}]}}