{"id":228539,"date":"2023-06-15T14:45:02","date_gmt":"2023-06-15T17:45:02","guid":{"rendered":"https:\/\/diariotextual.com\/inicio\/?p=228539"},"modified":"2023-06-15T14:45:04","modified_gmt":"2023-06-15T17:45:04","slug":"jueces-de-acha-dictaron-una-condena-por-abuso-sexual-y-otra-por-violencia-de-genero","status":"publish","type":"post","link":"https:\/\/diariotextual.com\/inicio\/index.php\/2023\/06\/15\/jueces-de-acha-dictaron-una-condena-por-abuso-sexual-y-otra-por-violencia-de-genero\/","title":{"rendered":"Jueces de Acha dictaron una condena por abuso sexual y otra por violencia de g\u00e9nero"},"content":{"rendered":"\n<p>El juez de audiencia de General Acha, Ra\u00fal Miguez Mart\u00edn, conden\u00f3 a Jer\u00f3nimo Mart\u00edn Barbetta a <strong>un a\u00f1o de prisi\u00f3n de ejecuci\u00f3n condicional<\/strong>, como autor del delito de abuso sexual simple mediante el aprovechamiento de que<strong> la v\u00edctima no pudo consentir libremente la acci\u00f3n<\/strong>, en el marco de la ley 26485 de Protecci\u00f3n Integral contras las Mujeres. La v\u00edctima fue una adolescente de 16 a\u00f1os.<\/p>\n\n\n\n<p>Con las pruebas reunidas durante el juicio oral, el magistrado dio por acreditado que el acusado (24 a\u00f1os), a fines del a\u00f1o pasado, abord\u00f3 a la damnificada en el pasillo interior de una casa y, contra su voluntad, le realiz\u00f3 tocamientos en distintas partes del cuerpo.<\/p>\n\n\n\n<p>Durante los alegatos de cierre, el fiscal Juan Bautista M\u00e9ndez hab\u00eda pedido para Barbetta una pena de dos a\u00f1os de prisi\u00f3n en suspenso y el cumplimiento de pautas de conducta; mientras que el defensor particular, Diego Herbsommer Moreno, solicit\u00f3 su absoluci\u00f3n y, subsidiariamente, la sanci\u00f3n m\u00ednima de seis meses.<\/p>\n\n\n\n<p>Miguez Mart\u00edn, en los considerandos del fallo, expres\u00f3 que excepto la declaraci\u00f3n del hermano del acusado, \u201ctodo el resto del material probatorio determin\u00f3 que los hechos ocurrieron de un modo diferente al mencionado por el testigo\u201d; y agreg\u00f3 que \u201cla falta de concordancia de su relato con el resto de las pruebas merm\u00f3 notablemente la calidad y fuerza de su testimonio\u201d.<\/p>\n\n\n\n<p>Por el contrario, el juez resalt\u00f3 \u201cla calidad probatoria\u201d del relato de la v\u00edctima, quien \u201crealiz\u00f3 una narraci\u00f3n fluida, clara, coherente y sin contradicciones ni falencias l\u00f3gicas. Sus actitudes y reacciones fueron coincidentes con el contenido de ese relato\u201d.<\/p>\n\n\n\n<p>Al fijar la pena \u2013en teor\u00eda de seis meses a cuatro a\u00f1os\u2013, Miguez Mart\u00edn mencion\u00f3 como atenuantes a favor del imputado la falta de antecedentes, su juventud y \u201csus h\u00e1bitos laborales, al ejercer una actividad econ\u00f3mica comercial ya que posee un negocio propio\u201d. Por el contrario, enumer\u00f3 como agravantes \u201cla naturaleza de la acci\u00f3n desarrollada al implicar violencia de g\u00e9nero y la extensi\u00f3n del da\u00f1o causado\u201d.<\/p>\n\n\n\n<p><strong>\u201cLa violencia de g\u00e9nero resulta una pr\u00e1ctica cultural e hist\u00f3rica, respecto de la cual la sociedad est\u00e1 realizando un enorme esfuerzo para erradicarla<\/strong>; incluso desde hace varios a\u00f1os pueden apreciarse innumerables campa\u00f1as de informaci\u00f3n y concienciaci\u00f3n, las cuales no pueden haber sido desconocidas por el acusado\u201d, acot\u00f3.<\/p>\n\n\n\n<p>Finalmente, el juez le impuso al agresor las siguientes reglas de conducta por dos a\u00f1os: fijar un domicilio, del cual no podr\u00e1 ausentarse sin autorizaci\u00f3n expresa del tribunal interviniente; someterse al cuidado del Ente de Pol\u00edticas Socializadoras; abstenerse de concurrir al domicilio de la v\u00edctima y de relacionarse con ella de cualquier modo; no usar estupefacientes o abusar de bebidas alcoh\u00f3licas; y realizar un tratamiento psicol\u00f3gico \u201cdestinado a reflexionar acerca de lo disvalioso de su accionar, a los fines de que no vuelva a realizar ese tipo de actos\u201d.<\/p>\n\n\n\n<p>Por otro lado, el juez de control achense, Diego Ariel Asin, conden\u00f3 a Luciano Agust\u00edn Dillschneider, en un juicio abreviado, a seis meses de prisi\u00f3n en suspenso por ser autor de los delitos de<strong> violaci\u00f3n de domicilio, lesiones leves agravadas por el v\u00ednculo, da\u00f1o simple, amenazas simples y tenencia de arma de fuego sin la debida autorizaci\u00f3n legal; todo ello en concurso real y en el marco de la ley 26485 de Protecci\u00f3n Integral contra las Mujeres. La v\u00edctima fue una ex pareja.<\/strong><\/p>\n\n\n\n<p>Hace dos semanas, el viernes 2 de junio a medianoche, el acusado ingres\u00f3 \u201ctotalmente alterado\u201d a la vivienda de la mujer, despu\u00e9s de forzar una ventana. Al verlo, ella le pidi\u00f3 que se calmara y Dillschneider respondi\u00f3 d\u00e1ndole una bofetada en el rostro. Luego le dijo desde afuera: \u201cahora s\u00ed denunciame, basura\u2026 yo me voy a ir del pueblo\u201d. Posteriormente \u201ccomenz\u00f3 a llamarla insistentemente y a enviarle mensajes pidi\u00e9ndole perd\u00f3n\u201d, yendo dos veces m\u00e1s hasta el lugar y pasando en su auto por el frente. Adem\u00e1s le expres\u00f3 que iba a prenderle fuego la casa y cuando ella estaba radicando la denuncia, le envi\u00f3 un mensaje de texto manifest\u00e1ndole que har\u00eda lo que hab\u00eda dicho.<\/p>\n\n\n\n<p>A su vez, en un segundo legajo se prob\u00f3 que, con anterioridad a esa fecha, el imputado tuvo en su poder una carabina semiaut\u00f3matica calibre 22, sin contar con la debida autorizaci\u00f3n legal, ya que no pose\u00eda credencial de leg\u00edtimo usuario y por ello no estaba habilitado para su tenencia, transporte, ni portaci\u00f3n.<\/p>\n\n\n\n<p>El abreviado fue convenido entre la fiscala de General Acha, Paula Soledad Duscher, el defensor oficial Claudio Martinez Sabio y el propio Dillschneider, quien acept\u00f3 su culpabilidad. A \u00e9l, por recibir una pena de ejecuci\u00f3n condicional, se le impusieron pautas de conducta durante dos a\u00f1os (fijar residencia, someterse al cuidado del Ente de Pol\u00edticas Resocializadoras, abstenerse de modo absoluto de entrar en contacto con la v\u00edctima, no usar estupefacientes ni abusar de bebidas alcoh\u00f3licas y realizar un tratamiento psicol\u00f3gico).\u200b<\/p>\n","protected":false},"excerpt":{"rendered":"<p>El juez de audiencia de General Acha, Ra\u00fal Miguez Mart\u00edn, conden\u00f3 a Jer\u00f3nimo Mart\u00edn Barbetta a un a\u00f1o de prisi\u00f3n de ejecuci\u00f3n condicional, como autor del delito de abuso sexual&hellip;<\/p>\n","protected":false},"author":4,"featured_media":211107,"comment_status":"closed","ping_status":"open","sticky":false,"template":"","format":"standard","meta":{"_acf_changed":false,"footnotes":""},"categories":[1,12],"tags":[],"class_list":["post-228539","post","type-post","status-publish","format-standard","has-post-thumbnail","hentry","category-es-noticia","category-sociedad"],"acf":[],"yoast_head":"<!-- This site is optimized with the Yoast SEO plugin v27.5 - https:\/\/yoast.com\/product\/yoast-seo-wordpress\/ -->\n<title>Jueces de Acha dictaron una condena por abuso sexual y otra por violencia de g\u00e9nero - Diario Textual<\/title>\n<meta name=\"robots\" content=\"index, follow, max-snippet:-1, max-image-preview:large, max-video-preview:-1\" \/>\n<link rel=\"canonical\" href=\"https:\/\/diariotextual.com\/inicio\/index.php\/2023\/06\/15\/jueces-de-acha-dictaron-una-condena-por-abuso-sexual-y-otra-por-violencia-de-genero\/\" \/>\n<meta property=\"og:locale\" content=\"es_ES\" \/>\n<meta property=\"og:type\" content=\"article\" \/>\n<meta property=\"og:title\" content=\"Jueces de Acha dictaron una condena por abuso sexual y otra por violencia de g\u00e9nero - Diario Textual\" \/>\n<meta property=\"og:description\" content=\"El juez de audiencia de General Acha, Ra\u00fal Miguez Mart\u00edn, conden\u00f3 a Jer\u00f3nimo Mart\u00edn Barbetta a un a\u00f1o de prisi\u00f3n de ejecuci\u00f3n condicional, como autor del delito de abuso sexual&hellip;\" \/>\n<meta property=\"og:url\" content=\"https:\/\/diariotextual.com\/inicio\/index.php\/2023\/06\/15\/jueces-de-acha-dictaron-una-condena-por-abuso-sexual-y-otra-por-violencia-de-genero\/\" \/>\n<meta property=\"og:site_name\" content=\"Diario Textual\" \/>\n<meta property=\"article:publisher\" content=\"https:\/\/www.facebook.com\/eltextual\" \/>\n<meta property=\"article:published_time\" content=\"2023-06-15T17:45:02+00:00\" \/>\n<meta property=\"article:modified_time\" content=\"2023-06-15T17:45:04+00:00\" \/>\n<meta property=\"og:image\" content=\"https:\/\/diariotextual.com\/inicio\/wp-content\/uploads\/2022\/12\/generalachaentrada.jpg\" \/>\n\t<meta property=\"og:image:width\" content=\"900\" \/>\n\t<meta property=\"og:image:height\" content=\"522\" \/>\n\t<meta property=\"og:image:type\" content=\"image\/jpeg\" \/>\n<meta name=\"author\" content=\"diario2\" \/>\n<meta name=\"twitter:card\" content=\"summary_large_image\" \/>\n<meta name=\"twitter:creator\" content=\"@eltextual\" \/>\n<meta name=\"twitter:site\" content=\"@eltextual\" \/>\n<meta name=\"twitter:label1\" content=\"Escrito por\" \/>\n\t<meta name=\"twitter:data1\" content=\"diario2\" \/>\n\t<meta name=\"twitter:label2\" content=\"Tiempo de lectura\" \/>\n\t<meta name=\"twitter:data2\" content=\"4 minutos\" \/>\n<script type=\"application\/ld+json\" class=\"yoast-schema-graph\">{\"@context\":\"https:\\\/\\\/schema.org\",\"@graph\":[{\"@type\":\"Article\",\"@id\":\"https:\\\/\\\/diariotextual.com\\\/inicio\\\/index.php\\\/2023\\\/06\\\/15\\\/jueces-de-acha-dictaron-una-condena-por-abuso-sexual-y-otra-por-violencia-de-genero\\\/#article\",\"isPartOf\":{\"@id\":\"https:\\\/\\\/diariotextual.com\\\/inicio\\\/index.php\\\/2023\\\/06\\\/15\\\/jueces-de-acha-dictaron-una-condena-por-abuso-sexual-y-otra-por-violencia-de-genero\\\/\"},\"author\":{\"name\":\"diario2\",\"@id\":\"https:\\\/\\\/diariotextual.com\\\/inicio\\\/#\\\/schema\\\/person\\\/694f60677f23c4a530867a98f22b3768\"},\"headline\":\"Jueces de Acha dictaron una condena por abuso sexual y otra por violencia de g\u00e9nero\",\"datePublished\":\"2023-06-15T17:45:02+00:00\",\"dateModified\":\"2023-06-15T17:45:04+00:00\",\"mainEntityOfPage\":{\"@id\":\"https:\\\/\\\/diariotextual.com\\\/inicio\\\/index.php\\\/2023\\\/06\\\/15\\\/jueces-de-acha-dictaron-una-condena-por-abuso-sexual-y-otra-por-violencia-de-genero\\\/\"},\"wordCount\":878,\"publisher\":{\"@id\":\"https:\\\/\\\/diariotextual.com\\\/inicio\\\/#organization\"},\"image\":{\"@id\":\"https:\\\/\\\/diariotextual.com\\\/inicio\\\/index.php\\\/2023\\\/06\\\/15\\\/jueces-de-acha-dictaron-una-condena-por-abuso-sexual-y-otra-por-violencia-de-genero\\\/#primaryimage\"},\"thumbnailUrl\":\"https:\\\/\\\/diariotextual.com\\\/inicio\\\/wp-content\\\/uploads\\\/2022\\\/12\\\/generalachaentrada.jpg\",\"articleSection\":[\"A - ES NOTICIA (van abajo)\",\"SOCIEDAD\"],\"inLanguage\":\"es\"},{\"@type\":\"WebPage\",\"@id\":\"https:\\\/\\\/diariotextual.com\\\/inicio\\\/index.php\\\/2023\\\/06\\\/15\\\/jueces-de-acha-dictaron-una-condena-por-abuso-sexual-y-otra-por-violencia-de-genero\\\/\",\"url\":\"https:\\\/\\\/diariotextual.com\\\/inicio\\\/index.php\\\/2023\\\/06\\\/15\\\/jueces-de-acha-dictaron-una-condena-por-abuso-sexual-y-otra-por-violencia-de-genero\\\/\",\"name\":\"Jueces de Acha dictaron una condena por abuso sexual y otra por violencia de g\u00e9nero - Diario Textual\",\"isPartOf\":{\"@id\":\"https:\\\/\\\/diariotextual.com\\\/inicio\\\/#website\"},\"primaryImageOfPage\":{\"@id\":\"https:\\\/\\\/diariotextual.com\\\/inicio\\\/index.php\\\/2023\\\/06\\\/15\\\/jueces-de-acha-dictaron-una-condena-por-abuso-sexual-y-otra-por-violencia-de-genero\\\/#primaryimage\"},\"image\":{\"@id\":\"https:\\\/\\\/diariotextual.com\\\/inicio\\\/index.php\\\/2023\\\/06\\\/15\\\/jueces-de-acha-dictaron-una-condena-por-abuso-sexual-y-otra-por-violencia-de-genero\\\/#primaryimage\"},\"thumbnailUrl\":\"https:\\\/\\\/diariotextual.com\\\/inicio\\\/wp-content\\\/uploads\\\/2022\\\/12\\\/generalachaentrada.jpg\",\"datePublished\":\"2023-06-15T17:45:02+00:00\",\"dateModified\":\"2023-06-15T17:45:04+00:00\",\"breadcrumb\":{\"@id\":\"https:\\\/\\\/diariotextual.com\\\/inicio\\\/index.php\\\/2023\\\/06\\\/15\\\/jueces-de-acha-dictaron-una-condena-por-abuso-sexual-y-otra-por-violencia-de-genero\\\/#breadcrumb\"},\"inLanguage\":\"es\",\"potentialAction\":[{\"@type\":\"ReadAction\",\"target\":[\"https:\\\/\\\/diariotextual.com\\\/inicio\\\/index.php\\\/2023\\\/06\\\/15\\\/jueces-de-acha-dictaron-una-condena-por-abuso-sexual-y-otra-por-violencia-de-genero\\\/\"]}]},{\"@type\":\"ImageObject\",\"inLanguage\":\"es\",\"@id\":\"https:\\\/\\\/diariotextual.com\\\/inicio\\\/index.php\\\/2023\\\/06\\\/15\\\/jueces-de-acha-dictaron-una-condena-por-abuso-sexual-y-otra-por-violencia-de-genero\\\/#primaryimage\",\"url\":\"https:\\\/\\\/diariotextual.com\\\/inicio\\\/wp-content\\\/uploads\\\/2022\\\/12\\\/generalachaentrada.jpg\",\"contentUrl\":\"https:\\\/\\\/diariotextual.com\\\/inicio\\\/wp-content\\\/uploads\\\/2022\\\/12\\\/generalachaentrada.jpg\",\"width\":900,\"height\":522},{\"@type\":\"BreadcrumbList\",\"@id\":\"https:\\\/\\\/diariotextual.com\\\/inicio\\\/index.php\\\/2023\\\/06\\\/15\\\/jueces-de-acha-dictaron-una-condena-por-abuso-sexual-y-otra-por-violencia-de-genero\\\/#breadcrumb\",\"itemListElement\":[{\"@type\":\"ListItem\",\"position\":1,\"name\":\"Portada\",\"item\":\"https:\\\/\\\/diariotextual.com\\\/inicio\\\/\"},{\"@type\":\"ListItem\",\"position\":2,\"name\":\"Jueces de Acha dictaron una condena por abuso sexual y otra por violencia de g\u00e9nero\"}]},{\"@type\":\"WebSite\",\"@id\":\"https:\\\/\\\/diariotextual.com\\\/inicio\\\/#website\",\"url\":\"https:\\\/\\\/diariotextual.com\\\/inicio\\\/\",\"name\":\"Diario Textual\",\"description\":\"\",\"publisher\":{\"@id\":\"https:\\\/\\\/diariotextual.com\\\/inicio\\\/#organization\"},\"potentialAction\":[{\"@type\":\"SearchAction\",\"target\":{\"@type\":\"EntryPoint\",\"urlTemplate\":\"https:\\\/\\\/diariotextual.com\\\/inicio\\\/?s={search_term_string}\"},\"query-input\":{\"@type\":\"PropertyValueSpecification\",\"valueRequired\":true,\"valueName\":\"search_term_string\"}}],\"inLanguage\":\"es\"},{\"@type\":\"Organization\",\"@id\":\"https:\\\/\\\/diariotextual.com\\\/inicio\\\/#organization\",\"name\":\"Diario Textual\",\"url\":\"https:\\\/\\\/diariotextual.com\\\/inicio\\\/\",\"logo\":{\"@type\":\"ImageObject\",\"inLanguage\":\"es\",\"@id\":\"https:\\\/\\\/diariotextual.com\\\/inicio\\\/#\\\/schema\\\/logo\\\/image\\\/\",\"url\":\"https:\\\/\\\/diariotextual.com\\\/inicio\\\/wp-content\\\/uploads\\\/2023\\\/05\\\/logotextual1.jpg\",\"contentUrl\":\"https:\\\/\\\/diariotextual.com\\\/inicio\\\/wp-content\\\/uploads\\\/2023\\\/05\\\/logotextual1.jpg\",\"width\":516,\"height\":76,\"caption\":\"Diario Textual\"},\"image\":{\"@id\":\"https:\\\/\\\/diariotextual.com\\\/inicio\\\/#\\\/schema\\\/logo\\\/image\\\/\"},\"sameAs\":[\"https:\\\/\\\/www.facebook.com\\\/eltextual\",\"https:\\\/\\\/x.com\\\/eltextual\",\"http:\\\/\\\/www.instagram.com\\\/eltextual\"]},{\"@type\":\"Person\",\"@id\":\"https:\\\/\\\/diariotextual.com\\\/inicio\\\/#\\\/schema\\\/person\\\/694f60677f23c4a530867a98f22b3768\",\"name\":\"diario2\",\"image\":{\"@type\":\"ImageObject\",\"inLanguage\":\"es\",\"@id\":\"https:\\\/\\\/secure.gravatar.com\\\/avatar\\\/5a2567495ba16b852fcd8f1ed006a2e24fcace936018ed8237e95f488ad6e0a7?s=96&d=mm&r=g\",\"url\":\"https:\\\/\\\/secure.gravatar.com\\\/avatar\\\/5a2567495ba16b852fcd8f1ed006a2e24fcace936018ed8237e95f488ad6e0a7?s=96&d=mm&r=g\",\"contentUrl\":\"https:\\\/\\\/secure.gravatar.com\\\/avatar\\\/5a2567495ba16b852fcd8f1ed006a2e24fcace936018ed8237e95f488ad6e0a7?s=96&d=mm&r=g\",\"caption\":\"diario2\"},\"url\":\"https:\\\/\\\/diariotextual.com\\\/inicio\\\/index.php\\\/author\\\/diario2\\\/\"}]}<\/script>\n<!-- \/ Yoast SEO plugin. -->","yoast_head_json":{"title":"Jueces de Acha dictaron una condena por abuso sexual y otra por violencia de g\u00e9nero - Diario Textual","robots":{"index":"index","follow":"follow","max-snippet":"max-snippet:-1","max-image-preview":"max-image-preview:large","max-video-preview":"max-video-preview:-1"},"canonical":"https:\/\/diariotextual.com\/inicio\/index.php\/2023\/06\/15\/jueces-de-acha-dictaron-una-condena-por-abuso-sexual-y-otra-por-violencia-de-genero\/","og_locale":"es_ES","og_type":"article","og_title":"Jueces de Acha dictaron una condena por abuso sexual y otra por violencia de g\u00e9nero - Diario Textual","og_description":"El juez de audiencia de General Acha, Ra\u00fal Miguez Mart\u00edn, conden\u00f3 a Jer\u00f3nimo Mart\u00edn Barbetta a un a\u00f1o de prisi\u00f3n de ejecuci\u00f3n condicional, como autor del delito de abuso sexual&hellip;","og_url":"https:\/\/diariotextual.com\/inicio\/index.php\/2023\/06\/15\/jueces-de-acha-dictaron-una-condena-por-abuso-sexual-y-otra-por-violencia-de-genero\/","og_site_name":"Diario Textual","article_publisher":"https:\/\/www.facebook.com\/eltextual","article_published_time":"2023-06-15T17:45:02+00:00","article_modified_time":"2023-06-15T17:45:04+00:00","og_image":[{"width":900,"height":522,"url":"https:\/\/diariotextual.com\/inicio\/wp-content\/uploads\/2022\/12\/generalachaentrada.jpg","type":"image\/jpeg"}],"author":"diario2","twitter_card":"summary_large_image","twitter_creator":"@eltextual","twitter_site":"@eltextual","twitter_misc":{"Escrito por":"diario2","Tiempo de lectura":"4 minutos"},"schema":{"@context":"https:\/\/schema.org","@graph":[{"@type":"Article","@id":"https:\/\/diariotextual.com\/inicio\/index.php\/2023\/06\/15\/jueces-de-acha-dictaron-una-condena-por-abuso-sexual-y-otra-por-violencia-de-genero\/#article","isPartOf":{"@id":"https:\/\/diariotextual.com\/inicio\/index.php\/2023\/06\/15\/jueces-de-acha-dictaron-una-condena-por-abuso-sexual-y-otra-por-violencia-de-genero\/"},"author":{"name":"diario2","@id":"https:\/\/diariotextual.com\/inicio\/#\/schema\/person\/694f60677f23c4a530867a98f22b3768"},"headline":"Jueces de Acha dictaron una condena por abuso sexual y otra por violencia de g\u00e9nero","datePublished":"2023-06-15T17:45:02+00:00","dateModified":"2023-06-15T17:45:04+00:00","mainEntityOfPage":{"@id":"https:\/\/diariotextual.com\/inicio\/index.php\/2023\/06\/15\/jueces-de-acha-dictaron-una-condena-por-abuso-sexual-y-otra-por-violencia-de-genero\/"},"wordCount":878,"publisher":{"@id":"https:\/\/diariotextual.com\/inicio\/#organization"},"image":{"@id":"https:\/\/diariotextual.com\/inicio\/index.php\/2023\/06\/15\/jueces-de-acha-dictaron-una-condena-por-abuso-sexual-y-otra-por-violencia-de-genero\/#primaryimage"},"thumbnailUrl":"https:\/\/diariotextual.com\/inicio\/wp-content\/uploads\/2022\/12\/generalachaentrada.jpg","articleSection":["A - ES NOTICIA (van abajo)","SOCIEDAD"],"inLanguage":"es"},{"@type":"WebPage","@id":"https:\/\/diariotextual.com\/inicio\/index.php\/2023\/06\/15\/jueces-de-acha-dictaron-una-condena-por-abuso-sexual-y-otra-por-violencia-de-genero\/","url":"https:\/\/diariotextual.com\/inicio\/index.php\/2023\/06\/15\/jueces-de-acha-dictaron-una-condena-por-abuso-sexual-y-otra-por-violencia-de-genero\/","name":"Jueces de Acha dictaron una condena por abuso sexual y otra por violencia de g\u00e9nero - Diario Textual","isPartOf":{"@id":"https:\/\/diariotextual.com\/inicio\/#website"},"primaryImageOfPage":{"@id":"https:\/\/diariotextual.com\/inicio\/index.php\/2023\/06\/15\/jueces-de-acha-dictaron-una-condena-por-abuso-sexual-y-otra-por-violencia-de-genero\/#primaryimage"},"image":{"@id":"https:\/\/diariotextual.com\/inicio\/index.php\/2023\/06\/15\/jueces-de-acha-dictaron-una-condena-por-abuso-sexual-y-otra-por-violencia-de-genero\/#primaryimage"},"thumbnailUrl":"https:\/\/diariotextual.com\/inicio\/wp-content\/uploads\/2022\/12\/generalachaentrada.jpg","datePublished":"2023-06-15T17:45:02+00:00","dateModified":"2023-06-15T17:45:04+00:00","breadcrumb":{"@id":"https:\/\/diariotextual.com\/inicio\/index.php\/2023\/06\/15\/jueces-de-acha-dictaron-una-condena-por-abuso-sexual-y-otra-por-violencia-de-genero\/#breadcrumb"},"inLanguage":"es","potentialAction":[{"@type":"ReadAction","target":["https:\/\/diariotextual.com\/inicio\/index.php\/2023\/06\/15\/jueces-de-acha-dictaron-una-condena-por-abuso-sexual-y-otra-por-violencia-de-genero\/"]}]},{"@type":"ImageObject","inLanguage":"es","@id":"https:\/\/diariotextual.com\/inicio\/index.php\/2023\/06\/15\/jueces-de-acha-dictaron-una-condena-por-abuso-sexual-y-otra-por-violencia-de-genero\/#primaryimage","url":"https:\/\/diariotextual.com\/inicio\/wp-content\/uploads\/2022\/12\/generalachaentrada.jpg","contentUrl":"https:\/\/diariotextual.com\/inicio\/wp-content\/uploads\/2022\/12\/generalachaentrada.jpg","width":900,"height":522},{"@type":"BreadcrumbList","@id":"https:\/\/diariotextual.com\/inicio\/index.php\/2023\/06\/15\/jueces-de-acha-dictaron-una-condena-por-abuso-sexual-y-otra-por-violencia-de-genero\/#breadcrumb","itemListElement":[{"@type":"ListItem","position":1,"name":"Portada","item":"https:\/\/diariotextual.com\/inicio\/"},{"@type":"ListItem","position":2,"name":"Jueces de Acha dictaron una condena por abuso sexual y otra por violencia de g\u00e9nero"}]},{"@type":"WebSite","@id":"https:\/\/diariotextual.com\/inicio\/#website","url":"https:\/\/diariotextual.com\/inicio\/","name":"Diario Textual","description":"","publisher":{"@id":"https:\/\/diariotextual.com\/inicio\/#organization"},"potentialAction":[{"@type":"SearchAction","target":{"@type":"EntryPoint","urlTemplate":"https:\/\/diariotextual.com\/inicio\/?s={search_term_string}"},"query-input":{"@type":"PropertyValueSpecification","valueRequired":true,"valueName":"search_term_string"}}],"inLanguage":"es"},{"@type":"Organization","@id":"https:\/\/diariotextual.com\/inicio\/#organization","name":"Diario Textual","url":"https:\/\/diariotextual.com\/inicio\/","logo":{"@type":"ImageObject","inLanguage":"es","@id":"https:\/\/diariotextual.com\/inicio\/#\/schema\/logo\/image\/","url":"https:\/\/diariotextual.com\/inicio\/wp-content\/uploads\/2023\/05\/logotextual1.jpg","contentUrl":"https:\/\/diariotextual.com\/inicio\/wp-content\/uploads\/2023\/05\/logotextual1.jpg","width":516,"height":76,"caption":"Diario Textual"},"image":{"@id":"https:\/\/diariotextual.com\/inicio\/#\/schema\/logo\/image\/"},"sameAs":["https:\/\/www.facebook.com\/eltextual","https:\/\/x.com\/eltextual","http:\/\/www.instagram.com\/eltextual"]},{"@type":"Person","@id":"https:\/\/diariotextual.com\/inicio\/#\/schema\/person\/694f60677f23c4a530867a98f22b3768","name":"diario2","image":{"@type":"ImageObject","inLanguage":"es","@id":"https:\/\/secure.gravatar.com\/avatar\/5a2567495ba16b852fcd8f1ed006a2e24fcace936018ed8237e95f488ad6e0a7?s=96&d=mm&r=g","url":"https:\/\/secure.gravatar.com\/avatar\/5a2567495ba16b852fcd8f1ed006a2e24fcace936018ed8237e95f488ad6e0a7?s=96&d=mm&r=g","contentUrl":"https:\/\/secure.gravatar.com\/avatar\/5a2567495ba16b852fcd8f1ed006a2e24fcace936018ed8237e95f488ad6e0a7?s=96&d=mm&r=g","caption":"diario2"},"url":"https:\/\/diariotextual.com\/inicio\/index.php\/author\/diario2\/"}]}},"_links":{"self":[{"href":"https:\/\/diariotextual.com\/inicio\/index.php\/wp-json\/wp\/v2\/posts\/228539","targetHints":{"allow":["GET"]}}],"collection":[{"href":"https:\/\/diariotextual.com\/inicio\/index.php\/wp-json\/wp\/v2\/posts"}],"about":[{"href":"https:\/\/diariotextual.com\/inicio\/index.php\/wp-json\/wp\/v2\/types\/post"}],"author":[{"embeddable":true,"href":"https:\/\/diariotextual.com\/inicio\/index.php\/wp-json\/wp\/v2\/users\/4"}],"replies":[{"embeddable":true,"href":"https:\/\/diariotextual.com\/inicio\/index.php\/wp-json\/wp\/v2\/comments?post=228539"}],"version-history":[{"count":1,"href":"https:\/\/diariotextual.com\/inicio\/index.php\/wp-json\/wp\/v2\/posts\/228539\/revisions"}],"predecessor-version":[{"id":228540,"href":"https:\/\/diariotextual.com\/inicio\/index.php\/wp-json\/wp\/v2\/posts\/228539\/revisions\/228540"}],"wp:featuredmedia":[{"embeddable":true,"href":"https:\/\/diariotextual.com\/inicio\/index.php\/wp-json\/wp\/v2\/media\/211107"}],"wp:attachment":[{"href":"https:\/\/diariotextual.com\/inicio\/index.php\/wp-json\/wp\/v2\/media?parent=228539"}],"wp:term":[{"taxonomy":"category","embeddable":true,"href":"https:\/\/diariotextual.com\/inicio\/index.php\/wp-json\/wp\/v2\/categories?post=228539"},{"taxonomy":"post_tag","embeddable":true,"href":"https:\/\/diariotextual.com\/inicio\/index.php\/wp-json\/wp\/v2\/tags?post=228539"}],"curies":[{"name":"wp","href":"https:\/\/api.w.org\/{rel}","templated":true}]}}