{"id":228554,"date":"2023-06-15T15:16:48","date_gmt":"2023-06-15T18:16:48","guid":{"rendered":"https:\/\/diariotextual.com\/inicio\/?p=228554"},"modified":"2023-06-15T15:16:50","modified_gmt":"2023-06-15T18:16:50","slug":"mariano-fernandez-si-la-oposicion-vuelve-al-poder-va-a-volver-con-mas-rabia","status":"publish","type":"post","link":"https:\/\/diariotextual.com\/inicio\/index.php\/2023\/06\/15\/mariano-fernandez-si-la-oposicion-vuelve-al-poder-va-a-volver-con-mas-rabia\/","title":{"rendered":"Mariano Fern\u00e1ndez: \u201cSi la oposici\u00f3n vuelve al poder, va a volver con m\u00e1s rabia\u201d"},"content":{"rendered":"\n<p>El vicegobernador <strong>Mariano Fern\u00e1ndez recibi\u00f3 en su despacho a la diputada nacional Gisela Marziotta<\/strong>, que est\u00e1 en nuestra provincia presentando a su \u00faltimo libro, \u201cLas Primeras, mujeres que hicieron historia\u201d.<\/p>\n\n\n\n<p>Acompa\u00f1ada por la secretaria general de CGT La Pampa Zona Sur, Marcela Urban, Marziotta es la primera vez que visita La Pampa y, en ese contexto, el vicegoberandor le brind\u00f3 un panorama sobre las pol\u00edticas p\u00fablicas llevadas a cabo en la provincia durante los \u00faltimos cuatro a\u00f1os.<\/p>\n\n\n\n<p>\u201cDurante esta gesti\u00f3n nacional se hicieron varias obras en la provincia \u2013puntualiz\u00f3 Fern\u00e1ndez-, no se trat\u00f3 solo de anuncios. Son obras que se concretaron. Naci\u00f3n y Provincia han trabajado mancomunadamente en pos del beneficio de todos los pampeanos y pampeanas\u201d. Y agreg\u00f3: \u201cest\u00e1 claro que el presidente ha cometido errores, pero con La Pampa cumpli\u00f3\u201d.<\/p>\n\n\n\n<p>A su vez, Fern\u00e1ndez record\u00f3 la desidia que hubo para con la provincia en la administraci\u00f3n de Mauricio Macri: \u201cfue un Gobierno que dej\u00f3 totalmente postergada a La Pampa. Y no s\u00f3lo fue una presidencia ineficiente cuyas consecuencias estamos atravesando hoy, tambi\u00e9n fue una gesti\u00f3n desconocedora de las problem\u00e1ticas del total de las jurisdicciones\u201d. El vicegobernador destac\u00f3 el rol del ingeniero Carlos Verna en aquellos tiempos dif\u00edciles: \u201ctuvimos un gobernador que supo hacerle frente a las adversidades\u201d.<\/p>\n\n\n\n<p>Por su parte, <strong>Marziotta dijo que hay que fortalecer el peronismo <\/strong>y, respecto al gobierno, dijo: \u201cnuestro espacio tiene que tener mayor determinaci\u00f3n para ejercer pol\u00edticas. Acciones como las que se llevaron adelante en La Pampa y las dem\u00e1s provincias, debieran comunicarse mejor\u201d.<\/p>\n\n\n\n<p>Por \u00faltimo, Fern\u00e1ndez manifest\u00f3, de cara a las elecciones, que estamos ante dos modelos de pa\u00eds: <strong>\u201ctenemos que ser conscientes que si la oposici\u00f3n vuelve al poder, van a volver con m\u00e1s rabia\u201d.<\/strong><\/p>\n\n\n\n<p>En di\u00e1logo con el \u00e1rea de prensa de la Legislatura, Marziotta se refiri\u00f3 a su publicaci\u00f3n m\u00e1s reciente, \u201cLas Primeras, mujeres que hicieron historia\u201d.<\/p>\n\n\n\n<p>La periodista cont\u00f3 que la motivaci\u00f3n de escribir este libro fue mostrar un espectro lo m\u00e1s amplio posible. \u201cFue abordado desde las \u00e9pocas, edades y rubros de estas mujeres que fueron primeras en campos diversos. Y no s\u00f3lo de la pol\u00edtica, sino tambi\u00e9n de buscar esos lugares o roles que no est\u00e1n tan a la vista. Algo que tienen en com\u00fan es que ninguna de ellas estaba pensando en ser la primera\u201d, se\u00f1al\u00f3.<\/p>\n\n\n\n<p>La presentaci\u00f3n del libro ser\u00e1 este jueves a la hora 19:30 en la sede de la CGT Regional Centro Sur de la ciudad de Santa Rosa, en Yrigoyen 262.<\/p>\n","protected":false},"excerpt":{"rendered":"<p>El vicegobernador Mariano Fern\u00e1ndez recibi\u00f3 en su despacho a la diputada nacional Gisela Marziotta, que est\u00e1 en nuestra provincia presentando a su \u00faltimo libro, \u201cLas Primeras, mujeres que hicieron historia\u201d.&hellip;<\/p>\n","protected":false},"author":4,"featured_media":228556,"comment_status":"closed","ping_status":"open","sticky":false,"template":"","format":"standard","meta":{"_acf_changed":false,"footnotes":""},"categories":[1,8],"tags":[],"class_list":["post-228554","post","type-post","status-publish","format-standard","has-post-thumbnail","hentry","category-es-noticia","category-politica"],"acf":[],"yoast_head":"<!-- This site is optimized with the Yoast SEO plugin v27.5 - https:\/\/yoast.com\/product\/yoast-seo-wordpress\/ -->\n<title>Mariano Fern\u00e1ndez: \u201cSi la oposici\u00f3n vuelve al poder, va a volver con m\u00e1s rabia\u201d - Diario Textual<\/title>\n<meta name=\"robots\" content=\"index, follow, max-snippet:-1, max-image-preview:large, max-video-preview:-1\" \/>\n<link rel=\"canonical\" href=\"https:\/\/diariotextual.com\/inicio\/index.php\/2023\/06\/15\/mariano-fernandez-si-la-oposicion-vuelve-al-poder-va-a-volver-con-mas-rabia\/\" \/>\n<meta property=\"og:locale\" content=\"es_ES\" \/>\n<meta property=\"og:type\" content=\"article\" \/>\n<meta property=\"og:title\" content=\"Mariano Fern\u00e1ndez: \u201cSi la oposici\u00f3n vuelve al poder, va a volver con m\u00e1s rabia\u201d - Diario Textual\" \/>\n<meta property=\"og:description\" content=\"El vicegobernador Mariano Fern\u00e1ndez recibi\u00f3 en su despacho a la diputada nacional Gisela Marziotta, que est\u00e1 en nuestra provincia presentando a su \u00faltimo libro, \u201cLas Primeras, mujeres que hicieron historia\u201d.&hellip;\" \/>\n<meta property=\"og:url\" content=\"https:\/\/diariotextual.com\/inicio\/index.php\/2023\/06\/15\/mariano-fernandez-si-la-oposicion-vuelve-al-poder-va-a-volver-con-mas-rabia\/\" \/>\n<meta property=\"og:site_name\" content=\"Diario Textual\" \/>\n<meta property=\"article:publisher\" content=\"https:\/\/www.facebook.com\/eltextual\" \/>\n<meta property=\"article:published_time\" content=\"2023-06-15T18:16:48+00:00\" \/>\n<meta property=\"article:modified_time\" content=\"2023-06-15T18:16:50+00:00\" \/>\n<meta property=\"og:image\" content=\"https:\/\/diariotextual.com\/inicio\/wp-content\/uploads\/2023\/06\/fernandezmarianomarziotta654.png\" \/>\n\t<meta property=\"og:image:width\" content=\"800\" \/>\n\t<meta property=\"og:image:height\" content=\"530\" \/>\n\t<meta property=\"og:image:type\" content=\"image\/png\" \/>\n<meta name=\"author\" content=\"diario2\" \/>\n<meta name=\"twitter:card\" content=\"summary_large_image\" \/>\n<meta name=\"twitter:creator\" content=\"@eltextual\" \/>\n<meta name=\"twitter:site\" content=\"@eltextual\" \/>\n<meta name=\"twitter:label1\" content=\"Escrito por\" \/>\n\t<meta name=\"twitter:data1\" content=\"diario2\" \/>\n\t<meta name=\"twitter:label2\" content=\"Tiempo de lectura\" \/>\n\t<meta name=\"twitter:data2\" content=\"2 minutos\" \/>\n<script type=\"application\/ld+json\" class=\"yoast-schema-graph\">{\"@context\":\"https:\\\/\\\/schema.org\",\"@graph\":[{\"@type\":\"Article\",\"@id\":\"https:\\\/\\\/diariotextual.com\\\/inicio\\\/index.php\\\/2023\\\/06\\\/15\\\/mariano-fernandez-si-la-oposicion-vuelve-al-poder-va-a-volver-con-mas-rabia\\\/#article\",\"isPartOf\":{\"@id\":\"https:\\\/\\\/diariotextual.com\\\/inicio\\\/index.php\\\/2023\\\/06\\\/15\\\/mariano-fernandez-si-la-oposicion-vuelve-al-poder-va-a-volver-con-mas-rabia\\\/\"},\"author\":{\"name\":\"diario2\",\"@id\":\"https:\\\/\\\/diariotextual.com\\\/inicio\\\/#\\\/schema\\\/person\\\/694f60677f23c4a530867a98f22b3768\"},\"headline\":\"Mariano Fern\u00e1ndez: \u201cSi la oposici\u00f3n vuelve al poder, va a volver con m\u00e1s rabia\u201d\",\"datePublished\":\"2023-06-15T18:16:48+00:00\",\"dateModified\":\"2023-06-15T18:16:50+00:00\",\"mainEntityOfPage\":{\"@id\":\"https:\\\/\\\/diariotextual.com\\\/inicio\\\/index.php\\\/2023\\\/06\\\/15\\\/mariano-fernandez-si-la-oposicion-vuelve-al-poder-va-a-volver-con-mas-rabia\\\/\"},\"wordCount\":460,\"publisher\":{\"@id\":\"https:\\\/\\\/diariotextual.com\\\/inicio\\\/#organization\"},\"image\":{\"@id\":\"https:\\\/\\\/diariotextual.com\\\/inicio\\\/index.php\\\/2023\\\/06\\\/15\\\/mariano-fernandez-si-la-oposicion-vuelve-al-poder-va-a-volver-con-mas-rabia\\\/#primaryimage\"},\"thumbnailUrl\":\"https:\\\/\\\/diariotextual.com\\\/inicio\\\/wp-content\\\/uploads\\\/2023\\\/06\\\/fernandezmarianomarziotta654.png\",\"articleSection\":[\"A - ES NOTICIA (van abajo)\",\"POLITICA\"],\"inLanguage\":\"es\"},{\"@type\":\"WebPage\",\"@id\":\"https:\\\/\\\/diariotextual.com\\\/inicio\\\/index.php\\\/2023\\\/06\\\/15\\\/mariano-fernandez-si-la-oposicion-vuelve-al-poder-va-a-volver-con-mas-rabia\\\/\",\"url\":\"https:\\\/\\\/diariotextual.com\\\/inicio\\\/index.php\\\/2023\\\/06\\\/15\\\/mariano-fernandez-si-la-oposicion-vuelve-al-poder-va-a-volver-con-mas-rabia\\\/\",\"name\":\"Mariano Fern\u00e1ndez: \u201cSi la oposici\u00f3n vuelve al poder, va a volver con m\u00e1s rabia\u201d - Diario Textual\",\"isPartOf\":{\"@id\":\"https:\\\/\\\/diariotextual.com\\\/inicio\\\/#website\"},\"primaryImageOfPage\":{\"@id\":\"https:\\\/\\\/diariotextual.com\\\/inicio\\\/index.php\\\/2023\\\/06\\\/15\\\/mariano-fernandez-si-la-oposicion-vuelve-al-poder-va-a-volver-con-mas-rabia\\\/#primaryimage\"},\"image\":{\"@id\":\"https:\\\/\\\/diariotextual.com\\\/inicio\\\/index.php\\\/2023\\\/06\\\/15\\\/mariano-fernandez-si-la-oposicion-vuelve-al-poder-va-a-volver-con-mas-rabia\\\/#primaryimage\"},\"thumbnailUrl\":\"https:\\\/\\\/diariotextual.com\\\/inicio\\\/wp-content\\\/uploads\\\/2023\\\/06\\\/fernandezmarianomarziotta654.png\",\"datePublished\":\"2023-06-15T18:16:48+00:00\",\"dateModified\":\"2023-06-15T18:16:50+00:00\",\"breadcrumb\":{\"@id\":\"https:\\\/\\\/diariotextual.com\\\/inicio\\\/index.php\\\/2023\\\/06\\\/15\\\/mariano-fernandez-si-la-oposicion-vuelve-al-poder-va-a-volver-con-mas-rabia\\\/#breadcrumb\"},\"inLanguage\":\"es\",\"potentialAction\":[{\"@type\":\"ReadAction\",\"target\":[\"https:\\\/\\\/diariotextual.com\\\/inicio\\\/index.php\\\/2023\\\/06\\\/15\\\/mariano-fernandez-si-la-oposicion-vuelve-al-poder-va-a-volver-con-mas-rabia\\\/\"]}]},{\"@type\":\"ImageObject\",\"inLanguage\":\"es\",\"@id\":\"https:\\\/\\\/diariotextual.com\\\/inicio\\\/index.php\\\/2023\\\/06\\\/15\\\/mariano-fernandez-si-la-oposicion-vuelve-al-poder-va-a-volver-con-mas-rabia\\\/#primaryimage\",\"url\":\"https:\\\/\\\/diariotextual.com\\\/inicio\\\/wp-content\\\/uploads\\\/2023\\\/06\\\/fernandezmarianomarziotta654.png\",\"contentUrl\":\"https:\\\/\\\/diariotextual.com\\\/inicio\\\/wp-content\\\/uploads\\\/2023\\\/06\\\/fernandezmarianomarziotta654.png\",\"width\":800,\"height\":530},{\"@type\":\"BreadcrumbList\",\"@id\":\"https:\\\/\\\/diariotextual.com\\\/inicio\\\/index.php\\\/2023\\\/06\\\/15\\\/mariano-fernandez-si-la-oposicion-vuelve-al-poder-va-a-volver-con-mas-rabia\\\/#breadcrumb\",\"itemListElement\":[{\"@type\":\"ListItem\",\"position\":1,\"name\":\"Portada\",\"item\":\"https:\\\/\\\/diariotextual.com\\\/inicio\\\/\"},{\"@type\":\"ListItem\",\"position\":2,\"name\":\"Mariano Fern\u00e1ndez: \u201cSi la oposici\u00f3n vuelve al poder, va a volver con m\u00e1s rabia\u201d\"}]},{\"@type\":\"WebSite\",\"@id\":\"https:\\\/\\\/diariotextual.com\\\/inicio\\\/#website\",\"url\":\"https:\\\/\\\/diariotextual.com\\\/inicio\\\/\",\"name\":\"Diario Textual\",\"description\":\"\",\"publisher\":{\"@id\":\"https:\\\/\\\/diariotextual.com\\\/inicio\\\/#organization\"},\"potentialAction\":[{\"@type\":\"SearchAction\",\"target\":{\"@type\":\"EntryPoint\",\"urlTemplate\":\"https:\\\/\\\/diariotextual.com\\\/inicio\\\/?s={search_term_string}\"},\"query-input\":{\"@type\":\"PropertyValueSpecification\",\"valueRequired\":true,\"valueName\":\"search_term_string\"}}],\"inLanguage\":\"es\"},{\"@type\":\"Organization\",\"@id\":\"https:\\\/\\\/diariotextual.com\\\/inicio\\\/#organization\",\"name\":\"Diario Textual\",\"url\":\"https:\\\/\\\/diariotextual.com\\\/inicio\\\/\",\"logo\":{\"@type\":\"ImageObject\",\"inLanguage\":\"es\",\"@id\":\"https:\\\/\\\/diariotextual.com\\\/inicio\\\/#\\\/schema\\\/logo\\\/image\\\/\",\"url\":\"https:\\\/\\\/diariotextual.com\\\/inicio\\\/wp-content\\\/uploads\\\/2023\\\/05\\\/logotextual1.jpg\",\"contentUrl\":\"https:\\\/\\\/diariotextual.com\\\/inicio\\\/wp-content\\\/uploads\\\/2023\\\/05\\\/logotextual1.jpg\",\"width\":516,\"height\":76,\"caption\":\"Diario Textual\"},\"image\":{\"@id\":\"https:\\\/\\\/diariotextual.com\\\/inicio\\\/#\\\/schema\\\/logo\\\/image\\\/\"},\"sameAs\":[\"https:\\\/\\\/www.facebook.com\\\/eltextual\",\"https:\\\/\\\/x.com\\\/eltextual\",\"http:\\\/\\\/www.instagram.com\\\/eltextual\"]},{\"@type\":\"Person\",\"@id\":\"https:\\\/\\\/diariotextual.com\\\/inicio\\\/#\\\/schema\\\/person\\\/694f60677f23c4a530867a98f22b3768\",\"name\":\"diario2\",\"image\":{\"@type\":\"ImageObject\",\"inLanguage\":\"es\",\"@id\":\"https:\\\/\\\/secure.gravatar.com\\\/avatar\\\/5a2567495ba16b852fcd8f1ed006a2e24fcace936018ed8237e95f488ad6e0a7?s=96&d=mm&r=g\",\"url\":\"https:\\\/\\\/secure.gravatar.com\\\/avatar\\\/5a2567495ba16b852fcd8f1ed006a2e24fcace936018ed8237e95f488ad6e0a7?s=96&d=mm&r=g\",\"contentUrl\":\"https:\\\/\\\/secure.gravatar.com\\\/avatar\\\/5a2567495ba16b852fcd8f1ed006a2e24fcace936018ed8237e95f488ad6e0a7?s=96&d=mm&r=g\",\"caption\":\"diario2\"},\"url\":\"https:\\\/\\\/diariotextual.com\\\/inicio\\\/index.php\\\/author\\\/diario2\\\/\"}]}<\/script>\n<!-- \/ Yoast SEO plugin. -->","yoast_head_json":{"title":"Mariano Fern\u00e1ndez: \u201cSi la oposici\u00f3n vuelve al poder, va a volver con m\u00e1s rabia\u201d - Diario Textual","robots":{"index":"index","follow":"follow","max-snippet":"max-snippet:-1","max-image-preview":"max-image-preview:large","max-video-preview":"max-video-preview:-1"},"canonical":"https:\/\/diariotextual.com\/inicio\/index.php\/2023\/06\/15\/mariano-fernandez-si-la-oposicion-vuelve-al-poder-va-a-volver-con-mas-rabia\/","og_locale":"es_ES","og_type":"article","og_title":"Mariano Fern\u00e1ndez: \u201cSi la oposici\u00f3n vuelve al poder, va a volver con m\u00e1s rabia\u201d - Diario Textual","og_description":"El vicegobernador Mariano Fern\u00e1ndez recibi\u00f3 en su despacho a la diputada nacional Gisela Marziotta, que est\u00e1 en nuestra provincia presentando a su \u00faltimo libro, \u201cLas Primeras, mujeres que hicieron historia\u201d.&hellip;","og_url":"https:\/\/diariotextual.com\/inicio\/index.php\/2023\/06\/15\/mariano-fernandez-si-la-oposicion-vuelve-al-poder-va-a-volver-con-mas-rabia\/","og_site_name":"Diario Textual","article_publisher":"https:\/\/www.facebook.com\/eltextual","article_published_time":"2023-06-15T18:16:48+00:00","article_modified_time":"2023-06-15T18:16:50+00:00","og_image":[{"width":800,"height":530,"url":"https:\/\/diariotextual.com\/inicio\/wp-content\/uploads\/2023\/06\/fernandezmarianomarziotta654.png","type":"image\/png"}],"author":"diario2","twitter_card":"summary_large_image","twitter_creator":"@eltextual","twitter_site":"@eltextual","twitter_misc":{"Escrito por":"diario2","Tiempo de lectura":"2 minutos"},"schema":{"@context":"https:\/\/schema.org","@graph":[{"@type":"Article","@id":"https:\/\/diariotextual.com\/inicio\/index.php\/2023\/06\/15\/mariano-fernandez-si-la-oposicion-vuelve-al-poder-va-a-volver-con-mas-rabia\/#article","isPartOf":{"@id":"https:\/\/diariotextual.com\/inicio\/index.php\/2023\/06\/15\/mariano-fernandez-si-la-oposicion-vuelve-al-poder-va-a-volver-con-mas-rabia\/"},"author":{"name":"diario2","@id":"https:\/\/diariotextual.com\/inicio\/#\/schema\/person\/694f60677f23c4a530867a98f22b3768"},"headline":"Mariano Fern\u00e1ndez: \u201cSi la oposici\u00f3n vuelve al poder, va a volver con m\u00e1s rabia\u201d","datePublished":"2023-06-15T18:16:48+00:00","dateModified":"2023-06-15T18:16:50+00:00","mainEntityOfPage":{"@id":"https:\/\/diariotextual.com\/inicio\/index.php\/2023\/06\/15\/mariano-fernandez-si-la-oposicion-vuelve-al-poder-va-a-volver-con-mas-rabia\/"},"wordCount":460,"publisher":{"@id":"https:\/\/diariotextual.com\/inicio\/#organization"},"image":{"@id":"https:\/\/diariotextual.com\/inicio\/index.php\/2023\/06\/15\/mariano-fernandez-si-la-oposicion-vuelve-al-poder-va-a-volver-con-mas-rabia\/#primaryimage"},"thumbnailUrl":"https:\/\/diariotextual.com\/inicio\/wp-content\/uploads\/2023\/06\/fernandezmarianomarziotta654.png","articleSection":["A - ES NOTICIA (van abajo)","POLITICA"],"inLanguage":"es"},{"@type":"WebPage","@id":"https:\/\/diariotextual.com\/inicio\/index.php\/2023\/06\/15\/mariano-fernandez-si-la-oposicion-vuelve-al-poder-va-a-volver-con-mas-rabia\/","url":"https:\/\/diariotextual.com\/inicio\/index.php\/2023\/06\/15\/mariano-fernandez-si-la-oposicion-vuelve-al-poder-va-a-volver-con-mas-rabia\/","name":"Mariano Fern\u00e1ndez: \u201cSi la oposici\u00f3n vuelve al poder, va a volver con m\u00e1s rabia\u201d - Diario Textual","isPartOf":{"@id":"https:\/\/diariotextual.com\/inicio\/#website"},"primaryImageOfPage":{"@id":"https:\/\/diariotextual.com\/inicio\/index.php\/2023\/06\/15\/mariano-fernandez-si-la-oposicion-vuelve-al-poder-va-a-volver-con-mas-rabia\/#primaryimage"},"image":{"@id":"https:\/\/diariotextual.com\/inicio\/index.php\/2023\/06\/15\/mariano-fernandez-si-la-oposicion-vuelve-al-poder-va-a-volver-con-mas-rabia\/#primaryimage"},"thumbnailUrl":"https:\/\/diariotextual.com\/inicio\/wp-content\/uploads\/2023\/06\/fernandezmarianomarziotta654.png","datePublished":"2023-06-15T18:16:48+00:00","dateModified":"2023-06-15T18:16:50+00:00","breadcrumb":{"@id":"https:\/\/diariotextual.com\/inicio\/index.php\/2023\/06\/15\/mariano-fernandez-si-la-oposicion-vuelve-al-poder-va-a-volver-con-mas-rabia\/#breadcrumb"},"inLanguage":"es","potentialAction":[{"@type":"ReadAction","target":["https:\/\/diariotextual.com\/inicio\/index.php\/2023\/06\/15\/mariano-fernandez-si-la-oposicion-vuelve-al-poder-va-a-volver-con-mas-rabia\/"]}]},{"@type":"ImageObject","inLanguage":"es","@id":"https:\/\/diariotextual.com\/inicio\/index.php\/2023\/06\/15\/mariano-fernandez-si-la-oposicion-vuelve-al-poder-va-a-volver-con-mas-rabia\/#primaryimage","url":"https:\/\/diariotextual.com\/inicio\/wp-content\/uploads\/2023\/06\/fernandezmarianomarziotta654.png","contentUrl":"https:\/\/diariotextual.com\/inicio\/wp-content\/uploads\/2023\/06\/fernandezmarianomarziotta654.png","width":800,"height":530},{"@type":"BreadcrumbList","@id":"https:\/\/diariotextual.com\/inicio\/index.php\/2023\/06\/15\/mariano-fernandez-si-la-oposicion-vuelve-al-poder-va-a-volver-con-mas-rabia\/#breadcrumb","itemListElement":[{"@type":"ListItem","position":1,"name":"Portada","item":"https:\/\/diariotextual.com\/inicio\/"},{"@type":"ListItem","position":2,"name":"Mariano Fern\u00e1ndez: \u201cSi la oposici\u00f3n vuelve al poder, va a volver con m\u00e1s rabia\u201d"}]},{"@type":"WebSite","@id":"https:\/\/diariotextual.com\/inicio\/#website","url":"https:\/\/diariotextual.com\/inicio\/","name":"Diario Textual","description":"","publisher":{"@id":"https:\/\/diariotextual.com\/inicio\/#organization"},"potentialAction":[{"@type":"SearchAction","target":{"@type":"EntryPoint","urlTemplate":"https:\/\/diariotextual.com\/inicio\/?s={search_term_string}"},"query-input":{"@type":"PropertyValueSpecification","valueRequired":true,"valueName":"search_term_string"}}],"inLanguage":"es"},{"@type":"Organization","@id":"https:\/\/diariotextual.com\/inicio\/#organization","name":"Diario Textual","url":"https:\/\/diariotextual.com\/inicio\/","logo":{"@type":"ImageObject","inLanguage":"es","@id":"https:\/\/diariotextual.com\/inicio\/#\/schema\/logo\/image\/","url":"https:\/\/diariotextual.com\/inicio\/wp-content\/uploads\/2023\/05\/logotextual1.jpg","contentUrl":"https:\/\/diariotextual.com\/inicio\/wp-content\/uploads\/2023\/05\/logotextual1.jpg","width":516,"height":76,"caption":"Diario Textual"},"image":{"@id":"https:\/\/diariotextual.com\/inicio\/#\/schema\/logo\/image\/"},"sameAs":["https:\/\/www.facebook.com\/eltextual","https:\/\/x.com\/eltextual","http:\/\/www.instagram.com\/eltextual"]},{"@type":"Person","@id":"https:\/\/diariotextual.com\/inicio\/#\/schema\/person\/694f60677f23c4a530867a98f22b3768","name":"diario2","image":{"@type":"ImageObject","inLanguage":"es","@id":"https:\/\/secure.gravatar.com\/avatar\/5a2567495ba16b852fcd8f1ed006a2e24fcace936018ed8237e95f488ad6e0a7?s=96&d=mm&r=g","url":"https:\/\/secure.gravatar.com\/avatar\/5a2567495ba16b852fcd8f1ed006a2e24fcace936018ed8237e95f488ad6e0a7?s=96&d=mm&r=g","contentUrl":"https:\/\/secure.gravatar.com\/avatar\/5a2567495ba16b852fcd8f1ed006a2e24fcace936018ed8237e95f488ad6e0a7?s=96&d=mm&r=g","caption":"diario2"},"url":"https:\/\/diariotextual.com\/inicio\/index.php\/author\/diario2\/"}]}},"_links":{"self":[{"href":"https:\/\/diariotextual.com\/inicio\/index.php\/wp-json\/wp\/v2\/posts\/228554","targetHints":{"allow":["GET"]}}],"collection":[{"href":"https:\/\/diariotextual.com\/inicio\/index.php\/wp-json\/wp\/v2\/posts"}],"about":[{"href":"https:\/\/diariotextual.com\/inicio\/index.php\/wp-json\/wp\/v2\/types\/post"}],"author":[{"embeddable":true,"href":"https:\/\/diariotextual.com\/inicio\/index.php\/wp-json\/wp\/v2\/users\/4"}],"replies":[{"embeddable":true,"href":"https:\/\/diariotextual.com\/inicio\/index.php\/wp-json\/wp\/v2\/comments?post=228554"}],"version-history":[{"count":2,"href":"https:\/\/diariotextual.com\/inicio\/index.php\/wp-json\/wp\/v2\/posts\/228554\/revisions"}],"predecessor-version":[{"id":228557,"href":"https:\/\/diariotextual.com\/inicio\/index.php\/wp-json\/wp\/v2\/posts\/228554\/revisions\/228557"}],"wp:featuredmedia":[{"embeddable":true,"href":"https:\/\/diariotextual.com\/inicio\/index.php\/wp-json\/wp\/v2\/media\/228556"}],"wp:attachment":[{"href":"https:\/\/diariotextual.com\/inicio\/index.php\/wp-json\/wp\/v2\/media?parent=228554"}],"wp:term":[{"taxonomy":"category","embeddable":true,"href":"https:\/\/diariotextual.com\/inicio\/index.php\/wp-json\/wp\/v2\/categories?post=228554"},{"taxonomy":"post_tag","embeddable":true,"href":"https:\/\/diariotextual.com\/inicio\/index.php\/wp-json\/wp\/v2\/tags?post=228554"}],"curies":[{"name":"wp","href":"https:\/\/api.w.org\/{rel}","templated":true}]}}