{"id":228558,"date":"2023-06-15T15:24:09","date_gmt":"2023-06-15T18:24:09","guid":{"rendered":"https:\/\/diariotextual.com\/inicio\/?p=228558"},"modified":"2023-06-15T15:24:11","modified_gmt":"2023-06-15T18:24:11","slug":"seguridad-capacito-y-entrego-cascos-a-motociclistas-de-25-de-mayo","status":"publish","type":"post","link":"https:\/\/diariotextual.com\/inicio\/index.php\/2023\/06\/15\/seguridad-capacito-y-entrego-cascos-a-motociclistas-de-25-de-mayo\/","title":{"rendered":"Seguridad capacit\u00f3 y entreg\u00f3 cascos a motociclistas de 25 de Mayo"},"content":{"rendered":"\n<p>En una iniciativa que promueve la seguridad en las calles, el Ministerio de Seguridad a trav\u00e9s de la Direcci\u00f3n General de Seguridad Vial, llev\u00f3 a cabo una <strong>capacitaci\u00f3n en conducci\u00f3n segura y entreg\u00f3 cascos a motociclistas de la localidad de Colonia 25 de Mayo.<\/strong><\/p>\n\n\n\n<p>Esta acci\u00f3n forma parte del Programa Federal de Entrega de Cascos y Equipamiento Reflectivo, resultado de un convenio colaborativo entre la Agencia Nacional de Seguridad Vial (ANSV) y el Gobierno provincial.<\/p>\n\n\n\n<p>La jornada de capacitaci\u00f3n cont\u00f3 con la presencia del ministro de Seguridad, Horacio di N\u00e1poli, el director de Tr\u00e1nsito local, Norberto Canda, representantes de Estrellas Amarillas, Concejales, dem\u00e1s autoridades provinciales y municipales, quienes se sumaron a la iniciativa para promover la seguridad en las calles.<\/p>\n\n\n\n<p>Durante la capacitaci\u00f3n, a cargo del Ministerio de Seguridad, se destacaron los aspectos fundamentales para una conducci\u00f3n segura de motocicletas. Se abordaron temas como la correcta posici\u00f3n de manejo, los factores de riesgo en siniestros viales, la percepci\u00f3n del peligro y las t\u00e9cnicas de frenado, entre otros.<\/p>\n\n\n\n<p>El objetivo principal de esta charla informativa fue generar conciencia entre los conductores de motos, quienes representan el 48% de las v\u00edctimas de accidentes de tr\u00e1nsito seg\u00fan las estad\u00edsticas nacionales.<\/p>\n\n\n\n<p>El programa federal tiene como finalidad sensibilizar, educar y fomentar el uso de elementos de protecci\u00f3n entre los usuarios de motos.<\/p>\n\n\n\n<p>Hasta la fecha se han recorrido 14 localidades en la Provincia, entregando m\u00e1s de 300 cascos a trabajadores de diversas \u00e1reas. Entre las localidades beneficiadas se destacan Toay, Speluzzi, V\u00e9rtiz, Luan Toro, Tel\u00e9n, General Acha, Realic\u00f3, Ataliva Roca, Alpachiri, Arata, Catril\u00f3, Ingeniero Luiggi, Trenel y Lonquimay.<\/p>\n\n\n\n<p>De acuerdo con la Organizaci\u00f3n Mundial de la Salud, el casco es el elemento de seguridad m\u00e1s importante para los motociclistas. Su uso adecuado puede reducir en un 72% los traumatismos craneales y la gravedad de las lesiones sufridas, tanto para los conductores como para los acompa\u00f1antes y disminuir en un 39% la probabilidad de muerte, dependiendo de la velocidad a la que se desplace la motocicleta.<\/p>\n\n\n\n<p>Adem\u00e1s del uso del casco, se recomienda a los motociclistas emplear chalecos fluorescentes con cintas retrorreflectivas. Estos elementos aumentan la visibilidad en la v\u00eda p\u00fablica, ya que reflejan la luz de otros conductores, mejorando la luminosidad y seguridad de los motociclistas.<\/p>\n\n\n\n<p>Estas jornadas de capacitaci\u00f3n y entrega de equipamiento refuerzan la seguridad vial, en cumplimiento de las leyes y normativas vigentes, como la Ley N\u00ba 24.449 y la Ley N\u00ba 26.363, y sus respectivas reglamentaciones.<\/p>\n\n\n\n<p>Con estas acciones, se promueve una conducci\u00f3n m\u00e1s segura y se contribuye a la protecci\u00f3n de los motociclistas y de todos los actores viales en 25 de Mayo y sus alrededores.<\/p>\n","protected":false},"excerpt":{"rendered":"<p>En una iniciativa que promueve la seguridad en las calles, el Ministerio de Seguridad a trav\u00e9s de la Direcci\u00f3n General de Seguridad Vial, llev\u00f3 a cabo una capacitaci\u00f3n en conducci\u00f3n&hellip;<\/p>\n","protected":false},"author":4,"featured_media":228559,"comment_status":"closed","ping_status":"open","sticky":false,"template":"","format":"standard","meta":{"_acf_changed":false,"footnotes":""},"categories":[1,12],"tags":[],"class_list":["post-228558","post","type-post","status-publish","format-standard","has-post-thumbnail","hentry","category-es-noticia","category-sociedad"],"acf":[],"yoast_head":"<!-- This site is optimized with the Yoast SEO plugin v27.5 - https:\/\/yoast.com\/product\/yoast-seo-wordpress\/ -->\n<title>Seguridad capacit\u00f3 y entreg\u00f3 cascos a motociclistas de 25 de Mayo - Diario Textual<\/title>\n<meta name=\"robots\" content=\"index, follow, max-snippet:-1, max-image-preview:large, max-video-preview:-1\" \/>\n<link rel=\"canonical\" href=\"https:\/\/diariotextual.com\/inicio\/index.php\/2023\/06\/15\/seguridad-capacito-y-entrego-cascos-a-motociclistas-de-25-de-mayo\/\" \/>\n<meta property=\"og:locale\" content=\"es_ES\" \/>\n<meta property=\"og:type\" content=\"article\" \/>\n<meta property=\"og:title\" content=\"Seguridad capacit\u00f3 y entreg\u00f3 cascos a motociclistas de 25 de Mayo - Diario Textual\" \/>\n<meta property=\"og:description\" content=\"En una iniciativa que promueve la seguridad en las calles, el Ministerio de Seguridad a trav\u00e9s de la Direcci\u00f3n General de Seguridad Vial, llev\u00f3 a cabo una capacitaci\u00f3n en conducci\u00f3n&hellip;\" \/>\n<meta property=\"og:url\" content=\"https:\/\/diariotextual.com\/inicio\/index.php\/2023\/06\/15\/seguridad-capacito-y-entrego-cascos-a-motociclistas-de-25-de-mayo\/\" \/>\n<meta property=\"og:site_name\" content=\"Diario Textual\" \/>\n<meta property=\"article:publisher\" content=\"https:\/\/www.facebook.com\/eltextual\" \/>\n<meta property=\"article:published_time\" content=\"2023-06-15T18:24:09+00:00\" \/>\n<meta property=\"article:modified_time\" content=\"2023-06-15T18:24:11+00:00\" \/>\n<meta property=\"og:image\" content=\"https:\/\/diariotextual.com\/inicio\/wp-content\/uploads\/2023\/06\/cascosmotos25demayodinapoli45.jpg\" \/>\n\t<meta property=\"og:image:width\" content=\"900\" \/>\n\t<meta property=\"og:image:height\" content=\"546\" \/>\n\t<meta property=\"og:image:type\" content=\"image\/jpeg\" \/>\n<meta name=\"author\" content=\"diario2\" \/>\n<meta name=\"twitter:card\" content=\"summary_large_image\" \/>\n<meta name=\"twitter:creator\" content=\"@eltextual\" \/>\n<meta name=\"twitter:site\" content=\"@eltextual\" \/>\n<meta name=\"twitter:label1\" content=\"Escrito por\" \/>\n\t<meta name=\"twitter:data1\" content=\"diario2\" \/>\n\t<meta name=\"twitter:label2\" content=\"Tiempo de lectura\" \/>\n\t<meta name=\"twitter:data2\" content=\"3 minutos\" \/>\n<script type=\"application\/ld+json\" class=\"yoast-schema-graph\">{\"@context\":\"https:\\\/\\\/schema.org\",\"@graph\":[{\"@type\":\"Article\",\"@id\":\"https:\\\/\\\/diariotextual.com\\\/inicio\\\/index.php\\\/2023\\\/06\\\/15\\\/seguridad-capacito-y-entrego-cascos-a-motociclistas-de-25-de-mayo\\\/#article\",\"isPartOf\":{\"@id\":\"https:\\\/\\\/diariotextual.com\\\/inicio\\\/index.php\\\/2023\\\/06\\\/15\\\/seguridad-capacito-y-entrego-cascos-a-motociclistas-de-25-de-mayo\\\/\"},\"author\":{\"name\":\"diario2\",\"@id\":\"https:\\\/\\\/diariotextual.com\\\/inicio\\\/#\\\/schema\\\/person\\\/694f60677f23c4a530867a98f22b3768\"},\"headline\":\"Seguridad capacit\u00f3 y entreg\u00f3 cascos a motociclistas de 25 de Mayo\",\"datePublished\":\"2023-06-15T18:24:09+00:00\",\"dateModified\":\"2023-06-15T18:24:11+00:00\",\"mainEntityOfPage\":{\"@id\":\"https:\\\/\\\/diariotextual.com\\\/inicio\\\/index.php\\\/2023\\\/06\\\/15\\\/seguridad-capacito-y-entrego-cascos-a-motociclistas-de-25-de-mayo\\\/\"},\"wordCount\":470,\"publisher\":{\"@id\":\"https:\\\/\\\/diariotextual.com\\\/inicio\\\/#organization\"},\"image\":{\"@id\":\"https:\\\/\\\/diariotextual.com\\\/inicio\\\/index.php\\\/2023\\\/06\\\/15\\\/seguridad-capacito-y-entrego-cascos-a-motociclistas-de-25-de-mayo\\\/#primaryimage\"},\"thumbnailUrl\":\"https:\\\/\\\/diariotextual.com\\\/inicio\\\/wp-content\\\/uploads\\\/2023\\\/06\\\/cascosmotos25demayodinapoli45.jpg\",\"articleSection\":[\"A - ES NOTICIA (van abajo)\",\"SOCIEDAD\"],\"inLanguage\":\"es\"},{\"@type\":\"WebPage\",\"@id\":\"https:\\\/\\\/diariotextual.com\\\/inicio\\\/index.php\\\/2023\\\/06\\\/15\\\/seguridad-capacito-y-entrego-cascos-a-motociclistas-de-25-de-mayo\\\/\",\"url\":\"https:\\\/\\\/diariotextual.com\\\/inicio\\\/index.php\\\/2023\\\/06\\\/15\\\/seguridad-capacito-y-entrego-cascos-a-motociclistas-de-25-de-mayo\\\/\",\"name\":\"Seguridad capacit\u00f3 y entreg\u00f3 cascos a motociclistas de 25 de Mayo - Diario Textual\",\"isPartOf\":{\"@id\":\"https:\\\/\\\/diariotextual.com\\\/inicio\\\/#website\"},\"primaryImageOfPage\":{\"@id\":\"https:\\\/\\\/diariotextual.com\\\/inicio\\\/index.php\\\/2023\\\/06\\\/15\\\/seguridad-capacito-y-entrego-cascos-a-motociclistas-de-25-de-mayo\\\/#primaryimage\"},\"image\":{\"@id\":\"https:\\\/\\\/diariotextual.com\\\/inicio\\\/index.php\\\/2023\\\/06\\\/15\\\/seguridad-capacito-y-entrego-cascos-a-motociclistas-de-25-de-mayo\\\/#primaryimage\"},\"thumbnailUrl\":\"https:\\\/\\\/diariotextual.com\\\/inicio\\\/wp-content\\\/uploads\\\/2023\\\/06\\\/cascosmotos25demayodinapoli45.jpg\",\"datePublished\":\"2023-06-15T18:24:09+00:00\",\"dateModified\":\"2023-06-15T18:24:11+00:00\",\"breadcrumb\":{\"@id\":\"https:\\\/\\\/diariotextual.com\\\/inicio\\\/index.php\\\/2023\\\/06\\\/15\\\/seguridad-capacito-y-entrego-cascos-a-motociclistas-de-25-de-mayo\\\/#breadcrumb\"},\"inLanguage\":\"es\",\"potentialAction\":[{\"@type\":\"ReadAction\",\"target\":[\"https:\\\/\\\/diariotextual.com\\\/inicio\\\/index.php\\\/2023\\\/06\\\/15\\\/seguridad-capacito-y-entrego-cascos-a-motociclistas-de-25-de-mayo\\\/\"]}]},{\"@type\":\"ImageObject\",\"inLanguage\":\"es\",\"@id\":\"https:\\\/\\\/diariotextual.com\\\/inicio\\\/index.php\\\/2023\\\/06\\\/15\\\/seguridad-capacito-y-entrego-cascos-a-motociclistas-de-25-de-mayo\\\/#primaryimage\",\"url\":\"https:\\\/\\\/diariotextual.com\\\/inicio\\\/wp-content\\\/uploads\\\/2023\\\/06\\\/cascosmotos25demayodinapoli45.jpg\",\"contentUrl\":\"https:\\\/\\\/diariotextual.com\\\/inicio\\\/wp-content\\\/uploads\\\/2023\\\/06\\\/cascosmotos25demayodinapoli45.jpg\",\"width\":900,\"height\":546},{\"@type\":\"BreadcrumbList\",\"@id\":\"https:\\\/\\\/diariotextual.com\\\/inicio\\\/index.php\\\/2023\\\/06\\\/15\\\/seguridad-capacito-y-entrego-cascos-a-motociclistas-de-25-de-mayo\\\/#breadcrumb\",\"itemListElement\":[{\"@type\":\"ListItem\",\"position\":1,\"name\":\"Portada\",\"item\":\"https:\\\/\\\/diariotextual.com\\\/inicio\\\/\"},{\"@type\":\"ListItem\",\"position\":2,\"name\":\"Seguridad capacit\u00f3 y entreg\u00f3 cascos a motociclistas de 25 de Mayo\"}]},{\"@type\":\"WebSite\",\"@id\":\"https:\\\/\\\/diariotextual.com\\\/inicio\\\/#website\",\"url\":\"https:\\\/\\\/diariotextual.com\\\/inicio\\\/\",\"name\":\"Diario Textual\",\"description\":\"\",\"publisher\":{\"@id\":\"https:\\\/\\\/diariotextual.com\\\/inicio\\\/#organization\"},\"potentialAction\":[{\"@type\":\"SearchAction\",\"target\":{\"@type\":\"EntryPoint\",\"urlTemplate\":\"https:\\\/\\\/diariotextual.com\\\/inicio\\\/?s={search_term_string}\"},\"query-input\":{\"@type\":\"PropertyValueSpecification\",\"valueRequired\":true,\"valueName\":\"search_term_string\"}}],\"inLanguage\":\"es\"},{\"@type\":\"Organization\",\"@id\":\"https:\\\/\\\/diariotextual.com\\\/inicio\\\/#organization\",\"name\":\"Diario Textual\",\"url\":\"https:\\\/\\\/diariotextual.com\\\/inicio\\\/\",\"logo\":{\"@type\":\"ImageObject\",\"inLanguage\":\"es\",\"@id\":\"https:\\\/\\\/diariotextual.com\\\/inicio\\\/#\\\/schema\\\/logo\\\/image\\\/\",\"url\":\"https:\\\/\\\/diariotextual.com\\\/inicio\\\/wp-content\\\/uploads\\\/2023\\\/05\\\/logotextual1.jpg\",\"contentUrl\":\"https:\\\/\\\/diariotextual.com\\\/inicio\\\/wp-content\\\/uploads\\\/2023\\\/05\\\/logotextual1.jpg\",\"width\":516,\"height\":76,\"caption\":\"Diario Textual\"},\"image\":{\"@id\":\"https:\\\/\\\/diariotextual.com\\\/inicio\\\/#\\\/schema\\\/logo\\\/image\\\/\"},\"sameAs\":[\"https:\\\/\\\/www.facebook.com\\\/eltextual\",\"https:\\\/\\\/x.com\\\/eltextual\",\"http:\\\/\\\/www.instagram.com\\\/eltextual\"]},{\"@type\":\"Person\",\"@id\":\"https:\\\/\\\/diariotextual.com\\\/inicio\\\/#\\\/schema\\\/person\\\/694f60677f23c4a530867a98f22b3768\",\"name\":\"diario2\",\"image\":{\"@type\":\"ImageObject\",\"inLanguage\":\"es\",\"@id\":\"https:\\\/\\\/secure.gravatar.com\\\/avatar\\\/5a2567495ba16b852fcd8f1ed006a2e24fcace936018ed8237e95f488ad6e0a7?s=96&d=mm&r=g\",\"url\":\"https:\\\/\\\/secure.gravatar.com\\\/avatar\\\/5a2567495ba16b852fcd8f1ed006a2e24fcace936018ed8237e95f488ad6e0a7?s=96&d=mm&r=g\",\"contentUrl\":\"https:\\\/\\\/secure.gravatar.com\\\/avatar\\\/5a2567495ba16b852fcd8f1ed006a2e24fcace936018ed8237e95f488ad6e0a7?s=96&d=mm&r=g\",\"caption\":\"diario2\"},\"url\":\"https:\\\/\\\/diariotextual.com\\\/inicio\\\/index.php\\\/author\\\/diario2\\\/\"}]}<\/script>\n<!-- \/ Yoast SEO plugin. -->","yoast_head_json":{"title":"Seguridad capacit\u00f3 y entreg\u00f3 cascos a motociclistas de 25 de Mayo - Diario Textual","robots":{"index":"index","follow":"follow","max-snippet":"max-snippet:-1","max-image-preview":"max-image-preview:large","max-video-preview":"max-video-preview:-1"},"canonical":"https:\/\/diariotextual.com\/inicio\/index.php\/2023\/06\/15\/seguridad-capacito-y-entrego-cascos-a-motociclistas-de-25-de-mayo\/","og_locale":"es_ES","og_type":"article","og_title":"Seguridad capacit\u00f3 y entreg\u00f3 cascos a motociclistas de 25 de Mayo - Diario Textual","og_description":"En una iniciativa que promueve la seguridad en las calles, el Ministerio de Seguridad a trav\u00e9s de la Direcci\u00f3n General de Seguridad Vial, llev\u00f3 a cabo una capacitaci\u00f3n en conducci\u00f3n&hellip;","og_url":"https:\/\/diariotextual.com\/inicio\/index.php\/2023\/06\/15\/seguridad-capacito-y-entrego-cascos-a-motociclistas-de-25-de-mayo\/","og_site_name":"Diario Textual","article_publisher":"https:\/\/www.facebook.com\/eltextual","article_published_time":"2023-06-15T18:24:09+00:00","article_modified_time":"2023-06-15T18:24:11+00:00","og_image":[{"width":900,"height":546,"url":"https:\/\/diariotextual.com\/inicio\/wp-content\/uploads\/2023\/06\/cascosmotos25demayodinapoli45.jpg","type":"image\/jpeg"}],"author":"diario2","twitter_card":"summary_large_image","twitter_creator":"@eltextual","twitter_site":"@eltextual","twitter_misc":{"Escrito por":"diario2","Tiempo de lectura":"3 minutos"},"schema":{"@context":"https:\/\/schema.org","@graph":[{"@type":"Article","@id":"https:\/\/diariotextual.com\/inicio\/index.php\/2023\/06\/15\/seguridad-capacito-y-entrego-cascos-a-motociclistas-de-25-de-mayo\/#article","isPartOf":{"@id":"https:\/\/diariotextual.com\/inicio\/index.php\/2023\/06\/15\/seguridad-capacito-y-entrego-cascos-a-motociclistas-de-25-de-mayo\/"},"author":{"name":"diario2","@id":"https:\/\/diariotextual.com\/inicio\/#\/schema\/person\/694f60677f23c4a530867a98f22b3768"},"headline":"Seguridad capacit\u00f3 y entreg\u00f3 cascos a motociclistas de 25 de Mayo","datePublished":"2023-06-15T18:24:09+00:00","dateModified":"2023-06-15T18:24:11+00:00","mainEntityOfPage":{"@id":"https:\/\/diariotextual.com\/inicio\/index.php\/2023\/06\/15\/seguridad-capacito-y-entrego-cascos-a-motociclistas-de-25-de-mayo\/"},"wordCount":470,"publisher":{"@id":"https:\/\/diariotextual.com\/inicio\/#organization"},"image":{"@id":"https:\/\/diariotextual.com\/inicio\/index.php\/2023\/06\/15\/seguridad-capacito-y-entrego-cascos-a-motociclistas-de-25-de-mayo\/#primaryimage"},"thumbnailUrl":"https:\/\/diariotextual.com\/inicio\/wp-content\/uploads\/2023\/06\/cascosmotos25demayodinapoli45.jpg","articleSection":["A - ES NOTICIA (van abajo)","SOCIEDAD"],"inLanguage":"es"},{"@type":"WebPage","@id":"https:\/\/diariotextual.com\/inicio\/index.php\/2023\/06\/15\/seguridad-capacito-y-entrego-cascos-a-motociclistas-de-25-de-mayo\/","url":"https:\/\/diariotextual.com\/inicio\/index.php\/2023\/06\/15\/seguridad-capacito-y-entrego-cascos-a-motociclistas-de-25-de-mayo\/","name":"Seguridad capacit\u00f3 y entreg\u00f3 cascos a motociclistas de 25 de Mayo - Diario Textual","isPartOf":{"@id":"https:\/\/diariotextual.com\/inicio\/#website"},"primaryImageOfPage":{"@id":"https:\/\/diariotextual.com\/inicio\/index.php\/2023\/06\/15\/seguridad-capacito-y-entrego-cascos-a-motociclistas-de-25-de-mayo\/#primaryimage"},"image":{"@id":"https:\/\/diariotextual.com\/inicio\/index.php\/2023\/06\/15\/seguridad-capacito-y-entrego-cascos-a-motociclistas-de-25-de-mayo\/#primaryimage"},"thumbnailUrl":"https:\/\/diariotextual.com\/inicio\/wp-content\/uploads\/2023\/06\/cascosmotos25demayodinapoli45.jpg","datePublished":"2023-06-15T18:24:09+00:00","dateModified":"2023-06-15T18:24:11+00:00","breadcrumb":{"@id":"https:\/\/diariotextual.com\/inicio\/index.php\/2023\/06\/15\/seguridad-capacito-y-entrego-cascos-a-motociclistas-de-25-de-mayo\/#breadcrumb"},"inLanguage":"es","potentialAction":[{"@type":"ReadAction","target":["https:\/\/diariotextual.com\/inicio\/index.php\/2023\/06\/15\/seguridad-capacito-y-entrego-cascos-a-motociclistas-de-25-de-mayo\/"]}]},{"@type":"ImageObject","inLanguage":"es","@id":"https:\/\/diariotextual.com\/inicio\/index.php\/2023\/06\/15\/seguridad-capacito-y-entrego-cascos-a-motociclistas-de-25-de-mayo\/#primaryimage","url":"https:\/\/diariotextual.com\/inicio\/wp-content\/uploads\/2023\/06\/cascosmotos25demayodinapoli45.jpg","contentUrl":"https:\/\/diariotextual.com\/inicio\/wp-content\/uploads\/2023\/06\/cascosmotos25demayodinapoli45.jpg","width":900,"height":546},{"@type":"BreadcrumbList","@id":"https:\/\/diariotextual.com\/inicio\/index.php\/2023\/06\/15\/seguridad-capacito-y-entrego-cascos-a-motociclistas-de-25-de-mayo\/#breadcrumb","itemListElement":[{"@type":"ListItem","position":1,"name":"Portada","item":"https:\/\/diariotextual.com\/inicio\/"},{"@type":"ListItem","position":2,"name":"Seguridad capacit\u00f3 y entreg\u00f3 cascos a motociclistas de 25 de Mayo"}]},{"@type":"WebSite","@id":"https:\/\/diariotextual.com\/inicio\/#website","url":"https:\/\/diariotextual.com\/inicio\/","name":"Diario Textual","description":"","publisher":{"@id":"https:\/\/diariotextual.com\/inicio\/#organization"},"potentialAction":[{"@type":"SearchAction","target":{"@type":"EntryPoint","urlTemplate":"https:\/\/diariotextual.com\/inicio\/?s={search_term_string}"},"query-input":{"@type":"PropertyValueSpecification","valueRequired":true,"valueName":"search_term_string"}}],"inLanguage":"es"},{"@type":"Organization","@id":"https:\/\/diariotextual.com\/inicio\/#organization","name":"Diario Textual","url":"https:\/\/diariotextual.com\/inicio\/","logo":{"@type":"ImageObject","inLanguage":"es","@id":"https:\/\/diariotextual.com\/inicio\/#\/schema\/logo\/image\/","url":"https:\/\/diariotextual.com\/inicio\/wp-content\/uploads\/2023\/05\/logotextual1.jpg","contentUrl":"https:\/\/diariotextual.com\/inicio\/wp-content\/uploads\/2023\/05\/logotextual1.jpg","width":516,"height":76,"caption":"Diario Textual"},"image":{"@id":"https:\/\/diariotextual.com\/inicio\/#\/schema\/logo\/image\/"},"sameAs":["https:\/\/www.facebook.com\/eltextual","https:\/\/x.com\/eltextual","http:\/\/www.instagram.com\/eltextual"]},{"@type":"Person","@id":"https:\/\/diariotextual.com\/inicio\/#\/schema\/person\/694f60677f23c4a530867a98f22b3768","name":"diario2","image":{"@type":"ImageObject","inLanguage":"es","@id":"https:\/\/secure.gravatar.com\/avatar\/5a2567495ba16b852fcd8f1ed006a2e24fcace936018ed8237e95f488ad6e0a7?s=96&d=mm&r=g","url":"https:\/\/secure.gravatar.com\/avatar\/5a2567495ba16b852fcd8f1ed006a2e24fcace936018ed8237e95f488ad6e0a7?s=96&d=mm&r=g","contentUrl":"https:\/\/secure.gravatar.com\/avatar\/5a2567495ba16b852fcd8f1ed006a2e24fcace936018ed8237e95f488ad6e0a7?s=96&d=mm&r=g","caption":"diario2"},"url":"https:\/\/diariotextual.com\/inicio\/index.php\/author\/diario2\/"}]}},"_links":{"self":[{"href":"https:\/\/diariotextual.com\/inicio\/index.php\/wp-json\/wp\/v2\/posts\/228558","targetHints":{"allow":["GET"]}}],"collection":[{"href":"https:\/\/diariotextual.com\/inicio\/index.php\/wp-json\/wp\/v2\/posts"}],"about":[{"href":"https:\/\/diariotextual.com\/inicio\/index.php\/wp-json\/wp\/v2\/types\/post"}],"author":[{"embeddable":true,"href":"https:\/\/diariotextual.com\/inicio\/index.php\/wp-json\/wp\/v2\/users\/4"}],"replies":[{"embeddable":true,"href":"https:\/\/diariotextual.com\/inicio\/index.php\/wp-json\/wp\/v2\/comments?post=228558"}],"version-history":[{"count":1,"href":"https:\/\/diariotextual.com\/inicio\/index.php\/wp-json\/wp\/v2\/posts\/228558\/revisions"}],"predecessor-version":[{"id":228560,"href":"https:\/\/diariotextual.com\/inicio\/index.php\/wp-json\/wp\/v2\/posts\/228558\/revisions\/228560"}],"wp:featuredmedia":[{"embeddable":true,"href":"https:\/\/diariotextual.com\/inicio\/index.php\/wp-json\/wp\/v2\/media\/228559"}],"wp:attachment":[{"href":"https:\/\/diariotextual.com\/inicio\/index.php\/wp-json\/wp\/v2\/media?parent=228558"}],"wp:term":[{"taxonomy":"category","embeddable":true,"href":"https:\/\/diariotextual.com\/inicio\/index.php\/wp-json\/wp\/v2\/categories?post=228558"},{"taxonomy":"post_tag","embeddable":true,"href":"https:\/\/diariotextual.com\/inicio\/index.php\/wp-json\/wp\/v2\/tags?post=228558"}],"curies":[{"name":"wp","href":"https:\/\/api.w.org\/{rel}","templated":true}]}}