{"id":228576,"date":"2023-06-15T20:49:19","date_gmt":"2023-06-15T23:49:19","guid":{"rendered":"https:\/\/diariotextual.com\/inicio\/?p=228576"},"modified":"2023-06-16T08:25:25","modified_gmt":"2023-06-16T11:25:25","slug":"mercado-municipal-de-santa-rosa-sortearan-tres-canastas-de-alimentos-por-el-dia-del-padre","status":"publish","type":"post","link":"https:\/\/diariotextual.com\/inicio\/index.php\/2023\/06\/15\/mercado-municipal-de-santa-rosa-sortearan-tres-canastas-de-alimentos-por-el-dia-del-padre\/","title":{"rendered":"Mercado Municipal de Santa Rosa: sortear\u00e1n tres canastas de alimentos por el D\u00eda del Padre"},"content":{"rendered":"\n<p>La Municipalidad de Santa Rosa, a trav\u00e9s de la Secretar\u00eda de Desarrollo Econ\u00f3mico, inform\u00f3 que el Mercado Municipal abrir\u00e1 este s\u00e1bado 17 de junio de 9 a 13.30 horas en el predio de la ruta nacional 35 con <strong>ofertas imperdibles y sorteos por el D\u00eda del Padre.<\/strong><\/p>\n\n\n\n<p>Se sortear\u00e1n tres canastas de alimentos representativas de todos los productos que se ofrecen en el mercado.<\/p>\n\n\n\n<p>Se realizar\u00e1 el mismo s\u00e1bado 17, a las 13 horas en el predio y participar\u00e1n todos los vecinos y vecinas que hayan concurrido durante la jornada.<\/p>\n\n\n\n<p><strong>1er premio:<\/strong><br>10 kg de frutas y verduras<br>5 kg de asado de \u201cPampa Meat\u201d<br>3 kg de chorizo de \u201cEl Pernil\u201d<br>1 queso saborizado de \u201cLa Famiglia\u201d<br>1 pote de miel de \u201cPraderas Naturales\u201d<br>1 maple de huevos (30 unidades)<br>1 kg de pan de \u201cC\u00e1mara de Panaderos\u201d<\/p>\n\n\n\n<p><strong>2do premio:<\/strong><br>10 kg de frutas y verduras<br>1 pollo de \u201cGranjas Pampeanas\u201d<br>3 kg de salchicha parrillera de \u201cEl Pernil\u201d<br>1 queso saborizado de \u201cLa Famiglia\u201d<br>1 pote de miel de \u201cPraderas Naturales\u201d<br>1 maple de huevos (30 unidades)<\/p>\n\n\n\n<p><strong>3er premio:<\/strong><br>10 kg de frutas y verduras<br>1 pollo de \u201cGranjas Pampeanas\u201d<br>1 torta de \u201cC\u00e1mara de Panaderos\u201d<br>1 vino \u201cEstilo 152\u201d<br>1 maple de huevos (30 unidades)<\/p>\n\n\n\n<p>Como es habitual, las familias santarrose\u00f1as podr\u00e1n acceder a grandes ofertas y precios competitivos en productos c\u00e1rnicos, frutas, verduras y panificados.<\/p>\n\n\n\n<p>Ofertas de frutas y verduras del puesto \u201cAlimentar\u201d:<br>Papa blanca $275<br>Cebolla $100<br>Morr\u00f3n verde $430<br>Zapallo anco $140<br>Zanahoria $215<br>Zapallito $380<br>Tomate perita $430<br>Tomate redondo $580<br>Lim\u00f3n $205<br>Mandarina $275<br>Naranja $315<br>Manzana roja $390<br>Manzana verde $450<br>Pera $280<\/p>\n\n\n\n<p>Ofertas de cerdo:<br>Pechito de cerdo x kg $1150<br>Milanesas x 3kg $3300<br>Hamburguesas x 3kg $3300<br>Medallones x 3kg $3300<br>Picada x 3kg $2400<br>Banderita x kg $850<\/p>\n\n\n\n<p>Ofertas de pollo:<br>2 pollos $2500<br>Filet de pollo x 3kg $4500<br>Milanesas x 2kg $2500<br>Muslo x 10 kg $5300<br>Maple de 30 huevos $1500<\/p>\n\n\n\n<p>Ofertas de carne vacuna:<br>Lanar congelado $690 x kg<br>Costilla especial $1490<br>Matambre especial $1590<br>Picada $1390<br>Costeleta $1590<\/p>\n\n\n\n<p>Otros:<br>Pan x kg $380<br>Torta del D\u00eda del Padre, $2950<\/p>\n\n\n\n<p>Se record\u00f3 que se encontrar\u00e1n disponibles las l\u00edneas de colectivos 4 y 7 del EMTU.<\/p>\n","protected":false},"excerpt":{"rendered":"<p>La Municipalidad de Santa Rosa, a trav\u00e9s de la Secretar\u00eda de Desarrollo Econ\u00f3mico, inform\u00f3 que el Mercado Municipal abrir\u00e1 este s\u00e1bado 17 de junio de 9 a 13.30 horas en&hellip;<\/p>\n","protected":false},"author":4,"featured_media":196809,"comment_status":"closed","ping_status":"open","sticky":false,"template":"","format":"standard","meta":{"_acf_changed":false,"footnotes":""},"categories":[1,12],"tags":[],"class_list":["post-228576","post","type-post","status-publish","format-standard","has-post-thumbnail","hentry","category-es-noticia","category-sociedad"],"acf":[],"yoast_head":"<!-- This site is optimized with the Yoast SEO plugin v27.5 - https:\/\/yoast.com\/product\/yoast-seo-wordpress\/ -->\n<title>Mercado Municipal de Santa Rosa: sortear\u00e1n tres canastas de alimentos por el D\u00eda del Padre - Diario Textual<\/title>\n<meta name=\"robots\" content=\"index, follow, max-snippet:-1, max-image-preview:large, max-video-preview:-1\" \/>\n<link rel=\"canonical\" href=\"https:\/\/diariotextual.com\/inicio\/index.php\/2023\/06\/15\/mercado-municipal-de-santa-rosa-sortearan-tres-canastas-de-alimentos-por-el-dia-del-padre\/\" \/>\n<meta property=\"og:locale\" content=\"es_ES\" \/>\n<meta property=\"og:type\" content=\"article\" \/>\n<meta property=\"og:title\" content=\"Mercado Municipal de Santa Rosa: sortear\u00e1n tres canastas de alimentos por el D\u00eda del Padre - Diario Textual\" \/>\n<meta property=\"og:description\" content=\"La Municipalidad de Santa Rosa, a trav\u00e9s de la Secretar\u00eda de Desarrollo Econ\u00f3mico, inform\u00f3 que el Mercado Municipal abrir\u00e1 este s\u00e1bado 17 de junio de 9 a 13.30 horas en&hellip;\" \/>\n<meta property=\"og:url\" content=\"https:\/\/diariotextual.com\/inicio\/index.php\/2023\/06\/15\/mercado-municipal-de-santa-rosa-sortearan-tres-canastas-de-alimentos-por-el-dia-del-padre\/\" \/>\n<meta property=\"og:site_name\" content=\"Diario Textual\" \/>\n<meta property=\"article:publisher\" content=\"https:\/\/www.facebook.com\/eltextual\" \/>\n<meta property=\"article:published_time\" content=\"2023-06-15T23:49:19+00:00\" \/>\n<meta property=\"article:modified_time\" content=\"2023-06-16T11:25:25+00:00\" \/>\n<meta property=\"og:image\" content=\"https:\/\/diariotextual.com\/inicio\/wp-content\/uploads\/2022\/08\/mercadomunicipalsantarosa2022-1.jpg\" \/>\n\t<meta property=\"og:image:width\" content=\"960\" \/>\n\t<meta property=\"og:image:height\" content=\"640\" \/>\n\t<meta property=\"og:image:type\" content=\"image\/jpeg\" \/>\n<meta name=\"author\" content=\"diario2\" \/>\n<meta name=\"twitter:card\" content=\"summary_large_image\" \/>\n<meta name=\"twitter:creator\" content=\"@eltextual\" \/>\n<meta name=\"twitter:site\" content=\"@eltextual\" \/>\n<meta name=\"twitter:label1\" content=\"Escrito por\" \/>\n\t<meta name=\"twitter:data1\" content=\"diario2\" \/>\n\t<meta name=\"twitter:label2\" content=\"Tiempo de lectura\" \/>\n\t<meta name=\"twitter:data2\" content=\"2 minutos\" \/>\n<script type=\"application\/ld+json\" class=\"yoast-schema-graph\">{\"@context\":\"https:\\\/\\\/schema.org\",\"@graph\":[{\"@type\":\"Article\",\"@id\":\"https:\\\/\\\/diariotextual.com\\\/inicio\\\/index.php\\\/2023\\\/06\\\/15\\\/mercado-municipal-de-santa-rosa-sortearan-tres-canastas-de-alimentos-por-el-dia-del-padre\\\/#article\",\"isPartOf\":{\"@id\":\"https:\\\/\\\/diariotextual.com\\\/inicio\\\/index.php\\\/2023\\\/06\\\/15\\\/mercado-municipal-de-santa-rosa-sortearan-tres-canastas-de-alimentos-por-el-dia-del-padre\\\/\"},\"author\":{\"name\":\"diario2\",\"@id\":\"https:\\\/\\\/diariotextual.com\\\/inicio\\\/#\\\/schema\\\/person\\\/694f60677f23c4a530867a98f22b3768\"},\"headline\":\"Mercado Municipal de Santa Rosa: sortear\u00e1n tres canastas de alimentos por el D\u00eda del Padre\",\"datePublished\":\"2023-06-15T23:49:19+00:00\",\"dateModified\":\"2023-06-16T11:25:25+00:00\",\"mainEntityOfPage\":{\"@id\":\"https:\\\/\\\/diariotextual.com\\\/inicio\\\/index.php\\\/2023\\\/06\\\/15\\\/mercado-municipal-de-santa-rosa-sortearan-tres-canastas-de-alimentos-por-el-dia-del-padre\\\/\"},\"wordCount\":341,\"publisher\":{\"@id\":\"https:\\\/\\\/diariotextual.com\\\/inicio\\\/#organization\"},\"image\":{\"@id\":\"https:\\\/\\\/diariotextual.com\\\/inicio\\\/index.php\\\/2023\\\/06\\\/15\\\/mercado-municipal-de-santa-rosa-sortearan-tres-canastas-de-alimentos-por-el-dia-del-padre\\\/#primaryimage\"},\"thumbnailUrl\":\"https:\\\/\\\/diariotextual.com\\\/inicio\\\/wp-content\\\/uploads\\\/2022\\\/08\\\/mercadomunicipalsantarosa2022-1.jpg\",\"articleSection\":[\"A - ES NOTICIA (van abajo)\",\"SOCIEDAD\"],\"inLanguage\":\"es\"},{\"@type\":\"WebPage\",\"@id\":\"https:\\\/\\\/diariotextual.com\\\/inicio\\\/index.php\\\/2023\\\/06\\\/15\\\/mercado-municipal-de-santa-rosa-sortearan-tres-canastas-de-alimentos-por-el-dia-del-padre\\\/\",\"url\":\"https:\\\/\\\/diariotextual.com\\\/inicio\\\/index.php\\\/2023\\\/06\\\/15\\\/mercado-municipal-de-santa-rosa-sortearan-tres-canastas-de-alimentos-por-el-dia-del-padre\\\/\",\"name\":\"Mercado Municipal de Santa Rosa: sortear\u00e1n tres canastas de alimentos por el D\u00eda del Padre - Diario Textual\",\"isPartOf\":{\"@id\":\"https:\\\/\\\/diariotextual.com\\\/inicio\\\/#website\"},\"primaryImageOfPage\":{\"@id\":\"https:\\\/\\\/diariotextual.com\\\/inicio\\\/index.php\\\/2023\\\/06\\\/15\\\/mercado-municipal-de-santa-rosa-sortearan-tres-canastas-de-alimentos-por-el-dia-del-padre\\\/#primaryimage\"},\"image\":{\"@id\":\"https:\\\/\\\/diariotextual.com\\\/inicio\\\/index.php\\\/2023\\\/06\\\/15\\\/mercado-municipal-de-santa-rosa-sortearan-tres-canastas-de-alimentos-por-el-dia-del-padre\\\/#primaryimage\"},\"thumbnailUrl\":\"https:\\\/\\\/diariotextual.com\\\/inicio\\\/wp-content\\\/uploads\\\/2022\\\/08\\\/mercadomunicipalsantarosa2022-1.jpg\",\"datePublished\":\"2023-06-15T23:49:19+00:00\",\"dateModified\":\"2023-06-16T11:25:25+00:00\",\"breadcrumb\":{\"@id\":\"https:\\\/\\\/diariotextual.com\\\/inicio\\\/index.php\\\/2023\\\/06\\\/15\\\/mercado-municipal-de-santa-rosa-sortearan-tres-canastas-de-alimentos-por-el-dia-del-padre\\\/#breadcrumb\"},\"inLanguage\":\"es\",\"potentialAction\":[{\"@type\":\"ReadAction\",\"target\":[\"https:\\\/\\\/diariotextual.com\\\/inicio\\\/index.php\\\/2023\\\/06\\\/15\\\/mercado-municipal-de-santa-rosa-sortearan-tres-canastas-de-alimentos-por-el-dia-del-padre\\\/\"]}]},{\"@type\":\"ImageObject\",\"inLanguage\":\"es\",\"@id\":\"https:\\\/\\\/diariotextual.com\\\/inicio\\\/index.php\\\/2023\\\/06\\\/15\\\/mercado-municipal-de-santa-rosa-sortearan-tres-canastas-de-alimentos-por-el-dia-del-padre\\\/#primaryimage\",\"url\":\"https:\\\/\\\/diariotextual.com\\\/inicio\\\/wp-content\\\/uploads\\\/2022\\\/08\\\/mercadomunicipalsantarosa2022-1.jpg\",\"contentUrl\":\"https:\\\/\\\/diariotextual.com\\\/inicio\\\/wp-content\\\/uploads\\\/2022\\\/08\\\/mercadomunicipalsantarosa2022-1.jpg\",\"width\":960,\"height\":640},{\"@type\":\"BreadcrumbList\",\"@id\":\"https:\\\/\\\/diariotextual.com\\\/inicio\\\/index.php\\\/2023\\\/06\\\/15\\\/mercado-municipal-de-santa-rosa-sortearan-tres-canastas-de-alimentos-por-el-dia-del-padre\\\/#breadcrumb\",\"itemListElement\":[{\"@type\":\"ListItem\",\"position\":1,\"name\":\"Portada\",\"item\":\"https:\\\/\\\/diariotextual.com\\\/inicio\\\/\"},{\"@type\":\"ListItem\",\"position\":2,\"name\":\"Mercado Municipal de Santa Rosa: sortear\u00e1n tres canastas de alimentos por el D\u00eda del Padre\"}]},{\"@type\":\"WebSite\",\"@id\":\"https:\\\/\\\/diariotextual.com\\\/inicio\\\/#website\",\"url\":\"https:\\\/\\\/diariotextual.com\\\/inicio\\\/\",\"name\":\"Diario Textual\",\"description\":\"\",\"publisher\":{\"@id\":\"https:\\\/\\\/diariotextual.com\\\/inicio\\\/#organization\"},\"potentialAction\":[{\"@type\":\"SearchAction\",\"target\":{\"@type\":\"EntryPoint\",\"urlTemplate\":\"https:\\\/\\\/diariotextual.com\\\/inicio\\\/?s={search_term_string}\"},\"query-input\":{\"@type\":\"PropertyValueSpecification\",\"valueRequired\":true,\"valueName\":\"search_term_string\"}}],\"inLanguage\":\"es\"},{\"@type\":\"Organization\",\"@id\":\"https:\\\/\\\/diariotextual.com\\\/inicio\\\/#organization\",\"name\":\"Diario Textual\",\"url\":\"https:\\\/\\\/diariotextual.com\\\/inicio\\\/\",\"logo\":{\"@type\":\"ImageObject\",\"inLanguage\":\"es\",\"@id\":\"https:\\\/\\\/diariotextual.com\\\/inicio\\\/#\\\/schema\\\/logo\\\/image\\\/\",\"url\":\"https:\\\/\\\/diariotextual.com\\\/inicio\\\/wp-content\\\/uploads\\\/2023\\\/05\\\/logotextual1.jpg\",\"contentUrl\":\"https:\\\/\\\/diariotextual.com\\\/inicio\\\/wp-content\\\/uploads\\\/2023\\\/05\\\/logotextual1.jpg\",\"width\":516,\"height\":76,\"caption\":\"Diario Textual\"},\"image\":{\"@id\":\"https:\\\/\\\/diariotextual.com\\\/inicio\\\/#\\\/schema\\\/logo\\\/image\\\/\"},\"sameAs\":[\"https:\\\/\\\/www.facebook.com\\\/eltextual\",\"https:\\\/\\\/x.com\\\/eltextual\",\"http:\\\/\\\/www.instagram.com\\\/eltextual\"]},{\"@type\":\"Person\",\"@id\":\"https:\\\/\\\/diariotextual.com\\\/inicio\\\/#\\\/schema\\\/person\\\/694f60677f23c4a530867a98f22b3768\",\"name\":\"diario2\",\"image\":{\"@type\":\"ImageObject\",\"inLanguage\":\"es\",\"@id\":\"https:\\\/\\\/secure.gravatar.com\\\/avatar\\\/5a2567495ba16b852fcd8f1ed006a2e24fcace936018ed8237e95f488ad6e0a7?s=96&d=mm&r=g\",\"url\":\"https:\\\/\\\/secure.gravatar.com\\\/avatar\\\/5a2567495ba16b852fcd8f1ed006a2e24fcace936018ed8237e95f488ad6e0a7?s=96&d=mm&r=g\",\"contentUrl\":\"https:\\\/\\\/secure.gravatar.com\\\/avatar\\\/5a2567495ba16b852fcd8f1ed006a2e24fcace936018ed8237e95f488ad6e0a7?s=96&d=mm&r=g\",\"caption\":\"diario2\"},\"url\":\"https:\\\/\\\/diariotextual.com\\\/inicio\\\/index.php\\\/author\\\/diario2\\\/\"}]}<\/script>\n<!-- \/ Yoast SEO plugin. -->","yoast_head_json":{"title":"Mercado Municipal de Santa Rosa: sortear\u00e1n tres canastas de alimentos por el D\u00eda del Padre - Diario Textual","robots":{"index":"index","follow":"follow","max-snippet":"max-snippet:-1","max-image-preview":"max-image-preview:large","max-video-preview":"max-video-preview:-1"},"canonical":"https:\/\/diariotextual.com\/inicio\/index.php\/2023\/06\/15\/mercado-municipal-de-santa-rosa-sortearan-tres-canastas-de-alimentos-por-el-dia-del-padre\/","og_locale":"es_ES","og_type":"article","og_title":"Mercado Municipal de Santa Rosa: sortear\u00e1n tres canastas de alimentos por el D\u00eda del Padre - Diario Textual","og_description":"La Municipalidad de Santa Rosa, a trav\u00e9s de la Secretar\u00eda de Desarrollo Econ\u00f3mico, inform\u00f3 que el Mercado Municipal abrir\u00e1 este s\u00e1bado 17 de junio de 9 a 13.30 horas en&hellip;","og_url":"https:\/\/diariotextual.com\/inicio\/index.php\/2023\/06\/15\/mercado-municipal-de-santa-rosa-sortearan-tres-canastas-de-alimentos-por-el-dia-del-padre\/","og_site_name":"Diario Textual","article_publisher":"https:\/\/www.facebook.com\/eltextual","article_published_time":"2023-06-15T23:49:19+00:00","article_modified_time":"2023-06-16T11:25:25+00:00","og_image":[{"width":960,"height":640,"url":"https:\/\/diariotextual.com\/inicio\/wp-content\/uploads\/2022\/08\/mercadomunicipalsantarosa2022-1.jpg","type":"image\/jpeg"}],"author":"diario2","twitter_card":"summary_large_image","twitter_creator":"@eltextual","twitter_site":"@eltextual","twitter_misc":{"Escrito por":"diario2","Tiempo de lectura":"2 minutos"},"schema":{"@context":"https:\/\/schema.org","@graph":[{"@type":"Article","@id":"https:\/\/diariotextual.com\/inicio\/index.php\/2023\/06\/15\/mercado-municipal-de-santa-rosa-sortearan-tres-canastas-de-alimentos-por-el-dia-del-padre\/#article","isPartOf":{"@id":"https:\/\/diariotextual.com\/inicio\/index.php\/2023\/06\/15\/mercado-municipal-de-santa-rosa-sortearan-tres-canastas-de-alimentos-por-el-dia-del-padre\/"},"author":{"name":"diario2","@id":"https:\/\/diariotextual.com\/inicio\/#\/schema\/person\/694f60677f23c4a530867a98f22b3768"},"headline":"Mercado Municipal de Santa Rosa: sortear\u00e1n tres canastas de alimentos por el D\u00eda del Padre","datePublished":"2023-06-15T23:49:19+00:00","dateModified":"2023-06-16T11:25:25+00:00","mainEntityOfPage":{"@id":"https:\/\/diariotextual.com\/inicio\/index.php\/2023\/06\/15\/mercado-municipal-de-santa-rosa-sortearan-tres-canastas-de-alimentos-por-el-dia-del-padre\/"},"wordCount":341,"publisher":{"@id":"https:\/\/diariotextual.com\/inicio\/#organization"},"image":{"@id":"https:\/\/diariotextual.com\/inicio\/index.php\/2023\/06\/15\/mercado-municipal-de-santa-rosa-sortearan-tres-canastas-de-alimentos-por-el-dia-del-padre\/#primaryimage"},"thumbnailUrl":"https:\/\/diariotextual.com\/inicio\/wp-content\/uploads\/2022\/08\/mercadomunicipalsantarosa2022-1.jpg","articleSection":["A - ES NOTICIA (van abajo)","SOCIEDAD"],"inLanguage":"es"},{"@type":"WebPage","@id":"https:\/\/diariotextual.com\/inicio\/index.php\/2023\/06\/15\/mercado-municipal-de-santa-rosa-sortearan-tres-canastas-de-alimentos-por-el-dia-del-padre\/","url":"https:\/\/diariotextual.com\/inicio\/index.php\/2023\/06\/15\/mercado-municipal-de-santa-rosa-sortearan-tres-canastas-de-alimentos-por-el-dia-del-padre\/","name":"Mercado Municipal de Santa Rosa: sortear\u00e1n tres canastas de alimentos por el D\u00eda del Padre - Diario Textual","isPartOf":{"@id":"https:\/\/diariotextual.com\/inicio\/#website"},"primaryImageOfPage":{"@id":"https:\/\/diariotextual.com\/inicio\/index.php\/2023\/06\/15\/mercado-municipal-de-santa-rosa-sortearan-tres-canastas-de-alimentos-por-el-dia-del-padre\/#primaryimage"},"image":{"@id":"https:\/\/diariotextual.com\/inicio\/index.php\/2023\/06\/15\/mercado-municipal-de-santa-rosa-sortearan-tres-canastas-de-alimentos-por-el-dia-del-padre\/#primaryimage"},"thumbnailUrl":"https:\/\/diariotextual.com\/inicio\/wp-content\/uploads\/2022\/08\/mercadomunicipalsantarosa2022-1.jpg","datePublished":"2023-06-15T23:49:19+00:00","dateModified":"2023-06-16T11:25:25+00:00","breadcrumb":{"@id":"https:\/\/diariotextual.com\/inicio\/index.php\/2023\/06\/15\/mercado-municipal-de-santa-rosa-sortearan-tres-canastas-de-alimentos-por-el-dia-del-padre\/#breadcrumb"},"inLanguage":"es","potentialAction":[{"@type":"ReadAction","target":["https:\/\/diariotextual.com\/inicio\/index.php\/2023\/06\/15\/mercado-municipal-de-santa-rosa-sortearan-tres-canastas-de-alimentos-por-el-dia-del-padre\/"]}]},{"@type":"ImageObject","inLanguage":"es","@id":"https:\/\/diariotextual.com\/inicio\/index.php\/2023\/06\/15\/mercado-municipal-de-santa-rosa-sortearan-tres-canastas-de-alimentos-por-el-dia-del-padre\/#primaryimage","url":"https:\/\/diariotextual.com\/inicio\/wp-content\/uploads\/2022\/08\/mercadomunicipalsantarosa2022-1.jpg","contentUrl":"https:\/\/diariotextual.com\/inicio\/wp-content\/uploads\/2022\/08\/mercadomunicipalsantarosa2022-1.jpg","width":960,"height":640},{"@type":"BreadcrumbList","@id":"https:\/\/diariotextual.com\/inicio\/index.php\/2023\/06\/15\/mercado-municipal-de-santa-rosa-sortearan-tres-canastas-de-alimentos-por-el-dia-del-padre\/#breadcrumb","itemListElement":[{"@type":"ListItem","position":1,"name":"Portada","item":"https:\/\/diariotextual.com\/inicio\/"},{"@type":"ListItem","position":2,"name":"Mercado Municipal de Santa Rosa: sortear\u00e1n tres canastas de alimentos por el D\u00eda del Padre"}]},{"@type":"WebSite","@id":"https:\/\/diariotextual.com\/inicio\/#website","url":"https:\/\/diariotextual.com\/inicio\/","name":"Diario Textual","description":"","publisher":{"@id":"https:\/\/diariotextual.com\/inicio\/#organization"},"potentialAction":[{"@type":"SearchAction","target":{"@type":"EntryPoint","urlTemplate":"https:\/\/diariotextual.com\/inicio\/?s={search_term_string}"},"query-input":{"@type":"PropertyValueSpecification","valueRequired":true,"valueName":"search_term_string"}}],"inLanguage":"es"},{"@type":"Organization","@id":"https:\/\/diariotextual.com\/inicio\/#organization","name":"Diario Textual","url":"https:\/\/diariotextual.com\/inicio\/","logo":{"@type":"ImageObject","inLanguage":"es","@id":"https:\/\/diariotextual.com\/inicio\/#\/schema\/logo\/image\/","url":"https:\/\/diariotextual.com\/inicio\/wp-content\/uploads\/2023\/05\/logotextual1.jpg","contentUrl":"https:\/\/diariotextual.com\/inicio\/wp-content\/uploads\/2023\/05\/logotextual1.jpg","width":516,"height":76,"caption":"Diario Textual"},"image":{"@id":"https:\/\/diariotextual.com\/inicio\/#\/schema\/logo\/image\/"},"sameAs":["https:\/\/www.facebook.com\/eltextual","https:\/\/x.com\/eltextual","http:\/\/www.instagram.com\/eltextual"]},{"@type":"Person","@id":"https:\/\/diariotextual.com\/inicio\/#\/schema\/person\/694f60677f23c4a530867a98f22b3768","name":"diario2","image":{"@type":"ImageObject","inLanguage":"es","@id":"https:\/\/secure.gravatar.com\/avatar\/5a2567495ba16b852fcd8f1ed006a2e24fcace936018ed8237e95f488ad6e0a7?s=96&d=mm&r=g","url":"https:\/\/secure.gravatar.com\/avatar\/5a2567495ba16b852fcd8f1ed006a2e24fcace936018ed8237e95f488ad6e0a7?s=96&d=mm&r=g","contentUrl":"https:\/\/secure.gravatar.com\/avatar\/5a2567495ba16b852fcd8f1ed006a2e24fcace936018ed8237e95f488ad6e0a7?s=96&d=mm&r=g","caption":"diario2"},"url":"https:\/\/diariotextual.com\/inicio\/index.php\/author\/diario2\/"}]}},"_links":{"self":[{"href":"https:\/\/diariotextual.com\/inicio\/index.php\/wp-json\/wp\/v2\/posts\/228576","targetHints":{"allow":["GET"]}}],"collection":[{"href":"https:\/\/diariotextual.com\/inicio\/index.php\/wp-json\/wp\/v2\/posts"}],"about":[{"href":"https:\/\/diariotextual.com\/inicio\/index.php\/wp-json\/wp\/v2\/types\/post"}],"author":[{"embeddable":true,"href":"https:\/\/diariotextual.com\/inicio\/index.php\/wp-json\/wp\/v2\/users\/4"}],"replies":[{"embeddable":true,"href":"https:\/\/diariotextual.com\/inicio\/index.php\/wp-json\/wp\/v2\/comments?post=228576"}],"version-history":[{"count":1,"href":"https:\/\/diariotextual.com\/inicio\/index.php\/wp-json\/wp\/v2\/posts\/228576\/revisions"}],"predecessor-version":[{"id":228583,"href":"https:\/\/diariotextual.com\/inicio\/index.php\/wp-json\/wp\/v2\/posts\/228576\/revisions\/228583"}],"wp:featuredmedia":[{"embeddable":true,"href":"https:\/\/diariotextual.com\/inicio\/index.php\/wp-json\/wp\/v2\/media\/196809"}],"wp:attachment":[{"href":"https:\/\/diariotextual.com\/inicio\/index.php\/wp-json\/wp\/v2\/media?parent=228576"}],"wp:term":[{"taxonomy":"category","embeddable":true,"href":"https:\/\/diariotextual.com\/inicio\/index.php\/wp-json\/wp\/v2\/categories?post=228576"},{"taxonomy":"post_tag","embeddable":true,"href":"https:\/\/diariotextual.com\/inicio\/index.php\/wp-json\/wp\/v2\/tags?post=228576"}],"curies":[{"name":"wp","href":"https:\/\/api.w.org\/{rel}","templated":true}]}}