{"id":228584,"date":"2023-06-16T07:17:50","date_gmt":"2023-06-16T10:17:50","guid":{"rendered":"https:\/\/diariotextual.com\/inicio\/?p=228584"},"modified":"2023-06-16T07:17:52","modified_gmt":"2023-06-16T10:17:52","slug":"embajador-martini-conmemora-y-celebra-sus-113-anos-fundacionales","status":"publish","type":"post","link":"https:\/\/diariotextual.com\/inicio\/index.php\/2023\/06\/16\/embajador-martini-conmemora-y-celebra-sus-113-anos-fundacionales\/","title":{"rendered":"Embajador Martini conmemora y celebra sus 113 a\u00f1os fundacionales"},"content":{"rendered":"\n<p>La localidad de <strong>Embajador Martini arrib\u00f3 este viernes sus 113 a\u00f1os de vida<\/strong> y program\u00f3 una serie de eventos que ya vienen desarroll\u00e1ndose y que continuar\u00e1n en los pr\u00f3ximos d\u00edas.<\/p>\n\n\n\n<p>\u201cTenemos varias obras en marcha, hemos realizado inversiones en equipamiento, entre otras cosas\u201d, afirm\u00f3 el intendente <strong>Ariel Boggino<\/strong> a la Agencia Provincial de Noticias. Adem\u00e1s se refiri\u00f3 a la situaci\u00f3n del sector agropecuario y la construcci\u00f3n de viviendas.<br><br>Agreg\u00f3 que dentro del programa se izar\u00e1 la bandera en el m\u00e1stil central, se colocar\u00e1 una ofrenda floral en el cementerio y el museo estar\u00e1 abierto durante la ma\u00f1ana para que lo visite la gente y durante la semana hay eventos.<\/p>\n\n\n\n<p>\u201cLa semana pasada tuvimos una jornada de cine, este lunes feriado hay una loter\u00eda que organiza el colegio secundario por el d\u00eda del Padre y nosotros desde el municipio aportamos el show musical\u201d, dijo.<br>Dijo que el martes, en tanto, habr\u00e1 campeonato de v\u00f3ley con la participaci\u00f3n de pueblos vecinos y el domingo el Pampa Corre, una actividad deportiva durante todo el d\u00eda con shows musicales y la atenci\u00f3n de la cantina por parte de los alumnos y alumnas de la promoci\u00f3n 2023.<\/p>\n\n\n\n<div style=\"height:100px\" aria-hidden=\"true\" class=\"wp-block-spacer\"><\/div>\n\n\n\n<p><strong>Situaci\u00f3n del campo<\/strong><br>El intendente asegur\u00f3 que \u201choy estamos en una situaci\u00f3n complicada y acertadamente el Gobierno provincial declar\u00f3 la emergencia agropecuaria porque venimos con una sequ\u00eda importante desde hace tiempo, fracas\u00f3 la cosecha de trigo, llovi\u00f3 en enero pero el 14 de febrero vino una helada que nos sorprendi\u00f3. A partir de ah\u00ed comenzamos un per\u00edodo complicado porque los ma\u00edces se helaron, en abril llovi\u00f3 un poco y hablando con los productores me dec\u00edan que los lotes que est\u00e1n bien preparados se pueden sembrar pero tenemos el inconveniente de que al ser una zona agr\u00edcola-ganadera hay faltante de pasto\u201d.<\/p>\n\n\n\n<p>Puntualiz\u00f3 que \u201clo que pedimos es que llueva y se pueda sembrar trigo porque es una entrada de dinero para el productor en diciembre para poder luego encarar la cosecha gruesa sino se complica much\u00edsimo. La hacienda genera un movimiento importante en la zona y si no hay pasto no hay engorde. Los costos para engordar son altos por eso es que decimos que <strong>hoy por hoy la situaci\u00f3n del campo est\u00e1 complicada por el factor clim\u00e1tico.<\/strong> Los pron\u00f3sticos est\u00e1n anunciando un cambio en el clima que traer\u00e1 m\u00e1s lluvias, ojal\u00e1 que se d\u00e9 y podamos seguir. Ac\u00e1 dependemos de la producci\u00f3n agropecuaria, si caen cuatro gotas ya nos cambia la cara a todos\u201d.<\/p>\n\n\n\n<p>Inform\u00f3 que \u201cse est\u00e1 sacando hacienda, m\u00e1s que nada la invernada, los productores chicos no terminan el novillo, lo sacan antes para ganar tiempo y pasto para la otra hacienda. Se adelanta una cadena, se lleva a la feria y se vende como est\u00e1\u201d.<\/p>\n\n\n\n<div style=\"height:100px\" aria-hidden=\"true\" class=\"wp-block-spacer\"><\/div>\n\n\n\n<p><strong>Obra\u00a0p\u00fablica\u00a0<br><\/strong>Boggino destac\u00f3 la ayuda del Gobierno provincial para con Embajador Martini. \u201cSomos pueblos peque\u00f1os que dependemos mucho del apoyo del Gobierno porque si no es imposible hacer obras\u201d, dijo.<br>Agreg\u00f3 que est\u00e1n con el plan Mi Casa y la construcci\u00f3n de siete viviendas y una de servicio. \u201cEs un plan que lleg\u00f3 para quedarse y bienvenido sea, ya la gente no viene a preguntar si ir\u00e1 a tener una casa, ahora la pregunta es cu\u00e1ndo me toca la casa. Esto se debe a lo beneficioso del plan Mi Casa para todos los pueblos porque se hacen viviendas permanentemente, con gente del pueblo y comparando los materiales en la localidad. Se hacen seis o siete por a\u00f1o de acuerdo a la capacidad de alba\u00f1iles y del municipio para ir movi\u00e9ndose\u201d, explic\u00f3.<\/p>\n\n\n\n<p>Inform\u00f3 que \u201ctambi\u00e9n estamos pensando en la compra de terrenos porque no es tan f\u00e1cil de conseguir y debido a la laguna no podemos construir hacia el sur de Embajador Martini\u201d.<\/p>\n\n\n\n<p>Siguiendo con las obras cont\u00f3 que est\u00e1n con la construcci\u00f3n del edificio municipal que est\u00e1 muy avanzado. \u201cSe est\u00e1n haciendo mejoras en el corral\u00f3n municipal, se adquiri\u00f3 una retro pala con la ayuda del Gobierno de la Provincia a trav\u00e9s de Asuntos Municipales por un valor de 27 millones de pesos que estamos pagando en cuotas de 2 millones de pesos por mes, por eso el agradecimiento al secretario de Asuntos Municipales Rogelio Schanton por la colaboraci\u00f3n y el buen trato permanente. Entre todos vamos adelante buscando el bienestar del pueblo\u201d.<\/p>\n\n\n\n<p>\u201cEsperemos tener un muy feliz cumplea\u00f1os con la participaci\u00f3n de los vecinos y vecinas en todas las actividades organizadas y como siempre digo, que haya salud para todos que es lo m\u00e1s importante y lo que nos permite seguir para adelante\u201d, finaliz\u00f3.<\/p>\n","protected":false},"excerpt":{"rendered":"<p>La localidad de Embajador Martini arrib\u00f3 este viernes sus 113 a\u00f1os de vida y program\u00f3 una serie de eventos que ya vienen desarroll\u00e1ndose y que continuar\u00e1n en los pr\u00f3ximos d\u00edas.&hellip;<\/p>\n","protected":false},"author":4,"featured_media":165742,"comment_status":"closed","ping_status":"open","sticky":false,"template":"","format":"standard","meta":{"_acf_changed":false,"footnotes":""},"categories":[1,12],"tags":[],"class_list":["post-228584","post","type-post","status-publish","format-standard","has-post-thumbnail","hentry","category-es-noticia","category-sociedad"],"acf":[],"yoast_head":"<!-- This site is optimized with the Yoast SEO plugin v27.5 - https:\/\/yoast.com\/product\/yoast-seo-wordpress\/ -->\n<title>Embajador Martini conmemora y celebra sus 113 a\u00f1os fundacionales - Diario Textual<\/title>\n<meta name=\"robots\" content=\"index, follow, max-snippet:-1, max-image-preview:large, max-video-preview:-1\" \/>\n<link rel=\"canonical\" href=\"https:\/\/diariotextual.com\/inicio\/index.php\/2023\/06\/16\/embajador-martini-conmemora-y-celebra-sus-113-anos-fundacionales\/\" \/>\n<meta property=\"og:locale\" content=\"es_ES\" \/>\n<meta property=\"og:type\" content=\"article\" \/>\n<meta property=\"og:title\" content=\"Embajador Martini conmemora y celebra sus 113 a\u00f1os fundacionales - Diario Textual\" \/>\n<meta property=\"og:description\" content=\"La localidad de Embajador Martini arrib\u00f3 este viernes sus 113 a\u00f1os de vida y program\u00f3 una serie de eventos que ya vienen desarroll\u00e1ndose y que continuar\u00e1n en los pr\u00f3ximos d\u00edas.&hellip;\" \/>\n<meta property=\"og:url\" content=\"https:\/\/diariotextual.com\/inicio\/index.php\/2023\/06\/16\/embajador-martini-conmemora-y-celebra-sus-113-anos-fundacionales\/\" \/>\n<meta property=\"og:site_name\" content=\"Diario Textual\" \/>\n<meta property=\"article:publisher\" content=\"https:\/\/www.facebook.com\/eltextual\" \/>\n<meta property=\"article:published_time\" content=\"2023-06-16T10:17:50+00:00\" \/>\n<meta property=\"article:modified_time\" content=\"2023-06-16T10:17:52+00:00\" \/>\n<meta property=\"og:image\" content=\"https:\/\/diariotextual.com\/inicio\/wp-content\/uploads\/2021\/10\/embajadormartinimunicipalidad2021-1.jpg\" \/>\n\t<meta property=\"og:image:width\" content=\"2048\" \/>\n\t<meta property=\"og:image:height\" content=\"1361\" \/>\n\t<meta property=\"og:image:type\" content=\"image\/jpeg\" \/>\n<meta name=\"author\" content=\"diario2\" \/>\n<meta name=\"twitter:card\" content=\"summary_large_image\" \/>\n<meta name=\"twitter:creator\" content=\"@eltextual\" \/>\n<meta name=\"twitter:site\" content=\"@eltextual\" \/>\n<meta name=\"twitter:label1\" content=\"Escrito por\" \/>\n\t<meta name=\"twitter:data1\" content=\"diario2\" \/>\n\t<meta name=\"twitter:label2\" content=\"Tiempo de lectura\" \/>\n\t<meta name=\"twitter:data2\" content=\"4 minutos\" \/>\n<script type=\"application\/ld+json\" class=\"yoast-schema-graph\">{\"@context\":\"https:\\\/\\\/schema.org\",\"@graph\":[{\"@type\":\"Article\",\"@id\":\"https:\\\/\\\/diariotextual.com\\\/inicio\\\/index.php\\\/2023\\\/06\\\/16\\\/embajador-martini-conmemora-y-celebra-sus-113-anos-fundacionales\\\/#article\",\"isPartOf\":{\"@id\":\"https:\\\/\\\/diariotextual.com\\\/inicio\\\/index.php\\\/2023\\\/06\\\/16\\\/embajador-martini-conmemora-y-celebra-sus-113-anos-fundacionales\\\/\"},\"author\":{\"name\":\"diario2\",\"@id\":\"https:\\\/\\\/diariotextual.com\\\/inicio\\\/#\\\/schema\\\/person\\\/694f60677f23c4a530867a98f22b3768\"},\"headline\":\"Embajador Martini conmemora y celebra sus 113 a\u00f1os fundacionales\",\"datePublished\":\"2023-06-16T10:17:50+00:00\",\"dateModified\":\"2023-06-16T10:17:52+00:00\",\"mainEntityOfPage\":{\"@id\":\"https:\\\/\\\/diariotextual.com\\\/inicio\\\/index.php\\\/2023\\\/06\\\/16\\\/embajador-martini-conmemora-y-celebra-sus-113-anos-fundacionales\\\/\"},\"wordCount\":802,\"publisher\":{\"@id\":\"https:\\\/\\\/diariotextual.com\\\/inicio\\\/#organization\"},\"image\":{\"@id\":\"https:\\\/\\\/diariotextual.com\\\/inicio\\\/index.php\\\/2023\\\/06\\\/16\\\/embajador-martini-conmemora-y-celebra-sus-113-anos-fundacionales\\\/#primaryimage\"},\"thumbnailUrl\":\"https:\\\/\\\/diariotextual.com\\\/inicio\\\/wp-content\\\/uploads\\\/2021\\\/10\\\/embajadormartinimunicipalidad2021-1.jpg\",\"articleSection\":[\"A - ES NOTICIA (van abajo)\",\"SOCIEDAD\"],\"inLanguage\":\"es\"},{\"@type\":\"WebPage\",\"@id\":\"https:\\\/\\\/diariotextual.com\\\/inicio\\\/index.php\\\/2023\\\/06\\\/16\\\/embajador-martini-conmemora-y-celebra-sus-113-anos-fundacionales\\\/\",\"url\":\"https:\\\/\\\/diariotextual.com\\\/inicio\\\/index.php\\\/2023\\\/06\\\/16\\\/embajador-martini-conmemora-y-celebra-sus-113-anos-fundacionales\\\/\",\"name\":\"Embajador Martini conmemora y celebra sus 113 a\u00f1os fundacionales - Diario Textual\",\"isPartOf\":{\"@id\":\"https:\\\/\\\/diariotextual.com\\\/inicio\\\/#website\"},\"primaryImageOfPage\":{\"@id\":\"https:\\\/\\\/diariotextual.com\\\/inicio\\\/index.php\\\/2023\\\/06\\\/16\\\/embajador-martini-conmemora-y-celebra-sus-113-anos-fundacionales\\\/#primaryimage\"},\"image\":{\"@id\":\"https:\\\/\\\/diariotextual.com\\\/inicio\\\/index.php\\\/2023\\\/06\\\/16\\\/embajador-martini-conmemora-y-celebra-sus-113-anos-fundacionales\\\/#primaryimage\"},\"thumbnailUrl\":\"https:\\\/\\\/diariotextual.com\\\/inicio\\\/wp-content\\\/uploads\\\/2021\\\/10\\\/embajadormartinimunicipalidad2021-1.jpg\",\"datePublished\":\"2023-06-16T10:17:50+00:00\",\"dateModified\":\"2023-06-16T10:17:52+00:00\",\"breadcrumb\":{\"@id\":\"https:\\\/\\\/diariotextual.com\\\/inicio\\\/index.php\\\/2023\\\/06\\\/16\\\/embajador-martini-conmemora-y-celebra-sus-113-anos-fundacionales\\\/#breadcrumb\"},\"inLanguage\":\"es\",\"potentialAction\":[{\"@type\":\"ReadAction\",\"target\":[\"https:\\\/\\\/diariotextual.com\\\/inicio\\\/index.php\\\/2023\\\/06\\\/16\\\/embajador-martini-conmemora-y-celebra-sus-113-anos-fundacionales\\\/\"]}]},{\"@type\":\"ImageObject\",\"inLanguage\":\"es\",\"@id\":\"https:\\\/\\\/diariotextual.com\\\/inicio\\\/index.php\\\/2023\\\/06\\\/16\\\/embajador-martini-conmemora-y-celebra-sus-113-anos-fundacionales\\\/#primaryimage\",\"url\":\"https:\\\/\\\/diariotextual.com\\\/inicio\\\/wp-content\\\/uploads\\\/2021\\\/10\\\/embajadormartinimunicipalidad2021-1.jpg\",\"contentUrl\":\"https:\\\/\\\/diariotextual.com\\\/inicio\\\/wp-content\\\/uploads\\\/2021\\\/10\\\/embajadormartinimunicipalidad2021-1.jpg\",\"width\":2048,\"height\":1361},{\"@type\":\"BreadcrumbList\",\"@id\":\"https:\\\/\\\/diariotextual.com\\\/inicio\\\/index.php\\\/2023\\\/06\\\/16\\\/embajador-martini-conmemora-y-celebra-sus-113-anos-fundacionales\\\/#breadcrumb\",\"itemListElement\":[{\"@type\":\"ListItem\",\"position\":1,\"name\":\"Portada\",\"item\":\"https:\\\/\\\/diariotextual.com\\\/inicio\\\/\"},{\"@type\":\"ListItem\",\"position\":2,\"name\":\"Embajador Martini conmemora y celebra sus 113 a\u00f1os fundacionales\"}]},{\"@type\":\"WebSite\",\"@id\":\"https:\\\/\\\/diariotextual.com\\\/inicio\\\/#website\",\"url\":\"https:\\\/\\\/diariotextual.com\\\/inicio\\\/\",\"name\":\"Diario Textual\",\"description\":\"\",\"publisher\":{\"@id\":\"https:\\\/\\\/diariotextual.com\\\/inicio\\\/#organization\"},\"potentialAction\":[{\"@type\":\"SearchAction\",\"target\":{\"@type\":\"EntryPoint\",\"urlTemplate\":\"https:\\\/\\\/diariotextual.com\\\/inicio\\\/?s={search_term_string}\"},\"query-input\":{\"@type\":\"PropertyValueSpecification\",\"valueRequired\":true,\"valueName\":\"search_term_string\"}}],\"inLanguage\":\"es\"},{\"@type\":\"Organization\",\"@id\":\"https:\\\/\\\/diariotextual.com\\\/inicio\\\/#organization\",\"name\":\"Diario Textual\",\"url\":\"https:\\\/\\\/diariotextual.com\\\/inicio\\\/\",\"logo\":{\"@type\":\"ImageObject\",\"inLanguage\":\"es\",\"@id\":\"https:\\\/\\\/diariotextual.com\\\/inicio\\\/#\\\/schema\\\/logo\\\/image\\\/\",\"url\":\"https:\\\/\\\/diariotextual.com\\\/inicio\\\/wp-content\\\/uploads\\\/2023\\\/05\\\/logotextual1.jpg\",\"contentUrl\":\"https:\\\/\\\/diariotextual.com\\\/inicio\\\/wp-content\\\/uploads\\\/2023\\\/05\\\/logotextual1.jpg\",\"width\":516,\"height\":76,\"caption\":\"Diario Textual\"},\"image\":{\"@id\":\"https:\\\/\\\/diariotextual.com\\\/inicio\\\/#\\\/schema\\\/logo\\\/image\\\/\"},\"sameAs\":[\"https:\\\/\\\/www.facebook.com\\\/eltextual\",\"https:\\\/\\\/x.com\\\/eltextual\",\"http:\\\/\\\/www.instagram.com\\\/eltextual\"]},{\"@type\":\"Person\",\"@id\":\"https:\\\/\\\/diariotextual.com\\\/inicio\\\/#\\\/schema\\\/person\\\/694f60677f23c4a530867a98f22b3768\",\"name\":\"diario2\",\"image\":{\"@type\":\"ImageObject\",\"inLanguage\":\"es\",\"@id\":\"https:\\\/\\\/secure.gravatar.com\\\/avatar\\\/5a2567495ba16b852fcd8f1ed006a2e24fcace936018ed8237e95f488ad6e0a7?s=96&d=mm&r=g\",\"url\":\"https:\\\/\\\/secure.gravatar.com\\\/avatar\\\/5a2567495ba16b852fcd8f1ed006a2e24fcace936018ed8237e95f488ad6e0a7?s=96&d=mm&r=g\",\"contentUrl\":\"https:\\\/\\\/secure.gravatar.com\\\/avatar\\\/5a2567495ba16b852fcd8f1ed006a2e24fcace936018ed8237e95f488ad6e0a7?s=96&d=mm&r=g\",\"caption\":\"diario2\"},\"url\":\"https:\\\/\\\/diariotextual.com\\\/inicio\\\/index.php\\\/author\\\/diario2\\\/\"}]}<\/script>\n<!-- \/ Yoast SEO plugin. -->","yoast_head_json":{"title":"Embajador Martini conmemora y celebra sus 113 a\u00f1os fundacionales - Diario Textual","robots":{"index":"index","follow":"follow","max-snippet":"max-snippet:-1","max-image-preview":"max-image-preview:large","max-video-preview":"max-video-preview:-1"},"canonical":"https:\/\/diariotextual.com\/inicio\/index.php\/2023\/06\/16\/embajador-martini-conmemora-y-celebra-sus-113-anos-fundacionales\/","og_locale":"es_ES","og_type":"article","og_title":"Embajador Martini conmemora y celebra sus 113 a\u00f1os fundacionales - Diario Textual","og_description":"La localidad de Embajador Martini arrib\u00f3 este viernes sus 113 a\u00f1os de vida y program\u00f3 una serie de eventos que ya vienen desarroll\u00e1ndose y que continuar\u00e1n en los pr\u00f3ximos d\u00edas.&hellip;","og_url":"https:\/\/diariotextual.com\/inicio\/index.php\/2023\/06\/16\/embajador-martini-conmemora-y-celebra-sus-113-anos-fundacionales\/","og_site_name":"Diario Textual","article_publisher":"https:\/\/www.facebook.com\/eltextual","article_published_time":"2023-06-16T10:17:50+00:00","article_modified_time":"2023-06-16T10:17:52+00:00","og_image":[{"width":2048,"height":1361,"url":"https:\/\/diariotextual.com\/inicio\/wp-content\/uploads\/2021\/10\/embajadormartinimunicipalidad2021-1.jpg","type":"image\/jpeg"}],"author":"diario2","twitter_card":"summary_large_image","twitter_creator":"@eltextual","twitter_site":"@eltextual","twitter_misc":{"Escrito por":"diario2","Tiempo de lectura":"4 minutos"},"schema":{"@context":"https:\/\/schema.org","@graph":[{"@type":"Article","@id":"https:\/\/diariotextual.com\/inicio\/index.php\/2023\/06\/16\/embajador-martini-conmemora-y-celebra-sus-113-anos-fundacionales\/#article","isPartOf":{"@id":"https:\/\/diariotextual.com\/inicio\/index.php\/2023\/06\/16\/embajador-martini-conmemora-y-celebra-sus-113-anos-fundacionales\/"},"author":{"name":"diario2","@id":"https:\/\/diariotextual.com\/inicio\/#\/schema\/person\/694f60677f23c4a530867a98f22b3768"},"headline":"Embajador Martini conmemora y celebra sus 113 a\u00f1os fundacionales","datePublished":"2023-06-16T10:17:50+00:00","dateModified":"2023-06-16T10:17:52+00:00","mainEntityOfPage":{"@id":"https:\/\/diariotextual.com\/inicio\/index.php\/2023\/06\/16\/embajador-martini-conmemora-y-celebra-sus-113-anos-fundacionales\/"},"wordCount":802,"publisher":{"@id":"https:\/\/diariotextual.com\/inicio\/#organization"},"image":{"@id":"https:\/\/diariotextual.com\/inicio\/index.php\/2023\/06\/16\/embajador-martini-conmemora-y-celebra-sus-113-anos-fundacionales\/#primaryimage"},"thumbnailUrl":"https:\/\/diariotextual.com\/inicio\/wp-content\/uploads\/2021\/10\/embajadormartinimunicipalidad2021-1.jpg","articleSection":["A - ES NOTICIA (van abajo)","SOCIEDAD"],"inLanguage":"es"},{"@type":"WebPage","@id":"https:\/\/diariotextual.com\/inicio\/index.php\/2023\/06\/16\/embajador-martini-conmemora-y-celebra-sus-113-anos-fundacionales\/","url":"https:\/\/diariotextual.com\/inicio\/index.php\/2023\/06\/16\/embajador-martini-conmemora-y-celebra-sus-113-anos-fundacionales\/","name":"Embajador Martini conmemora y celebra sus 113 a\u00f1os fundacionales - Diario Textual","isPartOf":{"@id":"https:\/\/diariotextual.com\/inicio\/#website"},"primaryImageOfPage":{"@id":"https:\/\/diariotextual.com\/inicio\/index.php\/2023\/06\/16\/embajador-martini-conmemora-y-celebra-sus-113-anos-fundacionales\/#primaryimage"},"image":{"@id":"https:\/\/diariotextual.com\/inicio\/index.php\/2023\/06\/16\/embajador-martini-conmemora-y-celebra-sus-113-anos-fundacionales\/#primaryimage"},"thumbnailUrl":"https:\/\/diariotextual.com\/inicio\/wp-content\/uploads\/2021\/10\/embajadormartinimunicipalidad2021-1.jpg","datePublished":"2023-06-16T10:17:50+00:00","dateModified":"2023-06-16T10:17:52+00:00","breadcrumb":{"@id":"https:\/\/diariotextual.com\/inicio\/index.php\/2023\/06\/16\/embajador-martini-conmemora-y-celebra-sus-113-anos-fundacionales\/#breadcrumb"},"inLanguage":"es","potentialAction":[{"@type":"ReadAction","target":["https:\/\/diariotextual.com\/inicio\/index.php\/2023\/06\/16\/embajador-martini-conmemora-y-celebra-sus-113-anos-fundacionales\/"]}]},{"@type":"ImageObject","inLanguage":"es","@id":"https:\/\/diariotextual.com\/inicio\/index.php\/2023\/06\/16\/embajador-martini-conmemora-y-celebra-sus-113-anos-fundacionales\/#primaryimage","url":"https:\/\/diariotextual.com\/inicio\/wp-content\/uploads\/2021\/10\/embajadormartinimunicipalidad2021-1.jpg","contentUrl":"https:\/\/diariotextual.com\/inicio\/wp-content\/uploads\/2021\/10\/embajadormartinimunicipalidad2021-1.jpg","width":2048,"height":1361},{"@type":"BreadcrumbList","@id":"https:\/\/diariotextual.com\/inicio\/index.php\/2023\/06\/16\/embajador-martini-conmemora-y-celebra-sus-113-anos-fundacionales\/#breadcrumb","itemListElement":[{"@type":"ListItem","position":1,"name":"Portada","item":"https:\/\/diariotextual.com\/inicio\/"},{"@type":"ListItem","position":2,"name":"Embajador Martini conmemora y celebra sus 113 a\u00f1os fundacionales"}]},{"@type":"WebSite","@id":"https:\/\/diariotextual.com\/inicio\/#website","url":"https:\/\/diariotextual.com\/inicio\/","name":"Diario Textual","description":"","publisher":{"@id":"https:\/\/diariotextual.com\/inicio\/#organization"},"potentialAction":[{"@type":"SearchAction","target":{"@type":"EntryPoint","urlTemplate":"https:\/\/diariotextual.com\/inicio\/?s={search_term_string}"},"query-input":{"@type":"PropertyValueSpecification","valueRequired":true,"valueName":"search_term_string"}}],"inLanguage":"es"},{"@type":"Organization","@id":"https:\/\/diariotextual.com\/inicio\/#organization","name":"Diario Textual","url":"https:\/\/diariotextual.com\/inicio\/","logo":{"@type":"ImageObject","inLanguage":"es","@id":"https:\/\/diariotextual.com\/inicio\/#\/schema\/logo\/image\/","url":"https:\/\/diariotextual.com\/inicio\/wp-content\/uploads\/2023\/05\/logotextual1.jpg","contentUrl":"https:\/\/diariotextual.com\/inicio\/wp-content\/uploads\/2023\/05\/logotextual1.jpg","width":516,"height":76,"caption":"Diario Textual"},"image":{"@id":"https:\/\/diariotextual.com\/inicio\/#\/schema\/logo\/image\/"},"sameAs":["https:\/\/www.facebook.com\/eltextual","https:\/\/x.com\/eltextual","http:\/\/www.instagram.com\/eltextual"]},{"@type":"Person","@id":"https:\/\/diariotextual.com\/inicio\/#\/schema\/person\/694f60677f23c4a530867a98f22b3768","name":"diario2","image":{"@type":"ImageObject","inLanguage":"es","@id":"https:\/\/secure.gravatar.com\/avatar\/5a2567495ba16b852fcd8f1ed006a2e24fcace936018ed8237e95f488ad6e0a7?s=96&d=mm&r=g","url":"https:\/\/secure.gravatar.com\/avatar\/5a2567495ba16b852fcd8f1ed006a2e24fcace936018ed8237e95f488ad6e0a7?s=96&d=mm&r=g","contentUrl":"https:\/\/secure.gravatar.com\/avatar\/5a2567495ba16b852fcd8f1ed006a2e24fcace936018ed8237e95f488ad6e0a7?s=96&d=mm&r=g","caption":"diario2"},"url":"https:\/\/diariotextual.com\/inicio\/index.php\/author\/diario2\/"}]}},"_links":{"self":[{"href":"https:\/\/diariotextual.com\/inicio\/index.php\/wp-json\/wp\/v2\/posts\/228584","targetHints":{"allow":["GET"]}}],"collection":[{"href":"https:\/\/diariotextual.com\/inicio\/index.php\/wp-json\/wp\/v2\/posts"}],"about":[{"href":"https:\/\/diariotextual.com\/inicio\/index.php\/wp-json\/wp\/v2\/types\/post"}],"author":[{"embeddable":true,"href":"https:\/\/diariotextual.com\/inicio\/index.php\/wp-json\/wp\/v2\/users\/4"}],"replies":[{"embeddable":true,"href":"https:\/\/diariotextual.com\/inicio\/index.php\/wp-json\/wp\/v2\/comments?post=228584"}],"version-history":[{"count":2,"href":"https:\/\/diariotextual.com\/inicio\/index.php\/wp-json\/wp\/v2\/posts\/228584\/revisions"}],"predecessor-version":[{"id":228586,"href":"https:\/\/diariotextual.com\/inicio\/index.php\/wp-json\/wp\/v2\/posts\/228584\/revisions\/228586"}],"wp:featuredmedia":[{"embeddable":true,"href":"https:\/\/diariotextual.com\/inicio\/index.php\/wp-json\/wp\/v2\/media\/165742"}],"wp:attachment":[{"href":"https:\/\/diariotextual.com\/inicio\/index.php\/wp-json\/wp\/v2\/media?parent=228584"}],"wp:term":[{"taxonomy":"category","embeddable":true,"href":"https:\/\/diariotextual.com\/inicio\/index.php\/wp-json\/wp\/v2\/categories?post=228584"},{"taxonomy":"post_tag","embeddable":true,"href":"https:\/\/diariotextual.com\/inicio\/index.php\/wp-json\/wp\/v2\/tags?post=228584"}],"curies":[{"name":"wp","href":"https:\/\/api.w.org\/{rel}","templated":true}]}}