{"id":228587,"date":"2023-06-16T07:25:40","date_gmt":"2023-06-16T10:25:40","guid":{"rendered":"https:\/\/diariotextual.com\/inicio\/?p=228587"},"modified":"2023-06-16T07:25:42","modified_gmt":"2023-06-16T10:25:42","slug":"reconocen-al-espectaculo-infantil-canciones-para-mirar","status":"publish","type":"post","link":"https:\/\/diariotextual.com\/inicio\/index.php\/2023\/06\/16\/reconocen-al-espectaculo-infantil-canciones-para-mirar\/","title":{"rendered":"Reconocen al espect\u00e1culo infantil \u201cCanciones para mirar\u201d"},"content":{"rendered":"\n<p>El espect\u00e1culo<strong> \u201cCanciones para mirar\u201d<\/strong>, del elenco de Santa Rosa \u201cDisfrazades de sol\u201d fue reconocido por los <strong>premios ATINA a la producci\u00f3n de artes esc\u00e9nicas para la infancia y la juventud.<\/strong><\/p>\n\n\n\n<p>La Asociaci\u00f3n de Teatristas Independientes para Ni\u00f1os\/as y Adolescentes (ATINA) distingui\u00f3 a una veintena de obras de teatro, y La Pampa tuvo su reconocimiento a trav\u00e9s de la obra dirigida por Vanesa Gonz\u00e1lez.<\/p>\n\n\n\n<p>La entrega de premios se realiz\u00f3 en el Sal\u00f3n Azul del Senado de La Naci\u00f3n.<\/p>\n\n\n\n<p>Fueron veinte las obras premiadas por ATINA, una asociaci\u00f3n civil sin fines de lucro, fundada en el mes de julio de 2002, en la Ciudad de Buenos Aires.<\/p>\n\n\n\n<p>Esta asociaci\u00f3n fue creada con el fin de establecer y fortalecer v\u00ednculos con el teatro para ni\u00f1os, ni\u00f1as y adolescentes de todo el mundo. Desde el a\u00f1o 2005, es la representante de ASSITEJ (Asociaci\u00f3n Internacional de Teatro para Ni\u00f1os y J\u00f3venes) en Argentina y miembro de la Red Iberoamericana de Artes Esc\u00e9nicas para la Infancia y la Juventud.<\/p>\n\n\n\n<p>Mar\u00eda Elena Walsh es la autora de \u201cCanciones para mirar\u201d, y en esta versi\u00f3n local, la direcci\u00f3n general pertenece a Vanesa Gonz\u00e1lez.<\/p>\n\n\n\n<p>El elenco est\u00e1 integrado por <strong>Victoria Mario, L\u00eda Espain, Carolina Bergonzi y Juan Fad\u00f3n<\/strong>.<\/p>\n\n\n\n<p>El equipo t\u00e9cnico y art\u00edstico est\u00e1 integrado por Leticia Hernando (productora ejecutiva), Eliana Casc\u00f3n (dise\u00f1o y realizaci\u00f3n de escenograf\u00eda, con t\u00e9cnica de reciclado), Agustina Bergonzi (vestuario), Vanita Dibujadora (dise\u00f1o gr\u00e1fico), Blanca Su\u00e1rez y Marianela Ayala (maquillaje), Margarita Elizalde (fotograf\u00eda) y Gustavo \u201cLoro\u201d Rodr\u00edguez (dise\u00f1o de luces).<\/p>\n\n\n\n<p>Canciones para mirar <strong>revolucion\u00f3 el mundo del teatro para ni\u00f1es. <\/strong>El lenguaje disparatado, los di\u00e1logos absurdos, pero tambi\u00e9n las canciones que recuperan nuestro folclore dan lugar a una pieza que se convirti\u00f3 en un cl\u00e1sico de la dramaturgia y la poes\u00eda argentina.<\/p>\n\n\n\n<p>La versi\u00f3n que presenta el elenco Disfrazades de Sol\u00a0 (de Santa Rosa) propone un espect\u00e1culo con m\u00fasica en vivo, con un juego permanente en escena con canciones y pasos de comedia que recorren 6 de las 14 composiciones que integran la obra original (Marcha de Os\u00edas, El reino del rev\u00e9s, La Mona Jacinta, Canci\u00f3n de ba\u00f1ar la luna, Chacarera de los gatos y Canci\u00f3n del jardinero).<\/p>\n","protected":false},"excerpt":{"rendered":"<p>El espect\u00e1culo \u201cCanciones para mirar\u201d, del elenco de Santa Rosa \u201cDisfrazades de sol\u201d fue reconocido por los premios ATINA a la producci\u00f3n de artes esc\u00e9nicas para la infancia y la&hellip;<\/p>\n","protected":false},"author":4,"featured_media":153789,"comment_status":"closed","ping_status":"open","sticky":false,"template":"","format":"standard","meta":{"_acf_changed":false,"footnotes":""},"categories":[1,2],"tags":[],"class_list":["post-228587","post","type-post","status-publish","format-standard","has-post-thumbnail","hentry","category-es-noticia","category-cultura"],"acf":[],"yoast_head":"<!-- This site is optimized with the Yoast SEO plugin v27.5 - https:\/\/yoast.com\/product\/yoast-seo-wordpress\/ -->\n<title>Reconocen al espect\u00e1culo infantil \u201cCanciones para mirar\u201d - Diario Textual<\/title>\n<meta name=\"robots\" content=\"index, follow, max-snippet:-1, max-image-preview:large, max-video-preview:-1\" \/>\n<link rel=\"canonical\" href=\"https:\/\/diariotextual.com\/inicio\/index.php\/2023\/06\/16\/reconocen-al-espectaculo-infantil-canciones-para-mirar\/\" \/>\n<meta property=\"og:locale\" content=\"es_ES\" \/>\n<meta property=\"og:type\" content=\"article\" \/>\n<meta property=\"og:title\" content=\"Reconocen al espect\u00e1culo infantil \u201cCanciones para mirar\u201d - Diario Textual\" \/>\n<meta property=\"og:description\" content=\"El espect\u00e1culo \u201cCanciones para mirar\u201d, del elenco de Santa Rosa \u201cDisfrazades de sol\u201d fue reconocido por los premios ATINA a la producci\u00f3n de artes esc\u00e9nicas para la infancia y la&hellip;\" \/>\n<meta property=\"og:url\" content=\"https:\/\/diariotextual.com\/inicio\/index.php\/2023\/06\/16\/reconocen-al-espectaculo-infantil-canciones-para-mirar\/\" \/>\n<meta property=\"og:site_name\" content=\"Diario Textual\" \/>\n<meta property=\"article:publisher\" content=\"https:\/\/www.facebook.com\/eltextual\" \/>\n<meta property=\"article:published_time\" content=\"2023-06-16T10:25:40+00:00\" \/>\n<meta property=\"article:modified_time\" content=\"2023-06-16T10:25:42+00:00\" \/>\n<meta property=\"og:image\" content=\"https:\/\/diariotextual.com\/inicio\/wp-content\/uploads\/2021\/07\/teatrocancionesparamirar.jpg\" \/>\n\t<meta property=\"og:image:width\" content=\"792\" \/>\n\t<meta property=\"og:image:height\" content=\"528\" \/>\n\t<meta property=\"og:image:type\" content=\"image\/jpeg\" \/>\n<meta name=\"author\" content=\"diario2\" \/>\n<meta name=\"twitter:card\" content=\"summary_large_image\" \/>\n<meta name=\"twitter:creator\" content=\"@eltextual\" \/>\n<meta name=\"twitter:site\" content=\"@eltextual\" \/>\n<meta name=\"twitter:label1\" content=\"Escrito por\" \/>\n\t<meta name=\"twitter:data1\" content=\"diario2\" \/>\n\t<meta name=\"twitter:label2\" content=\"Tiempo de lectura\" \/>\n\t<meta name=\"twitter:data2\" content=\"2 minutos\" \/>\n<script type=\"application\/ld+json\" class=\"yoast-schema-graph\">{\"@context\":\"https:\\\/\\\/schema.org\",\"@graph\":[{\"@type\":\"Article\",\"@id\":\"https:\\\/\\\/diariotextual.com\\\/inicio\\\/index.php\\\/2023\\\/06\\\/16\\\/reconocen-al-espectaculo-infantil-canciones-para-mirar\\\/#article\",\"isPartOf\":{\"@id\":\"https:\\\/\\\/diariotextual.com\\\/inicio\\\/index.php\\\/2023\\\/06\\\/16\\\/reconocen-al-espectaculo-infantil-canciones-para-mirar\\\/\"},\"author\":{\"name\":\"diario2\",\"@id\":\"https:\\\/\\\/diariotextual.com\\\/inicio\\\/#\\\/schema\\\/person\\\/694f60677f23c4a530867a98f22b3768\"},\"headline\":\"Reconocen al espect\u00e1culo infantil \u201cCanciones para mirar\u201d\",\"datePublished\":\"2023-06-16T10:25:40+00:00\",\"dateModified\":\"2023-06-16T10:25:42+00:00\",\"mainEntityOfPage\":{\"@id\":\"https:\\\/\\\/diariotextual.com\\\/inicio\\\/index.php\\\/2023\\\/06\\\/16\\\/reconocen-al-espectaculo-infantil-canciones-para-mirar\\\/\"},\"wordCount\":411,\"publisher\":{\"@id\":\"https:\\\/\\\/diariotextual.com\\\/inicio\\\/#organization\"},\"image\":{\"@id\":\"https:\\\/\\\/diariotextual.com\\\/inicio\\\/index.php\\\/2023\\\/06\\\/16\\\/reconocen-al-espectaculo-infantil-canciones-para-mirar\\\/#primaryimage\"},\"thumbnailUrl\":\"https:\\\/\\\/diariotextual.com\\\/inicio\\\/wp-content\\\/uploads\\\/2021\\\/07\\\/teatrocancionesparamirar.jpg\",\"articleSection\":[\"A - ES NOTICIA (van abajo)\",\"CULTURA\"],\"inLanguage\":\"es\"},{\"@type\":\"WebPage\",\"@id\":\"https:\\\/\\\/diariotextual.com\\\/inicio\\\/index.php\\\/2023\\\/06\\\/16\\\/reconocen-al-espectaculo-infantil-canciones-para-mirar\\\/\",\"url\":\"https:\\\/\\\/diariotextual.com\\\/inicio\\\/index.php\\\/2023\\\/06\\\/16\\\/reconocen-al-espectaculo-infantil-canciones-para-mirar\\\/\",\"name\":\"Reconocen al espect\u00e1culo infantil \u201cCanciones para mirar\u201d - Diario Textual\",\"isPartOf\":{\"@id\":\"https:\\\/\\\/diariotextual.com\\\/inicio\\\/#website\"},\"primaryImageOfPage\":{\"@id\":\"https:\\\/\\\/diariotextual.com\\\/inicio\\\/index.php\\\/2023\\\/06\\\/16\\\/reconocen-al-espectaculo-infantil-canciones-para-mirar\\\/#primaryimage\"},\"image\":{\"@id\":\"https:\\\/\\\/diariotextual.com\\\/inicio\\\/index.php\\\/2023\\\/06\\\/16\\\/reconocen-al-espectaculo-infantil-canciones-para-mirar\\\/#primaryimage\"},\"thumbnailUrl\":\"https:\\\/\\\/diariotextual.com\\\/inicio\\\/wp-content\\\/uploads\\\/2021\\\/07\\\/teatrocancionesparamirar.jpg\",\"datePublished\":\"2023-06-16T10:25:40+00:00\",\"dateModified\":\"2023-06-16T10:25:42+00:00\",\"breadcrumb\":{\"@id\":\"https:\\\/\\\/diariotextual.com\\\/inicio\\\/index.php\\\/2023\\\/06\\\/16\\\/reconocen-al-espectaculo-infantil-canciones-para-mirar\\\/#breadcrumb\"},\"inLanguage\":\"es\",\"potentialAction\":[{\"@type\":\"ReadAction\",\"target\":[\"https:\\\/\\\/diariotextual.com\\\/inicio\\\/index.php\\\/2023\\\/06\\\/16\\\/reconocen-al-espectaculo-infantil-canciones-para-mirar\\\/\"]}]},{\"@type\":\"ImageObject\",\"inLanguage\":\"es\",\"@id\":\"https:\\\/\\\/diariotextual.com\\\/inicio\\\/index.php\\\/2023\\\/06\\\/16\\\/reconocen-al-espectaculo-infantil-canciones-para-mirar\\\/#primaryimage\",\"url\":\"https:\\\/\\\/diariotextual.com\\\/inicio\\\/wp-content\\\/uploads\\\/2021\\\/07\\\/teatrocancionesparamirar.jpg\",\"contentUrl\":\"https:\\\/\\\/diariotextual.com\\\/inicio\\\/wp-content\\\/uploads\\\/2021\\\/07\\\/teatrocancionesparamirar.jpg\",\"width\":792,\"height\":528},{\"@type\":\"BreadcrumbList\",\"@id\":\"https:\\\/\\\/diariotextual.com\\\/inicio\\\/index.php\\\/2023\\\/06\\\/16\\\/reconocen-al-espectaculo-infantil-canciones-para-mirar\\\/#breadcrumb\",\"itemListElement\":[{\"@type\":\"ListItem\",\"position\":1,\"name\":\"Portada\",\"item\":\"https:\\\/\\\/diariotextual.com\\\/inicio\\\/\"},{\"@type\":\"ListItem\",\"position\":2,\"name\":\"Reconocen al espect\u00e1culo infantil \u201cCanciones para mirar\u201d\"}]},{\"@type\":\"WebSite\",\"@id\":\"https:\\\/\\\/diariotextual.com\\\/inicio\\\/#website\",\"url\":\"https:\\\/\\\/diariotextual.com\\\/inicio\\\/\",\"name\":\"Diario Textual\",\"description\":\"\",\"publisher\":{\"@id\":\"https:\\\/\\\/diariotextual.com\\\/inicio\\\/#organization\"},\"potentialAction\":[{\"@type\":\"SearchAction\",\"target\":{\"@type\":\"EntryPoint\",\"urlTemplate\":\"https:\\\/\\\/diariotextual.com\\\/inicio\\\/?s={search_term_string}\"},\"query-input\":{\"@type\":\"PropertyValueSpecification\",\"valueRequired\":true,\"valueName\":\"search_term_string\"}}],\"inLanguage\":\"es\"},{\"@type\":\"Organization\",\"@id\":\"https:\\\/\\\/diariotextual.com\\\/inicio\\\/#organization\",\"name\":\"Diario Textual\",\"url\":\"https:\\\/\\\/diariotextual.com\\\/inicio\\\/\",\"logo\":{\"@type\":\"ImageObject\",\"inLanguage\":\"es\",\"@id\":\"https:\\\/\\\/diariotextual.com\\\/inicio\\\/#\\\/schema\\\/logo\\\/image\\\/\",\"url\":\"https:\\\/\\\/diariotextual.com\\\/inicio\\\/wp-content\\\/uploads\\\/2023\\\/05\\\/logotextual1.jpg\",\"contentUrl\":\"https:\\\/\\\/diariotextual.com\\\/inicio\\\/wp-content\\\/uploads\\\/2023\\\/05\\\/logotextual1.jpg\",\"width\":516,\"height\":76,\"caption\":\"Diario Textual\"},\"image\":{\"@id\":\"https:\\\/\\\/diariotextual.com\\\/inicio\\\/#\\\/schema\\\/logo\\\/image\\\/\"},\"sameAs\":[\"https:\\\/\\\/www.facebook.com\\\/eltextual\",\"https:\\\/\\\/x.com\\\/eltextual\",\"http:\\\/\\\/www.instagram.com\\\/eltextual\"]},{\"@type\":\"Person\",\"@id\":\"https:\\\/\\\/diariotextual.com\\\/inicio\\\/#\\\/schema\\\/person\\\/694f60677f23c4a530867a98f22b3768\",\"name\":\"diario2\",\"image\":{\"@type\":\"ImageObject\",\"inLanguage\":\"es\",\"@id\":\"https:\\\/\\\/secure.gravatar.com\\\/avatar\\\/5a2567495ba16b852fcd8f1ed006a2e24fcace936018ed8237e95f488ad6e0a7?s=96&d=mm&r=g\",\"url\":\"https:\\\/\\\/secure.gravatar.com\\\/avatar\\\/5a2567495ba16b852fcd8f1ed006a2e24fcace936018ed8237e95f488ad6e0a7?s=96&d=mm&r=g\",\"contentUrl\":\"https:\\\/\\\/secure.gravatar.com\\\/avatar\\\/5a2567495ba16b852fcd8f1ed006a2e24fcace936018ed8237e95f488ad6e0a7?s=96&d=mm&r=g\",\"caption\":\"diario2\"},\"url\":\"https:\\\/\\\/diariotextual.com\\\/inicio\\\/index.php\\\/author\\\/diario2\\\/\"}]}<\/script>\n<!-- \/ Yoast SEO plugin. -->","yoast_head_json":{"title":"Reconocen al espect\u00e1culo infantil \u201cCanciones para mirar\u201d - Diario Textual","robots":{"index":"index","follow":"follow","max-snippet":"max-snippet:-1","max-image-preview":"max-image-preview:large","max-video-preview":"max-video-preview:-1"},"canonical":"https:\/\/diariotextual.com\/inicio\/index.php\/2023\/06\/16\/reconocen-al-espectaculo-infantil-canciones-para-mirar\/","og_locale":"es_ES","og_type":"article","og_title":"Reconocen al espect\u00e1culo infantil \u201cCanciones para mirar\u201d - Diario Textual","og_description":"El espect\u00e1culo \u201cCanciones para mirar\u201d, del elenco de Santa Rosa \u201cDisfrazades de sol\u201d fue reconocido por los premios ATINA a la producci\u00f3n de artes esc\u00e9nicas para la infancia y la&hellip;","og_url":"https:\/\/diariotextual.com\/inicio\/index.php\/2023\/06\/16\/reconocen-al-espectaculo-infantil-canciones-para-mirar\/","og_site_name":"Diario Textual","article_publisher":"https:\/\/www.facebook.com\/eltextual","article_published_time":"2023-06-16T10:25:40+00:00","article_modified_time":"2023-06-16T10:25:42+00:00","og_image":[{"width":792,"height":528,"url":"https:\/\/diariotextual.com\/inicio\/wp-content\/uploads\/2021\/07\/teatrocancionesparamirar.jpg","type":"image\/jpeg"}],"author":"diario2","twitter_card":"summary_large_image","twitter_creator":"@eltextual","twitter_site":"@eltextual","twitter_misc":{"Escrito por":"diario2","Tiempo de lectura":"2 minutos"},"schema":{"@context":"https:\/\/schema.org","@graph":[{"@type":"Article","@id":"https:\/\/diariotextual.com\/inicio\/index.php\/2023\/06\/16\/reconocen-al-espectaculo-infantil-canciones-para-mirar\/#article","isPartOf":{"@id":"https:\/\/diariotextual.com\/inicio\/index.php\/2023\/06\/16\/reconocen-al-espectaculo-infantil-canciones-para-mirar\/"},"author":{"name":"diario2","@id":"https:\/\/diariotextual.com\/inicio\/#\/schema\/person\/694f60677f23c4a530867a98f22b3768"},"headline":"Reconocen al espect\u00e1culo infantil \u201cCanciones para mirar\u201d","datePublished":"2023-06-16T10:25:40+00:00","dateModified":"2023-06-16T10:25:42+00:00","mainEntityOfPage":{"@id":"https:\/\/diariotextual.com\/inicio\/index.php\/2023\/06\/16\/reconocen-al-espectaculo-infantil-canciones-para-mirar\/"},"wordCount":411,"publisher":{"@id":"https:\/\/diariotextual.com\/inicio\/#organization"},"image":{"@id":"https:\/\/diariotextual.com\/inicio\/index.php\/2023\/06\/16\/reconocen-al-espectaculo-infantil-canciones-para-mirar\/#primaryimage"},"thumbnailUrl":"https:\/\/diariotextual.com\/inicio\/wp-content\/uploads\/2021\/07\/teatrocancionesparamirar.jpg","articleSection":["A - ES NOTICIA (van abajo)","CULTURA"],"inLanguage":"es"},{"@type":"WebPage","@id":"https:\/\/diariotextual.com\/inicio\/index.php\/2023\/06\/16\/reconocen-al-espectaculo-infantil-canciones-para-mirar\/","url":"https:\/\/diariotextual.com\/inicio\/index.php\/2023\/06\/16\/reconocen-al-espectaculo-infantil-canciones-para-mirar\/","name":"Reconocen al espect\u00e1culo infantil \u201cCanciones para mirar\u201d - Diario Textual","isPartOf":{"@id":"https:\/\/diariotextual.com\/inicio\/#website"},"primaryImageOfPage":{"@id":"https:\/\/diariotextual.com\/inicio\/index.php\/2023\/06\/16\/reconocen-al-espectaculo-infantil-canciones-para-mirar\/#primaryimage"},"image":{"@id":"https:\/\/diariotextual.com\/inicio\/index.php\/2023\/06\/16\/reconocen-al-espectaculo-infantil-canciones-para-mirar\/#primaryimage"},"thumbnailUrl":"https:\/\/diariotextual.com\/inicio\/wp-content\/uploads\/2021\/07\/teatrocancionesparamirar.jpg","datePublished":"2023-06-16T10:25:40+00:00","dateModified":"2023-06-16T10:25:42+00:00","breadcrumb":{"@id":"https:\/\/diariotextual.com\/inicio\/index.php\/2023\/06\/16\/reconocen-al-espectaculo-infantil-canciones-para-mirar\/#breadcrumb"},"inLanguage":"es","potentialAction":[{"@type":"ReadAction","target":["https:\/\/diariotextual.com\/inicio\/index.php\/2023\/06\/16\/reconocen-al-espectaculo-infantil-canciones-para-mirar\/"]}]},{"@type":"ImageObject","inLanguage":"es","@id":"https:\/\/diariotextual.com\/inicio\/index.php\/2023\/06\/16\/reconocen-al-espectaculo-infantil-canciones-para-mirar\/#primaryimage","url":"https:\/\/diariotextual.com\/inicio\/wp-content\/uploads\/2021\/07\/teatrocancionesparamirar.jpg","contentUrl":"https:\/\/diariotextual.com\/inicio\/wp-content\/uploads\/2021\/07\/teatrocancionesparamirar.jpg","width":792,"height":528},{"@type":"BreadcrumbList","@id":"https:\/\/diariotextual.com\/inicio\/index.php\/2023\/06\/16\/reconocen-al-espectaculo-infantil-canciones-para-mirar\/#breadcrumb","itemListElement":[{"@type":"ListItem","position":1,"name":"Portada","item":"https:\/\/diariotextual.com\/inicio\/"},{"@type":"ListItem","position":2,"name":"Reconocen al espect\u00e1culo infantil \u201cCanciones para mirar\u201d"}]},{"@type":"WebSite","@id":"https:\/\/diariotextual.com\/inicio\/#website","url":"https:\/\/diariotextual.com\/inicio\/","name":"Diario Textual","description":"","publisher":{"@id":"https:\/\/diariotextual.com\/inicio\/#organization"},"potentialAction":[{"@type":"SearchAction","target":{"@type":"EntryPoint","urlTemplate":"https:\/\/diariotextual.com\/inicio\/?s={search_term_string}"},"query-input":{"@type":"PropertyValueSpecification","valueRequired":true,"valueName":"search_term_string"}}],"inLanguage":"es"},{"@type":"Organization","@id":"https:\/\/diariotextual.com\/inicio\/#organization","name":"Diario Textual","url":"https:\/\/diariotextual.com\/inicio\/","logo":{"@type":"ImageObject","inLanguage":"es","@id":"https:\/\/diariotextual.com\/inicio\/#\/schema\/logo\/image\/","url":"https:\/\/diariotextual.com\/inicio\/wp-content\/uploads\/2023\/05\/logotextual1.jpg","contentUrl":"https:\/\/diariotextual.com\/inicio\/wp-content\/uploads\/2023\/05\/logotextual1.jpg","width":516,"height":76,"caption":"Diario Textual"},"image":{"@id":"https:\/\/diariotextual.com\/inicio\/#\/schema\/logo\/image\/"},"sameAs":["https:\/\/www.facebook.com\/eltextual","https:\/\/x.com\/eltextual","http:\/\/www.instagram.com\/eltextual"]},{"@type":"Person","@id":"https:\/\/diariotextual.com\/inicio\/#\/schema\/person\/694f60677f23c4a530867a98f22b3768","name":"diario2","image":{"@type":"ImageObject","inLanguage":"es","@id":"https:\/\/secure.gravatar.com\/avatar\/5a2567495ba16b852fcd8f1ed006a2e24fcace936018ed8237e95f488ad6e0a7?s=96&d=mm&r=g","url":"https:\/\/secure.gravatar.com\/avatar\/5a2567495ba16b852fcd8f1ed006a2e24fcace936018ed8237e95f488ad6e0a7?s=96&d=mm&r=g","contentUrl":"https:\/\/secure.gravatar.com\/avatar\/5a2567495ba16b852fcd8f1ed006a2e24fcace936018ed8237e95f488ad6e0a7?s=96&d=mm&r=g","caption":"diario2"},"url":"https:\/\/diariotextual.com\/inicio\/index.php\/author\/diario2\/"}]}},"_links":{"self":[{"href":"https:\/\/diariotextual.com\/inicio\/index.php\/wp-json\/wp\/v2\/posts\/228587","targetHints":{"allow":["GET"]}}],"collection":[{"href":"https:\/\/diariotextual.com\/inicio\/index.php\/wp-json\/wp\/v2\/posts"}],"about":[{"href":"https:\/\/diariotextual.com\/inicio\/index.php\/wp-json\/wp\/v2\/types\/post"}],"author":[{"embeddable":true,"href":"https:\/\/diariotextual.com\/inicio\/index.php\/wp-json\/wp\/v2\/users\/4"}],"replies":[{"embeddable":true,"href":"https:\/\/diariotextual.com\/inicio\/index.php\/wp-json\/wp\/v2\/comments?post=228587"}],"version-history":[{"count":1,"href":"https:\/\/diariotextual.com\/inicio\/index.php\/wp-json\/wp\/v2\/posts\/228587\/revisions"}],"predecessor-version":[{"id":228588,"href":"https:\/\/diariotextual.com\/inicio\/index.php\/wp-json\/wp\/v2\/posts\/228587\/revisions\/228588"}],"wp:featuredmedia":[{"embeddable":true,"href":"https:\/\/diariotextual.com\/inicio\/index.php\/wp-json\/wp\/v2\/media\/153789"}],"wp:attachment":[{"href":"https:\/\/diariotextual.com\/inicio\/index.php\/wp-json\/wp\/v2\/media?parent=228587"}],"wp:term":[{"taxonomy":"category","embeddable":true,"href":"https:\/\/diariotextual.com\/inicio\/index.php\/wp-json\/wp\/v2\/categories?post=228587"},{"taxonomy":"post_tag","embeddable":true,"href":"https:\/\/diariotextual.com\/inicio\/index.php\/wp-json\/wp\/v2\/tags?post=228587"}],"curies":[{"name":"wp","href":"https:\/\/api.w.org\/{rel}","templated":true}]}}