{"id":229010,"date":"2023-06-21T16:49:24","date_gmt":"2023-06-21T19:49:24","guid":{"rendered":"https:\/\/diariotextual.com\/inicio\/?p=229010"},"modified":"2023-06-22T07:33:22","modified_gmt":"2023-06-22T10:33:22","slug":"un-empleado-municipal-condenado-por-abusos","status":"publish","type":"post","link":"https:\/\/diariotextual.com\/inicio\/index.php\/2023\/06\/21\/un-empleado-municipal-condenado-por-abusos\/","title":{"rendered":"Un empleado municipal condenado por abusos"},"content":{"rendered":"\n<p>Un empleado municipal fue condenado hoy a tres a\u00f1os de prisi\u00f3n de ejecuci\u00f3n condicional por ser autor del delito de abuso sexual simple, mediando abuso coactivo o intimidatorio de una relaci\u00f3n de dependencia, de autoridad o de poder o aprovech\u00e1ndose de que la v\u00edctima por cualquier causa no haya podido consentir libremente la acci\u00f3n; agravado por haber sido cometido contra una menor aprovechando la situaci\u00f3n de convivencia preexistente con el mismo como delito continuado.<\/p>\n\n\n\n<p>La v\u00edctima fue una hija de la expareja del imputado y la jueza de control santarrose\u00f1a, Paola Frigerio, enmarc\u00f3 los hechos en las leyes 26485 de Protecci\u00f3n integral contras las mujeres y 26061 de Protecci\u00f3n integral de los derechos de las ni\u00f1as, ni\u00f1os y adolescentes.<\/p>\n\n\n\n<p>Con las pruebas reunidas durante la investigaci\u00f3n fiscal preparatoria qued\u00f3 probado que el acusado, de 35 a\u00f1os, efectu\u00f3 tocamientos a la ni\u00f1a, en forma continuada, desde que ten\u00eda 11 a\u00f1os y hasta los 13. Las agresiones sexuales ocurrieron en el domicilio donde conviv\u00eda el grupo familiar en una localidad del interior provincial.<\/p>\n\n\n\n<p>El conflicto penal se resolvi\u00f3 por la v\u00eda alternativa del juicio abreviado, presentado en forma conjunta por la fiscala Ver\u00f3nica Ferrero; la defensora oficial Paula Arrigone; la asesora de Ni\u00f1as, Ni\u00f1os y Adolescentes, Graciela Massara; y el empleado municipal, que acept\u00f3 su culpabilidad. Tambi\u00e9n dio su consentimiento la madre de la ni\u00f1a \u2013que se present\u00f3 como querellante en el expediente\u2013, luego de que se le informaran los alcances del acuerdo.<\/p>\n\n\n\n<p>M\u00e1s all\u00e1 del reconocimiento efectuado por el imputado, Frigerio dio por acreditados los abusos a partir de la denuncia de la progenitora, la declaraci\u00f3n de la v\u00edctima en C\u00e1mara Gesell y el informe del psic\u00f3logo que la entrevist\u00f3, entre otras pruebas.<\/p>\n\n\n\n<p>Por otra lado, la jueza le impuso al acusado el cumplimiento de las siguientes reglas de conducta durante tres a\u00f1os: fijar residencia y no ausentarse de ella sin autorizaci\u00f3n; someterse al control de la Unidad de Abordaje, Orientaci\u00f3n y Supervisi\u00f3n de personas en conflicto con la ley penal; no acercarse a menos de 200 metros de la ni\u00f1a ni de su domicilio; no molestarla por cualquier medio ni por interp\u00f3sitas personas; y realizar un tratamiento psicol\u00f3gico.\u200b<\/p>\n","protected":false},"excerpt":{"rendered":"<p>Un empleado municipal fue condenado hoy a tres a\u00f1os de prisi\u00f3n de ejecuci\u00f3n condicional por ser autor del delito de abuso sexual simple, mediando abuso coactivo o intimidatorio de una&hellip;<\/p>\n","protected":false},"author":4,"featured_media":138045,"comment_status":"closed","ping_status":"open","sticky":false,"template":"","format":"standard","meta":{"_acf_changed":false,"footnotes":""},"categories":[1,11,12],"tags":[],"class_list":["post-229010","post","type-post","status-publish","format-standard","has-post-thumbnail","hentry","category-es-noticia","category-que-pasa","category-sociedad"],"acf":[],"yoast_head":"<!-- This site is optimized with the Yoast SEO plugin v27.5 - https:\/\/yoast.com\/product\/yoast-seo-wordpress\/ -->\n<title>Un empleado municipal condenado por abusos - Diario Textual<\/title>\n<meta name=\"robots\" content=\"index, follow, max-snippet:-1, max-image-preview:large, max-video-preview:-1\" \/>\n<link rel=\"canonical\" href=\"https:\/\/diariotextual.com\/inicio\/index.php\/2023\/06\/21\/un-empleado-municipal-condenado-por-abusos\/\" \/>\n<meta property=\"og:locale\" content=\"es_ES\" \/>\n<meta property=\"og:type\" content=\"article\" \/>\n<meta property=\"og:title\" content=\"Un empleado municipal condenado por abusos - Diario Textual\" \/>\n<meta property=\"og:description\" content=\"Un empleado municipal fue condenado hoy a tres a\u00f1os de prisi\u00f3n de ejecuci\u00f3n condicional por ser autor del delito de abuso sexual simple, mediando abuso coactivo o intimidatorio de una&hellip;\" \/>\n<meta property=\"og:url\" content=\"https:\/\/diariotextual.com\/inicio\/index.php\/2023\/06\/21\/un-empleado-municipal-condenado-por-abusos\/\" \/>\n<meta property=\"og:site_name\" content=\"Diario Textual\" \/>\n<meta property=\"article:publisher\" content=\"https:\/\/www.facebook.com\/eltextual\" \/>\n<meta property=\"article:published_time\" content=\"2023-06-21T19:49:24+00:00\" \/>\n<meta property=\"article:modified_time\" content=\"2023-06-22T10:33:22+00:00\" \/>\n<meta property=\"og:image\" content=\"https:\/\/diariotextual.com\/inicio\/wp-content\/uploads\/2021\/03\/centrojudicialsr.jpg\" \/>\n\t<meta property=\"og:image:width\" content=\"700\" \/>\n\t<meta property=\"og:image:height\" content=\"417\" \/>\n\t<meta property=\"og:image:type\" content=\"image\/jpeg\" \/>\n<meta name=\"author\" content=\"diario2\" \/>\n<meta name=\"twitter:card\" content=\"summary_large_image\" \/>\n<meta name=\"twitter:creator\" content=\"@eltextual\" \/>\n<meta name=\"twitter:site\" content=\"@eltextual\" \/>\n<meta name=\"twitter:label1\" content=\"Escrito por\" \/>\n\t<meta name=\"twitter:data1\" content=\"diario2\" \/>\n\t<meta name=\"twitter:label2\" content=\"Tiempo de lectura\" \/>\n\t<meta name=\"twitter:data2\" content=\"2 minutos\" \/>\n<script type=\"application\/ld+json\" class=\"yoast-schema-graph\">{\"@context\":\"https:\\\/\\\/schema.org\",\"@graph\":[{\"@type\":\"Article\",\"@id\":\"https:\\\/\\\/diariotextual.com\\\/inicio\\\/index.php\\\/2023\\\/06\\\/21\\\/un-empleado-municipal-condenado-por-abusos\\\/#article\",\"isPartOf\":{\"@id\":\"https:\\\/\\\/diariotextual.com\\\/inicio\\\/index.php\\\/2023\\\/06\\\/21\\\/un-empleado-municipal-condenado-por-abusos\\\/\"},\"author\":{\"name\":\"diario2\",\"@id\":\"https:\\\/\\\/diariotextual.com\\\/inicio\\\/#\\\/schema\\\/person\\\/694f60677f23c4a530867a98f22b3768\"},\"headline\":\"Un empleado municipal condenado por abusos\",\"datePublished\":\"2023-06-21T19:49:24+00:00\",\"dateModified\":\"2023-06-22T10:33:22+00:00\",\"mainEntityOfPage\":{\"@id\":\"https:\\\/\\\/diariotextual.com\\\/inicio\\\/index.php\\\/2023\\\/06\\\/21\\\/un-empleado-municipal-condenado-por-abusos\\\/\"},\"wordCount\":396,\"publisher\":{\"@id\":\"https:\\\/\\\/diariotextual.com\\\/inicio\\\/#organization\"},\"image\":{\"@id\":\"https:\\\/\\\/diariotextual.com\\\/inicio\\\/index.php\\\/2023\\\/06\\\/21\\\/un-empleado-municipal-condenado-por-abusos\\\/#primaryimage\"},\"thumbnailUrl\":\"https:\\\/\\\/diariotextual.com\\\/inicio\\\/wp-content\\\/uploads\\\/2021\\\/03\\\/centrojudicialsr.jpg\",\"articleSection\":[\"A - ES NOTICIA (van abajo)\",\"A - QUE PASA (al costado)\",\"SOCIEDAD\"],\"inLanguage\":\"es\"},{\"@type\":\"WebPage\",\"@id\":\"https:\\\/\\\/diariotextual.com\\\/inicio\\\/index.php\\\/2023\\\/06\\\/21\\\/un-empleado-municipal-condenado-por-abusos\\\/\",\"url\":\"https:\\\/\\\/diariotextual.com\\\/inicio\\\/index.php\\\/2023\\\/06\\\/21\\\/un-empleado-municipal-condenado-por-abusos\\\/\",\"name\":\"Un empleado municipal condenado por abusos - Diario Textual\",\"isPartOf\":{\"@id\":\"https:\\\/\\\/diariotextual.com\\\/inicio\\\/#website\"},\"primaryImageOfPage\":{\"@id\":\"https:\\\/\\\/diariotextual.com\\\/inicio\\\/index.php\\\/2023\\\/06\\\/21\\\/un-empleado-municipal-condenado-por-abusos\\\/#primaryimage\"},\"image\":{\"@id\":\"https:\\\/\\\/diariotextual.com\\\/inicio\\\/index.php\\\/2023\\\/06\\\/21\\\/un-empleado-municipal-condenado-por-abusos\\\/#primaryimage\"},\"thumbnailUrl\":\"https:\\\/\\\/diariotextual.com\\\/inicio\\\/wp-content\\\/uploads\\\/2021\\\/03\\\/centrojudicialsr.jpg\",\"datePublished\":\"2023-06-21T19:49:24+00:00\",\"dateModified\":\"2023-06-22T10:33:22+00:00\",\"breadcrumb\":{\"@id\":\"https:\\\/\\\/diariotextual.com\\\/inicio\\\/index.php\\\/2023\\\/06\\\/21\\\/un-empleado-municipal-condenado-por-abusos\\\/#breadcrumb\"},\"inLanguage\":\"es\",\"potentialAction\":[{\"@type\":\"ReadAction\",\"target\":[\"https:\\\/\\\/diariotextual.com\\\/inicio\\\/index.php\\\/2023\\\/06\\\/21\\\/un-empleado-municipal-condenado-por-abusos\\\/\"]}]},{\"@type\":\"ImageObject\",\"inLanguage\":\"es\",\"@id\":\"https:\\\/\\\/diariotextual.com\\\/inicio\\\/index.php\\\/2023\\\/06\\\/21\\\/un-empleado-municipal-condenado-por-abusos\\\/#primaryimage\",\"url\":\"https:\\\/\\\/diariotextual.com\\\/inicio\\\/wp-content\\\/uploads\\\/2021\\\/03\\\/centrojudicialsr.jpg\",\"contentUrl\":\"https:\\\/\\\/diariotextual.com\\\/inicio\\\/wp-content\\\/uploads\\\/2021\\\/03\\\/centrojudicialsr.jpg\",\"width\":700,\"height\":417},{\"@type\":\"BreadcrumbList\",\"@id\":\"https:\\\/\\\/diariotextual.com\\\/inicio\\\/index.php\\\/2023\\\/06\\\/21\\\/un-empleado-municipal-condenado-por-abusos\\\/#breadcrumb\",\"itemListElement\":[{\"@type\":\"ListItem\",\"position\":1,\"name\":\"Portada\",\"item\":\"https:\\\/\\\/diariotextual.com\\\/inicio\\\/\"},{\"@type\":\"ListItem\",\"position\":2,\"name\":\"Un empleado municipal condenado por abusos\"}]},{\"@type\":\"WebSite\",\"@id\":\"https:\\\/\\\/diariotextual.com\\\/inicio\\\/#website\",\"url\":\"https:\\\/\\\/diariotextual.com\\\/inicio\\\/\",\"name\":\"Diario Textual\",\"description\":\"\",\"publisher\":{\"@id\":\"https:\\\/\\\/diariotextual.com\\\/inicio\\\/#organization\"},\"potentialAction\":[{\"@type\":\"SearchAction\",\"target\":{\"@type\":\"EntryPoint\",\"urlTemplate\":\"https:\\\/\\\/diariotextual.com\\\/inicio\\\/?s={search_term_string}\"},\"query-input\":{\"@type\":\"PropertyValueSpecification\",\"valueRequired\":true,\"valueName\":\"search_term_string\"}}],\"inLanguage\":\"es\"},{\"@type\":\"Organization\",\"@id\":\"https:\\\/\\\/diariotextual.com\\\/inicio\\\/#organization\",\"name\":\"Diario Textual\",\"url\":\"https:\\\/\\\/diariotextual.com\\\/inicio\\\/\",\"logo\":{\"@type\":\"ImageObject\",\"inLanguage\":\"es\",\"@id\":\"https:\\\/\\\/diariotextual.com\\\/inicio\\\/#\\\/schema\\\/logo\\\/image\\\/\",\"url\":\"https:\\\/\\\/diariotextual.com\\\/inicio\\\/wp-content\\\/uploads\\\/2023\\\/05\\\/logotextual1.jpg\",\"contentUrl\":\"https:\\\/\\\/diariotextual.com\\\/inicio\\\/wp-content\\\/uploads\\\/2023\\\/05\\\/logotextual1.jpg\",\"width\":516,\"height\":76,\"caption\":\"Diario Textual\"},\"image\":{\"@id\":\"https:\\\/\\\/diariotextual.com\\\/inicio\\\/#\\\/schema\\\/logo\\\/image\\\/\"},\"sameAs\":[\"https:\\\/\\\/www.facebook.com\\\/eltextual\",\"https:\\\/\\\/x.com\\\/eltextual\",\"http:\\\/\\\/www.instagram.com\\\/eltextual\"]},{\"@type\":\"Person\",\"@id\":\"https:\\\/\\\/diariotextual.com\\\/inicio\\\/#\\\/schema\\\/person\\\/694f60677f23c4a530867a98f22b3768\",\"name\":\"diario2\",\"image\":{\"@type\":\"ImageObject\",\"inLanguage\":\"es\",\"@id\":\"https:\\\/\\\/secure.gravatar.com\\\/avatar\\\/5a2567495ba16b852fcd8f1ed006a2e24fcace936018ed8237e95f488ad6e0a7?s=96&d=mm&r=g\",\"url\":\"https:\\\/\\\/secure.gravatar.com\\\/avatar\\\/5a2567495ba16b852fcd8f1ed006a2e24fcace936018ed8237e95f488ad6e0a7?s=96&d=mm&r=g\",\"contentUrl\":\"https:\\\/\\\/secure.gravatar.com\\\/avatar\\\/5a2567495ba16b852fcd8f1ed006a2e24fcace936018ed8237e95f488ad6e0a7?s=96&d=mm&r=g\",\"caption\":\"diario2\"},\"url\":\"https:\\\/\\\/diariotextual.com\\\/inicio\\\/index.php\\\/author\\\/diario2\\\/\"}]}<\/script>\n<!-- \/ Yoast SEO plugin. -->","yoast_head_json":{"title":"Un empleado municipal condenado por abusos - Diario Textual","robots":{"index":"index","follow":"follow","max-snippet":"max-snippet:-1","max-image-preview":"max-image-preview:large","max-video-preview":"max-video-preview:-1"},"canonical":"https:\/\/diariotextual.com\/inicio\/index.php\/2023\/06\/21\/un-empleado-municipal-condenado-por-abusos\/","og_locale":"es_ES","og_type":"article","og_title":"Un empleado municipal condenado por abusos - Diario Textual","og_description":"Un empleado municipal fue condenado hoy a tres a\u00f1os de prisi\u00f3n de ejecuci\u00f3n condicional por ser autor del delito de abuso sexual simple, mediando abuso coactivo o intimidatorio de una&hellip;","og_url":"https:\/\/diariotextual.com\/inicio\/index.php\/2023\/06\/21\/un-empleado-municipal-condenado-por-abusos\/","og_site_name":"Diario Textual","article_publisher":"https:\/\/www.facebook.com\/eltextual","article_published_time":"2023-06-21T19:49:24+00:00","article_modified_time":"2023-06-22T10:33:22+00:00","og_image":[{"width":700,"height":417,"url":"https:\/\/diariotextual.com\/inicio\/wp-content\/uploads\/2021\/03\/centrojudicialsr.jpg","type":"image\/jpeg"}],"author":"diario2","twitter_card":"summary_large_image","twitter_creator":"@eltextual","twitter_site":"@eltextual","twitter_misc":{"Escrito por":"diario2","Tiempo de lectura":"2 minutos"},"schema":{"@context":"https:\/\/schema.org","@graph":[{"@type":"Article","@id":"https:\/\/diariotextual.com\/inicio\/index.php\/2023\/06\/21\/un-empleado-municipal-condenado-por-abusos\/#article","isPartOf":{"@id":"https:\/\/diariotextual.com\/inicio\/index.php\/2023\/06\/21\/un-empleado-municipal-condenado-por-abusos\/"},"author":{"name":"diario2","@id":"https:\/\/diariotextual.com\/inicio\/#\/schema\/person\/694f60677f23c4a530867a98f22b3768"},"headline":"Un empleado municipal condenado por abusos","datePublished":"2023-06-21T19:49:24+00:00","dateModified":"2023-06-22T10:33:22+00:00","mainEntityOfPage":{"@id":"https:\/\/diariotextual.com\/inicio\/index.php\/2023\/06\/21\/un-empleado-municipal-condenado-por-abusos\/"},"wordCount":396,"publisher":{"@id":"https:\/\/diariotextual.com\/inicio\/#organization"},"image":{"@id":"https:\/\/diariotextual.com\/inicio\/index.php\/2023\/06\/21\/un-empleado-municipal-condenado-por-abusos\/#primaryimage"},"thumbnailUrl":"https:\/\/diariotextual.com\/inicio\/wp-content\/uploads\/2021\/03\/centrojudicialsr.jpg","articleSection":["A - ES NOTICIA (van abajo)","A - QUE PASA (al costado)","SOCIEDAD"],"inLanguage":"es"},{"@type":"WebPage","@id":"https:\/\/diariotextual.com\/inicio\/index.php\/2023\/06\/21\/un-empleado-municipal-condenado-por-abusos\/","url":"https:\/\/diariotextual.com\/inicio\/index.php\/2023\/06\/21\/un-empleado-municipal-condenado-por-abusos\/","name":"Un empleado municipal condenado por abusos - Diario Textual","isPartOf":{"@id":"https:\/\/diariotextual.com\/inicio\/#website"},"primaryImageOfPage":{"@id":"https:\/\/diariotextual.com\/inicio\/index.php\/2023\/06\/21\/un-empleado-municipal-condenado-por-abusos\/#primaryimage"},"image":{"@id":"https:\/\/diariotextual.com\/inicio\/index.php\/2023\/06\/21\/un-empleado-municipal-condenado-por-abusos\/#primaryimage"},"thumbnailUrl":"https:\/\/diariotextual.com\/inicio\/wp-content\/uploads\/2021\/03\/centrojudicialsr.jpg","datePublished":"2023-06-21T19:49:24+00:00","dateModified":"2023-06-22T10:33:22+00:00","breadcrumb":{"@id":"https:\/\/diariotextual.com\/inicio\/index.php\/2023\/06\/21\/un-empleado-municipal-condenado-por-abusos\/#breadcrumb"},"inLanguage":"es","potentialAction":[{"@type":"ReadAction","target":["https:\/\/diariotextual.com\/inicio\/index.php\/2023\/06\/21\/un-empleado-municipal-condenado-por-abusos\/"]}]},{"@type":"ImageObject","inLanguage":"es","@id":"https:\/\/diariotextual.com\/inicio\/index.php\/2023\/06\/21\/un-empleado-municipal-condenado-por-abusos\/#primaryimage","url":"https:\/\/diariotextual.com\/inicio\/wp-content\/uploads\/2021\/03\/centrojudicialsr.jpg","contentUrl":"https:\/\/diariotextual.com\/inicio\/wp-content\/uploads\/2021\/03\/centrojudicialsr.jpg","width":700,"height":417},{"@type":"BreadcrumbList","@id":"https:\/\/diariotextual.com\/inicio\/index.php\/2023\/06\/21\/un-empleado-municipal-condenado-por-abusos\/#breadcrumb","itemListElement":[{"@type":"ListItem","position":1,"name":"Portada","item":"https:\/\/diariotextual.com\/inicio\/"},{"@type":"ListItem","position":2,"name":"Un empleado municipal condenado por abusos"}]},{"@type":"WebSite","@id":"https:\/\/diariotextual.com\/inicio\/#website","url":"https:\/\/diariotextual.com\/inicio\/","name":"Diario Textual","description":"","publisher":{"@id":"https:\/\/diariotextual.com\/inicio\/#organization"},"potentialAction":[{"@type":"SearchAction","target":{"@type":"EntryPoint","urlTemplate":"https:\/\/diariotextual.com\/inicio\/?s={search_term_string}"},"query-input":{"@type":"PropertyValueSpecification","valueRequired":true,"valueName":"search_term_string"}}],"inLanguage":"es"},{"@type":"Organization","@id":"https:\/\/diariotextual.com\/inicio\/#organization","name":"Diario Textual","url":"https:\/\/diariotextual.com\/inicio\/","logo":{"@type":"ImageObject","inLanguage":"es","@id":"https:\/\/diariotextual.com\/inicio\/#\/schema\/logo\/image\/","url":"https:\/\/diariotextual.com\/inicio\/wp-content\/uploads\/2023\/05\/logotextual1.jpg","contentUrl":"https:\/\/diariotextual.com\/inicio\/wp-content\/uploads\/2023\/05\/logotextual1.jpg","width":516,"height":76,"caption":"Diario Textual"},"image":{"@id":"https:\/\/diariotextual.com\/inicio\/#\/schema\/logo\/image\/"},"sameAs":["https:\/\/www.facebook.com\/eltextual","https:\/\/x.com\/eltextual","http:\/\/www.instagram.com\/eltextual"]},{"@type":"Person","@id":"https:\/\/diariotextual.com\/inicio\/#\/schema\/person\/694f60677f23c4a530867a98f22b3768","name":"diario2","image":{"@type":"ImageObject","inLanguage":"es","@id":"https:\/\/secure.gravatar.com\/avatar\/5a2567495ba16b852fcd8f1ed006a2e24fcace936018ed8237e95f488ad6e0a7?s=96&d=mm&r=g","url":"https:\/\/secure.gravatar.com\/avatar\/5a2567495ba16b852fcd8f1ed006a2e24fcace936018ed8237e95f488ad6e0a7?s=96&d=mm&r=g","contentUrl":"https:\/\/secure.gravatar.com\/avatar\/5a2567495ba16b852fcd8f1ed006a2e24fcace936018ed8237e95f488ad6e0a7?s=96&d=mm&r=g","caption":"diario2"},"url":"https:\/\/diariotextual.com\/inicio\/index.php\/author\/diario2\/"}]}},"_links":{"self":[{"href":"https:\/\/diariotextual.com\/inicio\/index.php\/wp-json\/wp\/v2\/posts\/229010","targetHints":{"allow":["GET"]}}],"collection":[{"href":"https:\/\/diariotextual.com\/inicio\/index.php\/wp-json\/wp\/v2\/posts"}],"about":[{"href":"https:\/\/diariotextual.com\/inicio\/index.php\/wp-json\/wp\/v2\/types\/post"}],"author":[{"embeddable":true,"href":"https:\/\/diariotextual.com\/inicio\/index.php\/wp-json\/wp\/v2\/users\/4"}],"replies":[{"embeddable":true,"href":"https:\/\/diariotextual.com\/inicio\/index.php\/wp-json\/wp\/v2\/comments?post=229010"}],"version-history":[{"count":1,"href":"https:\/\/diariotextual.com\/inicio\/index.php\/wp-json\/wp\/v2\/posts\/229010\/revisions"}],"predecessor-version":[{"id":229011,"href":"https:\/\/diariotextual.com\/inicio\/index.php\/wp-json\/wp\/v2\/posts\/229010\/revisions\/229011"}],"wp:featuredmedia":[{"embeddable":true,"href":"https:\/\/diariotextual.com\/inicio\/index.php\/wp-json\/wp\/v2\/media\/138045"}],"wp:attachment":[{"href":"https:\/\/diariotextual.com\/inicio\/index.php\/wp-json\/wp\/v2\/media?parent=229010"}],"wp:term":[{"taxonomy":"category","embeddable":true,"href":"https:\/\/diariotextual.com\/inicio\/index.php\/wp-json\/wp\/v2\/categories?post=229010"},{"taxonomy":"post_tag","embeddable":true,"href":"https:\/\/diariotextual.com\/inicio\/index.php\/wp-json\/wp\/v2\/tags?post=229010"}],"curies":[{"name":"wp","href":"https:\/\/api.w.org\/{rel}","templated":true}]}}