{"id":229078,"date":"2023-06-22T13:22:38","date_gmt":"2023-06-22T16:22:38","guid":{"rendered":"https:\/\/diariotextual.com\/inicio\/?p=229078"},"modified":"2023-06-22T18:28:50","modified_gmt":"2023-06-22T21:28:50","slug":"feria-cannabica-y-presentacion-de-un-libro-en-santa-rosa","status":"publish","type":"post","link":"https:\/\/diariotextual.com\/inicio\/index.php\/2023\/06\/22\/feria-cannabica-y-presentacion-de-un-libro-en-santa-rosa\/","title":{"rendered":"Feria cann\u00e1bica y presentaci\u00f3n de un libro en Santa Rosa"},"content":{"rendered":"\n<p>Este s\u00e1bado 24 de junio se desarrollar\u00e1 en\u00a0el\u00a0Centro Municipal de Cultura de Santa Rosa, en Quintana 172,\u00a0una <strong>jornada cann\u00e1bica con la presentaci\u00f3n de un libro y la realizaci\u00f3n de una feria con varios stands vinculados a esta tem\u00e1tica<\/strong>.\u00a0La jornada es organizada por la CPE y tendr\u00e1 lugar desde las 13 hasta las 18 horas.<br><br>A\u00a0las 16 horas el profesor en Ciencias Biol\u00f3gicas <strong>Daniel Oliveto presentar\u00e1 su libro \u201cCannabis: historia, cultivo y uso terap\u00e9utico\u201d,<\/strong> en el auditorio \u201cJuan Carlos Bustriazo Ortiz\u201d, del mismo CMC. En tanto, con inicio a las 13 y cierre a las 18, en el hall principal se podr\u00e1 visitar una feria con numerosos stands representativos de emprendimientos relacionados con el uso terap\u00e9utico del cannabis.<br><br>Daniel Oliveto es profesor en Ciencias Biol\u00f3gicas, docente investigador y coordinador de la c\u00e1tedra \u201cAbordaje interdisciplinario del Cannabis\u201d, dependiente del rectorado de la Universidad Nacional de La Pampa. Junto al presidente de la CPE, Alfredo Carrascal, presentaron e invitaron a participar de esta jornada.<br><br>Oliveto fue gestor en 2012 en Santa Rosa de la primera tienda dedicada al asesoramiento sobre el cultivo de cannabis con fines medicinales. El libro de su autor\u00eda se edit\u00f3 en 2017 y este s\u00e1bado presentar\u00e1 la segunda edici\u00f3n, publicada el a\u00f1o pasado, revisada y que incorpora todas las nuevas normas legales nacionales sobre autocultivo. La obra aborda aspectos sobre historia, cultivo y uso terap\u00e9utico de la planta Cannabis sativa, impulsado por la Ley 27350, que reconoce el empleo de la planta y su producci\u00f3n con fines medicinales y de investigaci\u00f3n cient\u00edfica.<br><br>Entre los expositores que han comprometido su presencia se encuentran: Santa Verde Growshop, Pampa F\u00e9rtil Santa Rosa, Pampa F\u00e9rtil General Pico, Atenea Growshop, The Planet Growshop, Tardis Growshop, Arte Niba \u2013 Les pipes, Go tokio, Toxic Club, Sol Catriel, Las Gatas, Artesan\u00edas en madera \u201cChino\u201d Ponce y No.arttrece.<br><br>La actividad se iba a realizar originalmente en el espacio cultural \u201cAntonio Skara\u201d y en la placita \u201cLos Abuelos\u201d de la CPE pero, ante el pron\u00f3stico de condiciones clim\u00e1ticas adversas, las autoridades del Centro Municipal de Cultura de Santa Rosa han predispuesto su colaboraci\u00f3n para el cambio de lugar.<\/p>\n","protected":false},"excerpt":{"rendered":"<p>Este s\u00e1bado 24 de junio se desarrollar\u00e1 en\u00a0el\u00a0Centro Municipal de Cultura de Santa Rosa, en Quintana 172,\u00a0una jornada cann\u00e1bica con la presentaci\u00f3n de un libro y la realizaci\u00f3n de una&hellip;<\/p>\n","protected":false},"author":4,"featured_media":186918,"comment_status":"closed","ping_status":"open","sticky":false,"template":"","format":"standard","meta":{"_acf_changed":false,"footnotes":""},"categories":[1,11,12],"tags":[315,504],"class_list":["post-229078","post","type-post","status-publish","format-standard","has-post-thumbnail","hentry","category-es-noticia","category-que-pasa","category-sociedad","tag-cannabis","tag-cannabis-medicinal"],"acf":[],"yoast_head":"<!-- This site is optimized with the Yoast SEO plugin v27.5 - https:\/\/yoast.com\/product\/yoast-seo-wordpress\/ -->\n<title>Feria cann\u00e1bica y presentaci\u00f3n de un libro en Santa Rosa - Diario Textual<\/title>\n<meta name=\"robots\" content=\"index, follow, max-snippet:-1, max-image-preview:large, max-video-preview:-1\" \/>\n<link rel=\"canonical\" href=\"https:\/\/diariotextual.com\/inicio\/index.php\/2023\/06\/22\/feria-cannabica-y-presentacion-de-un-libro-en-santa-rosa\/\" \/>\n<meta property=\"og:locale\" content=\"es_ES\" \/>\n<meta property=\"og:type\" content=\"article\" \/>\n<meta property=\"og:title\" content=\"Feria cann\u00e1bica y presentaci\u00f3n de un libro en Santa Rosa - Diario Textual\" \/>\n<meta property=\"og:description\" content=\"Este s\u00e1bado 24 de junio se desarrollar\u00e1 en\u00a0el\u00a0Centro Municipal de Cultura de Santa Rosa, en Quintana 172,\u00a0una jornada cann\u00e1bica con la presentaci\u00f3n de un libro y la realizaci\u00f3n de una&hellip;\" \/>\n<meta property=\"og:url\" content=\"https:\/\/diariotextual.com\/inicio\/index.php\/2023\/06\/22\/feria-cannabica-y-presentacion-de-un-libro-en-santa-rosa\/\" \/>\n<meta property=\"og:site_name\" content=\"Diario Textual\" \/>\n<meta property=\"article:publisher\" content=\"https:\/\/www.facebook.com\/eltextual\" \/>\n<meta property=\"article:published_time\" content=\"2023-06-22T16:22:38+00:00\" \/>\n<meta property=\"article:modified_time\" content=\"2023-06-22T21:28:50+00:00\" \/>\n<meta property=\"og:image\" content=\"https:\/\/diariotextual.com\/inicio\/wp-content\/uploads\/2022\/04\/cannabismedicinaltelam10.jpg\" \/>\n\t<meta property=\"og:image:width\" content=\"900\" \/>\n\t<meta property=\"og:image:height\" content=\"506\" \/>\n\t<meta property=\"og:image:type\" content=\"image\/jpeg\" \/>\n<meta name=\"author\" content=\"diario2\" \/>\n<meta name=\"twitter:card\" content=\"summary_large_image\" \/>\n<meta name=\"twitter:creator\" content=\"@eltextual\" \/>\n<meta name=\"twitter:site\" content=\"@eltextual\" \/>\n<meta name=\"twitter:label1\" content=\"Escrito por\" \/>\n\t<meta name=\"twitter:data1\" content=\"diario2\" \/>\n\t<meta name=\"twitter:label2\" content=\"Tiempo de lectura\" \/>\n\t<meta name=\"twitter:data2\" content=\"2 minutos\" \/>\n<script type=\"application\/ld+json\" class=\"yoast-schema-graph\">{\"@context\":\"https:\\\/\\\/schema.org\",\"@graph\":[{\"@type\":\"Article\",\"@id\":\"https:\\\/\\\/diariotextual.com\\\/inicio\\\/index.php\\\/2023\\\/06\\\/22\\\/feria-cannabica-y-presentacion-de-un-libro-en-santa-rosa\\\/#article\",\"isPartOf\":{\"@id\":\"https:\\\/\\\/diariotextual.com\\\/inicio\\\/index.php\\\/2023\\\/06\\\/22\\\/feria-cannabica-y-presentacion-de-un-libro-en-santa-rosa\\\/\"},\"author\":{\"name\":\"diario2\",\"@id\":\"https:\\\/\\\/diariotextual.com\\\/inicio\\\/#\\\/schema\\\/person\\\/694f60677f23c4a530867a98f22b3768\"},\"headline\":\"Feria cann\u00e1bica y presentaci\u00f3n de un libro en Santa Rosa\",\"datePublished\":\"2023-06-22T16:22:38+00:00\",\"dateModified\":\"2023-06-22T21:28:50+00:00\",\"mainEntityOfPage\":{\"@id\":\"https:\\\/\\\/diariotextual.com\\\/inicio\\\/index.php\\\/2023\\\/06\\\/22\\\/feria-cannabica-y-presentacion-de-un-libro-en-santa-rosa\\\/\"},\"wordCount\":381,\"publisher\":{\"@id\":\"https:\\\/\\\/diariotextual.com\\\/inicio\\\/#organization\"},\"image\":{\"@id\":\"https:\\\/\\\/diariotextual.com\\\/inicio\\\/index.php\\\/2023\\\/06\\\/22\\\/feria-cannabica-y-presentacion-de-un-libro-en-santa-rosa\\\/#primaryimage\"},\"thumbnailUrl\":\"https:\\\/\\\/diariotextual.com\\\/inicio\\\/wp-content\\\/uploads\\\/2022\\\/04\\\/cannabismedicinaltelam10.jpg\",\"keywords\":[\"cannabis\",\"cannabis medicinal\"],\"articleSection\":[\"A - ES NOTICIA (van abajo)\",\"A - QUE PASA (al costado)\",\"SOCIEDAD\"],\"inLanguage\":\"es\"},{\"@type\":\"WebPage\",\"@id\":\"https:\\\/\\\/diariotextual.com\\\/inicio\\\/index.php\\\/2023\\\/06\\\/22\\\/feria-cannabica-y-presentacion-de-un-libro-en-santa-rosa\\\/\",\"url\":\"https:\\\/\\\/diariotextual.com\\\/inicio\\\/index.php\\\/2023\\\/06\\\/22\\\/feria-cannabica-y-presentacion-de-un-libro-en-santa-rosa\\\/\",\"name\":\"Feria cann\u00e1bica y presentaci\u00f3n de un libro en Santa Rosa - Diario Textual\",\"isPartOf\":{\"@id\":\"https:\\\/\\\/diariotextual.com\\\/inicio\\\/#website\"},\"primaryImageOfPage\":{\"@id\":\"https:\\\/\\\/diariotextual.com\\\/inicio\\\/index.php\\\/2023\\\/06\\\/22\\\/feria-cannabica-y-presentacion-de-un-libro-en-santa-rosa\\\/#primaryimage\"},\"image\":{\"@id\":\"https:\\\/\\\/diariotextual.com\\\/inicio\\\/index.php\\\/2023\\\/06\\\/22\\\/feria-cannabica-y-presentacion-de-un-libro-en-santa-rosa\\\/#primaryimage\"},\"thumbnailUrl\":\"https:\\\/\\\/diariotextual.com\\\/inicio\\\/wp-content\\\/uploads\\\/2022\\\/04\\\/cannabismedicinaltelam10.jpg\",\"datePublished\":\"2023-06-22T16:22:38+00:00\",\"dateModified\":\"2023-06-22T21:28:50+00:00\",\"breadcrumb\":{\"@id\":\"https:\\\/\\\/diariotextual.com\\\/inicio\\\/index.php\\\/2023\\\/06\\\/22\\\/feria-cannabica-y-presentacion-de-un-libro-en-santa-rosa\\\/#breadcrumb\"},\"inLanguage\":\"es\",\"potentialAction\":[{\"@type\":\"ReadAction\",\"target\":[\"https:\\\/\\\/diariotextual.com\\\/inicio\\\/index.php\\\/2023\\\/06\\\/22\\\/feria-cannabica-y-presentacion-de-un-libro-en-santa-rosa\\\/\"]}]},{\"@type\":\"ImageObject\",\"inLanguage\":\"es\",\"@id\":\"https:\\\/\\\/diariotextual.com\\\/inicio\\\/index.php\\\/2023\\\/06\\\/22\\\/feria-cannabica-y-presentacion-de-un-libro-en-santa-rosa\\\/#primaryimage\",\"url\":\"https:\\\/\\\/diariotextual.com\\\/inicio\\\/wp-content\\\/uploads\\\/2022\\\/04\\\/cannabismedicinaltelam10.jpg\",\"contentUrl\":\"https:\\\/\\\/diariotextual.com\\\/inicio\\\/wp-content\\\/uploads\\\/2022\\\/04\\\/cannabismedicinaltelam10.jpg\",\"width\":900,\"height\":506},{\"@type\":\"BreadcrumbList\",\"@id\":\"https:\\\/\\\/diariotextual.com\\\/inicio\\\/index.php\\\/2023\\\/06\\\/22\\\/feria-cannabica-y-presentacion-de-un-libro-en-santa-rosa\\\/#breadcrumb\",\"itemListElement\":[{\"@type\":\"ListItem\",\"position\":1,\"name\":\"Portada\",\"item\":\"https:\\\/\\\/diariotextual.com\\\/inicio\\\/\"},{\"@type\":\"ListItem\",\"position\":2,\"name\":\"Feria cann\u00e1bica y presentaci\u00f3n de un libro en Santa Rosa\"}]},{\"@type\":\"WebSite\",\"@id\":\"https:\\\/\\\/diariotextual.com\\\/inicio\\\/#website\",\"url\":\"https:\\\/\\\/diariotextual.com\\\/inicio\\\/\",\"name\":\"Diario Textual\",\"description\":\"\",\"publisher\":{\"@id\":\"https:\\\/\\\/diariotextual.com\\\/inicio\\\/#organization\"},\"potentialAction\":[{\"@type\":\"SearchAction\",\"target\":{\"@type\":\"EntryPoint\",\"urlTemplate\":\"https:\\\/\\\/diariotextual.com\\\/inicio\\\/?s={search_term_string}\"},\"query-input\":{\"@type\":\"PropertyValueSpecification\",\"valueRequired\":true,\"valueName\":\"search_term_string\"}}],\"inLanguage\":\"es\"},{\"@type\":\"Organization\",\"@id\":\"https:\\\/\\\/diariotextual.com\\\/inicio\\\/#organization\",\"name\":\"Diario Textual\",\"url\":\"https:\\\/\\\/diariotextual.com\\\/inicio\\\/\",\"logo\":{\"@type\":\"ImageObject\",\"inLanguage\":\"es\",\"@id\":\"https:\\\/\\\/diariotextual.com\\\/inicio\\\/#\\\/schema\\\/logo\\\/image\\\/\",\"url\":\"https:\\\/\\\/diariotextual.com\\\/inicio\\\/wp-content\\\/uploads\\\/2023\\\/05\\\/logotextual1.jpg\",\"contentUrl\":\"https:\\\/\\\/diariotextual.com\\\/inicio\\\/wp-content\\\/uploads\\\/2023\\\/05\\\/logotextual1.jpg\",\"width\":516,\"height\":76,\"caption\":\"Diario Textual\"},\"image\":{\"@id\":\"https:\\\/\\\/diariotextual.com\\\/inicio\\\/#\\\/schema\\\/logo\\\/image\\\/\"},\"sameAs\":[\"https:\\\/\\\/www.facebook.com\\\/eltextual\",\"https:\\\/\\\/x.com\\\/eltextual\",\"http:\\\/\\\/www.instagram.com\\\/eltextual\"]},{\"@type\":\"Person\",\"@id\":\"https:\\\/\\\/diariotextual.com\\\/inicio\\\/#\\\/schema\\\/person\\\/694f60677f23c4a530867a98f22b3768\",\"name\":\"diario2\",\"image\":{\"@type\":\"ImageObject\",\"inLanguage\":\"es\",\"@id\":\"https:\\\/\\\/secure.gravatar.com\\\/avatar\\\/5a2567495ba16b852fcd8f1ed006a2e24fcace936018ed8237e95f488ad6e0a7?s=96&d=mm&r=g\",\"url\":\"https:\\\/\\\/secure.gravatar.com\\\/avatar\\\/5a2567495ba16b852fcd8f1ed006a2e24fcace936018ed8237e95f488ad6e0a7?s=96&d=mm&r=g\",\"contentUrl\":\"https:\\\/\\\/secure.gravatar.com\\\/avatar\\\/5a2567495ba16b852fcd8f1ed006a2e24fcace936018ed8237e95f488ad6e0a7?s=96&d=mm&r=g\",\"caption\":\"diario2\"},\"url\":\"https:\\\/\\\/diariotextual.com\\\/inicio\\\/index.php\\\/author\\\/diario2\\\/\"}]}<\/script>\n<!-- \/ Yoast SEO plugin. -->","yoast_head_json":{"title":"Feria cann\u00e1bica y presentaci\u00f3n de un libro en Santa Rosa - Diario Textual","robots":{"index":"index","follow":"follow","max-snippet":"max-snippet:-1","max-image-preview":"max-image-preview:large","max-video-preview":"max-video-preview:-1"},"canonical":"https:\/\/diariotextual.com\/inicio\/index.php\/2023\/06\/22\/feria-cannabica-y-presentacion-de-un-libro-en-santa-rosa\/","og_locale":"es_ES","og_type":"article","og_title":"Feria cann\u00e1bica y presentaci\u00f3n de un libro en Santa Rosa - Diario Textual","og_description":"Este s\u00e1bado 24 de junio se desarrollar\u00e1 en\u00a0el\u00a0Centro Municipal de Cultura de Santa Rosa, en Quintana 172,\u00a0una jornada cann\u00e1bica con la presentaci\u00f3n de un libro y la realizaci\u00f3n de una&hellip;","og_url":"https:\/\/diariotextual.com\/inicio\/index.php\/2023\/06\/22\/feria-cannabica-y-presentacion-de-un-libro-en-santa-rosa\/","og_site_name":"Diario Textual","article_publisher":"https:\/\/www.facebook.com\/eltextual","article_published_time":"2023-06-22T16:22:38+00:00","article_modified_time":"2023-06-22T21:28:50+00:00","og_image":[{"width":900,"height":506,"url":"https:\/\/diariotextual.com\/inicio\/wp-content\/uploads\/2022\/04\/cannabismedicinaltelam10.jpg","type":"image\/jpeg"}],"author":"diario2","twitter_card":"summary_large_image","twitter_creator":"@eltextual","twitter_site":"@eltextual","twitter_misc":{"Escrito por":"diario2","Tiempo de lectura":"2 minutos"},"schema":{"@context":"https:\/\/schema.org","@graph":[{"@type":"Article","@id":"https:\/\/diariotextual.com\/inicio\/index.php\/2023\/06\/22\/feria-cannabica-y-presentacion-de-un-libro-en-santa-rosa\/#article","isPartOf":{"@id":"https:\/\/diariotextual.com\/inicio\/index.php\/2023\/06\/22\/feria-cannabica-y-presentacion-de-un-libro-en-santa-rosa\/"},"author":{"name":"diario2","@id":"https:\/\/diariotextual.com\/inicio\/#\/schema\/person\/694f60677f23c4a530867a98f22b3768"},"headline":"Feria cann\u00e1bica y presentaci\u00f3n de un libro en Santa Rosa","datePublished":"2023-06-22T16:22:38+00:00","dateModified":"2023-06-22T21:28:50+00:00","mainEntityOfPage":{"@id":"https:\/\/diariotextual.com\/inicio\/index.php\/2023\/06\/22\/feria-cannabica-y-presentacion-de-un-libro-en-santa-rosa\/"},"wordCount":381,"publisher":{"@id":"https:\/\/diariotextual.com\/inicio\/#organization"},"image":{"@id":"https:\/\/diariotextual.com\/inicio\/index.php\/2023\/06\/22\/feria-cannabica-y-presentacion-de-un-libro-en-santa-rosa\/#primaryimage"},"thumbnailUrl":"https:\/\/diariotextual.com\/inicio\/wp-content\/uploads\/2022\/04\/cannabismedicinaltelam10.jpg","keywords":["cannabis","cannabis medicinal"],"articleSection":["A - ES NOTICIA (van abajo)","A - QUE PASA (al costado)","SOCIEDAD"],"inLanguage":"es"},{"@type":"WebPage","@id":"https:\/\/diariotextual.com\/inicio\/index.php\/2023\/06\/22\/feria-cannabica-y-presentacion-de-un-libro-en-santa-rosa\/","url":"https:\/\/diariotextual.com\/inicio\/index.php\/2023\/06\/22\/feria-cannabica-y-presentacion-de-un-libro-en-santa-rosa\/","name":"Feria cann\u00e1bica y presentaci\u00f3n de un libro en Santa Rosa - Diario Textual","isPartOf":{"@id":"https:\/\/diariotextual.com\/inicio\/#website"},"primaryImageOfPage":{"@id":"https:\/\/diariotextual.com\/inicio\/index.php\/2023\/06\/22\/feria-cannabica-y-presentacion-de-un-libro-en-santa-rosa\/#primaryimage"},"image":{"@id":"https:\/\/diariotextual.com\/inicio\/index.php\/2023\/06\/22\/feria-cannabica-y-presentacion-de-un-libro-en-santa-rosa\/#primaryimage"},"thumbnailUrl":"https:\/\/diariotextual.com\/inicio\/wp-content\/uploads\/2022\/04\/cannabismedicinaltelam10.jpg","datePublished":"2023-06-22T16:22:38+00:00","dateModified":"2023-06-22T21:28:50+00:00","breadcrumb":{"@id":"https:\/\/diariotextual.com\/inicio\/index.php\/2023\/06\/22\/feria-cannabica-y-presentacion-de-un-libro-en-santa-rosa\/#breadcrumb"},"inLanguage":"es","potentialAction":[{"@type":"ReadAction","target":["https:\/\/diariotextual.com\/inicio\/index.php\/2023\/06\/22\/feria-cannabica-y-presentacion-de-un-libro-en-santa-rosa\/"]}]},{"@type":"ImageObject","inLanguage":"es","@id":"https:\/\/diariotextual.com\/inicio\/index.php\/2023\/06\/22\/feria-cannabica-y-presentacion-de-un-libro-en-santa-rosa\/#primaryimage","url":"https:\/\/diariotextual.com\/inicio\/wp-content\/uploads\/2022\/04\/cannabismedicinaltelam10.jpg","contentUrl":"https:\/\/diariotextual.com\/inicio\/wp-content\/uploads\/2022\/04\/cannabismedicinaltelam10.jpg","width":900,"height":506},{"@type":"BreadcrumbList","@id":"https:\/\/diariotextual.com\/inicio\/index.php\/2023\/06\/22\/feria-cannabica-y-presentacion-de-un-libro-en-santa-rosa\/#breadcrumb","itemListElement":[{"@type":"ListItem","position":1,"name":"Portada","item":"https:\/\/diariotextual.com\/inicio\/"},{"@type":"ListItem","position":2,"name":"Feria cann\u00e1bica y presentaci\u00f3n de un libro en Santa Rosa"}]},{"@type":"WebSite","@id":"https:\/\/diariotextual.com\/inicio\/#website","url":"https:\/\/diariotextual.com\/inicio\/","name":"Diario Textual","description":"","publisher":{"@id":"https:\/\/diariotextual.com\/inicio\/#organization"},"potentialAction":[{"@type":"SearchAction","target":{"@type":"EntryPoint","urlTemplate":"https:\/\/diariotextual.com\/inicio\/?s={search_term_string}"},"query-input":{"@type":"PropertyValueSpecification","valueRequired":true,"valueName":"search_term_string"}}],"inLanguage":"es"},{"@type":"Organization","@id":"https:\/\/diariotextual.com\/inicio\/#organization","name":"Diario Textual","url":"https:\/\/diariotextual.com\/inicio\/","logo":{"@type":"ImageObject","inLanguage":"es","@id":"https:\/\/diariotextual.com\/inicio\/#\/schema\/logo\/image\/","url":"https:\/\/diariotextual.com\/inicio\/wp-content\/uploads\/2023\/05\/logotextual1.jpg","contentUrl":"https:\/\/diariotextual.com\/inicio\/wp-content\/uploads\/2023\/05\/logotextual1.jpg","width":516,"height":76,"caption":"Diario Textual"},"image":{"@id":"https:\/\/diariotextual.com\/inicio\/#\/schema\/logo\/image\/"},"sameAs":["https:\/\/www.facebook.com\/eltextual","https:\/\/x.com\/eltextual","http:\/\/www.instagram.com\/eltextual"]},{"@type":"Person","@id":"https:\/\/diariotextual.com\/inicio\/#\/schema\/person\/694f60677f23c4a530867a98f22b3768","name":"diario2","image":{"@type":"ImageObject","inLanguage":"es","@id":"https:\/\/secure.gravatar.com\/avatar\/5a2567495ba16b852fcd8f1ed006a2e24fcace936018ed8237e95f488ad6e0a7?s=96&d=mm&r=g","url":"https:\/\/secure.gravatar.com\/avatar\/5a2567495ba16b852fcd8f1ed006a2e24fcace936018ed8237e95f488ad6e0a7?s=96&d=mm&r=g","contentUrl":"https:\/\/secure.gravatar.com\/avatar\/5a2567495ba16b852fcd8f1ed006a2e24fcace936018ed8237e95f488ad6e0a7?s=96&d=mm&r=g","caption":"diario2"},"url":"https:\/\/diariotextual.com\/inicio\/index.php\/author\/diario2\/"}]}},"_links":{"self":[{"href":"https:\/\/diariotextual.com\/inicio\/index.php\/wp-json\/wp\/v2\/posts\/229078","targetHints":{"allow":["GET"]}}],"collection":[{"href":"https:\/\/diariotextual.com\/inicio\/index.php\/wp-json\/wp\/v2\/posts"}],"about":[{"href":"https:\/\/diariotextual.com\/inicio\/index.php\/wp-json\/wp\/v2\/types\/post"}],"author":[{"embeddable":true,"href":"https:\/\/diariotextual.com\/inicio\/index.php\/wp-json\/wp\/v2\/users\/4"}],"replies":[{"embeddable":true,"href":"https:\/\/diariotextual.com\/inicio\/index.php\/wp-json\/wp\/v2\/comments?post=229078"}],"version-history":[{"count":2,"href":"https:\/\/diariotextual.com\/inicio\/index.php\/wp-json\/wp\/v2\/posts\/229078\/revisions"}],"predecessor-version":[{"id":229080,"href":"https:\/\/diariotextual.com\/inicio\/index.php\/wp-json\/wp\/v2\/posts\/229078\/revisions\/229080"}],"wp:featuredmedia":[{"embeddable":true,"href":"https:\/\/diariotextual.com\/inicio\/index.php\/wp-json\/wp\/v2\/media\/186918"}],"wp:attachment":[{"href":"https:\/\/diariotextual.com\/inicio\/index.php\/wp-json\/wp\/v2\/media?parent=229078"}],"wp:term":[{"taxonomy":"category","embeddable":true,"href":"https:\/\/diariotextual.com\/inicio\/index.php\/wp-json\/wp\/v2\/categories?post=229078"},{"taxonomy":"post_tag","embeddable":true,"href":"https:\/\/diariotextual.com\/inicio\/index.php\/wp-json\/wp\/v2\/tags?post=229078"}],"curies":[{"name":"wp","href":"https:\/\/api.w.org\/{rel}","templated":true}]}}