{"id":229081,"date":"2023-06-22T15:17:37","date_gmt":"2023-06-22T18:17:37","guid":{"rendered":"https:\/\/diariotextual.com\/inicio\/?p=229081"},"modified":"2023-06-22T15:17:38","modified_gmt":"2023-06-22T18:17:38","slug":"entregaron-matricula-a-la-cooperativa-de-trabajo-la-familia","status":"publish","type":"post","link":"https:\/\/diariotextual.com\/inicio\/index.php\/2023\/06\/22\/entregaron-matricula-a-la-cooperativa-de-trabajo-la-familia\/","title":{"rendered":"Entregaron matr\u00edcula a la cooperativa de trabajo \u201cLa Familia\u201d"},"content":{"rendered":"\n<p>La <strong>cooperativa de trabajo \u201cLa Familia Limitada\u201d<\/strong> de Santa Rosa, dedicada al rubro de la limpieza, recibi\u00f3 de manos del ministro de Gobierno, Justicia y Derechos Humanos, Ariel Rauschenberger, la matr\u00edcula provincial que los acredita como tales.<\/p>\n\n\n\n<p>El ministro estuvo acompa\u00f1ado en su despacho por el subsecretario de Cooperativas, Fabi\u00e1n Bruna y por la directora del \u00e1rea, Erika Milano para entregar la documentaci\u00f3n al presidente de la nueva entidad solidaria y al resto de los integrantes.\u00a0<\/p>\n\n\n\n<p>Rauschenberger manifest\u00f3 su benepl\u00e1cito por el momento y garantiz\u00f3 a los emocionados cooperativistas el acompa\u00f1amiento en los primeros tramos de la gesti\u00f3n de la nueva entidad. Para ello, el Estado provincial dispone de un programa de apoyo t\u00e9cnico para temas administrativos y una l\u00ednea de subsidios destinados a la compra de maquinarias o bienes e insumos que requiera la actividad durante su primer a\u00f1o de tareas.\u00a0<\/p>\n\n\n\n<p>Les coment\u00f3 sobre el programa Primeros Pasos Cooperativos. \u00a0\u00abEste programa pertenece a una propuesta del Gobierno pampeano, a trav\u00e9s de la Subsecretar\u00eda de Cooperativas y Mutuales, que busca fomentar la actividad productiva de entidades y mutuales pampeanas. El apoyo e incentivo a las cooperativas y mutuales se realiza a trav\u00e9s de aportes no reintegrables, con sumas dinerarias que van hasta los $ 500.000 por cada solicitud realizada. Las entidades podr\u00e1n hacer uso del monto solicitado para potenciar la actividad productiva desde sus inicios, adquirir equipamiento y maquinaria, o para la compra de materias primas\u201d, explic\u00f3 el funcionario.\u00a0<\/p>\n\n\n\n<p>Por \u00faltimo, remarc\u00f3 el acompa\u00f1amiento del Gobierno provincial. \u201cVemos con mucha alegr\u00eda una econom\u00eda solidaria que est\u00e1 creciendo desde diciembre de 2019 hasta ahora y esto es se\u00f1al de que el sistema funciona, de que las cosas andan. Estamos para acompa\u00f1arlos, para ayudarlos y asesorarlos y ver de qu\u00e9 manera se genera trabajo y que ustedes entren a la formalidad, que puedan participar de la econom\u00eda formal, no solamente de manera econ\u00f3mica sino de las capacitaciones que brindamos\u00bb, sostuvo.<\/p>\n\n\n\n<p><\/p>\n","protected":false},"excerpt":{"rendered":"<p>La cooperativa de trabajo \u201cLa Familia Limitada\u201d de Santa Rosa, dedicada al rubro de la limpieza, recibi\u00f3 de manos del ministro de Gobierno, Justicia y Derechos Humanos, Ariel Rauschenberger, la&hellip;<\/p>\n","protected":false},"author":4,"featured_media":229082,"comment_status":"closed","ping_status":"open","sticky":false,"template":"","format":"standard","meta":{"_acf_changed":false,"footnotes":""},"categories":[1,12],"tags":[],"class_list":["post-229081","post","type-post","status-publish","format-standard","has-post-thumbnail","hentry","category-es-noticia","category-sociedad"],"acf":[],"yoast_head":"<!-- This site is optimized with the Yoast SEO plugin v27.5 - https:\/\/yoast.com\/product\/yoast-seo-wordpress\/ -->\n<title>Entregaron matr\u00edcula a la cooperativa de trabajo \u201cLa Familia\u201d - Diario Textual<\/title>\n<meta name=\"robots\" content=\"index, follow, max-snippet:-1, max-image-preview:large, max-video-preview:-1\" \/>\n<link rel=\"canonical\" href=\"https:\/\/diariotextual.com\/inicio\/index.php\/2023\/06\/22\/entregaron-matricula-a-la-cooperativa-de-trabajo-la-familia\/\" \/>\n<meta property=\"og:locale\" content=\"es_ES\" \/>\n<meta property=\"og:type\" content=\"article\" \/>\n<meta property=\"og:title\" content=\"Entregaron matr\u00edcula a la cooperativa de trabajo \u201cLa Familia\u201d - Diario Textual\" \/>\n<meta property=\"og:description\" content=\"La cooperativa de trabajo \u201cLa Familia Limitada\u201d de Santa Rosa, dedicada al rubro de la limpieza, recibi\u00f3 de manos del ministro de Gobierno, Justicia y Derechos Humanos, Ariel Rauschenberger, la&hellip;\" \/>\n<meta property=\"og:url\" content=\"https:\/\/diariotextual.com\/inicio\/index.php\/2023\/06\/22\/entregaron-matricula-a-la-cooperativa-de-trabajo-la-familia\/\" \/>\n<meta property=\"og:site_name\" content=\"Diario Textual\" \/>\n<meta property=\"article:publisher\" content=\"https:\/\/www.facebook.com\/eltextual\" \/>\n<meta property=\"article:published_time\" content=\"2023-06-22T18:17:37+00:00\" \/>\n<meta property=\"article:modified_time\" content=\"2023-06-22T18:17:38+00:00\" \/>\n<meta property=\"og:image\" content=\"https:\/\/diariotextual.com\/inicio\/wp-content\/uploads\/2023\/06\/cooperativalafamilia84354.jpg\" \/>\n\t<meta property=\"og:image:width\" content=\"800\" \/>\n\t<meta property=\"og:image:height\" content=\"569\" \/>\n\t<meta property=\"og:image:type\" content=\"image\/jpeg\" \/>\n<meta name=\"author\" content=\"diario2\" \/>\n<meta name=\"twitter:card\" content=\"summary_large_image\" \/>\n<meta name=\"twitter:creator\" content=\"@eltextual\" \/>\n<meta name=\"twitter:site\" content=\"@eltextual\" \/>\n<meta name=\"twitter:label1\" content=\"Escrito por\" \/>\n\t<meta name=\"twitter:data1\" content=\"diario2\" \/>\n\t<meta name=\"twitter:label2\" content=\"Tiempo de lectura\" \/>\n\t<meta name=\"twitter:data2\" content=\"2 minutos\" \/>\n<script type=\"application\/ld+json\" class=\"yoast-schema-graph\">{\"@context\":\"https:\\\/\\\/schema.org\",\"@graph\":[{\"@type\":\"Article\",\"@id\":\"https:\\\/\\\/diariotextual.com\\\/inicio\\\/index.php\\\/2023\\\/06\\\/22\\\/entregaron-matricula-a-la-cooperativa-de-trabajo-la-familia\\\/#article\",\"isPartOf\":{\"@id\":\"https:\\\/\\\/diariotextual.com\\\/inicio\\\/index.php\\\/2023\\\/06\\\/22\\\/entregaron-matricula-a-la-cooperativa-de-trabajo-la-familia\\\/\"},\"author\":{\"name\":\"diario2\",\"@id\":\"https:\\\/\\\/diariotextual.com\\\/inicio\\\/#\\\/schema\\\/person\\\/694f60677f23c4a530867a98f22b3768\"},\"headline\":\"Entregaron matr\u00edcula a la cooperativa de trabajo \u201cLa Familia\u201d\",\"datePublished\":\"2023-06-22T18:17:37+00:00\",\"dateModified\":\"2023-06-22T18:17:38+00:00\",\"mainEntityOfPage\":{\"@id\":\"https:\\\/\\\/diariotextual.com\\\/inicio\\\/index.php\\\/2023\\\/06\\\/22\\\/entregaron-matricula-a-la-cooperativa-de-trabajo-la-familia\\\/\"},\"wordCount\":346,\"publisher\":{\"@id\":\"https:\\\/\\\/diariotextual.com\\\/inicio\\\/#organization\"},\"image\":{\"@id\":\"https:\\\/\\\/diariotextual.com\\\/inicio\\\/index.php\\\/2023\\\/06\\\/22\\\/entregaron-matricula-a-la-cooperativa-de-trabajo-la-familia\\\/#primaryimage\"},\"thumbnailUrl\":\"https:\\\/\\\/diariotextual.com\\\/inicio\\\/wp-content\\\/uploads\\\/2023\\\/06\\\/cooperativalafamilia84354.jpg\",\"articleSection\":[\"A - ES NOTICIA (van abajo)\",\"SOCIEDAD\"],\"inLanguage\":\"es\"},{\"@type\":\"WebPage\",\"@id\":\"https:\\\/\\\/diariotextual.com\\\/inicio\\\/index.php\\\/2023\\\/06\\\/22\\\/entregaron-matricula-a-la-cooperativa-de-trabajo-la-familia\\\/\",\"url\":\"https:\\\/\\\/diariotextual.com\\\/inicio\\\/index.php\\\/2023\\\/06\\\/22\\\/entregaron-matricula-a-la-cooperativa-de-trabajo-la-familia\\\/\",\"name\":\"Entregaron matr\u00edcula a la cooperativa de trabajo \u201cLa Familia\u201d - Diario Textual\",\"isPartOf\":{\"@id\":\"https:\\\/\\\/diariotextual.com\\\/inicio\\\/#website\"},\"primaryImageOfPage\":{\"@id\":\"https:\\\/\\\/diariotextual.com\\\/inicio\\\/index.php\\\/2023\\\/06\\\/22\\\/entregaron-matricula-a-la-cooperativa-de-trabajo-la-familia\\\/#primaryimage\"},\"image\":{\"@id\":\"https:\\\/\\\/diariotextual.com\\\/inicio\\\/index.php\\\/2023\\\/06\\\/22\\\/entregaron-matricula-a-la-cooperativa-de-trabajo-la-familia\\\/#primaryimage\"},\"thumbnailUrl\":\"https:\\\/\\\/diariotextual.com\\\/inicio\\\/wp-content\\\/uploads\\\/2023\\\/06\\\/cooperativalafamilia84354.jpg\",\"datePublished\":\"2023-06-22T18:17:37+00:00\",\"dateModified\":\"2023-06-22T18:17:38+00:00\",\"breadcrumb\":{\"@id\":\"https:\\\/\\\/diariotextual.com\\\/inicio\\\/index.php\\\/2023\\\/06\\\/22\\\/entregaron-matricula-a-la-cooperativa-de-trabajo-la-familia\\\/#breadcrumb\"},\"inLanguage\":\"es\",\"potentialAction\":[{\"@type\":\"ReadAction\",\"target\":[\"https:\\\/\\\/diariotextual.com\\\/inicio\\\/index.php\\\/2023\\\/06\\\/22\\\/entregaron-matricula-a-la-cooperativa-de-trabajo-la-familia\\\/\"]}]},{\"@type\":\"ImageObject\",\"inLanguage\":\"es\",\"@id\":\"https:\\\/\\\/diariotextual.com\\\/inicio\\\/index.php\\\/2023\\\/06\\\/22\\\/entregaron-matricula-a-la-cooperativa-de-trabajo-la-familia\\\/#primaryimage\",\"url\":\"https:\\\/\\\/diariotextual.com\\\/inicio\\\/wp-content\\\/uploads\\\/2023\\\/06\\\/cooperativalafamilia84354.jpg\",\"contentUrl\":\"https:\\\/\\\/diariotextual.com\\\/inicio\\\/wp-content\\\/uploads\\\/2023\\\/06\\\/cooperativalafamilia84354.jpg\",\"width\":800,\"height\":569},{\"@type\":\"BreadcrumbList\",\"@id\":\"https:\\\/\\\/diariotextual.com\\\/inicio\\\/index.php\\\/2023\\\/06\\\/22\\\/entregaron-matricula-a-la-cooperativa-de-trabajo-la-familia\\\/#breadcrumb\",\"itemListElement\":[{\"@type\":\"ListItem\",\"position\":1,\"name\":\"Portada\",\"item\":\"https:\\\/\\\/diariotextual.com\\\/inicio\\\/\"},{\"@type\":\"ListItem\",\"position\":2,\"name\":\"Entregaron matr\u00edcula a la cooperativa de trabajo \u201cLa Familia\u201d\"}]},{\"@type\":\"WebSite\",\"@id\":\"https:\\\/\\\/diariotextual.com\\\/inicio\\\/#website\",\"url\":\"https:\\\/\\\/diariotextual.com\\\/inicio\\\/\",\"name\":\"Diario Textual\",\"description\":\"\",\"publisher\":{\"@id\":\"https:\\\/\\\/diariotextual.com\\\/inicio\\\/#organization\"},\"potentialAction\":[{\"@type\":\"SearchAction\",\"target\":{\"@type\":\"EntryPoint\",\"urlTemplate\":\"https:\\\/\\\/diariotextual.com\\\/inicio\\\/?s={search_term_string}\"},\"query-input\":{\"@type\":\"PropertyValueSpecification\",\"valueRequired\":true,\"valueName\":\"search_term_string\"}}],\"inLanguage\":\"es\"},{\"@type\":\"Organization\",\"@id\":\"https:\\\/\\\/diariotextual.com\\\/inicio\\\/#organization\",\"name\":\"Diario Textual\",\"url\":\"https:\\\/\\\/diariotextual.com\\\/inicio\\\/\",\"logo\":{\"@type\":\"ImageObject\",\"inLanguage\":\"es\",\"@id\":\"https:\\\/\\\/diariotextual.com\\\/inicio\\\/#\\\/schema\\\/logo\\\/image\\\/\",\"url\":\"https:\\\/\\\/diariotextual.com\\\/inicio\\\/wp-content\\\/uploads\\\/2023\\\/05\\\/logotextual1.jpg\",\"contentUrl\":\"https:\\\/\\\/diariotextual.com\\\/inicio\\\/wp-content\\\/uploads\\\/2023\\\/05\\\/logotextual1.jpg\",\"width\":516,\"height\":76,\"caption\":\"Diario Textual\"},\"image\":{\"@id\":\"https:\\\/\\\/diariotextual.com\\\/inicio\\\/#\\\/schema\\\/logo\\\/image\\\/\"},\"sameAs\":[\"https:\\\/\\\/www.facebook.com\\\/eltextual\",\"https:\\\/\\\/x.com\\\/eltextual\",\"http:\\\/\\\/www.instagram.com\\\/eltextual\"]},{\"@type\":\"Person\",\"@id\":\"https:\\\/\\\/diariotextual.com\\\/inicio\\\/#\\\/schema\\\/person\\\/694f60677f23c4a530867a98f22b3768\",\"name\":\"diario2\",\"image\":{\"@type\":\"ImageObject\",\"inLanguage\":\"es\",\"@id\":\"https:\\\/\\\/secure.gravatar.com\\\/avatar\\\/5a2567495ba16b852fcd8f1ed006a2e24fcace936018ed8237e95f488ad6e0a7?s=96&d=mm&r=g\",\"url\":\"https:\\\/\\\/secure.gravatar.com\\\/avatar\\\/5a2567495ba16b852fcd8f1ed006a2e24fcace936018ed8237e95f488ad6e0a7?s=96&d=mm&r=g\",\"contentUrl\":\"https:\\\/\\\/secure.gravatar.com\\\/avatar\\\/5a2567495ba16b852fcd8f1ed006a2e24fcace936018ed8237e95f488ad6e0a7?s=96&d=mm&r=g\",\"caption\":\"diario2\"},\"url\":\"https:\\\/\\\/diariotextual.com\\\/inicio\\\/index.php\\\/author\\\/diario2\\\/\"}]}<\/script>\n<!-- \/ Yoast SEO plugin. -->","yoast_head_json":{"title":"Entregaron matr\u00edcula a la cooperativa de trabajo \u201cLa Familia\u201d - Diario Textual","robots":{"index":"index","follow":"follow","max-snippet":"max-snippet:-1","max-image-preview":"max-image-preview:large","max-video-preview":"max-video-preview:-1"},"canonical":"https:\/\/diariotextual.com\/inicio\/index.php\/2023\/06\/22\/entregaron-matricula-a-la-cooperativa-de-trabajo-la-familia\/","og_locale":"es_ES","og_type":"article","og_title":"Entregaron matr\u00edcula a la cooperativa de trabajo \u201cLa Familia\u201d - Diario Textual","og_description":"La cooperativa de trabajo \u201cLa Familia Limitada\u201d de Santa Rosa, dedicada al rubro de la limpieza, recibi\u00f3 de manos del ministro de Gobierno, Justicia y Derechos Humanos, Ariel Rauschenberger, la&hellip;","og_url":"https:\/\/diariotextual.com\/inicio\/index.php\/2023\/06\/22\/entregaron-matricula-a-la-cooperativa-de-trabajo-la-familia\/","og_site_name":"Diario Textual","article_publisher":"https:\/\/www.facebook.com\/eltextual","article_published_time":"2023-06-22T18:17:37+00:00","article_modified_time":"2023-06-22T18:17:38+00:00","og_image":[{"width":800,"height":569,"url":"https:\/\/diariotextual.com\/inicio\/wp-content\/uploads\/2023\/06\/cooperativalafamilia84354.jpg","type":"image\/jpeg"}],"author":"diario2","twitter_card":"summary_large_image","twitter_creator":"@eltextual","twitter_site":"@eltextual","twitter_misc":{"Escrito por":"diario2","Tiempo de lectura":"2 minutos"},"schema":{"@context":"https:\/\/schema.org","@graph":[{"@type":"Article","@id":"https:\/\/diariotextual.com\/inicio\/index.php\/2023\/06\/22\/entregaron-matricula-a-la-cooperativa-de-trabajo-la-familia\/#article","isPartOf":{"@id":"https:\/\/diariotextual.com\/inicio\/index.php\/2023\/06\/22\/entregaron-matricula-a-la-cooperativa-de-trabajo-la-familia\/"},"author":{"name":"diario2","@id":"https:\/\/diariotextual.com\/inicio\/#\/schema\/person\/694f60677f23c4a530867a98f22b3768"},"headline":"Entregaron matr\u00edcula a la cooperativa de trabajo \u201cLa Familia\u201d","datePublished":"2023-06-22T18:17:37+00:00","dateModified":"2023-06-22T18:17:38+00:00","mainEntityOfPage":{"@id":"https:\/\/diariotextual.com\/inicio\/index.php\/2023\/06\/22\/entregaron-matricula-a-la-cooperativa-de-trabajo-la-familia\/"},"wordCount":346,"publisher":{"@id":"https:\/\/diariotextual.com\/inicio\/#organization"},"image":{"@id":"https:\/\/diariotextual.com\/inicio\/index.php\/2023\/06\/22\/entregaron-matricula-a-la-cooperativa-de-trabajo-la-familia\/#primaryimage"},"thumbnailUrl":"https:\/\/diariotextual.com\/inicio\/wp-content\/uploads\/2023\/06\/cooperativalafamilia84354.jpg","articleSection":["A - ES NOTICIA (van abajo)","SOCIEDAD"],"inLanguage":"es"},{"@type":"WebPage","@id":"https:\/\/diariotextual.com\/inicio\/index.php\/2023\/06\/22\/entregaron-matricula-a-la-cooperativa-de-trabajo-la-familia\/","url":"https:\/\/diariotextual.com\/inicio\/index.php\/2023\/06\/22\/entregaron-matricula-a-la-cooperativa-de-trabajo-la-familia\/","name":"Entregaron matr\u00edcula a la cooperativa de trabajo \u201cLa Familia\u201d - Diario Textual","isPartOf":{"@id":"https:\/\/diariotextual.com\/inicio\/#website"},"primaryImageOfPage":{"@id":"https:\/\/diariotextual.com\/inicio\/index.php\/2023\/06\/22\/entregaron-matricula-a-la-cooperativa-de-trabajo-la-familia\/#primaryimage"},"image":{"@id":"https:\/\/diariotextual.com\/inicio\/index.php\/2023\/06\/22\/entregaron-matricula-a-la-cooperativa-de-trabajo-la-familia\/#primaryimage"},"thumbnailUrl":"https:\/\/diariotextual.com\/inicio\/wp-content\/uploads\/2023\/06\/cooperativalafamilia84354.jpg","datePublished":"2023-06-22T18:17:37+00:00","dateModified":"2023-06-22T18:17:38+00:00","breadcrumb":{"@id":"https:\/\/diariotextual.com\/inicio\/index.php\/2023\/06\/22\/entregaron-matricula-a-la-cooperativa-de-trabajo-la-familia\/#breadcrumb"},"inLanguage":"es","potentialAction":[{"@type":"ReadAction","target":["https:\/\/diariotextual.com\/inicio\/index.php\/2023\/06\/22\/entregaron-matricula-a-la-cooperativa-de-trabajo-la-familia\/"]}]},{"@type":"ImageObject","inLanguage":"es","@id":"https:\/\/diariotextual.com\/inicio\/index.php\/2023\/06\/22\/entregaron-matricula-a-la-cooperativa-de-trabajo-la-familia\/#primaryimage","url":"https:\/\/diariotextual.com\/inicio\/wp-content\/uploads\/2023\/06\/cooperativalafamilia84354.jpg","contentUrl":"https:\/\/diariotextual.com\/inicio\/wp-content\/uploads\/2023\/06\/cooperativalafamilia84354.jpg","width":800,"height":569},{"@type":"BreadcrumbList","@id":"https:\/\/diariotextual.com\/inicio\/index.php\/2023\/06\/22\/entregaron-matricula-a-la-cooperativa-de-trabajo-la-familia\/#breadcrumb","itemListElement":[{"@type":"ListItem","position":1,"name":"Portada","item":"https:\/\/diariotextual.com\/inicio\/"},{"@type":"ListItem","position":2,"name":"Entregaron matr\u00edcula a la cooperativa de trabajo \u201cLa Familia\u201d"}]},{"@type":"WebSite","@id":"https:\/\/diariotextual.com\/inicio\/#website","url":"https:\/\/diariotextual.com\/inicio\/","name":"Diario Textual","description":"","publisher":{"@id":"https:\/\/diariotextual.com\/inicio\/#organization"},"potentialAction":[{"@type":"SearchAction","target":{"@type":"EntryPoint","urlTemplate":"https:\/\/diariotextual.com\/inicio\/?s={search_term_string}"},"query-input":{"@type":"PropertyValueSpecification","valueRequired":true,"valueName":"search_term_string"}}],"inLanguage":"es"},{"@type":"Organization","@id":"https:\/\/diariotextual.com\/inicio\/#organization","name":"Diario Textual","url":"https:\/\/diariotextual.com\/inicio\/","logo":{"@type":"ImageObject","inLanguage":"es","@id":"https:\/\/diariotextual.com\/inicio\/#\/schema\/logo\/image\/","url":"https:\/\/diariotextual.com\/inicio\/wp-content\/uploads\/2023\/05\/logotextual1.jpg","contentUrl":"https:\/\/diariotextual.com\/inicio\/wp-content\/uploads\/2023\/05\/logotextual1.jpg","width":516,"height":76,"caption":"Diario Textual"},"image":{"@id":"https:\/\/diariotextual.com\/inicio\/#\/schema\/logo\/image\/"},"sameAs":["https:\/\/www.facebook.com\/eltextual","https:\/\/x.com\/eltextual","http:\/\/www.instagram.com\/eltextual"]},{"@type":"Person","@id":"https:\/\/diariotextual.com\/inicio\/#\/schema\/person\/694f60677f23c4a530867a98f22b3768","name":"diario2","image":{"@type":"ImageObject","inLanguage":"es","@id":"https:\/\/secure.gravatar.com\/avatar\/5a2567495ba16b852fcd8f1ed006a2e24fcace936018ed8237e95f488ad6e0a7?s=96&d=mm&r=g","url":"https:\/\/secure.gravatar.com\/avatar\/5a2567495ba16b852fcd8f1ed006a2e24fcace936018ed8237e95f488ad6e0a7?s=96&d=mm&r=g","contentUrl":"https:\/\/secure.gravatar.com\/avatar\/5a2567495ba16b852fcd8f1ed006a2e24fcace936018ed8237e95f488ad6e0a7?s=96&d=mm&r=g","caption":"diario2"},"url":"https:\/\/diariotextual.com\/inicio\/index.php\/author\/diario2\/"}]}},"_links":{"self":[{"href":"https:\/\/diariotextual.com\/inicio\/index.php\/wp-json\/wp\/v2\/posts\/229081","targetHints":{"allow":["GET"]}}],"collection":[{"href":"https:\/\/diariotextual.com\/inicio\/index.php\/wp-json\/wp\/v2\/posts"}],"about":[{"href":"https:\/\/diariotextual.com\/inicio\/index.php\/wp-json\/wp\/v2\/types\/post"}],"author":[{"embeddable":true,"href":"https:\/\/diariotextual.com\/inicio\/index.php\/wp-json\/wp\/v2\/users\/4"}],"replies":[{"embeddable":true,"href":"https:\/\/diariotextual.com\/inicio\/index.php\/wp-json\/wp\/v2\/comments?post=229081"}],"version-history":[{"count":1,"href":"https:\/\/diariotextual.com\/inicio\/index.php\/wp-json\/wp\/v2\/posts\/229081\/revisions"}],"predecessor-version":[{"id":229083,"href":"https:\/\/diariotextual.com\/inicio\/index.php\/wp-json\/wp\/v2\/posts\/229081\/revisions\/229083"}],"wp:featuredmedia":[{"embeddable":true,"href":"https:\/\/diariotextual.com\/inicio\/index.php\/wp-json\/wp\/v2\/media\/229082"}],"wp:attachment":[{"href":"https:\/\/diariotextual.com\/inicio\/index.php\/wp-json\/wp\/v2\/media?parent=229081"}],"wp:term":[{"taxonomy":"category","embeddable":true,"href":"https:\/\/diariotextual.com\/inicio\/index.php\/wp-json\/wp\/v2\/categories?post=229081"},{"taxonomy":"post_tag","embeddable":true,"href":"https:\/\/diariotextual.com\/inicio\/index.php\/wp-json\/wp\/v2\/tags?post=229081"}],"curies":[{"name":"wp","href":"https:\/\/api.w.org\/{rel}","templated":true}]}}