{"id":229127,"date":"2023-06-23T07:00:48","date_gmt":"2023-06-23T10:00:48","guid":{"rendered":"https:\/\/diariotextual.com\/inicio\/?p=229127"},"modified":"2023-06-23T07:00:51","modified_gmt":"2023-06-23T10:00:51","slug":"la-muestra-fotografica-itinerante-de-vialidad-llego-a-santa-rosa","status":"publish","type":"post","link":"https:\/\/diariotextual.com\/inicio\/index.php\/2023\/06\/23\/la-muestra-fotografica-itinerante-de-vialidad-llego-a-santa-rosa\/","title":{"rendered":"La muestra fotogr\u00e1fica itinerante de Vialidad lleg\u00f3 a Santa Rosa"},"content":{"rendered":"\n<p>La <strong>muestra fotogr\u00e1fica itinerante<\/strong> organizada por la Direcci\u00f3n Provincial de Vialidad, en el marco de su <strong>70 aniversario<\/strong>, tuvo lugar en el auditorio de la repartici\u00f3n en la ma\u00f1ana de este jueves. Cont\u00f3 con la presencia del gobernador Sergio Ziliotto, funcionarios del Poder Ejecutivo, empleados, ex empleados y familiares.<\/p>\n\n\n\n<p>Esta intervenci\u00f3n cultural tiene como objetivo <strong>recrear a trav\u00e9s de la fotograf\u00eda la historia de la instituci\u00f3n, que naci\u00f3 en 1953 cuando en la Provincia exist\u00edan s\u00f3lo 40 kil\u00f3metros de rutas pavimentadas<\/strong>, hasta llegar a la actualidad con m\u00e1s de 4.000 kil\u00f3metros de asfalto, integrados por 2.300 kil\u00f3metros de rutas provinciales y 1.700 kil\u00f3metros de rutas nacionales, adem\u00e1s de la extensa red terciaria y funciones que nacieron en respuesta al desarrollo tecnol\u00f3gico, industrial y productivo de la sociedad, como as\u00ed tambi\u00e9n a los cambios de paradigmas culturales.<\/p>\n\n\n\n<p>La presentaci\u00f3n de<strong> la Muestra Fotogr\u00e1fica Itinerante, en Santa Rosa, es la cuarta y \u00faltima jornada de exposici\u00f3n,<\/strong> ya que la misma ha recorrido lugares neur\u00e1lgicos como son las ciudades de General Pico, General Acha y la localidad de Chacharramendi.<\/p>\n\n\n\n<p>Este espacio de encuentro, re\u00fane a empleados y personal jubilado de la DPV, quienes son parte de los progresos y adelantos que ha tenido la instituci\u00f3n, su protagonismo en la historia y desarrollo de la Provincia, ubic\u00e1ndose siempre del lado de los habitantes de cada rinc\u00f3n de La Pampa para construir y mantener caminos que hagan las distancias entre centros poblacionales, el campo y las ciudades m\u00e1s din\u00e1micos, propiciando la comunicaci\u00f3n terrestre, la integraci\u00f3n territorial para beneficios productivos, econ\u00f3micos, sociales, de salud, educaci\u00f3n y seguridad a los y las pampeanas, como as\u00ed tambi\u00e9n a quienes transitan por la Provincia por razones tur\u00edsticas, comerciales o productivas.<\/p>\n\n\n\n<p>La <strong>muestra fotogr\u00e1fica tiene como objetivo mostrar el paso de la historia y el crecimiento a trav\u00e9s de im\u00e1genes<\/strong> que han sido cuidadosamente recopiladas para que empleados, ex empleados de las distintas zonas y p\u00fablico en general puedan apreciar su desarrollo durante el transcurso de los a\u00f1os, testifica la historia de la DPV, su evoluci\u00f3n en el tiempo, pretendiendo ser un peque\u00f1o homenaje a quienes fueron y son parte de la familia vial.<\/p>\n\n\n\n<p>El ministro de Obras y Servicios P\u00fablicos, Julio Rojo, durante la Muestra Itinerante, expres\u00f3 su orgullo por las funciones, competencias y capacidades resolutivas que tiene la DPV, y dijo \u201ces una repartici\u00f3n que trabaja permanentemente de forma coordinada en cada una de sus \u00e1reas, lo que lleva a obtener los excelentes resultados y permanecer en el tiempo\u201d.<\/p>\n\n\n\n<p>\u201cLa Direcci\u00f3n Provincial de Vialidad tiene presencia en todo el territorio provincial, su labor es reconocida por los pampeanos. Es muy importante estar hoy acompa\u00f1ando a quienes la conforman y a sus familias que muestran un apoyo incondicional con las y los trabajadores viales\u201d, sostuvo.<\/p>\n\n\n\n<p>En tanto Rodrigo Cadenas, presidente de la DPV, durante el encuentro, expres\u00f3, \u201cen estos 70 a\u00f1os, Vialidad Provincial tiene una importante trayectoria que es parte de la historia de La Pampa. Desde sus primeros a\u00f1os se ha trazado como meta propiciar el desarrollo social, comercial y productivo, colaborar con la industria y el crecimiento de todos los sectores, teniendo como principio la prevenci\u00f3n de la siniestralidad vial\u201d.<\/p>\n\n\n\n<p>\u201cConsidero que el camino de la DPV ha sido y es, conectar a la familia pampeana, a la producci\u00f3n y dem\u00e1s aspectos que nos lleven como provincia al desarrollo, que se ven reflejados en los a\u00f1os de trabajo ininterrumpido que reflejan los resultados obtenidos en nuestra red vial pavimentada, que implica inversiones permanentes de gran magnitud para el Estado\u201d.<\/p>\n\n\n\n<p>\u201cLa Direcci\u00f3n Provincial de Vialidad, adem\u00e1s de realizar las funciones estrictas de su competencia, tiene el rol de acompa\u00f1ar a la poblaci\u00f3n en situaciones delicadas como ha sido la pandemia, como son los incendios forestales y las inundaciones, su participaci\u00f3n supera la espec\u00edficamente vial para ser un servicio m\u00e1s a la comunidad que acompa\u00f1a a las pol\u00edticas institucionales del Gobierno provincial\u201d.<\/p>\n","protected":false},"excerpt":{"rendered":"<p>La muestra fotogr\u00e1fica itinerante organizada por la Direcci\u00f3n Provincial de Vialidad, en el marco de su 70 aniversario, tuvo lugar en el auditorio de la repartici\u00f3n en la ma\u00f1ana de&hellip;<\/p>\n","protected":false},"author":4,"featured_media":229129,"comment_status":"closed","ping_status":"open","sticky":false,"template":"","format":"standard","meta":{"_acf_changed":false,"footnotes":""},"categories":[1,12],"tags":[],"class_list":["post-229127","post","type-post","status-publish","format-standard","has-post-thumbnail","hentry","category-es-noticia","category-sociedad"],"acf":[],"yoast_head":"<!-- This site is optimized with the Yoast SEO plugin v27.5 - https:\/\/yoast.com\/product\/yoast-seo-wordpress\/ -->\n<title>La muestra fotogr\u00e1fica itinerante de Vialidad lleg\u00f3 a Santa Rosa - Diario Textual<\/title>\n<meta name=\"robots\" content=\"index, follow, max-snippet:-1, max-image-preview:large, max-video-preview:-1\" \/>\n<link rel=\"canonical\" href=\"https:\/\/diariotextual.com\/inicio\/index.php\/2023\/06\/23\/la-muestra-fotografica-itinerante-de-vialidad-llego-a-santa-rosa\/\" \/>\n<meta property=\"og:locale\" content=\"es_ES\" \/>\n<meta property=\"og:type\" content=\"article\" \/>\n<meta property=\"og:title\" content=\"La muestra fotogr\u00e1fica itinerante de Vialidad lleg\u00f3 a Santa Rosa - Diario Textual\" \/>\n<meta property=\"og:description\" content=\"La muestra fotogr\u00e1fica itinerante organizada por la Direcci\u00f3n Provincial de Vialidad, en el marco de su 70 aniversario, tuvo lugar en el auditorio de la repartici\u00f3n en la ma\u00f1ana de&hellip;\" \/>\n<meta property=\"og:url\" content=\"https:\/\/diariotextual.com\/inicio\/index.php\/2023\/06\/23\/la-muestra-fotografica-itinerante-de-vialidad-llego-a-santa-rosa\/\" \/>\n<meta property=\"og:site_name\" content=\"Diario Textual\" \/>\n<meta property=\"article:publisher\" content=\"https:\/\/www.facebook.com\/eltextual\" \/>\n<meta property=\"article:published_time\" content=\"2023-06-23T10:00:48+00:00\" \/>\n<meta property=\"article:modified_time\" content=\"2023-06-23T10:00:51+00:00\" \/>\n<meta property=\"og:image\" content=\"https:\/\/diariotextual.com\/inicio\/wp-content\/uploads\/2023\/06\/muestravialiodadziliotto5.jpg\" \/>\n\t<meta property=\"og:image:width\" content=\"900\" \/>\n\t<meta property=\"og:image:height\" content=\"606\" \/>\n\t<meta property=\"og:image:type\" content=\"image\/jpeg\" \/>\n<meta name=\"author\" content=\"diario2\" \/>\n<meta name=\"twitter:card\" content=\"summary_large_image\" \/>\n<meta name=\"twitter:creator\" content=\"@eltextual\" \/>\n<meta name=\"twitter:site\" content=\"@eltextual\" \/>\n<meta name=\"twitter:label1\" content=\"Escrito por\" \/>\n\t<meta name=\"twitter:data1\" content=\"diario2\" \/>\n\t<meta name=\"twitter:label2\" content=\"Tiempo de lectura\" \/>\n\t<meta name=\"twitter:data2\" content=\"3 minutos\" \/>\n<script type=\"application\/ld+json\" class=\"yoast-schema-graph\">{\"@context\":\"https:\\\/\\\/schema.org\",\"@graph\":[{\"@type\":\"Article\",\"@id\":\"https:\\\/\\\/diariotextual.com\\\/inicio\\\/index.php\\\/2023\\\/06\\\/23\\\/la-muestra-fotografica-itinerante-de-vialidad-llego-a-santa-rosa\\\/#article\",\"isPartOf\":{\"@id\":\"https:\\\/\\\/diariotextual.com\\\/inicio\\\/index.php\\\/2023\\\/06\\\/23\\\/la-muestra-fotografica-itinerante-de-vialidad-llego-a-santa-rosa\\\/\"},\"author\":{\"name\":\"diario2\",\"@id\":\"https:\\\/\\\/diariotextual.com\\\/inicio\\\/#\\\/schema\\\/person\\\/694f60677f23c4a530867a98f22b3768\"},\"headline\":\"La muestra fotogr\u00e1fica itinerante de Vialidad lleg\u00f3 a Santa Rosa\",\"datePublished\":\"2023-06-23T10:00:48+00:00\",\"dateModified\":\"2023-06-23T10:00:51+00:00\",\"mainEntityOfPage\":{\"@id\":\"https:\\\/\\\/diariotextual.com\\\/inicio\\\/index.php\\\/2023\\\/06\\\/23\\\/la-muestra-fotografica-itinerante-de-vialidad-llego-a-santa-rosa\\\/\"},\"wordCount\":707,\"publisher\":{\"@id\":\"https:\\\/\\\/diariotextual.com\\\/inicio\\\/#organization\"},\"image\":{\"@id\":\"https:\\\/\\\/diariotextual.com\\\/inicio\\\/index.php\\\/2023\\\/06\\\/23\\\/la-muestra-fotografica-itinerante-de-vialidad-llego-a-santa-rosa\\\/#primaryimage\"},\"thumbnailUrl\":\"https:\\\/\\\/diariotextual.com\\\/inicio\\\/wp-content\\\/uploads\\\/2023\\\/06\\\/muestravialiodadziliotto5.jpg\",\"articleSection\":[\"A - ES NOTICIA (van abajo)\",\"SOCIEDAD\"],\"inLanguage\":\"es\"},{\"@type\":\"WebPage\",\"@id\":\"https:\\\/\\\/diariotextual.com\\\/inicio\\\/index.php\\\/2023\\\/06\\\/23\\\/la-muestra-fotografica-itinerante-de-vialidad-llego-a-santa-rosa\\\/\",\"url\":\"https:\\\/\\\/diariotextual.com\\\/inicio\\\/index.php\\\/2023\\\/06\\\/23\\\/la-muestra-fotografica-itinerante-de-vialidad-llego-a-santa-rosa\\\/\",\"name\":\"La muestra fotogr\u00e1fica itinerante de Vialidad lleg\u00f3 a Santa Rosa - Diario Textual\",\"isPartOf\":{\"@id\":\"https:\\\/\\\/diariotextual.com\\\/inicio\\\/#website\"},\"primaryImageOfPage\":{\"@id\":\"https:\\\/\\\/diariotextual.com\\\/inicio\\\/index.php\\\/2023\\\/06\\\/23\\\/la-muestra-fotografica-itinerante-de-vialidad-llego-a-santa-rosa\\\/#primaryimage\"},\"image\":{\"@id\":\"https:\\\/\\\/diariotextual.com\\\/inicio\\\/index.php\\\/2023\\\/06\\\/23\\\/la-muestra-fotografica-itinerante-de-vialidad-llego-a-santa-rosa\\\/#primaryimage\"},\"thumbnailUrl\":\"https:\\\/\\\/diariotextual.com\\\/inicio\\\/wp-content\\\/uploads\\\/2023\\\/06\\\/muestravialiodadziliotto5.jpg\",\"datePublished\":\"2023-06-23T10:00:48+00:00\",\"dateModified\":\"2023-06-23T10:00:51+00:00\",\"breadcrumb\":{\"@id\":\"https:\\\/\\\/diariotextual.com\\\/inicio\\\/index.php\\\/2023\\\/06\\\/23\\\/la-muestra-fotografica-itinerante-de-vialidad-llego-a-santa-rosa\\\/#breadcrumb\"},\"inLanguage\":\"es\",\"potentialAction\":[{\"@type\":\"ReadAction\",\"target\":[\"https:\\\/\\\/diariotextual.com\\\/inicio\\\/index.php\\\/2023\\\/06\\\/23\\\/la-muestra-fotografica-itinerante-de-vialidad-llego-a-santa-rosa\\\/\"]}]},{\"@type\":\"ImageObject\",\"inLanguage\":\"es\",\"@id\":\"https:\\\/\\\/diariotextual.com\\\/inicio\\\/index.php\\\/2023\\\/06\\\/23\\\/la-muestra-fotografica-itinerante-de-vialidad-llego-a-santa-rosa\\\/#primaryimage\",\"url\":\"https:\\\/\\\/diariotextual.com\\\/inicio\\\/wp-content\\\/uploads\\\/2023\\\/06\\\/muestravialiodadziliotto5.jpg\",\"contentUrl\":\"https:\\\/\\\/diariotextual.com\\\/inicio\\\/wp-content\\\/uploads\\\/2023\\\/06\\\/muestravialiodadziliotto5.jpg\",\"width\":900,\"height\":606},{\"@type\":\"BreadcrumbList\",\"@id\":\"https:\\\/\\\/diariotextual.com\\\/inicio\\\/index.php\\\/2023\\\/06\\\/23\\\/la-muestra-fotografica-itinerante-de-vialidad-llego-a-santa-rosa\\\/#breadcrumb\",\"itemListElement\":[{\"@type\":\"ListItem\",\"position\":1,\"name\":\"Portada\",\"item\":\"https:\\\/\\\/diariotextual.com\\\/inicio\\\/\"},{\"@type\":\"ListItem\",\"position\":2,\"name\":\"La muestra fotogr\u00e1fica itinerante de Vialidad lleg\u00f3 a Santa Rosa\"}]},{\"@type\":\"WebSite\",\"@id\":\"https:\\\/\\\/diariotextual.com\\\/inicio\\\/#website\",\"url\":\"https:\\\/\\\/diariotextual.com\\\/inicio\\\/\",\"name\":\"Diario Textual\",\"description\":\"\",\"publisher\":{\"@id\":\"https:\\\/\\\/diariotextual.com\\\/inicio\\\/#organization\"},\"potentialAction\":[{\"@type\":\"SearchAction\",\"target\":{\"@type\":\"EntryPoint\",\"urlTemplate\":\"https:\\\/\\\/diariotextual.com\\\/inicio\\\/?s={search_term_string}\"},\"query-input\":{\"@type\":\"PropertyValueSpecification\",\"valueRequired\":true,\"valueName\":\"search_term_string\"}}],\"inLanguage\":\"es\"},{\"@type\":\"Organization\",\"@id\":\"https:\\\/\\\/diariotextual.com\\\/inicio\\\/#organization\",\"name\":\"Diario Textual\",\"url\":\"https:\\\/\\\/diariotextual.com\\\/inicio\\\/\",\"logo\":{\"@type\":\"ImageObject\",\"inLanguage\":\"es\",\"@id\":\"https:\\\/\\\/diariotextual.com\\\/inicio\\\/#\\\/schema\\\/logo\\\/image\\\/\",\"url\":\"https:\\\/\\\/diariotextual.com\\\/inicio\\\/wp-content\\\/uploads\\\/2023\\\/05\\\/logotextual1.jpg\",\"contentUrl\":\"https:\\\/\\\/diariotextual.com\\\/inicio\\\/wp-content\\\/uploads\\\/2023\\\/05\\\/logotextual1.jpg\",\"width\":516,\"height\":76,\"caption\":\"Diario Textual\"},\"image\":{\"@id\":\"https:\\\/\\\/diariotextual.com\\\/inicio\\\/#\\\/schema\\\/logo\\\/image\\\/\"},\"sameAs\":[\"https:\\\/\\\/www.facebook.com\\\/eltextual\",\"https:\\\/\\\/x.com\\\/eltextual\",\"http:\\\/\\\/www.instagram.com\\\/eltextual\"]},{\"@type\":\"Person\",\"@id\":\"https:\\\/\\\/diariotextual.com\\\/inicio\\\/#\\\/schema\\\/person\\\/694f60677f23c4a530867a98f22b3768\",\"name\":\"diario2\",\"image\":{\"@type\":\"ImageObject\",\"inLanguage\":\"es\",\"@id\":\"https:\\\/\\\/secure.gravatar.com\\\/avatar\\\/5a2567495ba16b852fcd8f1ed006a2e24fcace936018ed8237e95f488ad6e0a7?s=96&d=mm&r=g\",\"url\":\"https:\\\/\\\/secure.gravatar.com\\\/avatar\\\/5a2567495ba16b852fcd8f1ed006a2e24fcace936018ed8237e95f488ad6e0a7?s=96&d=mm&r=g\",\"contentUrl\":\"https:\\\/\\\/secure.gravatar.com\\\/avatar\\\/5a2567495ba16b852fcd8f1ed006a2e24fcace936018ed8237e95f488ad6e0a7?s=96&d=mm&r=g\",\"caption\":\"diario2\"},\"url\":\"https:\\\/\\\/diariotextual.com\\\/inicio\\\/index.php\\\/author\\\/diario2\\\/\"}]}<\/script>\n<!-- \/ Yoast SEO plugin. -->","yoast_head_json":{"title":"La muestra fotogr\u00e1fica itinerante de Vialidad lleg\u00f3 a Santa Rosa - Diario Textual","robots":{"index":"index","follow":"follow","max-snippet":"max-snippet:-1","max-image-preview":"max-image-preview:large","max-video-preview":"max-video-preview:-1"},"canonical":"https:\/\/diariotextual.com\/inicio\/index.php\/2023\/06\/23\/la-muestra-fotografica-itinerante-de-vialidad-llego-a-santa-rosa\/","og_locale":"es_ES","og_type":"article","og_title":"La muestra fotogr\u00e1fica itinerante de Vialidad lleg\u00f3 a Santa Rosa - Diario Textual","og_description":"La muestra fotogr\u00e1fica itinerante organizada por la Direcci\u00f3n Provincial de Vialidad, en el marco de su 70 aniversario, tuvo lugar en el auditorio de la repartici\u00f3n en la ma\u00f1ana de&hellip;","og_url":"https:\/\/diariotextual.com\/inicio\/index.php\/2023\/06\/23\/la-muestra-fotografica-itinerante-de-vialidad-llego-a-santa-rosa\/","og_site_name":"Diario Textual","article_publisher":"https:\/\/www.facebook.com\/eltextual","article_published_time":"2023-06-23T10:00:48+00:00","article_modified_time":"2023-06-23T10:00:51+00:00","og_image":[{"width":900,"height":606,"url":"https:\/\/diariotextual.com\/inicio\/wp-content\/uploads\/2023\/06\/muestravialiodadziliotto5.jpg","type":"image\/jpeg"}],"author":"diario2","twitter_card":"summary_large_image","twitter_creator":"@eltextual","twitter_site":"@eltextual","twitter_misc":{"Escrito por":"diario2","Tiempo de lectura":"3 minutos"},"schema":{"@context":"https:\/\/schema.org","@graph":[{"@type":"Article","@id":"https:\/\/diariotextual.com\/inicio\/index.php\/2023\/06\/23\/la-muestra-fotografica-itinerante-de-vialidad-llego-a-santa-rosa\/#article","isPartOf":{"@id":"https:\/\/diariotextual.com\/inicio\/index.php\/2023\/06\/23\/la-muestra-fotografica-itinerante-de-vialidad-llego-a-santa-rosa\/"},"author":{"name":"diario2","@id":"https:\/\/diariotextual.com\/inicio\/#\/schema\/person\/694f60677f23c4a530867a98f22b3768"},"headline":"La muestra fotogr\u00e1fica itinerante de Vialidad lleg\u00f3 a Santa Rosa","datePublished":"2023-06-23T10:00:48+00:00","dateModified":"2023-06-23T10:00:51+00:00","mainEntityOfPage":{"@id":"https:\/\/diariotextual.com\/inicio\/index.php\/2023\/06\/23\/la-muestra-fotografica-itinerante-de-vialidad-llego-a-santa-rosa\/"},"wordCount":707,"publisher":{"@id":"https:\/\/diariotextual.com\/inicio\/#organization"},"image":{"@id":"https:\/\/diariotextual.com\/inicio\/index.php\/2023\/06\/23\/la-muestra-fotografica-itinerante-de-vialidad-llego-a-santa-rosa\/#primaryimage"},"thumbnailUrl":"https:\/\/diariotextual.com\/inicio\/wp-content\/uploads\/2023\/06\/muestravialiodadziliotto5.jpg","articleSection":["A - ES NOTICIA (van abajo)","SOCIEDAD"],"inLanguage":"es"},{"@type":"WebPage","@id":"https:\/\/diariotextual.com\/inicio\/index.php\/2023\/06\/23\/la-muestra-fotografica-itinerante-de-vialidad-llego-a-santa-rosa\/","url":"https:\/\/diariotextual.com\/inicio\/index.php\/2023\/06\/23\/la-muestra-fotografica-itinerante-de-vialidad-llego-a-santa-rosa\/","name":"La muestra fotogr\u00e1fica itinerante de Vialidad lleg\u00f3 a Santa Rosa - Diario Textual","isPartOf":{"@id":"https:\/\/diariotextual.com\/inicio\/#website"},"primaryImageOfPage":{"@id":"https:\/\/diariotextual.com\/inicio\/index.php\/2023\/06\/23\/la-muestra-fotografica-itinerante-de-vialidad-llego-a-santa-rosa\/#primaryimage"},"image":{"@id":"https:\/\/diariotextual.com\/inicio\/index.php\/2023\/06\/23\/la-muestra-fotografica-itinerante-de-vialidad-llego-a-santa-rosa\/#primaryimage"},"thumbnailUrl":"https:\/\/diariotextual.com\/inicio\/wp-content\/uploads\/2023\/06\/muestravialiodadziliotto5.jpg","datePublished":"2023-06-23T10:00:48+00:00","dateModified":"2023-06-23T10:00:51+00:00","breadcrumb":{"@id":"https:\/\/diariotextual.com\/inicio\/index.php\/2023\/06\/23\/la-muestra-fotografica-itinerante-de-vialidad-llego-a-santa-rosa\/#breadcrumb"},"inLanguage":"es","potentialAction":[{"@type":"ReadAction","target":["https:\/\/diariotextual.com\/inicio\/index.php\/2023\/06\/23\/la-muestra-fotografica-itinerante-de-vialidad-llego-a-santa-rosa\/"]}]},{"@type":"ImageObject","inLanguage":"es","@id":"https:\/\/diariotextual.com\/inicio\/index.php\/2023\/06\/23\/la-muestra-fotografica-itinerante-de-vialidad-llego-a-santa-rosa\/#primaryimage","url":"https:\/\/diariotextual.com\/inicio\/wp-content\/uploads\/2023\/06\/muestravialiodadziliotto5.jpg","contentUrl":"https:\/\/diariotextual.com\/inicio\/wp-content\/uploads\/2023\/06\/muestravialiodadziliotto5.jpg","width":900,"height":606},{"@type":"BreadcrumbList","@id":"https:\/\/diariotextual.com\/inicio\/index.php\/2023\/06\/23\/la-muestra-fotografica-itinerante-de-vialidad-llego-a-santa-rosa\/#breadcrumb","itemListElement":[{"@type":"ListItem","position":1,"name":"Portada","item":"https:\/\/diariotextual.com\/inicio\/"},{"@type":"ListItem","position":2,"name":"La muestra fotogr\u00e1fica itinerante de Vialidad lleg\u00f3 a Santa Rosa"}]},{"@type":"WebSite","@id":"https:\/\/diariotextual.com\/inicio\/#website","url":"https:\/\/diariotextual.com\/inicio\/","name":"Diario Textual","description":"","publisher":{"@id":"https:\/\/diariotextual.com\/inicio\/#organization"},"potentialAction":[{"@type":"SearchAction","target":{"@type":"EntryPoint","urlTemplate":"https:\/\/diariotextual.com\/inicio\/?s={search_term_string}"},"query-input":{"@type":"PropertyValueSpecification","valueRequired":true,"valueName":"search_term_string"}}],"inLanguage":"es"},{"@type":"Organization","@id":"https:\/\/diariotextual.com\/inicio\/#organization","name":"Diario Textual","url":"https:\/\/diariotextual.com\/inicio\/","logo":{"@type":"ImageObject","inLanguage":"es","@id":"https:\/\/diariotextual.com\/inicio\/#\/schema\/logo\/image\/","url":"https:\/\/diariotextual.com\/inicio\/wp-content\/uploads\/2023\/05\/logotextual1.jpg","contentUrl":"https:\/\/diariotextual.com\/inicio\/wp-content\/uploads\/2023\/05\/logotextual1.jpg","width":516,"height":76,"caption":"Diario Textual"},"image":{"@id":"https:\/\/diariotextual.com\/inicio\/#\/schema\/logo\/image\/"},"sameAs":["https:\/\/www.facebook.com\/eltextual","https:\/\/x.com\/eltextual","http:\/\/www.instagram.com\/eltextual"]},{"@type":"Person","@id":"https:\/\/diariotextual.com\/inicio\/#\/schema\/person\/694f60677f23c4a530867a98f22b3768","name":"diario2","image":{"@type":"ImageObject","inLanguage":"es","@id":"https:\/\/secure.gravatar.com\/avatar\/5a2567495ba16b852fcd8f1ed006a2e24fcace936018ed8237e95f488ad6e0a7?s=96&d=mm&r=g","url":"https:\/\/secure.gravatar.com\/avatar\/5a2567495ba16b852fcd8f1ed006a2e24fcace936018ed8237e95f488ad6e0a7?s=96&d=mm&r=g","contentUrl":"https:\/\/secure.gravatar.com\/avatar\/5a2567495ba16b852fcd8f1ed006a2e24fcace936018ed8237e95f488ad6e0a7?s=96&d=mm&r=g","caption":"diario2"},"url":"https:\/\/diariotextual.com\/inicio\/index.php\/author\/diario2\/"}]}},"_links":{"self":[{"href":"https:\/\/diariotextual.com\/inicio\/index.php\/wp-json\/wp\/v2\/posts\/229127","targetHints":{"allow":["GET"]}}],"collection":[{"href":"https:\/\/diariotextual.com\/inicio\/index.php\/wp-json\/wp\/v2\/posts"}],"about":[{"href":"https:\/\/diariotextual.com\/inicio\/index.php\/wp-json\/wp\/v2\/types\/post"}],"author":[{"embeddable":true,"href":"https:\/\/diariotextual.com\/inicio\/index.php\/wp-json\/wp\/v2\/users\/4"}],"replies":[{"embeddable":true,"href":"https:\/\/diariotextual.com\/inicio\/index.php\/wp-json\/wp\/v2\/comments?post=229127"}],"version-history":[{"count":2,"href":"https:\/\/diariotextual.com\/inicio\/index.php\/wp-json\/wp\/v2\/posts\/229127\/revisions"}],"predecessor-version":[{"id":229130,"href":"https:\/\/diariotextual.com\/inicio\/index.php\/wp-json\/wp\/v2\/posts\/229127\/revisions\/229130"}],"wp:featuredmedia":[{"embeddable":true,"href":"https:\/\/diariotextual.com\/inicio\/index.php\/wp-json\/wp\/v2\/media\/229129"}],"wp:attachment":[{"href":"https:\/\/diariotextual.com\/inicio\/index.php\/wp-json\/wp\/v2\/media?parent=229127"}],"wp:term":[{"taxonomy":"category","embeddable":true,"href":"https:\/\/diariotextual.com\/inicio\/index.php\/wp-json\/wp\/v2\/categories?post=229127"},{"taxonomy":"post_tag","embeddable":true,"href":"https:\/\/diariotextual.com\/inicio\/index.php\/wp-json\/wp\/v2\/tags?post=229127"}],"curies":[{"name":"wp","href":"https:\/\/api.w.org\/{rel}","templated":true}]}}