{"id":229173,"date":"2023-06-23T12:26:45","date_gmt":"2023-06-23T15:26:45","guid":{"rendered":"https:\/\/diariotextual.com\/inicio\/?p=229173"},"modified":"2023-06-23T12:26:47","modified_gmt":"2023-06-23T15:26:47","slug":"ciberdelitos-una-tema-de-charla-y-consulta-en-los-colegios","status":"publish","type":"post","link":"https:\/\/diariotextual.com\/inicio\/index.php\/2023\/06\/23\/ciberdelitos-una-tema-de-charla-y-consulta-en-los-colegios\/","title":{"rendered":"Ciberdelitos, una tema de charla y consulta en los colegios"},"content":{"rendered":"\n<p>Un grupo de 75 estudiantes de tercer y cuarto a\u00f1o del Colegio Secundario Polivalente de Arte, de Santa Rosa, particip\u00f3 de una <strong>charla sobre ciberdelitos <\/strong>que brind\u00f3 la defensora oficial, Mar\u00eda Silvina Blanco G\u00f3mez, en la biblioteca de la instituci\u00f3n, en el marco del <strong>programa \u201cEducaci\u00f3n + Justicia\u201d<\/strong> que promueve el Superior Tribunal de Justicia.<\/p>\n\n\n\n<p>Durante ella, y a partir de una serie de preguntas que presentaron los alumnos y alumnas, la funcionaria explic\u00f3 cu\u00e1les son los delitos que el C\u00f3digo Penal incluye en esa categor\u00eda y cu\u00e1les son las conductas similares que no est\u00e1n abarcadas en ese texto.<\/p>\n\n\n\n<p>\u00bfQu\u00e9 preguntaron los j\u00f3venes? Lo siguiente: \u00bfqu\u00e9 es Anonymous y qu\u00e9 hace?, \u00bfqu\u00e9 tipo de delitos inform\u00e1ticos existen?, \u00bfcu\u00e1les son las penas para los delitos inform\u00e1ticos?, \u00bfcu\u00e1ndo se considera que se produjo un ciberdelito?, \u00bfqu\u00e9 leyes nos resguardan cuando ocurren esos delitos?, \u00bfse puede conocer la identidad real de una persona que est\u00e1 detr\u00e1s de un ciberdelito con un perfil falso?, \u00bfcu\u00e1ndo y c\u00f3mo nos damos cuenta que se est\u00e1 cometiendo un ciberacoso?, \u00bfqu\u00e9 consejos dar\u00eda acerca de enviar la ubicaci\u00f3n actual por Whatsapp?, \u00bfc\u00f3mo se puede recuperar una cuenta luego de ser hacheada?, \u00bfc\u00f3mo denunciar un ciberdelito?, \u00bfc\u00f3mo hacer para que el uso de Instagram sea m\u00e1s seguro?, \u00bfqu\u00e9 hay que tener en cuenta al usar las redes sociales?, \u00bfexiste una forma recomendable?<\/p>\n\n\n\n<p>A partir de esas inquietudes, Blanco G\u00f3mez explic\u00f3 como se producen las sustituciones de identidad y qu\u00e9 precauciones hay que tomar ante ello; especialmente no responder frente al mensaje de un desconocido, tratar de constatar previamente su identidad o recurrir a un adulto mayor. Justamente la usurpaci\u00f3n de identidad es una figura que el C.P. prev\u00e9 como delito.<\/p>\n\n\n\n<p>M\u00e1s adelante, la defensora se\u00f1al\u00f3 que ante esas situaciones lo recomendable \u201ces no borrar nada e ir con ese material al Ministerio P\u00fablico o a la polic\u00eda a formular una denuncia. Tampoco es conveniente que un mayor se ponga a responderle a quien envi\u00f3 el mensaje, bajo una identidad falsa, porque podr\u00eda estar alert\u00e1ndolo\u201d.<\/p>\n\n\n\n<p>\u201cSiempre decimos lo mismo, las redes sociales no son herramientas malas; pero hay que usarlas con responsabilidad porque a trav\u00e9s de cada mensaje, foto o video que ustedes publican est\u00e1n armando su propia huella digital y esa informaci\u00f3n puede ser utilizada por muchas personas \u2013agreg\u00f3 Blanco G\u00f3mez\u2013. \u00bfPor qu\u00e9? Porque con solo una imagen pueden mostrar d\u00f3nde viven, a qu\u00e9 colegio van, qui\u00e9nes son sus amigos, qu\u00e9 vestimenta usan y qu\u00e9 lugares frecuentan, entre muchas otros datos\u201d.<\/p>\n\n\n\n<p>Tambi\u00e9n la disertante habl\u00f3 sobre el delito de grooming, es decir el contacto de un mayor con una ni\u00f1a, ni\u00f1o o adolescente, a trav\u00e9s de medios electr\u00f3nicos y con fines sexuales. \u201cNo hace falta que exista un contacto f\u00edsico entre ambos, sino que el delito se comete \u2013y est\u00e1 penado con hasta cuatro a\u00f1os de prisi\u00f3n\u2013 por el solo hecho de que la persona mayor, que puede ser hombre o mujer, contacta al menor para pedirle algo que tenga connotaci\u00f3n sexual, como puede ser un video o una foto\u201d.<\/p>\n\n\n\n<p>\u201cEducaci\u00f3n + Justicia\u201d es una iniciativa que el STJ promovi\u00f3 en 2015 y a trav\u00e9s de este programa se busca un acercamiento real, y especialmente de los j\u00f3venes que est\u00e1n cerca de cumplir la mayor\u00eda de edad, a la Justicia pampeana.<\/p>\n\n\n\n<p>Su oferta pedag\u00f3gica incluye charlas de funcionarios y magistrados en las escuelas \u2013especialmente del interior de la provincia\u2013, asistencia de alumnos\/as a debates orales, visitas guiadas a edificios judiciales y la organizaci\u00f3n de simulacros de juicio. \u200b<\/p>\n","protected":false},"excerpt":{"rendered":"<p>Un grupo de 75 estudiantes de tercer y cuarto a\u00f1o del Colegio Secundario Polivalente de Arte, de Santa Rosa, particip\u00f3 de una charla sobre ciberdelitos que brind\u00f3 la defensora oficial,&hellip;<\/p>\n","protected":false},"author":4,"featured_media":229174,"comment_status":"closed","ping_status":"open","sticky":false,"template":"","format":"standard","meta":{"_acf_changed":false,"footnotes":""},"categories":[1,12],"tags":[],"class_list":["post-229173","post","type-post","status-publish","format-standard","has-post-thumbnail","hentry","category-es-noticia","category-sociedad"],"acf":[],"yoast_head":"<!-- This site is optimized with the Yoast SEO plugin v27.5 - https:\/\/yoast.com\/product\/yoast-seo-wordpress\/ -->\n<title>Ciberdelitos, una tema de charla y consulta en los colegios - Diario Textual<\/title>\n<meta name=\"robots\" content=\"index, follow, max-snippet:-1, max-image-preview:large, max-video-preview:-1\" \/>\n<link rel=\"canonical\" href=\"https:\/\/diariotextual.com\/inicio\/index.php\/2023\/06\/23\/ciberdelitos-una-tema-de-charla-y-consulta-en-los-colegios\/\" \/>\n<meta property=\"og:locale\" content=\"es_ES\" \/>\n<meta property=\"og:type\" content=\"article\" \/>\n<meta property=\"og:title\" content=\"Ciberdelitos, una tema de charla y consulta en los colegios - Diario Textual\" \/>\n<meta property=\"og:description\" content=\"Un grupo de 75 estudiantes de tercer y cuarto a\u00f1o del Colegio Secundario Polivalente de Arte, de Santa Rosa, particip\u00f3 de una charla sobre ciberdelitos que brind\u00f3 la defensora oficial,&hellip;\" \/>\n<meta property=\"og:url\" content=\"https:\/\/diariotextual.com\/inicio\/index.php\/2023\/06\/23\/ciberdelitos-una-tema-de-charla-y-consulta-en-los-colegios\/\" \/>\n<meta property=\"og:site_name\" content=\"Diario Textual\" \/>\n<meta property=\"article:publisher\" content=\"https:\/\/www.facebook.com\/eltextual\" \/>\n<meta property=\"article:published_time\" content=\"2023-06-23T15:26:45+00:00\" \/>\n<meta property=\"article:modified_time\" content=\"2023-06-23T15:26:47+00:00\" \/>\n<meta property=\"og:image\" content=\"https:\/\/diariotextual.com\/inicio\/wp-content\/uploads\/2023\/06\/polivalentecharlaalumnos45.jpg\" \/>\n\t<meta property=\"og:image:width\" content=\"899\" \/>\n\t<meta property=\"og:image:height\" content=\"576\" \/>\n\t<meta property=\"og:image:type\" content=\"image\/jpeg\" \/>\n<meta name=\"author\" content=\"diario2\" \/>\n<meta name=\"twitter:card\" content=\"summary_large_image\" \/>\n<meta name=\"twitter:creator\" content=\"@eltextual\" \/>\n<meta name=\"twitter:site\" content=\"@eltextual\" \/>\n<meta name=\"twitter:label1\" content=\"Escrito por\" \/>\n\t<meta name=\"twitter:data1\" content=\"diario2\" \/>\n\t<meta name=\"twitter:label2\" content=\"Tiempo de lectura\" \/>\n\t<meta name=\"twitter:data2\" content=\"3 minutos\" \/>\n<script type=\"application\/ld+json\" class=\"yoast-schema-graph\">{\"@context\":\"https:\\\/\\\/schema.org\",\"@graph\":[{\"@type\":\"Article\",\"@id\":\"https:\\\/\\\/diariotextual.com\\\/inicio\\\/index.php\\\/2023\\\/06\\\/23\\\/ciberdelitos-una-tema-de-charla-y-consulta-en-los-colegios\\\/#article\",\"isPartOf\":{\"@id\":\"https:\\\/\\\/diariotextual.com\\\/inicio\\\/index.php\\\/2023\\\/06\\\/23\\\/ciberdelitos-una-tema-de-charla-y-consulta-en-los-colegios\\\/\"},\"author\":{\"name\":\"diario2\",\"@id\":\"https:\\\/\\\/diariotextual.com\\\/inicio\\\/#\\\/schema\\\/person\\\/694f60677f23c4a530867a98f22b3768\"},\"headline\":\"Ciberdelitos, una tema de charla y consulta en los colegios\",\"datePublished\":\"2023-06-23T15:26:45+00:00\",\"dateModified\":\"2023-06-23T15:26:47+00:00\",\"mainEntityOfPage\":{\"@id\":\"https:\\\/\\\/diariotextual.com\\\/inicio\\\/index.php\\\/2023\\\/06\\\/23\\\/ciberdelitos-una-tema-de-charla-y-consulta-en-los-colegios\\\/\"},\"wordCount\":640,\"publisher\":{\"@id\":\"https:\\\/\\\/diariotextual.com\\\/inicio\\\/#organization\"},\"image\":{\"@id\":\"https:\\\/\\\/diariotextual.com\\\/inicio\\\/index.php\\\/2023\\\/06\\\/23\\\/ciberdelitos-una-tema-de-charla-y-consulta-en-los-colegios\\\/#primaryimage\"},\"thumbnailUrl\":\"https:\\\/\\\/diariotextual.com\\\/inicio\\\/wp-content\\\/uploads\\\/2023\\\/06\\\/polivalentecharlaalumnos45.jpg\",\"articleSection\":[\"A - ES NOTICIA (van abajo)\",\"SOCIEDAD\"],\"inLanguage\":\"es\"},{\"@type\":\"WebPage\",\"@id\":\"https:\\\/\\\/diariotextual.com\\\/inicio\\\/index.php\\\/2023\\\/06\\\/23\\\/ciberdelitos-una-tema-de-charla-y-consulta-en-los-colegios\\\/\",\"url\":\"https:\\\/\\\/diariotextual.com\\\/inicio\\\/index.php\\\/2023\\\/06\\\/23\\\/ciberdelitos-una-tema-de-charla-y-consulta-en-los-colegios\\\/\",\"name\":\"Ciberdelitos, una tema de charla y consulta en los colegios - Diario Textual\",\"isPartOf\":{\"@id\":\"https:\\\/\\\/diariotextual.com\\\/inicio\\\/#website\"},\"primaryImageOfPage\":{\"@id\":\"https:\\\/\\\/diariotextual.com\\\/inicio\\\/index.php\\\/2023\\\/06\\\/23\\\/ciberdelitos-una-tema-de-charla-y-consulta-en-los-colegios\\\/#primaryimage\"},\"image\":{\"@id\":\"https:\\\/\\\/diariotextual.com\\\/inicio\\\/index.php\\\/2023\\\/06\\\/23\\\/ciberdelitos-una-tema-de-charla-y-consulta-en-los-colegios\\\/#primaryimage\"},\"thumbnailUrl\":\"https:\\\/\\\/diariotextual.com\\\/inicio\\\/wp-content\\\/uploads\\\/2023\\\/06\\\/polivalentecharlaalumnos45.jpg\",\"datePublished\":\"2023-06-23T15:26:45+00:00\",\"dateModified\":\"2023-06-23T15:26:47+00:00\",\"breadcrumb\":{\"@id\":\"https:\\\/\\\/diariotextual.com\\\/inicio\\\/index.php\\\/2023\\\/06\\\/23\\\/ciberdelitos-una-tema-de-charla-y-consulta-en-los-colegios\\\/#breadcrumb\"},\"inLanguage\":\"es\",\"potentialAction\":[{\"@type\":\"ReadAction\",\"target\":[\"https:\\\/\\\/diariotextual.com\\\/inicio\\\/index.php\\\/2023\\\/06\\\/23\\\/ciberdelitos-una-tema-de-charla-y-consulta-en-los-colegios\\\/\"]}]},{\"@type\":\"ImageObject\",\"inLanguage\":\"es\",\"@id\":\"https:\\\/\\\/diariotextual.com\\\/inicio\\\/index.php\\\/2023\\\/06\\\/23\\\/ciberdelitos-una-tema-de-charla-y-consulta-en-los-colegios\\\/#primaryimage\",\"url\":\"https:\\\/\\\/diariotextual.com\\\/inicio\\\/wp-content\\\/uploads\\\/2023\\\/06\\\/polivalentecharlaalumnos45.jpg\",\"contentUrl\":\"https:\\\/\\\/diariotextual.com\\\/inicio\\\/wp-content\\\/uploads\\\/2023\\\/06\\\/polivalentecharlaalumnos45.jpg\",\"width\":899,\"height\":576},{\"@type\":\"BreadcrumbList\",\"@id\":\"https:\\\/\\\/diariotextual.com\\\/inicio\\\/index.php\\\/2023\\\/06\\\/23\\\/ciberdelitos-una-tema-de-charla-y-consulta-en-los-colegios\\\/#breadcrumb\",\"itemListElement\":[{\"@type\":\"ListItem\",\"position\":1,\"name\":\"Portada\",\"item\":\"https:\\\/\\\/diariotextual.com\\\/inicio\\\/\"},{\"@type\":\"ListItem\",\"position\":2,\"name\":\"Ciberdelitos, una tema de charla y consulta en los colegios\"}]},{\"@type\":\"WebSite\",\"@id\":\"https:\\\/\\\/diariotextual.com\\\/inicio\\\/#website\",\"url\":\"https:\\\/\\\/diariotextual.com\\\/inicio\\\/\",\"name\":\"Diario Textual\",\"description\":\"\",\"publisher\":{\"@id\":\"https:\\\/\\\/diariotextual.com\\\/inicio\\\/#organization\"},\"potentialAction\":[{\"@type\":\"SearchAction\",\"target\":{\"@type\":\"EntryPoint\",\"urlTemplate\":\"https:\\\/\\\/diariotextual.com\\\/inicio\\\/?s={search_term_string}\"},\"query-input\":{\"@type\":\"PropertyValueSpecification\",\"valueRequired\":true,\"valueName\":\"search_term_string\"}}],\"inLanguage\":\"es\"},{\"@type\":\"Organization\",\"@id\":\"https:\\\/\\\/diariotextual.com\\\/inicio\\\/#organization\",\"name\":\"Diario Textual\",\"url\":\"https:\\\/\\\/diariotextual.com\\\/inicio\\\/\",\"logo\":{\"@type\":\"ImageObject\",\"inLanguage\":\"es\",\"@id\":\"https:\\\/\\\/diariotextual.com\\\/inicio\\\/#\\\/schema\\\/logo\\\/image\\\/\",\"url\":\"https:\\\/\\\/diariotextual.com\\\/inicio\\\/wp-content\\\/uploads\\\/2023\\\/05\\\/logotextual1.jpg\",\"contentUrl\":\"https:\\\/\\\/diariotextual.com\\\/inicio\\\/wp-content\\\/uploads\\\/2023\\\/05\\\/logotextual1.jpg\",\"width\":516,\"height\":76,\"caption\":\"Diario Textual\"},\"image\":{\"@id\":\"https:\\\/\\\/diariotextual.com\\\/inicio\\\/#\\\/schema\\\/logo\\\/image\\\/\"},\"sameAs\":[\"https:\\\/\\\/www.facebook.com\\\/eltextual\",\"https:\\\/\\\/x.com\\\/eltextual\",\"http:\\\/\\\/www.instagram.com\\\/eltextual\"]},{\"@type\":\"Person\",\"@id\":\"https:\\\/\\\/diariotextual.com\\\/inicio\\\/#\\\/schema\\\/person\\\/694f60677f23c4a530867a98f22b3768\",\"name\":\"diario2\",\"image\":{\"@type\":\"ImageObject\",\"inLanguage\":\"es\",\"@id\":\"https:\\\/\\\/secure.gravatar.com\\\/avatar\\\/5a2567495ba16b852fcd8f1ed006a2e24fcace936018ed8237e95f488ad6e0a7?s=96&d=mm&r=g\",\"url\":\"https:\\\/\\\/secure.gravatar.com\\\/avatar\\\/5a2567495ba16b852fcd8f1ed006a2e24fcace936018ed8237e95f488ad6e0a7?s=96&d=mm&r=g\",\"contentUrl\":\"https:\\\/\\\/secure.gravatar.com\\\/avatar\\\/5a2567495ba16b852fcd8f1ed006a2e24fcace936018ed8237e95f488ad6e0a7?s=96&d=mm&r=g\",\"caption\":\"diario2\"},\"url\":\"https:\\\/\\\/diariotextual.com\\\/inicio\\\/index.php\\\/author\\\/diario2\\\/\"}]}<\/script>\n<!-- \/ Yoast SEO plugin. -->","yoast_head_json":{"title":"Ciberdelitos, una tema de charla y consulta en los colegios - Diario Textual","robots":{"index":"index","follow":"follow","max-snippet":"max-snippet:-1","max-image-preview":"max-image-preview:large","max-video-preview":"max-video-preview:-1"},"canonical":"https:\/\/diariotextual.com\/inicio\/index.php\/2023\/06\/23\/ciberdelitos-una-tema-de-charla-y-consulta-en-los-colegios\/","og_locale":"es_ES","og_type":"article","og_title":"Ciberdelitos, una tema de charla y consulta en los colegios - Diario Textual","og_description":"Un grupo de 75 estudiantes de tercer y cuarto a\u00f1o del Colegio Secundario Polivalente de Arte, de Santa Rosa, particip\u00f3 de una charla sobre ciberdelitos que brind\u00f3 la defensora oficial,&hellip;","og_url":"https:\/\/diariotextual.com\/inicio\/index.php\/2023\/06\/23\/ciberdelitos-una-tema-de-charla-y-consulta-en-los-colegios\/","og_site_name":"Diario Textual","article_publisher":"https:\/\/www.facebook.com\/eltextual","article_published_time":"2023-06-23T15:26:45+00:00","article_modified_time":"2023-06-23T15:26:47+00:00","og_image":[{"width":899,"height":576,"url":"https:\/\/diariotextual.com\/inicio\/wp-content\/uploads\/2023\/06\/polivalentecharlaalumnos45.jpg","type":"image\/jpeg"}],"author":"diario2","twitter_card":"summary_large_image","twitter_creator":"@eltextual","twitter_site":"@eltextual","twitter_misc":{"Escrito por":"diario2","Tiempo de lectura":"3 minutos"},"schema":{"@context":"https:\/\/schema.org","@graph":[{"@type":"Article","@id":"https:\/\/diariotextual.com\/inicio\/index.php\/2023\/06\/23\/ciberdelitos-una-tema-de-charla-y-consulta-en-los-colegios\/#article","isPartOf":{"@id":"https:\/\/diariotextual.com\/inicio\/index.php\/2023\/06\/23\/ciberdelitos-una-tema-de-charla-y-consulta-en-los-colegios\/"},"author":{"name":"diario2","@id":"https:\/\/diariotextual.com\/inicio\/#\/schema\/person\/694f60677f23c4a530867a98f22b3768"},"headline":"Ciberdelitos, una tema de charla y consulta en los colegios","datePublished":"2023-06-23T15:26:45+00:00","dateModified":"2023-06-23T15:26:47+00:00","mainEntityOfPage":{"@id":"https:\/\/diariotextual.com\/inicio\/index.php\/2023\/06\/23\/ciberdelitos-una-tema-de-charla-y-consulta-en-los-colegios\/"},"wordCount":640,"publisher":{"@id":"https:\/\/diariotextual.com\/inicio\/#organization"},"image":{"@id":"https:\/\/diariotextual.com\/inicio\/index.php\/2023\/06\/23\/ciberdelitos-una-tema-de-charla-y-consulta-en-los-colegios\/#primaryimage"},"thumbnailUrl":"https:\/\/diariotextual.com\/inicio\/wp-content\/uploads\/2023\/06\/polivalentecharlaalumnos45.jpg","articleSection":["A - ES NOTICIA (van abajo)","SOCIEDAD"],"inLanguage":"es"},{"@type":"WebPage","@id":"https:\/\/diariotextual.com\/inicio\/index.php\/2023\/06\/23\/ciberdelitos-una-tema-de-charla-y-consulta-en-los-colegios\/","url":"https:\/\/diariotextual.com\/inicio\/index.php\/2023\/06\/23\/ciberdelitos-una-tema-de-charla-y-consulta-en-los-colegios\/","name":"Ciberdelitos, una tema de charla y consulta en los colegios - Diario Textual","isPartOf":{"@id":"https:\/\/diariotextual.com\/inicio\/#website"},"primaryImageOfPage":{"@id":"https:\/\/diariotextual.com\/inicio\/index.php\/2023\/06\/23\/ciberdelitos-una-tema-de-charla-y-consulta-en-los-colegios\/#primaryimage"},"image":{"@id":"https:\/\/diariotextual.com\/inicio\/index.php\/2023\/06\/23\/ciberdelitos-una-tema-de-charla-y-consulta-en-los-colegios\/#primaryimage"},"thumbnailUrl":"https:\/\/diariotextual.com\/inicio\/wp-content\/uploads\/2023\/06\/polivalentecharlaalumnos45.jpg","datePublished":"2023-06-23T15:26:45+00:00","dateModified":"2023-06-23T15:26:47+00:00","breadcrumb":{"@id":"https:\/\/diariotextual.com\/inicio\/index.php\/2023\/06\/23\/ciberdelitos-una-tema-de-charla-y-consulta-en-los-colegios\/#breadcrumb"},"inLanguage":"es","potentialAction":[{"@type":"ReadAction","target":["https:\/\/diariotextual.com\/inicio\/index.php\/2023\/06\/23\/ciberdelitos-una-tema-de-charla-y-consulta-en-los-colegios\/"]}]},{"@type":"ImageObject","inLanguage":"es","@id":"https:\/\/diariotextual.com\/inicio\/index.php\/2023\/06\/23\/ciberdelitos-una-tema-de-charla-y-consulta-en-los-colegios\/#primaryimage","url":"https:\/\/diariotextual.com\/inicio\/wp-content\/uploads\/2023\/06\/polivalentecharlaalumnos45.jpg","contentUrl":"https:\/\/diariotextual.com\/inicio\/wp-content\/uploads\/2023\/06\/polivalentecharlaalumnos45.jpg","width":899,"height":576},{"@type":"BreadcrumbList","@id":"https:\/\/diariotextual.com\/inicio\/index.php\/2023\/06\/23\/ciberdelitos-una-tema-de-charla-y-consulta-en-los-colegios\/#breadcrumb","itemListElement":[{"@type":"ListItem","position":1,"name":"Portada","item":"https:\/\/diariotextual.com\/inicio\/"},{"@type":"ListItem","position":2,"name":"Ciberdelitos, una tema de charla y consulta en los colegios"}]},{"@type":"WebSite","@id":"https:\/\/diariotextual.com\/inicio\/#website","url":"https:\/\/diariotextual.com\/inicio\/","name":"Diario Textual","description":"","publisher":{"@id":"https:\/\/diariotextual.com\/inicio\/#organization"},"potentialAction":[{"@type":"SearchAction","target":{"@type":"EntryPoint","urlTemplate":"https:\/\/diariotextual.com\/inicio\/?s={search_term_string}"},"query-input":{"@type":"PropertyValueSpecification","valueRequired":true,"valueName":"search_term_string"}}],"inLanguage":"es"},{"@type":"Organization","@id":"https:\/\/diariotextual.com\/inicio\/#organization","name":"Diario Textual","url":"https:\/\/diariotextual.com\/inicio\/","logo":{"@type":"ImageObject","inLanguage":"es","@id":"https:\/\/diariotextual.com\/inicio\/#\/schema\/logo\/image\/","url":"https:\/\/diariotextual.com\/inicio\/wp-content\/uploads\/2023\/05\/logotextual1.jpg","contentUrl":"https:\/\/diariotextual.com\/inicio\/wp-content\/uploads\/2023\/05\/logotextual1.jpg","width":516,"height":76,"caption":"Diario Textual"},"image":{"@id":"https:\/\/diariotextual.com\/inicio\/#\/schema\/logo\/image\/"},"sameAs":["https:\/\/www.facebook.com\/eltextual","https:\/\/x.com\/eltextual","http:\/\/www.instagram.com\/eltextual"]},{"@type":"Person","@id":"https:\/\/diariotextual.com\/inicio\/#\/schema\/person\/694f60677f23c4a530867a98f22b3768","name":"diario2","image":{"@type":"ImageObject","inLanguage":"es","@id":"https:\/\/secure.gravatar.com\/avatar\/5a2567495ba16b852fcd8f1ed006a2e24fcace936018ed8237e95f488ad6e0a7?s=96&d=mm&r=g","url":"https:\/\/secure.gravatar.com\/avatar\/5a2567495ba16b852fcd8f1ed006a2e24fcace936018ed8237e95f488ad6e0a7?s=96&d=mm&r=g","contentUrl":"https:\/\/secure.gravatar.com\/avatar\/5a2567495ba16b852fcd8f1ed006a2e24fcace936018ed8237e95f488ad6e0a7?s=96&d=mm&r=g","caption":"diario2"},"url":"https:\/\/diariotextual.com\/inicio\/index.php\/author\/diario2\/"}]}},"_links":{"self":[{"href":"https:\/\/diariotextual.com\/inicio\/index.php\/wp-json\/wp\/v2\/posts\/229173","targetHints":{"allow":["GET"]}}],"collection":[{"href":"https:\/\/diariotextual.com\/inicio\/index.php\/wp-json\/wp\/v2\/posts"}],"about":[{"href":"https:\/\/diariotextual.com\/inicio\/index.php\/wp-json\/wp\/v2\/types\/post"}],"author":[{"embeddable":true,"href":"https:\/\/diariotextual.com\/inicio\/index.php\/wp-json\/wp\/v2\/users\/4"}],"replies":[{"embeddable":true,"href":"https:\/\/diariotextual.com\/inicio\/index.php\/wp-json\/wp\/v2\/comments?post=229173"}],"version-history":[{"count":1,"href":"https:\/\/diariotextual.com\/inicio\/index.php\/wp-json\/wp\/v2\/posts\/229173\/revisions"}],"predecessor-version":[{"id":229175,"href":"https:\/\/diariotextual.com\/inicio\/index.php\/wp-json\/wp\/v2\/posts\/229173\/revisions\/229175"}],"wp:featuredmedia":[{"embeddable":true,"href":"https:\/\/diariotextual.com\/inicio\/index.php\/wp-json\/wp\/v2\/media\/229174"}],"wp:attachment":[{"href":"https:\/\/diariotextual.com\/inicio\/index.php\/wp-json\/wp\/v2\/media?parent=229173"}],"wp:term":[{"taxonomy":"category","embeddable":true,"href":"https:\/\/diariotextual.com\/inicio\/index.php\/wp-json\/wp\/v2\/categories?post=229173"},{"taxonomy":"post_tag","embeddable":true,"href":"https:\/\/diariotextual.com\/inicio\/index.php\/wp-json\/wp\/v2\/tags?post=229173"}],"curies":[{"name":"wp","href":"https:\/\/api.w.org\/{rel}","templated":true}]}}