{"id":229199,"date":"2023-06-23T19:28:11","date_gmt":"2023-06-23T22:28:11","guid":{"rendered":"https:\/\/diariotextual.com\/inicio\/?p=229199"},"modified":"2023-06-23T19:28:13","modified_gmt":"2023-06-23T22:28:13","slug":"la-television-publica-transmitira-en-vivo-la-despedida-de-riquelme","status":"publish","type":"post","link":"https:\/\/diariotextual.com\/inicio\/index.php\/2023\/06\/23\/la-television-publica-transmitira-en-vivo-la-despedida-de-riquelme\/","title":{"rendered":"La Televisi\u00f3n P\u00fablica transmitir\u00e1 en vivo la despedida de Riquelme"},"content":{"rendered":"\n<p>La Televisi\u00f3n P\u00fablica transmitir\u00e1 en vivo la fiesta de despedida del f\u00fatbol de Juan Rom\u00e1n Riquelme, \u201cUn partido para toda la vida\u201d, que se desarrollar\u00e1 el pr\u00f3ximo domingo a las 18 en la Bombonera.<br><br>El canal transmitir\u00e1 en directo desde la Bombonera la fiesta que el \u00eddolo compartir\u00e1 con destacadas figuras del f\u00fatbol, entre ellas Lionel Messi, Leandro Paredes, Lionel Scaloni, Walter Samuel, Pablo Aimar, Roberto Ayala, \u00c1ngel Di Mar\u00eda, Ezequiel Lavezzi, Gabriel Heinze, Lucho Gonz\u00e1lez, Sergio Romero, Juan Pablo Sor\u00edn, Javier Mascherano, Javier Saviola, Guillermo Barros Schelotto, Hugo Ibarra, Sebasti\u00e1n Battaglia y Sergio \u201cManteca\u201d Mart\u00ednez, entre otros.<br><br>La transmisi\u00f3n, que arrancar\u00e1 a las 16, tendr\u00e1 a Gustavo Kuffner en relatos, comentarios de Miguel Osovi y a Miguel Tit\u00ed Fern\u00e1ndez y Sofi Mart\u00ednez informando desde el campo de juego. Adem\u00e1s, Germ\u00e1n Berghmans y Gabriela Previtera acompa\u00f1ar\u00e1n la llegada del p\u00fablico desde los alrededores del Estadio.<br><br>\u201cMe siento afortunado; esto es una pel\u00edcula para m\u00ed, y no quiero que termine nunca. Desde el d\u00eda que debut\u00e9 en 1996, ser\u00e1 la tarde m\u00e1s linda que puede so\u00f1ar un chico\u201d, sostuvo el \u00eddolo durante la presentaci\u00f3n de este partido, que ser\u00e1 una verdadera fiesta del f\u00fatbol.<\/p>\n","protected":false},"excerpt":{"rendered":"<p>La Televisi\u00f3n P\u00fablica transmitir\u00e1 en vivo la fiesta de despedida del f\u00fatbol de Juan Rom\u00e1n Riquelme, \u201cUn partido para toda la vida\u201d, que se desarrollar\u00e1 el pr\u00f3ximo domingo a las&hellip;<\/p>\n","protected":false},"author":4,"featured_media":229201,"comment_status":"closed","ping_status":"open","sticky":false,"template":"","format":"standard","meta":{"_acf_changed":false,"footnotes":""},"categories":[1,3],"tags":[977,7574],"class_list":["post-229199","post","type-post","status-publish","format-standard","has-post-thumbnail","hentry","category-es-noticia","category-deportes","tag-boca","tag-riquelme"],"acf":[],"yoast_head":"<!-- This site is optimized with the Yoast SEO plugin v27.5 - https:\/\/yoast.com\/product\/yoast-seo-wordpress\/ -->\n<title>La Televisi\u00f3n P\u00fablica transmitir\u00e1 en vivo la despedida de Riquelme - Diario Textual<\/title>\n<meta name=\"robots\" content=\"index, follow, max-snippet:-1, max-image-preview:large, max-video-preview:-1\" \/>\n<link rel=\"canonical\" href=\"https:\/\/diariotextual.com\/inicio\/index.php\/2023\/06\/23\/la-television-publica-transmitira-en-vivo-la-despedida-de-riquelme\/\" \/>\n<meta property=\"og:locale\" content=\"es_ES\" \/>\n<meta property=\"og:type\" content=\"article\" \/>\n<meta property=\"og:title\" content=\"La Televisi\u00f3n P\u00fablica transmitir\u00e1 en vivo la despedida de Riquelme - Diario Textual\" \/>\n<meta property=\"og:description\" content=\"La Televisi\u00f3n P\u00fablica transmitir\u00e1 en vivo la fiesta de despedida del f\u00fatbol de Juan Rom\u00e1n Riquelme, \u201cUn partido para toda la vida\u201d, que se desarrollar\u00e1 el pr\u00f3ximo domingo a las&hellip;\" \/>\n<meta property=\"og:url\" content=\"https:\/\/diariotextual.com\/inicio\/index.php\/2023\/06\/23\/la-television-publica-transmitira-en-vivo-la-despedida-de-riquelme\/\" \/>\n<meta property=\"og:site_name\" content=\"Diario Textual\" \/>\n<meta property=\"article:publisher\" content=\"https:\/\/www.facebook.com\/eltextual\" \/>\n<meta property=\"article:published_time\" content=\"2023-06-23T22:28:11+00:00\" \/>\n<meta property=\"article:modified_time\" content=\"2023-06-23T22:28:13+00:00\" \/>\n<meta property=\"og:image\" content=\"https:\/\/diariotextual.com\/inicio\/wp-content\/uploads\/2023\/06\/riquelmeboca5.jpg\" \/>\n\t<meta property=\"og:image:width\" content=\"960\" \/>\n\t<meta property=\"og:image:height\" content=\"640\" \/>\n\t<meta property=\"og:image:type\" content=\"image\/jpeg\" \/>\n<meta name=\"author\" content=\"diario2\" \/>\n<meta name=\"twitter:card\" content=\"summary_large_image\" \/>\n<meta name=\"twitter:creator\" content=\"@eltextual\" \/>\n<meta name=\"twitter:site\" content=\"@eltextual\" \/>\n<meta name=\"twitter:label1\" content=\"Escrito por\" \/>\n\t<meta name=\"twitter:data1\" content=\"diario2\" \/>\n\t<meta name=\"twitter:label2\" content=\"Tiempo de lectura\" \/>\n\t<meta name=\"twitter:data2\" content=\"1 minuto\" \/>\n<script type=\"application\/ld+json\" class=\"yoast-schema-graph\">{\"@context\":\"https:\\\/\\\/schema.org\",\"@graph\":[{\"@type\":\"Article\",\"@id\":\"https:\\\/\\\/diariotextual.com\\\/inicio\\\/index.php\\\/2023\\\/06\\\/23\\\/la-television-publica-transmitira-en-vivo-la-despedida-de-riquelme\\\/#article\",\"isPartOf\":{\"@id\":\"https:\\\/\\\/diariotextual.com\\\/inicio\\\/index.php\\\/2023\\\/06\\\/23\\\/la-television-publica-transmitira-en-vivo-la-despedida-de-riquelme\\\/\"},\"author\":{\"name\":\"diario2\",\"@id\":\"https:\\\/\\\/diariotextual.com\\\/inicio\\\/#\\\/schema\\\/person\\\/694f60677f23c4a530867a98f22b3768\"},\"headline\":\"La Televisi\u00f3n P\u00fablica transmitir\u00e1 en vivo la despedida de Riquelme\",\"datePublished\":\"2023-06-23T22:28:11+00:00\",\"dateModified\":\"2023-06-23T22:28:13+00:00\",\"mainEntityOfPage\":{\"@id\":\"https:\\\/\\\/diariotextual.com\\\/inicio\\\/index.php\\\/2023\\\/06\\\/23\\\/la-television-publica-transmitira-en-vivo-la-despedida-de-riquelme\\\/\"},\"wordCount\":227,\"publisher\":{\"@id\":\"https:\\\/\\\/diariotextual.com\\\/inicio\\\/#organization\"},\"image\":{\"@id\":\"https:\\\/\\\/diariotextual.com\\\/inicio\\\/index.php\\\/2023\\\/06\\\/23\\\/la-television-publica-transmitira-en-vivo-la-despedida-de-riquelme\\\/#primaryimage\"},\"thumbnailUrl\":\"https:\\\/\\\/diariotextual.com\\\/inicio\\\/wp-content\\\/uploads\\\/2023\\\/06\\\/riquelmeboca5.jpg\",\"keywords\":[\"boca\",\"riquelme\"],\"articleSection\":[\"A - ES NOTICIA (van abajo)\",\"DEPORTES\"],\"inLanguage\":\"es\"},{\"@type\":\"WebPage\",\"@id\":\"https:\\\/\\\/diariotextual.com\\\/inicio\\\/index.php\\\/2023\\\/06\\\/23\\\/la-television-publica-transmitira-en-vivo-la-despedida-de-riquelme\\\/\",\"url\":\"https:\\\/\\\/diariotextual.com\\\/inicio\\\/index.php\\\/2023\\\/06\\\/23\\\/la-television-publica-transmitira-en-vivo-la-despedida-de-riquelme\\\/\",\"name\":\"La Televisi\u00f3n P\u00fablica transmitir\u00e1 en vivo la despedida de Riquelme - Diario Textual\",\"isPartOf\":{\"@id\":\"https:\\\/\\\/diariotextual.com\\\/inicio\\\/#website\"},\"primaryImageOfPage\":{\"@id\":\"https:\\\/\\\/diariotextual.com\\\/inicio\\\/index.php\\\/2023\\\/06\\\/23\\\/la-television-publica-transmitira-en-vivo-la-despedida-de-riquelme\\\/#primaryimage\"},\"image\":{\"@id\":\"https:\\\/\\\/diariotextual.com\\\/inicio\\\/index.php\\\/2023\\\/06\\\/23\\\/la-television-publica-transmitira-en-vivo-la-despedida-de-riquelme\\\/#primaryimage\"},\"thumbnailUrl\":\"https:\\\/\\\/diariotextual.com\\\/inicio\\\/wp-content\\\/uploads\\\/2023\\\/06\\\/riquelmeboca5.jpg\",\"datePublished\":\"2023-06-23T22:28:11+00:00\",\"dateModified\":\"2023-06-23T22:28:13+00:00\",\"breadcrumb\":{\"@id\":\"https:\\\/\\\/diariotextual.com\\\/inicio\\\/index.php\\\/2023\\\/06\\\/23\\\/la-television-publica-transmitira-en-vivo-la-despedida-de-riquelme\\\/#breadcrumb\"},\"inLanguage\":\"es\",\"potentialAction\":[{\"@type\":\"ReadAction\",\"target\":[\"https:\\\/\\\/diariotextual.com\\\/inicio\\\/index.php\\\/2023\\\/06\\\/23\\\/la-television-publica-transmitira-en-vivo-la-despedida-de-riquelme\\\/\"]}]},{\"@type\":\"ImageObject\",\"inLanguage\":\"es\",\"@id\":\"https:\\\/\\\/diariotextual.com\\\/inicio\\\/index.php\\\/2023\\\/06\\\/23\\\/la-television-publica-transmitira-en-vivo-la-despedida-de-riquelme\\\/#primaryimage\",\"url\":\"https:\\\/\\\/diariotextual.com\\\/inicio\\\/wp-content\\\/uploads\\\/2023\\\/06\\\/riquelmeboca5.jpg\",\"contentUrl\":\"https:\\\/\\\/diariotextual.com\\\/inicio\\\/wp-content\\\/uploads\\\/2023\\\/06\\\/riquelmeboca5.jpg\",\"width\":960,\"height\":640},{\"@type\":\"BreadcrumbList\",\"@id\":\"https:\\\/\\\/diariotextual.com\\\/inicio\\\/index.php\\\/2023\\\/06\\\/23\\\/la-television-publica-transmitira-en-vivo-la-despedida-de-riquelme\\\/#breadcrumb\",\"itemListElement\":[{\"@type\":\"ListItem\",\"position\":1,\"name\":\"Portada\",\"item\":\"https:\\\/\\\/diariotextual.com\\\/inicio\\\/\"},{\"@type\":\"ListItem\",\"position\":2,\"name\":\"La Televisi\u00f3n P\u00fablica transmitir\u00e1 en vivo la despedida de Riquelme\"}]},{\"@type\":\"WebSite\",\"@id\":\"https:\\\/\\\/diariotextual.com\\\/inicio\\\/#website\",\"url\":\"https:\\\/\\\/diariotextual.com\\\/inicio\\\/\",\"name\":\"Diario Textual\",\"description\":\"\",\"publisher\":{\"@id\":\"https:\\\/\\\/diariotextual.com\\\/inicio\\\/#organization\"},\"potentialAction\":[{\"@type\":\"SearchAction\",\"target\":{\"@type\":\"EntryPoint\",\"urlTemplate\":\"https:\\\/\\\/diariotextual.com\\\/inicio\\\/?s={search_term_string}\"},\"query-input\":{\"@type\":\"PropertyValueSpecification\",\"valueRequired\":true,\"valueName\":\"search_term_string\"}}],\"inLanguage\":\"es\"},{\"@type\":\"Organization\",\"@id\":\"https:\\\/\\\/diariotextual.com\\\/inicio\\\/#organization\",\"name\":\"Diario Textual\",\"url\":\"https:\\\/\\\/diariotextual.com\\\/inicio\\\/\",\"logo\":{\"@type\":\"ImageObject\",\"inLanguage\":\"es\",\"@id\":\"https:\\\/\\\/diariotextual.com\\\/inicio\\\/#\\\/schema\\\/logo\\\/image\\\/\",\"url\":\"https:\\\/\\\/diariotextual.com\\\/inicio\\\/wp-content\\\/uploads\\\/2023\\\/05\\\/logotextual1.jpg\",\"contentUrl\":\"https:\\\/\\\/diariotextual.com\\\/inicio\\\/wp-content\\\/uploads\\\/2023\\\/05\\\/logotextual1.jpg\",\"width\":516,\"height\":76,\"caption\":\"Diario Textual\"},\"image\":{\"@id\":\"https:\\\/\\\/diariotextual.com\\\/inicio\\\/#\\\/schema\\\/logo\\\/image\\\/\"},\"sameAs\":[\"https:\\\/\\\/www.facebook.com\\\/eltextual\",\"https:\\\/\\\/x.com\\\/eltextual\",\"http:\\\/\\\/www.instagram.com\\\/eltextual\"]},{\"@type\":\"Person\",\"@id\":\"https:\\\/\\\/diariotextual.com\\\/inicio\\\/#\\\/schema\\\/person\\\/694f60677f23c4a530867a98f22b3768\",\"name\":\"diario2\",\"image\":{\"@type\":\"ImageObject\",\"inLanguage\":\"es\",\"@id\":\"https:\\\/\\\/secure.gravatar.com\\\/avatar\\\/5a2567495ba16b852fcd8f1ed006a2e24fcace936018ed8237e95f488ad6e0a7?s=96&d=mm&r=g\",\"url\":\"https:\\\/\\\/secure.gravatar.com\\\/avatar\\\/5a2567495ba16b852fcd8f1ed006a2e24fcace936018ed8237e95f488ad6e0a7?s=96&d=mm&r=g\",\"contentUrl\":\"https:\\\/\\\/secure.gravatar.com\\\/avatar\\\/5a2567495ba16b852fcd8f1ed006a2e24fcace936018ed8237e95f488ad6e0a7?s=96&d=mm&r=g\",\"caption\":\"diario2\"},\"url\":\"https:\\\/\\\/diariotextual.com\\\/inicio\\\/index.php\\\/author\\\/diario2\\\/\"}]}<\/script>\n<!-- \/ Yoast SEO plugin. -->","yoast_head_json":{"title":"La Televisi\u00f3n P\u00fablica transmitir\u00e1 en vivo la despedida de Riquelme - Diario Textual","robots":{"index":"index","follow":"follow","max-snippet":"max-snippet:-1","max-image-preview":"max-image-preview:large","max-video-preview":"max-video-preview:-1"},"canonical":"https:\/\/diariotextual.com\/inicio\/index.php\/2023\/06\/23\/la-television-publica-transmitira-en-vivo-la-despedida-de-riquelme\/","og_locale":"es_ES","og_type":"article","og_title":"La Televisi\u00f3n P\u00fablica transmitir\u00e1 en vivo la despedida de Riquelme - Diario Textual","og_description":"La Televisi\u00f3n P\u00fablica transmitir\u00e1 en vivo la fiesta de despedida del f\u00fatbol de Juan Rom\u00e1n Riquelme, \u201cUn partido para toda la vida\u201d, que se desarrollar\u00e1 el pr\u00f3ximo domingo a las&hellip;","og_url":"https:\/\/diariotextual.com\/inicio\/index.php\/2023\/06\/23\/la-television-publica-transmitira-en-vivo-la-despedida-de-riquelme\/","og_site_name":"Diario Textual","article_publisher":"https:\/\/www.facebook.com\/eltextual","article_published_time":"2023-06-23T22:28:11+00:00","article_modified_time":"2023-06-23T22:28:13+00:00","og_image":[{"width":960,"height":640,"url":"https:\/\/diariotextual.com\/inicio\/wp-content\/uploads\/2023\/06\/riquelmeboca5.jpg","type":"image\/jpeg"}],"author":"diario2","twitter_card":"summary_large_image","twitter_creator":"@eltextual","twitter_site":"@eltextual","twitter_misc":{"Escrito por":"diario2","Tiempo de lectura":"1 minuto"},"schema":{"@context":"https:\/\/schema.org","@graph":[{"@type":"Article","@id":"https:\/\/diariotextual.com\/inicio\/index.php\/2023\/06\/23\/la-television-publica-transmitira-en-vivo-la-despedida-de-riquelme\/#article","isPartOf":{"@id":"https:\/\/diariotextual.com\/inicio\/index.php\/2023\/06\/23\/la-television-publica-transmitira-en-vivo-la-despedida-de-riquelme\/"},"author":{"name":"diario2","@id":"https:\/\/diariotextual.com\/inicio\/#\/schema\/person\/694f60677f23c4a530867a98f22b3768"},"headline":"La Televisi\u00f3n P\u00fablica transmitir\u00e1 en vivo la despedida de Riquelme","datePublished":"2023-06-23T22:28:11+00:00","dateModified":"2023-06-23T22:28:13+00:00","mainEntityOfPage":{"@id":"https:\/\/diariotextual.com\/inicio\/index.php\/2023\/06\/23\/la-television-publica-transmitira-en-vivo-la-despedida-de-riquelme\/"},"wordCount":227,"publisher":{"@id":"https:\/\/diariotextual.com\/inicio\/#organization"},"image":{"@id":"https:\/\/diariotextual.com\/inicio\/index.php\/2023\/06\/23\/la-television-publica-transmitira-en-vivo-la-despedida-de-riquelme\/#primaryimage"},"thumbnailUrl":"https:\/\/diariotextual.com\/inicio\/wp-content\/uploads\/2023\/06\/riquelmeboca5.jpg","keywords":["boca","riquelme"],"articleSection":["A - ES NOTICIA (van abajo)","DEPORTES"],"inLanguage":"es"},{"@type":"WebPage","@id":"https:\/\/diariotextual.com\/inicio\/index.php\/2023\/06\/23\/la-television-publica-transmitira-en-vivo-la-despedida-de-riquelme\/","url":"https:\/\/diariotextual.com\/inicio\/index.php\/2023\/06\/23\/la-television-publica-transmitira-en-vivo-la-despedida-de-riquelme\/","name":"La Televisi\u00f3n P\u00fablica transmitir\u00e1 en vivo la despedida de Riquelme - Diario Textual","isPartOf":{"@id":"https:\/\/diariotextual.com\/inicio\/#website"},"primaryImageOfPage":{"@id":"https:\/\/diariotextual.com\/inicio\/index.php\/2023\/06\/23\/la-television-publica-transmitira-en-vivo-la-despedida-de-riquelme\/#primaryimage"},"image":{"@id":"https:\/\/diariotextual.com\/inicio\/index.php\/2023\/06\/23\/la-television-publica-transmitira-en-vivo-la-despedida-de-riquelme\/#primaryimage"},"thumbnailUrl":"https:\/\/diariotextual.com\/inicio\/wp-content\/uploads\/2023\/06\/riquelmeboca5.jpg","datePublished":"2023-06-23T22:28:11+00:00","dateModified":"2023-06-23T22:28:13+00:00","breadcrumb":{"@id":"https:\/\/diariotextual.com\/inicio\/index.php\/2023\/06\/23\/la-television-publica-transmitira-en-vivo-la-despedida-de-riquelme\/#breadcrumb"},"inLanguage":"es","potentialAction":[{"@type":"ReadAction","target":["https:\/\/diariotextual.com\/inicio\/index.php\/2023\/06\/23\/la-television-publica-transmitira-en-vivo-la-despedida-de-riquelme\/"]}]},{"@type":"ImageObject","inLanguage":"es","@id":"https:\/\/diariotextual.com\/inicio\/index.php\/2023\/06\/23\/la-television-publica-transmitira-en-vivo-la-despedida-de-riquelme\/#primaryimage","url":"https:\/\/diariotextual.com\/inicio\/wp-content\/uploads\/2023\/06\/riquelmeboca5.jpg","contentUrl":"https:\/\/diariotextual.com\/inicio\/wp-content\/uploads\/2023\/06\/riquelmeboca5.jpg","width":960,"height":640},{"@type":"BreadcrumbList","@id":"https:\/\/diariotextual.com\/inicio\/index.php\/2023\/06\/23\/la-television-publica-transmitira-en-vivo-la-despedida-de-riquelme\/#breadcrumb","itemListElement":[{"@type":"ListItem","position":1,"name":"Portada","item":"https:\/\/diariotextual.com\/inicio\/"},{"@type":"ListItem","position":2,"name":"La Televisi\u00f3n P\u00fablica transmitir\u00e1 en vivo la despedida de Riquelme"}]},{"@type":"WebSite","@id":"https:\/\/diariotextual.com\/inicio\/#website","url":"https:\/\/diariotextual.com\/inicio\/","name":"Diario Textual","description":"","publisher":{"@id":"https:\/\/diariotextual.com\/inicio\/#organization"},"potentialAction":[{"@type":"SearchAction","target":{"@type":"EntryPoint","urlTemplate":"https:\/\/diariotextual.com\/inicio\/?s={search_term_string}"},"query-input":{"@type":"PropertyValueSpecification","valueRequired":true,"valueName":"search_term_string"}}],"inLanguage":"es"},{"@type":"Organization","@id":"https:\/\/diariotextual.com\/inicio\/#organization","name":"Diario Textual","url":"https:\/\/diariotextual.com\/inicio\/","logo":{"@type":"ImageObject","inLanguage":"es","@id":"https:\/\/diariotextual.com\/inicio\/#\/schema\/logo\/image\/","url":"https:\/\/diariotextual.com\/inicio\/wp-content\/uploads\/2023\/05\/logotextual1.jpg","contentUrl":"https:\/\/diariotextual.com\/inicio\/wp-content\/uploads\/2023\/05\/logotextual1.jpg","width":516,"height":76,"caption":"Diario Textual"},"image":{"@id":"https:\/\/diariotextual.com\/inicio\/#\/schema\/logo\/image\/"},"sameAs":["https:\/\/www.facebook.com\/eltextual","https:\/\/x.com\/eltextual","http:\/\/www.instagram.com\/eltextual"]},{"@type":"Person","@id":"https:\/\/diariotextual.com\/inicio\/#\/schema\/person\/694f60677f23c4a530867a98f22b3768","name":"diario2","image":{"@type":"ImageObject","inLanguage":"es","@id":"https:\/\/secure.gravatar.com\/avatar\/5a2567495ba16b852fcd8f1ed006a2e24fcace936018ed8237e95f488ad6e0a7?s=96&d=mm&r=g","url":"https:\/\/secure.gravatar.com\/avatar\/5a2567495ba16b852fcd8f1ed006a2e24fcace936018ed8237e95f488ad6e0a7?s=96&d=mm&r=g","contentUrl":"https:\/\/secure.gravatar.com\/avatar\/5a2567495ba16b852fcd8f1ed006a2e24fcace936018ed8237e95f488ad6e0a7?s=96&d=mm&r=g","caption":"diario2"},"url":"https:\/\/diariotextual.com\/inicio\/index.php\/author\/diario2\/"}]}},"_links":{"self":[{"href":"https:\/\/diariotextual.com\/inicio\/index.php\/wp-json\/wp\/v2\/posts\/229199","targetHints":{"allow":["GET"]}}],"collection":[{"href":"https:\/\/diariotextual.com\/inicio\/index.php\/wp-json\/wp\/v2\/posts"}],"about":[{"href":"https:\/\/diariotextual.com\/inicio\/index.php\/wp-json\/wp\/v2\/types\/post"}],"author":[{"embeddable":true,"href":"https:\/\/diariotextual.com\/inicio\/index.php\/wp-json\/wp\/v2\/users\/4"}],"replies":[{"embeddable":true,"href":"https:\/\/diariotextual.com\/inicio\/index.php\/wp-json\/wp\/v2\/comments?post=229199"}],"version-history":[{"count":2,"href":"https:\/\/diariotextual.com\/inicio\/index.php\/wp-json\/wp\/v2\/posts\/229199\/revisions"}],"predecessor-version":[{"id":229202,"href":"https:\/\/diariotextual.com\/inicio\/index.php\/wp-json\/wp\/v2\/posts\/229199\/revisions\/229202"}],"wp:featuredmedia":[{"embeddable":true,"href":"https:\/\/diariotextual.com\/inicio\/index.php\/wp-json\/wp\/v2\/media\/229201"}],"wp:attachment":[{"href":"https:\/\/diariotextual.com\/inicio\/index.php\/wp-json\/wp\/v2\/media?parent=229199"}],"wp:term":[{"taxonomy":"category","embeddable":true,"href":"https:\/\/diariotextual.com\/inicio\/index.php\/wp-json\/wp\/v2\/categories?post=229199"},{"taxonomy":"post_tag","embeddable":true,"href":"https:\/\/diariotextual.com\/inicio\/index.php\/wp-json\/wp\/v2\/tags?post=229199"}],"curies":[{"name":"wp","href":"https:\/\/api.w.org\/{rel}","templated":true}]}}